{"id":523911,"date":"2017-11-16T14:57:02","date_gmt":"2017-11-16T14:57:02","guid":{"rendered":"http:\/\/www.sarlux.saras.it\/wp-sarlux\/?p=523911"},"modified":"2018-07-02T12:52:59","modified_gmt":"2018-07-02T12:52:59","slug":"the-2017-environmental-statement","status":"publish","type":"post","link":"https:\/\/www.sarlux.saras.it\/en\/the-2017-environmental-statement\/","title":{"rendered":"The 2017 Environmental Statement"},"content":{"rendered":"<p><img loading=\"lazy\" decoding=\"async\" class=\"aligncenter wp-image-523556 size-full\" src=\"http:\/\/www.sarlux.saras.it\/wp-content\/uploads\/2017\/10\/dichiarazione-ambientale-copertina-2017.jpg\" alt=\"\" width=\"990\" height=\"450\" \/><\/p>\n<p style=\"text-align: center;\">The Environmental Statement 2017 is available for <a href=\"http:\/\/www.sarlux.saras.it\/en\/emas-2\/\">online<\/a> consultation<br \/>\nand downloading from the Sarlux website.<\/p>\n<p style=\"text-align: center;\">It describes the activities performed, the environmental aspects and the objectives<br \/>\nthe Saras Group Company has set itself for continuous<br \/>\nimprovement of its sustainability record.<\/p>\n<p style=\"text-align: center;\">This is the ninth edition since 2008, when the Sarroch-based company decided to join<br \/>\nthe EMAS (Eco-Management and Audit Scheme), an initiative of the EU<br \/>\nto foster sustainable economic development,<br \/>\nputting at the forefront the role and responsibility of businesses.<\/p>\n<p style=\"text-align: center;\">This document was designed especially to share with the local community the data<br \/>\non plant efficiency and on the company\u2019s overall environmental performance,<br \/>\nboth geared for continuous improvement.<\/p>\n<p style=\"text-align: center;\">Thus, the publication each year of the Environmental Statement<br \/>\nis an important moment for Sarlux as a whole:<br \/>\nit is a tool for open and transparent dialogue with citizens, authorities and stakeholders,<br \/>\nproviding detailed information on the environmental performance<br \/>\nof the industrial site located at Sarroch, province of Cagliari.<\/p>\n<p style=\"text-align: center;\">The environmental performance data for 2016 bears proof to Sarlux\u2019s commitment<br \/>\nto constant improvement in a number of areas, including the environment,<br \/>\nhealth and workers\u2019 safety.<br \/>\nIt also confirms the attention paid to all stakeholders, with a focus on local stakeholders.<\/p>\n<p style=\"text-align: center;\">The strengthened focus on truly sustainable development is confirmed<br \/>\nboth by the major investment plan launched and by the constant striving for innovation.<\/p>\n<p style=\"text-align: center;\">\u00a0Certain pilot projects that the #digitalSaras team tested over the past few months<br \/>\nhave just entered the engineering phase.<br \/>\nThe projects were presented last week at the Industry 4.0 laboratory<br \/>\nof the industrial site in Sarroch.<br \/>\nThey will enable us to improve our processes at sustainable costs and maintain<br \/>\nour leading position in the refining industry.<\/p>\n","protected":false},"excerpt":{"rendered":"<p>The Environmental Statement 2017 is available for online consultation and downloading from the Sarlux website. It describes the activities performed, the environmental aspects and the objectives<span class=\"excerpt-hellip\"> [\u2026]<\/span><\/p>\n","protected":false},"author":8,"featured_media":526096,"comment_status":"open","ping_status":"open","sticky":false,"template":"","format":"standard","meta":{"_acf_changed":false,"inline_featured_image":false,"footnotes":""},"categories":[13],"tags":[],"class_list":["post-523911","post","type-post","status-publish","format-standard","has-post-thumbnail","hentry","category-news-press"],"acf":[],"yoast_head":"<!-- This site is optimized with the Yoast SEO plugin v27.3 - https:\/\/yoast.com\/product\/yoast-seo-wordpress\/ -->\n<title>Online la Dichiarazione ambientale Saras 2017<\/title>\n<meta name=\"description\" content=\"La Dichiarazione Ambientale 2017 illustra le attivit\u00e0 svolte, gli aspetti ambientali e gli obiettivi che la Saras si \u00e8 prefissata per una crescente sostenibilit\u00e0.\" \/>\n<meta name=\"robots\" content=\"index, follow, max-snippet:-1, max-image-preview:large, max-video-preview:-1\" \/>\n<link rel=\"canonical\" href=\"https:\/\/www.sarlux.saras.it\/en\/the-2017-environmental-statement\/\" \/>\n<meta property=\"og:locale\" content=\"en_US\" \/>\n<meta property=\"og:type\" content=\"article\" \/>\n<meta property=\"og:title\" content=\"Online la Dichiarazione ambientale Saras 2017\" \/>\n<meta property=\"og:description\" content=\"La Dichiarazione Ambientale 2017 illustra le attivit\u00e0 svolte, gli aspetti ambientali e gli obiettivi che la Saras si \u00e8 prefissata per una crescente sostenibilit\u00e0.\" \/>\n<meta property=\"og:url\" content=\"https:\/\/www.sarlux.saras.it\/en\/the-2017-environmental-statement\/\" \/>\n<meta property=\"og:site_name\" content=\"Sarlux Saras | Refining &amp; Power\" \/>\n<meta property=\"article:published_time\" content=\"2017-11-16T14:57:02+00:00\" \/>\n<meta property=\"article:modified_time\" content=\"2018-07-02T12:52:59+00:00\" \/>\n<meta property=\"og:image\" content=\"https:\/\/www.sarlux.saras.it\/wp-content\/uploads\/2018\/07\/dichiarazione-ambientale-copertina-2017.jpg\" \/>\n\t<meta property=\"og:image:width\" content=\"990\" \/>\n\t<meta property=\"og:image:height\" content=\"450\" \/>\n\t<meta property=\"og:image:type\" content=\"image\/jpeg\" \/>\n<meta name=\"author\" content=\"Elisabetta Marongiu\" \/>\n<meta name=\"twitter:card\" content=\"summary_large_image\" \/>\n<meta name=\"twitter:label1\" content=\"Written by\" \/>\n\t<meta name=\"twitter:data1\" content=\"Elisabetta Marongiu\" \/>\n\t<meta name=\"twitter:label2\" content=\"Est. reading time\" \/>\n\t<meta name=\"twitter:data2\" content=\"1 minute\" \/>\n<script type=\"application\/ld+json\" class=\"yoast-schema-graph\">{\"@context\":\"https:\\\/\\\/schema.org\",\"@graph\":[{\"@type\":\"Article\",\"@id\":\"https:\\\/\\\/www.sarlux.saras.it\\\/en\\\/the-2017-environmental-statement\\\/#article\",\"isPartOf\":{\"@id\":\"https:\\\/\\\/www.sarlux.saras.it\\\/en\\\/the-2017-environmental-statement\\\/\"},\"author\":{\"name\":\"Elisabetta Marongiu\",\"@id\":\"https:\\\/\\\/www.sarlux.saras.it\\\/en\\\/#\\\/schema\\\/person\\\/bdb99fa4d691cca9dcdf7a04bca185c8\"},\"headline\":\"The 2017 Environmental Statement\",\"datePublished\":\"2017-11-16T14:57:02+00:00\",\"dateModified\":\"2018-07-02T12:52:59+00:00\",\"mainEntityOfPage\":{\"@id\":\"https:\\\/\\\/www.sarlux.saras.it\\\/en\\\/the-2017-environmental-statement\\\/\"},\"wordCount\":278,\"commentCount\":0,\"publisher\":{\"@id\":\"https:\\\/\\\/www.sarlux.saras.it\\\/en\\\/#organization\"},\"image\":{\"@id\":\"https:\\\/\\\/www.sarlux.saras.it\\\/en\\\/the-2017-environmental-statement\\\/#primaryimage\"},\"thumbnailUrl\":\"https:\\\/\\\/www.sarlux.saras.it\\\/wp-content\\\/uploads\\\/2018\\\/07\\\/dichiarazione-ambientale-copertina-2017.jpg\",\"articleSection\":[\"News\"],\"inLanguage\":\"en-US\",\"potentialAction\":[{\"@type\":\"CommentAction\",\"name\":\"Comment\",\"target\":[\"https:\\\/\\\/www.sarlux.saras.it\\\/en\\\/the-2017-environmental-statement\\\/#respond\"]}]},{\"@type\":\"WebPage\",\"@id\":\"https:\\\/\\\/www.sarlux.saras.it\\\/en\\\/the-2017-environmental-statement\\\/\",\"url\":\"https:\\\/\\\/www.sarlux.saras.it\\\/en\\\/the-2017-environmental-statement\\\/\",\"name\":\"Online la Dichiarazione ambientale Saras 2017\",\"isPartOf\":{\"@id\":\"https:\\\/\\\/www.sarlux.saras.it\\\/en\\\/#website\"},\"primaryImageOfPage\":{\"@id\":\"https:\\\/\\\/www.sarlux.saras.it\\\/en\\\/the-2017-environmental-statement\\\/#primaryimage\"},\"image\":{\"@id\":\"https:\\\/\\\/www.sarlux.saras.it\\\/en\\\/the-2017-environmental-statement\\\/#primaryimage\"},\"thumbnailUrl\":\"https:\\\/\\\/www.sarlux.saras.it\\\/wp-content\\\/uploads\\\/2018\\\/07\\\/dichiarazione-ambientale-copertina-2017.jpg\",\"datePublished\":\"2017-11-16T14:57:02+00:00\",\"dateModified\":\"2018-07-02T12:52:59+00:00\",\"description\":\"La Dichiarazione Ambientale 2017 illustra le attivit\u00e0 svolte, gli aspetti ambientali e gli obiettivi che la Saras si \u00e8 prefissata per una crescente sostenibilit\u00e0.\",\"breadcrumb\":{\"@id\":\"https:\\\/\\\/www.sarlux.saras.it\\\/en\\\/the-2017-environmental-statement\\\/#breadcrumb\"},\"inLanguage\":\"en-US\",\"potentialAction\":[{\"@type\":\"ReadAction\",\"target\":[\"https:\\\/\\\/www.sarlux.saras.it\\\/en\\\/the-2017-environmental-statement\\\/\"]}]},{\"@type\":\"ImageObject\",\"inLanguage\":\"en-US\",\"@id\":\"https:\\\/\\\/www.sarlux.saras.it\\\/en\\\/the-2017-environmental-statement\\\/#primaryimage\",\"url\":\"https:\\\/\\\/www.sarlux.saras.it\\\/wp-content\\\/uploads\\\/2018\\\/07\\\/dichiarazione-ambientale-copertina-2017.jpg\",\"contentUrl\":\"https:\\\/\\\/www.sarlux.saras.it\\\/wp-content\\\/uploads\\\/2018\\\/07\\\/dichiarazione-ambientale-copertina-2017.jpg\",\"width\":990,\"height\":450},{\"@type\":\"BreadcrumbList\",\"@id\":\"https:\\\/\\\/www.sarlux.saras.it\\\/en\\\/the-2017-environmental-statement\\\/#breadcrumb\",\"itemListElement\":[{\"@type\":\"ListItem\",\"position\":1,\"name\":\"Home\",\"item\":\"https:\\\/\\\/www.sarlux.saras.it\\\/en\\\/\"},{\"@type\":\"ListItem\",\"position\":2,\"name\":\"The 2017 Environmental Statement\"}]},{\"@type\":\"WebSite\",\"@id\":\"https:\\\/\\\/www.sarlux.saras.it\\\/en\\\/#website\",\"url\":\"https:\\\/\\\/www.sarlux.saras.it\\\/en\\\/\",\"name\":\"Sarlux\",\"description\":\"\",\"publisher\":{\"@id\":\"https:\\\/\\\/www.sarlux.saras.it\\\/en\\\/#organization\"},\"potentialAction\":[{\"@type\":\"SearchAction\",\"target\":{\"@type\":\"EntryPoint\",\"urlTemplate\":\"https:\\\/\\\/www.sarlux.saras.it\\\/en\\\/?s={search_term_string}\"},\"query-input\":{\"@type\":\"PropertyValueSpecification\",\"valueRequired\":true,\"valueName\":\"search_term_string\"}}],\"inLanguage\":\"en-US\"},{\"@type\":\"Organization\",\"@id\":\"https:\\\/\\\/www.sarlux.saras.it\\\/en\\\/#organization\",\"name\":\"Sarlux\",\"url\":\"https:\\\/\\\/www.sarlux.saras.it\\\/en\\\/\",\"logo\":{\"@type\":\"ImageObject\",\"inLanguage\":\"en-US\",\"@id\":\"https:\\\/\\\/www.sarlux.saras.it\\\/en\\\/#\\\/schema\\\/logo\\\/image\\\/\",\"url\":\"https:\\\/\\\/www.sarlux.saras.it\\\/wp-content\\\/uploads\\\/2017\\\/12\\\/logo-pc-1.png\",\"contentUrl\":\"https:\\\/\\\/www.sarlux.saras.it\\\/wp-content\\\/uploads\\\/2017\\\/12\\\/logo-pc-1.png\",\"width\":184,\"height\":86,\"caption\":\"Sarlux\"},\"image\":{\"@id\":\"https:\\\/\\\/www.sarlux.saras.it\\\/en\\\/#\\\/schema\\\/logo\\\/image\\\/\"}},{\"@type\":\"Person\",\"@id\":\"https:\\\/\\\/www.sarlux.saras.it\\\/en\\\/#\\\/schema\\\/person\\\/bdb99fa4d691cca9dcdf7a04bca185c8\",\"name\":\"Elisabetta Marongiu\",\"image\":{\"@type\":\"ImageObject\",\"inLanguage\":\"en-US\",\"@id\":\"https:\\\/\\\/secure.gravatar.com\\\/avatar\\\/b5d482e3eebd21f54b31387ebce7645a93699b5da9e3c3a7c894c8f30cd3e350?s=96&d=mm&r=g\",\"url\":\"https:\\\/\\\/secure.gravatar.com\\\/avatar\\\/b5d482e3eebd21f54b31387ebce7645a93699b5da9e3c3a7c894c8f30cd3e350?s=96&d=mm&r=g\",\"contentUrl\":\"https:\\\/\\\/secure.gravatar.com\\\/avatar\\\/b5d482e3eebd21f54b31387ebce7645a93699b5da9e3c3a7c894c8f30cd3e350?s=96&d=mm&r=g\",\"caption\":\"Elisabetta Marongiu\"},\"url\":\"\"}]}<\/script>\n<!-- \/ Yoast SEO plugin. -->","yoast_head_json":{"title":"Online la Dichiarazione ambientale Saras 2017","description":"La Dichiarazione Ambientale 2017 illustra le attivit\u00e0 svolte, gli aspetti ambientali e gli obiettivi che la Saras si \u00e8 prefissata per una crescente sostenibilit\u00e0.","robots":{"index":"index","follow":"follow","max-snippet":"max-snippet:-1","max-image-preview":"max-image-preview:large","max-video-preview":"max-video-preview:-1"},"canonical":"https:\/\/www.sarlux.saras.it\/en\/the-2017-environmental-statement\/","og_locale":"en_US","og_type":"article","og_title":"Online la Dichiarazione ambientale Saras 2017","og_description":"La Dichiarazione Ambientale 2017 illustra le attivit\u00e0 svolte, gli aspetti ambientali e gli obiettivi che la Saras si \u00e8 prefissata per una crescente sostenibilit\u00e0.","og_url":"https:\/\/www.sarlux.saras.it\/en\/the-2017-environmental-statement\/","og_site_name":"Sarlux Saras | Refining & Power","article_published_time":"2017-11-16T14:57:02+00:00","article_modified_time":"2018-07-02T12:52:59+00:00","og_image":[{"width":990,"height":450,"url":"https:\/\/www.sarlux.saras.it\/wp-content\/uploads\/2018\/07\/dichiarazione-ambientale-copertina-2017.jpg","type":"image\/jpeg"}],"author":"Elisabetta Marongiu","twitter_card":"summary_large_image","twitter_misc":{"Written by":"Elisabetta Marongiu","Est. reading time":"1 minute"},"schema":{"@context":"https:\/\/schema.org","@graph":[{"@type":"Article","@id":"https:\/\/www.sarlux.saras.it\/en\/the-2017-environmental-statement\/#article","isPartOf":{"@id":"https:\/\/www.sarlux.saras.it\/en\/the-2017-environmental-statement\/"},"author":{"name":"Elisabetta Marongiu","@id":"https:\/\/www.sarlux.saras.it\/en\/#\/schema\/person\/bdb99fa4d691cca9dcdf7a04bca185c8"},"headline":"The 2017 Environmental Statement","datePublished":"2017-11-16T14:57:02+00:00","dateModified":"2018-07-02T12:52:59+00:00","mainEntityOfPage":{"@id":"https:\/\/www.sarlux.saras.it\/en\/the-2017-environmental-statement\/"},"wordCount":278,"commentCount":0,"publisher":{"@id":"https:\/\/www.sarlux.saras.it\/en\/#organization"},"image":{"@id":"https:\/\/www.sarlux.saras.it\/en\/the-2017-environmental-statement\/#primaryimage"},"thumbnailUrl":"https:\/\/www.sarlux.saras.it\/wp-content\/uploads\/2018\/07\/dichiarazione-ambientale-copertina-2017.jpg","articleSection":["News"],"inLanguage":"en-US","potentialAction":[{"@type":"CommentAction","name":"Comment","target":["https:\/\/www.sarlux.saras.it\/en\/the-2017-environmental-statement\/#respond"]}]},{"@type":"WebPage","@id":"https:\/\/www.sarlux.saras.it\/en\/the-2017-environmental-statement\/","url":"https:\/\/www.sarlux.saras.it\/en\/the-2017-environmental-statement\/","name":"Online la Dichiarazione ambientale Saras 2017","isPartOf":{"@id":"https:\/\/www.sarlux.saras.it\/en\/#website"},"primaryImageOfPage":{"@id":"https:\/\/www.sarlux.saras.it\/en\/the-2017-environmental-statement\/#primaryimage"},"image":{"@id":"https:\/\/www.sarlux.saras.it\/en\/the-2017-environmental-statement\/#primaryimage"},"thumbnailUrl":"https:\/\/www.sarlux.saras.it\/wp-content\/uploads\/2018\/07\/dichiarazione-ambientale-copertina-2017.jpg","datePublished":"2017-11-16T14:57:02+00:00","dateModified":"2018-07-02T12:52:59+00:00","description":"La Dichiarazione Ambientale 2017 illustra le attivit\u00e0 svolte, gli aspetti ambientali e gli obiettivi che la Saras si \u00e8 prefissata per una crescente sostenibilit\u00e0.","breadcrumb":{"@id":"https:\/\/www.sarlux.saras.it\/en\/the-2017-environmental-statement\/#breadcrumb"},"inLanguage":"en-US","potentialAction":[{"@type":"ReadAction","target":["https:\/\/www.sarlux.saras.it\/en\/the-2017-environmental-statement\/"]}]},{"@type":"ImageObject","inLanguage":"en-US","@id":"https:\/\/www.sarlux.saras.it\/en\/the-2017-environmental-statement\/#primaryimage","url":"https:\/\/www.sarlux.saras.it\/wp-content\/uploads\/2018\/07\/dichiarazione-ambientale-copertina-2017.jpg","contentUrl":"https:\/\/www.sarlux.saras.it\/wp-content\/uploads\/2018\/07\/dichiarazione-ambientale-copertina-2017.jpg","width":990,"height":450},{"@type":"BreadcrumbList","@id":"https:\/\/www.sarlux.saras.it\/en\/the-2017-environmental-statement\/#breadcrumb","itemListElement":[{"@type":"ListItem","position":1,"name":"Home","item":"https:\/\/www.sarlux.saras.it\/en\/"},{"@type":"ListItem","position":2,"name":"The 2017 Environmental Statement"}]},{"@type":"WebSite","@id":"https:\/\/www.sarlux.saras.it\/en\/#website","url":"https:\/\/www.sarlux.saras.it\/en\/","name":"Sarlux","description":"","publisher":{"@id":"https:\/\/www.sarlux.saras.it\/en\/#organization"},"potentialAction":[{"@type":"SearchAction","target":{"@type":"EntryPoint","urlTemplate":"https:\/\/www.sarlux.saras.it\/en\/?s={search_term_string}"},"query-input":{"@type":"PropertyValueSpecification","valueRequired":true,"valueName":"search_term_string"}}],"inLanguage":"en-US"},{"@type":"Organization","@id":"https:\/\/www.sarlux.saras.it\/en\/#organization","name":"Sarlux","url":"https:\/\/www.sarlux.saras.it\/en\/","logo":{"@type":"ImageObject","inLanguage":"en-US","@id":"https:\/\/www.sarlux.saras.it\/en\/#\/schema\/logo\/image\/","url":"https:\/\/www.sarlux.saras.it\/wp-content\/uploads\/2017\/12\/logo-pc-1.png","contentUrl":"https:\/\/www.sarlux.saras.it\/wp-content\/uploads\/2017\/12\/logo-pc-1.png","width":184,"height":86,"caption":"Sarlux"},"image":{"@id":"https:\/\/www.sarlux.saras.it\/en\/#\/schema\/logo\/image\/"}},{"@type":"Person","@id":"https:\/\/www.sarlux.saras.it\/en\/#\/schema\/person\/bdb99fa4d691cca9dcdf7a04bca185c8","name":"Elisabetta Marongiu","image":{"@type":"ImageObject","inLanguage":"en-US","@id":"https:\/\/secure.gravatar.com\/avatar\/b5d482e3eebd21f54b31387ebce7645a93699b5da9e3c3a7c894c8f30cd3e350?s=96&d=mm&r=g","url":"https:\/\/secure.gravatar.com\/avatar\/b5d482e3eebd21f54b31387ebce7645a93699b5da9e3c3a7c894c8f30cd3e350?s=96&d=mm&r=g","contentUrl":"https:\/\/secure.gravatar.com\/avatar\/b5d482e3eebd21f54b31387ebce7645a93699b5da9e3c3a7c894c8f30cd3e350?s=96&d=mm&r=g","caption":"Elisabetta Marongiu"},"url":""}]}},"_links":{"self":[{"href":"https:\/\/www.sarlux.saras.it\/en\/wp-json\/wp\/v2\/posts\/523911","targetHints":{"allow":["GET"]}}],"collection":[{"href":"https:\/\/www.sarlux.saras.it\/en\/wp-json\/wp\/v2\/posts"}],"about":[{"href":"https:\/\/www.sarlux.saras.it\/en\/wp-json\/wp\/v2\/types\/post"}],"author":[{"embeddable":true,"href":"https:\/\/www.sarlux.saras.it\/en\/wp-json\/wp\/v2\/users\/8"}],"replies":[{"embeddable":true,"href":"https:\/\/www.sarlux.saras.it\/en\/wp-json\/wp\/v2\/comments?post=523911"}],"version-history":[{"count":1,"href":"https:\/\/www.sarlux.saras.it\/en\/wp-json\/wp\/v2\/posts\/523911\/revisions"}],"predecessor-version":[{"id":526134,"href":"https:\/\/www.sarlux.saras.it\/en\/wp-json\/wp\/v2\/posts\/523911\/revisions\/526134"}],"wp:featuredmedia":[{"embeddable":true,"href":"https:\/\/www.sarlux.saras.it\/en\/wp-json\/wp\/v2\/media\/526096"}],"wp:attachment":[{"href":"https:\/\/www.sarlux.saras.it\/en\/wp-json\/wp\/v2\/media?parent=523911"}],"wp:term":[{"taxonomy":"category","embeddable":true,"href":"https:\/\/www.sarlux.saras.it\/en\/wp-json\/wp\/v2\/categories?post=523911"},{"taxonomy":"post_tag","embeddable":true,"href":"https:\/\/www.sarlux.saras.it\/en\/wp-json\/wp\/v2\/tags?post=523911"}],"curies":[{"name":"wp","href":"https:\/\/api.w.org\/{rel}","templated":true}]}}