{"id":2161,"date":"2013-07-13T16:35:44","date_gmt":"2013-07-13T16:35:44","guid":{"rendered":"http:\/\/www.sarlux.saras.it\/public\/saras\/?p=2161"},"modified":"2021-06-15T16:59:02","modified_gmt":"2021-06-15T16:59:02","slug":"2161","status":"publish","type":"post","link":"https:\/\/www.sarlux.saras.it\/it\/2161\/","title":{"rendered":"Saras sposa il progetto Dinamo"},"content":{"rendered":"<p class=\"p2\">La storica societ\u00e0 operante nel settore energetico sar\u00e0 Gold Sponsor biancoblu e affiancher\u00e0 la Fondazione Dinamo nella promozione delle iniziative e attivit\u00e0 rivolte ai giovani con attenzione particolare al corretto e sostenibile consumo energetico.<\/p>\n<p class=\"p2\">La Dinamo Banco di Sardegna \u00e8 particolarmente lieta di comunicare di aver raggiunto un importante accordo di collaborazione con la Saras Raffinerie Sarde Spa, storica societ\u00e0 con sede in Sardegna, a Sarroch, fondata nel 1962 da Angelo Moratti e operante nel settore energetico.<\/p>\n<p class=\"p2\">La Saras, realt\u00e0 imprenditoriale di assoluto livello internazionale e nuovo Gold Sponsor biancoblu, affiancher\u00e0 la Dinamo del presidente Stefano Sardara e la Fondazione Dinamo del presidente Carlo Sardara nella promozione di progetti e attivit\u00e0 rivolte ai giovani, legate ad aspetti riguardanti l&#8217;educazione alimentare e il necessario svolgere attivit\u00e0 fisica come quelle gi\u00e0 messe in campo e, nel caso specifico, riguardanti l&#8217;educazione civica ed un corretto e sostenibile utilizzo delle fonti di energia mirato al risparmio energetico.<\/p>\n<p class=\"p2\">Una sinergia che ha obiettivi ben chiari, costruita all&#8217;ombra della Sardegna fra due eccellenze isolane come la Saras e la Dinamo Banco di Sardegna. Sinergia che si svilupper\u00e0 attraverso incontri organizzati ad hoc e visite della squadra agli impianti di Sarroch, con le scuole del centro sud isolano inserite nel \u201cProgetto Scuole\u201d della societ\u00e0 biancoblu e la forte volont\u00e0 di lanciare un messaggio positivo soprattutto alle nuove generazioni.<\/p>\n<p class=\"p2\">La Fondazione Dinamo con il prezioso sostegno della Saras potr\u00e0 cos\u00ec ampliare i suoi orizzonti e rendere ancora pi\u00f9 efficace il suo operato, rivolgendosi ai ragazzi, al futuro della Sardegna, per sensibilizzarli ed educarli ad essere cittadini responsabili e consapevoli, educarli alla sostenibilit\u00e0, al riconoscere il valore dell&#8217;energia e del corretto consumo energetico, il tutto con la Dinamo Banco di Sardegna a fare da veicolo funzionale alla trasmissione del messaggio.<\/p>\n<p class=\"p2\">Ma non solo, perch\u00e9 Saras accompagner\u00e0 la Dinamo anche nella sua nuova e suggestiva avventura in Europa con un&#8217;apposita maglia riservata ai tifosi e celebrativa della seconda partecipazione all&#8217;Eurocup del team biancoblu. Un&#8217;iniziativa che guarda al biancoblu ma non solo, dato che un euro del ricavato dalla vendita di ogni singola maglietta sar\u00e0 destinato a finanziare le attivit\u00e0 e i progetti della Fondazione Dinamo.<\/p>\n<p class=\"p2\"><a href=\"\/wp-content\/uploads\/2015\/11\/2013-07-13-Sarlux-sposa-il-progetto-Dinamo.pdf\" target=\"_blank\" rel=\"noopener noreferrer\">Scarica il comunicato<\/a><\/p>\n<p class=\"p2\">\n","protected":false},"excerpt":{"rendered":"<p>La storica societ\u00e0 operante nel settore energetico sar\u00e0 Gold Sponsor biancoblu e affiancher\u00e0 la Fondazione Dinamo nella promozione delle iniziative e attivit\u00e0 rivolte ai giovani con<span class=\"excerpt-hellip\"> [\u2026]<\/span><\/p>\n","protected":false},"author":2,"featured_media":0,"comment_status":"closed","ping_status":"open","sticky":false,"template":"","format":"standard","meta":{"_acf_changed":false,"inline_featured_image":false,"footnotes":""},"categories":[81],"tags":[],"class_list":["post-2161","post","type-post","status-publish","format-standard","hentry","category-comunicati"],"acf":[],"yoast_head":"<!-- This site is optimized with the Yoast SEO plugin v27.3 - https:\/\/yoast.com\/product\/yoast-seo-wordpress\/ -->\n<title>Saras sposa il progetto Dinamo - Sarlux Saras | Refining &amp; Power<\/title>\n<meta name=\"robots\" content=\"index, follow, max-snippet:-1, max-image-preview:large, max-video-preview:-1\" \/>\n<link rel=\"canonical\" href=\"https:\/\/www.sarlux.saras.it\/it\/2161\/\" \/>\n<meta property=\"og:locale\" content=\"it_IT\" \/>\n<meta property=\"og:type\" content=\"article\" \/>\n<meta property=\"og:title\" content=\"Saras sposa il progetto Dinamo - Sarlux Saras | Refining &amp; Power\" \/>\n<meta property=\"og:description\" content=\"La storica societ\u00e0 operante nel settore energetico sar\u00e0 Gold Sponsor biancoblu e affiancher\u00e0 la Fondazione Dinamo nella promozione delle iniziative e attivit\u00e0 rivolte ai giovani con [\u2026]\" \/>\n<meta property=\"og:url\" content=\"https:\/\/www.sarlux.saras.it\/it\/2161\/\" \/>\n<meta property=\"og:site_name\" content=\"Sarlux Saras | Refining &amp; Power\" \/>\n<meta property=\"article:published_time\" content=\"2013-07-13T16:35:44+00:00\" \/>\n<meta property=\"article:modified_time\" content=\"2021-06-15T16:59:02+00:00\" \/>\n<meta name=\"author\" content=\"newsarlux\" \/>\n<meta name=\"twitter:card\" content=\"summary_large_image\" \/>\n<meta name=\"twitter:label1\" content=\"Scritto da\" \/>\n\t<meta name=\"twitter:data1\" content=\"newsarlux\" \/>\n\t<meta name=\"twitter:label2\" content=\"Tempo di lettura stimato\" \/>\n\t<meta name=\"twitter:data2\" content=\"2 minuti\" \/>\n<script type=\"application\/ld+json\" class=\"yoast-schema-graph\">{\"@context\":\"https:\\\/\\\/schema.org\",\"@graph\":[{\"@type\":\"Article\",\"@id\":\"https:\\\/\\\/www.sarlux.saras.it\\\/it\\\/2161\\\/#article\",\"isPartOf\":{\"@id\":\"https:\\\/\\\/www.sarlux.saras.it\\\/it\\\/2161\\\/\"},\"author\":{\"name\":\"newsarlux\",\"@id\":\"https:\\\/\\\/www.sarlux.saras.it\\\/it\\\/#\\\/schema\\\/person\\\/c7561934b223f17087f8e08f41b37b83\"},\"headline\":\"Saras sposa il progetto Dinamo\",\"datePublished\":\"2013-07-13T16:35:44+00:00\",\"dateModified\":\"2021-06-15T16:59:02+00:00\",\"mainEntityOfPage\":{\"@id\":\"https:\\\/\\\/www.sarlux.saras.it\\\/it\\\/2161\\\/\"},\"wordCount\":361,\"publisher\":{\"@id\":\"https:\\\/\\\/www.sarlux.saras.it\\\/it\\\/#organization\"},\"articleSection\":[\"Comunicati Stampa\"],\"inLanguage\":\"it-IT\"},{\"@type\":\"WebPage\",\"@id\":\"https:\\\/\\\/www.sarlux.saras.it\\\/it\\\/2161\\\/\",\"url\":\"https:\\\/\\\/www.sarlux.saras.it\\\/it\\\/2161\\\/\",\"name\":\"Saras sposa il progetto Dinamo - Sarlux Saras | Refining & Power\",\"isPartOf\":{\"@id\":\"https:\\\/\\\/www.sarlux.saras.it\\\/it\\\/#website\"},\"datePublished\":\"2013-07-13T16:35:44+00:00\",\"dateModified\":\"2021-06-15T16:59:02+00:00\",\"breadcrumb\":{\"@id\":\"https:\\\/\\\/www.sarlux.saras.it\\\/it\\\/2161\\\/#breadcrumb\"},\"inLanguage\":\"it-IT\",\"potentialAction\":[{\"@type\":\"ReadAction\",\"target\":[\"https:\\\/\\\/www.sarlux.saras.it\\\/it\\\/2161\\\/\"]}]},{\"@type\":\"BreadcrumbList\",\"@id\":\"https:\\\/\\\/www.sarlux.saras.it\\\/it\\\/2161\\\/#breadcrumb\",\"itemListElement\":[{\"@type\":\"ListItem\",\"position\":1,\"name\":\"Home\",\"item\":\"https:\\\/\\\/www.sarlux.saras.it\\\/it\\\/\"},{\"@type\":\"ListItem\",\"position\":2,\"name\":\"Saras sposa il progetto Dinamo\"}]},{\"@type\":\"WebSite\",\"@id\":\"https:\\\/\\\/www.sarlux.saras.it\\\/it\\\/#website\",\"url\":\"https:\\\/\\\/www.sarlux.saras.it\\\/it\\\/\",\"name\":\"Sarlux\",\"description\":\"\",\"publisher\":{\"@id\":\"https:\\\/\\\/www.sarlux.saras.it\\\/it\\\/#organization\"},\"potentialAction\":[{\"@type\":\"SearchAction\",\"target\":{\"@type\":\"EntryPoint\",\"urlTemplate\":\"https:\\\/\\\/www.sarlux.saras.it\\\/it\\\/?s={search_term_string}\"},\"query-input\":{\"@type\":\"PropertyValueSpecification\",\"valueRequired\":true,\"valueName\":\"search_term_string\"}}],\"inLanguage\":\"it-IT\"},{\"@type\":\"Organization\",\"@id\":\"https:\\\/\\\/www.sarlux.saras.it\\\/it\\\/#organization\",\"name\":\"Sarlux\",\"url\":\"https:\\\/\\\/www.sarlux.saras.it\\\/it\\\/\",\"logo\":{\"@type\":\"ImageObject\",\"inLanguage\":\"it-IT\",\"@id\":\"https:\\\/\\\/www.sarlux.saras.it\\\/it\\\/#\\\/schema\\\/logo\\\/image\\\/\",\"url\":\"https:\\\/\\\/www.sarlux.saras.it\\\/wp-content\\\/uploads\\\/2017\\\/12\\\/logo-pc-1.png\",\"contentUrl\":\"https:\\\/\\\/www.sarlux.saras.it\\\/wp-content\\\/uploads\\\/2017\\\/12\\\/logo-pc-1.png\",\"width\":184,\"height\":86,\"caption\":\"Sarlux\"},\"image\":{\"@id\":\"https:\\\/\\\/www.sarlux.saras.it\\\/it\\\/#\\\/schema\\\/logo\\\/image\\\/\"}},{\"@type\":\"Person\",\"@id\":\"https:\\\/\\\/www.sarlux.saras.it\\\/it\\\/#\\\/schema\\\/person\\\/c7561934b223f17087f8e08f41b37b83\",\"name\":\"newsarlux\",\"image\":{\"@type\":\"ImageObject\",\"inLanguage\":\"it-IT\",\"@id\":\"https:\\\/\\\/secure.gravatar.com\\\/avatar\\\/eb7f74d52340ebedd5480701fcdd6d2904abef8cdb3a51882f629f2dd32d610d?s=96&d=mm&r=g\",\"url\":\"https:\\\/\\\/secure.gravatar.com\\\/avatar\\\/eb7f74d52340ebedd5480701fcdd6d2904abef8cdb3a51882f629f2dd32d610d?s=96&d=mm&r=g\",\"contentUrl\":\"https:\\\/\\\/secure.gravatar.com\\\/avatar\\\/eb7f74d52340ebedd5480701fcdd6d2904abef8cdb3a51882f629f2dd32d610d?s=96&d=mm&r=g\",\"caption\":\"newsarlux\"},\"url\":\"\"}]}<\/script>\n<!-- \/ Yoast SEO plugin. -->","yoast_head_json":{"title":"Saras sposa il progetto Dinamo - Sarlux Saras | Refining & Power","robots":{"index":"index","follow":"follow","max-snippet":"max-snippet:-1","max-image-preview":"max-image-preview:large","max-video-preview":"max-video-preview:-1"},"canonical":"https:\/\/www.sarlux.saras.it\/it\/2161\/","og_locale":"it_IT","og_type":"article","og_title":"Saras sposa il progetto Dinamo - Sarlux Saras | Refining & Power","og_description":"La storica societ\u00e0 operante nel settore energetico sar\u00e0 Gold Sponsor biancoblu e affiancher\u00e0 la Fondazione Dinamo nella promozione delle iniziative e attivit\u00e0 rivolte ai giovani con [\u2026]","og_url":"https:\/\/www.sarlux.saras.it\/it\/2161\/","og_site_name":"Sarlux Saras | Refining & Power","article_published_time":"2013-07-13T16:35:44+00:00","article_modified_time":"2021-06-15T16:59:02+00:00","author":"newsarlux","twitter_card":"summary_large_image","twitter_misc":{"Scritto da":"newsarlux","Tempo di lettura stimato":"2 minuti"},"schema":{"@context":"https:\/\/schema.org","@graph":[{"@type":"Article","@id":"https:\/\/www.sarlux.saras.it\/it\/2161\/#article","isPartOf":{"@id":"https:\/\/www.sarlux.saras.it\/it\/2161\/"},"author":{"name":"newsarlux","@id":"https:\/\/www.sarlux.saras.it\/it\/#\/schema\/person\/c7561934b223f17087f8e08f41b37b83"},"headline":"Saras sposa il progetto Dinamo","datePublished":"2013-07-13T16:35:44+00:00","dateModified":"2021-06-15T16:59:02+00:00","mainEntityOfPage":{"@id":"https:\/\/www.sarlux.saras.it\/it\/2161\/"},"wordCount":361,"publisher":{"@id":"https:\/\/www.sarlux.saras.it\/it\/#organization"},"articleSection":["Comunicati Stampa"],"inLanguage":"it-IT"},{"@type":"WebPage","@id":"https:\/\/www.sarlux.saras.it\/it\/2161\/","url":"https:\/\/www.sarlux.saras.it\/it\/2161\/","name":"Saras sposa il progetto Dinamo - Sarlux Saras | Refining & Power","isPartOf":{"@id":"https:\/\/www.sarlux.saras.it\/it\/#website"},"datePublished":"2013-07-13T16:35:44+00:00","dateModified":"2021-06-15T16:59:02+00:00","breadcrumb":{"@id":"https:\/\/www.sarlux.saras.it\/it\/2161\/#breadcrumb"},"inLanguage":"it-IT","potentialAction":[{"@type":"ReadAction","target":["https:\/\/www.sarlux.saras.it\/it\/2161\/"]}]},{"@type":"BreadcrumbList","@id":"https:\/\/www.sarlux.saras.it\/it\/2161\/#breadcrumb","itemListElement":[{"@type":"ListItem","position":1,"name":"Home","item":"https:\/\/www.sarlux.saras.it\/it\/"},{"@type":"ListItem","position":2,"name":"Saras sposa il progetto Dinamo"}]},{"@type":"WebSite","@id":"https:\/\/www.sarlux.saras.it\/it\/#website","url":"https:\/\/www.sarlux.saras.it\/it\/","name":"Sarlux","description":"","publisher":{"@id":"https:\/\/www.sarlux.saras.it\/it\/#organization"},"potentialAction":[{"@type":"SearchAction","target":{"@type":"EntryPoint","urlTemplate":"https:\/\/www.sarlux.saras.it\/it\/?s={search_term_string}"},"query-input":{"@type":"PropertyValueSpecification","valueRequired":true,"valueName":"search_term_string"}}],"inLanguage":"it-IT"},{"@type":"Organization","@id":"https:\/\/www.sarlux.saras.it\/it\/#organization","name":"Sarlux","url":"https:\/\/www.sarlux.saras.it\/it\/","logo":{"@type":"ImageObject","inLanguage":"it-IT","@id":"https:\/\/www.sarlux.saras.it\/it\/#\/schema\/logo\/image\/","url":"https:\/\/www.sarlux.saras.it\/wp-content\/uploads\/2017\/12\/logo-pc-1.png","contentUrl":"https:\/\/www.sarlux.saras.it\/wp-content\/uploads\/2017\/12\/logo-pc-1.png","width":184,"height":86,"caption":"Sarlux"},"image":{"@id":"https:\/\/www.sarlux.saras.it\/it\/#\/schema\/logo\/image\/"}},{"@type":"Person","@id":"https:\/\/www.sarlux.saras.it\/it\/#\/schema\/person\/c7561934b223f17087f8e08f41b37b83","name":"newsarlux","image":{"@type":"ImageObject","inLanguage":"it-IT","@id":"https:\/\/secure.gravatar.com\/avatar\/eb7f74d52340ebedd5480701fcdd6d2904abef8cdb3a51882f629f2dd32d610d?s=96&d=mm&r=g","url":"https:\/\/secure.gravatar.com\/avatar\/eb7f74d52340ebedd5480701fcdd6d2904abef8cdb3a51882f629f2dd32d610d?s=96&d=mm&r=g","contentUrl":"https:\/\/secure.gravatar.com\/avatar\/eb7f74d52340ebedd5480701fcdd6d2904abef8cdb3a51882f629f2dd32d610d?s=96&d=mm&r=g","caption":"newsarlux"},"url":""}]}},"_links":{"self":[{"href":"https:\/\/www.sarlux.saras.it\/it\/wp-json\/wp\/v2\/posts\/2161","targetHints":{"allow":["GET"]}}],"collection":[{"href":"https:\/\/www.sarlux.saras.it\/it\/wp-json\/wp\/v2\/posts"}],"about":[{"href":"https:\/\/www.sarlux.saras.it\/it\/wp-json\/wp\/v2\/types\/post"}],"author":[{"embeddable":true,"href":"https:\/\/www.sarlux.saras.it\/it\/wp-json\/wp\/v2\/users\/2"}],"replies":[{"embeddable":true,"href":"https:\/\/www.sarlux.saras.it\/it\/wp-json\/wp\/v2\/comments?post=2161"}],"version-history":[{"count":4,"href":"https:\/\/www.sarlux.saras.it\/it\/wp-json\/wp\/v2\/posts\/2161\/revisions"}],"predecessor-version":[{"id":543413,"href":"https:\/\/www.sarlux.saras.it\/it\/wp-json\/wp\/v2\/posts\/2161\/revisions\/543413"}],"wp:attachment":[{"href":"https:\/\/www.sarlux.saras.it\/it\/wp-json\/wp\/v2\/media?parent=2161"}],"wp:term":[{"taxonomy":"category","embeddable":true,"href":"https:\/\/www.sarlux.saras.it\/it\/wp-json\/wp\/v2\/categories?post=2161"},{"taxonomy":"post_tag","embeddable":true,"href":"https:\/\/www.sarlux.saras.it\/it\/wp-json\/wp\/v2\/tags?post=2161"}],"curies":[{"name":"wp","href":"https:\/\/api.w.org\/{rel}","templated":true}]}}