{"id":2167,"date":"2013-10-29T16:41:55","date_gmt":"2013-10-29T16:41:55","guid":{"rendered":"http:\/\/www.sarlux.saras.it\/public\/saras\/?p=2167"},"modified":"2021-06-16T09:51:22","modified_gmt":"2021-06-16T09:51:22","slug":"procedura-via-per-sondaggio-sul-progetto-eleonora%e2%80%a8la-regione-accoglie-la-richiesta-di-proroga-della-saras","status":"publish","type":"post","link":"https:\/\/www.sarlux.saras.it\/it\/procedura-via-per-sondaggio-sul-progetto-eleonora%e2%80%a8la-regione-accoglie-la-richiesta-di-proroga-della-saras\/","title":{"rendered":"Procedura di VIA per sondaggio sul Progetto Eleonora"},"content":{"rendered":"<p class=\"p1\"><span class=\"s1\">A garanzia di una completa e chiara illustrazione delle nostre risposte alle osservazioni presentate da cittadini, associazioni, istituzioni nell\u2019ambito della procedura di VIA, Saras depositer\u00e0 l\u2019intero documento entro il 30 novembre.<\/span><\/p>\n<p class=\"p1\"><span class=\"s1\">La richiesta di proroga della iniziale scadenza del 31 ottobre \u00e8 stata inoltrata questa mattina al servizio Savi dell\u2019assessorato regionale all\u2019Ambiente. E sempre nella mattinata, l\u2019Ufficio l\u2019ha accolta.<\/span><\/p>\n<p class=\"p1\"><span class=\"s1\">Si tratta di una scelta adottata dalla societ\u00e0 per fugare tutti i dubbi e le perplessit\u00e0 di natura tecnica sorti durante il confronto con il territorio, la scorsa primavera. Questa proroga si \u00e8 resa necessaria proprio per rendere il documento fruibile anche dai non addetti ai lavori, nell\u2019ottica di una completa condivisione del risultato raggiunto.<\/span><\/p>\n<p class=\"p1\"><span class=\"s1\">Il documento sar\u00e0 poi pubblicato sul sito istituzionale della Regione Sardegna.<\/span><\/p>\n<p class=\"p1\"><a href=\"\/wp-content\/uploads\/2015\/11\/2013-10-29-Proroga-Savi-Eleonora.pdf\" target=\"_blank\" rel=\"noopener\">Scarica il comunicato<\/a><\/p>\n<p class=\"p3\">\n","protected":false},"excerpt":{"rendered":"<p>A garanzia di una completa e chiara illustrazione delle nostre risposte alle osservazioni presentate da cittadini, associazioni, istituzioni nell\u2019ambito della procedura di VIA, Saras depositer\u00e0 l\u2019intero<span class=\"excerpt-hellip\"> [\u2026]<\/span><\/p>\n","protected":false},"author":2,"featured_media":0,"comment_status":"closed","ping_status":"open","sticky":false,"template":"","format":"standard","meta":{"_acf_changed":false,"inline_featured_image":false,"footnotes":""},"categories":[81],"tags":[],"class_list":["post-2167","post","type-post","status-publish","format-standard","hentry","category-comunicati"],"acf":[],"yoast_head":"<!-- This site is optimized with the Yoast SEO plugin v27.3 - https:\/\/yoast.com\/product\/yoast-seo-wordpress\/ -->\n<title>Procedura di VIA per sondaggio sul Progetto Eleonora - Sarlux Saras | Refining &amp; Power<\/title>\n<meta name=\"robots\" content=\"index, follow, max-snippet:-1, max-image-preview:large, max-video-preview:-1\" \/>\n<link rel=\"canonical\" href=\"https:\/\/www.sarlux.saras.it\/it\/procedura-via-per-sondaggio-sul-progetto-eleonora%e2%80%a8la-regione-accoglie-la-richiesta-di-proroga-della-saras\/\" \/>\n<meta property=\"og:locale\" content=\"it_IT\" \/>\n<meta property=\"og:type\" content=\"article\" \/>\n<meta property=\"og:title\" content=\"Procedura di VIA per sondaggio sul Progetto Eleonora - Sarlux Saras | Refining &amp; Power\" \/>\n<meta property=\"og:description\" content=\"A garanzia di una completa e chiara illustrazione delle nostre risposte alle osservazioni presentate da cittadini, associazioni, istituzioni nell\u2019ambito della procedura di VIA, Saras depositer\u00e0 l\u2019intero [\u2026]\" \/>\n<meta property=\"og:url\" content=\"https:\/\/www.sarlux.saras.it\/it\/procedura-via-per-sondaggio-sul-progetto-eleonora%e2%80%a8la-regione-accoglie-la-richiesta-di-proroga-della-saras\/\" \/>\n<meta property=\"og:site_name\" content=\"Sarlux Saras | Refining &amp; Power\" \/>\n<meta property=\"article:published_time\" content=\"2013-10-29T16:41:55+00:00\" \/>\n<meta property=\"article:modified_time\" content=\"2021-06-16T09:51:22+00:00\" \/>\n<meta name=\"author\" content=\"newsarlux\" \/>\n<meta name=\"twitter:card\" content=\"summary_large_image\" \/>\n<meta name=\"twitter:label1\" content=\"Scritto da\" \/>\n\t<meta name=\"twitter:data1\" content=\"newsarlux\" \/>\n\t<meta name=\"twitter:label2\" content=\"Tempo di lettura stimato\" \/>\n\t<meta name=\"twitter:data2\" content=\"1 minuto\" \/>\n<script type=\"application\/ld+json\" class=\"yoast-schema-graph\">{\"@context\":\"https:\\\/\\\/schema.org\",\"@graph\":[{\"@type\":\"Article\",\"@id\":\"https:\\\/\\\/www.sarlux.saras.it\\\/it\\\/procedura-via-per-sondaggio-sul-progetto-eleonora%e2%80%a8la-regione-accoglie-la-richiesta-di-proroga-della-saras\\\/#article\",\"isPartOf\":{\"@id\":\"https:\\\/\\\/www.sarlux.saras.it\\\/it\\\/procedura-via-per-sondaggio-sul-progetto-eleonora%e2%80%a8la-regione-accoglie-la-richiesta-di-proroga-della-saras\\\/\"},\"author\":{\"name\":\"newsarlux\",\"@id\":\"https:\\\/\\\/www.sarlux.saras.it\\\/it\\\/#\\\/schema\\\/person\\\/c7561934b223f17087f8e08f41b37b83\"},\"headline\":\"Procedura di VIA per sondaggio sul Progetto Eleonora\",\"datePublished\":\"2013-10-29T16:41:55+00:00\",\"dateModified\":\"2021-06-16T09:51:22+00:00\",\"mainEntityOfPage\":{\"@id\":\"https:\\\/\\\/www.sarlux.saras.it\\\/it\\\/procedura-via-per-sondaggio-sul-progetto-eleonora%e2%80%a8la-regione-accoglie-la-richiesta-di-proroga-della-saras\\\/\"},\"wordCount\":139,\"publisher\":{\"@id\":\"https:\\\/\\\/www.sarlux.saras.it\\\/it\\\/#organization\"},\"articleSection\":[\"Comunicati Stampa\"],\"inLanguage\":\"it-IT\"},{\"@type\":\"WebPage\",\"@id\":\"https:\\\/\\\/www.sarlux.saras.it\\\/it\\\/procedura-via-per-sondaggio-sul-progetto-eleonora%e2%80%a8la-regione-accoglie-la-richiesta-di-proroga-della-saras\\\/\",\"url\":\"https:\\\/\\\/www.sarlux.saras.it\\\/it\\\/procedura-via-per-sondaggio-sul-progetto-eleonora%e2%80%a8la-regione-accoglie-la-richiesta-di-proroga-della-saras\\\/\",\"name\":\"Procedura di VIA per sondaggio sul Progetto Eleonora - Sarlux Saras | Refining & Power\",\"isPartOf\":{\"@id\":\"https:\\\/\\\/www.sarlux.saras.it\\\/it\\\/#website\"},\"datePublished\":\"2013-10-29T16:41:55+00:00\",\"dateModified\":\"2021-06-16T09:51:22+00:00\",\"breadcrumb\":{\"@id\":\"https:\\\/\\\/www.sarlux.saras.it\\\/it\\\/procedura-via-per-sondaggio-sul-progetto-eleonora%e2%80%a8la-regione-accoglie-la-richiesta-di-proroga-della-saras\\\/#breadcrumb\"},\"inLanguage\":\"it-IT\",\"potentialAction\":[{\"@type\":\"ReadAction\",\"target\":[\"https:\\\/\\\/www.sarlux.saras.it\\\/it\\\/procedura-via-per-sondaggio-sul-progetto-eleonora%e2%80%a8la-regione-accoglie-la-richiesta-di-proroga-della-saras\\\/\"]}]},{\"@type\":\"BreadcrumbList\",\"@id\":\"https:\\\/\\\/www.sarlux.saras.it\\\/it\\\/procedura-via-per-sondaggio-sul-progetto-eleonora%e2%80%a8la-regione-accoglie-la-richiesta-di-proroga-della-saras\\\/#breadcrumb\",\"itemListElement\":[{\"@type\":\"ListItem\",\"position\":1,\"name\":\"Home\",\"item\":\"https:\\\/\\\/www.sarlux.saras.it\\\/it\\\/\"},{\"@type\":\"ListItem\",\"position\":2,\"name\":\"Procedura di VIA per sondaggio sul Progetto Eleonora\"}]},{\"@type\":\"WebSite\",\"@id\":\"https:\\\/\\\/www.sarlux.saras.it\\\/it\\\/#website\",\"url\":\"https:\\\/\\\/www.sarlux.saras.it\\\/it\\\/\",\"name\":\"Sarlux\",\"description\":\"\",\"publisher\":{\"@id\":\"https:\\\/\\\/www.sarlux.saras.it\\\/it\\\/#organization\"},\"potentialAction\":[{\"@type\":\"SearchAction\",\"target\":{\"@type\":\"EntryPoint\",\"urlTemplate\":\"https:\\\/\\\/www.sarlux.saras.it\\\/it\\\/?s={search_term_string}\"},\"query-input\":{\"@type\":\"PropertyValueSpecification\",\"valueRequired\":true,\"valueName\":\"search_term_string\"}}],\"inLanguage\":\"it-IT\"},{\"@type\":\"Organization\",\"@id\":\"https:\\\/\\\/www.sarlux.saras.it\\\/it\\\/#organization\",\"name\":\"Sarlux\",\"url\":\"https:\\\/\\\/www.sarlux.saras.it\\\/it\\\/\",\"logo\":{\"@type\":\"ImageObject\",\"inLanguage\":\"it-IT\",\"@id\":\"https:\\\/\\\/www.sarlux.saras.it\\\/it\\\/#\\\/schema\\\/logo\\\/image\\\/\",\"url\":\"https:\\\/\\\/www.sarlux.saras.it\\\/wp-content\\\/uploads\\\/2017\\\/12\\\/logo-pc-1.png\",\"contentUrl\":\"https:\\\/\\\/www.sarlux.saras.it\\\/wp-content\\\/uploads\\\/2017\\\/12\\\/logo-pc-1.png\",\"width\":184,\"height\":86,\"caption\":\"Sarlux\"},\"image\":{\"@id\":\"https:\\\/\\\/www.sarlux.saras.it\\\/it\\\/#\\\/schema\\\/logo\\\/image\\\/\"}},{\"@type\":\"Person\",\"@id\":\"https:\\\/\\\/www.sarlux.saras.it\\\/it\\\/#\\\/schema\\\/person\\\/c7561934b223f17087f8e08f41b37b83\",\"name\":\"newsarlux\",\"image\":{\"@type\":\"ImageObject\",\"inLanguage\":\"it-IT\",\"@id\":\"https:\\\/\\\/secure.gravatar.com\\\/avatar\\\/eb7f74d52340ebedd5480701fcdd6d2904abef8cdb3a51882f629f2dd32d610d?s=96&d=mm&r=g\",\"url\":\"https:\\\/\\\/secure.gravatar.com\\\/avatar\\\/eb7f74d52340ebedd5480701fcdd6d2904abef8cdb3a51882f629f2dd32d610d?s=96&d=mm&r=g\",\"contentUrl\":\"https:\\\/\\\/secure.gravatar.com\\\/avatar\\\/eb7f74d52340ebedd5480701fcdd6d2904abef8cdb3a51882f629f2dd32d610d?s=96&d=mm&r=g\",\"caption\":\"newsarlux\"},\"url\":\"\"}]}<\/script>\n<!-- \/ Yoast SEO plugin. -->","yoast_head_json":{"title":"Procedura di VIA per sondaggio sul Progetto Eleonora - Sarlux Saras | Refining & Power","robots":{"index":"index","follow":"follow","max-snippet":"max-snippet:-1","max-image-preview":"max-image-preview:large","max-video-preview":"max-video-preview:-1"},"canonical":"https:\/\/www.sarlux.saras.it\/it\/procedura-via-per-sondaggio-sul-progetto-eleonora%e2%80%a8la-regione-accoglie-la-richiesta-di-proroga-della-saras\/","og_locale":"it_IT","og_type":"article","og_title":"Procedura di VIA per sondaggio sul Progetto Eleonora - Sarlux Saras | Refining & Power","og_description":"A garanzia di una completa e chiara illustrazione delle nostre risposte alle osservazioni presentate da cittadini, associazioni, istituzioni nell\u2019ambito della procedura di VIA, Saras depositer\u00e0 l\u2019intero [\u2026]","og_url":"https:\/\/www.sarlux.saras.it\/it\/procedura-via-per-sondaggio-sul-progetto-eleonora%e2%80%a8la-regione-accoglie-la-richiesta-di-proroga-della-saras\/","og_site_name":"Sarlux Saras | Refining & Power","article_published_time":"2013-10-29T16:41:55+00:00","article_modified_time":"2021-06-16T09:51:22+00:00","author":"newsarlux","twitter_card":"summary_large_image","twitter_misc":{"Scritto da":"newsarlux","Tempo di lettura stimato":"1 minuto"},"schema":{"@context":"https:\/\/schema.org","@graph":[{"@type":"Article","@id":"https:\/\/www.sarlux.saras.it\/it\/procedura-via-per-sondaggio-sul-progetto-eleonora%e2%80%a8la-regione-accoglie-la-richiesta-di-proroga-della-saras\/#article","isPartOf":{"@id":"https:\/\/www.sarlux.saras.it\/it\/procedura-via-per-sondaggio-sul-progetto-eleonora%e2%80%a8la-regione-accoglie-la-richiesta-di-proroga-della-saras\/"},"author":{"name":"newsarlux","@id":"https:\/\/www.sarlux.saras.it\/it\/#\/schema\/person\/c7561934b223f17087f8e08f41b37b83"},"headline":"Procedura di VIA per sondaggio sul Progetto Eleonora","datePublished":"2013-10-29T16:41:55+00:00","dateModified":"2021-06-16T09:51:22+00:00","mainEntityOfPage":{"@id":"https:\/\/www.sarlux.saras.it\/it\/procedura-via-per-sondaggio-sul-progetto-eleonora%e2%80%a8la-regione-accoglie-la-richiesta-di-proroga-della-saras\/"},"wordCount":139,"publisher":{"@id":"https:\/\/www.sarlux.saras.it\/it\/#organization"},"articleSection":["Comunicati Stampa"],"inLanguage":"it-IT"},{"@type":"WebPage","@id":"https:\/\/www.sarlux.saras.it\/it\/procedura-via-per-sondaggio-sul-progetto-eleonora%e2%80%a8la-regione-accoglie-la-richiesta-di-proroga-della-saras\/","url":"https:\/\/www.sarlux.saras.it\/it\/procedura-via-per-sondaggio-sul-progetto-eleonora%e2%80%a8la-regione-accoglie-la-richiesta-di-proroga-della-saras\/","name":"Procedura di VIA per sondaggio sul Progetto Eleonora - Sarlux Saras | Refining & Power","isPartOf":{"@id":"https:\/\/www.sarlux.saras.it\/it\/#website"},"datePublished":"2013-10-29T16:41:55+00:00","dateModified":"2021-06-16T09:51:22+00:00","breadcrumb":{"@id":"https:\/\/www.sarlux.saras.it\/it\/procedura-via-per-sondaggio-sul-progetto-eleonora%e2%80%a8la-regione-accoglie-la-richiesta-di-proroga-della-saras\/#breadcrumb"},"inLanguage":"it-IT","potentialAction":[{"@type":"ReadAction","target":["https:\/\/www.sarlux.saras.it\/it\/procedura-via-per-sondaggio-sul-progetto-eleonora%e2%80%a8la-regione-accoglie-la-richiesta-di-proroga-della-saras\/"]}]},{"@type":"BreadcrumbList","@id":"https:\/\/www.sarlux.saras.it\/it\/procedura-via-per-sondaggio-sul-progetto-eleonora%e2%80%a8la-regione-accoglie-la-richiesta-di-proroga-della-saras\/#breadcrumb","itemListElement":[{"@type":"ListItem","position":1,"name":"Home","item":"https:\/\/www.sarlux.saras.it\/it\/"},{"@type":"ListItem","position":2,"name":"Procedura di VIA per sondaggio sul Progetto Eleonora"}]},{"@type":"WebSite","@id":"https:\/\/www.sarlux.saras.it\/it\/#website","url":"https:\/\/www.sarlux.saras.it\/it\/","name":"Sarlux","description":"","publisher":{"@id":"https:\/\/www.sarlux.saras.it\/it\/#organization"},"potentialAction":[{"@type":"SearchAction","target":{"@type":"EntryPoint","urlTemplate":"https:\/\/www.sarlux.saras.it\/it\/?s={search_term_string}"},"query-input":{"@type":"PropertyValueSpecification","valueRequired":true,"valueName":"search_term_string"}}],"inLanguage":"it-IT"},{"@type":"Organization","@id":"https:\/\/www.sarlux.saras.it\/it\/#organization","name":"Sarlux","url":"https:\/\/www.sarlux.saras.it\/it\/","logo":{"@type":"ImageObject","inLanguage":"it-IT","@id":"https:\/\/www.sarlux.saras.it\/it\/#\/schema\/logo\/image\/","url":"https:\/\/www.sarlux.saras.it\/wp-content\/uploads\/2017\/12\/logo-pc-1.png","contentUrl":"https:\/\/www.sarlux.saras.it\/wp-content\/uploads\/2017\/12\/logo-pc-1.png","width":184,"height":86,"caption":"Sarlux"},"image":{"@id":"https:\/\/www.sarlux.saras.it\/it\/#\/schema\/logo\/image\/"}},{"@type":"Person","@id":"https:\/\/www.sarlux.saras.it\/it\/#\/schema\/person\/c7561934b223f17087f8e08f41b37b83","name":"newsarlux","image":{"@type":"ImageObject","inLanguage":"it-IT","@id":"https:\/\/secure.gravatar.com\/avatar\/eb7f74d52340ebedd5480701fcdd6d2904abef8cdb3a51882f629f2dd32d610d?s=96&d=mm&r=g","url":"https:\/\/secure.gravatar.com\/avatar\/eb7f74d52340ebedd5480701fcdd6d2904abef8cdb3a51882f629f2dd32d610d?s=96&d=mm&r=g","contentUrl":"https:\/\/secure.gravatar.com\/avatar\/eb7f74d52340ebedd5480701fcdd6d2904abef8cdb3a51882f629f2dd32d610d?s=96&d=mm&r=g","caption":"newsarlux"},"url":""}]}},"_links":{"self":[{"href":"https:\/\/www.sarlux.saras.it\/it\/wp-json\/wp\/v2\/posts\/2167","targetHints":{"allow":["GET"]}}],"collection":[{"href":"https:\/\/www.sarlux.saras.it\/it\/wp-json\/wp\/v2\/posts"}],"about":[{"href":"https:\/\/www.sarlux.saras.it\/it\/wp-json\/wp\/v2\/types\/post"}],"author":[{"embeddable":true,"href":"https:\/\/www.sarlux.saras.it\/it\/wp-json\/wp\/v2\/users\/2"}],"replies":[{"embeddable":true,"href":"https:\/\/www.sarlux.saras.it\/it\/wp-json\/wp\/v2\/comments?post=2167"}],"version-history":[{"count":2,"href":"https:\/\/www.sarlux.saras.it\/it\/wp-json\/wp\/v2\/posts\/2167\/revisions"}],"predecessor-version":[{"id":543432,"href":"https:\/\/www.sarlux.saras.it\/it\/wp-json\/wp\/v2\/posts\/2167\/revisions\/543432"}],"wp:attachment":[{"href":"https:\/\/www.sarlux.saras.it\/it\/wp-json\/wp\/v2\/media?parent=2167"}],"wp:term":[{"taxonomy":"category","embeddable":true,"href":"https:\/\/www.sarlux.saras.it\/it\/wp-json\/wp\/v2\/categories?post=2167"},{"taxonomy":"post_tag","embeddable":true,"href":"https:\/\/www.sarlux.saras.it\/it\/wp-json\/wp\/v2\/tags?post=2167"}],"curies":[{"name":"wp","href":"https:\/\/api.w.org\/{rel}","templated":true}]}}