{"id":2448,"date":"2015-06-26T12:04:13","date_gmt":"2015-06-26T12:04:13","guid":{"rendered":"http:\/\/10.123.11.190\/?p=2448"},"modified":"2017-12-01T13:26:35","modified_gmt":"2017-12-01T13:26:35","slug":"26-luglio-dinamo-campione-ditalia","status":"publish","type":"post","link":"https:\/\/www.sarlux.saras.it\/it\/26-luglio-dinamo-campione-ditalia\/","title":{"rendered":"Dinamo campione d\u2019Italia"},"content":{"rendered":"<p class=\"p1\"><img loading=\"lazy\" decoding=\"async\" class=\"aligncenter wp-image-2074\" src=\"http:\/\/www.sarlux.it\/wp-content\/uploads\/2015\/06\/dinamo-sassari-cc-taglio-300x188.jpg\" alt=\"dinamo-sassari-cc taglio\" width=\"500\" height=\"313\" \/><\/p>\n<p class=\"p1\"><span class=\"s1\">A Reggio Emilia il Banco di Sardegna ha conquistato il primo scudetto: \u00e8 campione d\u2019Italia\u00a02014-2015. Sarlux ha creduto nel sogno di Stefano Sardara, di Meo Sacchetti e dei suoi ragazzi e condiviso questa splendida avventura, come sponsor, dal settembre 2013. Nella primavera 2014, i Giganti sono venuti in visita nel sito di Sarroch e hanno mangiato in mensa assieme ai dipendenti, grandi tifosi di basket.<\/span><\/p>\n<p class=\"p1\"><span class=\"s1\">Il\u00a0sogno \u00e8 diventato realt\u00e0 in gara 7, con Reggio Emilia che si \u00e8 arreso in casa 73-75. E per i campioni della Dinamo \u00e8 stato il triplete: dopo la Supercoppa e la\u00a0Coppa Italia, \u00e8 arrivato il trionfo tricolore, per\u00a0una stagione indimenticabile.<\/span><\/p>\n","protected":false},"excerpt":{"rendered":"<p>A Reggio Emilia il Banco di Sardegna ha conquistato il primo scudetto: \u00e8 campione d\u2019Italia\u00a02014-2015. Sarlux ha creduto nel sogno di Stefano Sardara, di Meo Sacchetti<span class=\"excerpt-hellip\"> [\u2026]<\/span><\/p>\n","protected":false},"author":2,"featured_media":2568,"comment_status":"open","ping_status":"open","sticky":false,"template":"","format":"standard","meta":{"_acf_changed":false,"inline_featured_image":false,"footnotes":""},"categories":[17],"tags":[],"class_list":["post-2448","post","type-post","status-publish","format-standard","has-post-thumbnail","hentry","category-news"],"acf":[],"yoast_head":"<!-- This site is optimized with the Yoast SEO plugin v27.3 - https:\/\/yoast.com\/product\/yoast-seo-wordpress\/ -->\n<title>Dinamo campione d\u2019Italia - Sarlux Saras | Refining &amp; Power<\/title>\n<meta name=\"robots\" content=\"index, follow, max-snippet:-1, max-image-preview:large, max-video-preview:-1\" \/>\n<link rel=\"canonical\" href=\"https:\/\/www.sarlux.saras.it\/it\/26-luglio-dinamo-campione-ditalia\/\" \/>\n<meta property=\"og:locale\" content=\"it_IT\" \/>\n<meta property=\"og:type\" content=\"article\" \/>\n<meta property=\"og:title\" content=\"Dinamo campione d\u2019Italia - Sarlux Saras | Refining &amp; Power\" \/>\n<meta property=\"og:description\" content=\"A Reggio Emilia il Banco di Sardegna ha conquistato il primo scudetto: \u00e8 campione d\u2019Italia\u00a02014-2015. Sarlux ha creduto nel sogno di Stefano Sardara, di Meo Sacchetti [\u2026]\" \/>\n<meta property=\"og:url\" content=\"https:\/\/www.sarlux.saras.it\/it\/26-luglio-dinamo-campione-ditalia\/\" \/>\n<meta property=\"og:site_name\" content=\"Sarlux Saras | Refining &amp; Power\" \/>\n<meta property=\"article:published_time\" content=\"2015-06-26T12:04:13+00:00\" \/>\n<meta property=\"article:modified_time\" content=\"2017-12-01T13:26:35+00:00\" \/>\n<meta name=\"author\" content=\"newsarlux\" \/>\n<meta name=\"twitter:card\" content=\"summary_large_image\" \/>\n<meta name=\"twitter:label1\" content=\"Scritto da\" \/>\n\t<meta name=\"twitter:data1\" content=\"newsarlux\" \/>\n\t<meta name=\"twitter:label2\" content=\"Tempo di lettura stimato\" \/>\n\t<meta name=\"twitter:data2\" content=\"1 minuto\" \/>\n<script type=\"application\/ld+json\" class=\"yoast-schema-graph\">{\"@context\":\"https:\\\/\\\/schema.org\",\"@graph\":[{\"@type\":\"Article\",\"@id\":\"https:\\\/\\\/www.sarlux.saras.it\\\/it\\\/26-luglio-dinamo-campione-ditalia\\\/#article\",\"isPartOf\":{\"@id\":\"https:\\\/\\\/www.sarlux.saras.it\\\/it\\\/26-luglio-dinamo-campione-ditalia\\\/\"},\"author\":{\"name\":\"newsarlux\",\"@id\":\"https:\\\/\\\/www.sarlux.saras.it\\\/it\\\/#\\\/schema\\\/person\\\/c7561934b223f17087f8e08f41b37b83\"},\"headline\":\"Dinamo campione d\u2019Italia\",\"datePublished\":\"2015-06-26T12:04:13+00:00\",\"dateModified\":\"2017-12-01T13:26:35+00:00\",\"mainEntityOfPage\":{\"@id\":\"https:\\\/\\\/www.sarlux.saras.it\\\/it\\\/26-luglio-dinamo-campione-ditalia\\\/\"},\"wordCount\":107,\"commentCount\":0,\"publisher\":{\"@id\":\"https:\\\/\\\/www.sarlux.saras.it\\\/it\\\/#organization\"},\"image\":{\"@id\":\"https:\\\/\\\/www.sarlux.saras.it\\\/it\\\/26-luglio-dinamo-campione-ditalia\\\/#primaryimage\"},\"thumbnailUrl\":\"\",\"articleSection\":[\"News\"],\"inLanguage\":\"it-IT\",\"potentialAction\":[{\"@type\":\"CommentAction\",\"name\":\"Comment\",\"target\":[\"https:\\\/\\\/www.sarlux.saras.it\\\/it\\\/26-luglio-dinamo-campione-ditalia\\\/#respond\"]}]},{\"@type\":\"WebPage\",\"@id\":\"https:\\\/\\\/www.sarlux.saras.it\\\/it\\\/26-luglio-dinamo-campione-ditalia\\\/\",\"url\":\"https:\\\/\\\/www.sarlux.saras.it\\\/it\\\/26-luglio-dinamo-campione-ditalia\\\/\",\"name\":\"Dinamo campione d\u2019Italia - Sarlux Saras | Refining & Power\",\"isPartOf\":{\"@id\":\"https:\\\/\\\/www.sarlux.saras.it\\\/it\\\/#website\"},\"primaryImageOfPage\":{\"@id\":\"https:\\\/\\\/www.sarlux.saras.it\\\/it\\\/26-luglio-dinamo-campione-ditalia\\\/#primaryimage\"},\"image\":{\"@id\":\"https:\\\/\\\/www.sarlux.saras.it\\\/it\\\/26-luglio-dinamo-campione-ditalia\\\/#primaryimage\"},\"thumbnailUrl\":\"\",\"datePublished\":\"2015-06-26T12:04:13+00:00\",\"dateModified\":\"2017-12-01T13:26:35+00:00\",\"breadcrumb\":{\"@id\":\"https:\\\/\\\/www.sarlux.saras.it\\\/it\\\/26-luglio-dinamo-campione-ditalia\\\/#breadcrumb\"},\"inLanguage\":\"it-IT\",\"potentialAction\":[{\"@type\":\"ReadAction\",\"target\":[\"https:\\\/\\\/www.sarlux.saras.it\\\/it\\\/26-luglio-dinamo-campione-ditalia\\\/\"]}]},{\"@type\":\"ImageObject\",\"inLanguage\":\"it-IT\",\"@id\":\"https:\\\/\\\/www.sarlux.saras.it\\\/it\\\/26-luglio-dinamo-campione-ditalia\\\/#primaryimage\",\"url\":\"\",\"contentUrl\":\"\"},{\"@type\":\"BreadcrumbList\",\"@id\":\"https:\\\/\\\/www.sarlux.saras.it\\\/it\\\/26-luglio-dinamo-campione-ditalia\\\/#breadcrumb\",\"itemListElement\":[{\"@type\":\"ListItem\",\"position\":1,\"name\":\"Home\",\"item\":\"https:\\\/\\\/www.sarlux.saras.it\\\/it\\\/\"},{\"@type\":\"ListItem\",\"position\":2,\"name\":\"Dinamo campione d\u2019Italia\"}]},{\"@type\":\"WebSite\",\"@id\":\"https:\\\/\\\/www.sarlux.saras.it\\\/it\\\/#website\",\"url\":\"https:\\\/\\\/www.sarlux.saras.it\\\/it\\\/\",\"name\":\"Sarlux\",\"description\":\"\",\"publisher\":{\"@id\":\"https:\\\/\\\/www.sarlux.saras.it\\\/it\\\/#organization\"},\"potentialAction\":[{\"@type\":\"SearchAction\",\"target\":{\"@type\":\"EntryPoint\",\"urlTemplate\":\"https:\\\/\\\/www.sarlux.saras.it\\\/it\\\/?s={search_term_string}\"},\"query-input\":{\"@type\":\"PropertyValueSpecification\",\"valueRequired\":true,\"valueName\":\"search_term_string\"}}],\"inLanguage\":\"it-IT\"},{\"@type\":\"Organization\",\"@id\":\"https:\\\/\\\/www.sarlux.saras.it\\\/it\\\/#organization\",\"name\":\"Sarlux\",\"url\":\"https:\\\/\\\/www.sarlux.saras.it\\\/it\\\/\",\"logo\":{\"@type\":\"ImageObject\",\"inLanguage\":\"it-IT\",\"@id\":\"https:\\\/\\\/www.sarlux.saras.it\\\/it\\\/#\\\/schema\\\/logo\\\/image\\\/\",\"url\":\"https:\\\/\\\/www.sarlux.saras.it\\\/wp-content\\\/uploads\\\/2017\\\/12\\\/logo-pc-1.png\",\"contentUrl\":\"https:\\\/\\\/www.sarlux.saras.it\\\/wp-content\\\/uploads\\\/2017\\\/12\\\/logo-pc-1.png\",\"width\":184,\"height\":86,\"caption\":\"Sarlux\"},\"image\":{\"@id\":\"https:\\\/\\\/www.sarlux.saras.it\\\/it\\\/#\\\/schema\\\/logo\\\/image\\\/\"}},{\"@type\":\"Person\",\"@id\":\"https:\\\/\\\/www.sarlux.saras.it\\\/it\\\/#\\\/schema\\\/person\\\/c7561934b223f17087f8e08f41b37b83\",\"name\":\"newsarlux\",\"image\":{\"@type\":\"ImageObject\",\"inLanguage\":\"it-IT\",\"@id\":\"https:\\\/\\\/secure.gravatar.com\\\/avatar\\\/eb7f74d52340ebedd5480701fcdd6d2904abef8cdb3a51882f629f2dd32d610d?s=96&d=mm&r=g\",\"url\":\"https:\\\/\\\/secure.gravatar.com\\\/avatar\\\/eb7f74d52340ebedd5480701fcdd6d2904abef8cdb3a51882f629f2dd32d610d?s=96&d=mm&r=g\",\"contentUrl\":\"https:\\\/\\\/secure.gravatar.com\\\/avatar\\\/eb7f74d52340ebedd5480701fcdd6d2904abef8cdb3a51882f629f2dd32d610d?s=96&d=mm&r=g\",\"caption\":\"newsarlux\"},\"url\":\"\"}]}<\/script>\n<!-- \/ Yoast SEO plugin. -->","yoast_head_json":{"title":"Dinamo campione d\u2019Italia - Sarlux Saras | Refining & Power","robots":{"index":"index","follow":"follow","max-snippet":"max-snippet:-1","max-image-preview":"max-image-preview:large","max-video-preview":"max-video-preview:-1"},"canonical":"https:\/\/www.sarlux.saras.it\/it\/26-luglio-dinamo-campione-ditalia\/","og_locale":"it_IT","og_type":"article","og_title":"Dinamo campione d\u2019Italia - Sarlux Saras | Refining & Power","og_description":"A Reggio Emilia il Banco di Sardegna ha conquistato il primo scudetto: \u00e8 campione d\u2019Italia\u00a02014-2015. Sarlux ha creduto nel sogno di Stefano Sardara, di Meo Sacchetti [\u2026]","og_url":"https:\/\/www.sarlux.saras.it\/it\/26-luglio-dinamo-campione-ditalia\/","og_site_name":"Sarlux Saras | Refining & Power","article_published_time":"2015-06-26T12:04:13+00:00","article_modified_time":"2017-12-01T13:26:35+00:00","author":"newsarlux","twitter_card":"summary_large_image","twitter_misc":{"Scritto da":"newsarlux","Tempo di lettura stimato":"1 minuto"},"schema":{"@context":"https:\/\/schema.org","@graph":[{"@type":"Article","@id":"https:\/\/www.sarlux.saras.it\/it\/26-luglio-dinamo-campione-ditalia\/#article","isPartOf":{"@id":"https:\/\/www.sarlux.saras.it\/it\/26-luglio-dinamo-campione-ditalia\/"},"author":{"name":"newsarlux","@id":"https:\/\/www.sarlux.saras.it\/it\/#\/schema\/person\/c7561934b223f17087f8e08f41b37b83"},"headline":"Dinamo campione d\u2019Italia","datePublished":"2015-06-26T12:04:13+00:00","dateModified":"2017-12-01T13:26:35+00:00","mainEntityOfPage":{"@id":"https:\/\/www.sarlux.saras.it\/it\/26-luglio-dinamo-campione-ditalia\/"},"wordCount":107,"commentCount":0,"publisher":{"@id":"https:\/\/www.sarlux.saras.it\/it\/#organization"},"image":{"@id":"https:\/\/www.sarlux.saras.it\/it\/26-luglio-dinamo-campione-ditalia\/#primaryimage"},"thumbnailUrl":"","articleSection":["News"],"inLanguage":"it-IT","potentialAction":[{"@type":"CommentAction","name":"Comment","target":["https:\/\/www.sarlux.saras.it\/it\/26-luglio-dinamo-campione-ditalia\/#respond"]}]},{"@type":"WebPage","@id":"https:\/\/www.sarlux.saras.it\/it\/26-luglio-dinamo-campione-ditalia\/","url":"https:\/\/www.sarlux.saras.it\/it\/26-luglio-dinamo-campione-ditalia\/","name":"Dinamo campione d\u2019Italia - Sarlux Saras | Refining & Power","isPartOf":{"@id":"https:\/\/www.sarlux.saras.it\/it\/#website"},"primaryImageOfPage":{"@id":"https:\/\/www.sarlux.saras.it\/it\/26-luglio-dinamo-campione-ditalia\/#primaryimage"},"image":{"@id":"https:\/\/www.sarlux.saras.it\/it\/26-luglio-dinamo-campione-ditalia\/#primaryimage"},"thumbnailUrl":"","datePublished":"2015-06-26T12:04:13+00:00","dateModified":"2017-12-01T13:26:35+00:00","breadcrumb":{"@id":"https:\/\/www.sarlux.saras.it\/it\/26-luglio-dinamo-campione-ditalia\/#breadcrumb"},"inLanguage":"it-IT","potentialAction":[{"@type":"ReadAction","target":["https:\/\/www.sarlux.saras.it\/it\/26-luglio-dinamo-campione-ditalia\/"]}]},{"@type":"ImageObject","inLanguage":"it-IT","@id":"https:\/\/www.sarlux.saras.it\/it\/26-luglio-dinamo-campione-ditalia\/#primaryimage","url":"","contentUrl":""},{"@type":"BreadcrumbList","@id":"https:\/\/www.sarlux.saras.it\/it\/26-luglio-dinamo-campione-ditalia\/#breadcrumb","itemListElement":[{"@type":"ListItem","position":1,"name":"Home","item":"https:\/\/www.sarlux.saras.it\/it\/"},{"@type":"ListItem","position":2,"name":"Dinamo campione d\u2019Italia"}]},{"@type":"WebSite","@id":"https:\/\/www.sarlux.saras.it\/it\/#website","url":"https:\/\/www.sarlux.saras.it\/it\/","name":"Sarlux","description":"","publisher":{"@id":"https:\/\/www.sarlux.saras.it\/it\/#organization"},"potentialAction":[{"@type":"SearchAction","target":{"@type":"EntryPoint","urlTemplate":"https:\/\/www.sarlux.saras.it\/it\/?s={search_term_string}"},"query-input":{"@type":"PropertyValueSpecification","valueRequired":true,"valueName":"search_term_string"}}],"inLanguage":"it-IT"},{"@type":"Organization","@id":"https:\/\/www.sarlux.saras.it\/it\/#organization","name":"Sarlux","url":"https:\/\/www.sarlux.saras.it\/it\/","logo":{"@type":"ImageObject","inLanguage":"it-IT","@id":"https:\/\/www.sarlux.saras.it\/it\/#\/schema\/logo\/image\/","url":"https:\/\/www.sarlux.saras.it\/wp-content\/uploads\/2017\/12\/logo-pc-1.png","contentUrl":"https:\/\/www.sarlux.saras.it\/wp-content\/uploads\/2017\/12\/logo-pc-1.png","width":184,"height":86,"caption":"Sarlux"},"image":{"@id":"https:\/\/www.sarlux.saras.it\/it\/#\/schema\/logo\/image\/"}},{"@type":"Person","@id":"https:\/\/www.sarlux.saras.it\/it\/#\/schema\/person\/c7561934b223f17087f8e08f41b37b83","name":"newsarlux","image":{"@type":"ImageObject","inLanguage":"it-IT","@id":"https:\/\/secure.gravatar.com\/avatar\/eb7f74d52340ebedd5480701fcdd6d2904abef8cdb3a51882f629f2dd32d610d?s=96&d=mm&r=g","url":"https:\/\/secure.gravatar.com\/avatar\/eb7f74d52340ebedd5480701fcdd6d2904abef8cdb3a51882f629f2dd32d610d?s=96&d=mm&r=g","contentUrl":"https:\/\/secure.gravatar.com\/avatar\/eb7f74d52340ebedd5480701fcdd6d2904abef8cdb3a51882f629f2dd32d610d?s=96&d=mm&r=g","caption":"newsarlux"},"url":""}]}},"_links":{"self":[{"href":"https:\/\/www.sarlux.saras.it\/it\/wp-json\/wp\/v2\/posts\/2448","targetHints":{"allow":["GET"]}}],"collection":[{"href":"https:\/\/www.sarlux.saras.it\/it\/wp-json\/wp\/v2\/posts"}],"about":[{"href":"https:\/\/www.sarlux.saras.it\/it\/wp-json\/wp\/v2\/types\/post"}],"author":[{"embeddable":true,"href":"https:\/\/www.sarlux.saras.it\/it\/wp-json\/wp\/v2\/users\/2"}],"replies":[{"embeddable":true,"href":"https:\/\/www.sarlux.saras.it\/it\/wp-json\/wp\/v2\/comments?post=2448"}],"version-history":[{"count":1,"href":"https:\/\/www.sarlux.saras.it\/it\/wp-json\/wp\/v2\/posts\/2448\/revisions"}],"predecessor-version":[{"id":524389,"href":"https:\/\/www.sarlux.saras.it\/it\/wp-json\/wp\/v2\/posts\/2448\/revisions\/524389"}],"wp:featuredmedia":[{"embeddable":true,"href":"https:\/\/www.sarlux.saras.it\/it\/wp-json\/"}],"wp:attachment":[{"href":"https:\/\/www.sarlux.saras.it\/it\/wp-json\/wp\/v2\/media?parent=2448"}],"wp:term":[{"taxonomy":"category","embeddable":true,"href":"https:\/\/www.sarlux.saras.it\/it\/wp-json\/wp\/v2\/categories?post=2448"},{"taxonomy":"post_tag","embeddable":true,"href":"https:\/\/www.sarlux.saras.it\/it\/wp-json\/wp\/v2\/tags?post=2448"}],"curies":[{"name":"wp","href":"https:\/\/api.w.org\/{rel}","templated":true}]}}