{"id":3098,"date":"2015-06-11T14:08:25","date_gmt":"2015-06-11T14:08:25","guid":{"rendered":"http:\/\/www.sarlux.saras.it\/public\/sarlux\/?p=3098"},"modified":"2021-06-17T06:27:47","modified_gmt":"2021-06-17T06:27:47","slug":"comune-di-sarroch-sarlux-presenta-la-dichiarazione-ambientale","status":"publish","type":"post","link":"https:\/\/www.sarlux.saras.it\/it\/comune-di-sarroch-sarlux-presenta-la-dichiarazione-ambientale\/","title":{"rendered":"Sarlux presenta la Dichiarazione ambientale al Comune di Sarroch"},"content":{"rendered":"<p><strong><u>Impianti sempre pi\u00f9 efficienti e nuove soluzioni tecnologiche per azzerare i fenomeni odorigeni che preoccupano i cittadini<\/u><\/strong><\/p>\n<p>\u00c8 il programma della societ\u00e0 Sarlux (Gruppo Saras), che ieri sera ha illustrato alla Commissione Ambiente del Comune di Sarroch performance ambientali, attivit\u00e0 in corso e piani di sviluppo, anche alla luce dei disagi olfattivi segnalati da alcuni residenti di Sarroch a met\u00e0 maggio.<\/p>\n<p>In circa tre ore, Walter Cocco, responsabile \u201cHealth, Safety, Environment\u201d Sarlux, ha presentato la Dichiarazione ambientale, documento redatto dall\u2019azienda e al vaglio dell\u2019Ispra, per informare istituzioni e stakeholder sugli aspetti legati all\u2019ambiente, alla salute e alla sicurezza. L\u2019azienda ha risposto alle numerose domande di sindaco, assessore all\u2019Ambiente, presidente e componenti la Commissione.<\/p>\n<p>L\u2019appuntamento era stato chiesto in marzo da Sarlux, come momento di condivisione di informazioni e confronto con l\u2019amministrazione, secondo quanto previsto dalla registrazione volontaria \u201cEmas\u201d. La seduta \u00e8 stata anche l\u2019occasione per affrontare il tema delle segnalazioni di odore da parte di alcuni cittadini, risalenti a met\u00e0 maggio, episodio su cui si sono concentrate gran parte delle domande dei rappresentanti delle istituzioni. La Commissione ha preso atto dei miglioramenti dei valori ambientali registrati dalle centraline Arpas (Agenzia regionale per la Protezione dell\u2019Ambiente), ma ha sollecitato l\u2019azienda a fare di pi\u00f9 soprattutto in tema di odori e rifiuti solidi urbani, perch\u00e9 gli obiettivi di raccolta differenziata, nel sito industriale, non sono stati raggiunti.<\/p>\n<p><strong><u>Azioni per contenere l\u2019impatto olfattivo.<\/u><\/strong>\u00a0In relazione all\u2019episodio di met\u00e0 maggio,\u00a0il dirigente ha spiegato che &lt;non esiste una tecnologia che dia una misura oggettiva dell\u2019impatto olfattivo. Ma la causa pi\u00f9 probabile dell\u2019odore pu\u00f2 essere riconducibile alle cosiddette \u201cemissioni diffuse\u201d, da tempo oggetto di attenzione da parte dell\u2019azienda.\u00a0Abbiamo fatto un\u2019analisi delle migliori tecnologie disponibili introdotte dall\u2019ultima direttiva europea e avviato lo studio per adeguare le apparecchiature interessate, ancor prima che tali aggiornamenti diventino un obbligo di legge&gt;.\u00a0In media, negli ultimi anni, i valori delle emissioni diffuse &#8211; non soggette ad alcun limite di legge &#8211; sono rimasti costanti. Ma l\u2019obiettivo di Sarlux resta quello di prevenire anche fastidi come quelli segnalati dalla popolazione a dicembre 2014 e maggio 2015.\u00a0<strong><u>Seppur non strettamente correlate al fenomeno odorigeno, Sarlux ha annunciato ieri di voler coprire le vasche che contribuiscono a generare emissioni diffuse. Un investimento che si aggiunge ai 20 milioni di euro impiegati in media ogni anno in dispositivi a protezione della salute e dell\u2019ambiente.\u00a0<\/u><\/strong><\/p>\n<p><strong><u>L\u2019amministratore delegato Sarlux.<\/u><\/strong><strong>\u00a0<\/strong>&lt;Non \u00e8 una prescrizione di legge e non abbiamo trovato una relazione causale diretta tra alcune vasche di trattamento acque e l&#8217;odore diffuso a met\u00e0 maggio. Ma capiamo che i cittadini di Sarroch possano essersi preoccupati e che siano infastiditi dai picchi odorigeni, che pure, per fortuna, non influiscono sulla salute. Per questa ragione, faremo di tutto per prevenirli, anche anticipando investimenti&gt;, ha annunciato l\u2019amministratore delegato di Sarlux, Vincenzo Greco.<\/p>\n<p><strong><u>Interventi in corso.<\/u><\/strong><strong>\u00a0<\/strong>Sempre in tema di emissioni diffuse, nel sito industriale \u00e8 in atto l\u2019installazione di un sistema di sigillatura dei \u201ctubi di calma\u201d e sostegni nei serbatoi a tetto galleggiante. Si sta portando a termine il completamento delle \u201cdoppie tenute\u201d sulle 229 pompe che movimentano benzine.\u00a0Sui serbatoi, infine, Sarlux si \u00e8 impegnata di avviare uno studio che individui soluzioni innovative, non ancora introdotte in Europa.<\/p>\n<p><strong><u>I dati sulla qualit\u00e0 dell\u2019aria.<\/u><\/strong>\u00a0Sulle emissioni \u201cconvogliate\u201d, cio\u00e8 derivanti dai camini degli impianti, e l\u2019impatto che hanno sulla qualit\u00e0 dell\u2019aria, il monitoraggio \u00e8 in corso da anni, attraverso la rete di centraline dell\u2019Arpas, i cui dati sono disponibili sul sito internet in nome della trasparenza. Tra i valori pi\u00f9 significativi, la conferma del trend di riduzione delle emissioni di biossido di zolfo (So<sub>2<\/sub>), che oggi sono circa la met\u00e0 del limite previsto dalla\u00a0legge e, quindi, dalla soglia di tolleranza umana.<\/p>\n<p><strong><u>La registrazione Emas<\/u><\/strong>. La seduta davanti alla Commissione Ambiente \u00e8 una delle attivit\u00e0 previste dal protocollo europeo\u00a0<strong>Eco-Management and Audit Scheme<\/strong>\u00a0(<strong>EMAS<\/strong>), strumento creato\u00a0dalla\u00a0Comunit\u00e0 europea\u00a0al\u00a0quale possono aderire volontariamente le organizzazioni.\u00a0Attesta risultati in materia di sostenibilit\u00e0 e la capacit\u00e0 dell\u2019azienda di condividerli con i portatori d\u2019interesse.<\/p>\n<p><a href=\"http:\/\/www.sarlux.saras.it\/wp-content\/uploads\/2015\/06\/DSC_0924.jpeg\"><img loading=\"lazy\" decoding=\"async\" class=\"alignnone wp-image-3281\" src=\"http:\/\/www.sarlux.saras.it\/wp-content\/uploads\/2015\/06\/DSC_0924-300x199.jpeg\" alt=\"\" width=\"500\" height=\"332\" \/><\/a><\/p>\n<p><a href=\"http:\/\/www.sarlux.saras.it\/wp-content\/uploads\/2015\/10\/DSC_0927.jpeg\"><img loading=\"lazy\" decoding=\"async\" class=\"alignnone wp-image-3107\" src=\"http:\/\/www.sarlux.saras.it\/wp-content\/uploads\/2015\/10\/DSC_0927-300x199.jpeg\" alt=\"\" width=\"500\" height=\"332\" \/><\/a><\/p>\n<p><a href=\"\/wp-content\/uploads\/2015\/06\/2015_06_11_DA_Commissione-ambiente.pdf\" target=\"_blank\" rel=\"noopener\">Scarica il comunicato<\/a><\/p>\n","protected":false},"excerpt":{"rendered":"<p>Impianti sempre pi\u00f9 efficienti e nuove soluzioni tecnologiche per azzerare i fenomeni odorigeni che preoccupano i cittadini \u00c8 il programma della societ\u00e0 Sarlux (Gruppo Saras), che<span class=\"excerpt-hellip\"> [\u2026]<\/span><\/p>\n","protected":false},"author":2,"featured_media":0,"comment_status":"closed","ping_status":"open","sticky":false,"template":"","format":"standard","meta":{"_acf_changed":false,"inline_featured_image":false,"footnotes":""},"categories":[81],"tags":[],"class_list":["post-3098","post","type-post","status-publish","format-standard","hentry","category-comunicati"],"acf":[],"yoast_head":"<!-- This site is optimized with the Yoast SEO plugin v27.3 - https:\/\/yoast.com\/product\/yoast-seo-wordpress\/ -->\n<title>Sarlux presenta la Dichiarazione ambientale al Comune di Sarroch - Sarlux Saras | Refining &amp; Power<\/title>\n<meta name=\"robots\" content=\"index, follow, max-snippet:-1, max-image-preview:large, max-video-preview:-1\" \/>\n<link rel=\"canonical\" href=\"https:\/\/www.sarlux.saras.it\/it\/comune-di-sarroch-sarlux-presenta-la-dichiarazione-ambientale\/\" \/>\n<meta property=\"og:locale\" content=\"it_IT\" \/>\n<meta property=\"og:type\" content=\"article\" \/>\n<meta property=\"og:title\" content=\"Sarlux presenta la Dichiarazione ambientale al Comune di Sarroch - Sarlux Saras | Refining &amp; Power\" \/>\n<meta property=\"og:description\" content=\"Impianti sempre pi\u00f9 efficienti e nuove soluzioni tecnologiche per azzerare i fenomeni odorigeni che preoccupano i cittadini \u00c8 il programma della societ\u00e0 Sarlux (Gruppo Saras), che [\u2026]\" \/>\n<meta property=\"og:url\" content=\"https:\/\/www.sarlux.saras.it\/it\/comune-di-sarroch-sarlux-presenta-la-dichiarazione-ambientale\/\" \/>\n<meta property=\"og:site_name\" content=\"Sarlux Saras | Refining &amp; Power\" \/>\n<meta property=\"article:published_time\" content=\"2015-06-11T14:08:25+00:00\" \/>\n<meta property=\"article:modified_time\" content=\"2021-06-17T06:27:47+00:00\" \/>\n<meta property=\"og:image\" content=\"http:\/\/www.sarlux.saras.it\/wp-content\/uploads\/2015\/06\/DSC_0924-300x199.jpeg\" \/>\n<meta name=\"author\" content=\"newsarlux\" \/>\n<meta name=\"twitter:card\" content=\"summary_large_image\" \/>\n<meta name=\"twitter:label1\" content=\"Scritto da\" \/>\n\t<meta name=\"twitter:data1\" content=\"newsarlux\" \/>\n\t<meta name=\"twitter:label2\" content=\"Tempo di lettura stimato\" \/>\n\t<meta name=\"twitter:data2\" content=\"3 minuti\" \/>\n<script type=\"application\/ld+json\" class=\"yoast-schema-graph\">{\"@context\":\"https:\\\/\\\/schema.org\",\"@graph\":[{\"@type\":\"Article\",\"@id\":\"https:\\\/\\\/www.sarlux.saras.it\\\/it\\\/comune-di-sarroch-sarlux-presenta-la-dichiarazione-ambientale\\\/#article\",\"isPartOf\":{\"@id\":\"https:\\\/\\\/www.sarlux.saras.it\\\/it\\\/comune-di-sarroch-sarlux-presenta-la-dichiarazione-ambientale\\\/\"},\"author\":{\"name\":\"newsarlux\",\"@id\":\"https:\\\/\\\/www.sarlux.saras.it\\\/it\\\/#\\\/schema\\\/person\\\/c7561934b223f17087f8e08f41b37b83\"},\"headline\":\"Sarlux presenta la Dichiarazione ambientale al Comune di Sarroch\",\"datePublished\":\"2015-06-11T14:08:25+00:00\",\"dateModified\":\"2021-06-17T06:27:47+00:00\",\"mainEntityOfPage\":{\"@id\":\"https:\\\/\\\/www.sarlux.saras.it\\\/it\\\/comune-di-sarroch-sarlux-presenta-la-dichiarazione-ambientale\\\/\"},\"wordCount\":697,\"publisher\":{\"@id\":\"https:\\\/\\\/www.sarlux.saras.it\\\/it\\\/#organization\"},\"image\":{\"@id\":\"https:\\\/\\\/www.sarlux.saras.it\\\/it\\\/comune-di-sarroch-sarlux-presenta-la-dichiarazione-ambientale\\\/#primaryimage\"},\"thumbnailUrl\":\"http:\\\/\\\/www.sarlux.saras.it\\\/wp-content\\\/uploads\\\/2015\\\/06\\\/DSC_0924-300x199.jpeg\",\"articleSection\":[\"Comunicati Stampa\"],\"inLanguage\":\"it-IT\"},{\"@type\":\"WebPage\",\"@id\":\"https:\\\/\\\/www.sarlux.saras.it\\\/it\\\/comune-di-sarroch-sarlux-presenta-la-dichiarazione-ambientale\\\/\",\"url\":\"https:\\\/\\\/www.sarlux.saras.it\\\/it\\\/comune-di-sarroch-sarlux-presenta-la-dichiarazione-ambientale\\\/\",\"name\":\"Sarlux presenta la Dichiarazione ambientale al Comune di Sarroch - Sarlux Saras | Refining & Power\",\"isPartOf\":{\"@id\":\"https:\\\/\\\/www.sarlux.saras.it\\\/it\\\/#website\"},\"primaryImageOfPage\":{\"@id\":\"https:\\\/\\\/www.sarlux.saras.it\\\/it\\\/comune-di-sarroch-sarlux-presenta-la-dichiarazione-ambientale\\\/#primaryimage\"},\"image\":{\"@id\":\"https:\\\/\\\/www.sarlux.saras.it\\\/it\\\/comune-di-sarroch-sarlux-presenta-la-dichiarazione-ambientale\\\/#primaryimage\"},\"thumbnailUrl\":\"http:\\\/\\\/www.sarlux.saras.it\\\/wp-content\\\/uploads\\\/2015\\\/06\\\/DSC_0924-300x199.jpeg\",\"datePublished\":\"2015-06-11T14:08:25+00:00\",\"dateModified\":\"2021-06-17T06:27:47+00:00\",\"breadcrumb\":{\"@id\":\"https:\\\/\\\/www.sarlux.saras.it\\\/it\\\/comune-di-sarroch-sarlux-presenta-la-dichiarazione-ambientale\\\/#breadcrumb\"},\"inLanguage\":\"it-IT\",\"potentialAction\":[{\"@type\":\"ReadAction\",\"target\":[\"https:\\\/\\\/www.sarlux.saras.it\\\/it\\\/comune-di-sarroch-sarlux-presenta-la-dichiarazione-ambientale\\\/\"]}]},{\"@type\":\"ImageObject\",\"inLanguage\":\"it-IT\",\"@id\":\"https:\\\/\\\/www.sarlux.saras.it\\\/it\\\/comune-di-sarroch-sarlux-presenta-la-dichiarazione-ambientale\\\/#primaryimage\",\"url\":\"http:\\\/\\\/www.sarlux.saras.it\\\/wp-content\\\/uploads\\\/2015\\\/06\\\/DSC_0924-300x199.jpeg\",\"contentUrl\":\"http:\\\/\\\/www.sarlux.saras.it\\\/wp-content\\\/uploads\\\/2015\\\/06\\\/DSC_0924-300x199.jpeg\"},{\"@type\":\"BreadcrumbList\",\"@id\":\"https:\\\/\\\/www.sarlux.saras.it\\\/it\\\/comune-di-sarroch-sarlux-presenta-la-dichiarazione-ambientale\\\/#breadcrumb\",\"itemListElement\":[{\"@type\":\"ListItem\",\"position\":1,\"name\":\"Home\",\"item\":\"https:\\\/\\\/www.sarlux.saras.it\\\/it\\\/\"},{\"@type\":\"ListItem\",\"position\":2,\"name\":\"Sarlux presenta la Dichiarazione ambientale al Comune di Sarroch\"}]},{\"@type\":\"WebSite\",\"@id\":\"https:\\\/\\\/www.sarlux.saras.it\\\/it\\\/#website\",\"url\":\"https:\\\/\\\/www.sarlux.saras.it\\\/it\\\/\",\"name\":\"Sarlux\",\"description\":\"\",\"publisher\":{\"@id\":\"https:\\\/\\\/www.sarlux.saras.it\\\/it\\\/#organization\"},\"potentialAction\":[{\"@type\":\"SearchAction\",\"target\":{\"@type\":\"EntryPoint\",\"urlTemplate\":\"https:\\\/\\\/www.sarlux.saras.it\\\/it\\\/?s={search_term_string}\"},\"query-input\":{\"@type\":\"PropertyValueSpecification\",\"valueRequired\":true,\"valueName\":\"search_term_string\"}}],\"inLanguage\":\"it-IT\"},{\"@type\":\"Organization\",\"@id\":\"https:\\\/\\\/www.sarlux.saras.it\\\/it\\\/#organization\",\"name\":\"Sarlux\",\"url\":\"https:\\\/\\\/www.sarlux.saras.it\\\/it\\\/\",\"logo\":{\"@type\":\"ImageObject\",\"inLanguage\":\"it-IT\",\"@id\":\"https:\\\/\\\/www.sarlux.saras.it\\\/it\\\/#\\\/schema\\\/logo\\\/image\\\/\",\"url\":\"https:\\\/\\\/www.sarlux.saras.it\\\/wp-content\\\/uploads\\\/2017\\\/12\\\/logo-pc-1.png\",\"contentUrl\":\"https:\\\/\\\/www.sarlux.saras.it\\\/wp-content\\\/uploads\\\/2017\\\/12\\\/logo-pc-1.png\",\"width\":184,\"height\":86,\"caption\":\"Sarlux\"},\"image\":{\"@id\":\"https:\\\/\\\/www.sarlux.saras.it\\\/it\\\/#\\\/schema\\\/logo\\\/image\\\/\"}},{\"@type\":\"Person\",\"@id\":\"https:\\\/\\\/www.sarlux.saras.it\\\/it\\\/#\\\/schema\\\/person\\\/c7561934b223f17087f8e08f41b37b83\",\"name\":\"newsarlux\",\"image\":{\"@type\":\"ImageObject\",\"inLanguage\":\"it-IT\",\"@id\":\"https:\\\/\\\/secure.gravatar.com\\\/avatar\\\/eb7f74d52340ebedd5480701fcdd6d2904abef8cdb3a51882f629f2dd32d610d?s=96&d=mm&r=g\",\"url\":\"https:\\\/\\\/secure.gravatar.com\\\/avatar\\\/eb7f74d52340ebedd5480701fcdd6d2904abef8cdb3a51882f629f2dd32d610d?s=96&d=mm&r=g\",\"contentUrl\":\"https:\\\/\\\/secure.gravatar.com\\\/avatar\\\/eb7f74d52340ebedd5480701fcdd6d2904abef8cdb3a51882f629f2dd32d610d?s=96&d=mm&r=g\",\"caption\":\"newsarlux\"},\"url\":\"\"}]}<\/script>\n<!-- \/ Yoast SEO plugin. -->","yoast_head_json":{"title":"Sarlux presenta la Dichiarazione ambientale al Comune di Sarroch - Sarlux Saras | Refining & Power","robots":{"index":"index","follow":"follow","max-snippet":"max-snippet:-1","max-image-preview":"max-image-preview:large","max-video-preview":"max-video-preview:-1"},"canonical":"https:\/\/www.sarlux.saras.it\/it\/comune-di-sarroch-sarlux-presenta-la-dichiarazione-ambientale\/","og_locale":"it_IT","og_type":"article","og_title":"Sarlux presenta la Dichiarazione ambientale al Comune di Sarroch - Sarlux Saras | Refining & Power","og_description":"Impianti sempre pi\u00f9 efficienti e nuove soluzioni tecnologiche per azzerare i fenomeni odorigeni che preoccupano i cittadini \u00c8 il programma della societ\u00e0 Sarlux (Gruppo Saras), che [\u2026]","og_url":"https:\/\/www.sarlux.saras.it\/it\/comune-di-sarroch-sarlux-presenta-la-dichiarazione-ambientale\/","og_site_name":"Sarlux Saras | Refining & Power","article_published_time":"2015-06-11T14:08:25+00:00","article_modified_time":"2021-06-17T06:27:47+00:00","og_image":[{"url":"http:\/\/www.sarlux.saras.it\/wp-content\/uploads\/2015\/06\/DSC_0924-300x199.jpeg","type":"","width":"","height":""}],"author":"newsarlux","twitter_card":"summary_large_image","twitter_misc":{"Scritto da":"newsarlux","Tempo di lettura stimato":"3 minuti"},"schema":{"@context":"https:\/\/schema.org","@graph":[{"@type":"Article","@id":"https:\/\/www.sarlux.saras.it\/it\/comune-di-sarroch-sarlux-presenta-la-dichiarazione-ambientale\/#article","isPartOf":{"@id":"https:\/\/www.sarlux.saras.it\/it\/comune-di-sarroch-sarlux-presenta-la-dichiarazione-ambientale\/"},"author":{"name":"newsarlux","@id":"https:\/\/www.sarlux.saras.it\/it\/#\/schema\/person\/c7561934b223f17087f8e08f41b37b83"},"headline":"Sarlux presenta la Dichiarazione ambientale al Comune di Sarroch","datePublished":"2015-06-11T14:08:25+00:00","dateModified":"2021-06-17T06:27:47+00:00","mainEntityOfPage":{"@id":"https:\/\/www.sarlux.saras.it\/it\/comune-di-sarroch-sarlux-presenta-la-dichiarazione-ambientale\/"},"wordCount":697,"publisher":{"@id":"https:\/\/www.sarlux.saras.it\/it\/#organization"},"image":{"@id":"https:\/\/www.sarlux.saras.it\/it\/comune-di-sarroch-sarlux-presenta-la-dichiarazione-ambientale\/#primaryimage"},"thumbnailUrl":"http:\/\/www.sarlux.saras.it\/wp-content\/uploads\/2015\/06\/DSC_0924-300x199.jpeg","articleSection":["Comunicati Stampa"],"inLanguage":"it-IT"},{"@type":"WebPage","@id":"https:\/\/www.sarlux.saras.it\/it\/comune-di-sarroch-sarlux-presenta-la-dichiarazione-ambientale\/","url":"https:\/\/www.sarlux.saras.it\/it\/comune-di-sarroch-sarlux-presenta-la-dichiarazione-ambientale\/","name":"Sarlux presenta la Dichiarazione ambientale al Comune di Sarroch - Sarlux Saras | Refining & Power","isPartOf":{"@id":"https:\/\/www.sarlux.saras.it\/it\/#website"},"primaryImageOfPage":{"@id":"https:\/\/www.sarlux.saras.it\/it\/comune-di-sarroch-sarlux-presenta-la-dichiarazione-ambientale\/#primaryimage"},"image":{"@id":"https:\/\/www.sarlux.saras.it\/it\/comune-di-sarroch-sarlux-presenta-la-dichiarazione-ambientale\/#primaryimage"},"thumbnailUrl":"http:\/\/www.sarlux.saras.it\/wp-content\/uploads\/2015\/06\/DSC_0924-300x199.jpeg","datePublished":"2015-06-11T14:08:25+00:00","dateModified":"2021-06-17T06:27:47+00:00","breadcrumb":{"@id":"https:\/\/www.sarlux.saras.it\/it\/comune-di-sarroch-sarlux-presenta-la-dichiarazione-ambientale\/#breadcrumb"},"inLanguage":"it-IT","potentialAction":[{"@type":"ReadAction","target":["https:\/\/www.sarlux.saras.it\/it\/comune-di-sarroch-sarlux-presenta-la-dichiarazione-ambientale\/"]}]},{"@type":"ImageObject","inLanguage":"it-IT","@id":"https:\/\/www.sarlux.saras.it\/it\/comune-di-sarroch-sarlux-presenta-la-dichiarazione-ambientale\/#primaryimage","url":"http:\/\/www.sarlux.saras.it\/wp-content\/uploads\/2015\/06\/DSC_0924-300x199.jpeg","contentUrl":"http:\/\/www.sarlux.saras.it\/wp-content\/uploads\/2015\/06\/DSC_0924-300x199.jpeg"},{"@type":"BreadcrumbList","@id":"https:\/\/www.sarlux.saras.it\/it\/comune-di-sarroch-sarlux-presenta-la-dichiarazione-ambientale\/#breadcrumb","itemListElement":[{"@type":"ListItem","position":1,"name":"Home","item":"https:\/\/www.sarlux.saras.it\/it\/"},{"@type":"ListItem","position":2,"name":"Sarlux presenta la Dichiarazione ambientale al Comune di Sarroch"}]},{"@type":"WebSite","@id":"https:\/\/www.sarlux.saras.it\/it\/#website","url":"https:\/\/www.sarlux.saras.it\/it\/","name":"Sarlux","description":"","publisher":{"@id":"https:\/\/www.sarlux.saras.it\/it\/#organization"},"potentialAction":[{"@type":"SearchAction","target":{"@type":"EntryPoint","urlTemplate":"https:\/\/www.sarlux.saras.it\/it\/?s={search_term_string}"},"query-input":{"@type":"PropertyValueSpecification","valueRequired":true,"valueName":"search_term_string"}}],"inLanguage":"it-IT"},{"@type":"Organization","@id":"https:\/\/www.sarlux.saras.it\/it\/#organization","name":"Sarlux","url":"https:\/\/www.sarlux.saras.it\/it\/","logo":{"@type":"ImageObject","inLanguage":"it-IT","@id":"https:\/\/www.sarlux.saras.it\/it\/#\/schema\/logo\/image\/","url":"https:\/\/www.sarlux.saras.it\/wp-content\/uploads\/2017\/12\/logo-pc-1.png","contentUrl":"https:\/\/www.sarlux.saras.it\/wp-content\/uploads\/2017\/12\/logo-pc-1.png","width":184,"height":86,"caption":"Sarlux"},"image":{"@id":"https:\/\/www.sarlux.saras.it\/it\/#\/schema\/logo\/image\/"}},{"@type":"Person","@id":"https:\/\/www.sarlux.saras.it\/it\/#\/schema\/person\/c7561934b223f17087f8e08f41b37b83","name":"newsarlux","image":{"@type":"ImageObject","inLanguage":"it-IT","@id":"https:\/\/secure.gravatar.com\/avatar\/eb7f74d52340ebedd5480701fcdd6d2904abef8cdb3a51882f629f2dd32d610d?s=96&d=mm&r=g","url":"https:\/\/secure.gravatar.com\/avatar\/eb7f74d52340ebedd5480701fcdd6d2904abef8cdb3a51882f629f2dd32d610d?s=96&d=mm&r=g","contentUrl":"https:\/\/secure.gravatar.com\/avatar\/eb7f74d52340ebedd5480701fcdd6d2904abef8cdb3a51882f629f2dd32d610d?s=96&d=mm&r=g","caption":"newsarlux"},"url":""}]}},"_links":{"self":[{"href":"https:\/\/www.sarlux.saras.it\/it\/wp-json\/wp\/v2\/posts\/3098","targetHints":{"allow":["GET"]}}],"collection":[{"href":"https:\/\/www.sarlux.saras.it\/it\/wp-json\/wp\/v2\/posts"}],"about":[{"href":"https:\/\/www.sarlux.saras.it\/it\/wp-json\/wp\/v2\/types\/post"}],"author":[{"embeddable":true,"href":"https:\/\/www.sarlux.saras.it\/it\/wp-json\/wp\/v2\/users\/2"}],"replies":[{"embeddable":true,"href":"https:\/\/www.sarlux.saras.it\/it\/wp-json\/wp\/v2\/comments?post=3098"}],"version-history":[{"count":2,"href":"https:\/\/www.sarlux.saras.it\/it\/wp-json\/wp\/v2\/posts\/3098\/revisions"}],"predecessor-version":[{"id":543505,"href":"https:\/\/www.sarlux.saras.it\/it\/wp-json\/wp\/v2\/posts\/3098\/revisions\/543505"}],"wp:attachment":[{"href":"https:\/\/www.sarlux.saras.it\/it\/wp-json\/wp\/v2\/media?parent=3098"}],"wp:term":[{"taxonomy":"category","embeddable":true,"href":"https:\/\/www.sarlux.saras.it\/it\/wp-json\/wp\/v2\/categories?post=3098"},{"taxonomy":"post_tag","embeddable":true,"href":"https:\/\/www.sarlux.saras.it\/it\/wp-json\/wp\/v2\/tags?post=3098"}],"curies":[{"name":"wp","href":"https:\/\/api.w.org\/{rel}","templated":true}]}}