{"id":3266,"date":"2015-10-15T15:53:13","date_gmt":"2015-10-15T15:53:13","guid":{"rendered":"http:\/\/www.sarlux.saras.it\/public\/sarlux\/?p=3266"},"modified":"2021-06-17T06:30:00","modified_gmt":"2021-06-17T06:30:00","slug":"capital-markets-day-presentazione-del-piano-industriale-saras-2016-2019","status":"publish","type":"post","link":"https:\/\/www.sarlux.saras.it\/it\/capital-markets-day-presentazione-del-piano-industriale-saras-2016-2019\/","title":{"rendered":"\u201cCapital Markets Day\u201d: presentazione Piano industriale 2016\u201319"},"content":{"rendered":"<p>Si \u00e8 svolto ieri presso la raffineria di Sarroch il \u201cCapital Markets Day\u201d del Gruppo Saras. Durante l\u2019evento, il management ha presentato il Piano industriale 2016\u20132019, che si basa sull\u2019esecuzione ottimale del modello di gestione integrata della \u201cSupply Chain\u201d (ovvero della filiera di approvvigionamento della materia prima), e su una serie di iniziative di miglioramento in ambito affidabilit\u00e0, efficienza energetica e sviluppi della configurazione del sito, con investimenti moderati e brevi periodi di rientro.<\/p>\n<p><strong>Scenario di riferimento<br \/>\n<\/strong><span style=\"line-height: 1.5;\">Il Piano adotta uno scenario del mercato petrolifero in linea con la media elaborata da Bloomberg dei pi\u00f9 recenti studi di settore. In particolare, il Piano prevede una moderata ripresa delle quotazioni del grezzo Brent Datato, che \u00e8 visto salire gradualmente da 65 $\/bl nel 2016, fino ad 80 $\/bl nell\u2019esercizio 2019. Relativamente agli andamenti dei principali prodotti raffinati, il crack spread della benzina si prevede scendere dalla media di 10,0 $\/bl nel 2016, fino alla media di 8,5 $\/bl nel 2019, mentre il crack spread del diesel si ritiene possa rimanere stabilmente nell\u2019intervallo tra 15 e 16 $\/bl. Per quanto riguarda il tasso di cambio del dollaro USA contro Euro, il Piano adotta la media delle proiezioni Reuters, che prevedono un lieve incremento tra la media di 1.07 nel 2016 e la media di 1.16 nel 2019.<\/span><\/p>\n<p>Circa i livelli produttivi della raffineria, il Piano prevede nel 2016 una lavorazione di grezzo pari a 15,2 milioni di tonnellate, sostanzialmente in linea con le previsioni di lavorazione nell\u2019esercizio 2015. Successivamente, in funzione degli interventi di manutenzione programmata in ciascun anno, la lavorazione \u00e8 attesa pari a 14,6 milioni di tonnellate nel 2017, poi 14,7 milioni di tonnellate nel 2018 ed infine 15,3 milioni di tonnellate nel 2019. Per quanto riguarda invece la generazione di energia elettrica attesa dall\u2019impianto IGCC, si prevede un valore sostanzialmente stabile, intorno ai 4,3 \u2013 4,4 TWh\/anno, per tutto l\u2019orizzonte di Piano, in congruenza con la tradizionale stabilit\u00e0 di questo segmento. Tale energia elettrica sar\u00e0 valorizzata secondo la tariffa CIP6\/92.<\/p>\n<p>Per quanto riguarda i costi fissi, il Piano prevede un modesto incremento, dovuto in parte ai costi di manutenzione necessari per incrementare l\u2019affidabilit\u00e0, in parte ai crescenti oneri associati alle normative ambientali, ed in parte anche a taluni schemi di incentivazione del personale. Di conseguenza, i costi fissi dei segmenti Raffinazione e Generazione di Energia Elettrica potrebbero incrementare da circa 355 milioni di Euro nel 2016, fino a circa 370 milioni di Euro nel 2019. Esiste comunque la possibilit\u00e0 di intervenire, nel corso del Piano, per attuare taluni interventi correttivi, in grado di mantenere i costi sostanzialmente invariati, nell\u2019eventualit\u00e0 che lo scenario di mercato dovesse evolvere negativamente.<\/p>\n<p><strong>Evoluzione del margine operativo lordo (EBITDA)<br \/>\n<\/strong><span style=\"line-height: 1.5;\">Effettuando una proiezione inerziale dei risultati aziendali secondo l\u2019evoluzione dello scenario di riferimento, senza includere alcun contributo dalle nuove iniziative di miglioramento e dalla gestione integrata della Supply Chain, l\u2019EBITDA di Gruppo subirebbe una flessione, passando da circa 680 milioni di Euro nel 2016 a circa 510 milioni di Euro nel 2019. D\u2019altra parte, come illustrato durante il \u201cCapital Markets Day\u201d, Saras intende contrastare tale deriva inerziale dello scenario, sia con l\u2019esecuzione del proprio modello di gestione integrata della \u201cSupply Chain\u201d, che con le iniziative di miglioramento in ambito affidabilit\u00e0, efficienza energetica e sviluppi della configurazione del sito. Pi\u00f9 di preciso:<\/span><\/p>\n<ul>\n<li>La gestione integrata della Supply Chain dovrebbe portare un contributo crescente a livello di EBITDA che si sommer\u00e0 alle proiezioni inerziali, partendo da zero nel 2016, e raggiungendo circa 130 milioni di Euro nel 2019. Tale creazione di valore deriva sostanzialmente dalla qualit\u00e0 superiore degli impianti di raffineria, combinata con le forti competenze in ambito commerciale ed operativo. In tal senso, sar\u00e0 strumentale anche la nuova societ\u00e0 di trading, recentemente costituita a Ginevra, che agir\u00e0 principalmente come agenzia per la fornitura fisica del Gruppo Saras, ma operer\u00e0 anche in ambito di trading puro con parti terze.<\/li>\n<li>Le nuove iniziative di miglioramento verranno intraprese in ambito affidabilit\u00e0, efficienza energetica e sviluppi della configurazione di sito, e si prevede che generino un EBITDA pari a circa 10 milioni di Euro nel 2016, che si raddoppia nel 2017, e raggiunge circa 90 milioni di Euro nel 2019. Tali iniziative prevedono investimenti complessivamente pari a 150 milioni di euro nel quadriennio di Piano, ed hanno tempi di rientro rapidi, mediamente pari a circa 2,5 anni.<\/li>\n<\/ul>\n<p>In tal modo, l\u2019EBITDA di Gruppo \u00e8 atteso variare tra i 690 milioni di Euro nel 2016 ed i 730 milioni di Euro nel 2019. La generazione di cassa dalla gestione operativa \u00e8 attesa pari a circa 1950 milioni di Euro durante l\u2019orizzonte di Piano, e sar\u00e0 in grado di supportare gli investimenti previsti complessivamente pari a 645 milioni di Euro, i requisiti di capitale circolante (circa 70 milioni di Euro), il pagamento degli oneri finanziari (circa 95 milioni di Euro), ed anche i dividendi in linea con l\u2019attuale politica aziendale, che prevede la distribuzione di un importo compreso tra il 40% ed il 60% dell\u2019utile netto <em>adusted <\/em>(circa 480 \u2013 715 milioni di Euro).<\/p>\n<p>Nel segmento Marketing, durante l\u2019orizzonte di piano, il Gruppo continuer\u00e0 a perseguire strategie operative mirate alla riduzione dei costi ed all\u2019ottimizzazione del portafoglio clienti e del capitale circolante. L\u2019EBITDA divisionale \u00e8 atteso pari a circa 10 milioni di Euro\/anno. Infine, nel segmento Eolico, si attende un EBITDA stabilmente intorno a 22 milioni di Euro\/anno negli esercizi 2016 e 2017, che si ridurr\u00e0 poi a circa 6 milioni di Euro\/anno negli anni 2018 e 2019, per effetto della scadenza dei meccanismi di incentivazione su circa l\u201980% della capacit\u00e0 installata.<\/p>\n<p>Per ulteriori informazioni si prega di voler consultare la <a href=\"http:\/\/www.saras.it\/saras\/pages\/investors\/presentations\" target=\"_blank\" rel=\"noopener\">presentazione<\/a> del \u201cCapital Markets Day\u201d, disponibile sul sito internet della societ\u00e0 (<strong><u>www.saras.it<\/u><\/strong>) nella sezione \u201cInvestor Relations\/Presentazioni\u201d.<\/p>\n<p>&nbsp;<\/p>\n<p>Dario Scaffardi, Vincenzo Greco,\u00a0Giuseppe Citterio e Fernando Ferri presentano il Piano industriale 2016-19<\/p>\n<p><a href=\"http:\/\/www.sarlux.saras.it\/wp-content\/uploads\/2015\/10\/NL_6761.jpeg\"><img loading=\"lazy\" decoding=\"async\" class=\"alignnone wp-image-3630\" src=\"http:\/\/www.sarlux.saras.it\/wp-content\/uploads\/2015\/10\/NL_6761-300x211.jpeg\" alt=\"_NL_6761\" width=\"500\" height=\"352\" \/><\/a><\/p>\n<p>&nbsp;<\/p>\n<p>Un momento della presentazione<\/p>\n<p><a href=\"http:\/\/www.sarlux.saras.it\/wp-content\/uploads\/2015\/10\/ima_piano-industriale_2.jpg\"><img loading=\"lazy\" decoding=\"async\" class=\"alignnone wp-image-3325\" src=\"http:\/\/www.sarlux.saras.it\/wp-content\/uploads\/2015\/10\/ima_piano-industriale_2-300x200.jpg\" alt=\"\" width=\"500\" height=\"334\" \/><\/a><\/p>\n<p>&nbsp;<\/p>\n<p><a href=\"\/wp-content\/uploads\/2015\/06\/2015_10_15_Comunicato_capital-markets.pdf\" target=\"_blank\" rel=\"noopener\">Scarica il comunicato<\/a><\/p>\n<p>&nbsp;<\/p>\n","protected":false},"excerpt":{"rendered":"<p>Si \u00e8 svolto ieri presso la raffineria di Sarroch il \u201cCapital Markets Day\u201d del Gruppo Saras. Durante l\u2019evento, il management ha presentato il Piano industriale 2016\u20132019,<span class=\"excerpt-hellip\"> [\u2026]<\/span><\/p>\n","protected":false},"author":2,"featured_media":0,"comment_status":"closed","ping_status":"open","sticky":false,"template":"","format":"standard","meta":{"_acf_changed":false,"inline_featured_image":false,"footnotes":""},"categories":[81],"tags":[],"class_list":["post-3266","post","type-post","status-publish","format-standard","hentry","category-comunicati"],"acf":[],"yoast_head":"<!-- This site is optimized with the Yoast SEO plugin v27.3 - https:\/\/yoast.com\/product\/yoast-seo-wordpress\/ -->\n<title>Saras presenta il Piano industriale agli investitori<\/title>\n<meta name=\"robots\" content=\"index, follow, max-snippet:-1, max-image-preview:large, max-video-preview:-1\" \/>\n<link rel=\"canonical\" href=\"https:\/\/www.sarlux.saras.it\/it\/capital-markets-day-presentazione-del-piano-industriale-saras-2016-2019\/\" \/>\n<meta property=\"og:locale\" content=\"it_IT\" \/>\n<meta property=\"og:type\" content=\"article\" \/>\n<meta property=\"og:title\" content=\"Saras presenta il Piano industriale agli investitori\" \/>\n<meta property=\"og:description\" content=\"Si \u00e8 svolto ieri presso la raffineria di Sarroch il \u201cCapital Markets Day\u201d del Gruppo Saras. Durante l\u2019evento, il management ha presentato il Piano industriale 2016\u20132019, [\u2026]\" \/>\n<meta property=\"og:url\" content=\"https:\/\/www.sarlux.saras.it\/it\/capital-markets-day-presentazione-del-piano-industriale-saras-2016-2019\/\" \/>\n<meta property=\"og:site_name\" content=\"Sarlux Saras | Refining &amp; Power\" \/>\n<meta property=\"article:published_time\" content=\"2015-10-15T15:53:13+00:00\" \/>\n<meta property=\"article:modified_time\" content=\"2021-06-17T06:30:00+00:00\" \/>\n<meta property=\"og:image\" content=\"http:\/\/www.sarlux.saras.it\/wp-content\/uploads\/2015\/10\/NL_6761-300x211.jpeg\" \/>\n<meta name=\"author\" content=\"newsarlux\" \/>\n<meta name=\"twitter:card\" content=\"summary_large_image\" \/>\n<meta name=\"twitter:label1\" content=\"Scritto da\" \/>\n\t<meta name=\"twitter:data1\" content=\"newsarlux\" \/>\n\t<meta name=\"twitter:label2\" content=\"Tempo di lettura stimato\" \/>\n\t<meta name=\"twitter:data2\" content=\"5 minuti\" \/>\n<script type=\"application\/ld+json\" class=\"yoast-schema-graph\">{\"@context\":\"https:\\\/\\\/schema.org\",\"@graph\":[{\"@type\":\"Article\",\"@id\":\"https:\\\/\\\/www.sarlux.saras.it\\\/it\\\/capital-markets-day-presentazione-del-piano-industriale-saras-2016-2019\\\/#article\",\"isPartOf\":{\"@id\":\"https:\\\/\\\/www.sarlux.saras.it\\\/it\\\/capital-markets-day-presentazione-del-piano-industriale-saras-2016-2019\\\/\"},\"author\":{\"name\":\"newsarlux\",\"@id\":\"https:\\\/\\\/www.sarlux.saras.it\\\/it\\\/#\\\/schema\\\/person\\\/c7561934b223f17087f8e08f41b37b83\"},\"headline\":\"\u201cCapital Markets Day\u201d: presentazione Piano industriale 2016\u201319\",\"datePublished\":\"2015-10-15T15:53:13+00:00\",\"dateModified\":\"2021-06-17T06:30:00+00:00\",\"mainEntityOfPage\":{\"@id\":\"https:\\\/\\\/www.sarlux.saras.it\\\/it\\\/capital-markets-day-presentazione-del-piano-industriale-saras-2016-2019\\\/\"},\"wordCount\":931,\"publisher\":{\"@id\":\"https:\\\/\\\/www.sarlux.saras.it\\\/it\\\/#organization\"},\"image\":{\"@id\":\"https:\\\/\\\/www.sarlux.saras.it\\\/it\\\/capital-markets-day-presentazione-del-piano-industriale-saras-2016-2019\\\/#primaryimage\"},\"thumbnailUrl\":\"http:\\\/\\\/www.sarlux.saras.it\\\/wp-content\\\/uploads\\\/2015\\\/10\\\/NL_6761-300x211.jpeg\",\"articleSection\":[\"Comunicati Stampa\"],\"inLanguage\":\"it-IT\"},{\"@type\":\"WebPage\",\"@id\":\"https:\\\/\\\/www.sarlux.saras.it\\\/it\\\/capital-markets-day-presentazione-del-piano-industriale-saras-2016-2019\\\/\",\"url\":\"https:\\\/\\\/www.sarlux.saras.it\\\/it\\\/capital-markets-day-presentazione-del-piano-industriale-saras-2016-2019\\\/\",\"name\":\"Saras presenta il Piano industriale agli investitori\",\"isPartOf\":{\"@id\":\"https:\\\/\\\/www.sarlux.saras.it\\\/it\\\/#website\"},\"primaryImageOfPage\":{\"@id\":\"https:\\\/\\\/www.sarlux.saras.it\\\/it\\\/capital-markets-day-presentazione-del-piano-industriale-saras-2016-2019\\\/#primaryimage\"},\"image\":{\"@id\":\"https:\\\/\\\/www.sarlux.saras.it\\\/it\\\/capital-markets-day-presentazione-del-piano-industriale-saras-2016-2019\\\/#primaryimage\"},\"thumbnailUrl\":\"http:\\\/\\\/www.sarlux.saras.it\\\/wp-content\\\/uploads\\\/2015\\\/10\\\/NL_6761-300x211.jpeg\",\"datePublished\":\"2015-10-15T15:53:13+00:00\",\"dateModified\":\"2021-06-17T06:30:00+00:00\",\"breadcrumb\":{\"@id\":\"https:\\\/\\\/www.sarlux.saras.it\\\/it\\\/capital-markets-day-presentazione-del-piano-industriale-saras-2016-2019\\\/#breadcrumb\"},\"inLanguage\":\"it-IT\",\"potentialAction\":[{\"@type\":\"ReadAction\",\"target\":[\"https:\\\/\\\/www.sarlux.saras.it\\\/it\\\/capital-markets-day-presentazione-del-piano-industriale-saras-2016-2019\\\/\"]}]},{\"@type\":\"ImageObject\",\"inLanguage\":\"it-IT\",\"@id\":\"https:\\\/\\\/www.sarlux.saras.it\\\/it\\\/capital-markets-day-presentazione-del-piano-industriale-saras-2016-2019\\\/#primaryimage\",\"url\":\"http:\\\/\\\/www.sarlux.saras.it\\\/wp-content\\\/uploads\\\/2015\\\/10\\\/NL_6761-300x211.jpeg\",\"contentUrl\":\"http:\\\/\\\/www.sarlux.saras.it\\\/wp-content\\\/uploads\\\/2015\\\/10\\\/NL_6761-300x211.jpeg\"},{\"@type\":\"BreadcrumbList\",\"@id\":\"https:\\\/\\\/www.sarlux.saras.it\\\/it\\\/capital-markets-day-presentazione-del-piano-industriale-saras-2016-2019\\\/#breadcrumb\",\"itemListElement\":[{\"@type\":\"ListItem\",\"position\":1,\"name\":\"Home\",\"item\":\"https:\\\/\\\/www.sarlux.saras.it\\\/it\\\/\"},{\"@type\":\"ListItem\",\"position\":2,\"name\":\"\u201cCapital Markets Day\u201d: presentazione Piano industriale 2016\u201319\"}]},{\"@type\":\"WebSite\",\"@id\":\"https:\\\/\\\/www.sarlux.saras.it\\\/it\\\/#website\",\"url\":\"https:\\\/\\\/www.sarlux.saras.it\\\/it\\\/\",\"name\":\"Sarlux\",\"description\":\"\",\"publisher\":{\"@id\":\"https:\\\/\\\/www.sarlux.saras.it\\\/it\\\/#organization\"},\"potentialAction\":[{\"@type\":\"SearchAction\",\"target\":{\"@type\":\"EntryPoint\",\"urlTemplate\":\"https:\\\/\\\/www.sarlux.saras.it\\\/it\\\/?s={search_term_string}\"},\"query-input\":{\"@type\":\"PropertyValueSpecification\",\"valueRequired\":true,\"valueName\":\"search_term_string\"}}],\"inLanguage\":\"it-IT\"},{\"@type\":\"Organization\",\"@id\":\"https:\\\/\\\/www.sarlux.saras.it\\\/it\\\/#organization\",\"name\":\"Sarlux\",\"url\":\"https:\\\/\\\/www.sarlux.saras.it\\\/it\\\/\",\"logo\":{\"@type\":\"ImageObject\",\"inLanguage\":\"it-IT\",\"@id\":\"https:\\\/\\\/www.sarlux.saras.it\\\/it\\\/#\\\/schema\\\/logo\\\/image\\\/\",\"url\":\"https:\\\/\\\/www.sarlux.saras.it\\\/wp-content\\\/uploads\\\/2017\\\/12\\\/logo-pc-1.png\",\"contentUrl\":\"https:\\\/\\\/www.sarlux.saras.it\\\/wp-content\\\/uploads\\\/2017\\\/12\\\/logo-pc-1.png\",\"width\":184,\"height\":86,\"caption\":\"Sarlux\"},\"image\":{\"@id\":\"https:\\\/\\\/www.sarlux.saras.it\\\/it\\\/#\\\/schema\\\/logo\\\/image\\\/\"}},{\"@type\":\"Person\",\"@id\":\"https:\\\/\\\/www.sarlux.saras.it\\\/it\\\/#\\\/schema\\\/person\\\/c7561934b223f17087f8e08f41b37b83\",\"name\":\"newsarlux\",\"image\":{\"@type\":\"ImageObject\",\"inLanguage\":\"it-IT\",\"@id\":\"https:\\\/\\\/secure.gravatar.com\\\/avatar\\\/eb7f74d52340ebedd5480701fcdd6d2904abef8cdb3a51882f629f2dd32d610d?s=96&d=mm&r=g\",\"url\":\"https:\\\/\\\/secure.gravatar.com\\\/avatar\\\/eb7f74d52340ebedd5480701fcdd6d2904abef8cdb3a51882f629f2dd32d610d?s=96&d=mm&r=g\",\"contentUrl\":\"https:\\\/\\\/secure.gravatar.com\\\/avatar\\\/eb7f74d52340ebedd5480701fcdd6d2904abef8cdb3a51882f629f2dd32d610d?s=96&d=mm&r=g\",\"caption\":\"newsarlux\"},\"url\":\"\"}]}<\/script>\n<!-- \/ Yoast SEO plugin. -->","yoast_head_json":{"title":"Saras presenta il Piano industriale agli investitori","robots":{"index":"index","follow":"follow","max-snippet":"max-snippet:-1","max-image-preview":"max-image-preview:large","max-video-preview":"max-video-preview:-1"},"canonical":"https:\/\/www.sarlux.saras.it\/it\/capital-markets-day-presentazione-del-piano-industriale-saras-2016-2019\/","og_locale":"it_IT","og_type":"article","og_title":"Saras presenta il Piano industriale agli investitori","og_description":"Si \u00e8 svolto ieri presso la raffineria di Sarroch il \u201cCapital Markets Day\u201d del Gruppo Saras. Durante l\u2019evento, il management ha presentato il Piano industriale 2016\u20132019, [\u2026]","og_url":"https:\/\/www.sarlux.saras.it\/it\/capital-markets-day-presentazione-del-piano-industriale-saras-2016-2019\/","og_site_name":"Sarlux Saras | Refining & Power","article_published_time":"2015-10-15T15:53:13+00:00","article_modified_time":"2021-06-17T06:30:00+00:00","og_image":[{"url":"http:\/\/www.sarlux.saras.it\/wp-content\/uploads\/2015\/10\/NL_6761-300x211.jpeg","type":"","width":"","height":""}],"author":"newsarlux","twitter_card":"summary_large_image","twitter_misc":{"Scritto da":"newsarlux","Tempo di lettura stimato":"5 minuti"},"schema":{"@context":"https:\/\/schema.org","@graph":[{"@type":"Article","@id":"https:\/\/www.sarlux.saras.it\/it\/capital-markets-day-presentazione-del-piano-industriale-saras-2016-2019\/#article","isPartOf":{"@id":"https:\/\/www.sarlux.saras.it\/it\/capital-markets-day-presentazione-del-piano-industriale-saras-2016-2019\/"},"author":{"name":"newsarlux","@id":"https:\/\/www.sarlux.saras.it\/it\/#\/schema\/person\/c7561934b223f17087f8e08f41b37b83"},"headline":"\u201cCapital Markets Day\u201d: presentazione Piano industriale 2016\u201319","datePublished":"2015-10-15T15:53:13+00:00","dateModified":"2021-06-17T06:30:00+00:00","mainEntityOfPage":{"@id":"https:\/\/www.sarlux.saras.it\/it\/capital-markets-day-presentazione-del-piano-industriale-saras-2016-2019\/"},"wordCount":931,"publisher":{"@id":"https:\/\/www.sarlux.saras.it\/it\/#organization"},"image":{"@id":"https:\/\/www.sarlux.saras.it\/it\/capital-markets-day-presentazione-del-piano-industriale-saras-2016-2019\/#primaryimage"},"thumbnailUrl":"http:\/\/www.sarlux.saras.it\/wp-content\/uploads\/2015\/10\/NL_6761-300x211.jpeg","articleSection":["Comunicati Stampa"],"inLanguage":"it-IT"},{"@type":"WebPage","@id":"https:\/\/www.sarlux.saras.it\/it\/capital-markets-day-presentazione-del-piano-industriale-saras-2016-2019\/","url":"https:\/\/www.sarlux.saras.it\/it\/capital-markets-day-presentazione-del-piano-industriale-saras-2016-2019\/","name":"Saras presenta il Piano industriale agli investitori","isPartOf":{"@id":"https:\/\/www.sarlux.saras.it\/it\/#website"},"primaryImageOfPage":{"@id":"https:\/\/www.sarlux.saras.it\/it\/capital-markets-day-presentazione-del-piano-industriale-saras-2016-2019\/#primaryimage"},"image":{"@id":"https:\/\/www.sarlux.saras.it\/it\/capital-markets-day-presentazione-del-piano-industriale-saras-2016-2019\/#primaryimage"},"thumbnailUrl":"http:\/\/www.sarlux.saras.it\/wp-content\/uploads\/2015\/10\/NL_6761-300x211.jpeg","datePublished":"2015-10-15T15:53:13+00:00","dateModified":"2021-06-17T06:30:00+00:00","breadcrumb":{"@id":"https:\/\/www.sarlux.saras.it\/it\/capital-markets-day-presentazione-del-piano-industriale-saras-2016-2019\/#breadcrumb"},"inLanguage":"it-IT","potentialAction":[{"@type":"ReadAction","target":["https:\/\/www.sarlux.saras.it\/it\/capital-markets-day-presentazione-del-piano-industriale-saras-2016-2019\/"]}]},{"@type":"ImageObject","inLanguage":"it-IT","@id":"https:\/\/www.sarlux.saras.it\/it\/capital-markets-day-presentazione-del-piano-industriale-saras-2016-2019\/#primaryimage","url":"http:\/\/www.sarlux.saras.it\/wp-content\/uploads\/2015\/10\/NL_6761-300x211.jpeg","contentUrl":"http:\/\/www.sarlux.saras.it\/wp-content\/uploads\/2015\/10\/NL_6761-300x211.jpeg"},{"@type":"BreadcrumbList","@id":"https:\/\/www.sarlux.saras.it\/it\/capital-markets-day-presentazione-del-piano-industriale-saras-2016-2019\/#breadcrumb","itemListElement":[{"@type":"ListItem","position":1,"name":"Home","item":"https:\/\/www.sarlux.saras.it\/it\/"},{"@type":"ListItem","position":2,"name":"\u201cCapital Markets Day\u201d: presentazione Piano industriale 2016\u201319"}]},{"@type":"WebSite","@id":"https:\/\/www.sarlux.saras.it\/it\/#website","url":"https:\/\/www.sarlux.saras.it\/it\/","name":"Sarlux","description":"","publisher":{"@id":"https:\/\/www.sarlux.saras.it\/it\/#organization"},"potentialAction":[{"@type":"SearchAction","target":{"@type":"EntryPoint","urlTemplate":"https:\/\/www.sarlux.saras.it\/it\/?s={search_term_string}"},"query-input":{"@type":"PropertyValueSpecification","valueRequired":true,"valueName":"search_term_string"}}],"inLanguage":"it-IT"},{"@type":"Organization","@id":"https:\/\/www.sarlux.saras.it\/it\/#organization","name":"Sarlux","url":"https:\/\/www.sarlux.saras.it\/it\/","logo":{"@type":"ImageObject","inLanguage":"it-IT","@id":"https:\/\/www.sarlux.saras.it\/it\/#\/schema\/logo\/image\/","url":"https:\/\/www.sarlux.saras.it\/wp-content\/uploads\/2017\/12\/logo-pc-1.png","contentUrl":"https:\/\/www.sarlux.saras.it\/wp-content\/uploads\/2017\/12\/logo-pc-1.png","width":184,"height":86,"caption":"Sarlux"},"image":{"@id":"https:\/\/www.sarlux.saras.it\/it\/#\/schema\/logo\/image\/"}},{"@type":"Person","@id":"https:\/\/www.sarlux.saras.it\/it\/#\/schema\/person\/c7561934b223f17087f8e08f41b37b83","name":"newsarlux","image":{"@type":"ImageObject","inLanguage":"it-IT","@id":"https:\/\/secure.gravatar.com\/avatar\/eb7f74d52340ebedd5480701fcdd6d2904abef8cdb3a51882f629f2dd32d610d?s=96&d=mm&r=g","url":"https:\/\/secure.gravatar.com\/avatar\/eb7f74d52340ebedd5480701fcdd6d2904abef8cdb3a51882f629f2dd32d610d?s=96&d=mm&r=g","contentUrl":"https:\/\/secure.gravatar.com\/avatar\/eb7f74d52340ebedd5480701fcdd6d2904abef8cdb3a51882f629f2dd32d610d?s=96&d=mm&r=g","caption":"newsarlux"},"url":""}]}},"_links":{"self":[{"href":"https:\/\/www.sarlux.saras.it\/it\/wp-json\/wp\/v2\/posts\/3266","targetHints":{"allow":["GET"]}}],"collection":[{"href":"https:\/\/www.sarlux.saras.it\/it\/wp-json\/wp\/v2\/posts"}],"about":[{"href":"https:\/\/www.sarlux.saras.it\/it\/wp-json\/wp\/v2\/types\/post"}],"author":[{"embeddable":true,"href":"https:\/\/www.sarlux.saras.it\/it\/wp-json\/wp\/v2\/users\/2"}],"replies":[{"embeddable":true,"href":"https:\/\/www.sarlux.saras.it\/it\/wp-json\/wp\/v2\/comments?post=3266"}],"version-history":[{"count":2,"href":"https:\/\/www.sarlux.saras.it\/it\/wp-json\/wp\/v2\/posts\/3266\/revisions"}],"predecessor-version":[{"id":543508,"href":"https:\/\/www.sarlux.saras.it\/it\/wp-json\/wp\/v2\/posts\/3266\/revisions\/543508"}],"wp:attachment":[{"href":"https:\/\/www.sarlux.saras.it\/it\/wp-json\/wp\/v2\/media?parent=3266"}],"wp:term":[{"taxonomy":"category","embeddable":true,"href":"https:\/\/www.sarlux.saras.it\/it\/wp-json\/wp\/v2\/categories?post=3266"},{"taxonomy":"post_tag","embeddable":true,"href":"https:\/\/www.sarlux.saras.it\/it\/wp-json\/wp\/v2\/tags?post=3266"}],"curies":[{"name":"wp","href":"https:\/\/api.w.org\/{rel}","templated":true}]}}