{"id":3521,"date":"2015-10-01T07:54:50","date_gmt":"2015-10-01T07:54:50","guid":{"rendered":"http:\/\/www.sarlux.it\/?p=3521"},"modified":"2021-06-17T06:29:12","modified_gmt":"2021-06-17T06:29:12","slug":"attivazione-piano-di-emergenza-piogge-torrenziali","status":"publish","type":"post","link":"https:\/\/www.sarlux.saras.it\/it\/attivazione-piano-di-emergenza-piogge-torrenziali\/","title":{"rendered":"Allerta meteo, Piano di emergenza piogge torrenziali alla Sarlux"},"content":{"rendered":"<p>In conseguenza del violentissimo nubifragio di ieri sera, Sarlux ha attivato le procedure previste dal \u201cPiano di emergenza piogge torrenziali\u201d approvato dalle Autorit\u00e0. Gi\u00e0 da luned\u00ec, erano state adottate le misure preventive previste per fronteggiare gli effetti delle copiose precipitazioni.<\/p>\n<p>Tra le 17 e le 20 di ieri, tali misure hanno consentito di contenere le acque in eccesso e assicurare il regolare svolgimento dell\u2019attivit\u00e0 del sito in piena sicurezza. Durante la fase pi\u00f9 critica delle piogge, si \u00e8 reso necessario il momentaneo dirottamento al sistema di deflusso dello stabilimento, come da Piano e da informativa all\u2019Autorit\u00e0 Marittima e all\u2019amministrazione di Sarroch. Inoltre, personale del settore Sicurezza, Prevenzione e Protezione ha perlustrato la rada e la costa.<\/p>\n<p>Con il persistere dell\u2019allerta, Sarlux ha deciso di mantenere l\u2019assetto di prevenzione, che prevede ad esempio la sistemazione di panne galleggianti nello specchio d\u2019acqua davanti allo stabilimento. Il monitoraggio proseguir\u00e0 fino al permanere di queste condizioni meteo.<\/p>\n<p>Sempre nella serata di ieri, l\u2019unit\u00e0 \u201creforming\u201d di Impianti Nord (ex Versalis) \u00e8 stata fermata per l\u2019intervento del sistema di protezione automatico, scattato a causa di un fulmine. Dopo i controlli del caso, gli impianti sono stati riavviati. Il resto del sito industriale, invece, \u00e8 rimasto in marcia, senza inconvenienti di rilievo.<\/p>\n<p>&nbsp;<\/p>\n<p><a href=\"\/wp-content\/uploads\/2015\/11\/Comunicato_2015_10_01_Piogge.pdf\" target=\"_blank\" rel=\"noopener\">scarica comunicato<\/a><\/p>\n","protected":false},"excerpt":{"rendered":"<p>In conseguenza del violentissimo nubifragio di ieri sera, Sarlux ha attivato le procedure previste dal \u201cPiano di emergenza piogge torrenziali\u201d approvato dalle Autorit\u00e0. Gi\u00e0 da luned\u00ec,<span class=\"excerpt-hellip\"> [\u2026]<\/span><\/p>\n","protected":false},"author":2,"featured_media":0,"comment_status":"closed","ping_status":"open","sticky":false,"template":"","format":"standard","meta":{"_acf_changed":false,"inline_featured_image":false,"footnotes":""},"categories":[81],"tags":[],"class_list":["post-3521","post","type-post","status-publish","format-standard","hentry","category-comunicati"],"acf":[],"yoast_head":"<!-- This site is optimized with the Yoast SEO plugin v27.3 - https:\/\/yoast.com\/product\/yoast-seo-wordpress\/ -->\n<title>Allerta meteo, Piano di emergenza piogge torrenziali alla Sarlux - Sarlux Saras | Refining &amp; Power<\/title>\n<meta name=\"robots\" content=\"index, follow, max-snippet:-1, max-image-preview:large, max-video-preview:-1\" \/>\n<link rel=\"canonical\" href=\"https:\/\/www.sarlux.saras.it\/it\/attivazione-piano-di-emergenza-piogge-torrenziali\/\" \/>\n<meta property=\"og:locale\" content=\"it_IT\" \/>\n<meta property=\"og:type\" content=\"article\" \/>\n<meta property=\"og:title\" content=\"Allerta meteo, Piano di emergenza piogge torrenziali alla Sarlux - Sarlux Saras | Refining &amp; Power\" \/>\n<meta property=\"og:description\" content=\"In conseguenza del violentissimo nubifragio di ieri sera, Sarlux ha attivato le procedure previste dal \u201cPiano di emergenza piogge torrenziali\u201d approvato dalle Autorit\u00e0. Gi\u00e0 da luned\u00ec, [\u2026]\" \/>\n<meta property=\"og:url\" content=\"https:\/\/www.sarlux.saras.it\/it\/attivazione-piano-di-emergenza-piogge-torrenziali\/\" \/>\n<meta property=\"og:site_name\" content=\"Sarlux Saras | Refining &amp; Power\" \/>\n<meta property=\"article:published_time\" content=\"2015-10-01T07:54:50+00:00\" \/>\n<meta property=\"article:modified_time\" content=\"2021-06-17T06:29:12+00:00\" \/>\n<meta name=\"author\" content=\"newsarlux\" \/>\n<meta name=\"twitter:card\" content=\"summary_large_image\" \/>\n<meta name=\"twitter:label1\" content=\"Scritto da\" \/>\n\t<meta name=\"twitter:data1\" content=\"newsarlux\" \/>\n\t<meta name=\"twitter:label2\" content=\"Tempo di lettura stimato\" \/>\n\t<meta name=\"twitter:data2\" content=\"1 minuto\" \/>\n<script type=\"application\/ld+json\" class=\"yoast-schema-graph\">{\"@context\":\"https:\\\/\\\/schema.org\",\"@graph\":[{\"@type\":\"Article\",\"@id\":\"https:\\\/\\\/www.sarlux.saras.it\\\/it\\\/attivazione-piano-di-emergenza-piogge-torrenziali\\\/#article\",\"isPartOf\":{\"@id\":\"https:\\\/\\\/www.sarlux.saras.it\\\/it\\\/attivazione-piano-di-emergenza-piogge-torrenziali\\\/\"},\"author\":{\"name\":\"newsarlux\",\"@id\":\"https:\\\/\\\/www.sarlux.saras.it\\\/it\\\/#\\\/schema\\\/person\\\/c7561934b223f17087f8e08f41b37b83\"},\"headline\":\"Allerta meteo, Piano di emergenza piogge torrenziali alla Sarlux\",\"datePublished\":\"2015-10-01T07:54:50+00:00\",\"dateModified\":\"2021-06-17T06:29:12+00:00\",\"mainEntityOfPage\":{\"@id\":\"https:\\\/\\\/www.sarlux.saras.it\\\/it\\\/attivazione-piano-di-emergenza-piogge-torrenziali\\\/\"},\"wordCount\":220,\"publisher\":{\"@id\":\"https:\\\/\\\/www.sarlux.saras.it\\\/it\\\/#organization\"},\"articleSection\":[\"Comunicati Stampa\"],\"inLanguage\":\"it-IT\"},{\"@type\":\"WebPage\",\"@id\":\"https:\\\/\\\/www.sarlux.saras.it\\\/it\\\/attivazione-piano-di-emergenza-piogge-torrenziali\\\/\",\"url\":\"https:\\\/\\\/www.sarlux.saras.it\\\/it\\\/attivazione-piano-di-emergenza-piogge-torrenziali\\\/\",\"name\":\"Allerta meteo, Piano di emergenza piogge torrenziali alla Sarlux - Sarlux Saras | Refining & Power\",\"isPartOf\":{\"@id\":\"https:\\\/\\\/www.sarlux.saras.it\\\/it\\\/#website\"},\"datePublished\":\"2015-10-01T07:54:50+00:00\",\"dateModified\":\"2021-06-17T06:29:12+00:00\",\"breadcrumb\":{\"@id\":\"https:\\\/\\\/www.sarlux.saras.it\\\/it\\\/attivazione-piano-di-emergenza-piogge-torrenziali\\\/#breadcrumb\"},\"inLanguage\":\"it-IT\",\"potentialAction\":[{\"@type\":\"ReadAction\",\"target\":[\"https:\\\/\\\/www.sarlux.saras.it\\\/it\\\/attivazione-piano-di-emergenza-piogge-torrenziali\\\/\"]}]},{\"@type\":\"BreadcrumbList\",\"@id\":\"https:\\\/\\\/www.sarlux.saras.it\\\/it\\\/attivazione-piano-di-emergenza-piogge-torrenziali\\\/#breadcrumb\",\"itemListElement\":[{\"@type\":\"ListItem\",\"position\":1,\"name\":\"Home\",\"item\":\"https:\\\/\\\/www.sarlux.saras.it\\\/it\\\/\"},{\"@type\":\"ListItem\",\"position\":2,\"name\":\"Allerta meteo, Piano di emergenza piogge torrenziali alla Sarlux\"}]},{\"@type\":\"WebSite\",\"@id\":\"https:\\\/\\\/www.sarlux.saras.it\\\/it\\\/#website\",\"url\":\"https:\\\/\\\/www.sarlux.saras.it\\\/it\\\/\",\"name\":\"Sarlux\",\"description\":\"\",\"publisher\":{\"@id\":\"https:\\\/\\\/www.sarlux.saras.it\\\/it\\\/#organization\"},\"potentialAction\":[{\"@type\":\"SearchAction\",\"target\":{\"@type\":\"EntryPoint\",\"urlTemplate\":\"https:\\\/\\\/www.sarlux.saras.it\\\/it\\\/?s={search_term_string}\"},\"query-input\":{\"@type\":\"PropertyValueSpecification\",\"valueRequired\":true,\"valueName\":\"search_term_string\"}}],\"inLanguage\":\"it-IT\"},{\"@type\":\"Organization\",\"@id\":\"https:\\\/\\\/www.sarlux.saras.it\\\/it\\\/#organization\",\"name\":\"Sarlux\",\"url\":\"https:\\\/\\\/www.sarlux.saras.it\\\/it\\\/\",\"logo\":{\"@type\":\"ImageObject\",\"inLanguage\":\"it-IT\",\"@id\":\"https:\\\/\\\/www.sarlux.saras.it\\\/it\\\/#\\\/schema\\\/logo\\\/image\\\/\",\"url\":\"https:\\\/\\\/www.sarlux.saras.it\\\/wp-content\\\/uploads\\\/2017\\\/12\\\/logo-pc-1.png\",\"contentUrl\":\"https:\\\/\\\/www.sarlux.saras.it\\\/wp-content\\\/uploads\\\/2017\\\/12\\\/logo-pc-1.png\",\"width\":184,\"height\":86,\"caption\":\"Sarlux\"},\"image\":{\"@id\":\"https:\\\/\\\/www.sarlux.saras.it\\\/it\\\/#\\\/schema\\\/logo\\\/image\\\/\"}},{\"@type\":\"Person\",\"@id\":\"https:\\\/\\\/www.sarlux.saras.it\\\/it\\\/#\\\/schema\\\/person\\\/c7561934b223f17087f8e08f41b37b83\",\"name\":\"newsarlux\",\"image\":{\"@type\":\"ImageObject\",\"inLanguage\":\"it-IT\",\"@id\":\"https:\\\/\\\/secure.gravatar.com\\\/avatar\\\/eb7f74d52340ebedd5480701fcdd6d2904abef8cdb3a51882f629f2dd32d610d?s=96&d=mm&r=g\",\"url\":\"https:\\\/\\\/secure.gravatar.com\\\/avatar\\\/eb7f74d52340ebedd5480701fcdd6d2904abef8cdb3a51882f629f2dd32d610d?s=96&d=mm&r=g\",\"contentUrl\":\"https:\\\/\\\/secure.gravatar.com\\\/avatar\\\/eb7f74d52340ebedd5480701fcdd6d2904abef8cdb3a51882f629f2dd32d610d?s=96&d=mm&r=g\",\"caption\":\"newsarlux\"},\"url\":\"\"}]}<\/script>\n<!-- \/ Yoast SEO plugin. -->","yoast_head_json":{"title":"Allerta meteo, Piano di emergenza piogge torrenziali alla Sarlux - Sarlux Saras | Refining & Power","robots":{"index":"index","follow":"follow","max-snippet":"max-snippet:-1","max-image-preview":"max-image-preview:large","max-video-preview":"max-video-preview:-1"},"canonical":"https:\/\/www.sarlux.saras.it\/it\/attivazione-piano-di-emergenza-piogge-torrenziali\/","og_locale":"it_IT","og_type":"article","og_title":"Allerta meteo, Piano di emergenza piogge torrenziali alla Sarlux - Sarlux Saras | Refining & Power","og_description":"In conseguenza del violentissimo nubifragio di ieri sera, Sarlux ha attivato le procedure previste dal \u201cPiano di emergenza piogge torrenziali\u201d approvato dalle Autorit\u00e0. Gi\u00e0 da luned\u00ec, [\u2026]","og_url":"https:\/\/www.sarlux.saras.it\/it\/attivazione-piano-di-emergenza-piogge-torrenziali\/","og_site_name":"Sarlux Saras | Refining & Power","article_published_time":"2015-10-01T07:54:50+00:00","article_modified_time":"2021-06-17T06:29:12+00:00","author":"newsarlux","twitter_card":"summary_large_image","twitter_misc":{"Scritto da":"newsarlux","Tempo di lettura stimato":"1 minuto"},"schema":{"@context":"https:\/\/schema.org","@graph":[{"@type":"Article","@id":"https:\/\/www.sarlux.saras.it\/it\/attivazione-piano-di-emergenza-piogge-torrenziali\/#article","isPartOf":{"@id":"https:\/\/www.sarlux.saras.it\/it\/attivazione-piano-di-emergenza-piogge-torrenziali\/"},"author":{"name":"newsarlux","@id":"https:\/\/www.sarlux.saras.it\/it\/#\/schema\/person\/c7561934b223f17087f8e08f41b37b83"},"headline":"Allerta meteo, Piano di emergenza piogge torrenziali alla Sarlux","datePublished":"2015-10-01T07:54:50+00:00","dateModified":"2021-06-17T06:29:12+00:00","mainEntityOfPage":{"@id":"https:\/\/www.sarlux.saras.it\/it\/attivazione-piano-di-emergenza-piogge-torrenziali\/"},"wordCount":220,"publisher":{"@id":"https:\/\/www.sarlux.saras.it\/it\/#organization"},"articleSection":["Comunicati Stampa"],"inLanguage":"it-IT"},{"@type":"WebPage","@id":"https:\/\/www.sarlux.saras.it\/it\/attivazione-piano-di-emergenza-piogge-torrenziali\/","url":"https:\/\/www.sarlux.saras.it\/it\/attivazione-piano-di-emergenza-piogge-torrenziali\/","name":"Allerta meteo, Piano di emergenza piogge torrenziali alla Sarlux - Sarlux Saras | Refining & Power","isPartOf":{"@id":"https:\/\/www.sarlux.saras.it\/it\/#website"},"datePublished":"2015-10-01T07:54:50+00:00","dateModified":"2021-06-17T06:29:12+00:00","breadcrumb":{"@id":"https:\/\/www.sarlux.saras.it\/it\/attivazione-piano-di-emergenza-piogge-torrenziali\/#breadcrumb"},"inLanguage":"it-IT","potentialAction":[{"@type":"ReadAction","target":["https:\/\/www.sarlux.saras.it\/it\/attivazione-piano-di-emergenza-piogge-torrenziali\/"]}]},{"@type":"BreadcrumbList","@id":"https:\/\/www.sarlux.saras.it\/it\/attivazione-piano-di-emergenza-piogge-torrenziali\/#breadcrumb","itemListElement":[{"@type":"ListItem","position":1,"name":"Home","item":"https:\/\/www.sarlux.saras.it\/it\/"},{"@type":"ListItem","position":2,"name":"Allerta meteo, Piano di emergenza piogge torrenziali alla Sarlux"}]},{"@type":"WebSite","@id":"https:\/\/www.sarlux.saras.it\/it\/#website","url":"https:\/\/www.sarlux.saras.it\/it\/","name":"Sarlux","description":"","publisher":{"@id":"https:\/\/www.sarlux.saras.it\/it\/#organization"},"potentialAction":[{"@type":"SearchAction","target":{"@type":"EntryPoint","urlTemplate":"https:\/\/www.sarlux.saras.it\/it\/?s={search_term_string}"},"query-input":{"@type":"PropertyValueSpecification","valueRequired":true,"valueName":"search_term_string"}}],"inLanguage":"it-IT"},{"@type":"Organization","@id":"https:\/\/www.sarlux.saras.it\/it\/#organization","name":"Sarlux","url":"https:\/\/www.sarlux.saras.it\/it\/","logo":{"@type":"ImageObject","inLanguage":"it-IT","@id":"https:\/\/www.sarlux.saras.it\/it\/#\/schema\/logo\/image\/","url":"https:\/\/www.sarlux.saras.it\/wp-content\/uploads\/2017\/12\/logo-pc-1.png","contentUrl":"https:\/\/www.sarlux.saras.it\/wp-content\/uploads\/2017\/12\/logo-pc-1.png","width":184,"height":86,"caption":"Sarlux"},"image":{"@id":"https:\/\/www.sarlux.saras.it\/it\/#\/schema\/logo\/image\/"}},{"@type":"Person","@id":"https:\/\/www.sarlux.saras.it\/it\/#\/schema\/person\/c7561934b223f17087f8e08f41b37b83","name":"newsarlux","image":{"@type":"ImageObject","inLanguage":"it-IT","@id":"https:\/\/secure.gravatar.com\/avatar\/eb7f74d52340ebedd5480701fcdd6d2904abef8cdb3a51882f629f2dd32d610d?s=96&d=mm&r=g","url":"https:\/\/secure.gravatar.com\/avatar\/eb7f74d52340ebedd5480701fcdd6d2904abef8cdb3a51882f629f2dd32d610d?s=96&d=mm&r=g","contentUrl":"https:\/\/secure.gravatar.com\/avatar\/eb7f74d52340ebedd5480701fcdd6d2904abef8cdb3a51882f629f2dd32d610d?s=96&d=mm&r=g","caption":"newsarlux"},"url":""}]}},"_links":{"self":[{"href":"https:\/\/www.sarlux.saras.it\/it\/wp-json\/wp\/v2\/posts\/3521","targetHints":{"allow":["GET"]}}],"collection":[{"href":"https:\/\/www.sarlux.saras.it\/it\/wp-json\/wp\/v2\/posts"}],"about":[{"href":"https:\/\/www.sarlux.saras.it\/it\/wp-json\/wp\/v2\/types\/post"}],"author":[{"embeddable":true,"href":"https:\/\/www.sarlux.saras.it\/it\/wp-json\/wp\/v2\/users\/2"}],"replies":[{"embeddable":true,"href":"https:\/\/www.sarlux.saras.it\/it\/wp-json\/wp\/v2\/comments?post=3521"}],"version-history":[{"count":2,"href":"https:\/\/www.sarlux.saras.it\/it\/wp-json\/wp\/v2\/posts\/3521\/revisions"}],"predecessor-version":[{"id":543507,"href":"https:\/\/www.sarlux.saras.it\/it\/wp-json\/wp\/v2\/posts\/3521\/revisions\/543507"}],"wp:attachment":[{"href":"https:\/\/www.sarlux.saras.it\/it\/wp-json\/wp\/v2\/media?parent=3521"}],"wp:term":[{"taxonomy":"category","embeddable":true,"href":"https:\/\/www.sarlux.saras.it\/it\/wp-json\/wp\/v2\/categories?post=3521"},{"taxonomy":"post_tag","embeddable":true,"href":"https:\/\/www.sarlux.saras.it\/it\/wp-json\/wp\/v2\/tags?post=3521"}],"curies":[{"name":"wp","href":"https:\/\/api.w.org\/{rel}","templated":true}]}}