{"id":3675,"date":"2015-11-19T13:55:20","date_gmt":"2015-11-19T13:55:20","guid":{"rendered":"http:\/\/www.sarlux.saras.it\/?p=3675"},"modified":"2019-09-13T15:46:28","modified_gmt":"2019-09-13T15:46:28","slug":"great-med-come-coniugare-responsabilita-e-sostenibilita-ambientale","status":"publish","type":"post","link":"https:\/\/www.sarlux.saras.it\/it\/great-med-come-coniugare-responsabilita-e-sostenibilita-ambientale\/","title":{"rendered":"Sostenibilit\u00e0, Sarlux partecipa al progetto dell&#039;Universit\u00e0 La Sapienza"},"content":{"rendered":"<p><img loading=\"lazy\" decoding=\"async\" class=\"alignnone  wp-image-3680 aligncenter\" src=\"http:\/\/www.sarlux.saras.it\/wp-content\/uploads\/2015\/11\/FullSizeRender-2-225x300.jpg\" alt=\"FullSizeRender (2)\" width=\"225\" height=\"300\" \/><\/p>\n<p>&nbsp;<\/p>\n<p>Sarlux \u00e8 stata invitata a partecipare al progetto &#8220;GREAT Med&#8221;, dell&#8217;Universit\u00e0 La Sapienza, che punta a fornire gli strumenti per la conservazione della biodiversit\u00e0, il monitoraggio ambientale e la mitigazione degli impatti connessi alle attivit\u00e0 antropiche nelle aree costiere del Mediterraneo.\u00a0Il 16 Novembre il team GREAT Med ha presentato alle istituzioni locali ed ai portatori di interesse, presso il\u00a0Parco Naturale Regionale Molentargius,\u00a0le nuove strategie di monitoraggio e gestione della costa, affinch\u00e9 possano essere applicate nei territori di loro competenza, e facilitare una gestione costiera basata sui principi di conservazione della natura e fruizione sostenibile della fascia costiera,\u00a0mostrando i risultati ottenuti dal progetto a distanza \u00a0in 5 aree pilota: Golfo di Cagliari, Costa della Provenza in Francia, Golfo di Gabes in Tunisia, costa di Beirut e di Byblos in Libano, ove le stesse strategie sono state utilizzate. Sarlux \u00e8 stata invitata a presentare le attivit\u00e0 di Gestione del sistema ambientale, che consente di lavorare monitorando tutti gli effetti della produzione sull&#8217;ambiente, e quindi di garantire che i livelli di emissione siano sempre al di sotto dei limiti di legge. \u00a0Per la societ\u00e0 del gruppo Saras, \u00e8 intervenuto Walter Cocco, responsabile Health, Safety, Environment\u00a0del sito di Sarroch, assieme\u00a0al professor\u00a0Carlo Blasi, coordinatore del progetto, in qualit\u00e0 di mediatore, e i relatori Gianluca Orr\u00f9 (Servizio Tutela della Natura e Politiche Forestali, RAS), Tiziana Lai e Paolo Vargiu (Conservatoria delle Coste, RAS), Giuseppe Biggio (Servizio Valutazioni Ambientali, RAS), Giorgio Costa (Servizio Osservatorio del Paesaggio e del Territorio, Sistemi Informativi Territoriali, RAS).<\/p>\n","protected":false},"excerpt":{"rendered":"<p>&nbsp; Sarlux \u00e8 stata invitata a partecipare al progetto &#8220;GREAT Med&#8221;, dell&#8217;Universit\u00e0 La Sapienza, che punta a fornire gli strumenti per la conservazione della biodiversit\u00e0, il<span class=\"excerpt-hellip\"> [\u2026]<\/span><\/p>\n","protected":false},"author":2,"featured_media":3681,"comment_status":"open","ping_status":"open","sticky":false,"template":"","format":"standard","meta":{"_acf_changed":false,"inline_featured_image":false,"footnotes":""},"categories":[17],"tags":[],"class_list":["post-3675","post","type-post","status-publish","format-standard","has-post-thumbnail","hentry","category-news"],"acf":[],"yoast_head":"<!-- This site is optimized with the Yoast SEO plugin v27.3 - https:\/\/yoast.com\/product\/yoast-seo-wordpress\/ -->\n<title>Sarlux partecipa al progetto della Sapienza<\/title>\n<meta name=\"description\" content=\"Sostenibilit\u00e0, Sarlux partecipa al progetto della Sapienza\" \/>\n<meta name=\"robots\" content=\"index, follow, max-snippet:-1, max-image-preview:large, max-video-preview:-1\" \/>\n<link rel=\"canonical\" href=\"https:\/\/www.sarlux.saras.it\/it\/great-med-come-coniugare-responsabilita-e-sostenibilita-ambientale\/\" \/>\n<meta property=\"og:locale\" content=\"it_IT\" \/>\n<meta property=\"og:type\" content=\"article\" \/>\n<meta property=\"og:title\" content=\"Sarlux partecipa al progetto della Sapienza\" \/>\n<meta property=\"og:description\" content=\"Sostenibilit\u00e0, Sarlux partecipa al progetto della Sapienza\" \/>\n<meta property=\"og:url\" content=\"https:\/\/www.sarlux.saras.it\/it\/great-med-come-coniugare-responsabilita-e-sostenibilita-ambientale\/\" \/>\n<meta property=\"og:site_name\" content=\"Sarlux Saras | Refining &amp; Power\" \/>\n<meta property=\"article:published_time\" content=\"2015-11-19T13:55:20+00:00\" \/>\n<meta property=\"article:modified_time\" content=\"2019-09-13T15:46:28+00:00\" \/>\n<meta name=\"author\" content=\"newsarlux\" \/>\n<meta name=\"twitter:card\" content=\"summary_large_image\" \/>\n<meta name=\"twitter:label1\" content=\"Scritto da\" \/>\n\t<meta name=\"twitter:data1\" content=\"newsarlux\" \/>\n\t<meta name=\"twitter:label2\" content=\"Tempo di lettura stimato\" \/>\n\t<meta name=\"twitter:data2\" content=\"1 minuto\" \/>\n<script type=\"application\/ld+json\" class=\"yoast-schema-graph\">{\"@context\":\"https:\\\/\\\/schema.org\",\"@graph\":[{\"@type\":\"Article\",\"@id\":\"https:\\\/\\\/www.sarlux.saras.it\\\/it\\\/great-med-come-coniugare-responsabilita-e-sostenibilita-ambientale\\\/#article\",\"isPartOf\":{\"@id\":\"https:\\\/\\\/www.sarlux.saras.it\\\/it\\\/great-med-come-coniugare-responsabilita-e-sostenibilita-ambientale\\\/\"},\"author\":{\"name\":\"newsarlux\",\"@id\":\"https:\\\/\\\/www.sarlux.saras.it\\\/it\\\/#\\\/schema\\\/person\\\/c7561934b223f17087f8e08f41b37b83\"},\"headline\":\"Sostenibilit\u00e0, Sarlux partecipa al progetto dell&#039;Universit\u00e0 La Sapienza\",\"datePublished\":\"2015-11-19T13:55:20+00:00\",\"dateModified\":\"2019-09-13T15:46:28+00:00\",\"mainEntityOfPage\":{\"@id\":\"https:\\\/\\\/www.sarlux.saras.it\\\/it\\\/great-med-come-coniugare-responsabilita-e-sostenibilita-ambientale\\\/\"},\"wordCount\":258,\"commentCount\":0,\"publisher\":{\"@id\":\"https:\\\/\\\/www.sarlux.saras.it\\\/it\\\/#organization\"},\"image\":{\"@id\":\"https:\\\/\\\/www.sarlux.saras.it\\\/it\\\/great-med-come-coniugare-responsabilita-e-sostenibilita-ambientale\\\/#primaryimage\"},\"thumbnailUrl\":\"\",\"articleSection\":[\"News\"],\"inLanguage\":\"it-IT\",\"potentialAction\":[{\"@type\":\"CommentAction\",\"name\":\"Comment\",\"target\":[\"https:\\\/\\\/www.sarlux.saras.it\\\/it\\\/great-med-come-coniugare-responsabilita-e-sostenibilita-ambientale\\\/#respond\"]}]},{\"@type\":\"WebPage\",\"@id\":\"https:\\\/\\\/www.sarlux.saras.it\\\/it\\\/great-med-come-coniugare-responsabilita-e-sostenibilita-ambientale\\\/\",\"url\":\"https:\\\/\\\/www.sarlux.saras.it\\\/it\\\/great-med-come-coniugare-responsabilita-e-sostenibilita-ambientale\\\/\",\"name\":\"Sarlux partecipa al progetto della Sapienza\",\"isPartOf\":{\"@id\":\"https:\\\/\\\/www.sarlux.saras.it\\\/it\\\/#website\"},\"primaryImageOfPage\":{\"@id\":\"https:\\\/\\\/www.sarlux.saras.it\\\/it\\\/great-med-come-coniugare-responsabilita-e-sostenibilita-ambientale\\\/#primaryimage\"},\"image\":{\"@id\":\"https:\\\/\\\/www.sarlux.saras.it\\\/it\\\/great-med-come-coniugare-responsabilita-e-sostenibilita-ambientale\\\/#primaryimage\"},\"thumbnailUrl\":\"\",\"datePublished\":\"2015-11-19T13:55:20+00:00\",\"dateModified\":\"2019-09-13T15:46:28+00:00\",\"description\":\"Sostenibilit\u00e0, Sarlux partecipa al progetto della Sapienza\",\"breadcrumb\":{\"@id\":\"https:\\\/\\\/www.sarlux.saras.it\\\/it\\\/great-med-come-coniugare-responsabilita-e-sostenibilita-ambientale\\\/#breadcrumb\"},\"inLanguage\":\"it-IT\",\"potentialAction\":[{\"@type\":\"ReadAction\",\"target\":[\"https:\\\/\\\/www.sarlux.saras.it\\\/it\\\/great-med-come-coniugare-responsabilita-e-sostenibilita-ambientale\\\/\"]}]},{\"@type\":\"ImageObject\",\"inLanguage\":\"it-IT\",\"@id\":\"https:\\\/\\\/www.sarlux.saras.it\\\/it\\\/great-med-come-coniugare-responsabilita-e-sostenibilita-ambientale\\\/#primaryimage\",\"url\":\"\",\"contentUrl\":\"\"},{\"@type\":\"BreadcrumbList\",\"@id\":\"https:\\\/\\\/www.sarlux.saras.it\\\/it\\\/great-med-come-coniugare-responsabilita-e-sostenibilita-ambientale\\\/#breadcrumb\",\"itemListElement\":[{\"@type\":\"ListItem\",\"position\":1,\"name\":\"Home\",\"item\":\"https:\\\/\\\/www.sarlux.saras.it\\\/it\\\/\"},{\"@type\":\"ListItem\",\"position\":2,\"name\":\"Sostenibilit\u00e0, Sarlux partecipa al progetto dell&#039;Universit\u00e0 La Sapienza\"}]},{\"@type\":\"WebSite\",\"@id\":\"https:\\\/\\\/www.sarlux.saras.it\\\/it\\\/#website\",\"url\":\"https:\\\/\\\/www.sarlux.saras.it\\\/it\\\/\",\"name\":\"Sarlux\",\"description\":\"\",\"publisher\":{\"@id\":\"https:\\\/\\\/www.sarlux.saras.it\\\/it\\\/#organization\"},\"potentialAction\":[{\"@type\":\"SearchAction\",\"target\":{\"@type\":\"EntryPoint\",\"urlTemplate\":\"https:\\\/\\\/www.sarlux.saras.it\\\/it\\\/?s={search_term_string}\"},\"query-input\":{\"@type\":\"PropertyValueSpecification\",\"valueRequired\":true,\"valueName\":\"search_term_string\"}}],\"inLanguage\":\"it-IT\"},{\"@type\":\"Organization\",\"@id\":\"https:\\\/\\\/www.sarlux.saras.it\\\/it\\\/#organization\",\"name\":\"Sarlux\",\"url\":\"https:\\\/\\\/www.sarlux.saras.it\\\/it\\\/\",\"logo\":{\"@type\":\"ImageObject\",\"inLanguage\":\"it-IT\",\"@id\":\"https:\\\/\\\/www.sarlux.saras.it\\\/it\\\/#\\\/schema\\\/logo\\\/image\\\/\",\"url\":\"https:\\\/\\\/www.sarlux.saras.it\\\/wp-content\\\/uploads\\\/2017\\\/12\\\/logo-pc-1.png\",\"contentUrl\":\"https:\\\/\\\/www.sarlux.saras.it\\\/wp-content\\\/uploads\\\/2017\\\/12\\\/logo-pc-1.png\",\"width\":184,\"height\":86,\"caption\":\"Sarlux\"},\"image\":{\"@id\":\"https:\\\/\\\/www.sarlux.saras.it\\\/it\\\/#\\\/schema\\\/logo\\\/image\\\/\"}},{\"@type\":\"Person\",\"@id\":\"https:\\\/\\\/www.sarlux.saras.it\\\/it\\\/#\\\/schema\\\/person\\\/c7561934b223f17087f8e08f41b37b83\",\"name\":\"newsarlux\",\"image\":{\"@type\":\"ImageObject\",\"inLanguage\":\"it-IT\",\"@id\":\"https:\\\/\\\/secure.gravatar.com\\\/avatar\\\/eb7f74d52340ebedd5480701fcdd6d2904abef8cdb3a51882f629f2dd32d610d?s=96&d=mm&r=g\",\"url\":\"https:\\\/\\\/secure.gravatar.com\\\/avatar\\\/eb7f74d52340ebedd5480701fcdd6d2904abef8cdb3a51882f629f2dd32d610d?s=96&d=mm&r=g\",\"contentUrl\":\"https:\\\/\\\/secure.gravatar.com\\\/avatar\\\/eb7f74d52340ebedd5480701fcdd6d2904abef8cdb3a51882f629f2dd32d610d?s=96&d=mm&r=g\",\"caption\":\"newsarlux\"},\"url\":\"\"}]}<\/script>\n<!-- \/ Yoast SEO plugin. -->","yoast_head_json":{"title":"Sarlux partecipa al progetto della Sapienza","description":"Sostenibilit\u00e0, Sarlux partecipa al progetto della Sapienza","robots":{"index":"index","follow":"follow","max-snippet":"max-snippet:-1","max-image-preview":"max-image-preview:large","max-video-preview":"max-video-preview:-1"},"canonical":"https:\/\/www.sarlux.saras.it\/it\/great-med-come-coniugare-responsabilita-e-sostenibilita-ambientale\/","og_locale":"it_IT","og_type":"article","og_title":"Sarlux partecipa al progetto della Sapienza","og_description":"Sostenibilit\u00e0, Sarlux partecipa al progetto della Sapienza","og_url":"https:\/\/www.sarlux.saras.it\/it\/great-med-come-coniugare-responsabilita-e-sostenibilita-ambientale\/","og_site_name":"Sarlux Saras | Refining & Power","article_published_time":"2015-11-19T13:55:20+00:00","article_modified_time":"2019-09-13T15:46:28+00:00","author":"newsarlux","twitter_card":"summary_large_image","twitter_misc":{"Scritto da":"newsarlux","Tempo di lettura stimato":"1 minuto"},"schema":{"@context":"https:\/\/schema.org","@graph":[{"@type":"Article","@id":"https:\/\/www.sarlux.saras.it\/it\/great-med-come-coniugare-responsabilita-e-sostenibilita-ambientale\/#article","isPartOf":{"@id":"https:\/\/www.sarlux.saras.it\/it\/great-med-come-coniugare-responsabilita-e-sostenibilita-ambientale\/"},"author":{"name":"newsarlux","@id":"https:\/\/www.sarlux.saras.it\/it\/#\/schema\/person\/c7561934b223f17087f8e08f41b37b83"},"headline":"Sostenibilit\u00e0, Sarlux partecipa al progetto dell&#039;Universit\u00e0 La Sapienza","datePublished":"2015-11-19T13:55:20+00:00","dateModified":"2019-09-13T15:46:28+00:00","mainEntityOfPage":{"@id":"https:\/\/www.sarlux.saras.it\/it\/great-med-come-coniugare-responsabilita-e-sostenibilita-ambientale\/"},"wordCount":258,"commentCount":0,"publisher":{"@id":"https:\/\/www.sarlux.saras.it\/it\/#organization"},"image":{"@id":"https:\/\/www.sarlux.saras.it\/it\/great-med-come-coniugare-responsabilita-e-sostenibilita-ambientale\/#primaryimage"},"thumbnailUrl":"","articleSection":["News"],"inLanguage":"it-IT","potentialAction":[{"@type":"CommentAction","name":"Comment","target":["https:\/\/www.sarlux.saras.it\/it\/great-med-come-coniugare-responsabilita-e-sostenibilita-ambientale\/#respond"]}]},{"@type":"WebPage","@id":"https:\/\/www.sarlux.saras.it\/it\/great-med-come-coniugare-responsabilita-e-sostenibilita-ambientale\/","url":"https:\/\/www.sarlux.saras.it\/it\/great-med-come-coniugare-responsabilita-e-sostenibilita-ambientale\/","name":"Sarlux partecipa al progetto della Sapienza","isPartOf":{"@id":"https:\/\/www.sarlux.saras.it\/it\/#website"},"primaryImageOfPage":{"@id":"https:\/\/www.sarlux.saras.it\/it\/great-med-come-coniugare-responsabilita-e-sostenibilita-ambientale\/#primaryimage"},"image":{"@id":"https:\/\/www.sarlux.saras.it\/it\/great-med-come-coniugare-responsabilita-e-sostenibilita-ambientale\/#primaryimage"},"thumbnailUrl":"","datePublished":"2015-11-19T13:55:20+00:00","dateModified":"2019-09-13T15:46:28+00:00","description":"Sostenibilit\u00e0, Sarlux partecipa al progetto della Sapienza","breadcrumb":{"@id":"https:\/\/www.sarlux.saras.it\/it\/great-med-come-coniugare-responsabilita-e-sostenibilita-ambientale\/#breadcrumb"},"inLanguage":"it-IT","potentialAction":[{"@type":"ReadAction","target":["https:\/\/www.sarlux.saras.it\/it\/great-med-come-coniugare-responsabilita-e-sostenibilita-ambientale\/"]}]},{"@type":"ImageObject","inLanguage":"it-IT","@id":"https:\/\/www.sarlux.saras.it\/it\/great-med-come-coniugare-responsabilita-e-sostenibilita-ambientale\/#primaryimage","url":"","contentUrl":""},{"@type":"BreadcrumbList","@id":"https:\/\/www.sarlux.saras.it\/it\/great-med-come-coniugare-responsabilita-e-sostenibilita-ambientale\/#breadcrumb","itemListElement":[{"@type":"ListItem","position":1,"name":"Home","item":"https:\/\/www.sarlux.saras.it\/it\/"},{"@type":"ListItem","position":2,"name":"Sostenibilit\u00e0, Sarlux partecipa al progetto dell&#039;Universit\u00e0 La Sapienza"}]},{"@type":"WebSite","@id":"https:\/\/www.sarlux.saras.it\/it\/#website","url":"https:\/\/www.sarlux.saras.it\/it\/","name":"Sarlux","description":"","publisher":{"@id":"https:\/\/www.sarlux.saras.it\/it\/#organization"},"potentialAction":[{"@type":"SearchAction","target":{"@type":"EntryPoint","urlTemplate":"https:\/\/www.sarlux.saras.it\/it\/?s={search_term_string}"},"query-input":{"@type":"PropertyValueSpecification","valueRequired":true,"valueName":"search_term_string"}}],"inLanguage":"it-IT"},{"@type":"Organization","@id":"https:\/\/www.sarlux.saras.it\/it\/#organization","name":"Sarlux","url":"https:\/\/www.sarlux.saras.it\/it\/","logo":{"@type":"ImageObject","inLanguage":"it-IT","@id":"https:\/\/www.sarlux.saras.it\/it\/#\/schema\/logo\/image\/","url":"https:\/\/www.sarlux.saras.it\/wp-content\/uploads\/2017\/12\/logo-pc-1.png","contentUrl":"https:\/\/www.sarlux.saras.it\/wp-content\/uploads\/2017\/12\/logo-pc-1.png","width":184,"height":86,"caption":"Sarlux"},"image":{"@id":"https:\/\/www.sarlux.saras.it\/it\/#\/schema\/logo\/image\/"}},{"@type":"Person","@id":"https:\/\/www.sarlux.saras.it\/it\/#\/schema\/person\/c7561934b223f17087f8e08f41b37b83","name":"newsarlux","image":{"@type":"ImageObject","inLanguage":"it-IT","@id":"https:\/\/secure.gravatar.com\/avatar\/eb7f74d52340ebedd5480701fcdd6d2904abef8cdb3a51882f629f2dd32d610d?s=96&d=mm&r=g","url":"https:\/\/secure.gravatar.com\/avatar\/eb7f74d52340ebedd5480701fcdd6d2904abef8cdb3a51882f629f2dd32d610d?s=96&d=mm&r=g","contentUrl":"https:\/\/secure.gravatar.com\/avatar\/eb7f74d52340ebedd5480701fcdd6d2904abef8cdb3a51882f629f2dd32d610d?s=96&d=mm&r=g","caption":"newsarlux"},"url":""}]}},"_links":{"self":[{"href":"https:\/\/www.sarlux.saras.it\/it\/wp-json\/wp\/v2\/posts\/3675","targetHints":{"allow":["GET"]}}],"collection":[{"href":"https:\/\/www.sarlux.saras.it\/it\/wp-json\/wp\/v2\/posts"}],"about":[{"href":"https:\/\/www.sarlux.saras.it\/it\/wp-json\/wp\/v2\/types\/post"}],"author":[{"embeddable":true,"href":"https:\/\/www.sarlux.saras.it\/it\/wp-json\/wp\/v2\/users\/2"}],"replies":[{"embeddable":true,"href":"https:\/\/www.sarlux.saras.it\/it\/wp-json\/wp\/v2\/comments?post=3675"}],"version-history":[{"count":1,"href":"https:\/\/www.sarlux.saras.it\/it\/wp-json\/wp\/v2\/posts\/3675\/revisions"}],"predecessor-version":[{"id":524368,"href":"https:\/\/www.sarlux.saras.it\/it\/wp-json\/wp\/v2\/posts\/3675\/revisions\/524368"}],"wp:featuredmedia":[{"embeddable":true,"href":"https:\/\/www.sarlux.saras.it\/it\/wp-json\/"}],"wp:attachment":[{"href":"https:\/\/www.sarlux.saras.it\/it\/wp-json\/wp\/v2\/media?parent=3675"}],"wp:term":[{"taxonomy":"category","embeddable":true,"href":"https:\/\/www.sarlux.saras.it\/it\/wp-json\/wp\/v2\/categories?post=3675"},{"taxonomy":"post_tag","embeddable":true,"href":"https:\/\/www.sarlux.saras.it\/it\/wp-json\/wp\/v2\/tags?post=3675"}],"curies":[{"name":"wp","href":"https:\/\/api.w.org\/{rel}","templated":true}]}}