{"id":3722,"date":"2015-12-06T18:40:38","date_gmt":"2015-12-06T18:40:38","guid":{"rendered":"http:\/\/www.sarlux.saras.it\/?p=3722"},"modified":"2019-09-13T15:46:47","modified_gmt":"2019-09-13T15:46:47","slug":"al-santelia-cagliari-como-dedicata-alla-saras-football-academy","status":"publish","type":"post","link":"https:\/\/www.sarlux.saras.it\/it\/al-santelia-cagliari-como-dedicata-alla-saras-football-academy\/","title":{"rendered":"Al Sant&#039;Elia, Cagliari-Como dedicata alla Saras Football Academy"},"content":{"rendered":"<p style=\"text-align: center;\"><img loading=\"lazy\" decoding=\"async\" class=\"aligncenter wp-image-2649\" src=\"http:\/\/www.sarlux.saras.it\/wp-content\/uploads\/2015\/09\/img3-300x170.jpg\" alt=\"img3\" width=\"705\" height=\"400\" \/><\/p>\n<p>Il 6 dicembre, in occasione della partita Cagliari-Como, il Cagliari Calcio ha dedicato la giornata alla Football Academy, della quale Saras \u00e8 sponsor unico. Un intero settore dello stadio \u00e8 stato assegnato ai ragazzi in et\u00e0 di Academy (6-14 anni), a cui \u00e8 stato riservato l&#8217;accesso libero. Tra di loro, anche tutti gli iscritti alle scuole calcio di Sarroch, alle associazioni Giovent\u00f9 Sarroch e San Giorgio.<\/p>\n<p>I piccoli campioni dell\u2019Academy torneranno a sfidarsi per la seconda edizione del trofeo la prossima primavera. Saras cerca di supportare la Football Academy e la sua missione, che \u00e8 insieme sportiva e sociale. Perch\u00e9 far parte dell\u2019Accademia vuol dire ricevere una formazione atletica, senza per\u00f2 dimenticare i valori di lealt\u00e0 e rispetto delle regole. Oltre il pallone, gli specialisti dell\u2019Academy che visitano tutte le squadre affiliate della Sardegna, aiutano dirigenti e tecnici a gestire il rapporto con i genitori, a comprendere i giovani sportivi e a seguire la formazione degli atleti. Del team fa parte anche una delle esperte di risorse umane dei Saras, Luisa Pittau.<\/p>\n","protected":false},"excerpt":{"rendered":"<p>Il 6 dicembre, in occasione della partita Cagliari-Como, il Cagliari Calcio ha dedicato la giornata alla Football Academy, della quale Saras \u00e8 sponsor unico. Un intero<span class=\"excerpt-hellip\"> [\u2026]<\/span><\/p>\n","protected":false},"author":2,"featured_media":2649,"comment_status":"open","ping_status":"open","sticky":false,"template":"","format":"standard","meta":{"_acf_changed":false,"inline_featured_image":false,"footnotes":""},"categories":[17],"tags":[],"class_list":["post-3722","post","type-post","status-publish","format-standard","has-post-thumbnail","hentry","category-news"],"acf":[],"yoast_head":"<!-- This site is optimized with the Yoast SEO plugin v27.3 - https:\/\/yoast.com\/product\/yoast-seo-wordpress\/ -->\n<title>Al Sant&#039;Elia giornata Saras Football Academy<\/title>\n<meta name=\"robots\" content=\"index, follow, max-snippet:-1, max-image-preview:large, max-video-preview:-1\" \/>\n<link rel=\"canonical\" href=\"https:\/\/www.sarlux.saras.it\/it\/al-santelia-cagliari-como-dedicata-alla-saras-football-academy\/\" \/>\n<meta property=\"og:locale\" content=\"it_IT\" \/>\n<meta property=\"og:type\" content=\"article\" \/>\n<meta property=\"og:title\" content=\"Al Sant&#039;Elia giornata Saras Football Academy\" \/>\n<meta property=\"og:description\" content=\"Il 6 dicembre, in occasione della partita Cagliari-Como, il Cagliari Calcio ha dedicato la giornata alla Football Academy, della quale Saras \u00e8 sponsor unico. Un intero [\u2026]\" \/>\n<meta property=\"og:url\" content=\"https:\/\/www.sarlux.saras.it\/it\/al-santelia-cagliari-como-dedicata-alla-saras-football-academy\/\" \/>\n<meta property=\"og:site_name\" content=\"Sarlux Saras | Refining &amp; Power\" \/>\n<meta property=\"article:published_time\" content=\"2015-12-06T18:40:38+00:00\" \/>\n<meta property=\"article:modified_time\" content=\"2019-09-13T15:46:47+00:00\" \/>\n<meta name=\"author\" content=\"newsarlux\" \/>\n<meta name=\"twitter:card\" content=\"summary_large_image\" \/>\n<meta name=\"twitter:label1\" content=\"Scritto da\" \/>\n\t<meta name=\"twitter:data1\" content=\"newsarlux\" \/>\n\t<meta name=\"twitter:label2\" content=\"Tempo di lettura stimato\" \/>\n\t<meta name=\"twitter:data2\" content=\"1 minuto\" \/>\n<script type=\"application\/ld+json\" class=\"yoast-schema-graph\">{\"@context\":\"https:\\\/\\\/schema.org\",\"@graph\":[{\"@type\":\"Article\",\"@id\":\"https:\\\/\\\/www.sarlux.saras.it\\\/it\\\/al-santelia-cagliari-como-dedicata-alla-saras-football-academy\\\/#article\",\"isPartOf\":{\"@id\":\"https:\\\/\\\/www.sarlux.saras.it\\\/it\\\/al-santelia-cagliari-como-dedicata-alla-saras-football-academy\\\/\"},\"author\":{\"name\":\"newsarlux\",\"@id\":\"https:\\\/\\\/www.sarlux.saras.it\\\/it\\\/#\\\/schema\\\/person\\\/c7561934b223f17087f8e08f41b37b83\"},\"headline\":\"Al Sant&#039;Elia, Cagliari-Como dedicata alla Saras Football Academy\",\"datePublished\":\"2015-12-06T18:40:38+00:00\",\"dateModified\":\"2019-09-13T15:46:47+00:00\",\"mainEntityOfPage\":{\"@id\":\"https:\\\/\\\/www.sarlux.saras.it\\\/it\\\/al-santelia-cagliari-como-dedicata-alla-saras-football-academy\\\/\"},\"wordCount\":179,\"commentCount\":0,\"publisher\":{\"@id\":\"https:\\\/\\\/www.sarlux.saras.it\\\/it\\\/#organization\"},\"image\":{\"@id\":\"https:\\\/\\\/www.sarlux.saras.it\\\/it\\\/al-santelia-cagliari-como-dedicata-alla-saras-football-academy\\\/#primaryimage\"},\"thumbnailUrl\":\"\",\"articleSection\":[\"News\"],\"inLanguage\":\"it-IT\",\"potentialAction\":[{\"@type\":\"CommentAction\",\"name\":\"Comment\",\"target\":[\"https:\\\/\\\/www.sarlux.saras.it\\\/it\\\/al-santelia-cagliari-como-dedicata-alla-saras-football-academy\\\/#respond\"]}]},{\"@type\":\"WebPage\",\"@id\":\"https:\\\/\\\/www.sarlux.saras.it\\\/it\\\/al-santelia-cagliari-como-dedicata-alla-saras-football-academy\\\/\",\"url\":\"https:\\\/\\\/www.sarlux.saras.it\\\/it\\\/al-santelia-cagliari-como-dedicata-alla-saras-football-academy\\\/\",\"name\":\"Al Sant&#039;Elia giornata Saras Football Academy\",\"isPartOf\":{\"@id\":\"https:\\\/\\\/www.sarlux.saras.it\\\/it\\\/#website\"},\"primaryImageOfPage\":{\"@id\":\"https:\\\/\\\/www.sarlux.saras.it\\\/it\\\/al-santelia-cagliari-como-dedicata-alla-saras-football-academy\\\/#primaryimage\"},\"image\":{\"@id\":\"https:\\\/\\\/www.sarlux.saras.it\\\/it\\\/al-santelia-cagliari-como-dedicata-alla-saras-football-academy\\\/#primaryimage\"},\"thumbnailUrl\":\"\",\"datePublished\":\"2015-12-06T18:40:38+00:00\",\"dateModified\":\"2019-09-13T15:46:47+00:00\",\"breadcrumb\":{\"@id\":\"https:\\\/\\\/www.sarlux.saras.it\\\/it\\\/al-santelia-cagliari-como-dedicata-alla-saras-football-academy\\\/#breadcrumb\"},\"inLanguage\":\"it-IT\",\"potentialAction\":[{\"@type\":\"ReadAction\",\"target\":[\"https:\\\/\\\/www.sarlux.saras.it\\\/it\\\/al-santelia-cagliari-como-dedicata-alla-saras-football-academy\\\/\"]}]},{\"@type\":\"ImageObject\",\"inLanguage\":\"it-IT\",\"@id\":\"https:\\\/\\\/www.sarlux.saras.it\\\/it\\\/al-santelia-cagliari-como-dedicata-alla-saras-football-academy\\\/#primaryimage\",\"url\":\"\",\"contentUrl\":\"\"},{\"@type\":\"BreadcrumbList\",\"@id\":\"https:\\\/\\\/www.sarlux.saras.it\\\/it\\\/al-santelia-cagliari-como-dedicata-alla-saras-football-academy\\\/#breadcrumb\",\"itemListElement\":[{\"@type\":\"ListItem\",\"position\":1,\"name\":\"Home\",\"item\":\"https:\\\/\\\/www.sarlux.saras.it\\\/it\\\/\"},{\"@type\":\"ListItem\",\"position\":2,\"name\":\"Al Sant&#039;Elia, Cagliari-Como dedicata alla Saras Football Academy\"}]},{\"@type\":\"WebSite\",\"@id\":\"https:\\\/\\\/www.sarlux.saras.it\\\/it\\\/#website\",\"url\":\"https:\\\/\\\/www.sarlux.saras.it\\\/it\\\/\",\"name\":\"Sarlux\",\"description\":\"\",\"publisher\":{\"@id\":\"https:\\\/\\\/www.sarlux.saras.it\\\/it\\\/#organization\"},\"potentialAction\":[{\"@type\":\"SearchAction\",\"target\":{\"@type\":\"EntryPoint\",\"urlTemplate\":\"https:\\\/\\\/www.sarlux.saras.it\\\/it\\\/?s={search_term_string}\"},\"query-input\":{\"@type\":\"PropertyValueSpecification\",\"valueRequired\":true,\"valueName\":\"search_term_string\"}}],\"inLanguage\":\"it-IT\"},{\"@type\":\"Organization\",\"@id\":\"https:\\\/\\\/www.sarlux.saras.it\\\/it\\\/#organization\",\"name\":\"Sarlux\",\"url\":\"https:\\\/\\\/www.sarlux.saras.it\\\/it\\\/\",\"logo\":{\"@type\":\"ImageObject\",\"inLanguage\":\"it-IT\",\"@id\":\"https:\\\/\\\/www.sarlux.saras.it\\\/it\\\/#\\\/schema\\\/logo\\\/image\\\/\",\"url\":\"https:\\\/\\\/www.sarlux.saras.it\\\/wp-content\\\/uploads\\\/2017\\\/12\\\/logo-pc-1.png\",\"contentUrl\":\"https:\\\/\\\/www.sarlux.saras.it\\\/wp-content\\\/uploads\\\/2017\\\/12\\\/logo-pc-1.png\",\"width\":184,\"height\":86,\"caption\":\"Sarlux\"},\"image\":{\"@id\":\"https:\\\/\\\/www.sarlux.saras.it\\\/it\\\/#\\\/schema\\\/logo\\\/image\\\/\"}},{\"@type\":\"Person\",\"@id\":\"https:\\\/\\\/www.sarlux.saras.it\\\/it\\\/#\\\/schema\\\/person\\\/c7561934b223f17087f8e08f41b37b83\",\"name\":\"newsarlux\",\"image\":{\"@type\":\"ImageObject\",\"inLanguage\":\"it-IT\",\"@id\":\"https:\\\/\\\/secure.gravatar.com\\\/avatar\\\/eb7f74d52340ebedd5480701fcdd6d2904abef8cdb3a51882f629f2dd32d610d?s=96&d=mm&r=g\",\"url\":\"https:\\\/\\\/secure.gravatar.com\\\/avatar\\\/eb7f74d52340ebedd5480701fcdd6d2904abef8cdb3a51882f629f2dd32d610d?s=96&d=mm&r=g\",\"contentUrl\":\"https:\\\/\\\/secure.gravatar.com\\\/avatar\\\/eb7f74d52340ebedd5480701fcdd6d2904abef8cdb3a51882f629f2dd32d610d?s=96&d=mm&r=g\",\"caption\":\"newsarlux\"},\"url\":\"\"}]}<\/script>\n<!-- \/ Yoast SEO plugin. -->","yoast_head_json":{"title":"Al Sant&#039;Elia giornata Saras Football Academy","robots":{"index":"index","follow":"follow","max-snippet":"max-snippet:-1","max-image-preview":"max-image-preview:large","max-video-preview":"max-video-preview:-1"},"canonical":"https:\/\/www.sarlux.saras.it\/it\/al-santelia-cagliari-como-dedicata-alla-saras-football-academy\/","og_locale":"it_IT","og_type":"article","og_title":"Al Sant&#039;Elia giornata Saras Football Academy","og_description":"Il 6 dicembre, in occasione della partita Cagliari-Como, il Cagliari Calcio ha dedicato la giornata alla Football Academy, della quale Saras \u00e8 sponsor unico. Un intero [\u2026]","og_url":"https:\/\/www.sarlux.saras.it\/it\/al-santelia-cagliari-como-dedicata-alla-saras-football-academy\/","og_site_name":"Sarlux Saras | Refining & Power","article_published_time":"2015-12-06T18:40:38+00:00","article_modified_time":"2019-09-13T15:46:47+00:00","author":"newsarlux","twitter_card":"summary_large_image","twitter_misc":{"Scritto da":"newsarlux","Tempo di lettura stimato":"1 minuto"},"schema":{"@context":"https:\/\/schema.org","@graph":[{"@type":"Article","@id":"https:\/\/www.sarlux.saras.it\/it\/al-santelia-cagliari-como-dedicata-alla-saras-football-academy\/#article","isPartOf":{"@id":"https:\/\/www.sarlux.saras.it\/it\/al-santelia-cagliari-como-dedicata-alla-saras-football-academy\/"},"author":{"name":"newsarlux","@id":"https:\/\/www.sarlux.saras.it\/it\/#\/schema\/person\/c7561934b223f17087f8e08f41b37b83"},"headline":"Al Sant&#039;Elia, Cagliari-Como dedicata alla Saras Football Academy","datePublished":"2015-12-06T18:40:38+00:00","dateModified":"2019-09-13T15:46:47+00:00","mainEntityOfPage":{"@id":"https:\/\/www.sarlux.saras.it\/it\/al-santelia-cagliari-como-dedicata-alla-saras-football-academy\/"},"wordCount":179,"commentCount":0,"publisher":{"@id":"https:\/\/www.sarlux.saras.it\/it\/#organization"},"image":{"@id":"https:\/\/www.sarlux.saras.it\/it\/al-santelia-cagliari-como-dedicata-alla-saras-football-academy\/#primaryimage"},"thumbnailUrl":"","articleSection":["News"],"inLanguage":"it-IT","potentialAction":[{"@type":"CommentAction","name":"Comment","target":["https:\/\/www.sarlux.saras.it\/it\/al-santelia-cagliari-como-dedicata-alla-saras-football-academy\/#respond"]}]},{"@type":"WebPage","@id":"https:\/\/www.sarlux.saras.it\/it\/al-santelia-cagliari-como-dedicata-alla-saras-football-academy\/","url":"https:\/\/www.sarlux.saras.it\/it\/al-santelia-cagliari-como-dedicata-alla-saras-football-academy\/","name":"Al Sant&#039;Elia giornata Saras Football Academy","isPartOf":{"@id":"https:\/\/www.sarlux.saras.it\/it\/#website"},"primaryImageOfPage":{"@id":"https:\/\/www.sarlux.saras.it\/it\/al-santelia-cagliari-como-dedicata-alla-saras-football-academy\/#primaryimage"},"image":{"@id":"https:\/\/www.sarlux.saras.it\/it\/al-santelia-cagliari-como-dedicata-alla-saras-football-academy\/#primaryimage"},"thumbnailUrl":"","datePublished":"2015-12-06T18:40:38+00:00","dateModified":"2019-09-13T15:46:47+00:00","breadcrumb":{"@id":"https:\/\/www.sarlux.saras.it\/it\/al-santelia-cagliari-como-dedicata-alla-saras-football-academy\/#breadcrumb"},"inLanguage":"it-IT","potentialAction":[{"@type":"ReadAction","target":["https:\/\/www.sarlux.saras.it\/it\/al-santelia-cagliari-como-dedicata-alla-saras-football-academy\/"]}]},{"@type":"ImageObject","inLanguage":"it-IT","@id":"https:\/\/www.sarlux.saras.it\/it\/al-santelia-cagliari-como-dedicata-alla-saras-football-academy\/#primaryimage","url":"","contentUrl":""},{"@type":"BreadcrumbList","@id":"https:\/\/www.sarlux.saras.it\/it\/al-santelia-cagliari-como-dedicata-alla-saras-football-academy\/#breadcrumb","itemListElement":[{"@type":"ListItem","position":1,"name":"Home","item":"https:\/\/www.sarlux.saras.it\/it\/"},{"@type":"ListItem","position":2,"name":"Al Sant&#039;Elia, Cagliari-Como dedicata alla Saras Football Academy"}]},{"@type":"WebSite","@id":"https:\/\/www.sarlux.saras.it\/it\/#website","url":"https:\/\/www.sarlux.saras.it\/it\/","name":"Sarlux","description":"","publisher":{"@id":"https:\/\/www.sarlux.saras.it\/it\/#organization"},"potentialAction":[{"@type":"SearchAction","target":{"@type":"EntryPoint","urlTemplate":"https:\/\/www.sarlux.saras.it\/it\/?s={search_term_string}"},"query-input":{"@type":"PropertyValueSpecification","valueRequired":true,"valueName":"search_term_string"}}],"inLanguage":"it-IT"},{"@type":"Organization","@id":"https:\/\/www.sarlux.saras.it\/it\/#organization","name":"Sarlux","url":"https:\/\/www.sarlux.saras.it\/it\/","logo":{"@type":"ImageObject","inLanguage":"it-IT","@id":"https:\/\/www.sarlux.saras.it\/it\/#\/schema\/logo\/image\/","url":"https:\/\/www.sarlux.saras.it\/wp-content\/uploads\/2017\/12\/logo-pc-1.png","contentUrl":"https:\/\/www.sarlux.saras.it\/wp-content\/uploads\/2017\/12\/logo-pc-1.png","width":184,"height":86,"caption":"Sarlux"},"image":{"@id":"https:\/\/www.sarlux.saras.it\/it\/#\/schema\/logo\/image\/"}},{"@type":"Person","@id":"https:\/\/www.sarlux.saras.it\/it\/#\/schema\/person\/c7561934b223f17087f8e08f41b37b83","name":"newsarlux","image":{"@type":"ImageObject","inLanguage":"it-IT","@id":"https:\/\/secure.gravatar.com\/avatar\/eb7f74d52340ebedd5480701fcdd6d2904abef8cdb3a51882f629f2dd32d610d?s=96&d=mm&r=g","url":"https:\/\/secure.gravatar.com\/avatar\/eb7f74d52340ebedd5480701fcdd6d2904abef8cdb3a51882f629f2dd32d610d?s=96&d=mm&r=g","contentUrl":"https:\/\/secure.gravatar.com\/avatar\/eb7f74d52340ebedd5480701fcdd6d2904abef8cdb3a51882f629f2dd32d610d?s=96&d=mm&r=g","caption":"newsarlux"},"url":""}]}},"_links":{"self":[{"href":"https:\/\/www.sarlux.saras.it\/it\/wp-json\/wp\/v2\/posts\/3722","targetHints":{"allow":["GET"]}}],"collection":[{"href":"https:\/\/www.sarlux.saras.it\/it\/wp-json\/wp\/v2\/posts"}],"about":[{"href":"https:\/\/www.sarlux.saras.it\/it\/wp-json\/wp\/v2\/types\/post"}],"author":[{"embeddable":true,"href":"https:\/\/www.sarlux.saras.it\/it\/wp-json\/wp\/v2\/users\/2"}],"replies":[{"embeddable":true,"href":"https:\/\/www.sarlux.saras.it\/it\/wp-json\/wp\/v2\/comments?post=3722"}],"version-history":[{"count":1,"href":"https:\/\/www.sarlux.saras.it\/it\/wp-json\/wp\/v2\/posts\/3722\/revisions"}],"predecessor-version":[{"id":524362,"href":"https:\/\/www.sarlux.saras.it\/it\/wp-json\/wp\/v2\/posts\/3722\/revisions\/524362"}],"wp:featuredmedia":[{"embeddable":true,"href":"https:\/\/www.sarlux.saras.it\/it\/wp-json\/"}],"wp:attachment":[{"href":"https:\/\/www.sarlux.saras.it\/it\/wp-json\/wp\/v2\/media?parent=3722"}],"wp:term":[{"taxonomy":"category","embeddable":true,"href":"https:\/\/www.sarlux.saras.it\/it\/wp-json\/wp\/v2\/categories?post=3722"},{"taxonomy":"post_tag","embeddable":true,"href":"https:\/\/www.sarlux.saras.it\/it\/wp-json\/wp\/v2\/tags?post=3722"}],"curies":[{"name":"wp","href":"https:\/\/api.w.org\/{rel}","templated":true}]}}