{"id":3946,"date":"2015-12-23T18:03:02","date_gmt":"2015-12-23T18:03:02","guid":{"rendered":"http:\/\/www.sarlux.saras.it\/?p=3946"},"modified":"2021-06-17T06:32:06","modified_gmt":"2021-06-17T06:32:06","slug":"momentanea-fiammata-alle-torce-sarlux-nessun-allarme-emissioni","status":"publish","type":"post","link":"https:\/\/www.sarlux.saras.it\/it\/momentanea-fiammata-alle-torce-sarlux-nessun-allarme-emissioni\/","title":{"rendered":"Momentanea fiammata alle torce Sarlux: nessun allarme emissioni"},"content":{"rendered":"<div class=\"page\" title=\"Page 1\">\n<div class=\"section\">\n<div class=\"layoutArea\">\n<div class=\"column\">\n<p>Sarroch, 23 dicembre 2015 &#8211; Questo pomeriggio tra le 13,40 e le 14, \u00e8 scattato il blocco di alcuni impianti di raffinazione nella zona industriale di Sarroch, in virt\u00f9 di un meccanismo di sicurezza attivato da una mancanza di aria negli strumenti. Non si \u00e8 registrato alcun allarme emissioni.<\/p>\n<p>Gli impianti sono rimasti fermi per venti minuti e dopo le opportune verifiche da parte dei tecnici, sono iniziate le operazioni di avviamento. Lo stop non ha riguardato invece la centrale elettrica Igcc, rimasta regolarmente in marcia.<br \/>\nSarlux e il suo Servizio Prevenzione e Protezione stanno monitorando costantemente i livelli di emissione, come avviene tutti i giorni, attraverso il sistema di rilevazione interno ed esterno al sito industriale.<\/p>\n<p>La conseguenza di tale stop \u00e8 stato un aumento del carico di gas inviato ad una delle due torce, che ha fatto elevare il livello della fiamma. Il sistema di sicurezza non \u00e8 mai stato in discussione: non si \u00e8 verificato alcun incendio n\u00e9 \u00e8 suonata la sirena di emergenza.<\/p>\n<p>Sarlux e il gruppo Saras ribadiscono l&#8217;impegno per continuare a migliorare le prestazioni ambientali in linea con le migliori tecnologie disponibili, come avviene da anni,nella convinzione che un&#8217;industria moderna sia compatibile con il territorio e il suo ambiente. Lo dimostrano, tra le altre cose, le risorse impiegate ogni anno, per adempiere alle normative e fare meglio delle stesse indicazioni di legge.<\/p>\n<p><a href=\"http:\/\/www.sarlux.saras.it\/wp-content\/uploads\/2015\/12\/23-12-2015-Sarlux-torce_Nessun-allarme.pdf\" target=\"_blank\" rel=\"noopener noreferrer\">23 12 2015 Sarlux torce_Nessun allarme<\/a><\/p>\n<\/div>\n<\/div>\n<\/div>\n<\/div>\n","protected":false},"excerpt":{"rendered":"<p>Sarroch, 23 dicembre 2015 &#8211; Questo pomeriggio tra le 13,40 e le 14, \u00e8 scattato il blocco di alcuni impianti di raffinazione nella zona industriale di<span class=\"excerpt-hellip\"> [\u2026]<\/span><\/p>\n","protected":false},"author":8,"featured_media":0,"comment_status":"closed","ping_status":"open","sticky":false,"template":"","format":"standard","meta":{"_acf_changed":false,"inline_featured_image":false,"footnotes":""},"categories":[81],"tags":[],"class_list":["post-3946","post","type-post","status-publish","format-standard","hentry","category-comunicati"],"acf":[],"yoast_head":"<!-- This site is optimized with the Yoast SEO plugin v27.3 - https:\/\/yoast.com\/product\/yoast-seo-wordpress\/ -->\n<title>Sarlux, nessun allarme emissioni<\/title>\n<meta name=\"robots\" content=\"index, follow, max-snippet:-1, max-image-preview:large, max-video-preview:-1\" \/>\n<link rel=\"canonical\" href=\"https:\/\/www.sarlux.saras.it\/it\/momentanea-fiammata-alle-torce-sarlux-nessun-allarme-emissioni\/\" \/>\n<meta property=\"og:locale\" content=\"it_IT\" \/>\n<meta property=\"og:type\" content=\"article\" \/>\n<meta property=\"og:title\" content=\"Sarlux, nessun allarme emissioni\" \/>\n<meta property=\"og:description\" content=\"Sarroch, 23 dicembre 2015 &#8211; Questo pomeriggio tra le 13,40 e le 14, \u00e8 scattato il blocco di alcuni impianti di raffinazione nella zona industriale di [\u2026]\" \/>\n<meta property=\"og:url\" content=\"https:\/\/www.sarlux.saras.it\/it\/momentanea-fiammata-alle-torce-sarlux-nessun-allarme-emissioni\/\" \/>\n<meta property=\"og:site_name\" content=\"Sarlux Saras | Refining &amp; Power\" \/>\n<meta property=\"article:published_time\" content=\"2015-12-23T18:03:02+00:00\" \/>\n<meta property=\"article:modified_time\" content=\"2021-06-17T06:32:06+00:00\" \/>\n<meta name=\"author\" content=\"Elisabetta Marongiu\" \/>\n<meta name=\"twitter:card\" content=\"summary_large_image\" \/>\n<meta name=\"twitter:label1\" content=\"Scritto da\" \/>\n\t<meta name=\"twitter:data1\" content=\"Elisabetta Marongiu\" \/>\n\t<meta name=\"twitter:label2\" content=\"Tempo di lettura stimato\" \/>\n\t<meta name=\"twitter:data2\" content=\"1 minuto\" \/>\n<script type=\"application\/ld+json\" class=\"yoast-schema-graph\">{\"@context\":\"https:\\\/\\\/schema.org\",\"@graph\":[{\"@type\":\"Article\",\"@id\":\"https:\\\/\\\/www.sarlux.saras.it\\\/it\\\/momentanea-fiammata-alle-torce-sarlux-nessun-allarme-emissioni\\\/#article\",\"isPartOf\":{\"@id\":\"https:\\\/\\\/www.sarlux.saras.it\\\/it\\\/momentanea-fiammata-alle-torce-sarlux-nessun-allarme-emissioni\\\/\"},\"author\":{\"name\":\"Elisabetta Marongiu\",\"@id\":\"https:\\\/\\\/www.sarlux.saras.it\\\/it\\\/#\\\/schema\\\/person\\\/bdb99fa4d691cca9dcdf7a04bca185c8\"},\"headline\":\"Momentanea fiammata alle torce Sarlux: nessun allarme emissioni\",\"datePublished\":\"2015-12-23T18:03:02+00:00\",\"dateModified\":\"2021-06-17T06:32:06+00:00\",\"mainEntityOfPage\":{\"@id\":\"https:\\\/\\\/www.sarlux.saras.it\\\/it\\\/momentanea-fiammata-alle-torce-sarlux-nessun-allarme-emissioni\\\/\"},\"wordCount\":231,\"publisher\":{\"@id\":\"https:\\\/\\\/www.sarlux.saras.it\\\/it\\\/#organization\"},\"articleSection\":[\"Comunicati Stampa\"],\"inLanguage\":\"it-IT\"},{\"@type\":\"WebPage\",\"@id\":\"https:\\\/\\\/www.sarlux.saras.it\\\/it\\\/momentanea-fiammata-alle-torce-sarlux-nessun-allarme-emissioni\\\/\",\"url\":\"https:\\\/\\\/www.sarlux.saras.it\\\/it\\\/momentanea-fiammata-alle-torce-sarlux-nessun-allarme-emissioni\\\/\",\"name\":\"Sarlux, nessun allarme emissioni\",\"isPartOf\":{\"@id\":\"https:\\\/\\\/www.sarlux.saras.it\\\/it\\\/#website\"},\"datePublished\":\"2015-12-23T18:03:02+00:00\",\"dateModified\":\"2021-06-17T06:32:06+00:00\",\"breadcrumb\":{\"@id\":\"https:\\\/\\\/www.sarlux.saras.it\\\/it\\\/momentanea-fiammata-alle-torce-sarlux-nessun-allarme-emissioni\\\/#breadcrumb\"},\"inLanguage\":\"it-IT\",\"potentialAction\":[{\"@type\":\"ReadAction\",\"target\":[\"https:\\\/\\\/www.sarlux.saras.it\\\/it\\\/momentanea-fiammata-alle-torce-sarlux-nessun-allarme-emissioni\\\/\"]}]},{\"@type\":\"BreadcrumbList\",\"@id\":\"https:\\\/\\\/www.sarlux.saras.it\\\/it\\\/momentanea-fiammata-alle-torce-sarlux-nessun-allarme-emissioni\\\/#breadcrumb\",\"itemListElement\":[{\"@type\":\"ListItem\",\"position\":1,\"name\":\"Home\",\"item\":\"https:\\\/\\\/www.sarlux.saras.it\\\/it\\\/\"},{\"@type\":\"ListItem\",\"position\":2,\"name\":\"Momentanea fiammata alle torce Sarlux: nessun allarme emissioni\"}]},{\"@type\":\"WebSite\",\"@id\":\"https:\\\/\\\/www.sarlux.saras.it\\\/it\\\/#website\",\"url\":\"https:\\\/\\\/www.sarlux.saras.it\\\/it\\\/\",\"name\":\"Sarlux\",\"description\":\"\",\"publisher\":{\"@id\":\"https:\\\/\\\/www.sarlux.saras.it\\\/it\\\/#organization\"},\"potentialAction\":[{\"@type\":\"SearchAction\",\"target\":{\"@type\":\"EntryPoint\",\"urlTemplate\":\"https:\\\/\\\/www.sarlux.saras.it\\\/it\\\/?s={search_term_string}\"},\"query-input\":{\"@type\":\"PropertyValueSpecification\",\"valueRequired\":true,\"valueName\":\"search_term_string\"}}],\"inLanguage\":\"it-IT\"},{\"@type\":\"Organization\",\"@id\":\"https:\\\/\\\/www.sarlux.saras.it\\\/it\\\/#organization\",\"name\":\"Sarlux\",\"url\":\"https:\\\/\\\/www.sarlux.saras.it\\\/it\\\/\",\"logo\":{\"@type\":\"ImageObject\",\"inLanguage\":\"it-IT\",\"@id\":\"https:\\\/\\\/www.sarlux.saras.it\\\/it\\\/#\\\/schema\\\/logo\\\/image\\\/\",\"url\":\"https:\\\/\\\/www.sarlux.saras.it\\\/wp-content\\\/uploads\\\/2017\\\/12\\\/logo-pc-1.png\",\"contentUrl\":\"https:\\\/\\\/www.sarlux.saras.it\\\/wp-content\\\/uploads\\\/2017\\\/12\\\/logo-pc-1.png\",\"width\":184,\"height\":86,\"caption\":\"Sarlux\"},\"image\":{\"@id\":\"https:\\\/\\\/www.sarlux.saras.it\\\/it\\\/#\\\/schema\\\/logo\\\/image\\\/\"}},{\"@type\":\"Person\",\"@id\":\"https:\\\/\\\/www.sarlux.saras.it\\\/it\\\/#\\\/schema\\\/person\\\/bdb99fa4d691cca9dcdf7a04bca185c8\",\"name\":\"Elisabetta Marongiu\",\"image\":{\"@type\":\"ImageObject\",\"inLanguage\":\"it-IT\",\"@id\":\"https:\\\/\\\/secure.gravatar.com\\\/avatar\\\/b5d482e3eebd21f54b31387ebce7645a93699b5da9e3c3a7c894c8f30cd3e350?s=96&d=mm&r=g\",\"url\":\"https:\\\/\\\/secure.gravatar.com\\\/avatar\\\/b5d482e3eebd21f54b31387ebce7645a93699b5da9e3c3a7c894c8f30cd3e350?s=96&d=mm&r=g\",\"contentUrl\":\"https:\\\/\\\/secure.gravatar.com\\\/avatar\\\/b5d482e3eebd21f54b31387ebce7645a93699b5da9e3c3a7c894c8f30cd3e350?s=96&d=mm&r=g\",\"caption\":\"Elisabetta Marongiu\"},\"url\":\"\"}]}<\/script>\n<!-- \/ Yoast SEO plugin. -->","yoast_head_json":{"title":"Sarlux, nessun allarme emissioni","robots":{"index":"index","follow":"follow","max-snippet":"max-snippet:-1","max-image-preview":"max-image-preview:large","max-video-preview":"max-video-preview:-1"},"canonical":"https:\/\/www.sarlux.saras.it\/it\/momentanea-fiammata-alle-torce-sarlux-nessun-allarme-emissioni\/","og_locale":"it_IT","og_type":"article","og_title":"Sarlux, nessun allarme emissioni","og_description":"Sarroch, 23 dicembre 2015 &#8211; Questo pomeriggio tra le 13,40 e le 14, \u00e8 scattato il blocco di alcuni impianti di raffinazione nella zona industriale di [\u2026]","og_url":"https:\/\/www.sarlux.saras.it\/it\/momentanea-fiammata-alle-torce-sarlux-nessun-allarme-emissioni\/","og_site_name":"Sarlux Saras | Refining & Power","article_published_time":"2015-12-23T18:03:02+00:00","article_modified_time":"2021-06-17T06:32:06+00:00","author":"Elisabetta Marongiu","twitter_card":"summary_large_image","twitter_misc":{"Scritto da":"Elisabetta Marongiu","Tempo di lettura stimato":"1 minuto"},"schema":{"@context":"https:\/\/schema.org","@graph":[{"@type":"Article","@id":"https:\/\/www.sarlux.saras.it\/it\/momentanea-fiammata-alle-torce-sarlux-nessun-allarme-emissioni\/#article","isPartOf":{"@id":"https:\/\/www.sarlux.saras.it\/it\/momentanea-fiammata-alle-torce-sarlux-nessun-allarme-emissioni\/"},"author":{"name":"Elisabetta Marongiu","@id":"https:\/\/www.sarlux.saras.it\/it\/#\/schema\/person\/bdb99fa4d691cca9dcdf7a04bca185c8"},"headline":"Momentanea fiammata alle torce Sarlux: nessun allarme emissioni","datePublished":"2015-12-23T18:03:02+00:00","dateModified":"2021-06-17T06:32:06+00:00","mainEntityOfPage":{"@id":"https:\/\/www.sarlux.saras.it\/it\/momentanea-fiammata-alle-torce-sarlux-nessun-allarme-emissioni\/"},"wordCount":231,"publisher":{"@id":"https:\/\/www.sarlux.saras.it\/it\/#organization"},"articleSection":["Comunicati Stampa"],"inLanguage":"it-IT"},{"@type":"WebPage","@id":"https:\/\/www.sarlux.saras.it\/it\/momentanea-fiammata-alle-torce-sarlux-nessun-allarme-emissioni\/","url":"https:\/\/www.sarlux.saras.it\/it\/momentanea-fiammata-alle-torce-sarlux-nessun-allarme-emissioni\/","name":"Sarlux, nessun allarme emissioni","isPartOf":{"@id":"https:\/\/www.sarlux.saras.it\/it\/#website"},"datePublished":"2015-12-23T18:03:02+00:00","dateModified":"2021-06-17T06:32:06+00:00","breadcrumb":{"@id":"https:\/\/www.sarlux.saras.it\/it\/momentanea-fiammata-alle-torce-sarlux-nessun-allarme-emissioni\/#breadcrumb"},"inLanguage":"it-IT","potentialAction":[{"@type":"ReadAction","target":["https:\/\/www.sarlux.saras.it\/it\/momentanea-fiammata-alle-torce-sarlux-nessun-allarme-emissioni\/"]}]},{"@type":"BreadcrumbList","@id":"https:\/\/www.sarlux.saras.it\/it\/momentanea-fiammata-alle-torce-sarlux-nessun-allarme-emissioni\/#breadcrumb","itemListElement":[{"@type":"ListItem","position":1,"name":"Home","item":"https:\/\/www.sarlux.saras.it\/it\/"},{"@type":"ListItem","position":2,"name":"Momentanea fiammata alle torce Sarlux: nessun allarme emissioni"}]},{"@type":"WebSite","@id":"https:\/\/www.sarlux.saras.it\/it\/#website","url":"https:\/\/www.sarlux.saras.it\/it\/","name":"Sarlux","description":"","publisher":{"@id":"https:\/\/www.sarlux.saras.it\/it\/#organization"},"potentialAction":[{"@type":"SearchAction","target":{"@type":"EntryPoint","urlTemplate":"https:\/\/www.sarlux.saras.it\/it\/?s={search_term_string}"},"query-input":{"@type":"PropertyValueSpecification","valueRequired":true,"valueName":"search_term_string"}}],"inLanguage":"it-IT"},{"@type":"Organization","@id":"https:\/\/www.sarlux.saras.it\/it\/#organization","name":"Sarlux","url":"https:\/\/www.sarlux.saras.it\/it\/","logo":{"@type":"ImageObject","inLanguage":"it-IT","@id":"https:\/\/www.sarlux.saras.it\/it\/#\/schema\/logo\/image\/","url":"https:\/\/www.sarlux.saras.it\/wp-content\/uploads\/2017\/12\/logo-pc-1.png","contentUrl":"https:\/\/www.sarlux.saras.it\/wp-content\/uploads\/2017\/12\/logo-pc-1.png","width":184,"height":86,"caption":"Sarlux"},"image":{"@id":"https:\/\/www.sarlux.saras.it\/it\/#\/schema\/logo\/image\/"}},{"@type":"Person","@id":"https:\/\/www.sarlux.saras.it\/it\/#\/schema\/person\/bdb99fa4d691cca9dcdf7a04bca185c8","name":"Elisabetta Marongiu","image":{"@type":"ImageObject","inLanguage":"it-IT","@id":"https:\/\/secure.gravatar.com\/avatar\/b5d482e3eebd21f54b31387ebce7645a93699b5da9e3c3a7c894c8f30cd3e350?s=96&d=mm&r=g","url":"https:\/\/secure.gravatar.com\/avatar\/b5d482e3eebd21f54b31387ebce7645a93699b5da9e3c3a7c894c8f30cd3e350?s=96&d=mm&r=g","contentUrl":"https:\/\/secure.gravatar.com\/avatar\/b5d482e3eebd21f54b31387ebce7645a93699b5da9e3c3a7c894c8f30cd3e350?s=96&d=mm&r=g","caption":"Elisabetta Marongiu"},"url":""}]}},"_links":{"self":[{"href":"https:\/\/www.sarlux.saras.it\/it\/wp-json\/wp\/v2\/posts\/3946","targetHints":{"allow":["GET"]}}],"collection":[{"href":"https:\/\/www.sarlux.saras.it\/it\/wp-json\/wp\/v2\/posts"}],"about":[{"href":"https:\/\/www.sarlux.saras.it\/it\/wp-json\/wp\/v2\/types\/post"}],"author":[{"embeddable":true,"href":"https:\/\/www.sarlux.saras.it\/it\/wp-json\/wp\/v2\/users\/8"}],"replies":[{"embeddable":true,"href":"https:\/\/www.sarlux.saras.it\/it\/wp-json\/wp\/v2\/comments?post=3946"}],"version-history":[{"count":3,"href":"https:\/\/www.sarlux.saras.it\/it\/wp-json\/wp\/v2\/posts\/3946\/revisions"}],"predecessor-version":[{"id":543511,"href":"https:\/\/www.sarlux.saras.it\/it\/wp-json\/wp\/v2\/posts\/3946\/revisions\/543511"}],"wp:attachment":[{"href":"https:\/\/www.sarlux.saras.it\/it\/wp-json\/wp\/v2\/media?parent=3946"}],"wp:term":[{"taxonomy":"category","embeddable":true,"href":"https:\/\/www.sarlux.saras.it\/it\/wp-json\/wp\/v2\/categories?post=3946"},{"taxonomy":"post_tag","embeddable":true,"href":"https:\/\/www.sarlux.saras.it\/it\/wp-json\/wp\/v2\/tags?post=3946"}],"curies":[{"name":"wp","href":"https:\/\/api.w.org\/{rel}","templated":true}]}}