{"id":4024,"date":"2016-01-12T14:58:00","date_gmt":"2016-01-12T14:58:00","guid":{"rendered":"http:\/\/www.sarlux.saras.it\/?p=4024"},"modified":"2021-06-17T06:33:01","modified_gmt":"2021-06-17T06:33:01","slug":"ii-edizione-del-concorso-sullinnovazione-per-studenti","status":"publish","type":"post","link":"https:\/\/www.sarlux.saras.it\/it\/ii-edizione-del-concorso-sullinnovazione-per-studenti\/","title":{"rendered":"II edizione del concorso sull&#8217;Innovazione per studenti"},"content":{"rendered":"<div class=\"page\" title=\"Page 1\">\n<div class=\"layoutArea\">\n<div class=\"column\">\n<p>Seconda edizione del concorso per gli studenti delle scuole secondarie di secondo grado organizzato da Saras e dall\u2019associazione Sardegna 2050, con il patrocinio della Direzione scolastica regionale e la partecipazione di Digital Champions Sardegna e dell\u2019Associazione Ic. I ragazzi sono chiamati ad immaginare le soluzioni tecnologiche che stanno cambiando la nostra societ\u00e0 e a raccontarle in un video, da protagonisti, registi oppure con l\u2019aiuto della computer grafica. I primi classificati \u2013 singolo concorrente o in gruppo da tre \u2013 andranno in visita in uno dei principali centri europei dell\u2019innovazione, il Fab Lab di Barcellona.<\/p>\n<p>A scuola \u201ci dialoghi dell\u2019Innovazione\u201d. Per portare tra i banchi di scuola esempi concreti di progresso sociale o economico, Saras e Sardegna 2050 hanno istituito \u201cI dialoghi dell\u2019Innovazione\u201d. Giovani imprenditori incontrano gli studenti per raccontare la propria esperienza creativa, e testimoniare cos\u00ec di \u201cavercela fatta\u201d. I loro interventi saranno riportati sul sito web stagesarlux.saras.sarasgroup.stage, nella sezione dedicata al concorso RaIn.<\/p>\n<p>Il Bando. Il concorso indetto da Saras S.p.A. e dall\u2019associazione no profit Sardegna 2050 \u00e8 destinato alle studentesse e agli studenti degli istituti secondari di secondo grado della Provincia storica di Cagliari (coinvolge quindi anche le scuole di Medio Campidano e Carbonia-Iglesias), classi III-IV-V. Gli studenti potranno esprimere la loro creativit\u00e0 usando telecamera, action camera tipo Go-Pro oppure la videocamera del telefonino e le varie applicazioni (l\u2019uso dello smartphone garantisce un punteggio pi\u00f9 alto), per realizzare un filmato della durata massima di 3 minuti. Gli ambiti in cui i ragazzi potranno scatenare la loro fantasia sono vari: comunicazione, mobilit\u00e0, sostenibilit\u00e0, energia, sanit\u00e0, identit\u00e0, turismo, lavoro, scuola. Il materiale, assieme ai documenti allegati al bando gi\u00e0 in possesso delle direzioni scolastiche, dovr\u00e0 essere inviato entro il 15 aprile agli indirizzi mail concorso.rain@saras.it e sardegna2050rain@gmail.com.<\/p>\n<p>Lo scopo della competizione \u00e8 quello di stimolare la capacit\u00e0 degli studenti di ideare e rappresentare le tecnologie o le soluzioni che miglioreranno la nostra societ\u00e0. Info e bando sui siti Internet stagesarlux.saras.sarasgroup.stage e www.sardegna2050.it e agli indirizzi concorso.rain@saras.it e sardegna2050rain@gmail.com.<\/p>\n<p>I Premi. I filmati saranno valutati da una giuria di esperti dell\u2019innovazione appartenenti all\u2019associazione no profit Sardegna 2050, in base a diversi requisiti: qualit\u00e0 della narrazione,<\/p>\n<\/div>\n<\/div>\n<\/div>\n<div class=\"page\" title=\"Page 2\">\n<div class=\"layoutArea\">\n<div class=\"column\">\n<p>originalit\u00e0 dell\u2019innovazione proposta e creativit\u00e0 audio\/video, con una premialit\u00e0 per chi utilizza smartphone o action camera.<\/p>\n<p>Ai primi tre classificati (gruppi o singoli) andranno premi che possano ulteriormente stimolare la loro creativit\u00e0:<\/p>\n<p>Primo posto: viaggio e soggiorno di un weekend a Barcellona, con visita guidata al Fab Lab. Gli studenti saranno accompagnati dal docente-tutor.<\/p>\n<p>Secondo posto: viaggio e soggiorno a Napoli per visitare il Fab Lab della Citt\u00e0 della Scienza, tra i pi\u00f9 creativi d\u2019Italia. Anche in questo caso, il premio \u00e8 esteso al docente-tutor.<\/p>\n<p>Terzo posto: una telecamera Go-Pro per ogni studente del gruppo.<\/p>\n<p>La Direzione scolastica regionale. La competizione \u00e8 organizzata con la collaborazione della Direzione scolastica regionale della Sardegna, che ha diramato il bando a tutti gli istituti secondari della Provincia storica di Cagliari.<\/p>\n<p><a href=\"http:\/\/www.sarlux.saras.it\/wp-content\/uploads\/2016\/01\/Concorso-Innovazione-studenti-Giua.jpeg\"><img loading=\"lazy\" decoding=\"async\" class=\"alignnone size-medium wp-image-3997\" src=\"http:\/\/www.sarlux.saras.it\/wp-content\/uploads\/2016\/01\/Concorso-Innovazione-studenti-Giua-300x200.jpeg\" alt=\"Concorso Innovazione studenti Giua\" width=\"300\" height=\"200\" \/><\/a><\/p>\n<\/div>\n<\/div>\n<\/div>\n<p>&nbsp;<\/p>\n<div class=\"page\" title=\"Page 2\">\n<div class=\"layoutArea\">\n<div class=\"column\">\n<p><a href=\"http:\/\/www.sarlux.saras.it\/wp-content\/uploads\/2016\/01\/12_01_16-Concorso-Innovazione-Scuole.pdf\" target=\"_blank\" rel=\"noopener\">12_01_16 Concorso Innovazione Scuole<\/a><\/p>\n<p><a href=\"http:\/\/www.sarlux.saras.it\/wp-content\/uploads\/2016\/01\/Locandina-Concorso-Innovazione-2016.pdf\" target=\"_blank\" rel=\"noopener\">Locandina Concorso Innovazione 2016<\/a><\/p>\n<\/div>\n<\/div>\n<\/div>\n","protected":false},"excerpt":{"rendered":"<p>Seconda edizione del concorso per gli studenti delle scuole secondarie di secondo grado organizzato da Saras e dall\u2019associazione Sardegna 2050, con il patrocinio della Direzione scolastica<span class=\"excerpt-hellip\"> [\u2026]<\/span><\/p>\n","protected":false},"author":2,"featured_media":0,"comment_status":"closed","ping_status":"open","sticky":false,"template":"","format":"standard","meta":{"_acf_changed":false,"inline_featured_image":false,"footnotes":""},"categories":[81],"tags":[],"class_list":["post-4024","post","type-post","status-publish","format-standard","hentry","category-comunicati"],"acf":[],"yoast_head":"<!-- This site is optimized with the Yoast SEO plugin v27.3 - https:\/\/yoast.com\/product\/yoast-seo-wordpress\/ -->\n<title>II edizione del concorso sull&#039;Innovazione per studenti<\/title>\n<meta name=\"description\" content=\"Seconda edizione del concorso per gli studenti delle scuole secondarie di secondo grado organizzato da Saras e dall\u2019associazione Sardegna 2050\" \/>\n<meta name=\"robots\" content=\"index, follow, max-snippet:-1, max-image-preview:large, max-video-preview:-1\" \/>\n<link rel=\"canonical\" href=\"https:\/\/www.sarlux.saras.it\/it\/ii-edizione-del-concorso-sullinnovazione-per-studenti\/\" \/>\n<meta property=\"og:locale\" content=\"it_IT\" \/>\n<meta property=\"og:type\" content=\"article\" \/>\n<meta property=\"og:title\" content=\"II edizione del concorso sull&#039;Innovazione per studenti\" \/>\n<meta property=\"og:description\" content=\"Seconda edizione del concorso per gli studenti delle scuole secondarie di secondo grado organizzato da Saras e dall\u2019associazione Sardegna 2050\" \/>\n<meta property=\"og:url\" content=\"https:\/\/www.sarlux.saras.it\/it\/ii-edizione-del-concorso-sullinnovazione-per-studenti\/\" \/>\n<meta property=\"og:site_name\" content=\"Sarlux Saras | Refining &amp; Power\" \/>\n<meta property=\"article:published_time\" content=\"2016-01-12T14:58:00+00:00\" \/>\n<meta property=\"article:modified_time\" content=\"2021-06-17T06:33:01+00:00\" \/>\n<meta property=\"og:image\" content=\"http:\/\/www.sarlux.saras.it\/wp-content\/uploads\/2016\/01\/Concorso-Innovazione-studenti-Giua-300x200.jpeg\" \/>\n<meta name=\"author\" content=\"newsarlux\" \/>\n<meta name=\"twitter:card\" content=\"summary_large_image\" \/>\n<meta name=\"twitter:label1\" content=\"Scritto da\" \/>\n\t<meta name=\"twitter:data1\" content=\"newsarlux\" \/>\n\t<meta name=\"twitter:label2\" content=\"Tempo di lettura stimato\" \/>\n\t<meta name=\"twitter:data2\" content=\"3 minuti\" \/>\n<script type=\"application\/ld+json\" class=\"yoast-schema-graph\">{\"@context\":\"https:\\\/\\\/schema.org\",\"@graph\":[{\"@type\":\"Article\",\"@id\":\"https:\\\/\\\/www.sarlux.saras.it\\\/it\\\/ii-edizione-del-concorso-sullinnovazione-per-studenti\\\/#article\",\"isPartOf\":{\"@id\":\"https:\\\/\\\/www.sarlux.saras.it\\\/it\\\/ii-edizione-del-concorso-sullinnovazione-per-studenti\\\/\"},\"author\":{\"name\":\"newsarlux\",\"@id\":\"https:\\\/\\\/www.sarlux.saras.it\\\/it\\\/#\\\/schema\\\/person\\\/c7561934b223f17087f8e08f41b37b83\"},\"headline\":\"II edizione del concorso sull&#8217;Innovazione per studenti\",\"datePublished\":\"2016-01-12T14:58:00+00:00\",\"dateModified\":\"2021-06-17T06:33:01+00:00\",\"mainEntityOfPage\":{\"@id\":\"https:\\\/\\\/www.sarlux.saras.it\\\/it\\\/ii-edizione-del-concorso-sullinnovazione-per-studenti\\\/\"},\"wordCount\":518,\"publisher\":{\"@id\":\"https:\\\/\\\/www.sarlux.saras.it\\\/it\\\/#organization\"},\"image\":{\"@id\":\"https:\\\/\\\/www.sarlux.saras.it\\\/it\\\/ii-edizione-del-concorso-sullinnovazione-per-studenti\\\/#primaryimage\"},\"thumbnailUrl\":\"http:\\\/\\\/www.sarlux.saras.it\\\/wp-content\\\/uploads\\\/2016\\\/01\\\/Concorso-Innovazione-studenti-Giua-300x200.jpeg\",\"articleSection\":[\"Comunicati Stampa\"],\"inLanguage\":\"it-IT\"},{\"@type\":\"WebPage\",\"@id\":\"https:\\\/\\\/www.sarlux.saras.it\\\/it\\\/ii-edizione-del-concorso-sullinnovazione-per-studenti\\\/\",\"url\":\"https:\\\/\\\/www.sarlux.saras.it\\\/it\\\/ii-edizione-del-concorso-sullinnovazione-per-studenti\\\/\",\"name\":\"II edizione del concorso sull'Innovazione per studenti\",\"isPartOf\":{\"@id\":\"https:\\\/\\\/www.sarlux.saras.it\\\/it\\\/#website\"},\"primaryImageOfPage\":{\"@id\":\"https:\\\/\\\/www.sarlux.saras.it\\\/it\\\/ii-edizione-del-concorso-sullinnovazione-per-studenti\\\/#primaryimage\"},\"image\":{\"@id\":\"https:\\\/\\\/www.sarlux.saras.it\\\/it\\\/ii-edizione-del-concorso-sullinnovazione-per-studenti\\\/#primaryimage\"},\"thumbnailUrl\":\"http:\\\/\\\/www.sarlux.saras.it\\\/wp-content\\\/uploads\\\/2016\\\/01\\\/Concorso-Innovazione-studenti-Giua-300x200.jpeg\",\"datePublished\":\"2016-01-12T14:58:00+00:00\",\"dateModified\":\"2021-06-17T06:33:01+00:00\",\"description\":\"Seconda edizione del concorso per gli studenti delle scuole secondarie di secondo grado organizzato da Saras e dall\u2019associazione Sardegna 2050\",\"breadcrumb\":{\"@id\":\"https:\\\/\\\/www.sarlux.saras.it\\\/it\\\/ii-edizione-del-concorso-sullinnovazione-per-studenti\\\/#breadcrumb\"},\"inLanguage\":\"it-IT\",\"potentialAction\":[{\"@type\":\"ReadAction\",\"target\":[\"https:\\\/\\\/www.sarlux.saras.it\\\/it\\\/ii-edizione-del-concorso-sullinnovazione-per-studenti\\\/\"]}]},{\"@type\":\"ImageObject\",\"inLanguage\":\"it-IT\",\"@id\":\"https:\\\/\\\/www.sarlux.saras.it\\\/it\\\/ii-edizione-del-concorso-sullinnovazione-per-studenti\\\/#primaryimage\",\"url\":\"http:\\\/\\\/www.sarlux.saras.it\\\/wp-content\\\/uploads\\\/2016\\\/01\\\/Concorso-Innovazione-studenti-Giua-300x200.jpeg\",\"contentUrl\":\"http:\\\/\\\/www.sarlux.saras.it\\\/wp-content\\\/uploads\\\/2016\\\/01\\\/Concorso-Innovazione-studenti-Giua-300x200.jpeg\"},{\"@type\":\"BreadcrumbList\",\"@id\":\"https:\\\/\\\/www.sarlux.saras.it\\\/it\\\/ii-edizione-del-concorso-sullinnovazione-per-studenti\\\/#breadcrumb\",\"itemListElement\":[{\"@type\":\"ListItem\",\"position\":1,\"name\":\"Home\",\"item\":\"https:\\\/\\\/www.sarlux.saras.it\\\/it\\\/\"},{\"@type\":\"ListItem\",\"position\":2,\"name\":\"II edizione del concorso sull&#8217;Innovazione per studenti\"}]},{\"@type\":\"WebSite\",\"@id\":\"https:\\\/\\\/www.sarlux.saras.it\\\/it\\\/#website\",\"url\":\"https:\\\/\\\/www.sarlux.saras.it\\\/it\\\/\",\"name\":\"Sarlux\",\"description\":\"\",\"publisher\":{\"@id\":\"https:\\\/\\\/www.sarlux.saras.it\\\/it\\\/#organization\"},\"potentialAction\":[{\"@type\":\"SearchAction\",\"target\":{\"@type\":\"EntryPoint\",\"urlTemplate\":\"https:\\\/\\\/www.sarlux.saras.it\\\/it\\\/?s={search_term_string}\"},\"query-input\":{\"@type\":\"PropertyValueSpecification\",\"valueRequired\":true,\"valueName\":\"search_term_string\"}}],\"inLanguage\":\"it-IT\"},{\"@type\":\"Organization\",\"@id\":\"https:\\\/\\\/www.sarlux.saras.it\\\/it\\\/#organization\",\"name\":\"Sarlux\",\"url\":\"https:\\\/\\\/www.sarlux.saras.it\\\/it\\\/\",\"logo\":{\"@type\":\"ImageObject\",\"inLanguage\":\"it-IT\",\"@id\":\"https:\\\/\\\/www.sarlux.saras.it\\\/it\\\/#\\\/schema\\\/logo\\\/image\\\/\",\"url\":\"https:\\\/\\\/www.sarlux.saras.it\\\/wp-content\\\/uploads\\\/2017\\\/12\\\/logo-pc-1.png\",\"contentUrl\":\"https:\\\/\\\/www.sarlux.saras.it\\\/wp-content\\\/uploads\\\/2017\\\/12\\\/logo-pc-1.png\",\"width\":184,\"height\":86,\"caption\":\"Sarlux\"},\"image\":{\"@id\":\"https:\\\/\\\/www.sarlux.saras.it\\\/it\\\/#\\\/schema\\\/logo\\\/image\\\/\"}},{\"@type\":\"Person\",\"@id\":\"https:\\\/\\\/www.sarlux.saras.it\\\/it\\\/#\\\/schema\\\/person\\\/c7561934b223f17087f8e08f41b37b83\",\"name\":\"newsarlux\",\"image\":{\"@type\":\"ImageObject\",\"inLanguage\":\"it-IT\",\"@id\":\"https:\\\/\\\/secure.gravatar.com\\\/avatar\\\/eb7f74d52340ebedd5480701fcdd6d2904abef8cdb3a51882f629f2dd32d610d?s=96&d=mm&r=g\",\"url\":\"https:\\\/\\\/secure.gravatar.com\\\/avatar\\\/eb7f74d52340ebedd5480701fcdd6d2904abef8cdb3a51882f629f2dd32d610d?s=96&d=mm&r=g\",\"contentUrl\":\"https:\\\/\\\/secure.gravatar.com\\\/avatar\\\/eb7f74d52340ebedd5480701fcdd6d2904abef8cdb3a51882f629f2dd32d610d?s=96&d=mm&r=g\",\"caption\":\"newsarlux\"},\"url\":\"\"}]}<\/script>\n<!-- \/ Yoast SEO plugin. -->","yoast_head_json":{"title":"II edizione del concorso sull'Innovazione per studenti","description":"Seconda edizione del concorso per gli studenti delle scuole secondarie di secondo grado organizzato da Saras e dall\u2019associazione Sardegna 2050","robots":{"index":"index","follow":"follow","max-snippet":"max-snippet:-1","max-image-preview":"max-image-preview:large","max-video-preview":"max-video-preview:-1"},"canonical":"https:\/\/www.sarlux.saras.it\/it\/ii-edizione-del-concorso-sullinnovazione-per-studenti\/","og_locale":"it_IT","og_type":"article","og_title":"II edizione del concorso sull'Innovazione per studenti","og_description":"Seconda edizione del concorso per gli studenti delle scuole secondarie di secondo grado organizzato da Saras e dall\u2019associazione Sardegna 2050","og_url":"https:\/\/www.sarlux.saras.it\/it\/ii-edizione-del-concorso-sullinnovazione-per-studenti\/","og_site_name":"Sarlux Saras | Refining & Power","article_published_time":"2016-01-12T14:58:00+00:00","article_modified_time":"2021-06-17T06:33:01+00:00","og_image":[{"url":"http:\/\/www.sarlux.saras.it\/wp-content\/uploads\/2016\/01\/Concorso-Innovazione-studenti-Giua-300x200.jpeg","type":"","width":"","height":""}],"author":"newsarlux","twitter_card":"summary_large_image","twitter_misc":{"Scritto da":"newsarlux","Tempo di lettura stimato":"3 minuti"},"schema":{"@context":"https:\/\/schema.org","@graph":[{"@type":"Article","@id":"https:\/\/www.sarlux.saras.it\/it\/ii-edizione-del-concorso-sullinnovazione-per-studenti\/#article","isPartOf":{"@id":"https:\/\/www.sarlux.saras.it\/it\/ii-edizione-del-concorso-sullinnovazione-per-studenti\/"},"author":{"name":"newsarlux","@id":"https:\/\/www.sarlux.saras.it\/it\/#\/schema\/person\/c7561934b223f17087f8e08f41b37b83"},"headline":"II edizione del concorso sull&#8217;Innovazione per studenti","datePublished":"2016-01-12T14:58:00+00:00","dateModified":"2021-06-17T06:33:01+00:00","mainEntityOfPage":{"@id":"https:\/\/www.sarlux.saras.it\/it\/ii-edizione-del-concorso-sullinnovazione-per-studenti\/"},"wordCount":518,"publisher":{"@id":"https:\/\/www.sarlux.saras.it\/it\/#organization"},"image":{"@id":"https:\/\/www.sarlux.saras.it\/it\/ii-edizione-del-concorso-sullinnovazione-per-studenti\/#primaryimage"},"thumbnailUrl":"http:\/\/www.sarlux.saras.it\/wp-content\/uploads\/2016\/01\/Concorso-Innovazione-studenti-Giua-300x200.jpeg","articleSection":["Comunicati Stampa"],"inLanguage":"it-IT"},{"@type":"WebPage","@id":"https:\/\/www.sarlux.saras.it\/it\/ii-edizione-del-concorso-sullinnovazione-per-studenti\/","url":"https:\/\/www.sarlux.saras.it\/it\/ii-edizione-del-concorso-sullinnovazione-per-studenti\/","name":"II edizione del concorso sull'Innovazione per studenti","isPartOf":{"@id":"https:\/\/www.sarlux.saras.it\/it\/#website"},"primaryImageOfPage":{"@id":"https:\/\/www.sarlux.saras.it\/it\/ii-edizione-del-concorso-sullinnovazione-per-studenti\/#primaryimage"},"image":{"@id":"https:\/\/www.sarlux.saras.it\/it\/ii-edizione-del-concorso-sullinnovazione-per-studenti\/#primaryimage"},"thumbnailUrl":"http:\/\/www.sarlux.saras.it\/wp-content\/uploads\/2016\/01\/Concorso-Innovazione-studenti-Giua-300x200.jpeg","datePublished":"2016-01-12T14:58:00+00:00","dateModified":"2021-06-17T06:33:01+00:00","description":"Seconda edizione del concorso per gli studenti delle scuole secondarie di secondo grado organizzato da Saras e dall\u2019associazione Sardegna 2050","breadcrumb":{"@id":"https:\/\/www.sarlux.saras.it\/it\/ii-edizione-del-concorso-sullinnovazione-per-studenti\/#breadcrumb"},"inLanguage":"it-IT","potentialAction":[{"@type":"ReadAction","target":["https:\/\/www.sarlux.saras.it\/it\/ii-edizione-del-concorso-sullinnovazione-per-studenti\/"]}]},{"@type":"ImageObject","inLanguage":"it-IT","@id":"https:\/\/www.sarlux.saras.it\/it\/ii-edizione-del-concorso-sullinnovazione-per-studenti\/#primaryimage","url":"http:\/\/www.sarlux.saras.it\/wp-content\/uploads\/2016\/01\/Concorso-Innovazione-studenti-Giua-300x200.jpeg","contentUrl":"http:\/\/www.sarlux.saras.it\/wp-content\/uploads\/2016\/01\/Concorso-Innovazione-studenti-Giua-300x200.jpeg"},{"@type":"BreadcrumbList","@id":"https:\/\/www.sarlux.saras.it\/it\/ii-edizione-del-concorso-sullinnovazione-per-studenti\/#breadcrumb","itemListElement":[{"@type":"ListItem","position":1,"name":"Home","item":"https:\/\/www.sarlux.saras.it\/it\/"},{"@type":"ListItem","position":2,"name":"II edizione del concorso sull&#8217;Innovazione per studenti"}]},{"@type":"WebSite","@id":"https:\/\/www.sarlux.saras.it\/it\/#website","url":"https:\/\/www.sarlux.saras.it\/it\/","name":"Sarlux","description":"","publisher":{"@id":"https:\/\/www.sarlux.saras.it\/it\/#organization"},"potentialAction":[{"@type":"SearchAction","target":{"@type":"EntryPoint","urlTemplate":"https:\/\/www.sarlux.saras.it\/it\/?s={search_term_string}"},"query-input":{"@type":"PropertyValueSpecification","valueRequired":true,"valueName":"search_term_string"}}],"inLanguage":"it-IT"},{"@type":"Organization","@id":"https:\/\/www.sarlux.saras.it\/it\/#organization","name":"Sarlux","url":"https:\/\/www.sarlux.saras.it\/it\/","logo":{"@type":"ImageObject","inLanguage":"it-IT","@id":"https:\/\/www.sarlux.saras.it\/it\/#\/schema\/logo\/image\/","url":"https:\/\/www.sarlux.saras.it\/wp-content\/uploads\/2017\/12\/logo-pc-1.png","contentUrl":"https:\/\/www.sarlux.saras.it\/wp-content\/uploads\/2017\/12\/logo-pc-1.png","width":184,"height":86,"caption":"Sarlux"},"image":{"@id":"https:\/\/www.sarlux.saras.it\/it\/#\/schema\/logo\/image\/"}},{"@type":"Person","@id":"https:\/\/www.sarlux.saras.it\/it\/#\/schema\/person\/c7561934b223f17087f8e08f41b37b83","name":"newsarlux","image":{"@type":"ImageObject","inLanguage":"it-IT","@id":"https:\/\/secure.gravatar.com\/avatar\/eb7f74d52340ebedd5480701fcdd6d2904abef8cdb3a51882f629f2dd32d610d?s=96&d=mm&r=g","url":"https:\/\/secure.gravatar.com\/avatar\/eb7f74d52340ebedd5480701fcdd6d2904abef8cdb3a51882f629f2dd32d610d?s=96&d=mm&r=g","contentUrl":"https:\/\/secure.gravatar.com\/avatar\/eb7f74d52340ebedd5480701fcdd6d2904abef8cdb3a51882f629f2dd32d610d?s=96&d=mm&r=g","caption":"newsarlux"},"url":""}]}},"_links":{"self":[{"href":"https:\/\/www.sarlux.saras.it\/it\/wp-json\/wp\/v2\/posts\/4024","targetHints":{"allow":["GET"]}}],"collection":[{"href":"https:\/\/www.sarlux.saras.it\/it\/wp-json\/wp\/v2\/posts"}],"about":[{"href":"https:\/\/www.sarlux.saras.it\/it\/wp-json\/wp\/v2\/types\/post"}],"author":[{"embeddable":true,"href":"https:\/\/www.sarlux.saras.it\/it\/wp-json\/wp\/v2\/users\/2"}],"replies":[{"embeddable":true,"href":"https:\/\/www.sarlux.saras.it\/it\/wp-json\/wp\/v2\/comments?post=4024"}],"version-history":[{"count":2,"href":"https:\/\/www.sarlux.saras.it\/it\/wp-json\/wp\/v2\/posts\/4024\/revisions"}],"predecessor-version":[{"id":543513,"href":"https:\/\/www.sarlux.saras.it\/it\/wp-json\/wp\/v2\/posts\/4024\/revisions\/543513"}],"wp:attachment":[{"href":"https:\/\/www.sarlux.saras.it\/it\/wp-json\/wp\/v2\/media?parent=4024"}],"wp:term":[{"taxonomy":"category","embeddable":true,"href":"https:\/\/www.sarlux.saras.it\/it\/wp-json\/wp\/v2\/categories?post=4024"},{"taxonomy":"post_tag","embeddable":true,"href":"https:\/\/www.sarlux.saras.it\/it\/wp-json\/wp\/v2\/tags?post=4024"}],"curies":[{"name":"wp","href":"https:\/\/api.w.org\/{rel}","templated":true}]}}