{"id":4031,"date":"2016-01-12T15:03:16","date_gmt":"2016-01-12T15:03:16","guid":{"rendered":"http:\/\/www.sarlux.saras.it\/?p=4031"},"modified":"2017-12-01T13:26:34","modified_gmt":"2017-12-01T13:26:34","slug":"via-alla-ii-edizione-del-concorso-sullinnovazione","status":"publish","type":"post","link":"https:\/\/www.sarlux.saras.it\/it\/via-alla-ii-edizione-del-concorso-sullinnovazione\/","title":{"rendered":"Via alla II edizione del Concorso sull&#039;Innovazione"},"content":{"rendered":"<div class=\"page\" title=\"Page 1\">\n<div class=\"layoutArea\">\n<div class=\"column\">\n<div id=\"attachment_3997\" style=\"width: 476px\" class=\"wp-caption aligncenter\"><a href=\"http:\/\/www.sarlux.saras.it\/wp-content\/uploads\/2016\/01\/Concorso-Innovazione-studenti-Giua.jpeg\"><img loading=\"lazy\" decoding=\"async\" aria-describedby=\"caption-attachment-3997\" class=\" wp-image-3997\" src=\"http:\/\/www.sarlux.saras.it\/wp-content\/uploads\/2016\/01\/Concorso-Innovazione-studenti-Giua-300x200.jpeg\" alt=\"Concorso Innovazione studenti Giua\" width=\"466\" height=\"310\" \/><\/a><p id=\"caption-attachment-3997\" class=\"wp-caption-text\">Gli studenti dell&#8217;Istituti Giua vincitori della prima edizione<\/p><\/div>\n<p>Sono i Dialoghi sull&#8217;Innovazione, storie di giovani imprenditori raccontate agli studenti, la novit\u00e0 della RaIn! 2015 <a href=\".\/?page_id=3808\">seconda edizione del concorso <\/a>&#8220;Raccontami l&#8217;Innovazione&#8221;, dedicato agli studenti di Cagliari e Provincia della scuola secondaria di secondo grado. Il contest, organizzato da Saras e dall\u2019associazione Sardegna 2050, con il patrocinio della Direzione scolastica regionale e la partecipazione di Digital Champions Sardegna e dell\u2019Associazione Ic, propone ai ragazzi di immaginare le soluzioni tecnologiche che stanno cambiando la nostra societ\u00e0 e a raccontarle in un video di 3 minuti, da protagonisti, registi oppure con l\u2019aiuto della computer grafica. I primi classificati \u2013 singolo concorrente o in gruppo da tre \u2013 andranno in visita in uno dei principali centri europei dell\u2019innovazione, il Fab Lab di Barcellona. Per portare tra i banchi di scuola esempi concreti di progresso sociale o economico, Saras e Sardegna 2050 hanno istituito \u201cI dialoghi dell\u2019Innovazione\u201d: giovani imprenditori incontrano gli studenti per raccontare la propria esperienza creativa, e testimoniare cos\u00ec di \u201cavercela fatta\u201d. Gli studenti di III-IV e V superiore potranno esprimere la loro creativit\u00e0 usando telecamera, action camera tipo Go-Pro oppure la videocamera del telefonino e le varie applicazioni (l\u2019uso dello smartphone garantisce un punteggio pi\u00f9 alto), per realizzare un filmato della durata massima di 3 minuti. Gli ambiti sono vari: comunicazione, mobilit\u00e0, sostenibilit\u00e0, energia, sanit\u00e0, identit\u00e0, turismo, lavoro, scuola. Il materiale, assieme ai documenti allegati al <a href=\"http:\/\/www.sarlux.saras.it\/wp-content\/uploads\/2015\/12\/Bando-RaIn-_-Raccontami-lInnovazione-2016.pdf\">bando<\/a> gi\u00e0 in possesso delle direzioni scolastiche, dovr\u00e0 essere inviato entro il 15 aprile agli indirizzi mail concorso.rain@saras.it e sardegna2050rain@gmail.com. In palio, viaggio e soggiorno di un weekend a Barcellona, con visita guidata al Fab Lab. Al secondo classificato andr\u00e0 un viaggio con soggiorno a Napoli per visitare il Fab Lab della Citt\u00e0 della Scienza, tra i pi\u00f9 creativi d\u2019Italia. Mentre il terzo si aggiudica una telecamera Go-Pro (una per ogni studente, in caso di gruppi).<\/p>\n<\/div>\n<\/div>\n<\/div>\n<div class=\"page\" title=\"Page 2\"><\/div>\n","protected":false},"excerpt":{"rendered":"<p>Sono i Dialoghi sull&#8217;Innovazione, storie di giovani imprenditori raccontate agli studenti, la novit\u00e0 della RaIn! 2015 seconda edizione del concorso &#8220;Raccontami l&#8217;Innovazione&#8221;, dedicato agli studenti di<span class=\"excerpt-hellip\"> [\u2026]<\/span><\/p>\n","protected":false},"author":2,"featured_media":4032,"comment_status":"open","ping_status":"open","sticky":false,"template":"","format":"standard","meta":{"_acf_changed":false,"inline_featured_image":false,"footnotes":""},"categories":[17],"tags":[],"class_list":["post-4031","post","type-post","status-publish","format-standard","has-post-thumbnail","hentry","category-news"],"acf":[],"yoast_head":"<!-- This site is optimized with the Yoast SEO plugin v27.3 - https:\/\/yoast.com\/product\/yoast-seo-wordpress\/ -->\n<title>Via alla II edizione del Concorso sull&#039;Innovazione<\/title>\n<meta name=\"description\" content=\"Al via Raccontami l&#039;Innovazione concorso dedicato agli studenti di Cagliari e Provincia della scuola secondaria di secondo grado\" \/>\n<meta name=\"robots\" content=\"index, follow, max-snippet:-1, max-image-preview:large, max-video-preview:-1\" \/>\n<link rel=\"canonical\" href=\"https:\/\/www.sarlux.saras.it\/it\/via-alla-ii-edizione-del-concorso-sullinnovazione\/\" \/>\n<meta property=\"og:locale\" content=\"it_IT\" \/>\n<meta property=\"og:type\" content=\"article\" \/>\n<meta property=\"og:title\" content=\"Via alla II edizione del Concorso sull&#039;Innovazione\" \/>\n<meta property=\"og:description\" content=\"Al via Raccontami l&#039;Innovazione concorso dedicato agli studenti di Cagliari e Provincia della scuola secondaria di secondo grado\" \/>\n<meta property=\"og:url\" content=\"https:\/\/www.sarlux.saras.it\/it\/via-alla-ii-edizione-del-concorso-sullinnovazione\/\" \/>\n<meta property=\"og:site_name\" content=\"Sarlux Saras | Refining &amp; Power\" \/>\n<meta property=\"article:published_time\" content=\"2016-01-12T15:03:16+00:00\" \/>\n<meta property=\"article:modified_time\" content=\"2017-12-01T13:26:34+00:00\" \/>\n<meta name=\"author\" content=\"newsarlux\" \/>\n<meta name=\"twitter:card\" content=\"summary_large_image\" \/>\n<meta name=\"twitter:label1\" content=\"Scritto da\" \/>\n\t<meta name=\"twitter:data1\" content=\"newsarlux\" \/>\n\t<meta name=\"twitter:label2\" content=\"Tempo di lettura stimato\" \/>\n\t<meta name=\"twitter:data2\" content=\"2 minuti\" \/>\n<script type=\"application\/ld+json\" class=\"yoast-schema-graph\">{\"@context\":\"https:\\\/\\\/schema.org\",\"@graph\":[{\"@type\":\"Article\",\"@id\":\"https:\\\/\\\/www.sarlux.saras.it\\\/it\\\/via-alla-ii-edizione-del-concorso-sullinnovazione\\\/#article\",\"isPartOf\":{\"@id\":\"https:\\\/\\\/www.sarlux.saras.it\\\/it\\\/via-alla-ii-edizione-del-concorso-sullinnovazione\\\/\"},\"author\":{\"name\":\"newsarlux\",\"@id\":\"https:\\\/\\\/www.sarlux.saras.it\\\/it\\\/#\\\/schema\\\/person\\\/c7561934b223f17087f8e08f41b37b83\"},\"headline\":\"Via alla II edizione del Concorso sull&#039;Innovazione\",\"datePublished\":\"2016-01-12T15:03:16+00:00\",\"dateModified\":\"2017-12-01T13:26:34+00:00\",\"mainEntityOfPage\":{\"@id\":\"https:\\\/\\\/www.sarlux.saras.it\\\/it\\\/via-alla-ii-edizione-del-concorso-sullinnovazione\\\/\"},\"wordCount\":329,\"commentCount\":0,\"publisher\":{\"@id\":\"https:\\\/\\\/www.sarlux.saras.it\\\/it\\\/#organization\"},\"image\":{\"@id\":\"https:\\\/\\\/www.sarlux.saras.it\\\/it\\\/via-alla-ii-edizione-del-concorso-sullinnovazione\\\/#primaryimage\"},\"thumbnailUrl\":\"\",\"articleSection\":[\"News\"],\"inLanguage\":\"it-IT\",\"potentialAction\":[{\"@type\":\"CommentAction\",\"name\":\"Comment\",\"target\":[\"https:\\\/\\\/www.sarlux.saras.it\\\/it\\\/via-alla-ii-edizione-del-concorso-sullinnovazione\\\/#respond\"]}]},{\"@type\":\"WebPage\",\"@id\":\"https:\\\/\\\/www.sarlux.saras.it\\\/it\\\/via-alla-ii-edizione-del-concorso-sullinnovazione\\\/\",\"url\":\"https:\\\/\\\/www.sarlux.saras.it\\\/it\\\/via-alla-ii-edizione-del-concorso-sullinnovazione\\\/\",\"name\":\"Via alla II edizione del Concorso sull'Innovazione\",\"isPartOf\":{\"@id\":\"https:\\\/\\\/www.sarlux.saras.it\\\/it\\\/#website\"},\"primaryImageOfPage\":{\"@id\":\"https:\\\/\\\/www.sarlux.saras.it\\\/it\\\/via-alla-ii-edizione-del-concorso-sullinnovazione\\\/#primaryimage\"},\"image\":{\"@id\":\"https:\\\/\\\/www.sarlux.saras.it\\\/it\\\/via-alla-ii-edizione-del-concorso-sullinnovazione\\\/#primaryimage\"},\"thumbnailUrl\":\"\",\"datePublished\":\"2016-01-12T15:03:16+00:00\",\"dateModified\":\"2017-12-01T13:26:34+00:00\",\"description\":\"Al via Raccontami l'Innovazione concorso dedicato agli studenti di Cagliari e Provincia della scuola secondaria di secondo grado\",\"breadcrumb\":{\"@id\":\"https:\\\/\\\/www.sarlux.saras.it\\\/it\\\/via-alla-ii-edizione-del-concorso-sullinnovazione\\\/#breadcrumb\"},\"inLanguage\":\"it-IT\",\"potentialAction\":[{\"@type\":\"ReadAction\",\"target\":[\"https:\\\/\\\/www.sarlux.saras.it\\\/it\\\/via-alla-ii-edizione-del-concorso-sullinnovazione\\\/\"]}]},{\"@type\":\"ImageObject\",\"inLanguage\":\"it-IT\",\"@id\":\"https:\\\/\\\/www.sarlux.saras.it\\\/it\\\/via-alla-ii-edizione-del-concorso-sullinnovazione\\\/#primaryimage\",\"url\":\"\",\"contentUrl\":\"\"},{\"@type\":\"BreadcrumbList\",\"@id\":\"https:\\\/\\\/www.sarlux.saras.it\\\/it\\\/via-alla-ii-edizione-del-concorso-sullinnovazione\\\/#breadcrumb\",\"itemListElement\":[{\"@type\":\"ListItem\",\"position\":1,\"name\":\"Home\",\"item\":\"https:\\\/\\\/www.sarlux.saras.it\\\/it\\\/\"},{\"@type\":\"ListItem\",\"position\":2,\"name\":\"Via alla II edizione del Concorso sull&#039;Innovazione\"}]},{\"@type\":\"WebSite\",\"@id\":\"https:\\\/\\\/www.sarlux.saras.it\\\/it\\\/#website\",\"url\":\"https:\\\/\\\/www.sarlux.saras.it\\\/it\\\/\",\"name\":\"Sarlux\",\"description\":\"\",\"publisher\":{\"@id\":\"https:\\\/\\\/www.sarlux.saras.it\\\/it\\\/#organization\"},\"potentialAction\":[{\"@type\":\"SearchAction\",\"target\":{\"@type\":\"EntryPoint\",\"urlTemplate\":\"https:\\\/\\\/www.sarlux.saras.it\\\/it\\\/?s={search_term_string}\"},\"query-input\":{\"@type\":\"PropertyValueSpecification\",\"valueRequired\":true,\"valueName\":\"search_term_string\"}}],\"inLanguage\":\"it-IT\"},{\"@type\":\"Organization\",\"@id\":\"https:\\\/\\\/www.sarlux.saras.it\\\/it\\\/#organization\",\"name\":\"Sarlux\",\"url\":\"https:\\\/\\\/www.sarlux.saras.it\\\/it\\\/\",\"logo\":{\"@type\":\"ImageObject\",\"inLanguage\":\"it-IT\",\"@id\":\"https:\\\/\\\/www.sarlux.saras.it\\\/it\\\/#\\\/schema\\\/logo\\\/image\\\/\",\"url\":\"https:\\\/\\\/www.sarlux.saras.it\\\/wp-content\\\/uploads\\\/2017\\\/12\\\/logo-pc-1.png\",\"contentUrl\":\"https:\\\/\\\/www.sarlux.saras.it\\\/wp-content\\\/uploads\\\/2017\\\/12\\\/logo-pc-1.png\",\"width\":184,\"height\":86,\"caption\":\"Sarlux\"},\"image\":{\"@id\":\"https:\\\/\\\/www.sarlux.saras.it\\\/it\\\/#\\\/schema\\\/logo\\\/image\\\/\"}},{\"@type\":\"Person\",\"@id\":\"https:\\\/\\\/www.sarlux.saras.it\\\/it\\\/#\\\/schema\\\/person\\\/c7561934b223f17087f8e08f41b37b83\",\"name\":\"newsarlux\",\"image\":{\"@type\":\"ImageObject\",\"inLanguage\":\"it-IT\",\"@id\":\"https:\\\/\\\/secure.gravatar.com\\\/avatar\\\/eb7f74d52340ebedd5480701fcdd6d2904abef8cdb3a51882f629f2dd32d610d?s=96&d=mm&r=g\",\"url\":\"https:\\\/\\\/secure.gravatar.com\\\/avatar\\\/eb7f74d52340ebedd5480701fcdd6d2904abef8cdb3a51882f629f2dd32d610d?s=96&d=mm&r=g\",\"contentUrl\":\"https:\\\/\\\/secure.gravatar.com\\\/avatar\\\/eb7f74d52340ebedd5480701fcdd6d2904abef8cdb3a51882f629f2dd32d610d?s=96&d=mm&r=g\",\"caption\":\"newsarlux\"},\"url\":\"\"}]}<\/script>\n<!-- \/ Yoast SEO plugin. -->","yoast_head_json":{"title":"Via alla II edizione del Concorso sull'Innovazione","description":"Al via Raccontami l'Innovazione concorso dedicato agli studenti di Cagliari e Provincia della scuola secondaria di secondo grado","robots":{"index":"index","follow":"follow","max-snippet":"max-snippet:-1","max-image-preview":"max-image-preview:large","max-video-preview":"max-video-preview:-1"},"canonical":"https:\/\/www.sarlux.saras.it\/it\/via-alla-ii-edizione-del-concorso-sullinnovazione\/","og_locale":"it_IT","og_type":"article","og_title":"Via alla II edizione del Concorso sull'Innovazione","og_description":"Al via Raccontami l'Innovazione concorso dedicato agli studenti di Cagliari e Provincia della scuola secondaria di secondo grado","og_url":"https:\/\/www.sarlux.saras.it\/it\/via-alla-ii-edizione-del-concorso-sullinnovazione\/","og_site_name":"Sarlux Saras | Refining & Power","article_published_time":"2016-01-12T15:03:16+00:00","article_modified_time":"2017-12-01T13:26:34+00:00","author":"newsarlux","twitter_card":"summary_large_image","twitter_misc":{"Scritto da":"newsarlux","Tempo di lettura stimato":"2 minuti"},"schema":{"@context":"https:\/\/schema.org","@graph":[{"@type":"Article","@id":"https:\/\/www.sarlux.saras.it\/it\/via-alla-ii-edizione-del-concorso-sullinnovazione\/#article","isPartOf":{"@id":"https:\/\/www.sarlux.saras.it\/it\/via-alla-ii-edizione-del-concorso-sullinnovazione\/"},"author":{"name":"newsarlux","@id":"https:\/\/www.sarlux.saras.it\/it\/#\/schema\/person\/c7561934b223f17087f8e08f41b37b83"},"headline":"Via alla II edizione del Concorso sull&#039;Innovazione","datePublished":"2016-01-12T15:03:16+00:00","dateModified":"2017-12-01T13:26:34+00:00","mainEntityOfPage":{"@id":"https:\/\/www.sarlux.saras.it\/it\/via-alla-ii-edizione-del-concorso-sullinnovazione\/"},"wordCount":329,"commentCount":0,"publisher":{"@id":"https:\/\/www.sarlux.saras.it\/it\/#organization"},"image":{"@id":"https:\/\/www.sarlux.saras.it\/it\/via-alla-ii-edizione-del-concorso-sullinnovazione\/#primaryimage"},"thumbnailUrl":"","articleSection":["News"],"inLanguage":"it-IT","potentialAction":[{"@type":"CommentAction","name":"Comment","target":["https:\/\/www.sarlux.saras.it\/it\/via-alla-ii-edizione-del-concorso-sullinnovazione\/#respond"]}]},{"@type":"WebPage","@id":"https:\/\/www.sarlux.saras.it\/it\/via-alla-ii-edizione-del-concorso-sullinnovazione\/","url":"https:\/\/www.sarlux.saras.it\/it\/via-alla-ii-edizione-del-concorso-sullinnovazione\/","name":"Via alla II edizione del Concorso sull'Innovazione","isPartOf":{"@id":"https:\/\/www.sarlux.saras.it\/it\/#website"},"primaryImageOfPage":{"@id":"https:\/\/www.sarlux.saras.it\/it\/via-alla-ii-edizione-del-concorso-sullinnovazione\/#primaryimage"},"image":{"@id":"https:\/\/www.sarlux.saras.it\/it\/via-alla-ii-edizione-del-concorso-sullinnovazione\/#primaryimage"},"thumbnailUrl":"","datePublished":"2016-01-12T15:03:16+00:00","dateModified":"2017-12-01T13:26:34+00:00","description":"Al via Raccontami l'Innovazione concorso dedicato agli studenti di Cagliari e Provincia della scuola secondaria di secondo grado","breadcrumb":{"@id":"https:\/\/www.sarlux.saras.it\/it\/via-alla-ii-edizione-del-concorso-sullinnovazione\/#breadcrumb"},"inLanguage":"it-IT","potentialAction":[{"@type":"ReadAction","target":["https:\/\/www.sarlux.saras.it\/it\/via-alla-ii-edizione-del-concorso-sullinnovazione\/"]}]},{"@type":"ImageObject","inLanguage":"it-IT","@id":"https:\/\/www.sarlux.saras.it\/it\/via-alla-ii-edizione-del-concorso-sullinnovazione\/#primaryimage","url":"","contentUrl":""},{"@type":"BreadcrumbList","@id":"https:\/\/www.sarlux.saras.it\/it\/via-alla-ii-edizione-del-concorso-sullinnovazione\/#breadcrumb","itemListElement":[{"@type":"ListItem","position":1,"name":"Home","item":"https:\/\/www.sarlux.saras.it\/it\/"},{"@type":"ListItem","position":2,"name":"Via alla II edizione del Concorso sull&#039;Innovazione"}]},{"@type":"WebSite","@id":"https:\/\/www.sarlux.saras.it\/it\/#website","url":"https:\/\/www.sarlux.saras.it\/it\/","name":"Sarlux","description":"","publisher":{"@id":"https:\/\/www.sarlux.saras.it\/it\/#organization"},"potentialAction":[{"@type":"SearchAction","target":{"@type":"EntryPoint","urlTemplate":"https:\/\/www.sarlux.saras.it\/it\/?s={search_term_string}"},"query-input":{"@type":"PropertyValueSpecification","valueRequired":true,"valueName":"search_term_string"}}],"inLanguage":"it-IT"},{"@type":"Organization","@id":"https:\/\/www.sarlux.saras.it\/it\/#organization","name":"Sarlux","url":"https:\/\/www.sarlux.saras.it\/it\/","logo":{"@type":"ImageObject","inLanguage":"it-IT","@id":"https:\/\/www.sarlux.saras.it\/it\/#\/schema\/logo\/image\/","url":"https:\/\/www.sarlux.saras.it\/wp-content\/uploads\/2017\/12\/logo-pc-1.png","contentUrl":"https:\/\/www.sarlux.saras.it\/wp-content\/uploads\/2017\/12\/logo-pc-1.png","width":184,"height":86,"caption":"Sarlux"},"image":{"@id":"https:\/\/www.sarlux.saras.it\/it\/#\/schema\/logo\/image\/"}},{"@type":"Person","@id":"https:\/\/www.sarlux.saras.it\/it\/#\/schema\/person\/c7561934b223f17087f8e08f41b37b83","name":"newsarlux","image":{"@type":"ImageObject","inLanguage":"it-IT","@id":"https:\/\/secure.gravatar.com\/avatar\/eb7f74d52340ebedd5480701fcdd6d2904abef8cdb3a51882f629f2dd32d610d?s=96&d=mm&r=g","url":"https:\/\/secure.gravatar.com\/avatar\/eb7f74d52340ebedd5480701fcdd6d2904abef8cdb3a51882f629f2dd32d610d?s=96&d=mm&r=g","contentUrl":"https:\/\/secure.gravatar.com\/avatar\/eb7f74d52340ebedd5480701fcdd6d2904abef8cdb3a51882f629f2dd32d610d?s=96&d=mm&r=g","caption":"newsarlux"},"url":""}]}},"_links":{"self":[{"href":"https:\/\/www.sarlux.saras.it\/it\/wp-json\/wp\/v2\/posts\/4031","targetHints":{"allow":["GET"]}}],"collection":[{"href":"https:\/\/www.sarlux.saras.it\/it\/wp-json\/wp\/v2\/posts"}],"about":[{"href":"https:\/\/www.sarlux.saras.it\/it\/wp-json\/wp\/v2\/types\/post"}],"author":[{"embeddable":true,"href":"https:\/\/www.sarlux.saras.it\/it\/wp-json\/wp\/v2\/users\/2"}],"replies":[{"embeddable":true,"href":"https:\/\/www.sarlux.saras.it\/it\/wp-json\/wp\/v2\/comments?post=4031"}],"version-history":[{"count":1,"href":"https:\/\/www.sarlux.saras.it\/it\/wp-json\/wp\/v2\/posts\/4031\/revisions"}],"predecessor-version":[{"id":524350,"href":"https:\/\/www.sarlux.saras.it\/it\/wp-json\/wp\/v2\/posts\/4031\/revisions\/524350"}],"wp:featuredmedia":[{"embeddable":true,"href":"https:\/\/www.sarlux.saras.it\/it\/wp-json\/"}],"wp:attachment":[{"href":"https:\/\/www.sarlux.saras.it\/it\/wp-json\/wp\/v2\/media?parent=4031"}],"wp:term":[{"taxonomy":"category","embeddable":true,"href":"https:\/\/www.sarlux.saras.it\/it\/wp-json\/wp\/v2\/categories?post=4031"},{"taxonomy":"post_tag","embeddable":true,"href":"https:\/\/www.sarlux.saras.it\/it\/wp-json\/wp\/v2\/tags?post=4031"}],"curies":[{"name":"wp","href":"https:\/\/api.w.org\/{rel}","templated":true}]}}