{"id":4045,"date":"2016-01-29T15:32:11","date_gmt":"2016-01-29T15:32:11","guid":{"rendered":"http:\/\/www.sarlux.saras.it\/?p=4045"},"modified":"2019-09-13T15:47:00","modified_gmt":"2019-09-13T15:47:00","slug":"a-sarroch-rispettati-gli-standard-di-qualita-dellaria","status":"publish","type":"post","link":"https:\/\/www.sarlux.saras.it\/it\/a-sarroch-rispettati-gli-standard-di-qualita-dellaria\/","title":{"rendered":"A Sarroch rispettati gli standard di qualit\u00e0 dell&#039;aria"},"content":{"rendered":"<div id=\"attachment_4046\" style=\"width: 488px\" class=\"wp-caption aligncenter\"><a href=\"http:\/\/www.sarlux.saras.it\/wp-content\/uploads\/2016\/01\/Biggeri-Mattana-Melis-27-01.jpg\"><img loading=\"lazy\" decoding=\"async\" aria-describedby=\"caption-attachment-4046\" class=\" wp-image-4046\" src=\"http:\/\/www.sarlux.saras.it\/wp-content\/uploads\/2016\/01\/Biggeri-Mattana-Melis-27-01-300x169.jpg\" alt=\"Biggeri Mattana Melis 27 01\" width=\"478\" height=\"269\" \/><\/a><p id=\"caption-attachment-4046\" class=\"wp-caption-text\">Al centro, un momento della presentazione del Progetto Sarroch Ambiente e Salute alla cittadinanza<\/p><\/div>\n<p>A Sarroch rispettati gli standard di qualit\u00e0 dell\u2019aria, conferma lo studio indipendente \u201cProgetto Sarroch Ambiente e Salute\u201d condotto dall\u2019epidemiologo dell\u2019Universit\u00e0 di Firenze, Annibale Biggeri. L&#8217;aggiornamento dello studio \u201cDrias\u201d rileva: nessun eccesso di patologie respiratorie nei bambini della Sardegna sud-occidentale. Normali anche i livelli di metalli pesanti.<br \/>\nIl 27 gennaio, nella biblioteca comunale di Sarroch, nel corso di un\u2019assemblea pubblica un pool di ricercatori ha presentato il monitoraggio 2014-2015, a dieci anni dall&#8217;avvio del progetto voluto da Ministero della Salute e Comune di Sarroch. I dati raccolti dal laboratorio mobile dell\u2019amministrazione comunale confermano i risultati di altri studi indipendenti, come il Rapporto sulla qualit\u00e0 dell\u2019Aria pubblicato dall\u2019Arpas a luglio di ogni anno, e le rilevazioni della rete di centraline Saras. &#8220;Nessun superamento delle soglie limite per anidride solforosa, PM10 e benzene&#8221;, hanno spiegato alla platea i ricercatori dell\u2019Ateneo toscano, riferendosi ai miglioramenti degli standard della qualit\u00e0 dell&#8217;aria attorno all&#8217;area industriale. Anche in riferimento ad un agente fastidioso come l\u2019acido solfidrico (responsabile dell\u2019odore percepito talvolta dai cittadini), \u00e8 stato ribadito il rispetto dei parametri imposti dalla Organizzazione Mondiale della Sanit\u00e0, di solito pi\u00f9 severa delle norme di legge. Unica criticit\u00e0: nel 2015, si sono verificate 94 ore con concentrazioni superiori alla soglia di odorabilit\u00e0. Per contrastare i fenomeni odorigeni, Sarlux ha gi\u00e0 avviato la copertura delle vasche Api (dove avviene la separazione tra acqua e olio, durante il trattamento delle acque di scarico), responsabile di gran parte delle cosiddette \u201cemissioni diffuse\u201d. Per il Gruppo Saras, il miglioramento nella qualit\u00e0 dell\u2019aria attestato dal \u201cProgetto Sarroch Ambiente e Salute\u201d \u00e8 la conferma degli sforzi dei lavoratori e degli investimenti costanti effettuati dall&#8217;azienda per rendere il sito industriale sempre pi\u00f9 compatibile con il territorio.<\/p>\n<p>&nbsp;<\/p>\n","protected":false},"excerpt":{"rendered":"<p>A Sarroch rispettati gli standard di qualit\u00e0 dell\u2019aria, conferma lo studio indipendente \u201cProgetto Sarroch Ambiente e Salute\u201d condotto dall\u2019epidemiologo dell\u2019Universit\u00e0 di Firenze, Annibale Biggeri. L&#8217;aggiornamento dello<span class=\"excerpt-hellip\"> [\u2026]<\/span><\/p>\n","protected":false},"author":2,"featured_media":4077,"comment_status":"open","ping_status":"open","sticky":false,"template":"","format":"standard","meta":{"_acf_changed":false,"inline_featured_image":false,"footnotes":""},"categories":[17],"tags":[],"class_list":["post-4045","post","type-post","status-publish","format-standard","has-post-thumbnail","hentry","category-news"],"acf":[],"yoast_head":"<!-- This site is optimized with the Yoast SEO plugin v27.3 - https:\/\/yoast.com\/product\/yoast-seo-wordpress\/ -->\n<title>Saras. Sarroch rispettati gli standard di qualit\u00e0 dell&#039;aria<\/title>\n<meta name=\"description\" content=\"Lo studio indipendente Progetto Sarroch Ambiente e Salute conferma che la Saras a Sarroch rispettata gli standard di qualit\u00e0 dell\u2019aria\" \/>\n<meta name=\"robots\" content=\"index, follow, max-snippet:-1, max-image-preview:large, max-video-preview:-1\" \/>\n<link rel=\"canonical\" href=\"https:\/\/www.sarlux.saras.it\/it\/a-sarroch-rispettati-gli-standard-di-qualita-dellaria\/\" \/>\n<meta property=\"og:locale\" content=\"it_IT\" \/>\n<meta property=\"og:type\" content=\"article\" \/>\n<meta property=\"og:title\" content=\"Saras. Sarroch rispettati gli standard di qualit\u00e0 dell&#039;aria\" \/>\n<meta property=\"og:description\" content=\"Lo studio indipendente Progetto Sarroch Ambiente e Salute conferma che la Saras a Sarroch rispettata gli standard di qualit\u00e0 dell\u2019aria\" \/>\n<meta property=\"og:url\" content=\"https:\/\/www.sarlux.saras.it\/it\/a-sarroch-rispettati-gli-standard-di-qualita-dellaria\/\" \/>\n<meta property=\"og:site_name\" content=\"Sarlux Saras | Refining &amp; Power\" \/>\n<meta property=\"article:published_time\" content=\"2016-01-29T15:32:11+00:00\" \/>\n<meta property=\"article:modified_time\" content=\"2019-09-13T15:47:00+00:00\" \/>\n<meta name=\"author\" content=\"newsarlux\" \/>\n<meta name=\"twitter:card\" content=\"summary_large_image\" \/>\n<meta name=\"twitter:label1\" content=\"Scritto da\" \/>\n\t<meta name=\"twitter:data1\" content=\"newsarlux\" \/>\n\t<meta name=\"twitter:label2\" content=\"Tempo di lettura stimato\" \/>\n\t<meta name=\"twitter:data2\" content=\"2 minuti\" \/>\n<script type=\"application\/ld+json\" class=\"yoast-schema-graph\">{\"@context\":\"https:\\\/\\\/schema.org\",\"@graph\":[{\"@type\":\"Article\",\"@id\":\"https:\\\/\\\/www.sarlux.saras.it\\\/it\\\/a-sarroch-rispettati-gli-standard-di-qualita-dellaria\\\/#article\",\"isPartOf\":{\"@id\":\"https:\\\/\\\/www.sarlux.saras.it\\\/it\\\/a-sarroch-rispettati-gli-standard-di-qualita-dellaria\\\/\"},\"author\":{\"name\":\"newsarlux\",\"@id\":\"https:\\\/\\\/www.sarlux.saras.it\\\/it\\\/#\\\/schema\\\/person\\\/c7561934b223f17087f8e08f41b37b83\"},\"headline\":\"A Sarroch rispettati gli standard di qualit\u00e0 dell&#039;aria\",\"datePublished\":\"2016-01-29T15:32:11+00:00\",\"dateModified\":\"2019-09-13T15:47:00+00:00\",\"mainEntityOfPage\":{\"@id\":\"https:\\\/\\\/www.sarlux.saras.it\\\/it\\\/a-sarroch-rispettati-gli-standard-di-qualita-dellaria\\\/\"},\"wordCount\":316,\"commentCount\":0,\"publisher\":{\"@id\":\"https:\\\/\\\/www.sarlux.saras.it\\\/it\\\/#organization\"},\"image\":{\"@id\":\"https:\\\/\\\/www.sarlux.saras.it\\\/it\\\/a-sarroch-rispettati-gli-standard-di-qualita-dellaria\\\/#primaryimage\"},\"thumbnailUrl\":\"\",\"articleSection\":[\"News\"],\"inLanguage\":\"it-IT\",\"potentialAction\":[{\"@type\":\"CommentAction\",\"name\":\"Comment\",\"target\":[\"https:\\\/\\\/www.sarlux.saras.it\\\/it\\\/a-sarroch-rispettati-gli-standard-di-qualita-dellaria\\\/#respond\"]}]},{\"@type\":\"WebPage\",\"@id\":\"https:\\\/\\\/www.sarlux.saras.it\\\/it\\\/a-sarroch-rispettati-gli-standard-di-qualita-dellaria\\\/\",\"url\":\"https:\\\/\\\/www.sarlux.saras.it\\\/it\\\/a-sarroch-rispettati-gli-standard-di-qualita-dellaria\\\/\",\"name\":\"Saras. Sarroch rispettati gli standard di qualit\u00e0 dell'aria\",\"isPartOf\":{\"@id\":\"https:\\\/\\\/www.sarlux.saras.it\\\/it\\\/#website\"},\"primaryImageOfPage\":{\"@id\":\"https:\\\/\\\/www.sarlux.saras.it\\\/it\\\/a-sarroch-rispettati-gli-standard-di-qualita-dellaria\\\/#primaryimage\"},\"image\":{\"@id\":\"https:\\\/\\\/www.sarlux.saras.it\\\/it\\\/a-sarroch-rispettati-gli-standard-di-qualita-dellaria\\\/#primaryimage\"},\"thumbnailUrl\":\"\",\"datePublished\":\"2016-01-29T15:32:11+00:00\",\"dateModified\":\"2019-09-13T15:47:00+00:00\",\"description\":\"Lo studio indipendente Progetto Sarroch Ambiente e Salute conferma che la Saras a Sarroch rispettata gli standard di qualit\u00e0 dell\u2019aria\",\"breadcrumb\":{\"@id\":\"https:\\\/\\\/www.sarlux.saras.it\\\/it\\\/a-sarroch-rispettati-gli-standard-di-qualita-dellaria\\\/#breadcrumb\"},\"inLanguage\":\"it-IT\",\"potentialAction\":[{\"@type\":\"ReadAction\",\"target\":[\"https:\\\/\\\/www.sarlux.saras.it\\\/it\\\/a-sarroch-rispettati-gli-standard-di-qualita-dellaria\\\/\"]}]},{\"@type\":\"ImageObject\",\"inLanguage\":\"it-IT\",\"@id\":\"https:\\\/\\\/www.sarlux.saras.it\\\/it\\\/a-sarroch-rispettati-gli-standard-di-qualita-dellaria\\\/#primaryimage\",\"url\":\"\",\"contentUrl\":\"\"},{\"@type\":\"BreadcrumbList\",\"@id\":\"https:\\\/\\\/www.sarlux.saras.it\\\/it\\\/a-sarroch-rispettati-gli-standard-di-qualita-dellaria\\\/#breadcrumb\",\"itemListElement\":[{\"@type\":\"ListItem\",\"position\":1,\"name\":\"Home\",\"item\":\"https:\\\/\\\/www.sarlux.saras.it\\\/it\\\/\"},{\"@type\":\"ListItem\",\"position\":2,\"name\":\"A Sarroch rispettati gli standard di qualit\u00e0 dell&#039;aria\"}]},{\"@type\":\"WebSite\",\"@id\":\"https:\\\/\\\/www.sarlux.saras.it\\\/it\\\/#website\",\"url\":\"https:\\\/\\\/www.sarlux.saras.it\\\/it\\\/\",\"name\":\"Sarlux\",\"description\":\"\",\"publisher\":{\"@id\":\"https:\\\/\\\/www.sarlux.saras.it\\\/it\\\/#organization\"},\"potentialAction\":[{\"@type\":\"SearchAction\",\"target\":{\"@type\":\"EntryPoint\",\"urlTemplate\":\"https:\\\/\\\/www.sarlux.saras.it\\\/it\\\/?s={search_term_string}\"},\"query-input\":{\"@type\":\"PropertyValueSpecification\",\"valueRequired\":true,\"valueName\":\"search_term_string\"}}],\"inLanguage\":\"it-IT\"},{\"@type\":\"Organization\",\"@id\":\"https:\\\/\\\/www.sarlux.saras.it\\\/it\\\/#organization\",\"name\":\"Sarlux\",\"url\":\"https:\\\/\\\/www.sarlux.saras.it\\\/it\\\/\",\"logo\":{\"@type\":\"ImageObject\",\"inLanguage\":\"it-IT\",\"@id\":\"https:\\\/\\\/www.sarlux.saras.it\\\/it\\\/#\\\/schema\\\/logo\\\/image\\\/\",\"url\":\"https:\\\/\\\/www.sarlux.saras.it\\\/wp-content\\\/uploads\\\/2017\\\/12\\\/logo-pc-1.png\",\"contentUrl\":\"https:\\\/\\\/www.sarlux.saras.it\\\/wp-content\\\/uploads\\\/2017\\\/12\\\/logo-pc-1.png\",\"width\":184,\"height\":86,\"caption\":\"Sarlux\"},\"image\":{\"@id\":\"https:\\\/\\\/www.sarlux.saras.it\\\/it\\\/#\\\/schema\\\/logo\\\/image\\\/\"}},{\"@type\":\"Person\",\"@id\":\"https:\\\/\\\/www.sarlux.saras.it\\\/it\\\/#\\\/schema\\\/person\\\/c7561934b223f17087f8e08f41b37b83\",\"name\":\"newsarlux\",\"image\":{\"@type\":\"ImageObject\",\"inLanguage\":\"it-IT\",\"@id\":\"https:\\\/\\\/secure.gravatar.com\\\/avatar\\\/eb7f74d52340ebedd5480701fcdd6d2904abef8cdb3a51882f629f2dd32d610d?s=96&d=mm&r=g\",\"url\":\"https:\\\/\\\/secure.gravatar.com\\\/avatar\\\/eb7f74d52340ebedd5480701fcdd6d2904abef8cdb3a51882f629f2dd32d610d?s=96&d=mm&r=g\",\"contentUrl\":\"https:\\\/\\\/secure.gravatar.com\\\/avatar\\\/eb7f74d52340ebedd5480701fcdd6d2904abef8cdb3a51882f629f2dd32d610d?s=96&d=mm&r=g\",\"caption\":\"newsarlux\"},\"url\":\"\"}]}<\/script>\n<!-- \/ Yoast SEO plugin. -->","yoast_head_json":{"title":"Saras. Sarroch rispettati gli standard di qualit\u00e0 dell'aria","description":"Lo studio indipendente Progetto Sarroch Ambiente e Salute conferma che la Saras a Sarroch rispettata gli standard di qualit\u00e0 dell\u2019aria","robots":{"index":"index","follow":"follow","max-snippet":"max-snippet:-1","max-image-preview":"max-image-preview:large","max-video-preview":"max-video-preview:-1"},"canonical":"https:\/\/www.sarlux.saras.it\/it\/a-sarroch-rispettati-gli-standard-di-qualita-dellaria\/","og_locale":"it_IT","og_type":"article","og_title":"Saras. Sarroch rispettati gli standard di qualit\u00e0 dell'aria","og_description":"Lo studio indipendente Progetto Sarroch Ambiente e Salute conferma che la Saras a Sarroch rispettata gli standard di qualit\u00e0 dell\u2019aria","og_url":"https:\/\/www.sarlux.saras.it\/it\/a-sarroch-rispettati-gli-standard-di-qualita-dellaria\/","og_site_name":"Sarlux Saras | Refining & Power","article_published_time":"2016-01-29T15:32:11+00:00","article_modified_time":"2019-09-13T15:47:00+00:00","author":"newsarlux","twitter_card":"summary_large_image","twitter_misc":{"Scritto da":"newsarlux","Tempo di lettura stimato":"2 minuti"},"schema":{"@context":"https:\/\/schema.org","@graph":[{"@type":"Article","@id":"https:\/\/www.sarlux.saras.it\/it\/a-sarroch-rispettati-gli-standard-di-qualita-dellaria\/#article","isPartOf":{"@id":"https:\/\/www.sarlux.saras.it\/it\/a-sarroch-rispettati-gli-standard-di-qualita-dellaria\/"},"author":{"name":"newsarlux","@id":"https:\/\/www.sarlux.saras.it\/it\/#\/schema\/person\/c7561934b223f17087f8e08f41b37b83"},"headline":"A Sarroch rispettati gli standard di qualit\u00e0 dell&#039;aria","datePublished":"2016-01-29T15:32:11+00:00","dateModified":"2019-09-13T15:47:00+00:00","mainEntityOfPage":{"@id":"https:\/\/www.sarlux.saras.it\/it\/a-sarroch-rispettati-gli-standard-di-qualita-dellaria\/"},"wordCount":316,"commentCount":0,"publisher":{"@id":"https:\/\/www.sarlux.saras.it\/it\/#organization"},"image":{"@id":"https:\/\/www.sarlux.saras.it\/it\/a-sarroch-rispettati-gli-standard-di-qualita-dellaria\/#primaryimage"},"thumbnailUrl":"","articleSection":["News"],"inLanguage":"it-IT","potentialAction":[{"@type":"CommentAction","name":"Comment","target":["https:\/\/www.sarlux.saras.it\/it\/a-sarroch-rispettati-gli-standard-di-qualita-dellaria\/#respond"]}]},{"@type":"WebPage","@id":"https:\/\/www.sarlux.saras.it\/it\/a-sarroch-rispettati-gli-standard-di-qualita-dellaria\/","url":"https:\/\/www.sarlux.saras.it\/it\/a-sarroch-rispettati-gli-standard-di-qualita-dellaria\/","name":"Saras. Sarroch rispettati gli standard di qualit\u00e0 dell'aria","isPartOf":{"@id":"https:\/\/www.sarlux.saras.it\/it\/#website"},"primaryImageOfPage":{"@id":"https:\/\/www.sarlux.saras.it\/it\/a-sarroch-rispettati-gli-standard-di-qualita-dellaria\/#primaryimage"},"image":{"@id":"https:\/\/www.sarlux.saras.it\/it\/a-sarroch-rispettati-gli-standard-di-qualita-dellaria\/#primaryimage"},"thumbnailUrl":"","datePublished":"2016-01-29T15:32:11+00:00","dateModified":"2019-09-13T15:47:00+00:00","description":"Lo studio indipendente Progetto Sarroch Ambiente e Salute conferma che la Saras a Sarroch rispettata gli standard di qualit\u00e0 dell\u2019aria","breadcrumb":{"@id":"https:\/\/www.sarlux.saras.it\/it\/a-sarroch-rispettati-gli-standard-di-qualita-dellaria\/#breadcrumb"},"inLanguage":"it-IT","potentialAction":[{"@type":"ReadAction","target":["https:\/\/www.sarlux.saras.it\/it\/a-sarroch-rispettati-gli-standard-di-qualita-dellaria\/"]}]},{"@type":"ImageObject","inLanguage":"it-IT","@id":"https:\/\/www.sarlux.saras.it\/it\/a-sarroch-rispettati-gli-standard-di-qualita-dellaria\/#primaryimage","url":"","contentUrl":""},{"@type":"BreadcrumbList","@id":"https:\/\/www.sarlux.saras.it\/it\/a-sarroch-rispettati-gli-standard-di-qualita-dellaria\/#breadcrumb","itemListElement":[{"@type":"ListItem","position":1,"name":"Home","item":"https:\/\/www.sarlux.saras.it\/it\/"},{"@type":"ListItem","position":2,"name":"A Sarroch rispettati gli standard di qualit\u00e0 dell&#039;aria"}]},{"@type":"WebSite","@id":"https:\/\/www.sarlux.saras.it\/it\/#website","url":"https:\/\/www.sarlux.saras.it\/it\/","name":"Sarlux","description":"","publisher":{"@id":"https:\/\/www.sarlux.saras.it\/it\/#organization"},"potentialAction":[{"@type":"SearchAction","target":{"@type":"EntryPoint","urlTemplate":"https:\/\/www.sarlux.saras.it\/it\/?s={search_term_string}"},"query-input":{"@type":"PropertyValueSpecification","valueRequired":true,"valueName":"search_term_string"}}],"inLanguage":"it-IT"},{"@type":"Organization","@id":"https:\/\/www.sarlux.saras.it\/it\/#organization","name":"Sarlux","url":"https:\/\/www.sarlux.saras.it\/it\/","logo":{"@type":"ImageObject","inLanguage":"it-IT","@id":"https:\/\/www.sarlux.saras.it\/it\/#\/schema\/logo\/image\/","url":"https:\/\/www.sarlux.saras.it\/wp-content\/uploads\/2017\/12\/logo-pc-1.png","contentUrl":"https:\/\/www.sarlux.saras.it\/wp-content\/uploads\/2017\/12\/logo-pc-1.png","width":184,"height":86,"caption":"Sarlux"},"image":{"@id":"https:\/\/www.sarlux.saras.it\/it\/#\/schema\/logo\/image\/"}},{"@type":"Person","@id":"https:\/\/www.sarlux.saras.it\/it\/#\/schema\/person\/c7561934b223f17087f8e08f41b37b83","name":"newsarlux","image":{"@type":"ImageObject","inLanguage":"it-IT","@id":"https:\/\/secure.gravatar.com\/avatar\/eb7f74d52340ebedd5480701fcdd6d2904abef8cdb3a51882f629f2dd32d610d?s=96&d=mm&r=g","url":"https:\/\/secure.gravatar.com\/avatar\/eb7f74d52340ebedd5480701fcdd6d2904abef8cdb3a51882f629f2dd32d610d?s=96&d=mm&r=g","contentUrl":"https:\/\/secure.gravatar.com\/avatar\/eb7f74d52340ebedd5480701fcdd6d2904abef8cdb3a51882f629f2dd32d610d?s=96&d=mm&r=g","caption":"newsarlux"},"url":""}]}},"_links":{"self":[{"href":"https:\/\/www.sarlux.saras.it\/it\/wp-json\/wp\/v2\/posts\/4045","targetHints":{"allow":["GET"]}}],"collection":[{"href":"https:\/\/www.sarlux.saras.it\/it\/wp-json\/wp\/v2\/posts"}],"about":[{"href":"https:\/\/www.sarlux.saras.it\/it\/wp-json\/wp\/v2\/types\/post"}],"author":[{"embeddable":true,"href":"https:\/\/www.sarlux.saras.it\/it\/wp-json\/wp\/v2\/users\/2"}],"replies":[{"embeddable":true,"href":"https:\/\/www.sarlux.saras.it\/it\/wp-json\/wp\/v2\/comments?post=4045"}],"version-history":[{"count":1,"href":"https:\/\/www.sarlux.saras.it\/it\/wp-json\/wp\/v2\/posts\/4045\/revisions"}],"predecessor-version":[{"id":524344,"href":"https:\/\/www.sarlux.saras.it\/it\/wp-json\/wp\/v2\/posts\/4045\/revisions\/524344"}],"wp:featuredmedia":[{"embeddable":true,"href":"https:\/\/www.sarlux.saras.it\/it\/wp-json\/"}],"wp:attachment":[{"href":"https:\/\/www.sarlux.saras.it\/it\/wp-json\/wp\/v2\/media?parent=4045"}],"wp:term":[{"taxonomy":"category","embeddable":true,"href":"https:\/\/www.sarlux.saras.it\/it\/wp-json\/wp\/v2\/categories?post=4045"},{"taxonomy":"post_tag","embeddable":true,"href":"https:\/\/www.sarlux.saras.it\/it\/wp-json\/wp\/v2\/tags?post=4045"}],"curies":[{"name":"wp","href":"https:\/\/api.w.org\/{rel}","templated":true}]}}