{"id":523554,"date":"2017-10-16T13:32:09","date_gmt":"2017-10-16T13:32:09","guid":{"rendered":"http:\/\/www.sarlux.saras.it\/?p=523554"},"modified":"2019-09-12T16:34:45","modified_gmt":"2019-09-12T16:34:45","slug":"la-dichiarazione-ambientale-2017","status":"publish","type":"post","link":"https:\/\/www.sarlux.saras.it\/it\/la-dichiarazione-ambientale-2017\/","title":{"rendered":"La Dichiarazione ambientale 2017"},"content":{"rendered":"<p><img loading=\"lazy\" decoding=\"async\" class=\"aligncenter wp-image-523556 size-full\" src=\"http:\/\/www.sarlux.saras.it\/wp-content\/uploads\/2017\/10\/dichiarazione-ambientale-copertina-2017.jpg\" alt=\"\" width=\"990\" height=\"450\" \/><\/p>\n<p style=\"text-align: center;\">La <strong>Dichiarazione ambientale 2017<\/strong> \u00e8 <a href=\"http:\/\/www.sarlux.saras.it\/it\/emas\/\">online<\/a>, scaricabile anche dal sito Sarlux.<br \/>\nIllustra le attivit\u00e0 svolte, gli aspetti ambientali e gli obiettivi<br \/>\nche l\u2019azienda del <strong>Gruppo Saras<\/strong> si \u00e8 prefissata per una crescente sostenibilit\u00e0.<\/p>\n<p style=\"text-align: center;\">Si tratta della nona edizione, da quanto nel 2008 l\u2019azienda di Sarroch<br \/>\naveva scelto di aderire alla <strong>registrazione EMAS<\/strong>\u00a0(Eco-Management and Audit Scheme),<br \/>\nuno strumento creato dalla Comunit\u00e0 europea<br \/>\nper contribuire\u00a0a realizzare uno <strong>sviluppo economico sostenibile<\/strong>,<br \/>\nponendo in rilievo ruolo e responsabilit\u00e0 delle imprese.<\/p>\n<p style=\"text-align: center;\">Il documento \u00e8 pensato, soprattutto, per\u00a0condividere con la comunit\u00e0<br \/>\ni dati sull\u2019andamento degli impianti\u00a0e sulle prestazioni ambientali dell\u2019organizzazione,<br \/>\nentrambi improntati sul concetto di miglioramento continuo.<\/p>\n<p style=\"text-align: center;\">La pubblicazione annuale della Dichiarazione ambientale rappresenta quindi<br \/>\nun momento importante\u00a0per tutta l\u2019organizzazione Sarlux in quanto fornisce,<br \/>\nin un <strong>dialogo aperto e trasparente con i cittadini<\/strong>,<br \/>\n<strong>le istituzioni e in particolare gli stakeholder<\/strong>, approfondite informazioni<br \/>\nsulle prestazioni ambientali\u00a0dei processi produttivi dello stabilimento<br \/>\nche ha sede a Sarroch, in provincia di Cagliari.<\/p>\n<p style=\"text-align: center;\">L\u2019andamento delle performance ambientali registrate nel 2016 testimonia l\u2019impegno di Sarlux<br \/>\nper un <strong>miglioramento continuo<\/strong> in diversi ambiti,<br \/>\ncome ambiente, sicurezza e salute dei lavoratori.<br \/>\nConferma altres\u00ec l\u2019attenzione verso tutti i portatori di interesse,<br \/>\ncon particolare riferimento a quelli locali.<\/p>\n<p style=\"text-align: center;\">Il consolidamento dell\u2019attivit\u00e0 in coerenza con <strong>uno sviluppo realmente sostenibile<br \/>\n<\/strong>trova conferma sia nell\u2019importante <strong>piano di investimenti avviato<\/strong>,<br \/>\nsia nell\u2019impegno alla <strong>continua ricerca di innovazioni<\/strong>.<\/p>\n<p style=\"text-align: center;\">Si \u00e8 appena avviata l\u2019<strong>industrializzazione <\/strong>di\u00a0alcuni progetti pilota<br \/>\nche il team #digitalSaras ha testato negli ultimi mesi.<br \/>\nI progetti sono stati presentati la scorsa settimana<br \/>\nnel L<strong>aboratorio Industry 4.0<\/strong>\u00a0del sito industriale di Sarroch<br \/>\ne consentiranno di <strong>migliorare i processi a costi sostenibili<br \/>\n<\/strong>per restare uno degli operatori leader\u00a0della raffinazione, nel rispetto della comunit\u00e0.<\/p>\n","protected":false},"excerpt":{"rendered":"<p>La Dichiarazione ambientale 2017 \u00e8 online, scaricabile anche dal sito Sarlux. Illustra le attivit\u00e0 svolte, gli aspetti ambientali e gli obiettivi che l\u2019azienda del Gruppo Saras<span class=\"excerpt-hellip\"> [\u2026]<\/span><\/p>\n","protected":false},"author":8,"featured_media":524531,"comment_status":"open","ping_status":"open","sticky":false,"template":"","format":"standard","meta":{"_acf_changed":false,"inline_featured_image":false,"footnotes":""},"categories":[17],"tags":[],"class_list":["post-523554","post","type-post","status-publish","format-standard","has-post-thumbnail","hentry","category-news"],"acf":[],"yoast_head":"<!-- This site is optimized with the Yoast SEO plugin v27.3 - https:\/\/yoast.com\/product\/yoast-seo-wordpress\/ -->\n<title>Online la Dichiarazione ambientale Saras 2017<\/title>\n<meta name=\"description\" content=\"La Dichiarazione Ambientale 2017 illustra le attivit\u00e0 svolte, gli aspetti ambientali e gli obiettivi che la Saras si \u00e8 prefissata per una crescente sostenibilit\u00e0.\" \/>\n<meta name=\"robots\" content=\"index, follow, max-snippet:-1, max-image-preview:large, max-video-preview:-1\" \/>\n<link rel=\"canonical\" href=\"https:\/\/www.sarlux.saras.it\/it\/la-dichiarazione-ambientale-2017\/\" \/>\n<meta property=\"og:locale\" content=\"it_IT\" \/>\n<meta property=\"og:type\" content=\"article\" \/>\n<meta property=\"og:title\" content=\"Online la Dichiarazione ambientale Saras 2017\" \/>\n<meta property=\"og:description\" content=\"La Dichiarazione Ambientale 2017 illustra le attivit\u00e0 svolte, gli aspetti ambientali e gli obiettivi che la Saras si \u00e8 prefissata per una crescente sostenibilit\u00e0.\" \/>\n<meta property=\"og:url\" content=\"https:\/\/www.sarlux.saras.it\/it\/la-dichiarazione-ambientale-2017\/\" \/>\n<meta property=\"og:site_name\" content=\"Sarlux Saras | Refining &amp; Power\" \/>\n<meta property=\"article:published_time\" content=\"2017-10-16T13:32:09+00:00\" \/>\n<meta property=\"article:modified_time\" content=\"2019-09-12T16:34:45+00:00\" \/>\n<meta property=\"og:image\" content=\"https:\/\/www.sarlux.saras.it\/wp-content\/uploads\/2017\/12\/dichiarazione-ambientale-copertina-2017.jpg\" \/>\n\t<meta property=\"og:image:width\" content=\"990\" \/>\n\t<meta property=\"og:image:height\" content=\"450\" \/>\n\t<meta property=\"og:image:type\" content=\"image\/jpeg\" \/>\n<meta name=\"author\" content=\"Elisabetta Marongiu\" \/>\n<meta name=\"twitter:card\" content=\"summary_large_image\" \/>\n<meta name=\"twitter:label1\" content=\"Scritto da\" \/>\n\t<meta name=\"twitter:data1\" content=\"Elisabetta Marongiu\" \/>\n\t<meta name=\"twitter:label2\" content=\"Tempo di lettura stimato\" \/>\n\t<meta name=\"twitter:data2\" content=\"1 minuto\" \/>\n<script type=\"application\/ld+json\" class=\"yoast-schema-graph\">{\"@context\":\"https:\\\/\\\/schema.org\",\"@graph\":[{\"@type\":\"Article\",\"@id\":\"https:\\\/\\\/www.sarlux.saras.it\\\/it\\\/la-dichiarazione-ambientale-2017\\\/#article\",\"isPartOf\":{\"@id\":\"https:\\\/\\\/www.sarlux.saras.it\\\/it\\\/la-dichiarazione-ambientale-2017\\\/\"},\"author\":{\"name\":\"Elisabetta Marongiu\",\"@id\":\"https:\\\/\\\/www.sarlux.saras.it\\\/it\\\/#\\\/schema\\\/person\\\/bdb99fa4d691cca9dcdf7a04bca185c8\"},\"headline\":\"La Dichiarazione ambientale 2017\",\"datePublished\":\"2017-10-16T13:32:09+00:00\",\"dateModified\":\"2019-09-12T16:34:45+00:00\",\"mainEntityOfPage\":{\"@id\":\"https:\\\/\\\/www.sarlux.saras.it\\\/it\\\/la-dichiarazione-ambientale-2017\\\/\"},\"wordCount\":286,\"commentCount\":0,\"publisher\":{\"@id\":\"https:\\\/\\\/www.sarlux.saras.it\\\/it\\\/#organization\"},\"image\":{\"@id\":\"https:\\\/\\\/www.sarlux.saras.it\\\/it\\\/la-dichiarazione-ambientale-2017\\\/#primaryimage\"},\"thumbnailUrl\":\"https:\\\/\\\/www.sarlux.saras.it\\\/wp-content\\\/uploads\\\/2017\\\/12\\\/dichiarazione-ambientale-copertina-2017.jpg\",\"articleSection\":[\"News\"],\"inLanguage\":\"it-IT\",\"potentialAction\":[{\"@type\":\"CommentAction\",\"name\":\"Comment\",\"target\":[\"https:\\\/\\\/www.sarlux.saras.it\\\/it\\\/la-dichiarazione-ambientale-2017\\\/#respond\"]}]},{\"@type\":\"WebPage\",\"@id\":\"https:\\\/\\\/www.sarlux.saras.it\\\/it\\\/la-dichiarazione-ambientale-2017\\\/\",\"url\":\"https:\\\/\\\/www.sarlux.saras.it\\\/it\\\/la-dichiarazione-ambientale-2017\\\/\",\"name\":\"Online la Dichiarazione ambientale Saras 2017\",\"isPartOf\":{\"@id\":\"https:\\\/\\\/www.sarlux.saras.it\\\/it\\\/#website\"},\"primaryImageOfPage\":{\"@id\":\"https:\\\/\\\/www.sarlux.saras.it\\\/it\\\/la-dichiarazione-ambientale-2017\\\/#primaryimage\"},\"image\":{\"@id\":\"https:\\\/\\\/www.sarlux.saras.it\\\/it\\\/la-dichiarazione-ambientale-2017\\\/#primaryimage\"},\"thumbnailUrl\":\"https:\\\/\\\/www.sarlux.saras.it\\\/wp-content\\\/uploads\\\/2017\\\/12\\\/dichiarazione-ambientale-copertina-2017.jpg\",\"datePublished\":\"2017-10-16T13:32:09+00:00\",\"dateModified\":\"2019-09-12T16:34:45+00:00\",\"description\":\"La Dichiarazione Ambientale 2017 illustra le attivit\u00e0 svolte, gli aspetti ambientali e gli obiettivi che la Saras si \u00e8 prefissata per una crescente sostenibilit\u00e0.\",\"breadcrumb\":{\"@id\":\"https:\\\/\\\/www.sarlux.saras.it\\\/it\\\/la-dichiarazione-ambientale-2017\\\/#breadcrumb\"},\"inLanguage\":\"it-IT\",\"potentialAction\":[{\"@type\":\"ReadAction\",\"target\":[\"https:\\\/\\\/www.sarlux.saras.it\\\/it\\\/la-dichiarazione-ambientale-2017\\\/\"]}]},{\"@type\":\"ImageObject\",\"inLanguage\":\"it-IT\",\"@id\":\"https:\\\/\\\/www.sarlux.saras.it\\\/it\\\/la-dichiarazione-ambientale-2017\\\/#primaryimage\",\"url\":\"https:\\\/\\\/www.sarlux.saras.it\\\/wp-content\\\/uploads\\\/2017\\\/12\\\/dichiarazione-ambientale-copertina-2017.jpg\",\"contentUrl\":\"https:\\\/\\\/www.sarlux.saras.it\\\/wp-content\\\/uploads\\\/2017\\\/12\\\/dichiarazione-ambientale-copertina-2017.jpg\",\"width\":990,\"height\":450},{\"@type\":\"BreadcrumbList\",\"@id\":\"https:\\\/\\\/www.sarlux.saras.it\\\/it\\\/la-dichiarazione-ambientale-2017\\\/#breadcrumb\",\"itemListElement\":[{\"@type\":\"ListItem\",\"position\":1,\"name\":\"Home\",\"item\":\"https:\\\/\\\/www.sarlux.saras.it\\\/it\\\/\"},{\"@type\":\"ListItem\",\"position\":2,\"name\":\"La Dichiarazione ambientale 2017\"}]},{\"@type\":\"WebSite\",\"@id\":\"https:\\\/\\\/www.sarlux.saras.it\\\/it\\\/#website\",\"url\":\"https:\\\/\\\/www.sarlux.saras.it\\\/it\\\/\",\"name\":\"Sarlux\",\"description\":\"\",\"publisher\":{\"@id\":\"https:\\\/\\\/www.sarlux.saras.it\\\/it\\\/#organization\"},\"potentialAction\":[{\"@type\":\"SearchAction\",\"target\":{\"@type\":\"EntryPoint\",\"urlTemplate\":\"https:\\\/\\\/www.sarlux.saras.it\\\/it\\\/?s={search_term_string}\"},\"query-input\":{\"@type\":\"PropertyValueSpecification\",\"valueRequired\":true,\"valueName\":\"search_term_string\"}}],\"inLanguage\":\"it-IT\"},{\"@type\":\"Organization\",\"@id\":\"https:\\\/\\\/www.sarlux.saras.it\\\/it\\\/#organization\",\"name\":\"Sarlux\",\"url\":\"https:\\\/\\\/www.sarlux.saras.it\\\/it\\\/\",\"logo\":{\"@type\":\"ImageObject\",\"inLanguage\":\"it-IT\",\"@id\":\"https:\\\/\\\/www.sarlux.saras.it\\\/it\\\/#\\\/schema\\\/logo\\\/image\\\/\",\"url\":\"https:\\\/\\\/www.sarlux.saras.it\\\/wp-content\\\/uploads\\\/2017\\\/12\\\/logo-pc-1.png\",\"contentUrl\":\"https:\\\/\\\/www.sarlux.saras.it\\\/wp-content\\\/uploads\\\/2017\\\/12\\\/logo-pc-1.png\",\"width\":184,\"height\":86,\"caption\":\"Sarlux\"},\"image\":{\"@id\":\"https:\\\/\\\/www.sarlux.saras.it\\\/it\\\/#\\\/schema\\\/logo\\\/image\\\/\"}},{\"@type\":\"Person\",\"@id\":\"https:\\\/\\\/www.sarlux.saras.it\\\/it\\\/#\\\/schema\\\/person\\\/bdb99fa4d691cca9dcdf7a04bca185c8\",\"name\":\"Elisabetta Marongiu\",\"image\":{\"@type\":\"ImageObject\",\"inLanguage\":\"it-IT\",\"@id\":\"https:\\\/\\\/secure.gravatar.com\\\/avatar\\\/b5d482e3eebd21f54b31387ebce7645a93699b5da9e3c3a7c894c8f30cd3e350?s=96&d=mm&r=g\",\"url\":\"https:\\\/\\\/secure.gravatar.com\\\/avatar\\\/b5d482e3eebd21f54b31387ebce7645a93699b5da9e3c3a7c894c8f30cd3e350?s=96&d=mm&r=g\",\"contentUrl\":\"https:\\\/\\\/secure.gravatar.com\\\/avatar\\\/b5d482e3eebd21f54b31387ebce7645a93699b5da9e3c3a7c894c8f30cd3e350?s=96&d=mm&r=g\",\"caption\":\"Elisabetta Marongiu\"},\"url\":\"\"}]}<\/script>\n<!-- \/ Yoast SEO plugin. -->","yoast_head_json":{"title":"Online la Dichiarazione ambientale Saras 2017","description":"La Dichiarazione Ambientale 2017 illustra le attivit\u00e0 svolte, gli aspetti ambientali e gli obiettivi che la Saras si \u00e8 prefissata per una crescente sostenibilit\u00e0.","robots":{"index":"index","follow":"follow","max-snippet":"max-snippet:-1","max-image-preview":"max-image-preview:large","max-video-preview":"max-video-preview:-1"},"canonical":"https:\/\/www.sarlux.saras.it\/it\/la-dichiarazione-ambientale-2017\/","og_locale":"it_IT","og_type":"article","og_title":"Online la Dichiarazione ambientale Saras 2017","og_description":"La Dichiarazione Ambientale 2017 illustra le attivit\u00e0 svolte, gli aspetti ambientali e gli obiettivi che la Saras si \u00e8 prefissata per una crescente sostenibilit\u00e0.","og_url":"https:\/\/www.sarlux.saras.it\/it\/la-dichiarazione-ambientale-2017\/","og_site_name":"Sarlux Saras | Refining & Power","article_published_time":"2017-10-16T13:32:09+00:00","article_modified_time":"2019-09-12T16:34:45+00:00","og_image":[{"width":990,"height":450,"url":"https:\/\/www.sarlux.saras.it\/wp-content\/uploads\/2017\/12\/dichiarazione-ambientale-copertina-2017.jpg","type":"image\/jpeg"}],"author":"Elisabetta Marongiu","twitter_card":"summary_large_image","twitter_misc":{"Scritto da":"Elisabetta Marongiu","Tempo di lettura stimato":"1 minuto"},"schema":{"@context":"https:\/\/schema.org","@graph":[{"@type":"Article","@id":"https:\/\/www.sarlux.saras.it\/it\/la-dichiarazione-ambientale-2017\/#article","isPartOf":{"@id":"https:\/\/www.sarlux.saras.it\/it\/la-dichiarazione-ambientale-2017\/"},"author":{"name":"Elisabetta Marongiu","@id":"https:\/\/www.sarlux.saras.it\/it\/#\/schema\/person\/bdb99fa4d691cca9dcdf7a04bca185c8"},"headline":"La Dichiarazione ambientale 2017","datePublished":"2017-10-16T13:32:09+00:00","dateModified":"2019-09-12T16:34:45+00:00","mainEntityOfPage":{"@id":"https:\/\/www.sarlux.saras.it\/it\/la-dichiarazione-ambientale-2017\/"},"wordCount":286,"commentCount":0,"publisher":{"@id":"https:\/\/www.sarlux.saras.it\/it\/#organization"},"image":{"@id":"https:\/\/www.sarlux.saras.it\/it\/la-dichiarazione-ambientale-2017\/#primaryimage"},"thumbnailUrl":"https:\/\/www.sarlux.saras.it\/wp-content\/uploads\/2017\/12\/dichiarazione-ambientale-copertina-2017.jpg","articleSection":["News"],"inLanguage":"it-IT","potentialAction":[{"@type":"CommentAction","name":"Comment","target":["https:\/\/www.sarlux.saras.it\/it\/la-dichiarazione-ambientale-2017\/#respond"]}]},{"@type":"WebPage","@id":"https:\/\/www.sarlux.saras.it\/it\/la-dichiarazione-ambientale-2017\/","url":"https:\/\/www.sarlux.saras.it\/it\/la-dichiarazione-ambientale-2017\/","name":"Online la Dichiarazione ambientale Saras 2017","isPartOf":{"@id":"https:\/\/www.sarlux.saras.it\/it\/#website"},"primaryImageOfPage":{"@id":"https:\/\/www.sarlux.saras.it\/it\/la-dichiarazione-ambientale-2017\/#primaryimage"},"image":{"@id":"https:\/\/www.sarlux.saras.it\/it\/la-dichiarazione-ambientale-2017\/#primaryimage"},"thumbnailUrl":"https:\/\/www.sarlux.saras.it\/wp-content\/uploads\/2017\/12\/dichiarazione-ambientale-copertina-2017.jpg","datePublished":"2017-10-16T13:32:09+00:00","dateModified":"2019-09-12T16:34:45+00:00","description":"La Dichiarazione Ambientale 2017 illustra le attivit\u00e0 svolte, gli aspetti ambientali e gli obiettivi che la Saras si \u00e8 prefissata per una crescente sostenibilit\u00e0.","breadcrumb":{"@id":"https:\/\/www.sarlux.saras.it\/it\/la-dichiarazione-ambientale-2017\/#breadcrumb"},"inLanguage":"it-IT","potentialAction":[{"@type":"ReadAction","target":["https:\/\/www.sarlux.saras.it\/it\/la-dichiarazione-ambientale-2017\/"]}]},{"@type":"ImageObject","inLanguage":"it-IT","@id":"https:\/\/www.sarlux.saras.it\/it\/la-dichiarazione-ambientale-2017\/#primaryimage","url":"https:\/\/www.sarlux.saras.it\/wp-content\/uploads\/2017\/12\/dichiarazione-ambientale-copertina-2017.jpg","contentUrl":"https:\/\/www.sarlux.saras.it\/wp-content\/uploads\/2017\/12\/dichiarazione-ambientale-copertina-2017.jpg","width":990,"height":450},{"@type":"BreadcrumbList","@id":"https:\/\/www.sarlux.saras.it\/it\/la-dichiarazione-ambientale-2017\/#breadcrumb","itemListElement":[{"@type":"ListItem","position":1,"name":"Home","item":"https:\/\/www.sarlux.saras.it\/it\/"},{"@type":"ListItem","position":2,"name":"La Dichiarazione ambientale 2017"}]},{"@type":"WebSite","@id":"https:\/\/www.sarlux.saras.it\/it\/#website","url":"https:\/\/www.sarlux.saras.it\/it\/","name":"Sarlux","description":"","publisher":{"@id":"https:\/\/www.sarlux.saras.it\/it\/#organization"},"potentialAction":[{"@type":"SearchAction","target":{"@type":"EntryPoint","urlTemplate":"https:\/\/www.sarlux.saras.it\/it\/?s={search_term_string}"},"query-input":{"@type":"PropertyValueSpecification","valueRequired":true,"valueName":"search_term_string"}}],"inLanguage":"it-IT"},{"@type":"Organization","@id":"https:\/\/www.sarlux.saras.it\/it\/#organization","name":"Sarlux","url":"https:\/\/www.sarlux.saras.it\/it\/","logo":{"@type":"ImageObject","inLanguage":"it-IT","@id":"https:\/\/www.sarlux.saras.it\/it\/#\/schema\/logo\/image\/","url":"https:\/\/www.sarlux.saras.it\/wp-content\/uploads\/2017\/12\/logo-pc-1.png","contentUrl":"https:\/\/www.sarlux.saras.it\/wp-content\/uploads\/2017\/12\/logo-pc-1.png","width":184,"height":86,"caption":"Sarlux"},"image":{"@id":"https:\/\/www.sarlux.saras.it\/it\/#\/schema\/logo\/image\/"}},{"@type":"Person","@id":"https:\/\/www.sarlux.saras.it\/it\/#\/schema\/person\/bdb99fa4d691cca9dcdf7a04bca185c8","name":"Elisabetta Marongiu","image":{"@type":"ImageObject","inLanguage":"it-IT","@id":"https:\/\/secure.gravatar.com\/avatar\/b5d482e3eebd21f54b31387ebce7645a93699b5da9e3c3a7c894c8f30cd3e350?s=96&d=mm&r=g","url":"https:\/\/secure.gravatar.com\/avatar\/b5d482e3eebd21f54b31387ebce7645a93699b5da9e3c3a7c894c8f30cd3e350?s=96&d=mm&r=g","contentUrl":"https:\/\/secure.gravatar.com\/avatar\/b5d482e3eebd21f54b31387ebce7645a93699b5da9e3c3a7c894c8f30cd3e350?s=96&d=mm&r=g","caption":"Elisabetta Marongiu"},"url":""}]}},"_links":{"self":[{"href":"https:\/\/www.sarlux.saras.it\/it\/wp-json\/wp\/v2\/posts\/523554","targetHints":{"allow":["GET"]}}],"collection":[{"href":"https:\/\/www.sarlux.saras.it\/it\/wp-json\/wp\/v2\/posts"}],"about":[{"href":"https:\/\/www.sarlux.saras.it\/it\/wp-json\/wp\/v2\/types\/post"}],"author":[{"embeddable":true,"href":"https:\/\/www.sarlux.saras.it\/it\/wp-json\/wp\/v2\/users\/8"}],"replies":[{"embeddable":true,"href":"https:\/\/www.sarlux.saras.it\/it\/wp-json\/wp\/v2\/comments?post=523554"}],"version-history":[{"count":2,"href":"https:\/\/www.sarlux.saras.it\/it\/wp-json\/wp\/v2\/posts\/523554\/revisions"}],"predecessor-version":[{"id":538838,"href":"https:\/\/www.sarlux.saras.it\/it\/wp-json\/wp\/v2\/posts\/523554\/revisions\/538838"}],"wp:featuredmedia":[{"embeddable":true,"href":"https:\/\/www.sarlux.saras.it\/it\/wp-json\/wp\/v2\/media\/524531"}],"wp:attachment":[{"href":"https:\/\/www.sarlux.saras.it\/it\/wp-json\/wp\/v2\/media?parent=523554"}],"wp:term":[{"taxonomy":"category","embeddable":true,"href":"https:\/\/www.sarlux.saras.it\/it\/wp-json\/wp\/v2\/categories?post=523554"},{"taxonomy":"post_tag","embeddable":true,"href":"https:\/\/www.sarlux.saras.it\/it\/wp-json\/wp\/v2\/tags?post=523554"}],"curies":[{"name":"wp","href":"https:\/\/api.w.org\/{rel}","templated":true}]}}