{"id":526405,"date":"2018-08-02T09:50:39","date_gmt":"2018-08-02T09:50:39","guid":{"rendered":"http:\/\/www.sarlux.saras.it\/?p=526405"},"modified":"2020-01-24T10:00:28","modified_gmt":"2020-01-24T10:00:28","slug":"gruppo-saras-e-cagliari-football-academy-per-una-cultura-dello-sport","status":"publish","type":"post","link":"https:\/\/www.sarlux.saras.it\/it\/gruppo-saras-e-cagliari-football-academy-per-una-cultura-dello-sport\/","title":{"rendered":"Gruppo Saras e Cagliari Football Academy per una cultura dello sport"},"content":{"rendered":"<div class=\"wpb-content-wrapper\"><p>[vc_row][vc_column width=&#8221;1\/4&#8243;][vc_single_image image=&#8221;526437&#8243; img_size=&#8221;100&#215;131&#8243; alignment=&#8221;center&#8221;][\/vc_column][vc_column width=&#8221;3\/4&#8243;][vc_column_text]Il <strong>Gruppo Saras<\/strong>, pur essendo una solida realt\u00e0 internazionale, \u00e8 nato e si \u00e8 sviluppato in un territorio dalla forte vocazione identitaria: la <strong>Sardegna<\/strong>.<br \/>\nPer questo \u00e8 impegnato in <strong>iniziative e progetti utili a sostenere il tessuto sociale, le tradizioni del territorio e i bisogni della comunit\u00e0, con particolare attenzione verso i giovani<\/strong>.<br \/>\nPer loro, il Gruppo Saras attiva progetti legati alla scuola, all\u2019Universit\u00e0 e anche allo sport.[\/vc_column_text][\/vc_column][\/vc_row][vc_row][vc_column][vc_empty_space][\/vc_column][\/vc_row][vc_row][vc_column width=&#8221;1\/4&#8243;][vc_single_image image=&#8221;526433&#8243; img_size=&#8221;100&#215;152&#8243; alignment=&#8221;center&#8221;][\/vc_column][vc_column width=&#8221;3\/4&#8243;][vc_column_text]\u00c8 con questo spirito che <strong>Saras<\/strong> ha annunciato il rinnovato accordo come main sponsor, per i prossimi tre anni, con la <strong>Cagliari Football Academy <\/strong>e ha partecipato alla conferenza stampa, del 31 luglio 2018 al\u00a0Sardegna Arena, in occasione della presentazione del nuovo responsabile dell\u2019Academy\u201d, Bernardo Mereu.<\/p>\n<p><strong>La Cagliari Football Academy \u00e8 l\u2019accademia del Cagliari Calcio<\/strong> <strong>che unisce\u00a040 scuole di calcio\u00a0tra Sardegna e penisola, coniugando gioco, cooperazione, impegno e formazione. <\/strong>Un progetto che coinvolge <strong>5.000 bambini<\/strong> con tantissime iniziative, eventi e condivisione di percorsi di formazione.[\/vc_column_text][\/vc_column][\/vc_row][vc_row][vc_column][vc_empty_space][\/vc_column][\/vc_row][vc_row][vc_column width=&#8221;1\/4&#8243;][vc_single_image image=&#8221;526441&#8243; img_size=&#8221;full&#8221; alignment=&#8221;center&#8221;][\/vc_column][vc_column width=&#8221;3\/4&#8243;][vc_column_text]Alla conferenza, oltre ai dirigenti del Cagliari Calcio, \u00e8 intervenuta per il Gruppo Saras Simona Berri, responsabile Affari legali, societari e comunicazione esterna: \u201cQuesta iniziativa, portata avanti insieme alla pi\u00f9 grande societ\u00e0 sportiva in Sardegna, ci consente di realizzare quello in cui ci riconosciamo: <strong>creare valore<\/strong>. Lealt\u00e0, spirito di collaborazione, altruismo, gioco di squadra, sono i valori che lo sport esprime. E aggiungo felicit\u00e0. Dare l\u2019opportunit\u00e0 di giocare al calcio, fare parte di una squadra che richiama il nome del Cagliari pu\u00f2 dare grande felicit\u00e0 ai ragazzi e questo aiuta a crescere bene. Dobbiamo creare la societ\u00e0 del futuro e se non tutti diventeranno campioni, i ragazzi si porteranno dentro questi valori per il resto della loro vita\u201d.[\/vc_column_text][\/vc_column][\/vc_row][vc_row][vc_column][vc_empty_space][\/vc_column][\/vc_row][vc_row][vc_column][vc_column_text]<\/p>\n<h4><strong>L\u2019investimento sui giovani<\/strong><\/h4>\n<p>Lo sport incentiva attitudini valoriali e umane, crea spirito di squadra e una cultura sociale ed educativa verso l\u2019eccellenza.<\/p>\n<p><strong>Per questo il Gruppo Saras condivide con l\u2019Academy i valori educativi dello sport<\/strong> puntando a far crescere i giovani della Sardegna, non solo come sportivi ma soprattutto come donne e uomini per la societ\u00e0 futura.<\/p>\n<p>Le iniziative sportive, ricreative e culturali, preservano i giovani da fattori ambientali difficili o comunque non in linea con l\u2019armonia della crescita.<\/p>\n<p><strong>Lo sport \u00e8 capace di trasmettere regole fondamentali della vita sociale,<\/strong>\u00a0\u00e8 portatore di valori educativi fondamentali quali tolleranza, spirito di squadra e lealt\u00e0.\u00a0<strong>Lo sport \u00e8 integrazione.<\/strong><\/p>\n<p>Nell\u2019ambito delle iniziative comuni con l\u2019Academy, il Gruppo Saras ha in programma di organizzare alcuni\u00a0eventi\u00a0a favore<strong> del miglioramento sociale, sulla sostenibilit\u00e0 ambientale e il corretto utilizzo dell\u2019energia.<\/strong>[\/vc_column_text][vc_column_text][\/vc_column_text][vc_empty_space height=&#8221;20px&#8221;][vc_single_image image=&#8221;526427&#8243; img_size=&#8221;full&#8221; alignment=&#8221;center&#8221; css=&#8221;.vc_custom_1533198550228{margin-top: 10px !important;margin-bottom: 10px !important;}&#8221;][vc_column_text]<\/p>\n<p style=\"text-align: center;\"><a href=\"https:\/\/www.cagliaricalcio.com\/news\/ultimissime\/17654\/mereu-orgoglioso-nuovo-incarico\" target=\"_blank\" rel=\"noopener noreferrer\">Visita il sito del Cagliari Calcio<\/a><\/p>\n<p>[\/vc_column_text][\/vc_column][\/vc_row]<\/p>\n<\/div>","protected":false},"excerpt":{"rendered":"<p>Il Gruppo Saras condivide con l\u2019Academy i valori educativi dello sport\u00a0puntando a far crescere i giovani della Sardegna, non solo come sportivi ma soprattutto come donne e uomini per la societ\u00e0 futura. Le iniziative sportive, ricreative e culturali, preservano i giovani da fattori ambientali difficili o comunque non in linea con l\u2019armonia della crescita.<\/p>\n","protected":false},"author":8,"featured_media":526422,"comment_status":"open","ping_status":"open","sticky":false,"template":"","format":"standard","meta":{"_acf_changed":false,"inline_featured_image":false,"footnotes":""},"categories":[26,17],"tags":[41],"class_list":["post-526405","post","type-post","status-publish","format-standard","has-post-thumbnail","hentry","category-home-it","category-news","tag-sport"],"acf":[],"yoast_head":"<!-- This site is optimized with the Yoast SEO plugin v27.3 - https:\/\/yoast.com\/product\/yoast-seo-wordpress\/ -->\n<title>Si rinnova la collaborazione tra Gruppo Saras e Cagliari Football Academy per una cultura dello sport<\/title>\n<meta name=\"description\" content=\"Il Gruppo Saras attiva progetti legati alla scuola, all\u2019Universit\u00e0 e anche allo sport in Sardegna. Rinnovato l&#039;accordo come main sponsor con la Cagliari Football Academy\" \/>\n<meta name=\"robots\" content=\"index, follow, max-snippet:-1, max-image-preview:large, max-video-preview:-1\" \/>\n<link rel=\"canonical\" href=\"https:\/\/www.sarlux.saras.it\/it\/gruppo-saras-e-cagliari-football-academy-per-una-cultura-dello-sport\/\" \/>\n<meta property=\"og:locale\" content=\"it_IT\" \/>\n<meta property=\"og:type\" content=\"article\" \/>\n<meta property=\"og:title\" content=\"Si rinnova la collaborazione tra Gruppo Saras e Cagliari Football Academy per una cultura dello sport\" \/>\n<meta property=\"og:description\" content=\"Il Gruppo Saras attiva progetti legati alla scuola, all\u2019Universit\u00e0 e anche allo sport in Sardegna. Rinnovato l&#039;accordo come main sponsor con la Cagliari Football Academy\" \/>\n<meta property=\"og:url\" content=\"https:\/\/www.sarlux.saras.it\/it\/gruppo-saras-e-cagliari-football-academy-per-una-cultura-dello-sport\/\" \/>\n<meta property=\"og:site_name\" content=\"Sarlux Saras | Refining &amp; Power\" \/>\n<meta property=\"article:published_time\" content=\"2018-08-02T09:50:39+00:00\" \/>\n<meta property=\"article:modified_time\" content=\"2020-01-24T10:00:28+00:00\" \/>\n<meta property=\"og:image\" content=\"https:\/\/www.sarlux.saras.it\/wp-content\/uploads\/2018\/08\/footbal-academy-Cagliari-Calcio-Saras-evidenza.jpg\" \/>\n\t<meta property=\"og:image:width\" content=\"990\" \/>\n\t<meta property=\"og:image:height\" content=\"450\" \/>\n\t<meta property=\"og:image:type\" content=\"image\/jpeg\" \/>\n<meta name=\"author\" content=\"Elisabetta Marongiu\" \/>\n<meta name=\"twitter:card\" content=\"summary_large_image\" \/>\n<meta name=\"twitter:label1\" content=\"Scritto da\" \/>\n\t<meta name=\"twitter:data1\" content=\"Elisabetta Marongiu\" \/>\n\t<meta name=\"twitter:label2\" content=\"Tempo di lettura stimato\" \/>\n\t<meta name=\"twitter:data2\" content=\"3 minuti\" \/>\n<script type=\"application\/ld+json\" class=\"yoast-schema-graph\">{\"@context\":\"https:\\\/\\\/schema.org\",\"@graph\":[{\"@type\":\"Article\",\"@id\":\"https:\\\/\\\/www.sarlux.saras.it\\\/it\\\/gruppo-saras-e-cagliari-football-academy-per-una-cultura-dello-sport\\\/#article\",\"isPartOf\":{\"@id\":\"https:\\\/\\\/www.sarlux.saras.it\\\/it\\\/gruppo-saras-e-cagliari-football-academy-per-una-cultura-dello-sport\\\/\"},\"author\":{\"name\":\"Elisabetta Marongiu\",\"@id\":\"https:\\\/\\\/www.sarlux.saras.it\\\/it\\\/#\\\/schema\\\/person\\\/bdb99fa4d691cca9dcdf7a04bca185c8\"},\"headline\":\"Gruppo Saras e Cagliari Football Academy per una cultura dello sport\",\"datePublished\":\"2018-08-02T09:50:39+00:00\",\"dateModified\":\"2020-01-24T10:00:28+00:00\",\"mainEntityOfPage\":{\"@id\":\"https:\\\/\\\/www.sarlux.saras.it\\\/it\\\/gruppo-saras-e-cagliari-football-academy-per-una-cultura-dello-sport\\\/\"},\"wordCount\":594,\"commentCount\":0,\"publisher\":{\"@id\":\"https:\\\/\\\/www.sarlux.saras.it\\\/it\\\/#organization\"},\"image\":{\"@id\":\"https:\\\/\\\/www.sarlux.saras.it\\\/it\\\/gruppo-saras-e-cagliari-football-academy-per-una-cultura-dello-sport\\\/#primaryimage\"},\"thumbnailUrl\":\"https:\\\/\\\/www.sarlux.saras.it\\\/wp-content\\\/uploads\\\/2018\\\/08\\\/footbal-academy-Cagliari-Calcio-Saras-evidenza.jpg\",\"keywords\":[\"Sport\"],\"articleSection\":[\"home\",\"News\"],\"inLanguage\":\"it-IT\",\"potentialAction\":[{\"@type\":\"CommentAction\",\"name\":\"Comment\",\"target\":[\"https:\\\/\\\/www.sarlux.saras.it\\\/it\\\/gruppo-saras-e-cagliari-football-academy-per-una-cultura-dello-sport\\\/#respond\"]}]},{\"@type\":\"WebPage\",\"@id\":\"https:\\\/\\\/www.sarlux.saras.it\\\/it\\\/gruppo-saras-e-cagliari-football-academy-per-una-cultura-dello-sport\\\/\",\"url\":\"https:\\\/\\\/www.sarlux.saras.it\\\/it\\\/gruppo-saras-e-cagliari-football-academy-per-una-cultura-dello-sport\\\/\",\"name\":\"Si rinnova la collaborazione tra Gruppo Saras e Cagliari Football Academy per una cultura dello sport\",\"isPartOf\":{\"@id\":\"https:\\\/\\\/www.sarlux.saras.it\\\/it\\\/#website\"},\"primaryImageOfPage\":{\"@id\":\"https:\\\/\\\/www.sarlux.saras.it\\\/it\\\/gruppo-saras-e-cagliari-football-academy-per-una-cultura-dello-sport\\\/#primaryimage\"},\"image\":{\"@id\":\"https:\\\/\\\/www.sarlux.saras.it\\\/it\\\/gruppo-saras-e-cagliari-football-academy-per-una-cultura-dello-sport\\\/#primaryimage\"},\"thumbnailUrl\":\"https:\\\/\\\/www.sarlux.saras.it\\\/wp-content\\\/uploads\\\/2018\\\/08\\\/footbal-academy-Cagliari-Calcio-Saras-evidenza.jpg\",\"datePublished\":\"2018-08-02T09:50:39+00:00\",\"dateModified\":\"2020-01-24T10:00:28+00:00\",\"description\":\"Il Gruppo Saras attiva progetti legati alla scuola, all\u2019Universit\u00e0 e anche allo sport in Sardegna. Rinnovato l'accordo come main sponsor con la Cagliari Football Academy\",\"breadcrumb\":{\"@id\":\"https:\\\/\\\/www.sarlux.saras.it\\\/it\\\/gruppo-saras-e-cagliari-football-academy-per-una-cultura-dello-sport\\\/#breadcrumb\"},\"inLanguage\":\"it-IT\",\"potentialAction\":[{\"@type\":\"ReadAction\",\"target\":[\"https:\\\/\\\/www.sarlux.saras.it\\\/it\\\/gruppo-saras-e-cagliari-football-academy-per-una-cultura-dello-sport\\\/\"]}]},{\"@type\":\"ImageObject\",\"inLanguage\":\"it-IT\",\"@id\":\"https:\\\/\\\/www.sarlux.saras.it\\\/it\\\/gruppo-saras-e-cagliari-football-academy-per-una-cultura-dello-sport\\\/#primaryimage\",\"url\":\"https:\\\/\\\/www.sarlux.saras.it\\\/wp-content\\\/uploads\\\/2018\\\/08\\\/footbal-academy-Cagliari-Calcio-Saras-evidenza.jpg\",\"contentUrl\":\"https:\\\/\\\/www.sarlux.saras.it\\\/wp-content\\\/uploads\\\/2018\\\/08\\\/footbal-academy-Cagliari-Calcio-Saras-evidenza.jpg\",\"width\":990,\"height\":450},{\"@type\":\"BreadcrumbList\",\"@id\":\"https:\\\/\\\/www.sarlux.saras.it\\\/it\\\/gruppo-saras-e-cagliari-football-academy-per-una-cultura-dello-sport\\\/#breadcrumb\",\"itemListElement\":[{\"@type\":\"ListItem\",\"position\":1,\"name\":\"Home\",\"item\":\"https:\\\/\\\/www.sarlux.saras.it\\\/it\\\/\"},{\"@type\":\"ListItem\",\"position\":2,\"name\":\"Gruppo Saras e Cagliari Football Academy per una cultura dello sport\"}]},{\"@type\":\"WebSite\",\"@id\":\"https:\\\/\\\/www.sarlux.saras.it\\\/it\\\/#website\",\"url\":\"https:\\\/\\\/www.sarlux.saras.it\\\/it\\\/\",\"name\":\"Sarlux\",\"description\":\"\",\"publisher\":{\"@id\":\"https:\\\/\\\/www.sarlux.saras.it\\\/it\\\/#organization\"},\"potentialAction\":[{\"@type\":\"SearchAction\",\"target\":{\"@type\":\"EntryPoint\",\"urlTemplate\":\"https:\\\/\\\/www.sarlux.saras.it\\\/it\\\/?s={search_term_string}\"},\"query-input\":{\"@type\":\"PropertyValueSpecification\",\"valueRequired\":true,\"valueName\":\"search_term_string\"}}],\"inLanguage\":\"it-IT\"},{\"@type\":\"Organization\",\"@id\":\"https:\\\/\\\/www.sarlux.saras.it\\\/it\\\/#organization\",\"name\":\"Sarlux\",\"url\":\"https:\\\/\\\/www.sarlux.saras.it\\\/it\\\/\",\"logo\":{\"@type\":\"ImageObject\",\"inLanguage\":\"it-IT\",\"@id\":\"https:\\\/\\\/www.sarlux.saras.it\\\/it\\\/#\\\/schema\\\/logo\\\/image\\\/\",\"url\":\"https:\\\/\\\/www.sarlux.saras.it\\\/wp-content\\\/uploads\\\/2017\\\/12\\\/logo-pc-1.png\",\"contentUrl\":\"https:\\\/\\\/www.sarlux.saras.it\\\/wp-content\\\/uploads\\\/2017\\\/12\\\/logo-pc-1.png\",\"width\":184,\"height\":86,\"caption\":\"Sarlux\"},\"image\":{\"@id\":\"https:\\\/\\\/www.sarlux.saras.it\\\/it\\\/#\\\/schema\\\/logo\\\/image\\\/\"}},{\"@type\":\"Person\",\"@id\":\"https:\\\/\\\/www.sarlux.saras.it\\\/it\\\/#\\\/schema\\\/person\\\/bdb99fa4d691cca9dcdf7a04bca185c8\",\"name\":\"Elisabetta Marongiu\",\"image\":{\"@type\":\"ImageObject\",\"inLanguage\":\"it-IT\",\"@id\":\"https:\\\/\\\/secure.gravatar.com\\\/avatar\\\/b5d482e3eebd21f54b31387ebce7645a93699b5da9e3c3a7c894c8f30cd3e350?s=96&d=mm&r=g\",\"url\":\"https:\\\/\\\/secure.gravatar.com\\\/avatar\\\/b5d482e3eebd21f54b31387ebce7645a93699b5da9e3c3a7c894c8f30cd3e350?s=96&d=mm&r=g\",\"contentUrl\":\"https:\\\/\\\/secure.gravatar.com\\\/avatar\\\/b5d482e3eebd21f54b31387ebce7645a93699b5da9e3c3a7c894c8f30cd3e350?s=96&d=mm&r=g\",\"caption\":\"Elisabetta Marongiu\"},\"url\":\"\"}]}<\/script>\n<!-- \/ Yoast SEO plugin. -->","yoast_head_json":{"title":"Si rinnova la collaborazione tra Gruppo Saras e Cagliari Football Academy per una cultura dello sport","description":"Il Gruppo Saras attiva progetti legati alla scuola, all\u2019Universit\u00e0 e anche allo sport in Sardegna. Rinnovato l'accordo come main sponsor con la Cagliari Football Academy","robots":{"index":"index","follow":"follow","max-snippet":"max-snippet:-1","max-image-preview":"max-image-preview:large","max-video-preview":"max-video-preview:-1"},"canonical":"https:\/\/www.sarlux.saras.it\/it\/gruppo-saras-e-cagliari-football-academy-per-una-cultura-dello-sport\/","og_locale":"it_IT","og_type":"article","og_title":"Si rinnova la collaborazione tra Gruppo Saras e Cagliari Football Academy per una cultura dello sport","og_description":"Il Gruppo Saras attiva progetti legati alla scuola, all\u2019Universit\u00e0 e anche allo sport in Sardegna. Rinnovato l'accordo come main sponsor con la Cagliari Football Academy","og_url":"https:\/\/www.sarlux.saras.it\/it\/gruppo-saras-e-cagliari-football-academy-per-una-cultura-dello-sport\/","og_site_name":"Sarlux Saras | Refining & Power","article_published_time":"2018-08-02T09:50:39+00:00","article_modified_time":"2020-01-24T10:00:28+00:00","og_image":[{"width":990,"height":450,"url":"https:\/\/www.sarlux.saras.it\/wp-content\/uploads\/2018\/08\/footbal-academy-Cagliari-Calcio-Saras-evidenza.jpg","type":"image\/jpeg"}],"author":"Elisabetta Marongiu","twitter_card":"summary_large_image","twitter_misc":{"Scritto da":"Elisabetta Marongiu","Tempo di lettura stimato":"3 minuti"},"schema":{"@context":"https:\/\/schema.org","@graph":[{"@type":"Article","@id":"https:\/\/www.sarlux.saras.it\/it\/gruppo-saras-e-cagliari-football-academy-per-una-cultura-dello-sport\/#article","isPartOf":{"@id":"https:\/\/www.sarlux.saras.it\/it\/gruppo-saras-e-cagliari-football-academy-per-una-cultura-dello-sport\/"},"author":{"name":"Elisabetta Marongiu","@id":"https:\/\/www.sarlux.saras.it\/it\/#\/schema\/person\/bdb99fa4d691cca9dcdf7a04bca185c8"},"headline":"Gruppo Saras e Cagliari Football Academy per una cultura dello sport","datePublished":"2018-08-02T09:50:39+00:00","dateModified":"2020-01-24T10:00:28+00:00","mainEntityOfPage":{"@id":"https:\/\/www.sarlux.saras.it\/it\/gruppo-saras-e-cagliari-football-academy-per-una-cultura-dello-sport\/"},"wordCount":594,"commentCount":0,"publisher":{"@id":"https:\/\/www.sarlux.saras.it\/it\/#organization"},"image":{"@id":"https:\/\/www.sarlux.saras.it\/it\/gruppo-saras-e-cagliari-football-academy-per-una-cultura-dello-sport\/#primaryimage"},"thumbnailUrl":"https:\/\/www.sarlux.saras.it\/wp-content\/uploads\/2018\/08\/footbal-academy-Cagliari-Calcio-Saras-evidenza.jpg","keywords":["Sport"],"articleSection":["home","News"],"inLanguage":"it-IT","potentialAction":[{"@type":"CommentAction","name":"Comment","target":["https:\/\/www.sarlux.saras.it\/it\/gruppo-saras-e-cagliari-football-academy-per-una-cultura-dello-sport\/#respond"]}]},{"@type":"WebPage","@id":"https:\/\/www.sarlux.saras.it\/it\/gruppo-saras-e-cagliari-football-academy-per-una-cultura-dello-sport\/","url":"https:\/\/www.sarlux.saras.it\/it\/gruppo-saras-e-cagliari-football-academy-per-una-cultura-dello-sport\/","name":"Si rinnova la collaborazione tra Gruppo Saras e Cagliari Football Academy per una cultura dello sport","isPartOf":{"@id":"https:\/\/www.sarlux.saras.it\/it\/#website"},"primaryImageOfPage":{"@id":"https:\/\/www.sarlux.saras.it\/it\/gruppo-saras-e-cagliari-football-academy-per-una-cultura-dello-sport\/#primaryimage"},"image":{"@id":"https:\/\/www.sarlux.saras.it\/it\/gruppo-saras-e-cagliari-football-academy-per-una-cultura-dello-sport\/#primaryimage"},"thumbnailUrl":"https:\/\/www.sarlux.saras.it\/wp-content\/uploads\/2018\/08\/footbal-academy-Cagliari-Calcio-Saras-evidenza.jpg","datePublished":"2018-08-02T09:50:39+00:00","dateModified":"2020-01-24T10:00:28+00:00","description":"Il Gruppo Saras attiva progetti legati alla scuola, all\u2019Universit\u00e0 e anche allo sport in Sardegna. Rinnovato l'accordo come main sponsor con la Cagliari Football Academy","breadcrumb":{"@id":"https:\/\/www.sarlux.saras.it\/it\/gruppo-saras-e-cagliari-football-academy-per-una-cultura-dello-sport\/#breadcrumb"},"inLanguage":"it-IT","potentialAction":[{"@type":"ReadAction","target":["https:\/\/www.sarlux.saras.it\/it\/gruppo-saras-e-cagliari-football-academy-per-una-cultura-dello-sport\/"]}]},{"@type":"ImageObject","inLanguage":"it-IT","@id":"https:\/\/www.sarlux.saras.it\/it\/gruppo-saras-e-cagliari-football-academy-per-una-cultura-dello-sport\/#primaryimage","url":"https:\/\/www.sarlux.saras.it\/wp-content\/uploads\/2018\/08\/footbal-academy-Cagliari-Calcio-Saras-evidenza.jpg","contentUrl":"https:\/\/www.sarlux.saras.it\/wp-content\/uploads\/2018\/08\/footbal-academy-Cagliari-Calcio-Saras-evidenza.jpg","width":990,"height":450},{"@type":"BreadcrumbList","@id":"https:\/\/www.sarlux.saras.it\/it\/gruppo-saras-e-cagliari-football-academy-per-una-cultura-dello-sport\/#breadcrumb","itemListElement":[{"@type":"ListItem","position":1,"name":"Home","item":"https:\/\/www.sarlux.saras.it\/it\/"},{"@type":"ListItem","position":2,"name":"Gruppo Saras e Cagliari Football Academy per una cultura dello sport"}]},{"@type":"WebSite","@id":"https:\/\/www.sarlux.saras.it\/it\/#website","url":"https:\/\/www.sarlux.saras.it\/it\/","name":"Sarlux","description":"","publisher":{"@id":"https:\/\/www.sarlux.saras.it\/it\/#organization"},"potentialAction":[{"@type":"SearchAction","target":{"@type":"EntryPoint","urlTemplate":"https:\/\/www.sarlux.saras.it\/it\/?s={search_term_string}"},"query-input":{"@type":"PropertyValueSpecification","valueRequired":true,"valueName":"search_term_string"}}],"inLanguage":"it-IT"},{"@type":"Organization","@id":"https:\/\/www.sarlux.saras.it\/it\/#organization","name":"Sarlux","url":"https:\/\/www.sarlux.saras.it\/it\/","logo":{"@type":"ImageObject","inLanguage":"it-IT","@id":"https:\/\/www.sarlux.saras.it\/it\/#\/schema\/logo\/image\/","url":"https:\/\/www.sarlux.saras.it\/wp-content\/uploads\/2017\/12\/logo-pc-1.png","contentUrl":"https:\/\/www.sarlux.saras.it\/wp-content\/uploads\/2017\/12\/logo-pc-1.png","width":184,"height":86,"caption":"Sarlux"},"image":{"@id":"https:\/\/www.sarlux.saras.it\/it\/#\/schema\/logo\/image\/"}},{"@type":"Person","@id":"https:\/\/www.sarlux.saras.it\/it\/#\/schema\/person\/bdb99fa4d691cca9dcdf7a04bca185c8","name":"Elisabetta Marongiu","image":{"@type":"ImageObject","inLanguage":"it-IT","@id":"https:\/\/secure.gravatar.com\/avatar\/b5d482e3eebd21f54b31387ebce7645a93699b5da9e3c3a7c894c8f30cd3e350?s=96&d=mm&r=g","url":"https:\/\/secure.gravatar.com\/avatar\/b5d482e3eebd21f54b31387ebce7645a93699b5da9e3c3a7c894c8f30cd3e350?s=96&d=mm&r=g","contentUrl":"https:\/\/secure.gravatar.com\/avatar\/b5d482e3eebd21f54b31387ebce7645a93699b5da9e3c3a7c894c8f30cd3e350?s=96&d=mm&r=g","caption":"Elisabetta Marongiu"},"url":""}]}},"_links":{"self":[{"href":"https:\/\/www.sarlux.saras.it\/it\/wp-json\/wp\/v2\/posts\/526405","targetHints":{"allow":["GET"]}}],"collection":[{"href":"https:\/\/www.sarlux.saras.it\/it\/wp-json\/wp\/v2\/posts"}],"about":[{"href":"https:\/\/www.sarlux.saras.it\/it\/wp-json\/wp\/v2\/types\/post"}],"author":[{"embeddable":true,"href":"https:\/\/www.sarlux.saras.it\/it\/wp-json\/wp\/v2\/users\/8"}],"replies":[{"embeddable":true,"href":"https:\/\/www.sarlux.saras.it\/it\/wp-json\/wp\/v2\/comments?post=526405"}],"version-history":[{"count":15,"href":"https:\/\/www.sarlux.saras.it\/it\/wp-json\/wp\/v2\/posts\/526405\/revisions"}],"predecessor-version":[{"id":537554,"href":"https:\/\/www.sarlux.saras.it\/it\/wp-json\/wp\/v2\/posts\/526405\/revisions\/537554"}],"wp:featuredmedia":[{"embeddable":true,"href":"https:\/\/www.sarlux.saras.it\/it\/wp-json\/wp\/v2\/media\/526422"}],"wp:attachment":[{"href":"https:\/\/www.sarlux.saras.it\/it\/wp-json\/wp\/v2\/media?parent=526405"}],"wp:term":[{"taxonomy":"category","embeddable":true,"href":"https:\/\/www.sarlux.saras.it\/it\/wp-json\/wp\/v2\/categories?post=526405"},{"taxonomy":"post_tag","embeddable":true,"href":"https:\/\/www.sarlux.saras.it\/it\/wp-json\/wp\/v2\/tags?post=526405"}],"curies":[{"name":"wp","href":"https:\/\/api.w.org\/{rel}","templated":true}]}}