{"id":529683,"date":"2018-11-28T09:08:13","date_gmt":"2018-11-28T09:08:13","guid":{"rendered":"http:\/\/www.sarlux.saras.it\/?p=529683"},"modified":"2019-06-12T17:19:07","modified_gmt":"2019-06-12T17:19:07","slug":"gruppo-saras-una-lunga-storia-di-resilienza-nel-territorio-sardo","status":"publish","type":"post","link":"https:\/\/www.sarlux.saras.it\/it\/gruppo-saras-una-lunga-storia-di-resilienza-nel-territorio-sardo\/","title":{"rendered":"Gruppo Saras: una lunga storia di resilienza nel territorio sardo"},"content":{"rendered":"<div class=\"wpb-content-wrapper\"><p>[vc_row][vc_column width=&#8221;1\/2&#8243;][vc_single_image image=&#8221;529741&#8243; img_size=&#8221;990&#215;450&#8243; alignment=&#8221;center&#8221;][\/vc_column][vc_column width=&#8221;1\/2&#8243;][vc_column_text]<\/p>\n<h4 style=\"text-align: left;\"><strong>Lo studio di The European House &#8211; Ambrosetti mette in luce gli impatti positivi del Gruppo Saras e della raffineria Sarlux sullo sviluppo della Sardegna e dell\u2019economia nazionale.<\/strong><\/h4>\n<p>[\/vc_column_text][vc_column_text]Il 21 novembre si \u00e8 svolto a Cagliari, presso il Convento San Giuseppe, il convegno\u00a0<strong>\u201cSapersi trasformare per rimanere vincenti<\/strong>\u201d organizzato da Saras con la collaborazione di The European House &#8211; Ambrosetti (TEH-A). Erano presenti i rappresentanti delle istituzioni locali, molti partner industriali e commerciali del Gruppo, media locali e nazionali e ha rappresentato un momento di confronto proficuo e costruttivo.[\/vc_column_text][\/vc_column][\/vc_row][vc_row][vc_column width=&#8221;1\/2&#8243;][vc_single_image image=&#8221;529831&#8243; img_size=&#8221;full&#8221; alignment=&#8221;center&#8221;][\/vc_column][vc_column width=&#8221;1\/2&#8243;][vc_column_text]Il Presidente di Saras, <strong>Massimo Moratti<\/strong>, ha accolto i partecipanti e ripercorso la storia del Gruppo che \u00e8 stato protagonista di una trasformazione costante, accompagnata da un forte radicamento al territorio sardo. In particolare ha illustrato <strong>la sua indicazione per rimanere sul mercato<\/strong>, fatta non solo di resilienza ma anche di entusiasmo e auspicato un sempre maggior spirito di squadra tra istituzioni e imprese.[\/vc_column_text][vc_column_text]L\u2019amministratore delegato di TEH-A &#8211; <strong>Valerio De Molli<\/strong> &#8211; ha poi illustrato i contenuti dello studio strategico sul contributo di Saras alla crescita del capitale territoriale.<br \/>\nL\u2019analisi ha preso in considerazione quattro dimensioni rilevanti di creazione di valore: <strong>il contributo al capitale economico, al capitale sociale, al capitale cognitivo e al capitale ambientale<\/strong>, secondo un modello interpretativo sviluppato da Ambrosetti, gi\u00e0 applicato a numerose realt\u00e0 industriali e di servizio.<br \/>\nDallo studio sono emersi rilevanti impatti positivi di <strong>Sarlux<\/strong> e del Gruppo Saras sullo sviluppo della <strong>Sardegna<\/strong> e dell\u2019economia nazionale.[\/vc_column_text][\/vc_column][\/vc_row][vc_row css=&#8221;.vc_custom_1543496442988{padding-top: 36px !important;}&#8221;][vc_column][vc_column_text css=&#8221;.vc_custom_1543496833041{border-bottom-width: 1px !important;padding-bottom: 5px !important;border-bottom-color: #0056a6 !important;border-bottom-style: solid !important;}&#8221;]<\/p>\n<h4 style=\"text-align: center;\"><strong>La resilienza come chiave di successo<\/strong><\/h4>\n<p>[\/vc_column_text][\/vc_column][\/vc_row][vc_row css=&#8221;.vc_custom_1543504811396{padding-top: 10px !important;}&#8221;][vc_column width=&#8221;1\/4&#8243;][\/vc_column][vc_column width=&#8221;1\/2&#8243;][vc_single_image image=&#8221;529759&#8243; img_size=&#8221;full&#8221; alignment=&#8221;center&#8221;][\/vc_column][vc_column width=&#8221;1\/4&#8243;][\/vc_column][\/vc_row][vc_row][vc_column][vc_column_text]Di seguito, si \u00e8 tenuta la tavola rotonda<strong>, <\/strong>moderata da Andrea Bignami di Sky TG24<strong>, \u201cLa resilienza come chiave di successo\u201d, <\/strong>a cui hanno partecipato <strong>Francesca Argiolas<\/strong> (Cantine Argiolas), <strong>Antonio Angelo Arru<\/strong> (presidente del Banco di Sardegna), <strong>Chiara Di Guardo<\/strong> (prorettore delegato per il Territorio e l\u2019Innovazione), <strong>Maria Grazia Piras<\/strong> (assessore all\u2019Industria della Regione Sardegna) e <strong>Dario Scaffardi<\/strong> (amministratore delegato del Gruppo Saras).<\/p>\n<p>Questo momento ha rappresentato una proficua occasione di confronto, tra realt\u00e0 che operano in settori e contesti diversi, su temi quali la <strong>capacit\u00e0 di visione e la flessibilit\u00e0 quali ingredienti necessari per sapersi adattare a scenari economici e geopolitici in costante mutamento<\/strong>.[\/vc_column_text][\/vc_column][\/vc_row][vc_row css=&#8221;.vc_custom_1543496886177{padding-top: 10px !important;}&#8221;][vc_column width=&#8221;1\/2&#8243;][vc_single_image image=&#8221;529867&#8243; img_size=&#8221;full&#8221; alignment=&#8221;center&#8221;][\/vc_column][vc_column width=&#8221;1\/2&#8243;][vc_column_text]Al termine della tavola rotonda, l\u2019Agenzia delle Dogane ha consegnato all\u2019amministratore delegato di Saras, <strong>Dario Scaffardi<\/strong>, una targa di merito per come la societ\u00e0 si \u00e8 sempre comportata nel pieno rispetto della legalit\u00e0.<\/p>\n<p>La mattinata si \u00e8 chiusa con l\u2019intervento di <strong>Francesco Pigliaru<\/strong>, presidente della Regione Sardegna.<\/p>\n<p>A margine dell\u2019evento\u00a0Dario Scaffardi ha dichiarato:<br \/>\n\u201c<em>Saras \u00e8 una delle pochissime aziende indipendenti che operano con successo in un settore fortemente\u00a0globalizzato e competitivo come quello della raffinazione. Per garantire la sostenibilit\u00e0 del business nel medio lungo periodo, continuando a generare valore e occupazione, dobbiamo restare fedeli al nostro obiettivo che \u00e8 sempre stato quello di essere tra i migliori operatori nel mondo.<br \/>\n<\/em><em>Tale traguardo potr\u00e0 essere conseguito con uno sforzo verso una sempre maggiore efficienza anche grazie al contributo delle nuove tecnologie e dell\u2019innovazione. La digitalizzazione rivestir\u00e0 un ruolo fondamentale perfino in un settore tradizionale come quello della raffinazione, ma si tratta di un fattore abilitante che necessita di una solida base di conoscenza e competenza per poter essere pienamente sfruttato<\/em>.\u201d[\/vc_column_text][\/vc_column][\/vc_row][vc_row css=&#8221;.vc_custom_1543576544071{padding-top: 36px !important;}&#8221;][vc_column width=&#8221;1\/2&#8243;][vc_column_text]<\/p>\n<p style=\"text-align: center;\"><iframe loading=\"lazy\" src=\"https:\/\/www.youtube.com\/embed\/zfiYScf2ITU\" width=\"700\" height=\"394\" frameborder=\"0\" allowfullscreen=\"allowfullscreen\"><\/iframe>[\/vc_column_text][\/vc_column][vc_column width=&#8221;1\/2&#8243;]\n\t\t\t<!-- START Sapersi trasformare per rimanere vincenti REVOLUTION SLIDER 6.6.14 --><p class=\"rs-p-wp-fix\"><\/p>\n\t\t\t<rs-module-wrap id=\"rev_slider_40_1_wrapper\" data-source=\"gallery\" style=\"visibility:hidden;background:transparent;padding:0;margin:0px auto;margin-top:0;margin-bottom:0;\">\n\t\t\t\t<rs-module id=\"rev_slider_40_1\" style=\"\" data-version=\"6.6.14\">\n\t\t\t\t\t<rs-slides style=\"overflow: hidden; position: absolute;\">\n\t\t\t\t\t\t<rs-slide style=\"position: absolute;\" data-key=\"rs-506\" data-title=\"Slide\" data-thumb=\"\/\/www.sarlux.saras.it\/wp-content\/uploads\/2018\/11\/01-CFA_0636.jpg\" data-anim=\"adpr:false;\">\n\t\t\t\t\t\t\t<img decoding=\"async\" src=\"\/\/www.sarlux.saras.it\/wp-content\/plugins\/revslider\/public\/assets\/assets\/dummy.png\" alt=\"\" title=\"Gruppo Saras: una lunga storia di resilienza nel territorio sardo\" class=\"rev-slidebg tp-rs-img rs-lazyload\" data-lazyload=\"\/\/www.sarlux.saras.it\/wp-content\/uploads\/2018\/11\/01-CFA_0636.jpg\" data-no-retina>\n<!---->\t\t\t\t\t\t<\/rs-slide>\n\t\t\t\t\t\t<rs-slide style=\"position: absolute;\" data-key=\"rs-511\" data-title=\"Slide\" data-thumb=\"\/\/www.sarlux.saras.it\/wp-content\/uploads\/2018\/11\/02-CFA_0734.jpg\" data-anim=\"adpr:false;\">\n\t\t\t\t\t\t\t<img decoding=\"async\" src=\"\/\/www.sarlux.saras.it\/wp-content\/plugins\/revslider\/public\/assets\/assets\/dummy.png\" alt=\"\" title=\"Gruppo Saras: una lunga storia di resilienza nel territorio sardo\" class=\"rev-slidebg tp-rs-img rs-lazyload\" data-lazyload=\"\/\/www.sarlux.saras.it\/wp-content\/uploads\/2018\/11\/02-CFA_0734.jpg\" data-no-retina>\n<!---->\t\t\t\t\t\t<\/rs-slide>\n\t\t\t\t\t\t<rs-slide style=\"position: absolute;\" data-key=\"rs-513\" data-title=\"Slide\" data-thumb=\"\/\/www.sarlux.saras.it\/wp-content\/uploads\/2018\/11\/03-CFA_0710.jpg\" data-anim=\"adpr:false;\">\n\t\t\t\t\t\t\t<img decoding=\"async\" src=\"\/\/www.sarlux.saras.it\/wp-content\/plugins\/revslider\/public\/assets\/assets\/dummy.png\" alt=\"\" title=\"Gruppo Saras: una lunga storia di resilienza nel territorio sardo\" class=\"rev-slidebg tp-rs-img rs-lazyload\" data-lazyload=\"\/\/www.sarlux.saras.it\/wp-content\/uploads\/2018\/11\/03-CFA_0710.jpg\" data-no-retina>\n<!---->\t\t\t\t\t\t<\/rs-slide>\n\t\t\t\t\t\t<rs-slide style=\"position: absolute;\" data-key=\"rs-516\" data-title=\"Slide\" data-thumb=\"\/\/www.sarlux.saras.it\/wp-content\/uploads\/2018\/11\/04-CFA_6787.jpg\" data-anim=\"adpr:false;\">\n\t\t\t\t\t\t\t<img decoding=\"async\" src=\"\/\/www.sarlux.saras.it\/wp-content\/plugins\/revslider\/public\/assets\/assets\/dummy.png\" alt=\"\" title=\"Gruppo Saras: una lunga storia di resilienza nel territorio sardo\" class=\"rev-slidebg tp-rs-img rs-lazyload\" data-lazyload=\"\/\/www.sarlux.saras.it\/wp-content\/uploads\/2018\/11\/04-CFA_6787.jpg\" data-no-retina>\n<!---->\t\t\t\t\t\t<\/rs-slide>\n\t\t\t\t\t\t<rs-slide style=\"position: absolute;\" data-key=\"rs-517\" data-title=\"Slide\" data-thumb=\"\/\/www.sarlux.saras.it\/wp-content\/uploads\/2018\/11\/06-CFA_0820.jpg\" data-anim=\"adpr:false;\">\n\t\t\t\t\t\t\t<img decoding=\"async\" src=\"\/\/www.sarlux.saras.it\/wp-content\/plugins\/revslider\/public\/assets\/assets\/dummy.png\" alt=\"\" title=\"Gruppo Saras: una lunga storia di resilienza nel territorio sardo\" class=\"rev-slidebg tp-rs-img rs-lazyload\" data-lazyload=\"\/\/www.sarlux.saras.it\/wp-content\/uploads\/2018\/11\/06-CFA_0820.jpg\" data-no-retina>\n<!---->\t\t\t\t\t\t<\/rs-slide>\n\t\t\t\t\t\t<rs-slide style=\"position: absolute;\" data-key=\"rs-518\" data-title=\"Slide\" data-thumb=\"\/\/www.sarlux.saras.it\/wp-content\/uploads\/2018\/11\/07CFA_6802.jpg\" data-anim=\"adpr:false;\">\n\t\t\t\t\t\t\t<img decoding=\"async\" src=\"\/\/www.sarlux.saras.it\/wp-content\/plugins\/revslider\/public\/assets\/assets\/dummy.png\" alt=\"\" title=\"Gruppo Saras: una lunga storia di resilienza nel territorio sardo\" class=\"rev-slidebg tp-rs-img rs-lazyload\" data-lazyload=\"\/\/www.sarlux.saras.it\/wp-content\/uploads\/2018\/11\/07CFA_6802.jpg\" data-no-retina>\n<!---->\t\t\t\t\t\t<\/rs-slide>\n\t\t\t\t\t\t<rs-slide style=\"position: absolute;\" data-key=\"rs-533\" data-title=\"Slide\" data-thumb=\"\/\/www.sarlux.saras.it\/wp-content\/uploads\/2018\/11\/07CFA_6802.jpg\" data-anim=\"adpr:false;\">\n\t\t\t\t\t\t\t<img decoding=\"async\" src=\"\/\/www.sarlux.saras.it\/wp-content\/plugins\/revslider\/public\/assets\/assets\/dummy.png\" alt=\"\" title=\"Gruppo Saras: una lunga storia di resilienza nel territorio sardo\" class=\"rev-slidebg tp-rs-img rs-lazyload\" data-lazyload=\"\/\/www.sarlux.saras.it\/wp-content\/uploads\/2018\/11\/07CFA_6802.jpg\" data-no-retina>\n<!---->\t\t\t\t\t\t<\/rs-slide>\n\t\t\t\t\t\t<rs-slide style=\"position: absolute;\" data-key=\"rs-519\" data-title=\"Slide\" data-thumb=\"\/\/www.sarlux.saras.it\/wp-content\/uploads\/2018\/11\/08-CFA_0980.jpg\" data-anim=\"adpr:false;\">\n\t\t\t\t\t\t\t<img decoding=\"async\" src=\"\/\/www.sarlux.saras.it\/wp-content\/plugins\/revslider\/public\/assets\/assets\/dummy.png\" alt=\"\" title=\"Gruppo Saras: una lunga storia di resilienza nel territorio sardo\" class=\"rev-slidebg tp-rs-img rs-lazyload\" data-lazyload=\"\/\/www.sarlux.saras.it\/wp-content\/uploads\/2018\/11\/08-CFA_0980.jpg\" data-no-retina>\n<!---->\t\t\t\t\t\t<\/rs-slide>\n\t\t\t\t\t\t<rs-slide style=\"position: absolute;\" data-key=\"rs-522\" data-title=\"Slide\" data-thumb=\"\/\/www.sarlux.saras.it\/wp-content\/uploads\/2018\/11\/09-CFA_0891.jpg\" data-anim=\"adpr:false;\">\n\t\t\t\t\t\t\t<img decoding=\"async\" src=\"\/\/www.sarlux.saras.it\/wp-content\/plugins\/revslider\/public\/assets\/assets\/dummy.png\" alt=\"\" title=\"Gruppo Saras: una lunga storia di resilienza nel territorio sardo\" class=\"rev-slidebg tp-rs-img rs-lazyload\" data-lazyload=\"\/\/www.sarlux.saras.it\/wp-content\/uploads\/2018\/11\/09-CFA_0891.jpg\" data-no-retina>\n<!---->\t\t\t\t\t\t<\/rs-slide>\n\t\t\t\t\t\t<rs-slide style=\"position: absolute;\" data-key=\"rs-523\" data-title=\"Slide\" data-thumb=\"\/\/www.sarlux.saras.it\/wp-content\/uploads\/2018\/11\/10-CFA_0959.jpg\" data-anim=\"adpr:false;\">\n\t\t\t\t\t\t\t<img decoding=\"async\" src=\"\/\/www.sarlux.saras.it\/wp-content\/plugins\/revslider\/public\/assets\/assets\/dummy.png\" alt=\"\" title=\"Gruppo Saras: una lunga storia di resilienza nel territorio sardo\" class=\"rev-slidebg tp-rs-img rs-lazyload\" data-lazyload=\"\/\/www.sarlux.saras.it\/wp-content\/uploads\/2018\/11\/10-CFA_0959.jpg\" data-no-retina>\n<!---->\t\t\t\t\t\t<\/rs-slide>\n\t\t\t\t\t\t<rs-slide style=\"position: absolute;\" data-key=\"rs-525\" data-title=\"Slide\" data-thumb=\"\/\/www.sarlux.saras.it\/wp-content\/uploads\/2018\/11\/11-CFA_0907.jpg\" data-anim=\"adpr:false;\">\n\t\t\t\t\t\t\t<img decoding=\"async\" src=\"\/\/www.sarlux.saras.it\/wp-content\/plugins\/revslider\/public\/assets\/assets\/dummy.png\" alt=\"\" title=\"Gruppo Saras: una lunga storia di resilienza nel territorio sardo\" class=\"rev-slidebg tp-rs-img rs-lazyload\" data-lazyload=\"\/\/www.sarlux.saras.it\/wp-content\/uploads\/2018\/11\/11-CFA_0907.jpg\" data-no-retina>\n<!---->\t\t\t\t\t\t<\/rs-slide>\n\t\t\t\t\t\t<rs-slide style=\"position: absolute;\" data-key=\"rs-527\" data-title=\"Slide\" data-thumb=\"\/\/www.sarlux.saras.it\/wp-content\/uploads\/2018\/11\/12-CFA_0910.jpg\" data-anim=\"adpr:false;\">\n\t\t\t\t\t\t\t<img decoding=\"async\" src=\"\/\/www.sarlux.saras.it\/wp-content\/plugins\/revslider\/public\/assets\/assets\/dummy.png\" alt=\"\" title=\"Gruppo Saras: una lunga storia di resilienza nel territorio sardo\" class=\"rev-slidebg tp-rs-img rs-lazyload\" data-lazyload=\"\/\/www.sarlux.saras.it\/wp-content\/uploads\/2018\/11\/12-CFA_0910.jpg\" data-no-retina>\n<!---->\t\t\t\t\t\t<\/rs-slide>\n\t\t\t\t\t\t<rs-slide style=\"position: absolute;\" data-key=\"rs-529\" data-title=\"Slide\" data-thumb=\"\/\/www.sarlux.saras.it\/wp-content\/uploads\/2018\/11\/13-CFA_0879.jpg\" data-anim=\"adpr:false;\">\n\t\t\t\t\t\t\t<img decoding=\"async\" src=\"\/\/www.sarlux.saras.it\/wp-content\/plugins\/revslider\/public\/assets\/assets\/dummy.png\" alt=\"\" title=\"Gruppo Saras: una lunga storia di resilienza nel territorio sardo\" class=\"rev-slidebg tp-rs-img rs-lazyload\" data-lazyload=\"\/\/www.sarlux.saras.it\/wp-content\/uploads\/2018\/11\/13-CFA_0879.jpg\" data-no-retina>\n<!---->\t\t\t\t\t\t<\/rs-slide>\n\t\t\t\t\t\t<rs-slide style=\"position: absolute;\" data-key=\"rs-532\" data-title=\"Slide\" data-thumb=\"\/\/www.sarlux.saras.it\/wp-content\/uploads\/2018\/11\/14-CFA_6824.jpg\" data-anim=\"adpr:false;\">\n\t\t\t\t\t\t\t<img decoding=\"async\" src=\"\/\/www.sarlux.saras.it\/wp-content\/plugins\/revslider\/public\/assets\/assets\/dummy.png\" alt=\"\" title=\"Gruppo Saras: una lunga storia di resilienza nel territorio sardo\" class=\"rev-slidebg tp-rs-img rs-lazyload\" data-lazyload=\"\/\/www.sarlux.saras.it\/wp-content\/uploads\/2018\/11\/14-CFA_6824.jpg\" data-no-retina>\n<!---->\t\t\t\t\t\t<\/rs-slide>\n\t\t\t\t\t\t<rs-slide style=\"position: absolute;\" data-key=\"rs-534\" data-title=\"Slide\" data-thumb=\"\/\/www.sarlux.saras.it\/wp-content\/uploads\/2018\/11\/15-CFA_0984.jpg\" data-anim=\"adpr:false;\">\n\t\t\t\t\t\t\t<img decoding=\"async\" src=\"\/\/www.sarlux.saras.it\/wp-content\/plugins\/revslider\/public\/assets\/assets\/dummy.png\" alt=\"\" title=\"Gruppo Saras: una lunga storia di resilienza nel territorio sardo\" class=\"rev-slidebg tp-rs-img rs-lazyload\" data-lazyload=\"\/\/www.sarlux.saras.it\/wp-content\/uploads\/2018\/11\/15-CFA_0984.jpg\" data-no-retina>\n<!---->\t\t\t\t\t\t<\/rs-slide>\n\t\t\t\t\t\t<rs-slide style=\"position: absolute;\" data-key=\"rs-536\" data-title=\"Slide\" data-thumb=\"\/\/www.sarlux.saras.it\/wp-content\/uploads\/2018\/11\/16-CFA_0961.jpg\" data-anim=\"adpr:false;\">\n\t\t\t\t\t\t\t<img decoding=\"async\" src=\"\/\/www.sarlux.saras.it\/wp-content\/plugins\/revslider\/public\/assets\/assets\/dummy.png\" alt=\"\" title=\"Gruppo Saras: una lunga storia di resilienza nel territorio sardo\" class=\"rev-slidebg tp-rs-img rs-lazyload\" data-lazyload=\"\/\/www.sarlux.saras.it\/wp-content\/uploads\/2018\/11\/16-CFA_0961.jpg\" data-no-retina>\n<!---->\t\t\t\t\t\t<\/rs-slide>\n\t\t\t\t\t\t<rs-slide style=\"position: absolute;\" data-key=\"rs-537\" data-title=\"Slide\" data-thumb=\"\/\/www.sarlux.saras.it\/wp-content\/uploads\/2018\/11\/17-CFA_1011.jpg\" data-anim=\"adpr:false;\">\n\t\t\t\t\t\t\t<img decoding=\"async\" src=\"\/\/www.sarlux.saras.it\/wp-content\/plugins\/revslider\/public\/assets\/assets\/dummy.png\" alt=\"\" title=\"Gruppo Saras: una lunga storia di resilienza nel territorio sardo\" class=\"rev-slidebg tp-rs-img rs-lazyload\" data-lazyload=\"\/\/www.sarlux.saras.it\/wp-content\/uploads\/2018\/11\/17-CFA_1011.jpg\" data-no-retina>\n<!---->\t\t\t\t\t\t<\/rs-slide>\n\t\t\t\t\t\t<rs-slide style=\"position: absolute;\" data-key=\"rs-539\" data-title=\"Slide\" data-thumb=\"\/\/www.sarlux.saras.it\/wp-content\/uploads\/2018\/11\/18-CFA_1028.jpg\" data-anim=\"adpr:false;\">\n\t\t\t\t\t\t\t<img decoding=\"async\" src=\"\/\/www.sarlux.saras.it\/wp-content\/plugins\/revslider\/public\/assets\/assets\/dummy.png\" alt=\"\" title=\"Gruppo Saras: una lunga storia di resilienza nel territorio sardo\" class=\"rev-slidebg tp-rs-img rs-lazyload\" data-lazyload=\"\/\/www.sarlux.saras.it\/wp-content\/uploads\/2018\/11\/18-CFA_1028.jpg\" data-no-retina>\n<!---->\t\t\t\t\t\t<\/rs-slide>\n\t\t\t\t\t\t<rs-slide style=\"position: absolute;\" data-key=\"rs-541\" data-title=\"Slide\" data-thumb=\"\/\/www.sarlux.saras.it\/wp-content\/uploads\/2018\/11\/19-CFA_1049.jpg\" data-anim=\"adpr:false;\">\n\t\t\t\t\t\t\t<img decoding=\"async\" src=\"\/\/www.sarlux.saras.it\/wp-content\/plugins\/revslider\/public\/assets\/assets\/dummy.png\" alt=\"\" title=\"Gruppo Saras: una lunga storia di resilienza nel territorio sardo\" class=\"rev-slidebg tp-rs-img rs-lazyload\" data-lazyload=\"\/\/www.sarlux.saras.it\/wp-content\/uploads\/2018\/11\/19-CFA_1049.jpg\" data-no-retina>\n<!---->\t\t\t\t\t\t<\/rs-slide>\n\t\t\t\t\t\t<rs-slide style=\"position: absolute;\" data-key=\"rs-543\" data-title=\"Slide\" data-thumb=\"\/\/www.sarlux.saras.it\/wp-content\/uploads\/2018\/11\/20-2018-11-21-10.47.18.jpg\" data-anim=\"adpr:false;\">\n\t\t\t\t\t\t\t<img decoding=\"async\" src=\"\/\/www.sarlux.saras.it\/wp-content\/plugins\/revslider\/public\/assets\/assets\/dummy.png\" alt=\"\" title=\"Gruppo Saras: una lunga storia di resilienza nel territorio sardo\" class=\"rev-slidebg tp-rs-img rs-lazyload\" data-lazyload=\"\/\/www.sarlux.saras.it\/wp-content\/uploads\/2018\/11\/20-2018-11-21-10.47.18.jpg\" data-no-retina>\n<!---->\t\t\t\t\t\t<\/rs-slide>\n\t\t\t\t\t\t<rs-slide style=\"position: absolute;\" data-key=\"rs-545\" data-title=\"Slide\" data-thumb=\"\/\/www.sarlux.saras.it\/wp-content\/uploads\/2018\/11\/21-CFA_1074.jpg\" data-anim=\"adpr:false;\">\n\t\t\t\t\t\t\t<img decoding=\"async\" src=\"\/\/www.sarlux.saras.it\/wp-content\/plugins\/revslider\/public\/assets\/assets\/dummy.png\" alt=\"\" title=\"Gruppo Saras: una lunga storia di resilienza nel territorio sardo\" class=\"rev-slidebg tp-rs-img rs-lazyload\" data-lazyload=\"\/\/www.sarlux.saras.it\/wp-content\/uploads\/2018\/11\/21-CFA_1074.jpg\" data-no-retina>\n<!---->\t\t\t\t\t\t<\/rs-slide>\n\t\t\t\t\t\t<rs-slide style=\"position: absolute;\" data-key=\"rs-547\" data-title=\"Slide\" data-thumb=\"\/\/www.sarlux.saras.it\/wp-content\/uploads\/2018\/11\/22-CFA_0748.jpg\" data-anim=\"adpr:false;\">\n\t\t\t\t\t\t\t<img decoding=\"async\" src=\"\/\/www.sarlux.saras.it\/wp-content\/plugins\/revslider\/public\/assets\/assets\/dummy.png\" alt=\"\" title=\"Gruppo Saras: una lunga storia di resilienza nel territorio sardo\" class=\"rev-slidebg tp-rs-img rs-lazyload\" data-lazyload=\"\/\/www.sarlux.saras.it\/wp-content\/uploads\/2018\/11\/22-CFA_0748.jpg\" data-no-retina>\n<!---->\t\t\t\t\t\t<\/rs-slide>\n\t\t\t\t\t\t<rs-slide style=\"position: absolute;\" data-key=\"rs-548\" data-title=\"Slide\" data-thumb=\"\/\/www.sarlux.saras.it\/wp-content\/uploads\/2018\/11\/01-resilienza.jpg\" data-anim=\"adpr:false;\">\n\t\t\t\t\t\t\t<img decoding=\"async\" src=\"\/\/www.sarlux.saras.it\/wp-content\/plugins\/revslider\/public\/assets\/assets\/dummy.png\" alt=\"\" title=\"Gruppo Saras: una lunga storia di resilienza nel territorio sardo\" class=\"rev-slidebg tp-rs-img rs-lazyload\" data-lazyload=\"\/\/www.sarlux.saras.it\/wp-content\/uploads\/2018\/11\/01-resilienza.jpg\" data-no-retina>\n<!---->\t\t\t\t\t\t<\/rs-slide>\n\t\t\t\t\t<\/rs-slides>\n\t\t\t\t<\/rs-module>\n\t\t\t\t<script>\n\t\t\t\t\tsetREVStartSize({c: 'rev_slider_40_1',rl:[1240,1024,778,480],el:[],gw:[1240],gh:[683],type:'standard',justify:'',layout:'fullwidth',mh:\"0\"});if (window.RS_MODULES!==undefined && window.RS_MODULES.modules!==undefined && window.RS_MODULES.modules[\"revslider401\"]!==undefined) {window.RS_MODULES.modules[\"revslider401\"].once = false;window.revapi40 = undefined;if (window.RS_MODULES.checkMinimal!==undefined) window.RS_MODULES.checkMinimal()}\n\t\t\t\t<\/script>\n\t\t\t<\/rs-module-wrap>\n\t\t\t<!-- END REVOLUTION SLIDER -->\n[vc_column_text]In alto: una sintesi di viste e momenti significativi dell&#8217;evento,<\/p>\n<p>a lato: il servizio televisivo realizzato per l&#8217;occasione[\/vc_column_text][\/vc_column][\/vc_row][vc_row css=&#8221;.vc_custom_1543497074919{padding-top: 36px !important;}&#8221;][vc_column][vc_column_text css=&#8221;.vc_custom_1543497109512{border-bottom-width: 1px !important;padding-bottom: 5px !important;border-bottom-color: #0056a6 !important;border-bottom-style: solid !important;}&#8221;]<\/p>\n<h4 style=\"text-align: center;\"><strong>Il valore di Saras per la crescita del territorio<\/strong><\/h4>\n<p>[\/vc_column_text][vc_column_text]<\/p>\n<p style=\"text-align: center;\"><strong>In sintesi, le principali risultanze dello studio presentato da The European House &#8211; Ambrosetti:<\/strong><\/p>\n<p>[\/vc_column_text][\/vc_column][\/vc_row][vc_row css=&#8221;.vc_custom_1543504764120{padding-top: 10px !important;}&#8221;][vc_column width=&#8221;1\/2&#8243;][vc_single_image image=&#8221;529967&#8243; img_size=&#8221;full&#8221; alignment=&#8221;center&#8221;][vc_column_text css=&#8221;.vc_custom_1544018972224{padding-top: 5px !important;padding-right: 5px !important;padding-bottom: 5px !important;padding-left: 5px !important;background-color: #fffada !important;}&#8221;]<\/p>\n<p style=\"text-align: center;\"><strong>CAPITALE ECONOMICO<\/strong><\/p>\n<ul>\n<li><strong>12\u02da <\/strong>gruppo industriale in Italia, <strong>3\u00b0 <\/strong>gruppo del settore Oil&amp;Gas per dimensione economica (7,7 miliardi di euro)<\/li>\n<li><strong>1<\/strong><strong><sup>a\u00a0<\/sup><\/strong><strong>azienda in Sardegna<\/strong><\/li>\n<li><strong>1<\/strong><strong><sup>a\u00a0<\/sup><\/strong><strong>raffineria in Italia <\/strong>per volumi di raffinazione<\/li>\n<li><strong>4,4 miliardi <\/strong>di euro di <strong>esportazioni <\/strong>in tutto il mondo, pari all\u2019<strong>82% <\/strong>dell\u2019export sardo<\/li>\n<li><strong>800 milioni <\/strong>di euro di <strong>investimenti<\/strong> tra 2018-2021 (<strong>+40%<\/strong>), con attenzione crescente a sicurezza, ambiente e innovazione<\/li>\n<li><strong>474 milioni <\/strong>di euro di attivazione diretta, indiretta e indotta delle <strong>filiere economiche<\/strong> in Sardegna<\/li>\n<li>contributo alle finanze pubbliche regionali di <strong>456 milioni <\/strong>di euro (<strong>5% <\/strong>del bilancio della Regione Sardegna)<\/li>\n<\/ul>\n<p>[\/vc_column_text][\/vc_column][vc_column width=&#8221;1\/2&#8243;][vc_single_image image=&#8221;529963&#8243; img_size=&#8221;full&#8221; alignment=&#8221;center&#8221;][vc_column_text css=&#8221;.vc_custom_1544018839629{padding-top: 5px !important;padding-right: 5px !important;padding-bottom: 5px !important;padding-left: 5px !important;background-color: #c9e6e7 !important;}&#8221;]<\/p>\n<p style=\"text-align: center;\"><strong>CAPITALE AMBIENTALE<\/strong><\/p>\n<ul>\n<li><strong>1<\/strong><strong><sup>a<\/sup> <\/strong>raffineria in Italia a ottenere l<strong>\u2019AIA<\/strong> (Autorizzazione Integrata Ambientale) e adesione allo schema volontario EMAS dal 2008<\/li>\n<li>negli ultimi 4 anni investimenti per pi\u00f9 di <strong>120 milioni <\/strong>di euro in ambiente e sicurezza <strong>(+24% <\/strong>nel 2017 rispetto al 2016)<\/li>\n<li>pi\u00f9 di <strong>2 milioni <\/strong>di euro di <strong>costi sociali evitati <\/strong>in un anno grazie alla riduzione di emissioni di CO<sub>2<\/sub> (<strong>-2% <\/strong>vs +3% Italia)<\/li>\n<li>impianto di <strong>dissalazione pi\u00f9 grande del Mediterraneo <\/strong>(il <strong>37,4%<\/strong> dell\u2019acqua utilizzata \u00e8 marina)<\/li>\n<\/ul>\n<p>&nbsp;<\/p>\n<p>&nbsp;<\/p>\n<p>[\/vc_column_text][\/vc_column][\/vc_row][vc_row css=&#8221;.vc_custom_1543504764120{padding-top: 10px !important;}&#8221;][vc_column width=&#8221;1\/2&#8243;][vc_single_image image=&#8221;529957&#8243; img_size=&#8221;full&#8221; alignment=&#8221;center&#8221;][vc_column_text css=&#8221;.vc_custom_1543860336907{padding-top: 5px !important;padding-right: 5px !important;padding-bottom: 5px !important;padding-left: 5px !important;background-color: #fce0bb !important;}&#8221;]<\/p>\n<p style=\"text-align: center;\"><strong>CAPITALE SOCIALE<\/strong><\/p>\n<ul>\n<li>circa <strong>2000<\/strong> occupati (<strong>+11% <\/strong>nel periodo 2012-2015 vs -5,5% manifattura Italia)<\/li>\n<li><strong>1450<\/strong> occupati diretti in Sardegna, con un moltiplicatore dell\u2019occupazione di <strong>2,2<\/strong><\/li>\n<li>occupazione altamente professionalizzata con redditi da lavoro in Sardegna superiori del <strong>125%<\/strong> alla media del territorio, che generano consumi addizionali per <strong>20 milioni <\/strong>di euro<\/li>\n<li><strong>98,3%<\/strong> occupati con contratto a tempo indeterminato (vs 88,2% media Italia)<\/li>\n<li>indice di infortuni di <strong>4,6 per 1.000 addetti <\/strong>(-19% dal 2016), vs. 7,1 media di settore e 23,9 media manifattura italiana<\/li>\n<\/ul>\n<p>[\/vc_column_text][\/vc_column][vc_column width=&#8221;1\/2&#8243;][vc_single_image image=&#8221;529952&#8243; img_size=&#8221;full&#8221; alignment=&#8221;center&#8221;][vc_column_text css=&#8221;.vc_custom_1543576661937{padding-top: 5px !important;padding-right: 5px !important;padding-bottom: 5px !important;padding-left: 5px !important;background-color: #cedcee !important;}&#8221;]<\/p>\n<p style=\"text-align: center;\"><strong>CAPITALE COGNITIVO<\/strong><\/p>\n<ul>\n<li>il <strong>23%<\/strong> degli occupati \u00e8 <strong>laureato <\/strong>(vs. il 13,0% della media Italia), di questi, il <strong>77%<\/strong> ha una laurea in materie tecnico-scientifiche (contro il 41% della media Italia)<\/li>\n<li>progetto di trasformazione digitale <strong>#digitalSaras <\/strong>in corso: <strong>50 milioni <\/strong>di euro di investimenti con l\u2019obiettivo di implementare applicazioni digitali di frontiera in ambito industriale (10 progetti in fase di industrializzazione)<\/li>\n<li><strong>collaborazioni e sinergie con il sistema universitario e scolastico <\/strong>per contribuire alla formazione di personale specializzato.<\/li>\n<\/ul>\n<p>&nbsp;<\/p>\n<p>&nbsp;<\/p>\n<p>[\/vc_column_text][\/vc_column][\/vc_row][vc_row][vc_column][vc_empty_space height=&#8221;16px&#8221;][vc_single_image image=&#8221;529994&#8243; img_size=&#8221;full&#8221; alignment=&#8221;center&#8221;][\/vc_column][\/vc_row][vc_row][vc_column][vc_empty_space height=&#8221;64px&#8221;][\/vc_column][\/vc_row]<\/p>\n<\/div>","protected":false},"excerpt":{"rendered":"<p>&#8220;Sapersi trasformare per rimanere vincenti&#8221; mette in luce gli impatti positivi del Gruppo Saras sullo sviluppo della Sardegna e dell\u2019economia nazionale.<\/p>\n","protected":false},"author":8,"featured_media":529741,"comment_status":"open","ping_status":"open","sticky":false,"template":"","format":"standard","meta":{"_acf_changed":false,"inline_featured_image":false,"footnotes":""},"categories":[26,17],"tags":[97,145,100],"class_list":["post-529683","post","type-post","status-publish","format-standard","has-post-thumbnail","hentry","category-home-it","category-news","tag-gruppo-saras","tag-massimo-moratti","tag-studio-ambrosetti"],"acf":[],"yoast_head":"<!-- This site is optimized with the Yoast SEO plugin v27.3 - https:\/\/yoast.com\/product\/yoast-seo-wordpress\/ -->\n<title>Gruppo Saras: una lunga storia di resilienza nel territorio sardo<\/title>\n<meta name=\"description\" content=\"Il 21 novembre si \u00e8 svolto a Cagliari il convegno\u00a0\u201cSapersi trasformare per rimanere vincenti\u201d organizzato da Saras con la collaborazione di The European House - Ambrosetti\" \/>\n<meta name=\"robots\" content=\"index, follow, max-snippet:-1, max-image-preview:large, max-video-preview:-1\" \/>\n<link rel=\"canonical\" href=\"https:\/\/www.sarlux.saras.it\/it\/gruppo-saras-una-lunga-storia-di-resilienza-nel-territorio-sardo\/\" \/>\n<meta property=\"og:locale\" content=\"it_IT\" \/>\n<meta property=\"og:type\" content=\"article\" \/>\n<meta property=\"og:title\" content=\"Gruppo Saras: una lunga storia di resilienza nel territorio sardo\" \/>\n<meta property=\"og:description\" content=\"Il 21 novembre si \u00e8 svolto a Cagliari il convegno\u00a0\u201cSapersi trasformare per rimanere vincenti\u201d organizzato da Saras con la collaborazione di The European House - Ambrosetti\" \/>\n<meta property=\"og:url\" content=\"https:\/\/www.sarlux.saras.it\/it\/gruppo-saras-una-lunga-storia-di-resilienza-nel-territorio-sardo\/\" \/>\n<meta property=\"og:site_name\" content=\"Sarlux Saras | Refining &amp; Power\" \/>\n<meta property=\"article:published_time\" content=\"2018-11-28T09:08:13+00:00\" \/>\n<meta property=\"article:modified_time\" content=\"2019-06-12T17:19:07+00:00\" \/>\n<meta property=\"og:image\" content=\"https:\/\/www.sarlux.saras.it\/wp-content\/uploads\/2018\/11\/evento-Saras-21-11-2018.jpg\" \/>\n\t<meta property=\"og:image:width\" content=\"1993\" \/>\n\t<meta property=\"og:image:height\" content=\"902\" \/>\n\t<meta property=\"og:image:type\" content=\"image\/jpeg\" \/>\n<meta name=\"author\" content=\"Elisabetta Marongiu\" \/>\n<meta name=\"twitter:card\" content=\"summary_large_image\" \/>\n<meta name=\"twitter:label1\" content=\"Scritto da\" \/>\n\t<meta name=\"twitter:data1\" content=\"Elisabetta Marongiu\" \/>\n\t<meta name=\"twitter:label2\" content=\"Tempo di lettura stimato\" \/>\n\t<meta name=\"twitter:data2\" content=\"7 minuti\" \/>\n<script type=\"application\/ld+json\" class=\"yoast-schema-graph\">{\"@context\":\"https:\\\/\\\/schema.org\",\"@graph\":[{\"@type\":\"Article\",\"@id\":\"https:\\\/\\\/www.sarlux.saras.it\\\/it\\\/gruppo-saras-una-lunga-storia-di-resilienza-nel-territorio-sardo\\\/#article\",\"isPartOf\":{\"@id\":\"https:\\\/\\\/www.sarlux.saras.it\\\/it\\\/gruppo-saras-una-lunga-storia-di-resilienza-nel-territorio-sardo\\\/\"},\"author\":{\"name\":\"Elisabetta Marongiu\",\"@id\":\"https:\\\/\\\/www.sarlux.saras.it\\\/it\\\/#\\\/schema\\\/person\\\/bdb99fa4d691cca9dcdf7a04bca185c8\"},\"headline\":\"Gruppo Saras: una lunga storia di resilienza nel territorio sardo\",\"datePublished\":\"2018-11-28T09:08:13+00:00\",\"dateModified\":\"2019-06-12T17:19:07+00:00\",\"mainEntityOfPage\":{\"@id\":\"https:\\\/\\\/www.sarlux.saras.it\\\/it\\\/gruppo-saras-una-lunga-storia-di-resilienza-nel-territorio-sardo\\\/\"},\"wordCount\":1354,\"commentCount\":0,\"publisher\":{\"@id\":\"https:\\\/\\\/www.sarlux.saras.it\\\/it\\\/#organization\"},\"image\":{\"@id\":\"https:\\\/\\\/www.sarlux.saras.it\\\/it\\\/gruppo-saras-una-lunga-storia-di-resilienza-nel-territorio-sardo\\\/#primaryimage\"},\"thumbnailUrl\":\"https:\\\/\\\/www.sarlux.saras.it\\\/wp-content\\\/uploads\\\/2018\\\/11\\\/evento-Saras-21-11-2018.jpg\",\"keywords\":[\"Gruppo Saras\",\"Massimo Moratti\",\"Studio Ambrosetti\"],\"articleSection\":[\"home\",\"News\"],\"inLanguage\":\"it-IT\",\"potentialAction\":[{\"@type\":\"CommentAction\",\"name\":\"Comment\",\"target\":[\"https:\\\/\\\/www.sarlux.saras.it\\\/it\\\/gruppo-saras-una-lunga-storia-di-resilienza-nel-territorio-sardo\\\/#respond\"]}]},{\"@type\":\"WebPage\",\"@id\":\"https:\\\/\\\/www.sarlux.saras.it\\\/it\\\/gruppo-saras-una-lunga-storia-di-resilienza-nel-territorio-sardo\\\/\",\"url\":\"https:\\\/\\\/www.sarlux.saras.it\\\/it\\\/gruppo-saras-una-lunga-storia-di-resilienza-nel-territorio-sardo\\\/\",\"name\":\"Gruppo Saras: una lunga storia di resilienza nel territorio sardo\",\"isPartOf\":{\"@id\":\"https:\\\/\\\/www.sarlux.saras.it\\\/it\\\/#website\"},\"primaryImageOfPage\":{\"@id\":\"https:\\\/\\\/www.sarlux.saras.it\\\/it\\\/gruppo-saras-una-lunga-storia-di-resilienza-nel-territorio-sardo\\\/#primaryimage\"},\"image\":{\"@id\":\"https:\\\/\\\/www.sarlux.saras.it\\\/it\\\/gruppo-saras-una-lunga-storia-di-resilienza-nel-territorio-sardo\\\/#primaryimage\"},\"thumbnailUrl\":\"https:\\\/\\\/www.sarlux.saras.it\\\/wp-content\\\/uploads\\\/2018\\\/11\\\/evento-Saras-21-11-2018.jpg\",\"datePublished\":\"2018-11-28T09:08:13+00:00\",\"dateModified\":\"2019-06-12T17:19:07+00:00\",\"description\":\"Il 21 novembre si \u00e8 svolto a Cagliari il convegno\u00a0\u201cSapersi trasformare per rimanere vincenti\u201d organizzato da Saras con la collaborazione di The European House - Ambrosetti\",\"breadcrumb\":{\"@id\":\"https:\\\/\\\/www.sarlux.saras.it\\\/it\\\/gruppo-saras-una-lunga-storia-di-resilienza-nel-territorio-sardo\\\/#breadcrumb\"},\"inLanguage\":\"it-IT\",\"potentialAction\":[{\"@type\":\"ReadAction\",\"target\":[\"https:\\\/\\\/www.sarlux.saras.it\\\/it\\\/gruppo-saras-una-lunga-storia-di-resilienza-nel-territorio-sardo\\\/\"]}]},{\"@type\":\"ImageObject\",\"inLanguage\":\"it-IT\",\"@id\":\"https:\\\/\\\/www.sarlux.saras.it\\\/it\\\/gruppo-saras-una-lunga-storia-di-resilienza-nel-territorio-sardo\\\/#primaryimage\",\"url\":\"https:\\\/\\\/www.sarlux.saras.it\\\/wp-content\\\/uploads\\\/2018\\\/11\\\/evento-Saras-21-11-2018.jpg\",\"contentUrl\":\"https:\\\/\\\/www.sarlux.saras.it\\\/wp-content\\\/uploads\\\/2018\\\/11\\\/evento-Saras-21-11-2018.jpg\",\"width\":1993,\"height\":902},{\"@type\":\"BreadcrumbList\",\"@id\":\"https:\\\/\\\/www.sarlux.saras.it\\\/it\\\/gruppo-saras-una-lunga-storia-di-resilienza-nel-territorio-sardo\\\/#breadcrumb\",\"itemListElement\":[{\"@type\":\"ListItem\",\"position\":1,\"name\":\"Home\",\"item\":\"https:\\\/\\\/www.sarlux.saras.it\\\/it\\\/\"},{\"@type\":\"ListItem\",\"position\":2,\"name\":\"Gruppo Saras: una lunga storia di resilienza nel territorio sardo\"}]},{\"@type\":\"WebSite\",\"@id\":\"https:\\\/\\\/www.sarlux.saras.it\\\/it\\\/#website\",\"url\":\"https:\\\/\\\/www.sarlux.saras.it\\\/it\\\/\",\"name\":\"Sarlux\",\"description\":\"\",\"publisher\":{\"@id\":\"https:\\\/\\\/www.sarlux.saras.it\\\/it\\\/#organization\"},\"potentialAction\":[{\"@type\":\"SearchAction\",\"target\":{\"@type\":\"EntryPoint\",\"urlTemplate\":\"https:\\\/\\\/www.sarlux.saras.it\\\/it\\\/?s={search_term_string}\"},\"query-input\":{\"@type\":\"PropertyValueSpecification\",\"valueRequired\":true,\"valueName\":\"search_term_string\"}}],\"inLanguage\":\"it-IT\"},{\"@type\":\"Organization\",\"@id\":\"https:\\\/\\\/www.sarlux.saras.it\\\/it\\\/#organization\",\"name\":\"Sarlux\",\"url\":\"https:\\\/\\\/www.sarlux.saras.it\\\/it\\\/\",\"logo\":{\"@type\":\"ImageObject\",\"inLanguage\":\"it-IT\",\"@id\":\"https:\\\/\\\/www.sarlux.saras.it\\\/it\\\/#\\\/schema\\\/logo\\\/image\\\/\",\"url\":\"https:\\\/\\\/www.sarlux.saras.it\\\/wp-content\\\/uploads\\\/2017\\\/12\\\/logo-pc-1.png\",\"contentUrl\":\"https:\\\/\\\/www.sarlux.saras.it\\\/wp-content\\\/uploads\\\/2017\\\/12\\\/logo-pc-1.png\",\"width\":184,\"height\":86,\"caption\":\"Sarlux\"},\"image\":{\"@id\":\"https:\\\/\\\/www.sarlux.saras.it\\\/it\\\/#\\\/schema\\\/logo\\\/image\\\/\"}},{\"@type\":\"Person\",\"@id\":\"https:\\\/\\\/www.sarlux.saras.it\\\/it\\\/#\\\/schema\\\/person\\\/bdb99fa4d691cca9dcdf7a04bca185c8\",\"name\":\"Elisabetta Marongiu\",\"image\":{\"@type\":\"ImageObject\",\"inLanguage\":\"it-IT\",\"@id\":\"https:\\\/\\\/secure.gravatar.com\\\/avatar\\\/b5d482e3eebd21f54b31387ebce7645a93699b5da9e3c3a7c894c8f30cd3e350?s=96&d=mm&r=g\",\"url\":\"https:\\\/\\\/secure.gravatar.com\\\/avatar\\\/b5d482e3eebd21f54b31387ebce7645a93699b5da9e3c3a7c894c8f30cd3e350?s=96&d=mm&r=g\",\"contentUrl\":\"https:\\\/\\\/secure.gravatar.com\\\/avatar\\\/b5d482e3eebd21f54b31387ebce7645a93699b5da9e3c3a7c894c8f30cd3e350?s=96&d=mm&r=g\",\"caption\":\"Elisabetta Marongiu\"},\"url\":\"\"}]}<\/script>\n<!-- \/ Yoast SEO plugin. -->","yoast_head_json":{"title":"Gruppo Saras: una lunga storia di resilienza nel territorio sardo","description":"Il 21 novembre si \u00e8 svolto a Cagliari il convegno\u00a0\u201cSapersi trasformare per rimanere vincenti\u201d organizzato da Saras con la collaborazione di The European House - Ambrosetti","robots":{"index":"index","follow":"follow","max-snippet":"max-snippet:-1","max-image-preview":"max-image-preview:large","max-video-preview":"max-video-preview:-1"},"canonical":"https:\/\/www.sarlux.saras.it\/it\/gruppo-saras-una-lunga-storia-di-resilienza-nel-territorio-sardo\/","og_locale":"it_IT","og_type":"article","og_title":"Gruppo Saras: una lunga storia di resilienza nel territorio sardo","og_description":"Il 21 novembre si \u00e8 svolto a Cagliari il convegno\u00a0\u201cSapersi trasformare per rimanere vincenti\u201d organizzato da Saras con la collaborazione di The European House - Ambrosetti","og_url":"https:\/\/www.sarlux.saras.it\/it\/gruppo-saras-una-lunga-storia-di-resilienza-nel-territorio-sardo\/","og_site_name":"Sarlux Saras | Refining & Power","article_published_time":"2018-11-28T09:08:13+00:00","article_modified_time":"2019-06-12T17:19:07+00:00","og_image":[{"width":1993,"height":902,"url":"https:\/\/www.sarlux.saras.it\/wp-content\/uploads\/2018\/11\/evento-Saras-21-11-2018.jpg","type":"image\/jpeg"}],"author":"Elisabetta Marongiu","twitter_card":"summary_large_image","twitter_misc":{"Scritto da":"Elisabetta Marongiu","Tempo di lettura stimato":"7 minuti"},"schema":{"@context":"https:\/\/schema.org","@graph":[{"@type":"Article","@id":"https:\/\/www.sarlux.saras.it\/it\/gruppo-saras-una-lunga-storia-di-resilienza-nel-territorio-sardo\/#article","isPartOf":{"@id":"https:\/\/www.sarlux.saras.it\/it\/gruppo-saras-una-lunga-storia-di-resilienza-nel-territorio-sardo\/"},"author":{"name":"Elisabetta Marongiu","@id":"https:\/\/www.sarlux.saras.it\/it\/#\/schema\/person\/bdb99fa4d691cca9dcdf7a04bca185c8"},"headline":"Gruppo Saras: una lunga storia di resilienza nel territorio sardo","datePublished":"2018-11-28T09:08:13+00:00","dateModified":"2019-06-12T17:19:07+00:00","mainEntityOfPage":{"@id":"https:\/\/www.sarlux.saras.it\/it\/gruppo-saras-una-lunga-storia-di-resilienza-nel-territorio-sardo\/"},"wordCount":1354,"commentCount":0,"publisher":{"@id":"https:\/\/www.sarlux.saras.it\/it\/#organization"},"image":{"@id":"https:\/\/www.sarlux.saras.it\/it\/gruppo-saras-una-lunga-storia-di-resilienza-nel-territorio-sardo\/#primaryimage"},"thumbnailUrl":"https:\/\/www.sarlux.saras.it\/wp-content\/uploads\/2018\/11\/evento-Saras-21-11-2018.jpg","keywords":["Gruppo Saras","Massimo Moratti","Studio Ambrosetti"],"articleSection":["home","News"],"inLanguage":"it-IT","potentialAction":[{"@type":"CommentAction","name":"Comment","target":["https:\/\/www.sarlux.saras.it\/it\/gruppo-saras-una-lunga-storia-di-resilienza-nel-territorio-sardo\/#respond"]}]},{"@type":"WebPage","@id":"https:\/\/www.sarlux.saras.it\/it\/gruppo-saras-una-lunga-storia-di-resilienza-nel-territorio-sardo\/","url":"https:\/\/www.sarlux.saras.it\/it\/gruppo-saras-una-lunga-storia-di-resilienza-nel-territorio-sardo\/","name":"Gruppo Saras: una lunga storia di resilienza nel territorio sardo","isPartOf":{"@id":"https:\/\/www.sarlux.saras.it\/it\/#website"},"primaryImageOfPage":{"@id":"https:\/\/www.sarlux.saras.it\/it\/gruppo-saras-una-lunga-storia-di-resilienza-nel-territorio-sardo\/#primaryimage"},"image":{"@id":"https:\/\/www.sarlux.saras.it\/it\/gruppo-saras-una-lunga-storia-di-resilienza-nel-territorio-sardo\/#primaryimage"},"thumbnailUrl":"https:\/\/www.sarlux.saras.it\/wp-content\/uploads\/2018\/11\/evento-Saras-21-11-2018.jpg","datePublished":"2018-11-28T09:08:13+00:00","dateModified":"2019-06-12T17:19:07+00:00","description":"Il 21 novembre si \u00e8 svolto a Cagliari il convegno\u00a0\u201cSapersi trasformare per rimanere vincenti\u201d organizzato da Saras con la collaborazione di The European House - Ambrosetti","breadcrumb":{"@id":"https:\/\/www.sarlux.saras.it\/it\/gruppo-saras-una-lunga-storia-di-resilienza-nel-territorio-sardo\/#breadcrumb"},"inLanguage":"it-IT","potentialAction":[{"@type":"ReadAction","target":["https:\/\/www.sarlux.saras.it\/it\/gruppo-saras-una-lunga-storia-di-resilienza-nel-territorio-sardo\/"]}]},{"@type":"ImageObject","inLanguage":"it-IT","@id":"https:\/\/www.sarlux.saras.it\/it\/gruppo-saras-una-lunga-storia-di-resilienza-nel-territorio-sardo\/#primaryimage","url":"https:\/\/www.sarlux.saras.it\/wp-content\/uploads\/2018\/11\/evento-Saras-21-11-2018.jpg","contentUrl":"https:\/\/www.sarlux.saras.it\/wp-content\/uploads\/2018\/11\/evento-Saras-21-11-2018.jpg","width":1993,"height":902},{"@type":"BreadcrumbList","@id":"https:\/\/www.sarlux.saras.it\/it\/gruppo-saras-una-lunga-storia-di-resilienza-nel-territorio-sardo\/#breadcrumb","itemListElement":[{"@type":"ListItem","position":1,"name":"Home","item":"https:\/\/www.sarlux.saras.it\/it\/"},{"@type":"ListItem","position":2,"name":"Gruppo Saras: una lunga storia di resilienza nel territorio sardo"}]},{"@type":"WebSite","@id":"https:\/\/www.sarlux.saras.it\/it\/#website","url":"https:\/\/www.sarlux.saras.it\/it\/","name":"Sarlux","description":"","publisher":{"@id":"https:\/\/www.sarlux.saras.it\/it\/#organization"},"potentialAction":[{"@type":"SearchAction","target":{"@type":"EntryPoint","urlTemplate":"https:\/\/www.sarlux.saras.it\/it\/?s={search_term_string}"},"query-input":{"@type":"PropertyValueSpecification","valueRequired":true,"valueName":"search_term_string"}}],"inLanguage":"it-IT"},{"@type":"Organization","@id":"https:\/\/www.sarlux.saras.it\/it\/#organization","name":"Sarlux","url":"https:\/\/www.sarlux.saras.it\/it\/","logo":{"@type":"ImageObject","inLanguage":"it-IT","@id":"https:\/\/www.sarlux.saras.it\/it\/#\/schema\/logo\/image\/","url":"https:\/\/www.sarlux.saras.it\/wp-content\/uploads\/2017\/12\/logo-pc-1.png","contentUrl":"https:\/\/www.sarlux.saras.it\/wp-content\/uploads\/2017\/12\/logo-pc-1.png","width":184,"height":86,"caption":"Sarlux"},"image":{"@id":"https:\/\/www.sarlux.saras.it\/it\/#\/schema\/logo\/image\/"}},{"@type":"Person","@id":"https:\/\/www.sarlux.saras.it\/it\/#\/schema\/person\/bdb99fa4d691cca9dcdf7a04bca185c8","name":"Elisabetta Marongiu","image":{"@type":"ImageObject","inLanguage":"it-IT","@id":"https:\/\/secure.gravatar.com\/avatar\/b5d482e3eebd21f54b31387ebce7645a93699b5da9e3c3a7c894c8f30cd3e350?s=96&d=mm&r=g","url":"https:\/\/secure.gravatar.com\/avatar\/b5d482e3eebd21f54b31387ebce7645a93699b5da9e3c3a7c894c8f30cd3e350?s=96&d=mm&r=g","contentUrl":"https:\/\/secure.gravatar.com\/avatar\/b5d482e3eebd21f54b31387ebce7645a93699b5da9e3c3a7c894c8f30cd3e350?s=96&d=mm&r=g","caption":"Elisabetta Marongiu"},"url":""}]}},"_links":{"self":[{"href":"https:\/\/www.sarlux.saras.it\/it\/wp-json\/wp\/v2\/posts\/529683","targetHints":{"allow":["GET"]}}],"collection":[{"href":"https:\/\/www.sarlux.saras.it\/it\/wp-json\/wp\/v2\/posts"}],"about":[{"href":"https:\/\/www.sarlux.saras.it\/it\/wp-json\/wp\/v2\/types\/post"}],"author":[{"embeddable":true,"href":"https:\/\/www.sarlux.saras.it\/it\/wp-json\/wp\/v2\/users\/8"}],"replies":[{"embeddable":true,"href":"https:\/\/www.sarlux.saras.it\/it\/wp-json\/wp\/v2\/comments?post=529683"}],"version-history":[{"count":35,"href":"https:\/\/www.sarlux.saras.it\/it\/wp-json\/wp\/v2\/posts\/529683\/revisions"}],"predecessor-version":[{"id":536798,"href":"https:\/\/www.sarlux.saras.it\/it\/wp-json\/wp\/v2\/posts\/529683\/revisions\/536798"}],"wp:featuredmedia":[{"embeddable":true,"href":"https:\/\/www.sarlux.saras.it\/it\/wp-json\/wp\/v2\/media\/529741"}],"wp:attachment":[{"href":"https:\/\/www.sarlux.saras.it\/it\/wp-json\/wp\/v2\/media?parent=529683"}],"wp:term":[{"taxonomy":"category","embeddable":true,"href":"https:\/\/www.sarlux.saras.it\/it\/wp-json\/wp\/v2\/categories?post=529683"},{"taxonomy":"post_tag","embeddable":true,"href":"https:\/\/www.sarlux.saras.it\/it\/wp-json\/wp\/v2\/tags?post=529683"}],"curies":[{"name":"wp","href":"https:\/\/api.w.org\/{rel}","templated":true}]}}