{"id":530224,"date":"2018-12-20T09:12:52","date_gmt":"2018-12-20T09:12:52","guid":{"rendered":"http:\/\/www.sarlux.saras.it\/?p=530224"},"modified":"2020-01-24T09:59:25","modified_gmt":"2020-01-24T09:59:25","slug":"saras-e-lo-sport-seminario-formativo-della-cagliari-football-academy","status":"publish","type":"post","link":"https:\/\/www.sarlux.saras.it\/it\/saras-e-lo-sport-seminario-formativo-della-cagliari-football-academy\/","title":{"rendered":"Saras e lo sport: seminario formativo della Cagliari Football Academy"},"content":{"rendered":"<div class=\"wpb-content-wrapper\"><p>[vc_row][vc_column width=&#8221;1\/6&#8243;][\/vc_column][vc_column width=&#8221;2\/3&#8243;][vc_single_image image=&#8221;530374&#8243; img_size=&#8221;full&#8221;][\/vc_column][vc_column width=&#8221;1\/6&#8243;][\/vc_column][\/vc_row][vc_row][vc_column][vc_column_text]Il progetto per i giovani portato avanti dal <strong>Gruppo Saras<\/strong> con\u00a0il Cagliari Calcio, nato per promuovere lo sviluppo del calcio giovanile in Sardegna e rafforzare e valorizzare il legame con il territorio, ha visto partecipare pi\u00f9 di 120 allenatori al\u00a0<strong>seminario della Cagliari Football Academy<\/strong>.[\/vc_column_text][\/vc_column][\/vc_row][vc_row][vc_column width=&#8221;1\/4&#8243;][vc_column_text]Gli istruttori sono arrivati al centro sportivo di Assemini da ogni parte della Sardegna, in rappresentanza delle oltre quaranta societ\u00e0 affiliate al club. <strong>Obiettivo del seminario \u00e8 quello di formare i tecnici<\/strong>, chiamati a indirizzare il corretto sviluppo psico-fisico dei giovani atleti \u2013 tra i 6 e i 12 anni \u2013 della Cagliari Football Academy. I lavori sono iniziati con i saluti dei responsabili della Football Academy, per poi dare spazio all\u2019intervento del responsabile del settore giovanile, Oscar Erriu, che ha illustrato la filosofia, l\u2019identit\u00e0 e le linee guida del vivaio rossobl\u00f9. Di seguito il responsabile dell\u2019attivit\u00e0 di base \u00e8 entrato pi\u00f9 nello specifico nelle metodologie di allenamento rivolte ai bambini della scuola calcio, mostrando una seduta tipo.[\/vc_column_text][\/vc_column][vc_column width=&#8221;3\/4&#8243;][vc_empty_space height=&#8221;16px&#8221;][vc_single_image image=&#8221;530253&#8243; img_size=&#8221;full&#8221; alignment=&#8221;center&#8221;][\/vc_column][\/vc_row][vc_row][vc_column][vc_column_text]Terminata la parte teorica, il seminario si \u00e8 spostato in campo dove gli allenatori delle affiliate hanno potuto vedere messe in pratica le nozioni apprese in aula grazie al coinvolgimento della squadra under 13 rossobl\u00f9. Un altro momento di <strong>impegno per la crescita dei giovanissimi atleti<\/strong>, sviluppato da Saras in ambito sportivo insieme al Cagliari Football Academy.[\/vc_column_text][\/vc_column][\/vc_row][vc_row disable_element=&#8221;yes&#8221;][vc_column width=&#8221;1\/4&#8243;][\/vc_column][vc_column width=&#8221;1\/2&#8243;][vc_empty_space][vc_single_image image=&#8221;530257&#8243; img_size=&#8221;full&#8221; alignment=&#8221;center&#8221;][\/vc_column][vc_column width=&#8221;1\/4&#8243;][\/vc_column][\/vc_row][vc_row][vc_column][vc_empty_space][\/vc_column][\/vc_row]<\/p>\n<\/div>","protected":false},"excerpt":{"rendered":"<p>Il progetto per i giovani portato avanti dal Gruppo Saras con il Cagliari Calcio, nato per promuovere lo sviluppo del calcio giovanile in Sardegna.<\/p>\n","protected":false},"author":8,"featured_media":530374,"comment_status":"closed","ping_status":"open","sticky":false,"template":"","format":"standard","meta":{"_acf_changed":false,"inline_featured_image":false,"footnotes":""},"categories":[17],"tags":[41],"class_list":["post-530224","post","type-post","status-publish","format-standard","has-post-thumbnail","hentry","category-news","tag-sport"],"acf":[],"yoast_head":"<!-- This site is optimized with the Yoast SEO plugin v27.3 - https:\/\/yoast.com\/product\/yoast-seo-wordpress\/ -->\n<title>Saras e lo sport: seminario formativo della Cagliari Football Academy<\/title>\n<meta name=\"description\" content=\"L&#039;obiettivo \u00e8 formare i tecnici, chiamati a indirizzare il corretto sviluppo psico-fisico dei giovani atleti \u2013 tra i 6 e i 12 anni \u2013 della Cagliari Football Academy.\" \/>\n<meta name=\"robots\" content=\"index, follow, max-snippet:-1, max-image-preview:large, max-video-preview:-1\" \/>\n<link rel=\"canonical\" href=\"https:\/\/www.sarlux.saras.it\/it\/saras-e-lo-sport-seminario-formativo-della-cagliari-football-academy\/\" \/>\n<meta property=\"og:locale\" content=\"it_IT\" \/>\n<meta property=\"og:type\" content=\"article\" \/>\n<meta property=\"og:title\" content=\"Saras e lo sport: seminario formativo della Cagliari Football Academy\" \/>\n<meta property=\"og:description\" content=\"L&#039;obiettivo \u00e8 formare i tecnici, chiamati a indirizzare il corretto sviluppo psico-fisico dei giovani atleti \u2013 tra i 6 e i 12 anni \u2013 della Cagliari Football Academy.\" \/>\n<meta property=\"og:url\" content=\"https:\/\/www.sarlux.saras.it\/it\/saras-e-lo-sport-seminario-formativo-della-cagliari-football-academy\/\" \/>\n<meta property=\"og:site_name\" content=\"Sarlux Saras | Refining &amp; Power\" \/>\n<meta property=\"article:published_time\" content=\"2018-12-20T09:12:52+00:00\" \/>\n<meta property=\"article:modified_time\" content=\"2020-01-24T09:59:25+00:00\" \/>\n<meta property=\"og:image\" content=\"https:\/\/www.sarlux.saras.it\/wp-content\/uploads\/2018\/12\/Cagliari-football-academy-Saras-Sarlux-1.jpg\" \/>\n\t<meta property=\"og:image:width\" content=\"1600\" \/>\n\t<meta property=\"og:image:height\" content=\"727\" \/>\n\t<meta property=\"og:image:type\" content=\"image\/jpeg\" \/>\n<meta name=\"author\" content=\"Elisabetta Marongiu\" \/>\n<meta name=\"twitter:card\" content=\"summary_large_image\" \/>\n<meta name=\"twitter:label1\" content=\"Scritto da\" \/>\n\t<meta name=\"twitter:data1\" content=\"Elisabetta Marongiu\" \/>\n\t<meta name=\"twitter:label2\" content=\"Tempo di lettura stimato\" \/>\n\t<meta name=\"twitter:data2\" content=\"2 minuti\" \/>\n<script type=\"application\/ld+json\" class=\"yoast-schema-graph\">{\"@context\":\"https:\\\/\\\/schema.org\",\"@graph\":[{\"@type\":\"Article\",\"@id\":\"https:\\\/\\\/www.sarlux.saras.it\\\/it\\\/saras-e-lo-sport-seminario-formativo-della-cagliari-football-academy\\\/#article\",\"isPartOf\":{\"@id\":\"https:\\\/\\\/www.sarlux.saras.it\\\/it\\\/saras-e-lo-sport-seminario-formativo-della-cagliari-football-academy\\\/\"},\"author\":{\"name\":\"Elisabetta Marongiu\",\"@id\":\"https:\\\/\\\/www.sarlux.saras.it\\\/it\\\/#\\\/schema\\\/person\\\/bdb99fa4d691cca9dcdf7a04bca185c8\"},\"headline\":\"Saras e lo sport: seminario formativo della Cagliari Football Academy\",\"datePublished\":\"2018-12-20T09:12:52+00:00\",\"dateModified\":\"2020-01-24T09:59:25+00:00\",\"mainEntityOfPage\":{\"@id\":\"https:\\\/\\\/www.sarlux.saras.it\\\/it\\\/saras-e-lo-sport-seminario-formativo-della-cagliari-football-academy\\\/\"},\"wordCount\":358,\"publisher\":{\"@id\":\"https:\\\/\\\/www.sarlux.saras.it\\\/it\\\/#organization\"},\"image\":{\"@id\":\"https:\\\/\\\/www.sarlux.saras.it\\\/it\\\/saras-e-lo-sport-seminario-formativo-della-cagliari-football-academy\\\/#primaryimage\"},\"thumbnailUrl\":\"https:\\\/\\\/www.sarlux.saras.it\\\/wp-content\\\/uploads\\\/2018\\\/12\\\/Cagliari-football-academy-Saras-Sarlux-1.jpg\",\"keywords\":[\"Sport\"],\"articleSection\":[\"News\"],\"inLanguage\":\"it-IT\"},{\"@type\":\"WebPage\",\"@id\":\"https:\\\/\\\/www.sarlux.saras.it\\\/it\\\/saras-e-lo-sport-seminario-formativo-della-cagliari-football-academy\\\/\",\"url\":\"https:\\\/\\\/www.sarlux.saras.it\\\/it\\\/saras-e-lo-sport-seminario-formativo-della-cagliari-football-academy\\\/\",\"name\":\"Saras e lo sport: seminario formativo della Cagliari Football Academy\",\"isPartOf\":{\"@id\":\"https:\\\/\\\/www.sarlux.saras.it\\\/it\\\/#website\"},\"primaryImageOfPage\":{\"@id\":\"https:\\\/\\\/www.sarlux.saras.it\\\/it\\\/saras-e-lo-sport-seminario-formativo-della-cagliari-football-academy\\\/#primaryimage\"},\"image\":{\"@id\":\"https:\\\/\\\/www.sarlux.saras.it\\\/it\\\/saras-e-lo-sport-seminario-formativo-della-cagliari-football-academy\\\/#primaryimage\"},\"thumbnailUrl\":\"https:\\\/\\\/www.sarlux.saras.it\\\/wp-content\\\/uploads\\\/2018\\\/12\\\/Cagliari-football-academy-Saras-Sarlux-1.jpg\",\"datePublished\":\"2018-12-20T09:12:52+00:00\",\"dateModified\":\"2020-01-24T09:59:25+00:00\",\"description\":\"L'obiettivo \u00e8 formare i tecnici, chiamati a indirizzare il corretto sviluppo psico-fisico dei giovani atleti \u2013 tra i 6 e i 12 anni \u2013 della Cagliari Football Academy.\",\"breadcrumb\":{\"@id\":\"https:\\\/\\\/www.sarlux.saras.it\\\/it\\\/saras-e-lo-sport-seminario-formativo-della-cagliari-football-academy\\\/#breadcrumb\"},\"inLanguage\":\"it-IT\",\"potentialAction\":[{\"@type\":\"ReadAction\",\"target\":[\"https:\\\/\\\/www.sarlux.saras.it\\\/it\\\/saras-e-lo-sport-seminario-formativo-della-cagliari-football-academy\\\/\"]}]},{\"@type\":\"ImageObject\",\"inLanguage\":\"it-IT\",\"@id\":\"https:\\\/\\\/www.sarlux.saras.it\\\/it\\\/saras-e-lo-sport-seminario-formativo-della-cagliari-football-academy\\\/#primaryimage\",\"url\":\"https:\\\/\\\/www.sarlux.saras.it\\\/wp-content\\\/uploads\\\/2018\\\/12\\\/Cagliari-football-academy-Saras-Sarlux-1.jpg\",\"contentUrl\":\"https:\\\/\\\/www.sarlux.saras.it\\\/wp-content\\\/uploads\\\/2018\\\/12\\\/Cagliari-football-academy-Saras-Sarlux-1.jpg\",\"width\":1600,\"height\":727},{\"@type\":\"BreadcrumbList\",\"@id\":\"https:\\\/\\\/www.sarlux.saras.it\\\/it\\\/saras-e-lo-sport-seminario-formativo-della-cagliari-football-academy\\\/#breadcrumb\",\"itemListElement\":[{\"@type\":\"ListItem\",\"position\":1,\"name\":\"Home\",\"item\":\"https:\\\/\\\/www.sarlux.saras.it\\\/it\\\/\"},{\"@type\":\"ListItem\",\"position\":2,\"name\":\"Saras e lo sport: seminario formativo della Cagliari Football Academy\"}]},{\"@type\":\"WebSite\",\"@id\":\"https:\\\/\\\/www.sarlux.saras.it\\\/it\\\/#website\",\"url\":\"https:\\\/\\\/www.sarlux.saras.it\\\/it\\\/\",\"name\":\"Sarlux\",\"description\":\"\",\"publisher\":{\"@id\":\"https:\\\/\\\/www.sarlux.saras.it\\\/it\\\/#organization\"},\"potentialAction\":[{\"@type\":\"SearchAction\",\"target\":{\"@type\":\"EntryPoint\",\"urlTemplate\":\"https:\\\/\\\/www.sarlux.saras.it\\\/it\\\/?s={search_term_string}\"},\"query-input\":{\"@type\":\"PropertyValueSpecification\",\"valueRequired\":true,\"valueName\":\"search_term_string\"}}],\"inLanguage\":\"it-IT\"},{\"@type\":\"Organization\",\"@id\":\"https:\\\/\\\/www.sarlux.saras.it\\\/it\\\/#organization\",\"name\":\"Sarlux\",\"url\":\"https:\\\/\\\/www.sarlux.saras.it\\\/it\\\/\",\"logo\":{\"@type\":\"ImageObject\",\"inLanguage\":\"it-IT\",\"@id\":\"https:\\\/\\\/www.sarlux.saras.it\\\/it\\\/#\\\/schema\\\/logo\\\/image\\\/\",\"url\":\"https:\\\/\\\/www.sarlux.saras.it\\\/wp-content\\\/uploads\\\/2017\\\/12\\\/logo-pc-1.png\",\"contentUrl\":\"https:\\\/\\\/www.sarlux.saras.it\\\/wp-content\\\/uploads\\\/2017\\\/12\\\/logo-pc-1.png\",\"width\":184,\"height\":86,\"caption\":\"Sarlux\"},\"image\":{\"@id\":\"https:\\\/\\\/www.sarlux.saras.it\\\/it\\\/#\\\/schema\\\/logo\\\/image\\\/\"}},{\"@type\":\"Person\",\"@id\":\"https:\\\/\\\/www.sarlux.saras.it\\\/it\\\/#\\\/schema\\\/person\\\/bdb99fa4d691cca9dcdf7a04bca185c8\",\"name\":\"Elisabetta Marongiu\",\"image\":{\"@type\":\"ImageObject\",\"inLanguage\":\"it-IT\",\"@id\":\"https:\\\/\\\/secure.gravatar.com\\\/avatar\\\/b5d482e3eebd21f54b31387ebce7645a93699b5da9e3c3a7c894c8f30cd3e350?s=96&d=mm&r=g\",\"url\":\"https:\\\/\\\/secure.gravatar.com\\\/avatar\\\/b5d482e3eebd21f54b31387ebce7645a93699b5da9e3c3a7c894c8f30cd3e350?s=96&d=mm&r=g\",\"contentUrl\":\"https:\\\/\\\/secure.gravatar.com\\\/avatar\\\/b5d482e3eebd21f54b31387ebce7645a93699b5da9e3c3a7c894c8f30cd3e350?s=96&d=mm&r=g\",\"caption\":\"Elisabetta Marongiu\"},\"url\":\"\"}]}<\/script>\n<!-- \/ Yoast SEO plugin. -->","yoast_head_json":{"title":"Saras e lo sport: seminario formativo della Cagliari Football Academy","description":"L'obiettivo \u00e8 formare i tecnici, chiamati a indirizzare il corretto sviluppo psico-fisico dei giovani atleti \u2013 tra i 6 e i 12 anni \u2013 della Cagliari Football Academy.","robots":{"index":"index","follow":"follow","max-snippet":"max-snippet:-1","max-image-preview":"max-image-preview:large","max-video-preview":"max-video-preview:-1"},"canonical":"https:\/\/www.sarlux.saras.it\/it\/saras-e-lo-sport-seminario-formativo-della-cagliari-football-academy\/","og_locale":"it_IT","og_type":"article","og_title":"Saras e lo sport: seminario formativo della Cagliari Football Academy","og_description":"L'obiettivo \u00e8 formare i tecnici, chiamati a indirizzare il corretto sviluppo psico-fisico dei giovani atleti \u2013 tra i 6 e i 12 anni \u2013 della Cagliari Football Academy.","og_url":"https:\/\/www.sarlux.saras.it\/it\/saras-e-lo-sport-seminario-formativo-della-cagliari-football-academy\/","og_site_name":"Sarlux Saras | Refining & Power","article_published_time":"2018-12-20T09:12:52+00:00","article_modified_time":"2020-01-24T09:59:25+00:00","og_image":[{"width":1600,"height":727,"url":"https:\/\/www.sarlux.saras.it\/wp-content\/uploads\/2018\/12\/Cagliari-football-academy-Saras-Sarlux-1.jpg","type":"image\/jpeg"}],"author":"Elisabetta Marongiu","twitter_card":"summary_large_image","twitter_misc":{"Scritto da":"Elisabetta Marongiu","Tempo di lettura stimato":"2 minuti"},"schema":{"@context":"https:\/\/schema.org","@graph":[{"@type":"Article","@id":"https:\/\/www.sarlux.saras.it\/it\/saras-e-lo-sport-seminario-formativo-della-cagliari-football-academy\/#article","isPartOf":{"@id":"https:\/\/www.sarlux.saras.it\/it\/saras-e-lo-sport-seminario-formativo-della-cagliari-football-academy\/"},"author":{"name":"Elisabetta Marongiu","@id":"https:\/\/www.sarlux.saras.it\/it\/#\/schema\/person\/bdb99fa4d691cca9dcdf7a04bca185c8"},"headline":"Saras e lo sport: seminario formativo della Cagliari Football Academy","datePublished":"2018-12-20T09:12:52+00:00","dateModified":"2020-01-24T09:59:25+00:00","mainEntityOfPage":{"@id":"https:\/\/www.sarlux.saras.it\/it\/saras-e-lo-sport-seminario-formativo-della-cagliari-football-academy\/"},"wordCount":358,"publisher":{"@id":"https:\/\/www.sarlux.saras.it\/it\/#organization"},"image":{"@id":"https:\/\/www.sarlux.saras.it\/it\/saras-e-lo-sport-seminario-formativo-della-cagliari-football-academy\/#primaryimage"},"thumbnailUrl":"https:\/\/www.sarlux.saras.it\/wp-content\/uploads\/2018\/12\/Cagliari-football-academy-Saras-Sarlux-1.jpg","keywords":["Sport"],"articleSection":["News"],"inLanguage":"it-IT"},{"@type":"WebPage","@id":"https:\/\/www.sarlux.saras.it\/it\/saras-e-lo-sport-seminario-formativo-della-cagliari-football-academy\/","url":"https:\/\/www.sarlux.saras.it\/it\/saras-e-lo-sport-seminario-formativo-della-cagliari-football-academy\/","name":"Saras e lo sport: seminario formativo della Cagliari Football Academy","isPartOf":{"@id":"https:\/\/www.sarlux.saras.it\/it\/#website"},"primaryImageOfPage":{"@id":"https:\/\/www.sarlux.saras.it\/it\/saras-e-lo-sport-seminario-formativo-della-cagliari-football-academy\/#primaryimage"},"image":{"@id":"https:\/\/www.sarlux.saras.it\/it\/saras-e-lo-sport-seminario-formativo-della-cagliari-football-academy\/#primaryimage"},"thumbnailUrl":"https:\/\/www.sarlux.saras.it\/wp-content\/uploads\/2018\/12\/Cagliari-football-academy-Saras-Sarlux-1.jpg","datePublished":"2018-12-20T09:12:52+00:00","dateModified":"2020-01-24T09:59:25+00:00","description":"L'obiettivo \u00e8 formare i tecnici, chiamati a indirizzare il corretto sviluppo psico-fisico dei giovani atleti \u2013 tra i 6 e i 12 anni \u2013 della Cagliari Football Academy.","breadcrumb":{"@id":"https:\/\/www.sarlux.saras.it\/it\/saras-e-lo-sport-seminario-formativo-della-cagliari-football-academy\/#breadcrumb"},"inLanguage":"it-IT","potentialAction":[{"@type":"ReadAction","target":["https:\/\/www.sarlux.saras.it\/it\/saras-e-lo-sport-seminario-formativo-della-cagliari-football-academy\/"]}]},{"@type":"ImageObject","inLanguage":"it-IT","@id":"https:\/\/www.sarlux.saras.it\/it\/saras-e-lo-sport-seminario-formativo-della-cagliari-football-academy\/#primaryimage","url":"https:\/\/www.sarlux.saras.it\/wp-content\/uploads\/2018\/12\/Cagliari-football-academy-Saras-Sarlux-1.jpg","contentUrl":"https:\/\/www.sarlux.saras.it\/wp-content\/uploads\/2018\/12\/Cagliari-football-academy-Saras-Sarlux-1.jpg","width":1600,"height":727},{"@type":"BreadcrumbList","@id":"https:\/\/www.sarlux.saras.it\/it\/saras-e-lo-sport-seminario-formativo-della-cagliari-football-academy\/#breadcrumb","itemListElement":[{"@type":"ListItem","position":1,"name":"Home","item":"https:\/\/www.sarlux.saras.it\/it\/"},{"@type":"ListItem","position":2,"name":"Saras e lo sport: seminario formativo della Cagliari Football Academy"}]},{"@type":"WebSite","@id":"https:\/\/www.sarlux.saras.it\/it\/#website","url":"https:\/\/www.sarlux.saras.it\/it\/","name":"Sarlux","description":"","publisher":{"@id":"https:\/\/www.sarlux.saras.it\/it\/#organization"},"potentialAction":[{"@type":"SearchAction","target":{"@type":"EntryPoint","urlTemplate":"https:\/\/www.sarlux.saras.it\/it\/?s={search_term_string}"},"query-input":{"@type":"PropertyValueSpecification","valueRequired":true,"valueName":"search_term_string"}}],"inLanguage":"it-IT"},{"@type":"Organization","@id":"https:\/\/www.sarlux.saras.it\/it\/#organization","name":"Sarlux","url":"https:\/\/www.sarlux.saras.it\/it\/","logo":{"@type":"ImageObject","inLanguage":"it-IT","@id":"https:\/\/www.sarlux.saras.it\/it\/#\/schema\/logo\/image\/","url":"https:\/\/www.sarlux.saras.it\/wp-content\/uploads\/2017\/12\/logo-pc-1.png","contentUrl":"https:\/\/www.sarlux.saras.it\/wp-content\/uploads\/2017\/12\/logo-pc-1.png","width":184,"height":86,"caption":"Sarlux"},"image":{"@id":"https:\/\/www.sarlux.saras.it\/it\/#\/schema\/logo\/image\/"}},{"@type":"Person","@id":"https:\/\/www.sarlux.saras.it\/it\/#\/schema\/person\/bdb99fa4d691cca9dcdf7a04bca185c8","name":"Elisabetta Marongiu","image":{"@type":"ImageObject","inLanguage":"it-IT","@id":"https:\/\/secure.gravatar.com\/avatar\/b5d482e3eebd21f54b31387ebce7645a93699b5da9e3c3a7c894c8f30cd3e350?s=96&d=mm&r=g","url":"https:\/\/secure.gravatar.com\/avatar\/b5d482e3eebd21f54b31387ebce7645a93699b5da9e3c3a7c894c8f30cd3e350?s=96&d=mm&r=g","contentUrl":"https:\/\/secure.gravatar.com\/avatar\/b5d482e3eebd21f54b31387ebce7645a93699b5da9e3c3a7c894c8f30cd3e350?s=96&d=mm&r=g","caption":"Elisabetta Marongiu"},"url":""}]}},"_links":{"self":[{"href":"https:\/\/www.sarlux.saras.it\/it\/wp-json\/wp\/v2\/posts\/530224","targetHints":{"allow":["GET"]}}],"collection":[{"href":"https:\/\/www.sarlux.saras.it\/it\/wp-json\/wp\/v2\/posts"}],"about":[{"href":"https:\/\/www.sarlux.saras.it\/it\/wp-json\/wp\/v2\/types\/post"}],"author":[{"embeddable":true,"href":"https:\/\/www.sarlux.saras.it\/it\/wp-json\/wp\/v2\/users\/8"}],"replies":[{"embeddable":true,"href":"https:\/\/www.sarlux.saras.it\/it\/wp-json\/wp\/v2\/comments?post=530224"}],"version-history":[{"count":11,"href":"https:\/\/www.sarlux.saras.it\/it\/wp-json\/wp\/v2\/posts\/530224\/revisions"}],"predecessor-version":[{"id":537400,"href":"https:\/\/www.sarlux.saras.it\/it\/wp-json\/wp\/v2\/posts\/530224\/revisions\/537400"}],"wp:featuredmedia":[{"embeddable":true,"href":"https:\/\/www.sarlux.saras.it\/it\/wp-json\/wp\/v2\/media\/530374"}],"wp:attachment":[{"href":"https:\/\/www.sarlux.saras.it\/it\/wp-json\/wp\/v2\/media?parent=530224"}],"wp:term":[{"taxonomy":"category","embeddable":true,"href":"https:\/\/www.sarlux.saras.it\/it\/wp-json\/wp\/v2\/categories?post=530224"},{"taxonomy":"post_tag","embeddable":true,"href":"https:\/\/www.sarlux.saras.it\/it\/wp-json\/wp\/v2\/tags?post=530224"}],"curies":[{"name":"wp","href":"https:\/\/api.w.org\/{rel}","templated":true}]}}