{"id":532656,"date":"2019-03-13T15:37:03","date_gmt":"2019-03-13T15:37:03","guid":{"rendered":"http:\/\/www.sarlux.saras.it\/?p=532656"},"modified":"2019-03-14T10:03:48","modified_gmt":"2019-03-14T10:03:48","slug":"sinergie-sistema-formativo","status":"publish","type":"post","link":"https:\/\/www.sarlux.saras.it\/it\/sinergie-sistema-formativo\/","title":{"rendered":"Sinergie con il sistema formativo"},"content":{"rendered":"<div class=\"wpb-content-wrapper\"><p>[vc_row][vc_column][vc_column_text]II <strong>Gruppo Saras<\/strong> \u00e8 impegnato in <strong>iniziative e progetti utili a sostenere il tessuto sociale, la storia e le tradizioni del territorio<\/strong>, consapevole che lo sviluppo d\u2019impresa non pu\u00f2 prescindere dallo sviluppo del territorio in cui l\u2019azienda opera.<\/p>\n<p>In questo contesto uno degli obiettivi di maggiore impegno \u00e8 <strong>diffondere la cultura d&#8217;impresa<\/strong> e promuovere attivit\u00e0 di formazione per gli studenti delle scuole superiori e dell&#8217;Universit\u00e0, per favorire uno sviluppo sociale che non pu\u00f2 prescindere dai temi del lavoro, della sostenibilit\u00e0 e della crescita economica.[\/vc_column_text][\/vc_column][\/vc_row][vc_row css=&#8221;.vc_custom_1548956890690{padding-top: 16px !important;padding-bottom: 16px !important;}&#8221;][vc_column width=&#8221;2\/3&#8243;][vc_single_image image=&#8221;533534&#8243; img_size=&#8221;full&#8221; alignment=&#8221;center&#8221;][\/vc_column][vc_column width=&#8221;1\/3&#8243;][\/vc_column][\/vc_row][vc_row][vc_column][vc_column_text]<strong>Universit\u00e0<\/strong><\/p>\n<p>Collaboriamo da anni con l\u2019Universit\u00e0 di Cagliari per contribuire allo sviluppo dell\u2019attivit\u00e0 di ricerca e alla formazione di <strong>figure professionali e specializzate. <\/strong>Per questo la capogruppo Saras rinnova periodicamente un <strong>protocollo di intesa per lo scambio di know-how<\/strong>, per promuovere l\u2019<strong>innovazione scientifica e tecnologica<\/strong> e per favorire il radicamento di nuovi ingegni nell\u2019isola.<\/p>\n<p>L\u2019apporto scientifico e tecnologico viene trasmesso da manager e ingegneri Sarlux in varie modalit\u00e0 come: seminari, tirocini, tesi di laurea, lezioni ex cathedra, stage in Sarlux, master post laurea e sosteniamo gli studenti meritevoli con borse di studio.<\/p>\n<p>&nbsp;<\/p>\n<p><strong>Scuole secondarie<\/strong><\/p>\n<p>In questi ultimi anni abbiamo contribuito ai progetti ministeriali di <strong>Alternanza Scuola Lavoro<\/strong>, tra il 2013 e il 2018, oltre <strong>550 ragazzi della secondaria<\/strong> hanno varcato i confini del sito industriale Sarlux<em>,<\/em> per osservare da vicino la realt\u00e0 di una grande azienda.<\/p>\n<p>Tecnici e manager Sarlux tengono\u00a0<strong>conferenze<\/strong> e <strong>seminari<\/strong> su temi di sicurezza, ambiente, processi produttivi, ICT, organizzazione aziendale, approfondendo i temi dell\u2019<strong>Industry 4.0 <\/strong>e dell\u2019applicazione dell\u2019<strong>innovazione nell\u2019industria della raffinazione<\/strong>.<\/p>\n<p>Ci attiviamo per promuovere <strong>concorsi<\/strong>\u00a0in cui gli studenti possono realizzare e sperimentare nuove tecnologie e idee innovative.<\/p>\n<p>Continua da molti anni, il supporto di Sarlux per incentivare il diritto allo studio. All\u2019istituto comprensivo statale di Sarroch forniamo <strong>libri di testo<\/strong>, donati in comodato e poi, in coerenza con la cultura della sostenibilit\u00e0, ad altri istituti, ma anche <strong>tablet<\/strong> e <strong>aule informatiche dedicate<\/strong>, per arrivare preparati al futuro digitale.[\/vc_column_text][vc_empty_space][vc_column_text css=&#8221;.vc_custom_1552407267625{padding-top: 10px !important;padding-bottom: 10px !important;background-color: #0056a6 !important;}&#8221;]<\/p>\n<h4 style=\"text-align: center;\"><span style=\"color: #f5f5f5;\">professionalit\u00e0 e managerialit\u00e0 per le nuove generazioni della Sardegna<\/span><\/h4>\n<p>[\/vc_column_text][\/vc_column][\/vc_row][vc_row css=&#8221;.vc_custom_1548956890690{padding-top: 16px !important;padding-bottom: 16px !important;}&#8221;][vc_column width=&#8221;1\/4&#8243;][vc_single_image image=&#8221;533582&#8243; img_size=&#8221;158&#215;150&#8243; alignment=&#8221;center&#8221;][vc_column_text]<\/p>\n<h4 style=\"text-align: center;\">universit\u00e0<\/h4>\n<p>[\/vc_column_text][vc_column_text]<\/p>\n<p style=\"text-align: center;\"><strong>Master post laurea<\/strong><br \/>\n<strong>Borse di studio<\/strong><br \/>\n<strong>Seminari<\/strong><br \/>\n<strong>Tirocini<\/strong><br \/>\n<strong>Tesi di laurea<\/strong><br \/>\n<strong>Lezioni ex cathedra<\/strong><\/p>\n<p>[\/vc_column_text][\/vc_column][vc_column width=&#8221;1\/4&#8243;][vc_single_image image=&#8221;533592&#8243; img_size=&#8221;158&#215;150&#8243; alignment=&#8221;center&#8221;][vc_column_text]<\/p>\n<h4 style=\"text-align: center;\">licei e istituti tecnici<\/h4>\n<p>[\/vc_column_text][vc_column_text]<\/p>\n<p style=\"text-align: center;\"><strong>Alternanza Scuola\/Lavoro<\/strong><br \/>\n<strong>Concorsi<\/strong><br \/>\n<strong>Conferenze<\/strong><\/p>\n<p>[\/vc_column_text][\/vc_column][vc_column width=&#8221;1\/4&#8243;][vc_single_image image=&#8221;533596&#8243; img_size=&#8221;158&#215;150&#8243; alignment=&#8221;center&#8221;][vc_column_text]<\/p>\n<h4 style=\"text-align: center;\">scuole medie<\/h4>\n<p>[\/vc_column_text][vc_column_text]<\/p>\n<p style=\"text-align: center;\"><strong>Concorsi<\/strong><br \/>\n<strong>Conferenze<\/strong><br \/>\n<strong>Seminari<\/strong><br \/>\n<strong>Diritto allo studio<\/strong><\/p>\n<p>[\/vc_column_text][\/vc_column][vc_column width=&#8221;1\/4&#8243;][vc_single_image image=&#8221;533588&#8243; img_size=&#8221;158&#215;150&#8243; alignment=&#8221;center&#8221;][vc_column_text]<\/p>\n<h4 style=\"text-align: center;\">scuole elementari<\/h4>\n<p>[\/vc_column_text][vc_column_text]<\/p>\n<p style=\"text-align: center;\"><strong>Laboratori didattici<\/strong><\/p>\n<p>[\/vc_column_text][\/vc_column][\/vc_row][vc_row css=&#8221;.vc_custom_1548956890690{padding-top: 16px !important;padding-bottom: 16px !important;}&#8221;][vc_column][vc_text_separator title=&#8221;per tutti gli ordini scolastici&#8221; color=&#8221;custom&#8221; accent_color=&#8221;#0056a6&#8243;][vc_column_text css=&#8221;.vc_custom_1552557819245{border-bottom-width: 2px !important;padding-bottom: 4px !important;border-bottom-color: #0056a6 !important;border-bottom-style: solid !important;}&#8221;]<\/p>\n<p style=\"text-align: center;\">Borse di studio erogate tramite CRAL aziendale Saras per i figli dei dipendenti<\/p>\n<p>[\/vc_column_text][vc_empty_space][\/vc_column][\/vc_row][vc_row css=&#8221;.vc_custom_1548938009109{padding-top: 10px !important;}&#8221;][vc_column][vc_column_text]Il Gruppo Saras \u00e8 uno dei principali operatori Europei nella raffinazione del petrolio ed \u00e8 attivo anche nel settore della produzione di energia elettrica. Direttamente e attraverso le proprie controllate, il Gruppo vende e distribuisce prodotti petroliferi nei mercati nazionali e internazionali. Inoltre, il Gruppo produce e vende energia elettrica attraverso le controllate Sarlux Srl (impianto IGCC) e Sardeolica Srl (parco eolico). Il Gruppo offre poi servizi di ingegneria industriale e di ricerca per il settore petrolifero, dell\u2019energia e dell\u2019ambiente attraverso la controllata Sartec Srl.[\/vc_column_text][\/vc_column][\/vc_row][vc_row][vc_column][vc_empty_space height=&#8221;64px&#8221;][\/vc_column][\/vc_row]<\/p>\n<\/div>","protected":false},"excerpt":{"rendered":"<p>Saras sostiene il tessuto sociale del territorio, consapevole che lo sviluppo d\u2019impresa non pu\u00f2 prescindere dallo sviluppo del territorio in cui si opera.<\/p>\n","protected":false},"author":8,"featured_media":533534,"comment_status":"open","ping_status":"open","sticky":false,"template":"","format":"standard","meta":{"_acf_changed":false,"inline_featured_image":false,"footnotes":""},"categories":[26,17],"tags":[138,35,135,97,29,141,123,120,108,105,53,132,126,114,65],"class_list":["post-532656","post","type-post","status-publish","format-standard","has-post-thumbnail","hentry","category-home-it","category-news","tag-cultura","tag-educazione","tag-formazione","tag-gruppo-saras","tag-impegno-sociale","tag-impresa","tag-investimenti","tag-lavoro","tag-raffineria","tag-sardegna","tag-sarlux","tag-scuola","tag-sviluppo","tag-territorio","tag-universita"],"acf":[],"yoast_head":"<!-- This site is optimized with the Yoast SEO plugin v27.3 - https:\/\/yoast.com\/product\/yoast-seo-wordpress\/ -->\n<title>Gruppo Saras: una lunga storia di resilienza nel territorio sardo<\/title>\n<meta name=\"description\" content=\"Il 21 novembre si \u00e8 svolto a Cagliari il convegno\u00a0\u201cSapersi trasformare per rimanere vincenti\u201d organizzato da Saras con la collaborazione di The European House - Ambrosetti\" \/>\n<meta name=\"robots\" content=\"index, follow, max-snippet:-1, max-image-preview:large, max-video-preview:-1\" \/>\n<link rel=\"canonical\" href=\"https:\/\/www.sarlux.saras.it\/it\/sinergie-sistema-formativo\/\" \/>\n<meta property=\"og:locale\" content=\"it_IT\" \/>\n<meta property=\"og:type\" content=\"article\" \/>\n<meta property=\"og:title\" content=\"Gruppo Saras: una lunga storia di resilienza nel territorio sardo\" \/>\n<meta property=\"og:description\" content=\"Il 21 novembre si \u00e8 svolto a Cagliari il convegno\u00a0\u201cSapersi trasformare per rimanere vincenti\u201d organizzato da Saras con la collaborazione di The European House - Ambrosetti\" \/>\n<meta property=\"og:url\" content=\"https:\/\/www.sarlux.saras.it\/it\/sinergie-sistema-formativo\/\" \/>\n<meta property=\"og:site_name\" content=\"Sarlux Saras | Refining &amp; Power\" \/>\n<meta property=\"article:published_time\" content=\"2019-03-13T15:37:03+00:00\" \/>\n<meta property=\"article:modified_time\" content=\"2019-03-14T10:03:48+00:00\" \/>\n<meta property=\"og:image\" content=\"https:\/\/www.sarlux.saras.it\/wp-content\/uploads\/2019\/03\/Sarlux-formazione-giovani.jpg\" \/>\n\t<meta property=\"og:image:width\" content=\"990\" \/>\n\t<meta property=\"og:image:height\" content=\"450\" \/>\n\t<meta property=\"og:image:type\" content=\"image\/jpeg\" \/>\n<meta name=\"author\" content=\"Elisabetta Marongiu\" \/>\n<meta name=\"twitter:card\" content=\"summary_large_image\" \/>\n<meta name=\"twitter:label1\" content=\"Scritto da\" \/>\n\t<meta name=\"twitter:data1\" content=\"Elisabetta Marongiu\" \/>\n\t<meta name=\"twitter:label2\" content=\"Tempo di lettura stimato\" \/>\n\t<meta name=\"twitter:data2\" content=\"4 minuti\" \/>\n<script type=\"application\/ld+json\" class=\"yoast-schema-graph\">{\"@context\":\"https:\\\/\\\/schema.org\",\"@graph\":[{\"@type\":\"Article\",\"@id\":\"https:\\\/\\\/www.sarlux.saras.it\\\/it\\\/sinergie-sistema-formativo\\\/#article\",\"isPartOf\":{\"@id\":\"https:\\\/\\\/www.sarlux.saras.it\\\/it\\\/sinergie-sistema-formativo\\\/\"},\"author\":{\"name\":\"Elisabetta Marongiu\",\"@id\":\"https:\\\/\\\/www.sarlux.saras.it\\\/it\\\/#\\\/schema\\\/person\\\/bdb99fa4d691cca9dcdf7a04bca185c8\"},\"headline\":\"Sinergie con il sistema formativo\",\"datePublished\":\"2019-03-13T15:37:03+00:00\",\"dateModified\":\"2019-03-14T10:03:48+00:00\",\"mainEntityOfPage\":{\"@id\":\"https:\\\/\\\/www.sarlux.saras.it\\\/it\\\/sinergie-sistema-formativo\\\/\"},\"wordCount\":759,\"commentCount\":0,\"publisher\":{\"@id\":\"https:\\\/\\\/www.sarlux.saras.it\\\/it\\\/#organization\"},\"image\":{\"@id\":\"https:\\\/\\\/www.sarlux.saras.it\\\/it\\\/sinergie-sistema-formativo\\\/#primaryimage\"},\"thumbnailUrl\":\"https:\\\/\\\/www.sarlux.saras.it\\\/wp-content\\\/uploads\\\/2019\\\/03\\\/Sarlux-formazione-giovani.jpg\",\"keywords\":[\"cultura\",\"Educazione\",\"formazione\",\"Gruppo Saras\",\"Impegno sociale\",\"impresa\",\"investimenti\",\"lavoro\",\"raffineria\",\"sardegna\",\"Sarlux\",\"scuola\",\"sviluppo\",\"territorio\",\"Universit\u00e0\"],\"articleSection\":[\"home\",\"News\"],\"inLanguage\":\"it-IT\",\"potentialAction\":[{\"@type\":\"CommentAction\",\"name\":\"Comment\",\"target\":[\"https:\\\/\\\/www.sarlux.saras.it\\\/it\\\/sinergie-sistema-formativo\\\/#respond\"]}]},{\"@type\":\"WebPage\",\"@id\":\"https:\\\/\\\/www.sarlux.saras.it\\\/it\\\/sinergie-sistema-formativo\\\/\",\"url\":\"https:\\\/\\\/www.sarlux.saras.it\\\/it\\\/sinergie-sistema-formativo\\\/\",\"name\":\"Gruppo Saras: una lunga storia di resilienza nel territorio sardo\",\"isPartOf\":{\"@id\":\"https:\\\/\\\/www.sarlux.saras.it\\\/it\\\/#website\"},\"primaryImageOfPage\":{\"@id\":\"https:\\\/\\\/www.sarlux.saras.it\\\/it\\\/sinergie-sistema-formativo\\\/#primaryimage\"},\"image\":{\"@id\":\"https:\\\/\\\/www.sarlux.saras.it\\\/it\\\/sinergie-sistema-formativo\\\/#primaryimage\"},\"thumbnailUrl\":\"https:\\\/\\\/www.sarlux.saras.it\\\/wp-content\\\/uploads\\\/2019\\\/03\\\/Sarlux-formazione-giovani.jpg\",\"datePublished\":\"2019-03-13T15:37:03+00:00\",\"dateModified\":\"2019-03-14T10:03:48+00:00\",\"description\":\"Il 21 novembre si \u00e8 svolto a Cagliari il convegno\u00a0\u201cSapersi trasformare per rimanere vincenti\u201d organizzato da Saras con la collaborazione di The European House - Ambrosetti\",\"breadcrumb\":{\"@id\":\"https:\\\/\\\/www.sarlux.saras.it\\\/it\\\/sinergie-sistema-formativo\\\/#breadcrumb\"},\"inLanguage\":\"it-IT\",\"potentialAction\":[{\"@type\":\"ReadAction\",\"target\":[\"https:\\\/\\\/www.sarlux.saras.it\\\/it\\\/sinergie-sistema-formativo\\\/\"]}]},{\"@type\":\"ImageObject\",\"inLanguage\":\"it-IT\",\"@id\":\"https:\\\/\\\/www.sarlux.saras.it\\\/it\\\/sinergie-sistema-formativo\\\/#primaryimage\",\"url\":\"https:\\\/\\\/www.sarlux.saras.it\\\/wp-content\\\/uploads\\\/2019\\\/03\\\/Sarlux-formazione-giovani.jpg\",\"contentUrl\":\"https:\\\/\\\/www.sarlux.saras.it\\\/wp-content\\\/uploads\\\/2019\\\/03\\\/Sarlux-formazione-giovani.jpg\",\"width\":990,\"height\":450,\"caption\":\"Happy student posing with thumbs up looking at you in the street\"},{\"@type\":\"BreadcrumbList\",\"@id\":\"https:\\\/\\\/www.sarlux.saras.it\\\/it\\\/sinergie-sistema-formativo\\\/#breadcrumb\",\"itemListElement\":[{\"@type\":\"ListItem\",\"position\":1,\"name\":\"Home\",\"item\":\"https:\\\/\\\/www.sarlux.saras.it\\\/it\\\/\"},{\"@type\":\"ListItem\",\"position\":2,\"name\":\"Sinergie con il sistema formativo\"}]},{\"@type\":\"WebSite\",\"@id\":\"https:\\\/\\\/www.sarlux.saras.it\\\/it\\\/#website\",\"url\":\"https:\\\/\\\/www.sarlux.saras.it\\\/it\\\/\",\"name\":\"Sarlux\",\"description\":\"\",\"publisher\":{\"@id\":\"https:\\\/\\\/www.sarlux.saras.it\\\/it\\\/#organization\"},\"potentialAction\":[{\"@type\":\"SearchAction\",\"target\":{\"@type\":\"EntryPoint\",\"urlTemplate\":\"https:\\\/\\\/www.sarlux.saras.it\\\/it\\\/?s={search_term_string}\"},\"query-input\":{\"@type\":\"PropertyValueSpecification\",\"valueRequired\":true,\"valueName\":\"search_term_string\"}}],\"inLanguage\":\"it-IT\"},{\"@type\":\"Organization\",\"@id\":\"https:\\\/\\\/www.sarlux.saras.it\\\/it\\\/#organization\",\"name\":\"Sarlux\",\"url\":\"https:\\\/\\\/www.sarlux.saras.it\\\/it\\\/\",\"logo\":{\"@type\":\"ImageObject\",\"inLanguage\":\"it-IT\",\"@id\":\"https:\\\/\\\/www.sarlux.saras.it\\\/it\\\/#\\\/schema\\\/logo\\\/image\\\/\",\"url\":\"https:\\\/\\\/www.sarlux.saras.it\\\/wp-content\\\/uploads\\\/2017\\\/12\\\/logo-pc-1.png\",\"contentUrl\":\"https:\\\/\\\/www.sarlux.saras.it\\\/wp-content\\\/uploads\\\/2017\\\/12\\\/logo-pc-1.png\",\"width\":184,\"height\":86,\"caption\":\"Sarlux\"},\"image\":{\"@id\":\"https:\\\/\\\/www.sarlux.saras.it\\\/it\\\/#\\\/schema\\\/logo\\\/image\\\/\"}},{\"@type\":\"Person\",\"@id\":\"https:\\\/\\\/www.sarlux.saras.it\\\/it\\\/#\\\/schema\\\/person\\\/bdb99fa4d691cca9dcdf7a04bca185c8\",\"name\":\"Elisabetta Marongiu\",\"image\":{\"@type\":\"ImageObject\",\"inLanguage\":\"it-IT\",\"@id\":\"https:\\\/\\\/secure.gravatar.com\\\/avatar\\\/b5d482e3eebd21f54b31387ebce7645a93699b5da9e3c3a7c894c8f30cd3e350?s=96&d=mm&r=g\",\"url\":\"https:\\\/\\\/secure.gravatar.com\\\/avatar\\\/b5d482e3eebd21f54b31387ebce7645a93699b5da9e3c3a7c894c8f30cd3e350?s=96&d=mm&r=g\",\"contentUrl\":\"https:\\\/\\\/secure.gravatar.com\\\/avatar\\\/b5d482e3eebd21f54b31387ebce7645a93699b5da9e3c3a7c894c8f30cd3e350?s=96&d=mm&r=g\",\"caption\":\"Elisabetta Marongiu\"},\"url\":\"\"}]}<\/script>\n<!-- \/ Yoast SEO plugin. -->","yoast_head_json":{"title":"Gruppo Saras: una lunga storia di resilienza nel territorio sardo","description":"Il 21 novembre si \u00e8 svolto a Cagliari il convegno\u00a0\u201cSapersi trasformare per rimanere vincenti\u201d organizzato da Saras con la collaborazione di The European House - Ambrosetti","robots":{"index":"index","follow":"follow","max-snippet":"max-snippet:-1","max-image-preview":"max-image-preview:large","max-video-preview":"max-video-preview:-1"},"canonical":"https:\/\/www.sarlux.saras.it\/it\/sinergie-sistema-formativo\/","og_locale":"it_IT","og_type":"article","og_title":"Gruppo Saras: una lunga storia di resilienza nel territorio sardo","og_description":"Il 21 novembre si \u00e8 svolto a Cagliari il convegno\u00a0\u201cSapersi trasformare per rimanere vincenti\u201d organizzato da Saras con la collaborazione di The European House - Ambrosetti","og_url":"https:\/\/www.sarlux.saras.it\/it\/sinergie-sistema-formativo\/","og_site_name":"Sarlux Saras | Refining & Power","article_published_time":"2019-03-13T15:37:03+00:00","article_modified_time":"2019-03-14T10:03:48+00:00","og_image":[{"width":990,"height":450,"url":"https:\/\/www.sarlux.saras.it\/wp-content\/uploads\/2019\/03\/Sarlux-formazione-giovani.jpg","type":"image\/jpeg"}],"author":"Elisabetta Marongiu","twitter_card":"summary_large_image","twitter_misc":{"Scritto da":"Elisabetta Marongiu","Tempo di lettura stimato":"4 minuti"},"schema":{"@context":"https:\/\/schema.org","@graph":[{"@type":"Article","@id":"https:\/\/www.sarlux.saras.it\/it\/sinergie-sistema-formativo\/#article","isPartOf":{"@id":"https:\/\/www.sarlux.saras.it\/it\/sinergie-sistema-formativo\/"},"author":{"name":"Elisabetta Marongiu","@id":"https:\/\/www.sarlux.saras.it\/it\/#\/schema\/person\/bdb99fa4d691cca9dcdf7a04bca185c8"},"headline":"Sinergie con il sistema formativo","datePublished":"2019-03-13T15:37:03+00:00","dateModified":"2019-03-14T10:03:48+00:00","mainEntityOfPage":{"@id":"https:\/\/www.sarlux.saras.it\/it\/sinergie-sistema-formativo\/"},"wordCount":759,"commentCount":0,"publisher":{"@id":"https:\/\/www.sarlux.saras.it\/it\/#organization"},"image":{"@id":"https:\/\/www.sarlux.saras.it\/it\/sinergie-sistema-formativo\/#primaryimage"},"thumbnailUrl":"https:\/\/www.sarlux.saras.it\/wp-content\/uploads\/2019\/03\/Sarlux-formazione-giovani.jpg","keywords":["cultura","Educazione","formazione","Gruppo Saras","Impegno sociale","impresa","investimenti","lavoro","raffineria","sardegna","Sarlux","scuola","sviluppo","territorio","Universit\u00e0"],"articleSection":["home","News"],"inLanguage":"it-IT","potentialAction":[{"@type":"CommentAction","name":"Comment","target":["https:\/\/www.sarlux.saras.it\/it\/sinergie-sistema-formativo\/#respond"]}]},{"@type":"WebPage","@id":"https:\/\/www.sarlux.saras.it\/it\/sinergie-sistema-formativo\/","url":"https:\/\/www.sarlux.saras.it\/it\/sinergie-sistema-formativo\/","name":"Gruppo Saras: una lunga storia di resilienza nel territorio sardo","isPartOf":{"@id":"https:\/\/www.sarlux.saras.it\/it\/#website"},"primaryImageOfPage":{"@id":"https:\/\/www.sarlux.saras.it\/it\/sinergie-sistema-formativo\/#primaryimage"},"image":{"@id":"https:\/\/www.sarlux.saras.it\/it\/sinergie-sistema-formativo\/#primaryimage"},"thumbnailUrl":"https:\/\/www.sarlux.saras.it\/wp-content\/uploads\/2019\/03\/Sarlux-formazione-giovani.jpg","datePublished":"2019-03-13T15:37:03+00:00","dateModified":"2019-03-14T10:03:48+00:00","description":"Il 21 novembre si \u00e8 svolto a Cagliari il convegno\u00a0\u201cSapersi trasformare per rimanere vincenti\u201d organizzato da Saras con la collaborazione di The European House - Ambrosetti","breadcrumb":{"@id":"https:\/\/www.sarlux.saras.it\/it\/sinergie-sistema-formativo\/#breadcrumb"},"inLanguage":"it-IT","potentialAction":[{"@type":"ReadAction","target":["https:\/\/www.sarlux.saras.it\/it\/sinergie-sistema-formativo\/"]}]},{"@type":"ImageObject","inLanguage":"it-IT","@id":"https:\/\/www.sarlux.saras.it\/it\/sinergie-sistema-formativo\/#primaryimage","url":"https:\/\/www.sarlux.saras.it\/wp-content\/uploads\/2019\/03\/Sarlux-formazione-giovani.jpg","contentUrl":"https:\/\/www.sarlux.saras.it\/wp-content\/uploads\/2019\/03\/Sarlux-formazione-giovani.jpg","width":990,"height":450,"caption":"Happy student posing with thumbs up looking at you in the street"},{"@type":"BreadcrumbList","@id":"https:\/\/www.sarlux.saras.it\/it\/sinergie-sistema-formativo\/#breadcrumb","itemListElement":[{"@type":"ListItem","position":1,"name":"Home","item":"https:\/\/www.sarlux.saras.it\/it\/"},{"@type":"ListItem","position":2,"name":"Sinergie con il sistema formativo"}]},{"@type":"WebSite","@id":"https:\/\/www.sarlux.saras.it\/it\/#website","url":"https:\/\/www.sarlux.saras.it\/it\/","name":"Sarlux","description":"","publisher":{"@id":"https:\/\/www.sarlux.saras.it\/it\/#organization"},"potentialAction":[{"@type":"SearchAction","target":{"@type":"EntryPoint","urlTemplate":"https:\/\/www.sarlux.saras.it\/it\/?s={search_term_string}"},"query-input":{"@type":"PropertyValueSpecification","valueRequired":true,"valueName":"search_term_string"}}],"inLanguage":"it-IT"},{"@type":"Organization","@id":"https:\/\/www.sarlux.saras.it\/it\/#organization","name":"Sarlux","url":"https:\/\/www.sarlux.saras.it\/it\/","logo":{"@type":"ImageObject","inLanguage":"it-IT","@id":"https:\/\/www.sarlux.saras.it\/it\/#\/schema\/logo\/image\/","url":"https:\/\/www.sarlux.saras.it\/wp-content\/uploads\/2017\/12\/logo-pc-1.png","contentUrl":"https:\/\/www.sarlux.saras.it\/wp-content\/uploads\/2017\/12\/logo-pc-1.png","width":184,"height":86,"caption":"Sarlux"},"image":{"@id":"https:\/\/www.sarlux.saras.it\/it\/#\/schema\/logo\/image\/"}},{"@type":"Person","@id":"https:\/\/www.sarlux.saras.it\/it\/#\/schema\/person\/bdb99fa4d691cca9dcdf7a04bca185c8","name":"Elisabetta Marongiu","image":{"@type":"ImageObject","inLanguage":"it-IT","@id":"https:\/\/secure.gravatar.com\/avatar\/b5d482e3eebd21f54b31387ebce7645a93699b5da9e3c3a7c894c8f30cd3e350?s=96&d=mm&r=g","url":"https:\/\/secure.gravatar.com\/avatar\/b5d482e3eebd21f54b31387ebce7645a93699b5da9e3c3a7c894c8f30cd3e350?s=96&d=mm&r=g","contentUrl":"https:\/\/secure.gravatar.com\/avatar\/b5d482e3eebd21f54b31387ebce7645a93699b5da9e3c3a7c894c8f30cd3e350?s=96&d=mm&r=g","caption":"Elisabetta Marongiu"},"url":""}]}},"_links":{"self":[{"href":"https:\/\/www.sarlux.saras.it\/it\/wp-json\/wp\/v2\/posts\/532656","targetHints":{"allow":["GET"]}}],"collection":[{"href":"https:\/\/www.sarlux.saras.it\/it\/wp-json\/wp\/v2\/posts"}],"about":[{"href":"https:\/\/www.sarlux.saras.it\/it\/wp-json\/wp\/v2\/types\/post"}],"author":[{"embeddable":true,"href":"https:\/\/www.sarlux.saras.it\/it\/wp-json\/wp\/v2\/users\/8"}],"replies":[{"embeddable":true,"href":"https:\/\/www.sarlux.saras.it\/it\/wp-json\/wp\/v2\/comments?post=532656"}],"version-history":[{"count":17,"href":"https:\/\/www.sarlux.saras.it\/it\/wp-json\/wp\/v2\/posts\/532656\/revisions"}],"predecessor-version":[{"id":537374,"href":"https:\/\/www.sarlux.saras.it\/it\/wp-json\/wp\/v2\/posts\/532656\/revisions\/537374"}],"wp:featuredmedia":[{"embeddable":true,"href":"https:\/\/www.sarlux.saras.it\/it\/wp-json\/wp\/v2\/media\/533534"}],"wp:attachment":[{"href":"https:\/\/www.sarlux.saras.it\/it\/wp-json\/wp\/v2\/media?parent=532656"}],"wp:term":[{"taxonomy":"category","embeddable":true,"href":"https:\/\/www.sarlux.saras.it\/it\/wp-json\/wp\/v2\/categories?post=532656"},{"taxonomy":"post_tag","embeddable":true,"href":"https:\/\/www.sarlux.saras.it\/it\/wp-json\/wp\/v2\/tags?post=532656"}],"curies":[{"name":"wp","href":"https:\/\/api.w.org\/{rel}","templated":true}]}}