{"id":535455,"date":"2019-04-04T14:29:52","date_gmt":"2019-04-04T14:29:52","guid":{"rendered":"https:\/\/www.sarlux.saras.it\/?p=535455"},"modified":"2019-12-10T20:53:58","modified_gmt":"2019-12-10T20:53:58","slug":"street-art-4-0-diamociunamossa","status":"publish","type":"post","link":"https:\/\/www.sarlux.saras.it\/it\/street-art-4-0-diamociunamossa\/","title":{"rendered":"Street art 4.0 #diamociunaMoSSa"},"content":{"rendered":"<div class=\"wpb-content-wrapper\"><p>[vc_row][vc_column][vc_column_text]Si chiama <strong>Street Art 4.0 #diamociunaMoSSa<\/strong> il concorso sul tema della <strong>mobilit\u00e0 sostenibile<\/strong> ideato da Saras in collaborazione con l\u2019Ufficio Scolastico Regionale della Sardegna e l\u2019Anpal Servizi e rivolto agli studenti delle scuole superiori di Cagliari.[\/vc_column_text][\/vc_column][\/vc_row][vc_row][vc_column width=&#8221;1\/2&#8243;][vc_empty_space height=&#8221;16px&#8221;][vc_single_image image=&#8221;535581&#8243; img_size=&#8221;full&#8221;][vc_empty_space height=&#8221;16px&#8221;][\/vc_column][vc_column width=&#8221;1\/2&#8243;][vc_empty_space height=&#8221;16px&#8221;][vc_column_text]<strong>Gli studenti dovranno progettare e <\/strong><strong>realizzare, secondo gli stilemi della street art, le grafiche da applicare sulle navette che si utilizzano per il trasporto del personale del Gruppo all\u2019interno del sito industriale Sarlux<\/strong>. Una giuria premier\u00e0 la miglior idea creativa e la rappresentazione grafica pi\u00f9 convincente rispetto al messaggio elaborato.<\/p>\n<p><strong>Street Art 4.0 #diamociunaMoSSa<\/strong> \u00e8 un innovativo percorso di <strong>Alternanza scuola lavoro<\/strong> che vedr\u00e0 coinvolti 5 istituti superiori della citt\u00e0 di Cagliari (Michelangelo, Fois, Buccari, Dante e Scano) e circa 40 studenti. suddivisi in team interscolastici.[\/vc_column_text][\/vc_column][\/vc_row][vc_row][vc_column][vc_empty_space height=&#8221;16px&#8221;][vc_column_text css=&#8221;.vc_custom_1562165495264{margin-bottom: 0px !important;padding-bottom: 0px !important;}&#8221;]<\/p>\n<p style=\"text-align: center;\"><iframe loading=\"lazy\" src=\"https:\/\/www.youtube.com\/embed\/3kbXr03V19w?rel=0&amp;autoplay=0&amp;hl=it&amp;loop=1\" width=\"560\" height=\"315\" frameborder=\"0\" allowfullscreen=\"allowfullscreen\"><\/iframe><\/p>\n<p>[\/vc_column_text][vc_column_text css=&#8221;.vc_custom_1554378174813{margin-top: 0px !important;padding-top: 0px !important;}&#8221;]<\/p>\n<p style=\"text-align: center;\"><span style=\"font-size: 14px;\">Un breve filmato in animazione illustra gli obiettivi progettuali di Street art 4.0<\/span><\/p>\n<p>[\/vc_column_text][vc_empty_space height=&#8221;16px&#8221;][\/vc_column][\/vc_row][vc_row][vc_column][\/vc_column][\/vc_row][vc_row][vc_column][vc_column_text]Alla presentazione del progetto <strong>Maria Elisabetta Cogotti<\/strong>, dell\u2019Ufficio Scolastico Regionale, ha affermato di aver<em> &#8220;<\/em><em style=\"font-weight: bold;\">visto da subito che il progetto del Gruppo Saras \u00e8 una modalit\u00e0 vincente, virtuosa, con cui si pu\u00f2 declinare e interpretare l\u2019alternanza scuola-lavoro<\/em>\u201d.[\/vc_column_text][vc_empty_space height=&#8221;16px&#8221;][\/vc_column][\/vc_row][vc_row css=&#8221;.vc_custom_1552579628496{padding-top: 10px !important;}&#8221;][vc_column width=&#8221;1\/2&#8243;][vc_single_image image=&#8221;535475&#8243; img_size=&#8221;full&#8221; add_caption=&#8221;yes&#8221;][\/vc_column][vc_column width=&#8221;1\/2&#8243;][vc_single_image image=&#8221;535479&#8243; img_size=&#8221;full&#8221; add_caption=&#8221;yes&#8221;][\/vc_column][\/vc_row][vc_row][vc_column][vc_column_text]<strong>Simona Berri<\/strong>, \u00a0responsabile della Comunicazione esterna Saras, ha sottolineato <strong>il ruolo aziendale di responsabilit\u00e0 sociale d&#8217;impresa e dei valori etici e sociali verso il territorio<\/strong>; <strong>Paolo Moser<\/strong> ha evidenziato la funzione di Anpal Servizi al fine di favorire le migliori condizioni per la creazione di occasioni stabili di impiego e <strong>Carlo Guarrata<\/strong>, Amministratore Delegato di Sarlux, ha <strong>dato risalto all\u2019importanza di produrre energia in modo sostenibile<\/strong>.[\/vc_column_text][vc_empty_space height=&#8221;16px&#8221;][vc_empty_space height=&#8221;16px&#8221;][\/vc_column][\/vc_row][vc_row][vc_column width=&#8221;1\/2&#8243;][vc_single_image image=&#8221;535655&#8243; img_size=&#8221;full&#8221; add_caption=&#8221;yes&#8221;][\/vc_column][vc_column width=&#8221;1\/2&#8243;][vc_column_text css=&#8221;.vc_custom_1554374781720{margin-bottom: 10px !important;}&#8221;]<strong>Percorsi per le competenze trasversali e l&#8217;orientamento<\/strong>[\/vc_column_text][vc_column_text]Gli studenti, grazie alle testimonianze dei manager Saras che si alterneranno in diversi momenti, potranno attingere al patrimonio di conoscenze e competenze messo a disposizione dal Gruppo sui temi legati all\u2019<strong>ambiente<\/strong>, alla <strong>sicurezza<\/strong>, all\u2019<strong>efficienza<\/strong> <strong>energetica<\/strong> e al <strong>programma Industry 4.0<\/strong> creato per migliorare i processi produttivi in termini di efficienza e produzione attraverso l\u2019introduzione delle nuove tecnologie digitali.<\/p>\n<p>Questo progetto, a elevato valore sociale e culturale, consente non solo di fornire un\u2019opportunit\u00e0 di apprendimento e di interazione tra studenti e realt\u00e0 produttive, ma pu\u00f2 alimentare la catena del valore, migliorare le abitudini delle persone, <strong>auspicando misure comportamentali e tecnologiche per una mobilit\u00e0 pi\u00f9 sostenibile<\/strong>.[\/vc_column_text][\/vc_column][\/vc_row][vc_row][vc_column][vc_icon icon_fontawesome=&#8221;fa fa-cog&#8221; size=&#8221;sm&#8221; align=&#8221;center&#8221;][vc_empty_space height=&#8221;16px&#8221;][vc_column_text]<\/p>\n<h6>Il Gruppo Saras \u00e8 uno dei principali operatori europei nella raffinazione del petrolio ed \u00e8 attivo anche nel settore della produzione di energia elettrica. Direttamente e attraverso le proprie controllate, il Gruppo vende e distribuisce prodotti petroliferi nei mercati nazionali e internazionali. Inoltre, il Gruppo produce e vende energia elettrica attraverso le controllate Sarlux Srl (impianto IGCC) e Sardeolica Srl (parco eolico). Il Gruppo offre poi servizi di ingegneria industriale e di ricerca per il settore petrolifero, dell\u2019energia e dell\u2019ambiente attraverso la controllata Sartec Srl.<\/h6>\n<p>[\/vc_column_text][vc_empty_space][\/vc_column][\/vc_row]<\/p>\n<\/div>","protected":false},"excerpt":{"rendered":"<p>Concorso sul tema della mobilit\u00e0 sostenibile ideato da Saras in collaborazione con l\u2019Ufficio Scolastico Regionale della Sardegna e l\u2019Anpal Servizi e rivolto agli studenti delle scuole superiori di Cagliari.<\/p>\n","protected":false},"author":2,"featured_media":535581,"comment_status":"closed","ping_status":"open","sticky":false,"template":"","format":"standard","meta":{"_acf_changed":false,"inline_featured_image":false,"footnotes":""},"categories":[26,17],"tags":[138,35,135,29,82,132,111,126,114],"class_list":["post-535455","post","type-post","status-publish","format-standard","has-post-thumbnail","hentry","category-home-it","category-news","tag-cultura","tag-educazione","tag-formazione","tag-impegno-sociale","tag-innovazione","tag-scuola","tag-sostenibilita","tag-sviluppo","tag-territorio"],"acf":[],"yoast_head":"<!-- This site is optimized with the Yoast SEO plugin v27.3 - https:\/\/yoast.com\/product\/yoast-seo-wordpress\/ -->\n<title>Street art 4.0 #diamociunaMoSSa - Sarlux Saras | Refining &amp; Power<\/title>\n<meta name=\"robots\" content=\"index, follow, max-snippet:-1, max-image-preview:large, max-video-preview:-1\" \/>\n<link rel=\"canonical\" href=\"https:\/\/www.sarlux.saras.it\/it\/street-art-4-0-diamociunamossa\/\" \/>\n<meta property=\"og:locale\" content=\"it_IT\" \/>\n<meta property=\"og:type\" content=\"article\" \/>\n<meta property=\"og:title\" content=\"Street art 4.0 #diamociunaMoSSa - Sarlux Saras | Refining &amp; Power\" \/>\n<meta property=\"og:description\" content=\"Concorso sul tema della mobilit\u00e0 sostenibile ideato da Saras in collaborazione con l\u2019Ufficio Scolastico Regionale della Sardegna e l\u2019Anpal Servizi e rivolto agli studenti delle scuole superiori di Cagliari.\" \/>\n<meta property=\"og:url\" content=\"https:\/\/www.sarlux.saras.it\/it\/street-art-4-0-diamociunamossa\/\" \/>\n<meta property=\"og:site_name\" content=\"Sarlux Saras | Refining &amp; Power\" \/>\n<meta property=\"article:published_time\" content=\"2019-04-04T14:29:52+00:00\" \/>\n<meta property=\"article:modified_time\" content=\"2019-12-10T20:53:58+00:00\" \/>\n<meta property=\"og:image\" content=\"https:\/\/www.sarlux.saras.it\/wp-content\/uploads\/2019\/04\/cover-street-art-Saras-Sarlux-scuola-02.jpg\" \/>\n\t<meta property=\"og:image:width\" content=\"991\" \/>\n\t<meta property=\"og:image:height\" content=\"451\" \/>\n\t<meta property=\"og:image:type\" content=\"image\/jpeg\" \/>\n<meta name=\"author\" content=\"newsarlux\" \/>\n<meta name=\"twitter:card\" content=\"summary_large_image\" \/>\n<meta name=\"twitter:label1\" content=\"Scritto da\" \/>\n\t<meta name=\"twitter:data1\" content=\"newsarlux\" \/>\n\t<meta name=\"twitter:label2\" content=\"Tempo di lettura stimato\" \/>\n\t<meta name=\"twitter:data2\" content=\"4 minuti\" \/>\n<script type=\"application\/ld+json\" class=\"yoast-schema-graph\">{\"@context\":\"https:\\\/\\\/schema.org\",\"@graph\":[{\"@type\":\"Article\",\"@id\":\"https:\\\/\\\/www.sarlux.saras.it\\\/it\\\/street-art-4-0-diamociunamossa\\\/#article\",\"isPartOf\":{\"@id\":\"https:\\\/\\\/www.sarlux.saras.it\\\/it\\\/street-art-4-0-diamociunamossa\\\/\"},\"author\":{\"name\":\"newsarlux\",\"@id\":\"https:\\\/\\\/www.sarlux.saras.it\\\/it\\\/#\\\/schema\\\/person\\\/c7561934b223f17087f8e08f41b37b83\"},\"headline\":\"Street art 4.0 #diamociunaMoSSa\",\"datePublished\":\"2019-04-04T14:29:52+00:00\",\"dateModified\":\"2019-12-10T20:53:58+00:00\",\"mainEntityOfPage\":{\"@id\":\"https:\\\/\\\/www.sarlux.saras.it\\\/it\\\/street-art-4-0-diamociunamossa\\\/\"},\"wordCount\":708,\"publisher\":{\"@id\":\"https:\\\/\\\/www.sarlux.saras.it\\\/it\\\/#organization\"},\"image\":{\"@id\":\"https:\\\/\\\/www.sarlux.saras.it\\\/it\\\/street-art-4-0-diamociunamossa\\\/#primaryimage\"},\"thumbnailUrl\":\"https:\\\/\\\/www.sarlux.saras.it\\\/wp-content\\\/uploads\\\/2019\\\/04\\\/cover-street-art-Saras-Sarlux-scuola-02.jpg\",\"keywords\":[\"cultura\",\"Educazione\",\"formazione\",\"Impegno sociale\",\"Innovazione\",\"scuola\",\"sostenibilit\u00e0\",\"sviluppo\",\"territorio\"],\"articleSection\":[\"home\",\"News\"],\"inLanguage\":\"it-IT\"},{\"@type\":\"WebPage\",\"@id\":\"https:\\\/\\\/www.sarlux.saras.it\\\/it\\\/street-art-4-0-diamociunamossa\\\/\",\"url\":\"https:\\\/\\\/www.sarlux.saras.it\\\/it\\\/street-art-4-0-diamociunamossa\\\/\",\"name\":\"Street art 4.0 #diamociunaMoSSa - Sarlux Saras | Refining & Power\",\"isPartOf\":{\"@id\":\"https:\\\/\\\/www.sarlux.saras.it\\\/it\\\/#website\"},\"primaryImageOfPage\":{\"@id\":\"https:\\\/\\\/www.sarlux.saras.it\\\/it\\\/street-art-4-0-diamociunamossa\\\/#primaryimage\"},\"image\":{\"@id\":\"https:\\\/\\\/www.sarlux.saras.it\\\/it\\\/street-art-4-0-diamociunamossa\\\/#primaryimage\"},\"thumbnailUrl\":\"https:\\\/\\\/www.sarlux.saras.it\\\/wp-content\\\/uploads\\\/2019\\\/04\\\/cover-street-art-Saras-Sarlux-scuola-02.jpg\",\"datePublished\":\"2019-04-04T14:29:52+00:00\",\"dateModified\":\"2019-12-10T20:53:58+00:00\",\"breadcrumb\":{\"@id\":\"https:\\\/\\\/www.sarlux.saras.it\\\/it\\\/street-art-4-0-diamociunamossa\\\/#breadcrumb\"},\"inLanguage\":\"it-IT\",\"potentialAction\":[{\"@type\":\"ReadAction\",\"target\":[\"https:\\\/\\\/www.sarlux.saras.it\\\/it\\\/street-art-4-0-diamociunamossa\\\/\"]}]},{\"@type\":\"ImageObject\",\"inLanguage\":\"it-IT\",\"@id\":\"https:\\\/\\\/www.sarlux.saras.it\\\/it\\\/street-art-4-0-diamociunamossa\\\/#primaryimage\",\"url\":\"https:\\\/\\\/www.sarlux.saras.it\\\/wp-content\\\/uploads\\\/2019\\\/04\\\/cover-street-art-Saras-Sarlux-scuola-02.jpg\",\"contentUrl\":\"https:\\\/\\\/www.sarlux.saras.it\\\/wp-content\\\/uploads\\\/2019\\\/04\\\/cover-street-art-Saras-Sarlux-scuola-02.jpg\",\"width\":991,\"height\":451},{\"@type\":\"BreadcrumbList\",\"@id\":\"https:\\\/\\\/www.sarlux.saras.it\\\/it\\\/street-art-4-0-diamociunamossa\\\/#breadcrumb\",\"itemListElement\":[{\"@type\":\"ListItem\",\"position\":1,\"name\":\"Home\",\"item\":\"https:\\\/\\\/www.sarlux.saras.it\\\/it\\\/\"},{\"@type\":\"ListItem\",\"position\":2,\"name\":\"Street art 4.0 #diamociunaMoSSa\"}]},{\"@type\":\"WebSite\",\"@id\":\"https:\\\/\\\/www.sarlux.saras.it\\\/it\\\/#website\",\"url\":\"https:\\\/\\\/www.sarlux.saras.it\\\/it\\\/\",\"name\":\"Sarlux\",\"description\":\"\",\"publisher\":{\"@id\":\"https:\\\/\\\/www.sarlux.saras.it\\\/it\\\/#organization\"},\"potentialAction\":[{\"@type\":\"SearchAction\",\"target\":{\"@type\":\"EntryPoint\",\"urlTemplate\":\"https:\\\/\\\/www.sarlux.saras.it\\\/it\\\/?s={search_term_string}\"},\"query-input\":{\"@type\":\"PropertyValueSpecification\",\"valueRequired\":true,\"valueName\":\"search_term_string\"}}],\"inLanguage\":\"it-IT\"},{\"@type\":\"Organization\",\"@id\":\"https:\\\/\\\/www.sarlux.saras.it\\\/it\\\/#organization\",\"name\":\"Sarlux\",\"url\":\"https:\\\/\\\/www.sarlux.saras.it\\\/it\\\/\",\"logo\":{\"@type\":\"ImageObject\",\"inLanguage\":\"it-IT\",\"@id\":\"https:\\\/\\\/www.sarlux.saras.it\\\/it\\\/#\\\/schema\\\/logo\\\/image\\\/\",\"url\":\"https:\\\/\\\/www.sarlux.saras.it\\\/wp-content\\\/uploads\\\/2017\\\/12\\\/logo-pc-1.png\",\"contentUrl\":\"https:\\\/\\\/www.sarlux.saras.it\\\/wp-content\\\/uploads\\\/2017\\\/12\\\/logo-pc-1.png\",\"width\":184,\"height\":86,\"caption\":\"Sarlux\"},\"image\":{\"@id\":\"https:\\\/\\\/www.sarlux.saras.it\\\/it\\\/#\\\/schema\\\/logo\\\/image\\\/\"}},{\"@type\":\"Person\",\"@id\":\"https:\\\/\\\/www.sarlux.saras.it\\\/it\\\/#\\\/schema\\\/person\\\/c7561934b223f17087f8e08f41b37b83\",\"name\":\"newsarlux\",\"image\":{\"@type\":\"ImageObject\",\"inLanguage\":\"it-IT\",\"@id\":\"https:\\\/\\\/secure.gravatar.com\\\/avatar\\\/eb7f74d52340ebedd5480701fcdd6d2904abef8cdb3a51882f629f2dd32d610d?s=96&d=mm&r=g\",\"url\":\"https:\\\/\\\/secure.gravatar.com\\\/avatar\\\/eb7f74d52340ebedd5480701fcdd6d2904abef8cdb3a51882f629f2dd32d610d?s=96&d=mm&r=g\",\"contentUrl\":\"https:\\\/\\\/secure.gravatar.com\\\/avatar\\\/eb7f74d52340ebedd5480701fcdd6d2904abef8cdb3a51882f629f2dd32d610d?s=96&d=mm&r=g\",\"caption\":\"newsarlux\"},\"url\":\"\"}]}<\/script>\n<!-- \/ Yoast SEO plugin. -->","yoast_head_json":{"title":"Street art 4.0 #diamociunaMoSSa - Sarlux Saras | Refining & Power","robots":{"index":"index","follow":"follow","max-snippet":"max-snippet:-1","max-image-preview":"max-image-preview:large","max-video-preview":"max-video-preview:-1"},"canonical":"https:\/\/www.sarlux.saras.it\/it\/street-art-4-0-diamociunamossa\/","og_locale":"it_IT","og_type":"article","og_title":"Street art 4.0 #diamociunaMoSSa - Sarlux Saras | Refining & Power","og_description":"Concorso sul tema della mobilit\u00e0 sostenibile ideato da Saras in collaborazione con l\u2019Ufficio Scolastico Regionale della Sardegna e l\u2019Anpal Servizi e rivolto agli studenti delle scuole superiori di Cagliari.","og_url":"https:\/\/www.sarlux.saras.it\/it\/street-art-4-0-diamociunamossa\/","og_site_name":"Sarlux Saras | Refining & Power","article_published_time":"2019-04-04T14:29:52+00:00","article_modified_time":"2019-12-10T20:53:58+00:00","og_image":[{"width":991,"height":451,"url":"https:\/\/www.sarlux.saras.it\/wp-content\/uploads\/2019\/04\/cover-street-art-Saras-Sarlux-scuola-02.jpg","type":"image\/jpeg"}],"author":"newsarlux","twitter_card":"summary_large_image","twitter_misc":{"Scritto da":"newsarlux","Tempo di lettura stimato":"4 minuti"},"schema":{"@context":"https:\/\/schema.org","@graph":[{"@type":"Article","@id":"https:\/\/www.sarlux.saras.it\/it\/street-art-4-0-diamociunamossa\/#article","isPartOf":{"@id":"https:\/\/www.sarlux.saras.it\/it\/street-art-4-0-diamociunamossa\/"},"author":{"name":"newsarlux","@id":"https:\/\/www.sarlux.saras.it\/it\/#\/schema\/person\/c7561934b223f17087f8e08f41b37b83"},"headline":"Street art 4.0 #diamociunaMoSSa","datePublished":"2019-04-04T14:29:52+00:00","dateModified":"2019-12-10T20:53:58+00:00","mainEntityOfPage":{"@id":"https:\/\/www.sarlux.saras.it\/it\/street-art-4-0-diamociunamossa\/"},"wordCount":708,"publisher":{"@id":"https:\/\/www.sarlux.saras.it\/it\/#organization"},"image":{"@id":"https:\/\/www.sarlux.saras.it\/it\/street-art-4-0-diamociunamossa\/#primaryimage"},"thumbnailUrl":"https:\/\/www.sarlux.saras.it\/wp-content\/uploads\/2019\/04\/cover-street-art-Saras-Sarlux-scuola-02.jpg","keywords":["cultura","Educazione","formazione","Impegno sociale","Innovazione","scuola","sostenibilit\u00e0","sviluppo","territorio"],"articleSection":["home","News"],"inLanguage":"it-IT"},{"@type":"WebPage","@id":"https:\/\/www.sarlux.saras.it\/it\/street-art-4-0-diamociunamossa\/","url":"https:\/\/www.sarlux.saras.it\/it\/street-art-4-0-diamociunamossa\/","name":"Street art 4.0 #diamociunaMoSSa - Sarlux Saras | Refining & Power","isPartOf":{"@id":"https:\/\/www.sarlux.saras.it\/it\/#website"},"primaryImageOfPage":{"@id":"https:\/\/www.sarlux.saras.it\/it\/street-art-4-0-diamociunamossa\/#primaryimage"},"image":{"@id":"https:\/\/www.sarlux.saras.it\/it\/street-art-4-0-diamociunamossa\/#primaryimage"},"thumbnailUrl":"https:\/\/www.sarlux.saras.it\/wp-content\/uploads\/2019\/04\/cover-street-art-Saras-Sarlux-scuola-02.jpg","datePublished":"2019-04-04T14:29:52+00:00","dateModified":"2019-12-10T20:53:58+00:00","breadcrumb":{"@id":"https:\/\/www.sarlux.saras.it\/it\/street-art-4-0-diamociunamossa\/#breadcrumb"},"inLanguage":"it-IT","potentialAction":[{"@type":"ReadAction","target":["https:\/\/www.sarlux.saras.it\/it\/street-art-4-0-diamociunamossa\/"]}]},{"@type":"ImageObject","inLanguage":"it-IT","@id":"https:\/\/www.sarlux.saras.it\/it\/street-art-4-0-diamociunamossa\/#primaryimage","url":"https:\/\/www.sarlux.saras.it\/wp-content\/uploads\/2019\/04\/cover-street-art-Saras-Sarlux-scuola-02.jpg","contentUrl":"https:\/\/www.sarlux.saras.it\/wp-content\/uploads\/2019\/04\/cover-street-art-Saras-Sarlux-scuola-02.jpg","width":991,"height":451},{"@type":"BreadcrumbList","@id":"https:\/\/www.sarlux.saras.it\/it\/street-art-4-0-diamociunamossa\/#breadcrumb","itemListElement":[{"@type":"ListItem","position":1,"name":"Home","item":"https:\/\/www.sarlux.saras.it\/it\/"},{"@type":"ListItem","position":2,"name":"Street art 4.0 #diamociunaMoSSa"}]},{"@type":"WebSite","@id":"https:\/\/www.sarlux.saras.it\/it\/#website","url":"https:\/\/www.sarlux.saras.it\/it\/","name":"Sarlux","description":"","publisher":{"@id":"https:\/\/www.sarlux.saras.it\/it\/#organization"},"potentialAction":[{"@type":"SearchAction","target":{"@type":"EntryPoint","urlTemplate":"https:\/\/www.sarlux.saras.it\/it\/?s={search_term_string}"},"query-input":{"@type":"PropertyValueSpecification","valueRequired":true,"valueName":"search_term_string"}}],"inLanguage":"it-IT"},{"@type":"Organization","@id":"https:\/\/www.sarlux.saras.it\/it\/#organization","name":"Sarlux","url":"https:\/\/www.sarlux.saras.it\/it\/","logo":{"@type":"ImageObject","inLanguage":"it-IT","@id":"https:\/\/www.sarlux.saras.it\/it\/#\/schema\/logo\/image\/","url":"https:\/\/www.sarlux.saras.it\/wp-content\/uploads\/2017\/12\/logo-pc-1.png","contentUrl":"https:\/\/www.sarlux.saras.it\/wp-content\/uploads\/2017\/12\/logo-pc-1.png","width":184,"height":86,"caption":"Sarlux"},"image":{"@id":"https:\/\/www.sarlux.saras.it\/it\/#\/schema\/logo\/image\/"}},{"@type":"Person","@id":"https:\/\/www.sarlux.saras.it\/it\/#\/schema\/person\/c7561934b223f17087f8e08f41b37b83","name":"newsarlux","image":{"@type":"ImageObject","inLanguage":"it-IT","@id":"https:\/\/secure.gravatar.com\/avatar\/eb7f74d52340ebedd5480701fcdd6d2904abef8cdb3a51882f629f2dd32d610d?s=96&d=mm&r=g","url":"https:\/\/secure.gravatar.com\/avatar\/eb7f74d52340ebedd5480701fcdd6d2904abef8cdb3a51882f629f2dd32d610d?s=96&d=mm&r=g","contentUrl":"https:\/\/secure.gravatar.com\/avatar\/eb7f74d52340ebedd5480701fcdd6d2904abef8cdb3a51882f629f2dd32d610d?s=96&d=mm&r=g","caption":"newsarlux"},"url":""}]}},"_links":{"self":[{"href":"https:\/\/www.sarlux.saras.it\/it\/wp-json\/wp\/v2\/posts\/535455","targetHints":{"allow":["GET"]}}],"collection":[{"href":"https:\/\/www.sarlux.saras.it\/it\/wp-json\/wp\/v2\/posts"}],"about":[{"href":"https:\/\/www.sarlux.saras.it\/it\/wp-json\/wp\/v2\/types\/post"}],"author":[{"embeddable":true,"href":"https:\/\/www.sarlux.saras.it\/it\/wp-json\/wp\/v2\/users\/2"}],"replies":[{"embeddable":true,"href":"https:\/\/www.sarlux.saras.it\/it\/wp-json\/wp\/v2\/comments?post=535455"}],"version-history":[{"count":40,"href":"https:\/\/www.sarlux.saras.it\/it\/wp-json\/wp\/v2\/posts\/535455\/revisions"}],"predecessor-version":[{"id":541272,"href":"https:\/\/www.sarlux.saras.it\/it\/wp-json\/wp\/v2\/posts\/535455\/revisions\/541272"}],"wp:featuredmedia":[{"embeddable":true,"href":"https:\/\/www.sarlux.saras.it\/it\/wp-json\/wp\/v2\/media\/535581"}],"wp:attachment":[{"href":"https:\/\/www.sarlux.saras.it\/it\/wp-json\/wp\/v2\/media?parent=535455"}],"wp:term":[{"taxonomy":"category","embeddable":true,"href":"https:\/\/www.sarlux.saras.it\/it\/wp-json\/wp\/v2\/categories?post=535455"},{"taxonomy":"post_tag","embeddable":true,"href":"https:\/\/www.sarlux.saras.it\/it\/wp-json\/wp\/v2\/tags?post=535455"}],"curies":[{"name":"wp","href":"https:\/\/api.w.org\/{rel}","templated":true}]}}