{"id":538160,"date":"2019-07-25T08:02:13","date_gmt":"2019-07-25T08:02:13","guid":{"rendered":"https:\/\/www.sarlux.saras.it\/?p=538160"},"modified":"2020-06-16T15:16:43","modified_gmt":"2020-06-16T15:16:43","slug":"esperienza-e-tecnologia-saras-universita","status":"publish","type":"post","link":"https:\/\/www.sarlux.saras.it\/it\/esperienza-e-tecnologia-saras-universita\/","title":{"rendered":"Esperienza e tecnologia, Saras per l\u2019Universit\u00e0"},"content":{"rendered":"<div class=\"wpb-content-wrapper\"><p>[vc_row disable_element=&#8221;yes&#8221;][vc_column][vc_column_text]<\/p>\n<h2><span style=\"color: #0056a6;\"><strong>Esperienza e tecnologia, Saras per l\u2019Universit\u00e0<\/strong><\/span><\/h2>\n<p>[\/vc_column_text][vc_empty_space height=&#8221;16px&#8221;][\/vc_column][\/vc_row][vc_row][vc_column][vc_column_text]<strong>Saras<\/strong>, attraverso le societ\u00e0 del Gruppo, porta avanti diverse attivit\u00e0 in termini di <strong>responsabilit\u00e0 sociale di impresa <\/strong>ed \u00e8\u00a0particolarmente attenta allo <strong>scambio di know-how con l\u2019Universit\u00e0 di Cagliari.\u00a0<\/strong><\/p>\n<p>Partner di particolare interesse, dati gli obiettivi formativi e didattici, \u00e8 il <strong>Dipartimento di Ingegneria meccanica, chimica e dei materiali<\/strong> della Facolt\u00e0 di Ingegneria con cui il Gruppo Saras organizza regolarmente seminari, incontri, laboratori e tirocini.[\/vc_column_text][vc_empty_space height=&#8221;8px&#8221;][\/vc_column][\/vc_row][vc_row][vc_column width=&#8221;1\/2&#8243;][vc_single_image image=&#8221;538135&#8243; img_size=&#8221;full&#8221;][\/vc_column][vc_column width=&#8221;1\/2&#8243;][\/vc_column][\/vc_row][vc_row][vc_column][vc_empty_space height=&#8221;8px&#8221;][vc_column_text]Di recente, il professor Giacomo Cao, del Dipartimento di Ingegneria meccanica, chimica e dei materiali dell\u2019Universit\u00e0 di Cagliari, e gli ingegneri <strong>Sarlux<\/strong>, hanno offerto agli studenti del corso di laurea una panoramica sul ruolo e lo sviluppo che gli ingegneri chimici hanno in una realt\u00e0 industriale.<\/p>\n<p>In un&#8217;altra sessione esperti della consociata <strong>Sartec<\/strong>, insieme alla professoressa Stefania Tronci, ricercatrice presso il Dipartimento di Ingegneria meccanica, chimica e dei materiali, hanno approfondito le tematiche collegate allo sviluppo e alla implementazione di un Model Predictive Control (MPC) sul <em>reforming<\/em>.[\/vc_column_text][\/vc_column][\/vc_row][vc_row][vc_column][vc_empty_space height=&#8221;16px&#8221;][\/vc_column][\/vc_row][vc_row][vc_column width=&#8221;1\/2&#8243;][vc_single_image image=&#8221;538139&#8243; img_size=&#8221;full&#8221;][\/vc_column][vc_column width=&#8221;1\/2&#8243;][\/vc_column][\/vc_row][vc_row][vc_column][vc_empty_space height=&#8221;16px&#8221;][\/vc_column][\/vc_row][vc_row][vc_column][vc_column_text]<strong>Per la Laurea magistrale in Ingegneria chimica e dei processi biotecnologici \u00e8 attualmente in corso un ciclo di tre seminari.\u00a0 <\/strong><\/p>\n<p>Nelle prime giornate degli incontri, esperti del <strong>Gruppo Saras<\/strong>, di <strong>Adecco<\/strong>, azienda leader mondiale nel recruiting, di <strong>Heineken<\/strong>, della farmaceutica<strong> APC LTD<\/strong> di Dublino e del settore biotecnologie dell\u2019<strong>Institute of Biotechnology dell\u2019Universit\u00e0 di Manchester<\/strong>, hanno approfondito con gli studenti diversi temi come: l&#8217;affrontare al meglio un colloquio di lavoro e compilare il <em>curriculum vitae<\/em> efficace, gli aspetti del lavoro dipendente per le imprese della grande industria di processo e il lavoro nell&#8217;ambito della ricerca e dell&#8217;innovazione, sia nel campo privato che in quello pubblico.<\/p>\n<div class=\"vc_row wpb_row vc_row-fluid\">\n<div class=\"wpb_column vc_column_container vc_col-sm-12\">\n<div class=\"vc_column-inner \">\n<div class=\"wpb_wrapper\"><strong>La testimonianza diretta di neo-laureati, recentemente entrati nel modo del lavoro<\/strong> sia in Sardegna che all\u2019estero, ha illustrato gli sbocchi lavorativi del corso di laurea.<\/div>\n<\/div>\n<\/div>\n<\/div>\n<p>I seminari inoltre consentono agli studenti di comprendere il significato del miglioramento continuo e dei processi innovativi acquisiti e messi in campo <strong>dalle<\/strong> <strong>persone delle aziende del Gruppo Saras<\/strong> per creare valore nel pieno rispetto dei pilastri costituiti dalla sicurezza sul lavoro e dalla tutela dell\u2019ambiente.[\/vc_column_text][\/vc_column][\/vc_row][vc_row][vc_column][vc_empty_space height=&#8221;16px&#8221;][\/vc_column][\/vc_row][vc_row][vc_column width=&#8221;1\/2&#8243;][vc_single_image image=&#8221;537814&#8243; img_size=&#8221;full&#8221; el_class=&#8221;Didascalia&#8221;][vc_column_text]<\/p>\n<h6><span style=\"font-size: 14px;\">Sala controllo della raffineria Sarlux<\/span><\/h6>\n<p>[\/vc_column_text][\/vc_column][vc_column width=&#8221;1\/2&#8243;][vc_single_image image=&#8221;538143&#8243; img_size=&#8221;full&#8221; el_class=&#8221;Didascalia&#8221;][vc_column_text]<\/p>\n<h6><span style=\"font-size: 14px;\"><a href=\"https:\/\/youtu.be\/UDq2vu1st6g\" target=\"_blank\" rel=\"noopener noreferrer\">vedi il filmato #DigitalSaras<\/a><\/span><\/h6>\n<p>[\/vc_column_text][\/vc_column][\/vc_row][vc_row][vc_column][vc_empty_space height=&#8221;16px&#8221;][vc_column_text]Le competenze tecniche e manageriali del personale del Gruppo, composto anche da persone provenienti da questa universit\u00e0,<strong> consentono alla raffineria Sarlux di affrontare le sfide dell\u2019industria 4.0 e rappresentano, per la formazione universitaria dei giovani ingegneri, una porta sul mondo<\/strong> della produzione industriale proiettata verso il futuro.[\/vc_column_text][vc_icon icon_fontawesome=&#8221;fa fa-cog&#8221; size=&#8221;sm&#8221; align=&#8221;center&#8221;][\/vc_column][\/vc_row][vc_row][vc_column width=&#8221;1\/6&#8243;][\/vc_column][vc_column width=&#8221;1\/6&#8243;][\/vc_column][vc_column width=&#8221;1\/6&#8243;][vc_single_image image=&#8221;530195&#8243; img_size=&#8221;101&#215;132&#8243; alignment=&#8221;center&#8221;][\/vc_column][vc_column width=&#8221;1\/6&#8243;][vc_single_image image=&#8221;542598&#8243; img_size=&#8221;110&#215;132&#8243; alignment=&#8221;center&#8221;][\/vc_column][vc_column width=&#8221;1\/6&#8243;][\/vc_column][vc_column width=&#8221;1\/6&#8243;][\/vc_column][\/vc_row][vc_row][vc_column][vc_column_text]<\/p>\n<p style=\"text-align: center;\"><span style=\"color: #0056a6;\"><strong>L&#8217;interazione tra Saras e Universit\u00e0 costituisce un valore aggiunto per gli studenti, per il territorio, per il mondo del lavoro e per l&#8217;intera comunit\u00e0.<\/strong><\/span><\/p>\n<p>[\/vc_column_text][\/vc_column][\/vc_row][vc_row][vc_column][vc_icon icon_fontawesome=&#8221;fa fa-cog&#8221; size=&#8221;sm&#8221; align=&#8221;center&#8221;][vc_empty_space height=&#8221;16px&#8221;][vc_column_text]Il Gruppo Saras \u00e8 uno dei principali operatori europei nella raffinazione del petrolio ed \u00e8 attivo anche nel settore della produzione di energia elettrica. Direttamente e attraverso le proprie controllate, il Gruppo vende e distribuisce prodotti petroliferi nei mercati nazionali e internazionali. Inoltre, il Gruppo produce e vende energia elettrica attraverso le controllate Sarlux Srl (impianto IGCC) e Sardeolica Srl (parco eolico). Il Gruppo offre poi servizi di ingegneria industriale per il settore petrolifero, dell\u2019energia e dell\u2019ambiente attraverso la controllata Sartec Srl.[\/vc_column_text][vc_empty_space][\/vc_column][\/vc_row]<\/p>\n<\/div>","protected":false},"excerpt":{"rendered":"<p>Saras, attraverso le societ\u00e0 del Gruppo, \u00e8\u00a0particolarmente attenta allo scambio di know-how con l\u2019Universit\u00e0 di Cagliari.\u00a0<\/p>\n","protected":false},"author":2,"featured_media":538135,"comment_status":"closed","ping_status":"open","sticky":false,"template":"","format":"standard","meta":{"_acf_changed":false,"inline_featured_image":false,"footnotes":""},"categories":[26,17],"tags":[138,35,135,29,47,82,32,108,50,105,53,71,114,65],"class_list":["post-538160","post","type-post","status-publish","format-standard","has-post-thumbnail","hentry","category-home-it","category-news","tag-cultura","tag-educazione","tag-formazione","tag-impegno-sociale","tag-industria-4-0","tag-innovazione","tag-le-nostre-persone","tag-raffineria","tag-saras","tag-sardegna","tag-sarlux","tag-sarroch","tag-territorio","tag-universita"],"acf":[],"yoast_head":"<!-- This site is optimized with the Yoast SEO plugin v27.3 - https:\/\/yoast.com\/product\/yoast-seo-wordpress\/ -->\n<title>Esperienza e tecnologia, Saras per l\u2019Universit\u00e0 - Sarlux Saras | Refining &amp; Power<\/title>\n<meta name=\"robots\" content=\"index, follow, max-snippet:-1, max-image-preview:large, max-video-preview:-1\" \/>\n<link rel=\"canonical\" href=\"https:\/\/www.sarlux.saras.it\/it\/esperienza-e-tecnologia-saras-universita\/\" \/>\n<meta property=\"og:locale\" content=\"it_IT\" \/>\n<meta property=\"og:type\" content=\"article\" \/>\n<meta property=\"og:title\" content=\"Esperienza e tecnologia, Saras per l\u2019Universit\u00e0 - Sarlux Saras | Refining &amp; Power\" \/>\n<meta property=\"og:description\" content=\"Saras, attraverso le societ\u00e0 del Gruppo, \u00e8\u00a0particolarmente attenta allo scambio di know-how con l\u2019Universit\u00e0 di Cagliari.\u00a0\" \/>\n<meta property=\"og:url\" content=\"https:\/\/www.sarlux.saras.it\/it\/esperienza-e-tecnologia-saras-universita\/\" \/>\n<meta property=\"og:site_name\" content=\"Sarlux Saras | Refining &amp; Power\" \/>\n<meta property=\"article:published_time\" content=\"2019-07-25T08:02:13+00:00\" \/>\n<meta property=\"article:modified_time\" content=\"2020-06-16T15:16:43+00:00\" \/>\n<meta property=\"og:image\" content=\"https:\/\/www.sarlux.saras.it\/wp-content\/uploads\/2019\/07\/cover-esperienza-tecnologia-Saras-Sarlux-a82.jpg\" \/>\n\t<meta property=\"og:image:width\" content=\"990\" \/>\n\t<meta property=\"og:image:height\" content=\"450\" \/>\n\t<meta property=\"og:image:type\" content=\"image\/jpeg\" \/>\n<meta name=\"author\" content=\"newsarlux\" \/>\n<meta name=\"twitter:card\" content=\"summary_large_image\" \/>\n<meta name=\"twitter:label1\" content=\"Scritto da\" \/>\n\t<meta name=\"twitter:data1\" content=\"newsarlux\" \/>\n\t<meta name=\"twitter:label2\" content=\"Tempo di lettura stimato\" \/>\n\t<meta name=\"twitter:data2\" content=\"4 minuti\" \/>\n<script type=\"application\/ld+json\" class=\"yoast-schema-graph\">{\"@context\":\"https:\\\/\\\/schema.org\",\"@graph\":[{\"@type\":\"Article\",\"@id\":\"https:\\\/\\\/www.sarlux.saras.it\\\/it\\\/esperienza-e-tecnologia-saras-universita\\\/#article\",\"isPartOf\":{\"@id\":\"https:\\\/\\\/www.sarlux.saras.it\\\/it\\\/esperienza-e-tecnologia-saras-universita\\\/\"},\"author\":{\"name\":\"newsarlux\",\"@id\":\"https:\\\/\\\/www.sarlux.saras.it\\\/it\\\/#\\\/schema\\\/person\\\/c7561934b223f17087f8e08f41b37b83\"},\"headline\":\"Esperienza e tecnologia, Saras per l\u2019Universit\u00e0\",\"datePublished\":\"2019-07-25T08:02:13+00:00\",\"dateModified\":\"2020-06-16T15:16:43+00:00\",\"mainEntityOfPage\":{\"@id\":\"https:\\\/\\\/www.sarlux.saras.it\\\/it\\\/esperienza-e-tecnologia-saras-universita\\\/\"},\"wordCount\":834,\"publisher\":{\"@id\":\"https:\\\/\\\/www.sarlux.saras.it\\\/it\\\/#organization\"},\"image\":{\"@id\":\"https:\\\/\\\/www.sarlux.saras.it\\\/it\\\/esperienza-e-tecnologia-saras-universita\\\/#primaryimage\"},\"thumbnailUrl\":\"https:\\\/\\\/www.sarlux.saras.it\\\/wp-content\\\/uploads\\\/2019\\\/07\\\/cover-esperienza-tecnologia-Saras-Sarlux-a82.jpg\",\"keywords\":[\"cultura\",\"Educazione\",\"formazione\",\"Impegno sociale\",\"industria 4.0\",\"Innovazione\",\"Le nostre persone\",\"raffineria\",\"Saras\",\"sardegna\",\"Sarlux\",\"Sarroch\",\"territorio\",\"Universit\u00e0\"],\"articleSection\":[\"home\",\"News\"],\"inLanguage\":\"it-IT\"},{\"@type\":\"WebPage\",\"@id\":\"https:\\\/\\\/www.sarlux.saras.it\\\/it\\\/esperienza-e-tecnologia-saras-universita\\\/\",\"url\":\"https:\\\/\\\/www.sarlux.saras.it\\\/it\\\/esperienza-e-tecnologia-saras-universita\\\/\",\"name\":\"Esperienza e tecnologia, Saras per l\u2019Universit\u00e0 - Sarlux Saras | Refining & Power\",\"isPartOf\":{\"@id\":\"https:\\\/\\\/www.sarlux.saras.it\\\/it\\\/#website\"},\"primaryImageOfPage\":{\"@id\":\"https:\\\/\\\/www.sarlux.saras.it\\\/it\\\/esperienza-e-tecnologia-saras-universita\\\/#primaryimage\"},\"image\":{\"@id\":\"https:\\\/\\\/www.sarlux.saras.it\\\/it\\\/esperienza-e-tecnologia-saras-universita\\\/#primaryimage\"},\"thumbnailUrl\":\"https:\\\/\\\/www.sarlux.saras.it\\\/wp-content\\\/uploads\\\/2019\\\/07\\\/cover-esperienza-tecnologia-Saras-Sarlux-a82.jpg\",\"datePublished\":\"2019-07-25T08:02:13+00:00\",\"dateModified\":\"2020-06-16T15:16:43+00:00\",\"breadcrumb\":{\"@id\":\"https:\\\/\\\/www.sarlux.saras.it\\\/it\\\/esperienza-e-tecnologia-saras-universita\\\/#breadcrumb\"},\"inLanguage\":\"it-IT\",\"potentialAction\":[{\"@type\":\"ReadAction\",\"target\":[\"https:\\\/\\\/www.sarlux.saras.it\\\/it\\\/esperienza-e-tecnologia-saras-universita\\\/\"]}]},{\"@type\":\"ImageObject\",\"inLanguage\":\"it-IT\",\"@id\":\"https:\\\/\\\/www.sarlux.saras.it\\\/it\\\/esperienza-e-tecnologia-saras-universita\\\/#primaryimage\",\"url\":\"https:\\\/\\\/www.sarlux.saras.it\\\/wp-content\\\/uploads\\\/2019\\\/07\\\/cover-esperienza-tecnologia-Saras-Sarlux-a82.jpg\",\"contentUrl\":\"https:\\\/\\\/www.sarlux.saras.it\\\/wp-content\\\/uploads\\\/2019\\\/07\\\/cover-esperienza-tecnologia-Saras-Sarlux-a82.jpg\",\"width\":990,\"height\":450},{\"@type\":\"BreadcrumbList\",\"@id\":\"https:\\\/\\\/www.sarlux.saras.it\\\/it\\\/esperienza-e-tecnologia-saras-universita\\\/#breadcrumb\",\"itemListElement\":[{\"@type\":\"ListItem\",\"position\":1,\"name\":\"Home\",\"item\":\"https:\\\/\\\/www.sarlux.saras.it\\\/it\\\/\"},{\"@type\":\"ListItem\",\"position\":2,\"name\":\"Esperienza e tecnologia, Saras per l\u2019Universit\u00e0\"}]},{\"@type\":\"WebSite\",\"@id\":\"https:\\\/\\\/www.sarlux.saras.it\\\/it\\\/#website\",\"url\":\"https:\\\/\\\/www.sarlux.saras.it\\\/it\\\/\",\"name\":\"Sarlux\",\"description\":\"\",\"publisher\":{\"@id\":\"https:\\\/\\\/www.sarlux.saras.it\\\/it\\\/#organization\"},\"potentialAction\":[{\"@type\":\"SearchAction\",\"target\":{\"@type\":\"EntryPoint\",\"urlTemplate\":\"https:\\\/\\\/www.sarlux.saras.it\\\/it\\\/?s={search_term_string}\"},\"query-input\":{\"@type\":\"PropertyValueSpecification\",\"valueRequired\":true,\"valueName\":\"search_term_string\"}}],\"inLanguage\":\"it-IT\"},{\"@type\":\"Organization\",\"@id\":\"https:\\\/\\\/www.sarlux.saras.it\\\/it\\\/#organization\",\"name\":\"Sarlux\",\"url\":\"https:\\\/\\\/www.sarlux.saras.it\\\/it\\\/\",\"logo\":{\"@type\":\"ImageObject\",\"inLanguage\":\"it-IT\",\"@id\":\"https:\\\/\\\/www.sarlux.saras.it\\\/it\\\/#\\\/schema\\\/logo\\\/image\\\/\",\"url\":\"https:\\\/\\\/www.sarlux.saras.it\\\/wp-content\\\/uploads\\\/2017\\\/12\\\/logo-pc-1.png\",\"contentUrl\":\"https:\\\/\\\/www.sarlux.saras.it\\\/wp-content\\\/uploads\\\/2017\\\/12\\\/logo-pc-1.png\",\"width\":184,\"height\":86,\"caption\":\"Sarlux\"},\"image\":{\"@id\":\"https:\\\/\\\/www.sarlux.saras.it\\\/it\\\/#\\\/schema\\\/logo\\\/image\\\/\"}},{\"@type\":\"Person\",\"@id\":\"https:\\\/\\\/www.sarlux.saras.it\\\/it\\\/#\\\/schema\\\/person\\\/c7561934b223f17087f8e08f41b37b83\",\"name\":\"newsarlux\",\"image\":{\"@type\":\"ImageObject\",\"inLanguage\":\"it-IT\",\"@id\":\"https:\\\/\\\/secure.gravatar.com\\\/avatar\\\/eb7f74d52340ebedd5480701fcdd6d2904abef8cdb3a51882f629f2dd32d610d?s=96&d=mm&r=g\",\"url\":\"https:\\\/\\\/secure.gravatar.com\\\/avatar\\\/eb7f74d52340ebedd5480701fcdd6d2904abef8cdb3a51882f629f2dd32d610d?s=96&d=mm&r=g\",\"contentUrl\":\"https:\\\/\\\/secure.gravatar.com\\\/avatar\\\/eb7f74d52340ebedd5480701fcdd6d2904abef8cdb3a51882f629f2dd32d610d?s=96&d=mm&r=g\",\"caption\":\"newsarlux\"},\"url\":\"\"}]}<\/script>\n<!-- \/ Yoast SEO plugin. -->","yoast_head_json":{"title":"Esperienza e tecnologia, Saras per l\u2019Universit\u00e0 - Sarlux Saras | Refining & Power","robots":{"index":"index","follow":"follow","max-snippet":"max-snippet:-1","max-image-preview":"max-image-preview:large","max-video-preview":"max-video-preview:-1"},"canonical":"https:\/\/www.sarlux.saras.it\/it\/esperienza-e-tecnologia-saras-universita\/","og_locale":"it_IT","og_type":"article","og_title":"Esperienza e tecnologia, Saras per l\u2019Universit\u00e0 - Sarlux Saras | Refining & Power","og_description":"Saras, attraverso le societ\u00e0 del Gruppo, \u00e8\u00a0particolarmente attenta allo scambio di know-how con l\u2019Universit\u00e0 di Cagliari.\u00a0","og_url":"https:\/\/www.sarlux.saras.it\/it\/esperienza-e-tecnologia-saras-universita\/","og_site_name":"Sarlux Saras | Refining & Power","article_published_time":"2019-07-25T08:02:13+00:00","article_modified_time":"2020-06-16T15:16:43+00:00","og_image":[{"width":990,"height":450,"url":"https:\/\/www.sarlux.saras.it\/wp-content\/uploads\/2019\/07\/cover-esperienza-tecnologia-Saras-Sarlux-a82.jpg","type":"image\/jpeg"}],"author":"newsarlux","twitter_card":"summary_large_image","twitter_misc":{"Scritto da":"newsarlux","Tempo di lettura stimato":"4 minuti"},"schema":{"@context":"https:\/\/schema.org","@graph":[{"@type":"Article","@id":"https:\/\/www.sarlux.saras.it\/it\/esperienza-e-tecnologia-saras-universita\/#article","isPartOf":{"@id":"https:\/\/www.sarlux.saras.it\/it\/esperienza-e-tecnologia-saras-universita\/"},"author":{"name":"newsarlux","@id":"https:\/\/www.sarlux.saras.it\/it\/#\/schema\/person\/c7561934b223f17087f8e08f41b37b83"},"headline":"Esperienza e tecnologia, Saras per l\u2019Universit\u00e0","datePublished":"2019-07-25T08:02:13+00:00","dateModified":"2020-06-16T15:16:43+00:00","mainEntityOfPage":{"@id":"https:\/\/www.sarlux.saras.it\/it\/esperienza-e-tecnologia-saras-universita\/"},"wordCount":834,"publisher":{"@id":"https:\/\/www.sarlux.saras.it\/it\/#organization"},"image":{"@id":"https:\/\/www.sarlux.saras.it\/it\/esperienza-e-tecnologia-saras-universita\/#primaryimage"},"thumbnailUrl":"https:\/\/www.sarlux.saras.it\/wp-content\/uploads\/2019\/07\/cover-esperienza-tecnologia-Saras-Sarlux-a82.jpg","keywords":["cultura","Educazione","formazione","Impegno sociale","industria 4.0","Innovazione","Le nostre persone","raffineria","Saras","sardegna","Sarlux","Sarroch","territorio","Universit\u00e0"],"articleSection":["home","News"],"inLanguage":"it-IT"},{"@type":"WebPage","@id":"https:\/\/www.sarlux.saras.it\/it\/esperienza-e-tecnologia-saras-universita\/","url":"https:\/\/www.sarlux.saras.it\/it\/esperienza-e-tecnologia-saras-universita\/","name":"Esperienza e tecnologia, Saras per l\u2019Universit\u00e0 - Sarlux Saras | Refining & Power","isPartOf":{"@id":"https:\/\/www.sarlux.saras.it\/it\/#website"},"primaryImageOfPage":{"@id":"https:\/\/www.sarlux.saras.it\/it\/esperienza-e-tecnologia-saras-universita\/#primaryimage"},"image":{"@id":"https:\/\/www.sarlux.saras.it\/it\/esperienza-e-tecnologia-saras-universita\/#primaryimage"},"thumbnailUrl":"https:\/\/www.sarlux.saras.it\/wp-content\/uploads\/2019\/07\/cover-esperienza-tecnologia-Saras-Sarlux-a82.jpg","datePublished":"2019-07-25T08:02:13+00:00","dateModified":"2020-06-16T15:16:43+00:00","breadcrumb":{"@id":"https:\/\/www.sarlux.saras.it\/it\/esperienza-e-tecnologia-saras-universita\/#breadcrumb"},"inLanguage":"it-IT","potentialAction":[{"@type":"ReadAction","target":["https:\/\/www.sarlux.saras.it\/it\/esperienza-e-tecnologia-saras-universita\/"]}]},{"@type":"ImageObject","inLanguage":"it-IT","@id":"https:\/\/www.sarlux.saras.it\/it\/esperienza-e-tecnologia-saras-universita\/#primaryimage","url":"https:\/\/www.sarlux.saras.it\/wp-content\/uploads\/2019\/07\/cover-esperienza-tecnologia-Saras-Sarlux-a82.jpg","contentUrl":"https:\/\/www.sarlux.saras.it\/wp-content\/uploads\/2019\/07\/cover-esperienza-tecnologia-Saras-Sarlux-a82.jpg","width":990,"height":450},{"@type":"BreadcrumbList","@id":"https:\/\/www.sarlux.saras.it\/it\/esperienza-e-tecnologia-saras-universita\/#breadcrumb","itemListElement":[{"@type":"ListItem","position":1,"name":"Home","item":"https:\/\/www.sarlux.saras.it\/it\/"},{"@type":"ListItem","position":2,"name":"Esperienza e tecnologia, Saras per l\u2019Universit\u00e0"}]},{"@type":"WebSite","@id":"https:\/\/www.sarlux.saras.it\/it\/#website","url":"https:\/\/www.sarlux.saras.it\/it\/","name":"Sarlux","description":"","publisher":{"@id":"https:\/\/www.sarlux.saras.it\/it\/#organization"},"potentialAction":[{"@type":"SearchAction","target":{"@type":"EntryPoint","urlTemplate":"https:\/\/www.sarlux.saras.it\/it\/?s={search_term_string}"},"query-input":{"@type":"PropertyValueSpecification","valueRequired":true,"valueName":"search_term_string"}}],"inLanguage":"it-IT"},{"@type":"Organization","@id":"https:\/\/www.sarlux.saras.it\/it\/#organization","name":"Sarlux","url":"https:\/\/www.sarlux.saras.it\/it\/","logo":{"@type":"ImageObject","inLanguage":"it-IT","@id":"https:\/\/www.sarlux.saras.it\/it\/#\/schema\/logo\/image\/","url":"https:\/\/www.sarlux.saras.it\/wp-content\/uploads\/2017\/12\/logo-pc-1.png","contentUrl":"https:\/\/www.sarlux.saras.it\/wp-content\/uploads\/2017\/12\/logo-pc-1.png","width":184,"height":86,"caption":"Sarlux"},"image":{"@id":"https:\/\/www.sarlux.saras.it\/it\/#\/schema\/logo\/image\/"}},{"@type":"Person","@id":"https:\/\/www.sarlux.saras.it\/it\/#\/schema\/person\/c7561934b223f17087f8e08f41b37b83","name":"newsarlux","image":{"@type":"ImageObject","inLanguage":"it-IT","@id":"https:\/\/secure.gravatar.com\/avatar\/eb7f74d52340ebedd5480701fcdd6d2904abef8cdb3a51882f629f2dd32d610d?s=96&d=mm&r=g","url":"https:\/\/secure.gravatar.com\/avatar\/eb7f74d52340ebedd5480701fcdd6d2904abef8cdb3a51882f629f2dd32d610d?s=96&d=mm&r=g","contentUrl":"https:\/\/secure.gravatar.com\/avatar\/eb7f74d52340ebedd5480701fcdd6d2904abef8cdb3a51882f629f2dd32d610d?s=96&d=mm&r=g","caption":"newsarlux"},"url":""}]}},"_links":{"self":[{"href":"https:\/\/www.sarlux.saras.it\/it\/wp-json\/wp\/v2\/posts\/538160","targetHints":{"allow":["GET"]}}],"collection":[{"href":"https:\/\/www.sarlux.saras.it\/it\/wp-json\/wp\/v2\/posts"}],"about":[{"href":"https:\/\/www.sarlux.saras.it\/it\/wp-json\/wp\/v2\/types\/post"}],"author":[{"embeddable":true,"href":"https:\/\/www.sarlux.saras.it\/it\/wp-json\/wp\/v2\/users\/2"}],"replies":[{"embeddable":true,"href":"https:\/\/www.sarlux.saras.it\/it\/wp-json\/wp\/v2\/comments?post=538160"}],"version-history":[{"count":10,"href":"https:\/\/www.sarlux.saras.it\/it\/wp-json\/wp\/v2\/posts\/538160\/revisions"}],"predecessor-version":[{"id":542602,"href":"https:\/\/www.sarlux.saras.it\/it\/wp-json\/wp\/v2\/posts\/538160\/revisions\/542602"}],"wp:featuredmedia":[{"embeddable":true,"href":"https:\/\/www.sarlux.saras.it\/it\/wp-json\/wp\/v2\/media\/538135"}],"wp:attachment":[{"href":"https:\/\/www.sarlux.saras.it\/it\/wp-json\/wp\/v2\/media?parent=538160"}],"wp:term":[{"taxonomy":"category","embeddable":true,"href":"https:\/\/www.sarlux.saras.it\/it\/wp-json\/wp\/v2\/categories?post=538160"},{"taxonomy":"post_tag","embeddable":true,"href":"https:\/\/www.sarlux.saras.it\/it\/wp-json\/wp\/v2\/tags?post=538160"}],"curies":[{"name":"wp","href":"https:\/\/api.w.org\/{rel}","templated":true}]}}