{"id":541101,"date":"2019-11-22T09:29:09","date_gmt":"2019-11-22T09:29:09","guid":{"rendered":"https:\/\/www.sarlux.saras.it\/?p=541101"},"modified":"2019-12-11T11:35:53","modified_gmt":"2019-12-11T11:35:53","slug":"saras-per-il-territorio-diffusione-di-competenze-e-sviluppi-occupazionali","status":"publish","type":"post","link":"https:\/\/www.sarlux.saras.it\/it\/saras-per-il-territorio-diffusione-di-competenze-e-sviluppi-occupazionali\/","title":{"rendered":"Saras per il territorio: diffusione di competenze e sviluppi occupazionali"},"content":{"rendered":"<div class=\"wpb-content-wrapper\"><p>[vc_row disable_element=&#8221;yes&#8221;][vc_column][vc_empty_space height=&#8221;16px&#8221;][vc_column_text]Saras per il territorio: diffusione di competenze e sviluppi occupazionali[\/vc_column_text][vc_empty_space height=&#8221;16px&#8221;][\/vc_column][\/vc_row][vc_row][vc_column width=&#8221;1\/2&#8243;][vc_single_image image=&#8221;541089&#8243; img_size=&#8221;full&#8221;][\/vc_column][vc_column width=&#8221;1\/2&#8243;][vc_single_image image=&#8221;541091&#8243; img_size=&#8221;full&#8221;][\/vc_column][\/vc_row][vc_row][vc_column][vc_column_text]Il Gruppo Saras ha messo a disposizione il proprio supporto metodologico e tecnico-scientifico per il progetto di formazione \u201cTecnico elettrico strumentale\u201d promosso dal Comune di Sarroch e da Confindustria Sardegna Meridionale, con la partnership sinergica dell\u2019Agenzia per il lavoro Etjca, dell\u2019Agenzia formativa Gap e con le aziende leader del comparto elettrostrumentale ESO, COSATEC e SITIE.<br \/>\nConsiderate le opportunit\u00e0 del settore di riferimento, la qualit\u00e0 delle docenze d\u2019aula e dei laboratori pratici attivati, questa iniziativa rappresenta un concreto caso di percorso formativo basato sulle effettive esigenze del mercato del lavoro e realizzato a seguito dei fabbisogni di professionalit\u00e0 derivanti dai programmi di investimento del Gruppo nel sito industriale Sarlux.Gli allievi che hanno concluso positivamente il corso, seguono un iter di inserimento lavorativo nelle aziende durante il quale sperimentano sul campo le competenze acquisite.[\/vc_column_text][\/vc_column][\/vc_row][vc_row][vc_column][vc_empty_space height=&#8221;8px&#8221;][\/vc_column][\/vc_row][vc_row][vc_column width=&#8221;1\/2&#8243;][vc_single_image image=&#8221;541084&#8243; img_size=&#8221;full&#8221;][\/vc_column][vc_column width=&#8221;1\/2&#8243;][vc_single_image image=&#8221;541088&#8243; img_size=&#8221;full&#8221;][\/vc_column][\/vc_row][vc_row][vc_column][vc_empty_space height=&#8221;16px&#8221;][vc_column_text]I rappresentanti degli enti promotori sottolineano che l\u2019iniziativa rappresenta un\u2019opportunit\u00e0 ad alto valore aggiunto, particolarmente utile per superare il gap esistente tra le professionalit\u00e0 presenti nel mercato locale e le figure specialistiche effettivamente ricercate dalle imprese.Sarlux ha messo a disposizione le proprie competenze ed esprime soddisfazione per la concretezza dei risultati che consentono la condivisione della propria cultura industriale con le nuove generazioni.Uno dei valori fondamentali per il Gruppo Saras \u00e8 creare valore sostenibile, un\u2019azienda \u00e8 realmente sostenibile quando, oltre a impegnarsi per difendere l\u2019ambiente, garantisce importanti ricadute occupazionali sul territorio che la ospita.Ora l\u2019obiettivo \u00e8 quello di favorire lo sviluppo di altre iniziative analoghe, per rispondere sempre pi\u00f9 efficacemente alle reali esigenze delle imprese e agli sviluppi occupazionali del territorio nel quale operano.[\/vc_column_text][vc_empty_space height=&#8221;8px&#8221;][\/vc_column][\/vc_row][vc_row][vc_column width=&#8221;1\/2&#8243;][vc_single_image image=&#8221;541093&#8243; img_size=&#8221;full&#8221;][\/vc_column][vc_column width=&#8221;1\/2&#8243;][vc_single_image image=&#8221;541085&#8243; img_size=&#8221;full&#8221;][\/vc_column][\/vc_row][vc_row][vc_column][vc_empty_space height=&#8221;8px&#8221;][vc_icon icon_fontawesome=&#8221;fa fa-cog&#8221; size=&#8221;sm&#8221; align=&#8221;center&#8221;][\/vc_column][\/vc_row][vc_row css=&#8221;.vc_custom_1573824572027{background-color: #f7f7f7 !important;}&#8221;][vc_column][vc_column_text]Il corso, destinato a 20 giovani provenienti da Sarroch, Villa San Pietro, Pula e Capoterra, \u00e8 durato complessivamente 240 ore. Le modalit\u00e0 del corso sono state particolarmente innovative, si sono infatti alternati attivit\u00e0 d\u2019aula, momenti di addestramento pratico in laboratorio (presso Villa Siotto a Sarroch) e attivit\u00e0 in affiancamento presso le officine delle imprese partner.[\/vc_column_text][\/vc_column][\/vc_row][vc_row][vc_column][vc_icon icon_fontawesome=&#8221;fa fa-cog&#8221; size=&#8221;sm&#8221; align=&#8221;center&#8221;][vc_empty_space height=&#8221;16px&#8221;][vc_column_text]Il Gruppo Saras \u00e8 uno dei principali operatori europei nella raffinazione del petrolio ed \u00e8 attivo anche nel settore della produzione di energia elettrica. Direttamente e attraverso le proprie controllate, il Gruppo vende e distribuisce prodotti petroliferi nei mercati nazionali e internazionali. Inoltre, il Gruppo produce e vende energia elettrica attraverso le controllate Sarlux Srl (impianto IGCC) e Sardeolica Srl (parco eolico). Il Gruppo offre poi servizi di ingegneria industriale per il settore petrolifero, dell\u2019energia e dell\u2019ambiente attraverso la controllata Sartec Srl.[\/vc_column_text][vc_empty_space][\/vc_column][\/vc_row]<\/p>\n<\/div>","protected":false},"excerpt":{"rendered":"<p>Il Gruppo Saras ha messo a disposizione il proprio supporto metodologico e tecnico-scientifico per il progetto di formazione \u201cTecnico elettrico strumentale\u201d promosso dal Comune di Sarroch e da Confindustria Sardegna Meridionale. Un concreto caso di percorso formativo basato sulle effettive esigenze del mercato del lavoro e realizzato a seguito dei fabbisogni di professionalit\u00e0 derivanti dai programmi di investimento del Gruppo nel sito industriale Sarlux.<\/p>\n","protected":false},"author":2,"featured_media":541089,"comment_status":"closed","ping_status":"open","sticky":false,"template":"","format":"standard","meta":{"_acf_changed":false,"inline_featured_image":false,"footnotes":""},"categories":[26,17],"tags":[62,138,35,135,97,29,120,32,117,108,50,105,53,71,132,126,114],"class_list":["post-541101","post","type-post","status-publish","format-standard","has-post-thumbnail","hentry","category-home-it","category-news","tag-borsa-studio","tag-cultura","tag-educazione","tag-formazione","tag-gruppo-saras","tag-impegno-sociale","tag-lavoro","tag-le-nostre-persone","tag-occupazione","tag-raffineria","tag-saras","tag-sardegna","tag-sarlux","tag-sarroch","tag-scuola","tag-sviluppo","tag-territorio"],"acf":[],"yoast_head":"<!-- This site is optimized with the Yoast SEO plugin v27.3 - https:\/\/yoast.com\/product\/yoast-seo-wordpress\/ -->\n<title>Saras per il territorio: diffusione di competenze e sviluppi occupazionali - Sarlux Saras | Refining &amp; Power<\/title>\n<meta name=\"robots\" content=\"index, follow, max-snippet:-1, max-image-preview:large, max-video-preview:-1\" \/>\n<link rel=\"canonical\" href=\"https:\/\/www.sarlux.saras.it\/it\/saras-per-il-territorio-diffusione-di-competenze-e-sviluppi-occupazionali\/\" \/>\n<meta property=\"og:locale\" content=\"it_IT\" \/>\n<meta property=\"og:type\" content=\"article\" \/>\n<meta property=\"og:title\" content=\"Saras per il territorio: diffusione di competenze e sviluppi occupazionali - Sarlux Saras | Refining &amp; Power\" \/>\n<meta property=\"og:description\" content=\"Il Gruppo Saras ha messo a disposizione il proprio supporto metodologico e tecnico-scientifico per il progetto di formazione \u201cTecnico elettrico strumentale\u201d promosso dal Comune di Sarroch e da Confindustria Sardegna Meridionale. Un concreto caso di percorso formativo basato sulle effettive esigenze del mercato del lavoro e realizzato a seguito dei fabbisogni di professionalit\u00e0 derivanti dai programmi di investimento del Gruppo nel sito industriale Sarlux.\" \/>\n<meta property=\"og:url\" content=\"https:\/\/www.sarlux.saras.it\/it\/saras-per-il-territorio-diffusione-di-competenze-e-sviluppi-occupazionali\/\" \/>\n<meta property=\"og:site_name\" content=\"Sarlux Saras | Refining &amp; Power\" \/>\n<meta property=\"article:published_time\" content=\"2019-11-22T09:29:09+00:00\" \/>\n<meta property=\"article:modified_time\" content=\"2019-12-11T11:35:53+00:00\" \/>\n<meta property=\"og:image\" content=\"https:\/\/www.sarlux.saras.it\/wp-content\/uploads\/2019\/11\/cover-Saras-Sarlux-tecnico-elettrico-strumentale-169-DPS_5818.jpg\" \/>\n\t<meta property=\"og:image:width\" content=\"1440\" \/>\n\t<meta property=\"og:image:height\" content=\"661\" \/>\n\t<meta property=\"og:image:type\" content=\"image\/jpeg\" \/>\n<meta name=\"author\" content=\"newsarlux\" \/>\n<meta name=\"twitter:card\" content=\"summary_large_image\" \/>\n<meta name=\"twitter:label1\" content=\"Scritto da\" \/>\n\t<meta name=\"twitter:data1\" content=\"newsarlux\" \/>\n\t<meta name=\"twitter:label2\" content=\"Tempo di lettura stimato\" \/>\n\t<meta name=\"twitter:data2\" content=\"3 minuti\" \/>\n<script type=\"application\/ld+json\" class=\"yoast-schema-graph\">{\"@context\":\"https:\\\/\\\/schema.org\",\"@graph\":[{\"@type\":\"Article\",\"@id\":\"https:\\\/\\\/www.sarlux.saras.it\\\/it\\\/saras-per-il-territorio-diffusione-di-competenze-e-sviluppi-occupazionali\\\/#article\",\"isPartOf\":{\"@id\":\"https:\\\/\\\/www.sarlux.saras.it\\\/it\\\/saras-per-il-territorio-diffusione-di-competenze-e-sviluppi-occupazionali\\\/\"},\"author\":{\"name\":\"newsarlux\",\"@id\":\"https:\\\/\\\/www.sarlux.saras.it\\\/it\\\/#\\\/schema\\\/person\\\/c7561934b223f17087f8e08f41b37b83\"},\"headline\":\"Saras per il territorio: diffusione di competenze e sviluppi occupazionali\",\"datePublished\":\"2019-11-22T09:29:09+00:00\",\"dateModified\":\"2019-12-11T11:35:53+00:00\",\"mainEntityOfPage\":{\"@id\":\"https:\\\/\\\/www.sarlux.saras.it\\\/it\\\/saras-per-il-territorio-diffusione-di-competenze-e-sviluppi-occupazionali\\\/\"},\"wordCount\":659,\"publisher\":{\"@id\":\"https:\\\/\\\/www.sarlux.saras.it\\\/it\\\/#organization\"},\"image\":{\"@id\":\"https:\\\/\\\/www.sarlux.saras.it\\\/it\\\/saras-per-il-territorio-diffusione-di-competenze-e-sviluppi-occupazionali\\\/#primaryimage\"},\"thumbnailUrl\":\"https:\\\/\\\/www.sarlux.saras.it\\\/wp-content\\\/uploads\\\/2019\\\/11\\\/cover-Saras-Sarlux-tecnico-elettrico-strumentale-169-DPS_5818.jpg\",\"keywords\":[\"Borsa studio\",\"cultura\",\"Educazione\",\"formazione\",\"Gruppo Saras\",\"Impegno sociale\",\"lavoro\",\"Le nostre persone\",\"occupazione\",\"raffineria\",\"Saras\",\"sardegna\",\"Sarlux\",\"Sarroch\",\"scuola\",\"sviluppo\",\"territorio\"],\"articleSection\":[\"home\",\"News\"],\"inLanguage\":\"it-IT\"},{\"@type\":\"WebPage\",\"@id\":\"https:\\\/\\\/www.sarlux.saras.it\\\/it\\\/saras-per-il-territorio-diffusione-di-competenze-e-sviluppi-occupazionali\\\/\",\"url\":\"https:\\\/\\\/www.sarlux.saras.it\\\/it\\\/saras-per-il-territorio-diffusione-di-competenze-e-sviluppi-occupazionali\\\/\",\"name\":\"Saras per il territorio: diffusione di competenze e sviluppi occupazionali - Sarlux Saras | Refining & Power\",\"isPartOf\":{\"@id\":\"https:\\\/\\\/www.sarlux.saras.it\\\/it\\\/#website\"},\"primaryImageOfPage\":{\"@id\":\"https:\\\/\\\/www.sarlux.saras.it\\\/it\\\/saras-per-il-territorio-diffusione-di-competenze-e-sviluppi-occupazionali\\\/#primaryimage\"},\"image\":{\"@id\":\"https:\\\/\\\/www.sarlux.saras.it\\\/it\\\/saras-per-il-territorio-diffusione-di-competenze-e-sviluppi-occupazionali\\\/#primaryimage\"},\"thumbnailUrl\":\"https:\\\/\\\/www.sarlux.saras.it\\\/wp-content\\\/uploads\\\/2019\\\/11\\\/cover-Saras-Sarlux-tecnico-elettrico-strumentale-169-DPS_5818.jpg\",\"datePublished\":\"2019-11-22T09:29:09+00:00\",\"dateModified\":\"2019-12-11T11:35:53+00:00\",\"breadcrumb\":{\"@id\":\"https:\\\/\\\/www.sarlux.saras.it\\\/it\\\/saras-per-il-territorio-diffusione-di-competenze-e-sviluppi-occupazionali\\\/#breadcrumb\"},\"inLanguage\":\"it-IT\",\"potentialAction\":[{\"@type\":\"ReadAction\",\"target\":[\"https:\\\/\\\/www.sarlux.saras.it\\\/it\\\/saras-per-il-territorio-diffusione-di-competenze-e-sviluppi-occupazionali\\\/\"]}]},{\"@type\":\"ImageObject\",\"inLanguage\":\"it-IT\",\"@id\":\"https:\\\/\\\/www.sarlux.saras.it\\\/it\\\/saras-per-il-territorio-diffusione-di-competenze-e-sviluppi-occupazionali\\\/#primaryimage\",\"url\":\"https:\\\/\\\/www.sarlux.saras.it\\\/wp-content\\\/uploads\\\/2019\\\/11\\\/cover-Saras-Sarlux-tecnico-elettrico-strumentale-169-DPS_5818.jpg\",\"contentUrl\":\"https:\\\/\\\/www.sarlux.saras.it\\\/wp-content\\\/uploads\\\/2019\\\/11\\\/cover-Saras-Sarlux-tecnico-elettrico-strumentale-169-DPS_5818.jpg\",\"width\":1440,\"height\":661},{\"@type\":\"BreadcrumbList\",\"@id\":\"https:\\\/\\\/www.sarlux.saras.it\\\/it\\\/saras-per-il-territorio-diffusione-di-competenze-e-sviluppi-occupazionali\\\/#breadcrumb\",\"itemListElement\":[{\"@type\":\"ListItem\",\"position\":1,\"name\":\"Home\",\"item\":\"https:\\\/\\\/www.sarlux.saras.it\\\/it\\\/\"},{\"@type\":\"ListItem\",\"position\":2,\"name\":\"Saras per il territorio: diffusione di competenze e sviluppi occupazionali\"}]},{\"@type\":\"WebSite\",\"@id\":\"https:\\\/\\\/www.sarlux.saras.it\\\/it\\\/#website\",\"url\":\"https:\\\/\\\/www.sarlux.saras.it\\\/it\\\/\",\"name\":\"Sarlux\",\"description\":\"\",\"publisher\":{\"@id\":\"https:\\\/\\\/www.sarlux.saras.it\\\/it\\\/#organization\"},\"potentialAction\":[{\"@type\":\"SearchAction\",\"target\":{\"@type\":\"EntryPoint\",\"urlTemplate\":\"https:\\\/\\\/www.sarlux.saras.it\\\/it\\\/?s={search_term_string}\"},\"query-input\":{\"@type\":\"PropertyValueSpecification\",\"valueRequired\":true,\"valueName\":\"search_term_string\"}}],\"inLanguage\":\"it-IT\"},{\"@type\":\"Organization\",\"@id\":\"https:\\\/\\\/www.sarlux.saras.it\\\/it\\\/#organization\",\"name\":\"Sarlux\",\"url\":\"https:\\\/\\\/www.sarlux.saras.it\\\/it\\\/\",\"logo\":{\"@type\":\"ImageObject\",\"inLanguage\":\"it-IT\",\"@id\":\"https:\\\/\\\/www.sarlux.saras.it\\\/it\\\/#\\\/schema\\\/logo\\\/image\\\/\",\"url\":\"https:\\\/\\\/www.sarlux.saras.it\\\/wp-content\\\/uploads\\\/2017\\\/12\\\/logo-pc-1.png\",\"contentUrl\":\"https:\\\/\\\/www.sarlux.saras.it\\\/wp-content\\\/uploads\\\/2017\\\/12\\\/logo-pc-1.png\",\"width\":184,\"height\":86,\"caption\":\"Sarlux\"},\"image\":{\"@id\":\"https:\\\/\\\/www.sarlux.saras.it\\\/it\\\/#\\\/schema\\\/logo\\\/image\\\/\"}},{\"@type\":\"Person\",\"@id\":\"https:\\\/\\\/www.sarlux.saras.it\\\/it\\\/#\\\/schema\\\/person\\\/c7561934b223f17087f8e08f41b37b83\",\"name\":\"newsarlux\",\"image\":{\"@type\":\"ImageObject\",\"inLanguage\":\"it-IT\",\"@id\":\"https:\\\/\\\/secure.gravatar.com\\\/avatar\\\/eb7f74d52340ebedd5480701fcdd6d2904abef8cdb3a51882f629f2dd32d610d?s=96&d=mm&r=g\",\"url\":\"https:\\\/\\\/secure.gravatar.com\\\/avatar\\\/eb7f74d52340ebedd5480701fcdd6d2904abef8cdb3a51882f629f2dd32d610d?s=96&d=mm&r=g\",\"contentUrl\":\"https:\\\/\\\/secure.gravatar.com\\\/avatar\\\/eb7f74d52340ebedd5480701fcdd6d2904abef8cdb3a51882f629f2dd32d610d?s=96&d=mm&r=g\",\"caption\":\"newsarlux\"},\"url\":\"\"}]}<\/script>\n<!-- \/ Yoast SEO plugin. -->","yoast_head_json":{"title":"Saras per il territorio: diffusione di competenze e sviluppi occupazionali - Sarlux Saras | Refining & Power","robots":{"index":"index","follow":"follow","max-snippet":"max-snippet:-1","max-image-preview":"max-image-preview:large","max-video-preview":"max-video-preview:-1"},"canonical":"https:\/\/www.sarlux.saras.it\/it\/saras-per-il-territorio-diffusione-di-competenze-e-sviluppi-occupazionali\/","og_locale":"it_IT","og_type":"article","og_title":"Saras per il territorio: diffusione di competenze e sviluppi occupazionali - Sarlux Saras | Refining & Power","og_description":"Il Gruppo Saras ha messo a disposizione il proprio supporto metodologico e tecnico-scientifico per il progetto di formazione \u201cTecnico elettrico strumentale\u201d promosso dal Comune di Sarroch e da Confindustria Sardegna Meridionale. Un concreto caso di percorso formativo basato sulle effettive esigenze del mercato del lavoro e realizzato a seguito dei fabbisogni di professionalit\u00e0 derivanti dai programmi di investimento del Gruppo nel sito industriale Sarlux.","og_url":"https:\/\/www.sarlux.saras.it\/it\/saras-per-il-territorio-diffusione-di-competenze-e-sviluppi-occupazionali\/","og_site_name":"Sarlux Saras | Refining & Power","article_published_time":"2019-11-22T09:29:09+00:00","article_modified_time":"2019-12-11T11:35:53+00:00","og_image":[{"width":1440,"height":661,"url":"https:\/\/www.sarlux.saras.it\/wp-content\/uploads\/2019\/11\/cover-Saras-Sarlux-tecnico-elettrico-strumentale-169-DPS_5818.jpg","type":"image\/jpeg"}],"author":"newsarlux","twitter_card":"summary_large_image","twitter_misc":{"Scritto da":"newsarlux","Tempo di lettura stimato":"3 minuti"},"schema":{"@context":"https:\/\/schema.org","@graph":[{"@type":"Article","@id":"https:\/\/www.sarlux.saras.it\/it\/saras-per-il-territorio-diffusione-di-competenze-e-sviluppi-occupazionali\/#article","isPartOf":{"@id":"https:\/\/www.sarlux.saras.it\/it\/saras-per-il-territorio-diffusione-di-competenze-e-sviluppi-occupazionali\/"},"author":{"name":"newsarlux","@id":"https:\/\/www.sarlux.saras.it\/it\/#\/schema\/person\/c7561934b223f17087f8e08f41b37b83"},"headline":"Saras per il territorio: diffusione di competenze e sviluppi occupazionali","datePublished":"2019-11-22T09:29:09+00:00","dateModified":"2019-12-11T11:35:53+00:00","mainEntityOfPage":{"@id":"https:\/\/www.sarlux.saras.it\/it\/saras-per-il-territorio-diffusione-di-competenze-e-sviluppi-occupazionali\/"},"wordCount":659,"publisher":{"@id":"https:\/\/www.sarlux.saras.it\/it\/#organization"},"image":{"@id":"https:\/\/www.sarlux.saras.it\/it\/saras-per-il-territorio-diffusione-di-competenze-e-sviluppi-occupazionali\/#primaryimage"},"thumbnailUrl":"https:\/\/www.sarlux.saras.it\/wp-content\/uploads\/2019\/11\/cover-Saras-Sarlux-tecnico-elettrico-strumentale-169-DPS_5818.jpg","keywords":["Borsa studio","cultura","Educazione","formazione","Gruppo Saras","Impegno sociale","lavoro","Le nostre persone","occupazione","raffineria","Saras","sardegna","Sarlux","Sarroch","scuola","sviluppo","territorio"],"articleSection":["home","News"],"inLanguage":"it-IT"},{"@type":"WebPage","@id":"https:\/\/www.sarlux.saras.it\/it\/saras-per-il-territorio-diffusione-di-competenze-e-sviluppi-occupazionali\/","url":"https:\/\/www.sarlux.saras.it\/it\/saras-per-il-territorio-diffusione-di-competenze-e-sviluppi-occupazionali\/","name":"Saras per il territorio: diffusione di competenze e sviluppi occupazionali - Sarlux Saras | Refining & Power","isPartOf":{"@id":"https:\/\/www.sarlux.saras.it\/it\/#website"},"primaryImageOfPage":{"@id":"https:\/\/www.sarlux.saras.it\/it\/saras-per-il-territorio-diffusione-di-competenze-e-sviluppi-occupazionali\/#primaryimage"},"image":{"@id":"https:\/\/www.sarlux.saras.it\/it\/saras-per-il-territorio-diffusione-di-competenze-e-sviluppi-occupazionali\/#primaryimage"},"thumbnailUrl":"https:\/\/www.sarlux.saras.it\/wp-content\/uploads\/2019\/11\/cover-Saras-Sarlux-tecnico-elettrico-strumentale-169-DPS_5818.jpg","datePublished":"2019-11-22T09:29:09+00:00","dateModified":"2019-12-11T11:35:53+00:00","breadcrumb":{"@id":"https:\/\/www.sarlux.saras.it\/it\/saras-per-il-territorio-diffusione-di-competenze-e-sviluppi-occupazionali\/#breadcrumb"},"inLanguage":"it-IT","potentialAction":[{"@type":"ReadAction","target":["https:\/\/www.sarlux.saras.it\/it\/saras-per-il-territorio-diffusione-di-competenze-e-sviluppi-occupazionali\/"]}]},{"@type":"ImageObject","inLanguage":"it-IT","@id":"https:\/\/www.sarlux.saras.it\/it\/saras-per-il-territorio-diffusione-di-competenze-e-sviluppi-occupazionali\/#primaryimage","url":"https:\/\/www.sarlux.saras.it\/wp-content\/uploads\/2019\/11\/cover-Saras-Sarlux-tecnico-elettrico-strumentale-169-DPS_5818.jpg","contentUrl":"https:\/\/www.sarlux.saras.it\/wp-content\/uploads\/2019\/11\/cover-Saras-Sarlux-tecnico-elettrico-strumentale-169-DPS_5818.jpg","width":1440,"height":661},{"@type":"BreadcrumbList","@id":"https:\/\/www.sarlux.saras.it\/it\/saras-per-il-territorio-diffusione-di-competenze-e-sviluppi-occupazionali\/#breadcrumb","itemListElement":[{"@type":"ListItem","position":1,"name":"Home","item":"https:\/\/www.sarlux.saras.it\/it\/"},{"@type":"ListItem","position":2,"name":"Saras per il territorio: diffusione di competenze e sviluppi occupazionali"}]},{"@type":"WebSite","@id":"https:\/\/www.sarlux.saras.it\/it\/#website","url":"https:\/\/www.sarlux.saras.it\/it\/","name":"Sarlux","description":"","publisher":{"@id":"https:\/\/www.sarlux.saras.it\/it\/#organization"},"potentialAction":[{"@type":"SearchAction","target":{"@type":"EntryPoint","urlTemplate":"https:\/\/www.sarlux.saras.it\/it\/?s={search_term_string}"},"query-input":{"@type":"PropertyValueSpecification","valueRequired":true,"valueName":"search_term_string"}}],"inLanguage":"it-IT"},{"@type":"Organization","@id":"https:\/\/www.sarlux.saras.it\/it\/#organization","name":"Sarlux","url":"https:\/\/www.sarlux.saras.it\/it\/","logo":{"@type":"ImageObject","inLanguage":"it-IT","@id":"https:\/\/www.sarlux.saras.it\/it\/#\/schema\/logo\/image\/","url":"https:\/\/www.sarlux.saras.it\/wp-content\/uploads\/2017\/12\/logo-pc-1.png","contentUrl":"https:\/\/www.sarlux.saras.it\/wp-content\/uploads\/2017\/12\/logo-pc-1.png","width":184,"height":86,"caption":"Sarlux"},"image":{"@id":"https:\/\/www.sarlux.saras.it\/it\/#\/schema\/logo\/image\/"}},{"@type":"Person","@id":"https:\/\/www.sarlux.saras.it\/it\/#\/schema\/person\/c7561934b223f17087f8e08f41b37b83","name":"newsarlux","image":{"@type":"ImageObject","inLanguage":"it-IT","@id":"https:\/\/secure.gravatar.com\/avatar\/eb7f74d52340ebedd5480701fcdd6d2904abef8cdb3a51882f629f2dd32d610d?s=96&d=mm&r=g","url":"https:\/\/secure.gravatar.com\/avatar\/eb7f74d52340ebedd5480701fcdd6d2904abef8cdb3a51882f629f2dd32d610d?s=96&d=mm&r=g","contentUrl":"https:\/\/secure.gravatar.com\/avatar\/eb7f74d52340ebedd5480701fcdd6d2904abef8cdb3a51882f629f2dd32d610d?s=96&d=mm&r=g","caption":"newsarlux"},"url":""}]}},"_links":{"self":[{"href":"https:\/\/www.sarlux.saras.it\/it\/wp-json\/wp\/v2\/posts\/541101","targetHints":{"allow":["GET"]}}],"collection":[{"href":"https:\/\/www.sarlux.saras.it\/it\/wp-json\/wp\/v2\/posts"}],"about":[{"href":"https:\/\/www.sarlux.saras.it\/it\/wp-json\/wp\/v2\/types\/post"}],"author":[{"embeddable":true,"href":"https:\/\/www.sarlux.saras.it\/it\/wp-json\/wp\/v2\/users\/2"}],"replies":[{"embeddable":true,"href":"https:\/\/www.sarlux.saras.it\/it\/wp-json\/wp\/v2\/comments?post=541101"}],"version-history":[{"count":5,"href":"https:\/\/www.sarlux.saras.it\/it\/wp-json\/wp\/v2\/posts\/541101\/revisions"}],"predecessor-version":[{"id":541277,"href":"https:\/\/www.sarlux.saras.it\/it\/wp-json\/wp\/v2\/posts\/541101\/revisions\/541277"}],"wp:featuredmedia":[{"embeddable":true,"href":"https:\/\/www.sarlux.saras.it\/it\/wp-json\/wp\/v2\/media\/541089"}],"wp:attachment":[{"href":"https:\/\/www.sarlux.saras.it\/it\/wp-json\/wp\/v2\/media?parent=541101"}],"wp:term":[{"taxonomy":"category","embeddable":true,"href":"https:\/\/www.sarlux.saras.it\/it\/wp-json\/wp\/v2\/categories?post=541101"},{"taxonomy":"post_tag","embeddable":true,"href":"https:\/\/www.sarlux.saras.it\/it\/wp-json\/wp\/v2\/tags?post=541101"}],"curies":[{"name":"wp","href":"https:\/\/api.w.org\/{rel}","templated":true}]}}