{"id":541174,"date":"2019-12-02T17:25:19","date_gmt":"2019-12-02T17:25:19","guid":{"rendered":"https:\/\/www.sarlux.saras.it\/?p=541174"},"modified":"2020-02-24T09:24:29","modified_gmt":"2020-02-24T09:24:29","slug":"dichiarazione-ambientale-2019","status":"publish","type":"post","link":"https:\/\/www.sarlux.saras.it\/it\/dichiarazione-ambientale-2019\/","title":{"rendered":"Dichiarazione ambientale 2019"},"content":{"rendered":"<div class=\"wpb-content-wrapper\"><p>[vc_row][vc_column][vc_column_text]<strong>Approvata dal Ministero dell\u2019Ambiente, la Dichiarazione ambientale illustra le attivit\u00e0 svolte, gli aspetti ambientali e gli obiettivi che Sarlux, societ\u00e0 del Gruppo Saras, si \u00e8 prefissata per una crescente sostenibilit\u00e0.<\/strong><\/p>\n<p><strong>Essere innovativi e creare valore sostenibile<\/strong>, rimanendo parte integrante e riferimento della comunit\u00e0, \u00e8 il focus di ogni azione di Sarlux.[\/vc_column_text][\/vc_column][\/vc_row][vc_row][vc_column][vc_empty_space height=&#8221;8px&#8221;][\/vc_column][\/vc_row][vc_row][vc_column width=&#8221;2\/3&#8243;][vc_single_image image=&#8221;541202&#8243; img_size=&#8221;full&#8221;][\/vc_column][vc_column width=&#8221;1\/3&#8243;][vc_column_text]<strong>I dati prestazionali della raffineria<\/strong> pubblicati nella <strong>Dichiarazione ambientale 2019<\/strong> (qui disponibile in download) sono stati <strong>convalidati dal Lloyd\u2019s Register Quality Assurance (LRQA Italy) <\/strong><strong>che ha certificato la conformit\u00e0 dei dati ambientali registrati nel sito industriale Sarlux alle norme dei regolamenti EMAS.\u00a0<\/strong>[\/vc_column_text][vc_single_image image=&#8221;541186&#8243; img_size=&#8221;120&#215;204&#8243;][vc_column_text]Dal 2008 Sarlux ha scelto di aderire al <strong>Sistema comunitario di ecogestione e audit (EMAS \u2013 Eco-Management and Audit Scheme)<\/strong>, uno strumento creato dalla Comunit\u00e0 europea per contribuire alla <strong>realizzazione di uno sviluppo economico sostenibile<\/strong>, ponendo in rilievo il ruolo e la responsabilit\u00e0 delle imprese.[\/vc_column_text][\/vc_column][\/vc_row][vc_row][vc_column][vc_empty_space height=&#8221;16px&#8221;][vc_column_text]La pubblicazione annuale della Dichiarazione ambientale rappresenta un momento importante per tutta l\u2019organizzazione Sarlux in quanto fornisce, in un <strong>dialogo aperto e trasparente con i cittadini, le istituzioni e in particolare gli stakeholder<\/strong>, approfondite informazioni sulle prestazioni ambientali dei processi produttivi dello stabilimento.<\/p>\n<p>L\u2019andamento delle performance ambientali registrate nel 2018 testimonia l\u2019impegno di Sarlux per un <strong>miglioramento continuo<\/strong> in diversi ambiti, come ambiente, sicurezza e salute dei lavoratori e conferma l\u2019attenzione verso tutti i portatori di interesse, con particolare riferimento a quelli locali.[\/vc_column_text][vc_empty_space height=&#8221;8px&#8221;][\/vc_column][\/vc_row][vc_row][vc_column width=&#8221;1\/2&#8243;][vc_single_image image=&#8221;541192&#8243; img_size=&#8221;full&#8221;][vc_empty_space height=&#8221;8px&#8221;][\/vc_column][vc_column width=&#8221;1\/2&#8243;][vc_single_image image=&#8221;541194&#8243; img_size=&#8221;full&#8221;][vc_empty_space height=&#8221;8px&#8221;][\/vc_column][\/vc_row][vc_row css=&#8221;.vc_custom_1573824572027{background-color: #f7f7f7 !important;}&#8221;][vc_column][vc_column_text]Il consolidamento dell\u2019attivit\u00e0 in coerenza con uno <strong>sviluppo sostenibile<\/strong> trova conferma sia nell\u2019importante <strong>piano di investimenti avviato<\/strong>, sia nell\u2019impegno alla <strong>continua ricerca di innovazioni che rimane il tratto distintivo del Gruppo Saras.<\/strong><\/p>\n<p>Nel 2018 sono stati industrializzati la maggior parte dei progetti pilota lanciati nel 2016-17 ed \u00e8 proseguito il programma di <strong>digitalizzazione #digitalSaras<\/strong> che sfrutta le potenzialit\u00e0 dell&#8217;industry 4.0 e punta a operare <strong>un\u2019evoluzione tecnologica e di mentalit\u00e0<\/strong>: oltre all\u2019individuazione di <strong>numerose tecnologie digitali<\/strong> incentrate sulla capacit\u00e0 di <strong>migliorare il lavoro del personale e ottimizzare i processi produttivi<\/strong>, il piano coinvolge, infatti, vari aspetti della \u00abvita aziendale\u00bb.<\/p>\n<p><strong>Nel piano industriale 2019-2022 sono stati previsti 830 milioni di investimenti con l\u2019obiettivo di restare leader operativi e tecnologici del settore della raffinazione, nel rispetto della comunit\u00e0.<\/strong>[\/vc_column_text][\/vc_column][\/vc_row][vc_row][vc_column][vc_icon icon_fontawesome=&#8221;fa fa-cog&#8221; size=&#8221;sm&#8221; align=&#8221;center&#8221;][vc_empty_space height=&#8221;16px&#8221;][vc_column_text]Il Gruppo Saras \u00e8 uno dei principali operatori europei nella raffinazione del petrolio ed \u00e8 attivo anche nel settore della produzione di energia elettrica. Direttamente e attraverso le proprie controllate, il Gruppo vende e distribuisce prodotti petroliferi nei mercati nazionali e internazionali. Inoltre, il Gruppo produce e vende energia elettrica attraverso le controllate Sarlux Srl (impianto IGCC) e Sardeolica Srl (parco eolico). Il Gruppo offre poi servizi di ingegneria industriale per il settore petrolifero, dell\u2019energia e dell\u2019ambiente attraverso la controllata Sartec Srl.[\/vc_column_text][vc_empty_space][\/vc_column][\/vc_row]<\/p>\n<\/div>","protected":false},"excerpt":{"rendered":"<p>La Dichiarazione ambientale, approvata dal Ministero dell\u2019Ambiente, illustra le attivit\u00e0 svolte, gli aspetti ambientali e gli obiettivi che Sarlux, societ\u00e0 del Gruppo Saras, si \u00e8 prefissata per una crescente sostenibilit\u00e0. Il sogno di Sarlux \u00e8 di essere innovativa e creare valore sostenibile, rimanendo parte integrante e riferimento della comunit\u00e0.<\/p>\n","protected":false},"author":2,"featured_media":541194,"comment_status":"closed","ping_status":"open","sticky":false,"template":"","format":"standard","meta":{"_acf_changed":false,"inline_featured_image":false,"footnotes":""},"categories":[26,17],"tags":[438,437,97,47,82,123,108,50,105,53,71,111,436,126,439],"class_list":["post-541174","post","type-post","status-publish","format-standard","has-post-thumbnail","hentry","category-home-it","category-news","tag-comunita","tag-dialogo","tag-gruppo-saras","tag-industria-4-0","tag-innovazione","tag-investimenti","tag-raffineria","tag-saras","tag-sardegna","tag-sarlux","tag-sarroch","tag-sostenibilita","tag-stakeholder","tag-sviluppo","tag-trasparenza"],"acf":[],"yoast_head":"<!-- This site is optimized with the Yoast SEO plugin v27.3 - https:\/\/yoast.com\/product\/yoast-seo-wordpress\/ -->\n<title>Dichiarazione ambientale 2019 - Sarlux Saras | Refining &amp; Power<\/title>\n<meta name=\"description\" content=\"I dati prestazionali della raffineria pubblicati nella Dichiarazione ambientale 2019 (qui disponibile in download) sono stati convalidati dal Lloyd\u2019s Register Quality Assurance (LRQA Italy) che ha certificato la conformit\u00e0 dei dati ambientali registrati nel sito industriale Sarlux alle norme dei regolamenti EMAS. La Dichiarazione ambientale illustra le attivit\u00e0 svolte, gli aspetti ambientali e gli obiettivi che Sarlux, societ\u00e0 del Gruppo Saras, si \u00e8 prefissata per una crescente sostenibilit\u00e0.\" \/>\n<meta name=\"robots\" content=\"index, follow, max-snippet:-1, max-image-preview:large, max-video-preview:-1\" \/>\n<link rel=\"canonical\" href=\"https:\/\/www.sarlux.saras.it\/it\/dichiarazione-ambientale-2019\/\" \/>\n<meta property=\"og:locale\" content=\"it_IT\" \/>\n<meta property=\"og:type\" content=\"article\" \/>\n<meta property=\"og:title\" content=\"Dichiarazione ambientale 2019 - Sarlux Saras | Refining &amp; Power\" \/>\n<meta property=\"og:description\" content=\"I dati prestazionali della raffineria pubblicati nella Dichiarazione ambientale 2019 (qui disponibile in download) sono stati convalidati dal Lloyd\u2019s Register Quality Assurance (LRQA Italy) che ha certificato la conformit\u00e0 dei dati ambientali registrati nel sito industriale Sarlux alle norme dei regolamenti EMAS. La Dichiarazione ambientale illustra le attivit\u00e0 svolte, gli aspetti ambientali e gli obiettivi che Sarlux, societ\u00e0 del Gruppo Saras, si \u00e8 prefissata per una crescente sostenibilit\u00e0.\" \/>\n<meta property=\"og:url\" content=\"https:\/\/www.sarlux.saras.it\/it\/dichiarazione-ambientale-2019\/\" \/>\n<meta property=\"og:site_name\" content=\"Sarlux Saras | Refining &amp; Power\" \/>\n<meta property=\"article:published_time\" content=\"2019-12-02T17:25:19+00:00\" \/>\n<meta property=\"article:modified_time\" content=\"2020-02-24T09:24:29+00:00\" \/>\n<meta property=\"og:image\" content=\"https:\/\/www.sarlux.saras.it\/wp-content\/uploads\/2019\/12\/bunkeraggio-Sarlux-Saras-terminale-marittimo-094.jpg\" \/>\n\t<meta property=\"og:image:width\" content=\"1440\" \/>\n\t<meta property=\"og:image:height\" content=\"661\" \/>\n\t<meta property=\"og:image:type\" content=\"image\/jpeg\" \/>\n<meta name=\"author\" content=\"newsarlux\" \/>\n<meta name=\"twitter:card\" content=\"summary_large_image\" \/>\n<meta name=\"twitter:image\" content=\"https:\/\/www.sarlux.saras.it\/wp-content\/uploads\/2019\/12\/bunkeraggio-Sarlux-Saras-terminale-marittimo-094.jpg\" \/>\n<meta name=\"twitter:label1\" content=\"Scritto da\" \/>\n\t<meta name=\"twitter:data1\" content=\"newsarlux\" \/>\n\t<meta name=\"twitter:label2\" content=\"Tempo di lettura stimato\" \/>\n\t<meta name=\"twitter:data2\" content=\"3 minuti\" \/>\n<script type=\"application\/ld+json\" class=\"yoast-schema-graph\">{\"@context\":\"https:\\\/\\\/schema.org\",\"@graph\":[{\"@type\":\"Article\",\"@id\":\"https:\\\/\\\/www.sarlux.saras.it\\\/it\\\/dichiarazione-ambientale-2019\\\/#article\",\"isPartOf\":{\"@id\":\"https:\\\/\\\/www.sarlux.saras.it\\\/it\\\/dichiarazione-ambientale-2019\\\/\"},\"author\":{\"name\":\"newsarlux\",\"@id\":\"https:\\\/\\\/www.sarlux.saras.it\\\/it\\\/#\\\/schema\\\/person\\\/c7561934b223f17087f8e08f41b37b83\"},\"headline\":\"Dichiarazione ambientale 2019\",\"datePublished\":\"2019-12-02T17:25:19+00:00\",\"dateModified\":\"2020-02-24T09:24:29+00:00\",\"mainEntityOfPage\":{\"@id\":\"https:\\\/\\\/www.sarlux.saras.it\\\/it\\\/dichiarazione-ambientale-2019\\\/\"},\"wordCount\":615,\"publisher\":{\"@id\":\"https:\\\/\\\/www.sarlux.saras.it\\\/it\\\/#organization\"},\"image\":{\"@id\":\"https:\\\/\\\/www.sarlux.saras.it\\\/it\\\/dichiarazione-ambientale-2019\\\/#primaryimage\"},\"thumbnailUrl\":\"https:\\\/\\\/www.sarlux.saras.it\\\/wp-content\\\/uploads\\\/2019\\\/12\\\/bunkeraggio-Sarlux-Saras-terminale-marittimo-094.jpg\",\"keywords\":[\"comunit\u00e0\",\"dialogo\",\"Gruppo Saras\",\"industria 4.0\",\"Innovazione\",\"investimenti\",\"raffineria\",\"Saras\",\"sardegna\",\"Sarlux\",\"Sarroch\",\"sostenibilit\u00e0\",\"stakeholder\",\"sviluppo\",\"trasparenza\"],\"articleSection\":[\"home\",\"News\"],\"inLanguage\":\"it-IT\"},{\"@type\":\"WebPage\",\"@id\":\"https:\\\/\\\/www.sarlux.saras.it\\\/it\\\/dichiarazione-ambientale-2019\\\/\",\"url\":\"https:\\\/\\\/www.sarlux.saras.it\\\/it\\\/dichiarazione-ambientale-2019\\\/\",\"name\":\"Dichiarazione ambientale 2019 - Sarlux Saras | Refining & Power\",\"isPartOf\":{\"@id\":\"https:\\\/\\\/www.sarlux.saras.it\\\/it\\\/#website\"},\"primaryImageOfPage\":{\"@id\":\"https:\\\/\\\/www.sarlux.saras.it\\\/it\\\/dichiarazione-ambientale-2019\\\/#primaryimage\"},\"image\":{\"@id\":\"https:\\\/\\\/www.sarlux.saras.it\\\/it\\\/dichiarazione-ambientale-2019\\\/#primaryimage\"},\"thumbnailUrl\":\"https:\\\/\\\/www.sarlux.saras.it\\\/wp-content\\\/uploads\\\/2019\\\/12\\\/bunkeraggio-Sarlux-Saras-terminale-marittimo-094.jpg\",\"datePublished\":\"2019-12-02T17:25:19+00:00\",\"dateModified\":\"2020-02-24T09:24:29+00:00\",\"description\":\"I dati prestazionali della raffineria pubblicati nella Dichiarazione ambientale 2019 (qui disponibile in download) sono stati convalidati dal Lloyd\u2019s Register Quality Assurance (LRQA Italy) che ha certificato la conformit\u00e0 dei dati ambientali registrati nel sito industriale Sarlux alle norme dei regolamenti EMAS. La Dichiarazione ambientale illustra le attivit\u00e0 svolte, gli aspetti ambientali e gli obiettivi che Sarlux, societ\u00e0 del Gruppo Saras, si \u00e8 prefissata per una crescente sostenibilit\u00e0.\",\"breadcrumb\":{\"@id\":\"https:\\\/\\\/www.sarlux.saras.it\\\/it\\\/dichiarazione-ambientale-2019\\\/#breadcrumb\"},\"inLanguage\":\"it-IT\",\"potentialAction\":[{\"@type\":\"ReadAction\",\"target\":[\"https:\\\/\\\/www.sarlux.saras.it\\\/it\\\/dichiarazione-ambientale-2019\\\/\"]}]},{\"@type\":\"ImageObject\",\"inLanguage\":\"it-IT\",\"@id\":\"https:\\\/\\\/www.sarlux.saras.it\\\/it\\\/dichiarazione-ambientale-2019\\\/#primaryimage\",\"url\":\"https:\\\/\\\/www.sarlux.saras.it\\\/wp-content\\\/uploads\\\/2019\\\/12\\\/bunkeraggio-Sarlux-Saras-terminale-marittimo-094.jpg\",\"contentUrl\":\"https:\\\/\\\/www.sarlux.saras.it\\\/wp-content\\\/uploads\\\/2019\\\/12\\\/bunkeraggio-Sarlux-Saras-terminale-marittimo-094.jpg\",\"width\":1440,\"height\":661},{\"@type\":\"BreadcrumbList\",\"@id\":\"https:\\\/\\\/www.sarlux.saras.it\\\/it\\\/dichiarazione-ambientale-2019\\\/#breadcrumb\",\"itemListElement\":[{\"@type\":\"ListItem\",\"position\":1,\"name\":\"Home\",\"item\":\"https:\\\/\\\/www.sarlux.saras.it\\\/it\\\/\"},{\"@type\":\"ListItem\",\"position\":2,\"name\":\"Dichiarazione ambientale 2019\"}]},{\"@type\":\"WebSite\",\"@id\":\"https:\\\/\\\/www.sarlux.saras.it\\\/it\\\/#website\",\"url\":\"https:\\\/\\\/www.sarlux.saras.it\\\/it\\\/\",\"name\":\"Sarlux\",\"description\":\"\",\"publisher\":{\"@id\":\"https:\\\/\\\/www.sarlux.saras.it\\\/it\\\/#organization\"},\"potentialAction\":[{\"@type\":\"SearchAction\",\"target\":{\"@type\":\"EntryPoint\",\"urlTemplate\":\"https:\\\/\\\/www.sarlux.saras.it\\\/it\\\/?s={search_term_string}\"},\"query-input\":{\"@type\":\"PropertyValueSpecification\",\"valueRequired\":true,\"valueName\":\"search_term_string\"}}],\"inLanguage\":\"it-IT\"},{\"@type\":\"Organization\",\"@id\":\"https:\\\/\\\/www.sarlux.saras.it\\\/it\\\/#organization\",\"name\":\"Sarlux\",\"url\":\"https:\\\/\\\/www.sarlux.saras.it\\\/it\\\/\",\"logo\":{\"@type\":\"ImageObject\",\"inLanguage\":\"it-IT\",\"@id\":\"https:\\\/\\\/www.sarlux.saras.it\\\/it\\\/#\\\/schema\\\/logo\\\/image\\\/\",\"url\":\"https:\\\/\\\/www.sarlux.saras.it\\\/wp-content\\\/uploads\\\/2017\\\/12\\\/logo-pc-1.png\",\"contentUrl\":\"https:\\\/\\\/www.sarlux.saras.it\\\/wp-content\\\/uploads\\\/2017\\\/12\\\/logo-pc-1.png\",\"width\":184,\"height\":86,\"caption\":\"Sarlux\"},\"image\":{\"@id\":\"https:\\\/\\\/www.sarlux.saras.it\\\/it\\\/#\\\/schema\\\/logo\\\/image\\\/\"}},{\"@type\":\"Person\",\"@id\":\"https:\\\/\\\/www.sarlux.saras.it\\\/it\\\/#\\\/schema\\\/person\\\/c7561934b223f17087f8e08f41b37b83\",\"name\":\"newsarlux\",\"image\":{\"@type\":\"ImageObject\",\"inLanguage\":\"it-IT\",\"@id\":\"https:\\\/\\\/secure.gravatar.com\\\/avatar\\\/eb7f74d52340ebedd5480701fcdd6d2904abef8cdb3a51882f629f2dd32d610d?s=96&d=mm&r=g\",\"url\":\"https:\\\/\\\/secure.gravatar.com\\\/avatar\\\/eb7f74d52340ebedd5480701fcdd6d2904abef8cdb3a51882f629f2dd32d610d?s=96&d=mm&r=g\",\"contentUrl\":\"https:\\\/\\\/secure.gravatar.com\\\/avatar\\\/eb7f74d52340ebedd5480701fcdd6d2904abef8cdb3a51882f629f2dd32d610d?s=96&d=mm&r=g\",\"caption\":\"newsarlux\"},\"url\":\"\"}]}<\/script>\n<!-- \/ Yoast SEO plugin. -->","yoast_head_json":{"title":"Dichiarazione ambientale 2019 - Sarlux Saras | Refining & Power","description":"I dati prestazionali della raffineria pubblicati nella Dichiarazione ambientale 2019 (qui disponibile in download) sono stati convalidati dal Lloyd\u2019s Register Quality Assurance (LRQA Italy) che ha certificato la conformit\u00e0 dei dati ambientali registrati nel sito industriale Sarlux alle norme dei regolamenti EMAS. La Dichiarazione ambientale illustra le attivit\u00e0 svolte, gli aspetti ambientali e gli obiettivi che Sarlux, societ\u00e0 del Gruppo Saras, si \u00e8 prefissata per una crescente sostenibilit\u00e0.","robots":{"index":"index","follow":"follow","max-snippet":"max-snippet:-1","max-image-preview":"max-image-preview:large","max-video-preview":"max-video-preview:-1"},"canonical":"https:\/\/www.sarlux.saras.it\/it\/dichiarazione-ambientale-2019\/","og_locale":"it_IT","og_type":"article","og_title":"Dichiarazione ambientale 2019 - Sarlux Saras | Refining & Power","og_description":"I dati prestazionali della raffineria pubblicati nella Dichiarazione ambientale 2019 (qui disponibile in download) sono stati convalidati dal Lloyd\u2019s Register Quality Assurance (LRQA Italy) che ha certificato la conformit\u00e0 dei dati ambientali registrati nel sito industriale Sarlux alle norme dei regolamenti EMAS. La Dichiarazione ambientale illustra le attivit\u00e0 svolte, gli aspetti ambientali e gli obiettivi che Sarlux, societ\u00e0 del Gruppo Saras, si \u00e8 prefissata per una crescente sostenibilit\u00e0.","og_url":"https:\/\/www.sarlux.saras.it\/it\/dichiarazione-ambientale-2019\/","og_site_name":"Sarlux Saras | Refining & Power","article_published_time":"2019-12-02T17:25:19+00:00","article_modified_time":"2020-02-24T09:24:29+00:00","og_image":[{"width":1440,"height":661,"url":"https:\/\/www.sarlux.saras.it\/wp-content\/uploads\/2019\/12\/bunkeraggio-Sarlux-Saras-terminale-marittimo-094.jpg","type":"image\/jpeg"}],"author":"newsarlux","twitter_card":"summary_large_image","twitter_image":"https:\/\/www.sarlux.saras.it\/wp-content\/uploads\/2019\/12\/bunkeraggio-Sarlux-Saras-terminale-marittimo-094.jpg","twitter_misc":{"Scritto da":"newsarlux","Tempo di lettura stimato":"3 minuti"},"schema":{"@context":"https:\/\/schema.org","@graph":[{"@type":"Article","@id":"https:\/\/www.sarlux.saras.it\/it\/dichiarazione-ambientale-2019\/#article","isPartOf":{"@id":"https:\/\/www.sarlux.saras.it\/it\/dichiarazione-ambientale-2019\/"},"author":{"name":"newsarlux","@id":"https:\/\/www.sarlux.saras.it\/it\/#\/schema\/person\/c7561934b223f17087f8e08f41b37b83"},"headline":"Dichiarazione ambientale 2019","datePublished":"2019-12-02T17:25:19+00:00","dateModified":"2020-02-24T09:24:29+00:00","mainEntityOfPage":{"@id":"https:\/\/www.sarlux.saras.it\/it\/dichiarazione-ambientale-2019\/"},"wordCount":615,"publisher":{"@id":"https:\/\/www.sarlux.saras.it\/it\/#organization"},"image":{"@id":"https:\/\/www.sarlux.saras.it\/it\/dichiarazione-ambientale-2019\/#primaryimage"},"thumbnailUrl":"https:\/\/www.sarlux.saras.it\/wp-content\/uploads\/2019\/12\/bunkeraggio-Sarlux-Saras-terminale-marittimo-094.jpg","keywords":["comunit\u00e0","dialogo","Gruppo Saras","industria 4.0","Innovazione","investimenti","raffineria","Saras","sardegna","Sarlux","Sarroch","sostenibilit\u00e0","stakeholder","sviluppo","trasparenza"],"articleSection":["home","News"],"inLanguage":"it-IT"},{"@type":"WebPage","@id":"https:\/\/www.sarlux.saras.it\/it\/dichiarazione-ambientale-2019\/","url":"https:\/\/www.sarlux.saras.it\/it\/dichiarazione-ambientale-2019\/","name":"Dichiarazione ambientale 2019 - Sarlux Saras | Refining & Power","isPartOf":{"@id":"https:\/\/www.sarlux.saras.it\/it\/#website"},"primaryImageOfPage":{"@id":"https:\/\/www.sarlux.saras.it\/it\/dichiarazione-ambientale-2019\/#primaryimage"},"image":{"@id":"https:\/\/www.sarlux.saras.it\/it\/dichiarazione-ambientale-2019\/#primaryimage"},"thumbnailUrl":"https:\/\/www.sarlux.saras.it\/wp-content\/uploads\/2019\/12\/bunkeraggio-Sarlux-Saras-terminale-marittimo-094.jpg","datePublished":"2019-12-02T17:25:19+00:00","dateModified":"2020-02-24T09:24:29+00:00","description":"I dati prestazionali della raffineria pubblicati nella Dichiarazione ambientale 2019 (qui disponibile in download) sono stati convalidati dal Lloyd\u2019s Register Quality Assurance (LRQA Italy) che ha certificato la conformit\u00e0 dei dati ambientali registrati nel sito industriale Sarlux alle norme dei regolamenti EMAS. La Dichiarazione ambientale illustra le attivit\u00e0 svolte, gli aspetti ambientali e gli obiettivi che Sarlux, societ\u00e0 del Gruppo Saras, si \u00e8 prefissata per una crescente sostenibilit\u00e0.","breadcrumb":{"@id":"https:\/\/www.sarlux.saras.it\/it\/dichiarazione-ambientale-2019\/#breadcrumb"},"inLanguage":"it-IT","potentialAction":[{"@type":"ReadAction","target":["https:\/\/www.sarlux.saras.it\/it\/dichiarazione-ambientale-2019\/"]}]},{"@type":"ImageObject","inLanguage":"it-IT","@id":"https:\/\/www.sarlux.saras.it\/it\/dichiarazione-ambientale-2019\/#primaryimage","url":"https:\/\/www.sarlux.saras.it\/wp-content\/uploads\/2019\/12\/bunkeraggio-Sarlux-Saras-terminale-marittimo-094.jpg","contentUrl":"https:\/\/www.sarlux.saras.it\/wp-content\/uploads\/2019\/12\/bunkeraggio-Sarlux-Saras-terminale-marittimo-094.jpg","width":1440,"height":661},{"@type":"BreadcrumbList","@id":"https:\/\/www.sarlux.saras.it\/it\/dichiarazione-ambientale-2019\/#breadcrumb","itemListElement":[{"@type":"ListItem","position":1,"name":"Home","item":"https:\/\/www.sarlux.saras.it\/it\/"},{"@type":"ListItem","position":2,"name":"Dichiarazione ambientale 2019"}]},{"@type":"WebSite","@id":"https:\/\/www.sarlux.saras.it\/it\/#website","url":"https:\/\/www.sarlux.saras.it\/it\/","name":"Sarlux","description":"","publisher":{"@id":"https:\/\/www.sarlux.saras.it\/it\/#organization"},"potentialAction":[{"@type":"SearchAction","target":{"@type":"EntryPoint","urlTemplate":"https:\/\/www.sarlux.saras.it\/it\/?s={search_term_string}"},"query-input":{"@type":"PropertyValueSpecification","valueRequired":true,"valueName":"search_term_string"}}],"inLanguage":"it-IT"},{"@type":"Organization","@id":"https:\/\/www.sarlux.saras.it\/it\/#organization","name":"Sarlux","url":"https:\/\/www.sarlux.saras.it\/it\/","logo":{"@type":"ImageObject","inLanguage":"it-IT","@id":"https:\/\/www.sarlux.saras.it\/it\/#\/schema\/logo\/image\/","url":"https:\/\/www.sarlux.saras.it\/wp-content\/uploads\/2017\/12\/logo-pc-1.png","contentUrl":"https:\/\/www.sarlux.saras.it\/wp-content\/uploads\/2017\/12\/logo-pc-1.png","width":184,"height":86,"caption":"Sarlux"},"image":{"@id":"https:\/\/www.sarlux.saras.it\/it\/#\/schema\/logo\/image\/"}},{"@type":"Person","@id":"https:\/\/www.sarlux.saras.it\/it\/#\/schema\/person\/c7561934b223f17087f8e08f41b37b83","name":"newsarlux","image":{"@type":"ImageObject","inLanguage":"it-IT","@id":"https:\/\/secure.gravatar.com\/avatar\/eb7f74d52340ebedd5480701fcdd6d2904abef8cdb3a51882f629f2dd32d610d?s=96&d=mm&r=g","url":"https:\/\/secure.gravatar.com\/avatar\/eb7f74d52340ebedd5480701fcdd6d2904abef8cdb3a51882f629f2dd32d610d?s=96&d=mm&r=g","contentUrl":"https:\/\/secure.gravatar.com\/avatar\/eb7f74d52340ebedd5480701fcdd6d2904abef8cdb3a51882f629f2dd32d610d?s=96&d=mm&r=g","caption":"newsarlux"},"url":""}]}},"_links":{"self":[{"href":"https:\/\/www.sarlux.saras.it\/it\/wp-json\/wp\/v2\/posts\/541174","targetHints":{"allow":["GET"]}}],"collection":[{"href":"https:\/\/www.sarlux.saras.it\/it\/wp-json\/wp\/v2\/posts"}],"about":[{"href":"https:\/\/www.sarlux.saras.it\/it\/wp-json\/wp\/v2\/types\/post"}],"author":[{"embeddable":true,"href":"https:\/\/www.sarlux.saras.it\/it\/wp-json\/wp\/v2\/users\/2"}],"replies":[{"embeddable":true,"href":"https:\/\/www.sarlux.saras.it\/it\/wp-json\/wp\/v2\/comments?post=541174"}],"version-history":[{"count":16,"href":"https:\/\/www.sarlux.saras.it\/it\/wp-json\/wp\/v2\/posts\/541174\/revisions"}],"predecessor-version":[{"id":541214,"href":"https:\/\/www.sarlux.saras.it\/it\/wp-json\/wp\/v2\/posts\/541174\/revisions\/541214"}],"wp:featuredmedia":[{"embeddable":true,"href":"https:\/\/www.sarlux.saras.it\/it\/wp-json\/wp\/v2\/media\/541194"}],"wp:attachment":[{"href":"https:\/\/www.sarlux.saras.it\/it\/wp-json\/wp\/v2\/media?parent=541174"}],"wp:term":[{"taxonomy":"category","embeddable":true,"href":"https:\/\/www.sarlux.saras.it\/it\/wp-json\/wp\/v2\/categories?post=541174"},{"taxonomy":"post_tag","embeddable":true,"href":"https:\/\/www.sarlux.saras.it\/it\/wp-json\/wp\/v2\/tags?post=541174"}],"curies":[{"name":"wp","href":"https:\/\/api.w.org\/{rel}","templated":true}]}}