{"id":541684,"date":"2019-12-27T12:50:33","date_gmt":"2019-12-27T12:50:33","guid":{"rendered":"https:\/\/www.sarlux.saras.it\/?p=541684"},"modified":"2020-02-24T08:51:30","modified_gmt":"2020-02-24T08:51:30","slug":"natale-solidarieta-cral-saras-mensa-caritas","status":"publish","type":"post","link":"https:\/\/www.sarlux.saras.it\/it\/natale-solidarieta-cral-saras-mensa-caritas\/","title":{"rendered":"Natale di solidariet\u00e0: il Cral Saras alla mensa della Caritas"},"content":{"rendered":"<div class=\"wpb-content-wrapper\"><p>[vc_row][vc_column][vc_column_text]<strong>Una tradizione che si ripete da cinque anni: i soci del Cral la domenica prima di Natale si dedicano alla preparazione dei pasti presso la mensa Caritas di viale Sant\u2019Ignazio a Cagliari.<\/strong>[\/vc_column_text][\/vc_column][\/vc_row][vc_row][vc_column][vc_empty_space height=&#8221;8px&#8221;][\/vc_column][\/vc_row][vc_row][vc_column width=&#8221;1\/2&#8243;][vc_single_image image=&#8221;541827&#8243; img_size=&#8221;full&#8221;][\/vc_column][vc_column width=&#8221;1\/2&#8243;][vc_single_image image=&#8221;541696&#8243; img_size=&#8221;full&#8221;][\/vc_column][\/vc_row][vc_row][vc_column][vc_empty_space height=&#8221;16px&#8221;][vc_column_text]Un menu speciale preparato per il pranzo festivo: risotto alla pescatora, pennette al rag\u00f9, couscous di verdure, antipasti misti di salumi e formaggi, agnello arrosto, pollo e patate arrosto, verdure, frutta, panettone; che viene in parte anche consegnato alle numerose famiglie cagliaritane assistite dalla Caritas.<\/p>\n<p><strong>Il legame tra il Cral Saras e la Caritas si consolida di anno in anno<\/strong>: \u201cPer noi \u00e8 una tradizione che si ripete per Natale e per Pasqua &#8211; raccontano i soci del Cral Saras \u2013 rappresenta un piccolo gesto di solidariet\u00e0 verso i meno fortunati\u201d.[\/vc_column_text][vc_empty_space height=&#8221;8px&#8221;][\/vc_column][\/vc_row][vc_row][vc_column width=&#8221;1\/3&#8243;][vc_single_image image=&#8221;541692&#8243; img_size=&#8221;full&#8221;][\/vc_column][vc_column width=&#8221;1\/3&#8243;][vc_single_image image=&#8221;541690&#8243; img_size=&#8221;full&#8221;][\/vc_column][vc_column width=&#8221;1\/3&#8243;][vc_single_image image=&#8221;541694&#8243; img_size=&#8221;full&#8221;][\/vc_column][\/vc_row][vc_row][vc_column][vc_empty_space height=&#8221;8px&#8221;][vc_icon icon_fontawesome=&#8221;fa fa-cog&#8221; size=&#8221;sm&#8221; align=&#8221;center&#8221;][vc_empty_space height=&#8221;16px&#8221;][vc_column_text]Il Gruppo Saras \u00e8 uno dei principali operatori europei nella raffinazione del petrolio ed \u00e8 attivo anche nel settore della produzione di energia elettrica. Direttamente e attraverso le proprie controllate, il Gruppo vende e distribuisce prodotti petroliferi nei mercati nazionali e internazionali. Inoltre, il Gruppo produce e vende energia elettrica attraverso le controllate Sarlux Srl (impianto IGCC) e Sardeolica Srl (parco eolico). Il Gruppo offre poi servizi di ingegneria industriale per il settore petrolifero, dell\u2019energia e dell\u2019ambiente attraverso la controllata Sartec Srl.[\/vc_column_text][vc_empty_space][\/vc_column][\/vc_row]<\/p>\n<\/div>","protected":false},"excerpt":{"rendered":"<p>Una tradizione che si ripete da cinque anni: i soci del Cral la domenica prima di Natale si dedicano alla preparazione dei pasti presso la mensa Caritas di viale Sant\u2019Ignazio a Cagliari.<\/p>\n","protected":false},"author":2,"featured_media":541827,"comment_status":"closed","ping_status":"open","sticky":false,"template":"","format":"standard","meta":{"_acf_changed":false,"inline_featured_image":false,"footnotes":""},"categories":[17],"tags":[29,32,50,105,53,71,114],"class_list":["post-541684","post","type-post","status-publish","format-standard","has-post-thumbnail","hentry","category-news","tag-impegno-sociale","tag-le-nostre-persone","tag-saras","tag-sardegna","tag-sarlux","tag-sarroch","tag-territorio"],"acf":[],"yoast_head":"<!-- This site is optimized with the Yoast SEO plugin v27.3 - https:\/\/yoast.com\/product\/yoast-seo-wordpress\/ -->\n<title>Natale di solidariet\u00e0: il Cral Saras alla mensa della Caritas - Sarlux Saras | Refining &amp; Power<\/title>\n<meta name=\"description\" content=\"Natale di solidariet\u00e0: il Cral Saras alla mensa della Caritas. \u00c8 una tradizione che si ripete da cinque anni: i soci del Cral la domenica prima di Natale si dedicano alla preparazione dei pasti presso la mensa Caritas di viale Sant\u2019Ignazio.\" \/>\n<meta name=\"robots\" content=\"index, follow, max-snippet:-1, max-image-preview:large, max-video-preview:-1\" \/>\n<link rel=\"canonical\" href=\"https:\/\/www.sarlux.saras.it\/it\/natale-solidarieta-cral-saras-mensa-caritas\/\" \/>\n<meta property=\"og:locale\" content=\"it_IT\" \/>\n<meta property=\"og:type\" content=\"article\" \/>\n<meta property=\"og:title\" content=\"Natale di solidariet\u00e0: il Cral Saras alla mensa della Caritas - Sarlux Saras | Refining &amp; Power\" \/>\n<meta property=\"og:description\" content=\"Natale di solidariet\u00e0: il Cral Saras alla mensa della Caritas. \u00c8 una tradizione che si ripete da cinque anni: i soci del Cral la domenica prima di Natale si dedicano alla preparazione dei pasti presso la mensa Caritas di viale Sant\u2019Ignazio.\" \/>\n<meta property=\"og:url\" content=\"https:\/\/www.sarlux.saras.it\/it\/natale-solidarieta-cral-saras-mensa-caritas\/\" \/>\n<meta property=\"og:site_name\" content=\"Sarlux Saras | Refining &amp; Power\" \/>\n<meta property=\"article:published_time\" content=\"2019-12-27T12:50:33+00:00\" \/>\n<meta property=\"article:modified_time\" content=\"2020-02-24T08:51:30+00:00\" \/>\n<meta property=\"og:image\" content=\"https:\/\/www.sarlux.saras.it\/wp-content\/uploads\/2020\/01\/un-natale-di-solidarieta\u0300-2019-Saras-Sarlux.jpg\" \/>\n\t<meta property=\"og:image:width\" content=\"991\" \/>\n\t<meta property=\"og:image:height\" content=\"451\" \/>\n\t<meta property=\"og:image:type\" content=\"image\/jpeg\" \/>\n<meta name=\"author\" content=\"newsarlux\" \/>\n<meta name=\"twitter:card\" content=\"summary_large_image\" \/>\n<meta name=\"twitter:image\" content=\"https:\/\/www.sarlux.saras.it\/wp-content\/uploads\/2020\/01\/un-natale-di-solidarieta\u0300-2019-Saras-Sarlux.jpg\" \/>\n<meta name=\"twitter:label1\" content=\"Scritto da\" \/>\n\t<meta name=\"twitter:data1\" content=\"newsarlux\" \/>\n\t<meta name=\"twitter:label2\" content=\"Tempo di lettura stimato\" \/>\n\t<meta name=\"twitter:data2\" content=\"2 minuti\" \/>\n<script type=\"application\/ld+json\" class=\"yoast-schema-graph\">{\"@context\":\"https:\\\/\\\/schema.org\",\"@graph\":[{\"@type\":\"Article\",\"@id\":\"https:\\\/\\\/www.sarlux.saras.it\\\/it\\\/natale-solidarieta-cral-saras-mensa-caritas\\\/#article\",\"isPartOf\":{\"@id\":\"https:\\\/\\\/www.sarlux.saras.it\\\/it\\\/natale-solidarieta-cral-saras-mensa-caritas\\\/\"},\"author\":{\"name\":\"newsarlux\",\"@id\":\"https:\\\/\\\/www.sarlux.saras.it\\\/it\\\/#\\\/schema\\\/person\\\/c7561934b223f17087f8e08f41b37b83\"},\"headline\":\"Natale di solidariet\u00e0: il Cral Saras alla mensa della Caritas\",\"datePublished\":\"2019-12-27T12:50:33+00:00\",\"dateModified\":\"2020-02-24T08:51:30+00:00\",\"mainEntityOfPage\":{\"@id\":\"https:\\\/\\\/www.sarlux.saras.it\\\/it\\\/natale-solidarieta-cral-saras-mensa-caritas\\\/\"},\"wordCount\":370,\"publisher\":{\"@id\":\"https:\\\/\\\/www.sarlux.saras.it\\\/it\\\/#organization\"},\"image\":{\"@id\":\"https:\\\/\\\/www.sarlux.saras.it\\\/it\\\/natale-solidarieta-cral-saras-mensa-caritas\\\/#primaryimage\"},\"thumbnailUrl\":\"https:\\\/\\\/www.sarlux.saras.it\\\/wp-content\\\/uploads\\\/2019\\\/12\\\/un-natale-di-solidarieta\u0300-2019-Saras-Sarlux.jpg\",\"keywords\":[\"Impegno sociale\",\"Le nostre persone\",\"Saras\",\"sardegna\",\"Sarlux\",\"Sarroch\",\"territorio\"],\"articleSection\":[\"News\"],\"inLanguage\":\"it-IT\"},{\"@type\":\"WebPage\",\"@id\":\"https:\\\/\\\/www.sarlux.saras.it\\\/it\\\/natale-solidarieta-cral-saras-mensa-caritas\\\/\",\"url\":\"https:\\\/\\\/www.sarlux.saras.it\\\/it\\\/natale-solidarieta-cral-saras-mensa-caritas\\\/\",\"name\":\"Natale di solidariet\u00e0: il Cral Saras alla mensa della Caritas - Sarlux Saras | Refining & Power\",\"isPartOf\":{\"@id\":\"https:\\\/\\\/www.sarlux.saras.it\\\/it\\\/#website\"},\"primaryImageOfPage\":{\"@id\":\"https:\\\/\\\/www.sarlux.saras.it\\\/it\\\/natale-solidarieta-cral-saras-mensa-caritas\\\/#primaryimage\"},\"image\":{\"@id\":\"https:\\\/\\\/www.sarlux.saras.it\\\/it\\\/natale-solidarieta-cral-saras-mensa-caritas\\\/#primaryimage\"},\"thumbnailUrl\":\"https:\\\/\\\/www.sarlux.saras.it\\\/wp-content\\\/uploads\\\/2019\\\/12\\\/un-natale-di-solidarieta\u0300-2019-Saras-Sarlux.jpg\",\"datePublished\":\"2019-12-27T12:50:33+00:00\",\"dateModified\":\"2020-02-24T08:51:30+00:00\",\"description\":\"Natale di solidariet\u00e0: il Cral Saras alla mensa della Caritas. \u00c8 una tradizione che si ripete da cinque anni: i soci del Cral la domenica prima di Natale si dedicano alla preparazione dei pasti presso la mensa Caritas di viale Sant\u2019Ignazio.\",\"breadcrumb\":{\"@id\":\"https:\\\/\\\/www.sarlux.saras.it\\\/it\\\/natale-solidarieta-cral-saras-mensa-caritas\\\/#breadcrumb\"},\"inLanguage\":\"it-IT\",\"potentialAction\":[{\"@type\":\"ReadAction\",\"target\":[\"https:\\\/\\\/www.sarlux.saras.it\\\/it\\\/natale-solidarieta-cral-saras-mensa-caritas\\\/\"]}]},{\"@type\":\"ImageObject\",\"inLanguage\":\"it-IT\",\"@id\":\"https:\\\/\\\/www.sarlux.saras.it\\\/it\\\/natale-solidarieta-cral-saras-mensa-caritas\\\/#primaryimage\",\"url\":\"https:\\\/\\\/www.sarlux.saras.it\\\/wp-content\\\/uploads\\\/2019\\\/12\\\/un-natale-di-solidarieta\u0300-2019-Saras-Sarlux.jpg\",\"contentUrl\":\"https:\\\/\\\/www.sarlux.saras.it\\\/wp-content\\\/uploads\\\/2019\\\/12\\\/un-natale-di-solidarieta\u0300-2019-Saras-Sarlux.jpg\",\"width\":991,\"height\":451},{\"@type\":\"BreadcrumbList\",\"@id\":\"https:\\\/\\\/www.sarlux.saras.it\\\/it\\\/natale-solidarieta-cral-saras-mensa-caritas\\\/#breadcrumb\",\"itemListElement\":[{\"@type\":\"ListItem\",\"position\":1,\"name\":\"Home\",\"item\":\"https:\\\/\\\/www.sarlux.saras.it\\\/it\\\/\"},{\"@type\":\"ListItem\",\"position\":2,\"name\":\"Natale di solidariet\u00e0: il Cral Saras alla mensa della Caritas\"}]},{\"@type\":\"WebSite\",\"@id\":\"https:\\\/\\\/www.sarlux.saras.it\\\/it\\\/#website\",\"url\":\"https:\\\/\\\/www.sarlux.saras.it\\\/it\\\/\",\"name\":\"Sarlux\",\"description\":\"\",\"publisher\":{\"@id\":\"https:\\\/\\\/www.sarlux.saras.it\\\/it\\\/#organization\"},\"potentialAction\":[{\"@type\":\"SearchAction\",\"target\":{\"@type\":\"EntryPoint\",\"urlTemplate\":\"https:\\\/\\\/www.sarlux.saras.it\\\/it\\\/?s={search_term_string}\"},\"query-input\":{\"@type\":\"PropertyValueSpecification\",\"valueRequired\":true,\"valueName\":\"search_term_string\"}}],\"inLanguage\":\"it-IT\"},{\"@type\":\"Organization\",\"@id\":\"https:\\\/\\\/www.sarlux.saras.it\\\/it\\\/#organization\",\"name\":\"Sarlux\",\"url\":\"https:\\\/\\\/www.sarlux.saras.it\\\/it\\\/\",\"logo\":{\"@type\":\"ImageObject\",\"inLanguage\":\"it-IT\",\"@id\":\"https:\\\/\\\/www.sarlux.saras.it\\\/it\\\/#\\\/schema\\\/logo\\\/image\\\/\",\"url\":\"https:\\\/\\\/www.sarlux.saras.it\\\/wp-content\\\/uploads\\\/2017\\\/12\\\/logo-pc-1.png\",\"contentUrl\":\"https:\\\/\\\/www.sarlux.saras.it\\\/wp-content\\\/uploads\\\/2017\\\/12\\\/logo-pc-1.png\",\"width\":184,\"height\":86,\"caption\":\"Sarlux\"},\"image\":{\"@id\":\"https:\\\/\\\/www.sarlux.saras.it\\\/it\\\/#\\\/schema\\\/logo\\\/image\\\/\"}},{\"@type\":\"Person\",\"@id\":\"https:\\\/\\\/www.sarlux.saras.it\\\/it\\\/#\\\/schema\\\/person\\\/c7561934b223f17087f8e08f41b37b83\",\"name\":\"newsarlux\",\"image\":{\"@type\":\"ImageObject\",\"inLanguage\":\"it-IT\",\"@id\":\"https:\\\/\\\/secure.gravatar.com\\\/avatar\\\/eb7f74d52340ebedd5480701fcdd6d2904abef8cdb3a51882f629f2dd32d610d?s=96&d=mm&r=g\",\"url\":\"https:\\\/\\\/secure.gravatar.com\\\/avatar\\\/eb7f74d52340ebedd5480701fcdd6d2904abef8cdb3a51882f629f2dd32d610d?s=96&d=mm&r=g\",\"contentUrl\":\"https:\\\/\\\/secure.gravatar.com\\\/avatar\\\/eb7f74d52340ebedd5480701fcdd6d2904abef8cdb3a51882f629f2dd32d610d?s=96&d=mm&r=g\",\"caption\":\"newsarlux\"},\"url\":\"\"}]}<\/script>\n<!-- \/ Yoast SEO plugin. -->","yoast_head_json":{"title":"Natale di solidariet\u00e0: il Cral Saras alla mensa della Caritas - Sarlux Saras | Refining & Power","description":"Natale di solidariet\u00e0: il Cral Saras alla mensa della Caritas. \u00c8 una tradizione che si ripete da cinque anni: i soci del Cral la domenica prima di Natale si dedicano alla preparazione dei pasti presso la mensa Caritas di viale Sant\u2019Ignazio.","robots":{"index":"index","follow":"follow","max-snippet":"max-snippet:-1","max-image-preview":"max-image-preview:large","max-video-preview":"max-video-preview:-1"},"canonical":"https:\/\/www.sarlux.saras.it\/it\/natale-solidarieta-cral-saras-mensa-caritas\/","og_locale":"it_IT","og_type":"article","og_title":"Natale di solidariet\u00e0: il Cral Saras alla mensa della Caritas - Sarlux Saras | Refining & Power","og_description":"Natale di solidariet\u00e0: il Cral Saras alla mensa della Caritas. \u00c8 una tradizione che si ripete da cinque anni: i soci del Cral la domenica prima di Natale si dedicano alla preparazione dei pasti presso la mensa Caritas di viale Sant\u2019Ignazio.","og_url":"https:\/\/www.sarlux.saras.it\/it\/natale-solidarieta-cral-saras-mensa-caritas\/","og_site_name":"Sarlux Saras | Refining & Power","article_published_time":"2019-12-27T12:50:33+00:00","article_modified_time":"2020-02-24T08:51:30+00:00","og_image":[{"width":991,"height":451,"url":"https:\/\/www.sarlux.saras.it\/wp-content\/uploads\/2020\/01\/un-natale-di-solidarieta\u0300-2019-Saras-Sarlux.jpg","type":"image\/jpeg"}],"author":"newsarlux","twitter_card":"summary_large_image","twitter_image":"https:\/\/www.sarlux.saras.it\/wp-content\/uploads\/2020\/01\/un-natale-di-solidarieta\u0300-2019-Saras-Sarlux.jpg","twitter_misc":{"Scritto da":"newsarlux","Tempo di lettura stimato":"2 minuti"},"schema":{"@context":"https:\/\/schema.org","@graph":[{"@type":"Article","@id":"https:\/\/www.sarlux.saras.it\/it\/natale-solidarieta-cral-saras-mensa-caritas\/#article","isPartOf":{"@id":"https:\/\/www.sarlux.saras.it\/it\/natale-solidarieta-cral-saras-mensa-caritas\/"},"author":{"name":"newsarlux","@id":"https:\/\/www.sarlux.saras.it\/it\/#\/schema\/person\/c7561934b223f17087f8e08f41b37b83"},"headline":"Natale di solidariet\u00e0: il Cral Saras alla mensa della Caritas","datePublished":"2019-12-27T12:50:33+00:00","dateModified":"2020-02-24T08:51:30+00:00","mainEntityOfPage":{"@id":"https:\/\/www.sarlux.saras.it\/it\/natale-solidarieta-cral-saras-mensa-caritas\/"},"wordCount":370,"publisher":{"@id":"https:\/\/www.sarlux.saras.it\/it\/#organization"},"image":{"@id":"https:\/\/www.sarlux.saras.it\/it\/natale-solidarieta-cral-saras-mensa-caritas\/#primaryimage"},"thumbnailUrl":"https:\/\/www.sarlux.saras.it\/wp-content\/uploads\/2019\/12\/un-natale-di-solidarieta\u0300-2019-Saras-Sarlux.jpg","keywords":["Impegno sociale","Le nostre persone","Saras","sardegna","Sarlux","Sarroch","territorio"],"articleSection":["News"],"inLanguage":"it-IT"},{"@type":"WebPage","@id":"https:\/\/www.sarlux.saras.it\/it\/natale-solidarieta-cral-saras-mensa-caritas\/","url":"https:\/\/www.sarlux.saras.it\/it\/natale-solidarieta-cral-saras-mensa-caritas\/","name":"Natale di solidariet\u00e0: il Cral Saras alla mensa della Caritas - Sarlux Saras | Refining & Power","isPartOf":{"@id":"https:\/\/www.sarlux.saras.it\/it\/#website"},"primaryImageOfPage":{"@id":"https:\/\/www.sarlux.saras.it\/it\/natale-solidarieta-cral-saras-mensa-caritas\/#primaryimage"},"image":{"@id":"https:\/\/www.sarlux.saras.it\/it\/natale-solidarieta-cral-saras-mensa-caritas\/#primaryimage"},"thumbnailUrl":"https:\/\/www.sarlux.saras.it\/wp-content\/uploads\/2019\/12\/un-natale-di-solidarieta\u0300-2019-Saras-Sarlux.jpg","datePublished":"2019-12-27T12:50:33+00:00","dateModified":"2020-02-24T08:51:30+00:00","description":"Natale di solidariet\u00e0: il Cral Saras alla mensa della Caritas. \u00c8 una tradizione che si ripete da cinque anni: i soci del Cral la domenica prima di Natale si dedicano alla preparazione dei pasti presso la mensa Caritas di viale Sant\u2019Ignazio.","breadcrumb":{"@id":"https:\/\/www.sarlux.saras.it\/it\/natale-solidarieta-cral-saras-mensa-caritas\/#breadcrumb"},"inLanguage":"it-IT","potentialAction":[{"@type":"ReadAction","target":["https:\/\/www.sarlux.saras.it\/it\/natale-solidarieta-cral-saras-mensa-caritas\/"]}]},{"@type":"ImageObject","inLanguage":"it-IT","@id":"https:\/\/www.sarlux.saras.it\/it\/natale-solidarieta-cral-saras-mensa-caritas\/#primaryimage","url":"https:\/\/www.sarlux.saras.it\/wp-content\/uploads\/2019\/12\/un-natale-di-solidarieta\u0300-2019-Saras-Sarlux.jpg","contentUrl":"https:\/\/www.sarlux.saras.it\/wp-content\/uploads\/2019\/12\/un-natale-di-solidarieta\u0300-2019-Saras-Sarlux.jpg","width":991,"height":451},{"@type":"BreadcrumbList","@id":"https:\/\/www.sarlux.saras.it\/it\/natale-solidarieta-cral-saras-mensa-caritas\/#breadcrumb","itemListElement":[{"@type":"ListItem","position":1,"name":"Home","item":"https:\/\/www.sarlux.saras.it\/it\/"},{"@type":"ListItem","position":2,"name":"Natale di solidariet\u00e0: il Cral Saras alla mensa della Caritas"}]},{"@type":"WebSite","@id":"https:\/\/www.sarlux.saras.it\/it\/#website","url":"https:\/\/www.sarlux.saras.it\/it\/","name":"Sarlux","description":"","publisher":{"@id":"https:\/\/www.sarlux.saras.it\/it\/#organization"},"potentialAction":[{"@type":"SearchAction","target":{"@type":"EntryPoint","urlTemplate":"https:\/\/www.sarlux.saras.it\/it\/?s={search_term_string}"},"query-input":{"@type":"PropertyValueSpecification","valueRequired":true,"valueName":"search_term_string"}}],"inLanguage":"it-IT"},{"@type":"Organization","@id":"https:\/\/www.sarlux.saras.it\/it\/#organization","name":"Sarlux","url":"https:\/\/www.sarlux.saras.it\/it\/","logo":{"@type":"ImageObject","inLanguage":"it-IT","@id":"https:\/\/www.sarlux.saras.it\/it\/#\/schema\/logo\/image\/","url":"https:\/\/www.sarlux.saras.it\/wp-content\/uploads\/2017\/12\/logo-pc-1.png","contentUrl":"https:\/\/www.sarlux.saras.it\/wp-content\/uploads\/2017\/12\/logo-pc-1.png","width":184,"height":86,"caption":"Sarlux"},"image":{"@id":"https:\/\/www.sarlux.saras.it\/it\/#\/schema\/logo\/image\/"}},{"@type":"Person","@id":"https:\/\/www.sarlux.saras.it\/it\/#\/schema\/person\/c7561934b223f17087f8e08f41b37b83","name":"newsarlux","image":{"@type":"ImageObject","inLanguage":"it-IT","@id":"https:\/\/secure.gravatar.com\/avatar\/eb7f74d52340ebedd5480701fcdd6d2904abef8cdb3a51882f629f2dd32d610d?s=96&d=mm&r=g","url":"https:\/\/secure.gravatar.com\/avatar\/eb7f74d52340ebedd5480701fcdd6d2904abef8cdb3a51882f629f2dd32d610d?s=96&d=mm&r=g","contentUrl":"https:\/\/secure.gravatar.com\/avatar\/eb7f74d52340ebedd5480701fcdd6d2904abef8cdb3a51882f629f2dd32d610d?s=96&d=mm&r=g","caption":"newsarlux"},"url":""}]}},"_links":{"self":[{"href":"https:\/\/www.sarlux.saras.it\/it\/wp-json\/wp\/v2\/posts\/541684","targetHints":{"allow":["GET"]}}],"collection":[{"href":"https:\/\/www.sarlux.saras.it\/it\/wp-json\/wp\/v2\/posts"}],"about":[{"href":"https:\/\/www.sarlux.saras.it\/it\/wp-json\/wp\/v2\/types\/post"}],"author":[{"embeddable":true,"href":"https:\/\/www.sarlux.saras.it\/it\/wp-json\/wp\/v2\/users\/2"}],"replies":[{"embeddable":true,"href":"https:\/\/www.sarlux.saras.it\/it\/wp-json\/wp\/v2\/comments?post=541684"}],"version-history":[{"count":5,"href":"https:\/\/www.sarlux.saras.it\/it\/wp-json\/wp\/v2\/posts\/541684\/revisions"}],"predecessor-version":[{"id":542320,"href":"https:\/\/www.sarlux.saras.it\/it\/wp-json\/wp\/v2\/posts\/541684\/revisions\/542320"}],"wp:featuredmedia":[{"embeddable":true,"href":"https:\/\/www.sarlux.saras.it\/it\/wp-json\/wp\/v2\/media\/541827"}],"wp:attachment":[{"href":"https:\/\/www.sarlux.saras.it\/it\/wp-json\/wp\/v2\/media?parent=541684"}],"wp:term":[{"taxonomy":"category","embeddable":true,"href":"https:\/\/www.sarlux.saras.it\/it\/wp-json\/wp\/v2\/categories?post=541684"},{"taxonomy":"post_tag","embeddable":true,"href":"https:\/\/www.sarlux.saras.it\/it\/wp-json\/wp\/v2\/tags?post=541684"}],"curies":[{"name":"wp","href":"https:\/\/api.w.org\/{rel}","templated":true}]}}