{"id":542110,"date":"2020-02-18T09:55:14","date_gmt":"2020-02-18T09:55:14","guid":{"rendered":"https:\/\/www.sarlux.saras.it\/?p=542110"},"modified":"2020-02-24T08:18:47","modified_gmt":"2020-02-24T08:18:47","slug":"valori-e-progetti-sarasperlascuola","status":"publish","type":"post","link":"https:\/\/www.sarlux.saras.it\/it\/valori-e-progetti-sarasperlascuola\/","title":{"rendered":"I nostri valori, i nostri progetti: #Sarasperlascuola"},"content":{"rendered":"<div class=\"wpb-content-wrapper\"><p>[vc_row][vc_column][vc_column_text]<strong>Essere parte integrante e riferimento per la comunit\u00e0<\/strong> \u00e8 uno dei valori che identifica il gruppo Saras.<\/p>\n<p>Ci\u00f2 si traduce nell\u2019adozione di una\u00a0<strong>politica aziendale<\/strong>\u00a0che riconosce le implicazioni etico-educative del suo operato: a fianco degli obiettivi economici sussistono anche quelli sociali e ambientali per migliorare il benessere del <strong>territorio di riferimento<\/strong>, in un\u2019ottica di sostenibilit\u00e0.[\/vc_column_text][\/vc_column][\/vc_row][vc_row][vc_column width=&#8221;1\/2&#8243;][vc_single_image image=&#8221;542100&#8243; img_size=&#8221;full&#8221;][\/vc_column][vc_column width=&#8221;1\/2&#8243;][vc_single_image image=&#8221;542102&#8243; img_size=&#8221;full&#8221;][\/vc_column][\/vc_row][vc_row][vc_column][vc_column_text]<strong>L\u2019impresa socialmente responsabile<\/strong> \u00e8 chiamata oggi ad individuare e progettare <strong>best practice<\/strong> e <strong>scenari per lo sviluppo del capitale umano.<\/strong><\/p>\n<p>Gli obiettivi di maggiore impegno, in questo ambito, divengono il <strong>diffondere la cultura d&#8217;impresa<\/strong> e il <strong>promuovere attivit\u00e0 di formazione per i giovani,<\/strong> per uno scambio virtuoso che crei un forte legame tra <strong>formazione ed esperienza<\/strong> e per favorire uno <strong>sviluppo sociale<\/strong> che mette al centro i temi del lavoro, della sostenibilit\u00e0 e della crescita economica.[\/vc_column_text][\/vc_column][\/vc_row][vc_row][vc_column][vc_empty_space height=&#8221;16px&#8221;][vc_column_text css=&#8221;.vc_custom_1581423089770{border-bottom-width: 1px !important;padding-bottom: 4px !important;border-bottom-color: #0056a6 !important;border-bottom-style: solid !important;}&#8221;]<\/p>\n<h5>LE INTERAZIONI CON IL MONDO EDUCATIONAL<\/h5>\n<p>[\/vc_column_text][vc_empty_space height=&#8221;8px&#8221;][vc_column_text]L\u2019impegno del Gruppo Saras con il mondo della formazione \u00e8 ad ampio raggio: parte dalla scuola primaria e secondaria e arriva fino all\u2019Universit\u00e0.<\/p>\n<p>Fin dal<strong> 1999 <\/strong>si rinnova un <strong>Protocollo di Intesa <\/strong>basato sull\u2019interscambio di conoscenze e competenze con la comunit\u00e0 universitaria, e finalizzato all\u2019<strong>innovazione scientifica e tecnologica<\/strong> e al radicamento di nuovi ingegni nell\u2019isola.<\/p>\n<p><strong>Il contributo che il Gruppo offre alla comunit\u00e0 scientifica \u00e8 rappresentato dal sistema di conoscenze legato alla sua attivit\u00e0<\/strong>: processi produttivi, tecniche e tecnologie eco-compatibili, gestione commerciale e finanziaria all\u2019interno di un mondo economico globalizzato, tematiche legate all\u2019Industry 4.0.<\/p>\n<p>Lo \u201cscambio di competenze e know-how tra azienda e mondo universitario\u201d <em>viaggia<\/em> attraverso molteplici attivit\u00e0: <strong>tirocini formativi, borse di studio e stages<\/strong> che permettono di completare &#8211; con l\u2019esperienza pratica &#8211; il bagaglio teorico acquisito tramite <strong>lezioni ex cathedra, seminari, tesi di laurea, master<\/strong> <strong>post laurea<\/strong>; gli studenti coinvolti provengono dalla facolt\u00e0 di Ingegneria anzitutto, ma anche da altri indirizzo di studio.<\/p>\n<p>Si organizzano insieme a vari dipartimenti <strong><em>hackahathon<\/em><\/strong> (maratone digitali), per studenti e neo laureati in diverse discipline, dedicati alla progettazione prevalentemente su temi inerenti: <strong>gestione delle risorse energetiche<\/strong>,<strong> robotica<\/strong>, <strong>intelligenza artificiale<\/strong> e <strong>IoT<\/strong>.<\/p>\n<p><strong>Borse di studio<\/strong><\/p>\n<p>Il Gruppo, aderendo a un progetto ideato dall\u2019Associazione Italiana di Ingegneria Chimica (AIDIC), contribuisce a offrire borse di studio ai migliori laureati in Ingegneria che decidono di completare la loro formazione universitaria in Sardegna.\u00a0<strong>Un modo, questo, per arginare la fuga di cervelli \u201cindustriali\u201d dall\u2019isola.<\/strong><\/p>\n<p>Saras, tramite il Cral aziendale, assegna ogni anno <strong>ai figli dei dipendenti <\/strong><strong>borse di studio per tutti gli ordini scolastici<\/strong>: nel 2019 sono stati premiati oltre 50 studenti che si sono distinti per l\u2019eccellenza dei risultati conseguiti.[\/vc_column_text][vc_empty_space height=&#8221;8px&#8221;][\/vc_column][\/vc_row][vc_row][vc_column width=&#8221;1\/2&#8243;][vc_single_image image=&#8221;542104&#8243; img_size=&#8221;full&#8221;][\/vc_column][vc_column width=&#8221;1\/2&#8243;][vc_single_image image=&#8221;542106&#8243; img_size=&#8221;full&#8221;][\/vc_column][\/vc_row][vc_row][vc_column][vc_empty_space height=&#8221;8px&#8221;][\/vc_column][\/vc_row][vc_row][vc_column][vc_column_text]<strong>Altri impegni per il mondo dell\u2019educational riguardano le scuole secondarie.<\/strong><\/p>\n<p>Il Gruppo partecipa ai programmi ministeriali \u201c<strong>A scuola di impresa<\/strong>\u201d e \u201c<strong>Alternanza scuola-lavoro<\/strong>\u201d.<\/p>\n<p>Tra il 2013 e il 2019 oltre <strong>600 ragazzi <\/strong>hanno varcato i confini del sito industriale Sarlux e negli ultimi 5 anni<strong> oltre 1000 studenti<\/strong>\u00a0hanno partecipato a percorsi di\u00a0<em>simulazione di impresa<\/em>,\u00a0<em>competenze trasversali<\/em> e <em>orientamento<\/em>; tanti giovani\u00a0hanno cos\u00ec potuto avvicinarsi al mondo del lavoro e, in particolare, osservare il complesso sistema di competenze e innovazione tecnologica che si sviluppa in un grande gruppo industriale. In diverse <strong>conferenze<\/strong> e <strong>seminari<\/strong> si \u00e8 parlato di sicurezza, ambiente, processi produttivi, ICT, organizzazione aziendale, con l\u2019approfondimento di temi quali l\u2019<strong>Industry 4.0 e<\/strong> l\u2019<strong>innovazione nell\u2019industria della raffinazione<\/strong>.<\/p>\n<p>Nell\u2019ambito di questi progetti \u00e8 interessante la fase dei <strong>concorsi<\/strong>, dove gli studenti possono realizzare e sperimentare idee e tecnologie legate <strong>all\u2019innovazione o anche a temi attuali come la mobilit\u00e0 sostenibile. \u00a0<\/strong><\/p>\n<p>Per le\u00a0<strong>scuole primarie<\/strong>, si punta soprattutto al contrasto dell\u2019abbandono scolastico.[\/vc_column_text][vc_empty_space height=&#8221;8px&#8221;][\/vc_column][\/vc_row][vc_row][vc_column width=&#8221;1\/2&#8243;][vc_single_image image=&#8221;542108&#8243; img_size=&#8221;full&#8221; el_class=&#8221;didascalia&#8221;][\/vc_column][vc_column width=&#8221;1\/2&#8243;][vc_single_image image=&#8221;542111&#8243; img_size=&#8221;full&#8221; el_class=&#8221;didascalia&#8221;][\/vc_column][\/vc_row][vc_row][vc_column][vc_column_text]Da oltre 20 anni<strong> il Gruppo Saras affianca gli studenti<\/strong> dell\u2019Istituto Comprensivo Statale di Sarroch attraverso l\u2019acquisto di testi scolastici e tablet e il supporto alla realizzazione delle aule informatiche dedicate, <strong>per formare i giovani e aiutarli ad arrivare preparati al futuro digitale che li aspetta.<\/strong>[\/vc_column_text][\/vc_column][\/vc_row][vc_row][vc_column][vc_icon icon_fontawesome=&#8221;fa fa-cog&#8221; size=&#8221;sm&#8221; align=&#8221;center&#8221;][vc_empty_space height=&#8221;16px&#8221;][vc_column_text]Il Gruppo Saras \u00e8 uno dei principali operatori europei nella raffinazione del petrolio ed \u00e8 attivo anche nel settore della produzione di energia elettrica. Direttamente e attraverso le proprie controllate, il Gruppo vende e distribuisce prodotti petroliferi nei mercati nazionali e internazionali. Inoltre, il Gruppo produce e vende energia elettrica attraverso le controllate Sarlux Srl (impianto IGCC) e Sardeolica Srl (parco eolico). Il Gruppo offre poi servizi di ingegneria industriale per il settore petrolifero, dell\u2019energia e dell\u2019ambiente attraverso la controllata Sartec Srl.[\/vc_column_text][vc_empty_space][\/vc_column][\/vc_row]<\/p>\n<\/div>","protected":false},"excerpt":{"rendered":"<p>Essere parte integrante e riferimento per la comunit\u00e0 \u00e8 uno dei valori che identifica il gruppo Saras. Gli obiettivi di maggiore impegno sono il diffondere la cultura d&#8217;impresa e il promuovere attivit\u00e0 di formazione per i giovani, per uno scambio virtuoso che crei un forte legame tra formazione ed esperienza e per favorire uno sviluppo sociale che mette al centro i temi del lavoro, della sostenibilit\u00e0 e della crescita economica.<\/p>\n","protected":false},"author":2,"featured_media":542102,"comment_status":"closed","ping_status":"open","sticky":false,"template":"","format":"standard","meta":{"_acf_changed":false,"inline_featured_image":false,"footnotes":""},"categories":[26,17],"tags":[62,432,138,35,135,97,29,141,47,82,120,105,53,71,132,114,65],"class_list":["post-542110","post","type-post","status-publish","format-standard","has-post-thumbnail","hentry","category-home-it","category-news","tag-borsa-studio","tag-concorsi","tag-cultura","tag-educazione","tag-formazione","tag-gruppo-saras","tag-impegno-sociale","tag-impresa","tag-industria-4-0","tag-innovazione","tag-lavoro","tag-sardegna","tag-sarlux","tag-sarroch","tag-scuola","tag-territorio","tag-universita"],"acf":[],"yoast_head":"<!-- This site is optimized with the Yoast SEO plugin v27.3 - https:\/\/yoast.com\/product\/yoast-seo-wordpress\/ -->\n<title>I nostri valori, i nostri progetti: #Sarasperlascuola - Sarlux Saras | Refining &amp; Power<\/title>\n<meta name=\"description\" content=\"Essere parte integrante e riferimento per la comunit\u00e0 \u00e8 uno dei valori che identifica il gruppo Saras. Gli obiettivi di maggiore impegno sono il diffondere la cultura d&#039;impresa e il promuovere attivit\u00e0 di formazione per i giovani, per uno scambio virtuoso che crei un forte legame tra formazione ed esperienza e per favorire uno sviluppo sociale che mette al centro i temi del lavoro, della sostenibilit\u00e0 e della crescita economica.\" \/>\n<meta name=\"robots\" content=\"index, follow, max-snippet:-1, max-image-preview:large, max-video-preview:-1\" \/>\n<link rel=\"canonical\" href=\"https:\/\/www.sarlux.saras.it\/it\/valori-e-progetti-sarasperlascuola\/\" \/>\n<meta property=\"og:locale\" content=\"it_IT\" \/>\n<meta property=\"og:type\" content=\"article\" \/>\n<meta property=\"og:title\" content=\"I nostri valori, i nostri progetti: #Sarasperlascuola - Sarlux Saras | Refining &amp; Power\" \/>\n<meta property=\"og:description\" content=\"Essere parte integrante e riferimento per la comunit\u00e0 \u00e8 uno dei valori che identifica il gruppo Saras. Gli obiettivi di maggiore impegno sono il diffondere la cultura d&#039;impresa e il promuovere attivit\u00e0 di formazione per i giovani, per uno scambio virtuoso che crei un forte legame tra formazione ed esperienza e per favorire uno sviluppo sociale che mette al centro i temi del lavoro, della sostenibilit\u00e0 e della crescita economica.\" \/>\n<meta property=\"og:url\" content=\"https:\/\/www.sarlux.saras.it\/it\/valori-e-progetti-sarasperlascuola\/\" \/>\n<meta property=\"og:site_name\" content=\"Sarlux Saras | Refining &amp; Power\" \/>\n<meta property=\"article:published_time\" content=\"2020-02-18T09:55:14+00:00\" \/>\n<meta property=\"article:modified_time\" content=\"2020-02-24T08:18:47+00:00\" \/>\n<meta property=\"og:image\" content=\"https:\/\/www.sarlux.saras.it\/wp-content\/uploads\/2020\/02\/02-conferenza-universita.Sarlux-Saras.jpg\" \/>\n\t<meta property=\"og:image:width\" content=\"1440\" \/>\n\t<meta property=\"og:image:height\" content=\"660\" \/>\n\t<meta property=\"og:image:type\" content=\"image\/jpeg\" \/>\n<meta name=\"author\" content=\"newsarlux\" \/>\n<meta name=\"twitter:card\" content=\"summary_large_image\" \/>\n<meta name=\"twitter:image\" content=\"https:\/\/www.sarlux.saras.it\/wp-content\/uploads\/2020\/02\/02-conferenza-universita.Sarlux-Saras.jpg\" \/>\n<meta name=\"twitter:label1\" content=\"Scritto da\" \/>\n\t<meta name=\"twitter:data1\" content=\"newsarlux\" \/>\n\t<meta name=\"twitter:label2\" content=\"Tempo di lettura stimato\" \/>\n\t<meta name=\"twitter:data2\" content=\"5 minuti\" \/>\n<script type=\"application\/ld+json\" class=\"yoast-schema-graph\">{\"@context\":\"https:\\\/\\\/schema.org\",\"@graph\":[{\"@type\":\"Article\",\"@id\":\"https:\\\/\\\/www.sarlux.saras.it\\\/it\\\/valori-e-progetti-sarasperlascuola\\\/#article\",\"isPartOf\":{\"@id\":\"https:\\\/\\\/www.sarlux.saras.it\\\/it\\\/valori-e-progetti-sarasperlascuola\\\/\"},\"author\":{\"name\":\"newsarlux\",\"@id\":\"https:\\\/\\\/www.sarlux.saras.it\\\/it\\\/#\\\/schema\\\/person\\\/c7561934b223f17087f8e08f41b37b83\"},\"headline\":\"I nostri valori, i nostri progetti: #Sarasperlascuola\",\"datePublished\":\"2020-02-18T09:55:14+00:00\",\"dateModified\":\"2020-02-24T08:18:47+00:00\",\"mainEntityOfPage\":{\"@id\":\"https:\\\/\\\/www.sarlux.saras.it\\\/it\\\/valori-e-progetti-sarasperlascuola\\\/\"},\"wordCount\":960,\"publisher\":{\"@id\":\"https:\\\/\\\/www.sarlux.saras.it\\\/it\\\/#organization\"},\"image\":{\"@id\":\"https:\\\/\\\/www.sarlux.saras.it\\\/it\\\/valori-e-progetti-sarasperlascuola\\\/#primaryimage\"},\"thumbnailUrl\":\"https:\\\/\\\/www.sarlux.saras.it\\\/wp-content\\\/uploads\\\/2020\\\/02\\\/02-conferenza-universita.Sarlux-Saras.jpg\",\"keywords\":[\"Borsa studio\",\"concorsi\",\"cultura\",\"Educazione\",\"formazione\",\"Gruppo Saras\",\"Impegno sociale\",\"impresa\",\"industria 4.0\",\"Innovazione\",\"lavoro\",\"sardegna\",\"Sarlux\",\"Sarroch\",\"scuola\",\"territorio\",\"Universit\u00e0\"],\"articleSection\":[\"home\",\"News\"],\"inLanguage\":\"it-IT\"},{\"@type\":\"WebPage\",\"@id\":\"https:\\\/\\\/www.sarlux.saras.it\\\/it\\\/valori-e-progetti-sarasperlascuola\\\/\",\"url\":\"https:\\\/\\\/www.sarlux.saras.it\\\/it\\\/valori-e-progetti-sarasperlascuola\\\/\",\"name\":\"I nostri valori, i nostri progetti: #Sarasperlascuola - Sarlux Saras | Refining & Power\",\"isPartOf\":{\"@id\":\"https:\\\/\\\/www.sarlux.saras.it\\\/it\\\/#website\"},\"primaryImageOfPage\":{\"@id\":\"https:\\\/\\\/www.sarlux.saras.it\\\/it\\\/valori-e-progetti-sarasperlascuola\\\/#primaryimage\"},\"image\":{\"@id\":\"https:\\\/\\\/www.sarlux.saras.it\\\/it\\\/valori-e-progetti-sarasperlascuola\\\/#primaryimage\"},\"thumbnailUrl\":\"https:\\\/\\\/www.sarlux.saras.it\\\/wp-content\\\/uploads\\\/2020\\\/02\\\/02-conferenza-universita.Sarlux-Saras.jpg\",\"datePublished\":\"2020-02-18T09:55:14+00:00\",\"dateModified\":\"2020-02-24T08:18:47+00:00\",\"description\":\"Essere parte integrante e riferimento per la comunit\u00e0 \u00e8 uno dei valori che identifica il gruppo Saras. Gli obiettivi di maggiore impegno sono il diffondere la cultura d'impresa e il promuovere attivit\u00e0 di formazione per i giovani, per uno scambio virtuoso che crei un forte legame tra formazione ed esperienza e per favorire uno sviluppo sociale che mette al centro i temi del lavoro, della sostenibilit\u00e0 e della crescita economica.\",\"breadcrumb\":{\"@id\":\"https:\\\/\\\/www.sarlux.saras.it\\\/it\\\/valori-e-progetti-sarasperlascuola\\\/#breadcrumb\"},\"inLanguage\":\"it-IT\",\"potentialAction\":[{\"@type\":\"ReadAction\",\"target\":[\"https:\\\/\\\/www.sarlux.saras.it\\\/it\\\/valori-e-progetti-sarasperlascuola\\\/\"]}]},{\"@type\":\"ImageObject\",\"inLanguage\":\"it-IT\",\"@id\":\"https:\\\/\\\/www.sarlux.saras.it\\\/it\\\/valori-e-progetti-sarasperlascuola\\\/#primaryimage\",\"url\":\"https:\\\/\\\/www.sarlux.saras.it\\\/wp-content\\\/uploads\\\/2020\\\/02\\\/02-conferenza-universita.Sarlux-Saras.jpg\",\"contentUrl\":\"https:\\\/\\\/www.sarlux.saras.it\\\/wp-content\\\/uploads\\\/2020\\\/02\\\/02-conferenza-universita.Sarlux-Saras.jpg\",\"width\":1440,\"height\":660},{\"@type\":\"BreadcrumbList\",\"@id\":\"https:\\\/\\\/www.sarlux.saras.it\\\/it\\\/valori-e-progetti-sarasperlascuola\\\/#breadcrumb\",\"itemListElement\":[{\"@type\":\"ListItem\",\"position\":1,\"name\":\"Home\",\"item\":\"https:\\\/\\\/www.sarlux.saras.it\\\/it\\\/\"},{\"@type\":\"ListItem\",\"position\":2,\"name\":\"I nostri valori, i nostri progetti: #Sarasperlascuola\"}]},{\"@type\":\"WebSite\",\"@id\":\"https:\\\/\\\/www.sarlux.saras.it\\\/it\\\/#website\",\"url\":\"https:\\\/\\\/www.sarlux.saras.it\\\/it\\\/\",\"name\":\"Sarlux\",\"description\":\"\",\"publisher\":{\"@id\":\"https:\\\/\\\/www.sarlux.saras.it\\\/it\\\/#organization\"},\"potentialAction\":[{\"@type\":\"SearchAction\",\"target\":{\"@type\":\"EntryPoint\",\"urlTemplate\":\"https:\\\/\\\/www.sarlux.saras.it\\\/it\\\/?s={search_term_string}\"},\"query-input\":{\"@type\":\"PropertyValueSpecification\",\"valueRequired\":true,\"valueName\":\"search_term_string\"}}],\"inLanguage\":\"it-IT\"},{\"@type\":\"Organization\",\"@id\":\"https:\\\/\\\/www.sarlux.saras.it\\\/it\\\/#organization\",\"name\":\"Sarlux\",\"url\":\"https:\\\/\\\/www.sarlux.saras.it\\\/it\\\/\",\"logo\":{\"@type\":\"ImageObject\",\"inLanguage\":\"it-IT\",\"@id\":\"https:\\\/\\\/www.sarlux.saras.it\\\/it\\\/#\\\/schema\\\/logo\\\/image\\\/\",\"url\":\"https:\\\/\\\/www.sarlux.saras.it\\\/wp-content\\\/uploads\\\/2017\\\/12\\\/logo-pc-1.png\",\"contentUrl\":\"https:\\\/\\\/www.sarlux.saras.it\\\/wp-content\\\/uploads\\\/2017\\\/12\\\/logo-pc-1.png\",\"width\":184,\"height\":86,\"caption\":\"Sarlux\"},\"image\":{\"@id\":\"https:\\\/\\\/www.sarlux.saras.it\\\/it\\\/#\\\/schema\\\/logo\\\/image\\\/\"}},{\"@type\":\"Person\",\"@id\":\"https:\\\/\\\/www.sarlux.saras.it\\\/it\\\/#\\\/schema\\\/person\\\/c7561934b223f17087f8e08f41b37b83\",\"name\":\"newsarlux\",\"image\":{\"@type\":\"ImageObject\",\"inLanguage\":\"it-IT\",\"@id\":\"https:\\\/\\\/secure.gravatar.com\\\/avatar\\\/eb7f74d52340ebedd5480701fcdd6d2904abef8cdb3a51882f629f2dd32d610d?s=96&d=mm&r=g\",\"url\":\"https:\\\/\\\/secure.gravatar.com\\\/avatar\\\/eb7f74d52340ebedd5480701fcdd6d2904abef8cdb3a51882f629f2dd32d610d?s=96&d=mm&r=g\",\"contentUrl\":\"https:\\\/\\\/secure.gravatar.com\\\/avatar\\\/eb7f74d52340ebedd5480701fcdd6d2904abef8cdb3a51882f629f2dd32d610d?s=96&d=mm&r=g\",\"caption\":\"newsarlux\"},\"url\":\"\"}]}<\/script>\n<!-- \/ Yoast SEO plugin. -->","yoast_head_json":{"title":"I nostri valori, i nostri progetti: #Sarasperlascuola - Sarlux Saras | Refining & Power","description":"Essere parte integrante e riferimento per la comunit\u00e0 \u00e8 uno dei valori che identifica il gruppo Saras. Gli obiettivi di maggiore impegno sono il diffondere la cultura d'impresa e il promuovere attivit\u00e0 di formazione per i giovani, per uno scambio virtuoso che crei un forte legame tra formazione ed esperienza e per favorire uno sviluppo sociale che mette al centro i temi del lavoro, della sostenibilit\u00e0 e della crescita economica.","robots":{"index":"index","follow":"follow","max-snippet":"max-snippet:-1","max-image-preview":"max-image-preview:large","max-video-preview":"max-video-preview:-1"},"canonical":"https:\/\/www.sarlux.saras.it\/it\/valori-e-progetti-sarasperlascuola\/","og_locale":"it_IT","og_type":"article","og_title":"I nostri valori, i nostri progetti: #Sarasperlascuola - Sarlux Saras | Refining & Power","og_description":"Essere parte integrante e riferimento per la comunit\u00e0 \u00e8 uno dei valori che identifica il gruppo Saras. Gli obiettivi di maggiore impegno sono il diffondere la cultura d'impresa e il promuovere attivit\u00e0 di formazione per i giovani, per uno scambio virtuoso che crei un forte legame tra formazione ed esperienza e per favorire uno sviluppo sociale che mette al centro i temi del lavoro, della sostenibilit\u00e0 e della crescita economica.","og_url":"https:\/\/www.sarlux.saras.it\/it\/valori-e-progetti-sarasperlascuola\/","og_site_name":"Sarlux Saras | Refining & Power","article_published_time":"2020-02-18T09:55:14+00:00","article_modified_time":"2020-02-24T08:18:47+00:00","og_image":[{"width":1440,"height":660,"url":"https:\/\/www.sarlux.saras.it\/wp-content\/uploads\/2020\/02\/02-conferenza-universita.Sarlux-Saras.jpg","type":"image\/jpeg"}],"author":"newsarlux","twitter_card":"summary_large_image","twitter_image":"https:\/\/www.sarlux.saras.it\/wp-content\/uploads\/2020\/02\/02-conferenza-universita.Sarlux-Saras.jpg","twitter_misc":{"Scritto da":"newsarlux","Tempo di lettura stimato":"5 minuti"},"schema":{"@context":"https:\/\/schema.org","@graph":[{"@type":"Article","@id":"https:\/\/www.sarlux.saras.it\/it\/valori-e-progetti-sarasperlascuola\/#article","isPartOf":{"@id":"https:\/\/www.sarlux.saras.it\/it\/valori-e-progetti-sarasperlascuola\/"},"author":{"name":"newsarlux","@id":"https:\/\/www.sarlux.saras.it\/it\/#\/schema\/person\/c7561934b223f17087f8e08f41b37b83"},"headline":"I nostri valori, i nostri progetti: #Sarasperlascuola","datePublished":"2020-02-18T09:55:14+00:00","dateModified":"2020-02-24T08:18:47+00:00","mainEntityOfPage":{"@id":"https:\/\/www.sarlux.saras.it\/it\/valori-e-progetti-sarasperlascuola\/"},"wordCount":960,"publisher":{"@id":"https:\/\/www.sarlux.saras.it\/it\/#organization"},"image":{"@id":"https:\/\/www.sarlux.saras.it\/it\/valori-e-progetti-sarasperlascuola\/#primaryimage"},"thumbnailUrl":"https:\/\/www.sarlux.saras.it\/wp-content\/uploads\/2020\/02\/02-conferenza-universita.Sarlux-Saras.jpg","keywords":["Borsa studio","concorsi","cultura","Educazione","formazione","Gruppo Saras","Impegno sociale","impresa","industria 4.0","Innovazione","lavoro","sardegna","Sarlux","Sarroch","scuola","territorio","Universit\u00e0"],"articleSection":["home","News"],"inLanguage":"it-IT"},{"@type":"WebPage","@id":"https:\/\/www.sarlux.saras.it\/it\/valori-e-progetti-sarasperlascuola\/","url":"https:\/\/www.sarlux.saras.it\/it\/valori-e-progetti-sarasperlascuola\/","name":"I nostri valori, i nostri progetti: #Sarasperlascuola - Sarlux Saras | Refining & Power","isPartOf":{"@id":"https:\/\/www.sarlux.saras.it\/it\/#website"},"primaryImageOfPage":{"@id":"https:\/\/www.sarlux.saras.it\/it\/valori-e-progetti-sarasperlascuola\/#primaryimage"},"image":{"@id":"https:\/\/www.sarlux.saras.it\/it\/valori-e-progetti-sarasperlascuola\/#primaryimage"},"thumbnailUrl":"https:\/\/www.sarlux.saras.it\/wp-content\/uploads\/2020\/02\/02-conferenza-universita.Sarlux-Saras.jpg","datePublished":"2020-02-18T09:55:14+00:00","dateModified":"2020-02-24T08:18:47+00:00","description":"Essere parte integrante e riferimento per la comunit\u00e0 \u00e8 uno dei valori che identifica il gruppo Saras. Gli obiettivi di maggiore impegno sono il diffondere la cultura d'impresa e il promuovere attivit\u00e0 di formazione per i giovani, per uno scambio virtuoso che crei un forte legame tra formazione ed esperienza e per favorire uno sviluppo sociale che mette al centro i temi del lavoro, della sostenibilit\u00e0 e della crescita economica.","breadcrumb":{"@id":"https:\/\/www.sarlux.saras.it\/it\/valori-e-progetti-sarasperlascuola\/#breadcrumb"},"inLanguage":"it-IT","potentialAction":[{"@type":"ReadAction","target":["https:\/\/www.sarlux.saras.it\/it\/valori-e-progetti-sarasperlascuola\/"]}]},{"@type":"ImageObject","inLanguage":"it-IT","@id":"https:\/\/www.sarlux.saras.it\/it\/valori-e-progetti-sarasperlascuola\/#primaryimage","url":"https:\/\/www.sarlux.saras.it\/wp-content\/uploads\/2020\/02\/02-conferenza-universita.Sarlux-Saras.jpg","contentUrl":"https:\/\/www.sarlux.saras.it\/wp-content\/uploads\/2020\/02\/02-conferenza-universita.Sarlux-Saras.jpg","width":1440,"height":660},{"@type":"BreadcrumbList","@id":"https:\/\/www.sarlux.saras.it\/it\/valori-e-progetti-sarasperlascuola\/#breadcrumb","itemListElement":[{"@type":"ListItem","position":1,"name":"Home","item":"https:\/\/www.sarlux.saras.it\/it\/"},{"@type":"ListItem","position":2,"name":"I nostri valori, i nostri progetti: #Sarasperlascuola"}]},{"@type":"WebSite","@id":"https:\/\/www.sarlux.saras.it\/it\/#website","url":"https:\/\/www.sarlux.saras.it\/it\/","name":"Sarlux","description":"","publisher":{"@id":"https:\/\/www.sarlux.saras.it\/it\/#organization"},"potentialAction":[{"@type":"SearchAction","target":{"@type":"EntryPoint","urlTemplate":"https:\/\/www.sarlux.saras.it\/it\/?s={search_term_string}"},"query-input":{"@type":"PropertyValueSpecification","valueRequired":true,"valueName":"search_term_string"}}],"inLanguage":"it-IT"},{"@type":"Organization","@id":"https:\/\/www.sarlux.saras.it\/it\/#organization","name":"Sarlux","url":"https:\/\/www.sarlux.saras.it\/it\/","logo":{"@type":"ImageObject","inLanguage":"it-IT","@id":"https:\/\/www.sarlux.saras.it\/it\/#\/schema\/logo\/image\/","url":"https:\/\/www.sarlux.saras.it\/wp-content\/uploads\/2017\/12\/logo-pc-1.png","contentUrl":"https:\/\/www.sarlux.saras.it\/wp-content\/uploads\/2017\/12\/logo-pc-1.png","width":184,"height":86,"caption":"Sarlux"},"image":{"@id":"https:\/\/www.sarlux.saras.it\/it\/#\/schema\/logo\/image\/"}},{"@type":"Person","@id":"https:\/\/www.sarlux.saras.it\/it\/#\/schema\/person\/c7561934b223f17087f8e08f41b37b83","name":"newsarlux","image":{"@type":"ImageObject","inLanguage":"it-IT","@id":"https:\/\/secure.gravatar.com\/avatar\/eb7f74d52340ebedd5480701fcdd6d2904abef8cdb3a51882f629f2dd32d610d?s=96&d=mm&r=g","url":"https:\/\/secure.gravatar.com\/avatar\/eb7f74d52340ebedd5480701fcdd6d2904abef8cdb3a51882f629f2dd32d610d?s=96&d=mm&r=g","contentUrl":"https:\/\/secure.gravatar.com\/avatar\/eb7f74d52340ebedd5480701fcdd6d2904abef8cdb3a51882f629f2dd32d610d?s=96&d=mm&r=g","caption":"newsarlux"},"url":""}]}},"_links":{"self":[{"href":"https:\/\/www.sarlux.saras.it\/it\/wp-json\/wp\/v2\/posts\/542110","targetHints":{"allow":["GET"]}}],"collection":[{"href":"https:\/\/www.sarlux.saras.it\/it\/wp-json\/wp\/v2\/posts"}],"about":[{"href":"https:\/\/www.sarlux.saras.it\/it\/wp-json\/wp\/v2\/types\/post"}],"author":[{"embeddable":true,"href":"https:\/\/www.sarlux.saras.it\/it\/wp-json\/wp\/v2\/users\/2"}],"replies":[{"embeddable":true,"href":"https:\/\/www.sarlux.saras.it\/it\/wp-json\/wp\/v2\/comments?post=542110"}],"version-history":[{"count":4,"href":"https:\/\/www.sarlux.saras.it\/it\/wp-json\/wp\/v2\/posts\/542110\/revisions"}],"predecessor-version":[{"id":542217,"href":"https:\/\/www.sarlux.saras.it\/it\/wp-json\/wp\/v2\/posts\/542110\/revisions\/542217"}],"wp:featuredmedia":[{"embeddable":true,"href":"https:\/\/www.sarlux.saras.it\/it\/wp-json\/wp\/v2\/media\/542102"}],"wp:attachment":[{"href":"https:\/\/www.sarlux.saras.it\/it\/wp-json\/wp\/v2\/media?parent=542110"}],"wp:term":[{"taxonomy":"category","embeddable":true,"href":"https:\/\/www.sarlux.saras.it\/it\/wp-json\/wp\/v2\/categories?post=542110"},{"taxonomy":"post_tag","embeddable":true,"href":"https:\/\/www.sarlux.saras.it\/it\/wp-json\/wp\/v2\/tags?post=542110"}],"curies":[{"name":"wp","href":"https:\/\/api.w.org\/{rel}","templated":true}]}}