{"id":542415,"date":"2020-02-20T16:45:51","date_gmt":"2020-02-20T16:45:51","guid":{"rendered":"https:\/\/www.sarlux.saras.it\/?p=542415"},"modified":"2020-06-06T09:31:56","modified_gmt":"2020-06-06T09:31:56","slug":"saras-per-la-scuola-2020","status":"publish","type":"post","link":"https:\/\/www.sarlux.saras.it\/it\/saras-per-la-scuola-2020\/","title":{"rendered":"#Sarasperlascuola 2020"},"content":{"rendered":"<div class=\"wpb-content-wrapper\"><p>[vc_row][vc_column][vc_column_text]Il Gruppo Saras \u00e8 attivo nella diffusione dei valori della cultura d\u2019impresa tra le giovani generazioni con un programma strutturato di percorsi didattici rivolto alle scuole superiori, workshop, incontri destinati agli studenti, visite di istruzione, incontri con i docenti ed eventi dedicati legati al mondo della didattica organizzati anche in collaborazione con altre istituzioni culturali.<\/p>\n<p>L\u2019obiettivo dei percorsi #educational \u00e8 quello di avvicinare gli studenti delle scuole secondarie ai\u00a0<strong>valori fondanti della cultura d\u2019impresa del Gruppo Saras.<\/strong><\/p>\n<p><strong>Negli ultimi 5 anni oltre 1000 studenti<\/strong>\u00a0hanno partecipato ai percorsi di alternanza scuola lavoro &#8211; oggi Percorsi per le Competenze Trasversali e l\u2019Orientamento (PCTO) &#8211; e\u00a0<strong>hanno cos\u00ec potuto osservare il complesso sistema di competenze e innovazione tecnologica che si sviluppa in un grande gruppo industriale e avere cos\u00ec un primo approccio al mondo del lavoro<\/strong>.<\/p>\n<h3><strong>\u00a0<\/strong><\/h3>\n<p>Il progetto <strong>Saras per la scuola 2020<\/strong> \u00e8 il risultato di una partnership virtuosa tra il <strong>Gruppo Saras <\/strong>e <strong>Anpal Servizi<\/strong> che, in collaborazione con <strong>cinque istituti della Sardegna<\/strong>, hanno sviluppato una proposta didattica che prevede testimonianze a scuola, visite in raffineria e laboratori tematici.<\/p>\n<p>Gli istituti coinvolti &#8211; <strong>Istituto Scano di Cagliari, Asproni Fermi di Iglesias, ITI di Tortol\u00ec, Loi Carbonia e Gramsci di Tonara<\/strong> \u2013 sono stati selezionati sia sulla base della congruenza con il percorso scolastico e le competenze maggiormente ricercate nel Gruppo e sia sulle forti motivazioni manifestate dagli istituti e dagli studenti.[\/vc_column_text][vc_empty_space height=&#8221;16px&#8221;][\/vc_column][\/vc_row][vc_row][vc_column width=&#8221;1\/2&#8243;][vc_single_image image=&#8221;542420&#8243; img_size=&#8221;full&#8221;][\/vc_column][vc_column width=&#8221;1\/2&#8243;][vc_single_image image=&#8221;542422&#8243; img_size=&#8221;full&#8221; add_caption=&#8221;yes&#8221;][\/vc_column][\/vc_row][vc_row][vc_column][vc_empty_space height=&#8221;16px&#8221;][vc_column_text]150 studenti (30 per ogni istituto), professori e manager del Gruppo, nell\u2019arco di cinque incontri, affrontano i temi <strong>della sostenibilit\u00e0, della sicurezza sui luoghi di lavoro, delle risorse umane, della formazione, della gestione e organizzazione aziendale<\/strong>.<\/p>\n<p>Il percorso intende sviluppare: la <strong>conoscenza<\/strong>\u00a0 dei processi di produzione della raffineria <strong>Sarlux<\/strong>, le <strong>competenze tecniche<\/strong> in funzione del profilo specifico di ogni percorso scolastico e le <strong>capacit\u00e0<\/strong> di lavorare in gruppo, di comunicare in modo efficace, di sviluppare un pensiero critico e di orientarsi professionalmente.<\/p>\n<p>&nbsp;<\/p>\n<p>Il progetto prevede un totale complessivo di <strong>60 ore di formazione<\/strong>.<\/p>\n<p>Si inizia con una <strong>testimonianza a scuola <\/strong>in cui manager e tecnici presentano la storia del Gruppo Saras, l\u2019organizzazione aziendale, i processi produttivi, la capacit\u00e0 innovativa e la filosofia che guida le attivit\u00e0 di tutte le societ\u00e0 che appartengono al Gruppo riassunta nel <em>purpose<\/em>.<\/p>\n<p>Segue la <strong>visita in azienda: una mattina presso la raffineria Sarlux<\/strong>. Si inizia con il <strong>corso di sicurezza in ingresso <\/strong>e poi, in una delle conference room dello stabilimento, si affrontano prevalentemente i temi della <strong>sostenibilit\u00e0 ambientale, dei processi produttivi del sito, dell\u2019industry 4.0 e dei progetti<em>\u00a0#digitalsaras<\/em><\/strong>.<\/p>\n<p>La mattinata si conclude con la visita guidata degli impianti Nord a bordo della <a href=\"https:\/\/www.sarlux.saras.it\/it\/street-art-4-0-premiati\/\">navetta \u201cstreet art\u201d<\/a>.<\/p>\n<p>A fine anno scolastico il progetto si chiude con un <strong>evento che rappresenta un importante momento di condivisione delle esperienze e dei risultati tra tutti gli attori coinvolti.<\/strong>[\/vc_column_text][vc_empty_space height=&#8221;16px&#8221;][\/vc_column][\/vc_row][vc_row][vc_column width=&#8221;1\/2&#8243;][vc_single_image image=&#8221;542418&#8243; img_size=&#8221;full&#8221; add_caption=&#8221;yes&#8221;][\/vc_column][vc_column width=&#8221;1\/2&#8243;][vc_single_image image=&#8221;542424&#8243; img_size=&#8221;full&#8221; add_caption=&#8221;yes&#8221;][\/vc_column][\/vc_row][vc_row][vc_column][vc_empty_space height=&#8221;16px&#8221;][\/vc_column][\/vc_row][vc_row][vc_column][vc_empty_space][vc_icon icon_fontawesome=&#8221;fa fa-cog&#8221; size=&#8221;sm&#8221; align=&#8221;center&#8221;][vc_single_image image=&#8221;542416&#8243; img_size=&#8221;full&#8221; el_class=&#8221;didascalia&#8221;][\/vc_column][\/vc_row][vc_row][vc_column][vc_icon icon_fontawesome=&#8221;fa fa-cog&#8221; size=&#8221;sm&#8221; align=&#8221;center&#8221;][vc_empty_space height=&#8221;16px&#8221;][vc_column_text]Il Gruppo Saras \u00e8 uno dei principali operatori europei nella raffinazione del petrolio ed \u00e8 attivo anche nel settore della produzione di energia elettrica. Direttamente e attraverso le proprie controllate, il Gruppo vende e distribuisce prodotti petroliferi nei mercati nazionali e internazionali. Inoltre, il Gruppo produce e vende energia elettrica attraverso le controllate Sarlux Srl (impianto IGCC) e Sardeolica Srl (parco eolico). Il Gruppo offre poi servizi di ingegneria industriale per il settore petrolifero, dell\u2019energia e dell\u2019ambiente attraverso la controllata Sartec Srl.[\/vc_column_text][vc_empty_space][\/vc_column][\/vc_row]<\/p>\n<\/div>","protected":false},"excerpt":{"rendered":"<p>Il Gruppo Saras \u00e8 attivo nella diffusione dei valori della cultura d\u2019impresa tra le giovani generazioni con un programma strutturato di percorsi didattici rivolto alle scuole superiori. Il progetto Saras per la scuola 2020 \u00e8 il risultato di una partnership virtuosa tra il Gruppo Saras e Anpal Servizi che, in collaborazione con cinque istituti della Sardegna, hanno sviluppato una proposta didattica che prevede testimonianze a scuola, visite in raffineria e laboratori tematici.<\/p>\n","protected":false},"author":2,"featured_media":542420,"comment_status":"closed","ping_status":"open","sticky":false,"template":"","format":"standard","meta":{"_acf_changed":false,"inline_featured_image":false,"footnotes":""},"categories":[26,17],"tags":[138,35,135,97,29,105,53,132,114],"class_list":["post-542415","post","type-post","status-publish","format-standard","has-post-thumbnail","hentry","category-home-it","category-news","tag-cultura","tag-educazione","tag-formazione","tag-gruppo-saras","tag-impegno-sociale","tag-sardegna","tag-sarlux","tag-scuola","tag-territorio"],"acf":[],"yoast_head":"<!-- This site is optimized with the Yoast SEO plugin v27.3 - https:\/\/yoast.com\/product\/yoast-seo-wordpress\/ -->\n<title>#Sarasperlascuola 2020 - Sarlux Saras | Refining &amp; Power<\/title>\n<meta name=\"description\" content=\"Il Gruppo Saras \u00e8 attivo nella diffusione dei valori della cultura d\u2019impresa tra le giovani generazioni con un programma strutturato di percorsi didattici rivolto alle scuole superiori. Il progetto Saras per la scuola 2020 \u00e8 il risultato di una partnership virtuosa tra il Gruppo Saras e Anpal Servizi che, in collaborazione con cinque istituti della Sardegna, hanno sviluppato una proposta didattica che prevede testimonianze a scuola, visite in raffineria e laboratori tematici.\" \/>\n<meta name=\"robots\" content=\"index, follow, max-snippet:-1, max-image-preview:large, max-video-preview:-1\" \/>\n<link rel=\"canonical\" href=\"https:\/\/www.sarlux.saras.it\/it\/saras-per-la-scuola-2020\/\" \/>\n<meta property=\"og:locale\" content=\"it_IT\" \/>\n<meta property=\"og:type\" content=\"article\" \/>\n<meta property=\"og:title\" content=\"#Sarasperlascuola 2020 - Sarlux Saras | Refining &amp; Power\" \/>\n<meta property=\"og:description\" content=\"Il Gruppo Saras \u00e8 attivo nella diffusione dei valori della cultura d\u2019impresa tra le giovani generazioni con un programma strutturato di percorsi didattici rivolto alle scuole superiori. Il progetto Saras per la scuola 2020 \u00e8 il risultato di una partnership virtuosa tra il Gruppo Saras e Anpal Servizi che, in collaborazione con cinque istituti della Sardegna, hanno sviluppato una proposta didattica che prevede testimonianze a scuola, visite in raffineria e laboratori tematici.\" \/>\n<meta property=\"og:url\" content=\"https:\/\/www.sarlux.saras.it\/it\/saras-per-la-scuola-2020\/\" \/>\n<meta property=\"og:site_name\" content=\"Sarlux Saras | Refining &amp; Power\" \/>\n<meta property=\"article:published_time\" content=\"2020-02-20T16:45:51+00:00\" \/>\n<meta property=\"article:modified_time\" content=\"2020-06-06T09:31:56+00:00\" \/>\n<meta property=\"og:image\" content=\"https:\/\/www.sarlux.saras.it\/wp-content\/uploads\/2020\/04\/Saras-per-la-scuola-2020_cover.jpg\" \/>\n\t<meta property=\"og:image:width\" content=\"991\" \/>\n\t<meta property=\"og:image:height\" content=\"451\" \/>\n\t<meta property=\"og:image:type\" content=\"image\/jpeg\" \/>\n<meta name=\"author\" content=\"newsarlux\" \/>\n<meta name=\"twitter:card\" content=\"summary_large_image\" \/>\n<meta name=\"twitter:image\" content=\"https:\/\/www.sarlux.saras.it\/wp-content\/uploads\/2020\/04\/Saras-per-la-scuola-2020_cover.jpg\" \/>\n<meta name=\"twitter:label1\" content=\"Scritto da\" \/>\n\t<meta name=\"twitter:data1\" content=\"newsarlux\" \/>\n\t<meta name=\"twitter:label2\" content=\"Tempo di lettura stimato\" \/>\n\t<meta name=\"twitter:data2\" content=\"4 minuti\" \/>\n<script type=\"application\/ld+json\" class=\"yoast-schema-graph\">{\"@context\":\"https:\\\/\\\/schema.org\",\"@graph\":[{\"@type\":\"Article\",\"@id\":\"https:\\\/\\\/www.sarlux.saras.it\\\/it\\\/saras-per-la-scuola-2020\\\/#article\",\"isPartOf\":{\"@id\":\"https:\\\/\\\/www.sarlux.saras.it\\\/it\\\/saras-per-la-scuola-2020\\\/\"},\"author\":{\"name\":\"newsarlux\",\"@id\":\"https:\\\/\\\/www.sarlux.saras.it\\\/it\\\/#\\\/schema\\\/person\\\/c7561934b223f17087f8e08f41b37b83\"},\"headline\":\"#Sarasperlascuola 2020\",\"datePublished\":\"2020-02-20T16:45:51+00:00\",\"dateModified\":\"2020-06-06T09:31:56+00:00\",\"mainEntityOfPage\":{\"@id\":\"https:\\\/\\\/www.sarlux.saras.it\\\/it\\\/saras-per-la-scuola-2020\\\/\"},\"wordCount\":725,\"publisher\":{\"@id\":\"https:\\\/\\\/www.sarlux.saras.it\\\/it\\\/#organization\"},\"image\":{\"@id\":\"https:\\\/\\\/www.sarlux.saras.it\\\/it\\\/saras-per-la-scuola-2020\\\/#primaryimage\"},\"thumbnailUrl\":\"https:\\\/\\\/www.sarlux.saras.it\\\/wp-content\\\/uploads\\\/2020\\\/04\\\/Saras-per-la-scuola-2020_cover.jpg\",\"keywords\":[\"cultura\",\"Educazione\",\"formazione\",\"Gruppo Saras\",\"Impegno sociale\",\"sardegna\",\"Sarlux\",\"scuola\",\"territorio\"],\"articleSection\":[\"home\",\"News\"],\"inLanguage\":\"it-IT\"},{\"@type\":\"WebPage\",\"@id\":\"https:\\\/\\\/www.sarlux.saras.it\\\/it\\\/saras-per-la-scuola-2020\\\/\",\"url\":\"https:\\\/\\\/www.sarlux.saras.it\\\/it\\\/saras-per-la-scuola-2020\\\/\",\"name\":\"#Sarasperlascuola 2020 - Sarlux Saras | Refining & Power\",\"isPartOf\":{\"@id\":\"https:\\\/\\\/www.sarlux.saras.it\\\/it\\\/#website\"},\"primaryImageOfPage\":{\"@id\":\"https:\\\/\\\/www.sarlux.saras.it\\\/it\\\/saras-per-la-scuola-2020\\\/#primaryimage\"},\"image\":{\"@id\":\"https:\\\/\\\/www.sarlux.saras.it\\\/it\\\/saras-per-la-scuola-2020\\\/#primaryimage\"},\"thumbnailUrl\":\"https:\\\/\\\/www.sarlux.saras.it\\\/wp-content\\\/uploads\\\/2020\\\/04\\\/Saras-per-la-scuola-2020_cover.jpg\",\"datePublished\":\"2020-02-20T16:45:51+00:00\",\"dateModified\":\"2020-06-06T09:31:56+00:00\",\"description\":\"Il Gruppo Saras \u00e8 attivo nella diffusione dei valori della cultura d\u2019impresa tra le giovani generazioni con un programma strutturato di percorsi didattici rivolto alle scuole superiori. Il progetto Saras per la scuola 2020 \u00e8 il risultato di una partnership virtuosa tra il Gruppo Saras e Anpal Servizi che, in collaborazione con cinque istituti della Sardegna, hanno sviluppato una proposta didattica che prevede testimonianze a scuola, visite in raffineria e laboratori tematici.\",\"breadcrumb\":{\"@id\":\"https:\\\/\\\/www.sarlux.saras.it\\\/it\\\/saras-per-la-scuola-2020\\\/#breadcrumb\"},\"inLanguage\":\"it-IT\",\"potentialAction\":[{\"@type\":\"ReadAction\",\"target\":[\"https:\\\/\\\/www.sarlux.saras.it\\\/it\\\/saras-per-la-scuola-2020\\\/\"]}]},{\"@type\":\"ImageObject\",\"inLanguage\":\"it-IT\",\"@id\":\"https:\\\/\\\/www.sarlux.saras.it\\\/it\\\/saras-per-la-scuola-2020\\\/#primaryimage\",\"url\":\"https:\\\/\\\/www.sarlux.saras.it\\\/wp-content\\\/uploads\\\/2020\\\/04\\\/Saras-per-la-scuola-2020_cover.jpg\",\"contentUrl\":\"https:\\\/\\\/www.sarlux.saras.it\\\/wp-content\\\/uploads\\\/2020\\\/04\\\/Saras-per-la-scuola-2020_cover.jpg\",\"width\":991,\"height\":451},{\"@type\":\"BreadcrumbList\",\"@id\":\"https:\\\/\\\/www.sarlux.saras.it\\\/it\\\/saras-per-la-scuola-2020\\\/#breadcrumb\",\"itemListElement\":[{\"@type\":\"ListItem\",\"position\":1,\"name\":\"Home\",\"item\":\"https:\\\/\\\/www.sarlux.saras.it\\\/it\\\/\"},{\"@type\":\"ListItem\",\"position\":2,\"name\":\"#Sarasperlascuola 2020\"}]},{\"@type\":\"WebSite\",\"@id\":\"https:\\\/\\\/www.sarlux.saras.it\\\/it\\\/#website\",\"url\":\"https:\\\/\\\/www.sarlux.saras.it\\\/it\\\/\",\"name\":\"Sarlux\",\"description\":\"\",\"publisher\":{\"@id\":\"https:\\\/\\\/www.sarlux.saras.it\\\/it\\\/#organization\"},\"potentialAction\":[{\"@type\":\"SearchAction\",\"target\":{\"@type\":\"EntryPoint\",\"urlTemplate\":\"https:\\\/\\\/www.sarlux.saras.it\\\/it\\\/?s={search_term_string}\"},\"query-input\":{\"@type\":\"PropertyValueSpecification\",\"valueRequired\":true,\"valueName\":\"search_term_string\"}}],\"inLanguage\":\"it-IT\"},{\"@type\":\"Organization\",\"@id\":\"https:\\\/\\\/www.sarlux.saras.it\\\/it\\\/#organization\",\"name\":\"Sarlux\",\"url\":\"https:\\\/\\\/www.sarlux.saras.it\\\/it\\\/\",\"logo\":{\"@type\":\"ImageObject\",\"inLanguage\":\"it-IT\",\"@id\":\"https:\\\/\\\/www.sarlux.saras.it\\\/it\\\/#\\\/schema\\\/logo\\\/image\\\/\",\"url\":\"https:\\\/\\\/www.sarlux.saras.it\\\/wp-content\\\/uploads\\\/2017\\\/12\\\/logo-pc-1.png\",\"contentUrl\":\"https:\\\/\\\/www.sarlux.saras.it\\\/wp-content\\\/uploads\\\/2017\\\/12\\\/logo-pc-1.png\",\"width\":184,\"height\":86,\"caption\":\"Sarlux\"},\"image\":{\"@id\":\"https:\\\/\\\/www.sarlux.saras.it\\\/it\\\/#\\\/schema\\\/logo\\\/image\\\/\"}},{\"@type\":\"Person\",\"@id\":\"https:\\\/\\\/www.sarlux.saras.it\\\/it\\\/#\\\/schema\\\/person\\\/c7561934b223f17087f8e08f41b37b83\",\"name\":\"newsarlux\",\"image\":{\"@type\":\"ImageObject\",\"inLanguage\":\"it-IT\",\"@id\":\"https:\\\/\\\/secure.gravatar.com\\\/avatar\\\/eb7f74d52340ebedd5480701fcdd6d2904abef8cdb3a51882f629f2dd32d610d?s=96&d=mm&r=g\",\"url\":\"https:\\\/\\\/secure.gravatar.com\\\/avatar\\\/eb7f74d52340ebedd5480701fcdd6d2904abef8cdb3a51882f629f2dd32d610d?s=96&d=mm&r=g\",\"contentUrl\":\"https:\\\/\\\/secure.gravatar.com\\\/avatar\\\/eb7f74d52340ebedd5480701fcdd6d2904abef8cdb3a51882f629f2dd32d610d?s=96&d=mm&r=g\",\"caption\":\"newsarlux\"},\"url\":\"\"}]}<\/script>\n<!-- \/ Yoast SEO plugin. -->","yoast_head_json":{"title":"#Sarasperlascuola 2020 - Sarlux Saras | Refining & Power","description":"Il Gruppo Saras \u00e8 attivo nella diffusione dei valori della cultura d\u2019impresa tra le giovani generazioni con un programma strutturato di percorsi didattici rivolto alle scuole superiori. Il progetto Saras per la scuola 2020 \u00e8 il risultato di una partnership virtuosa tra il Gruppo Saras e Anpal Servizi che, in collaborazione con cinque istituti della Sardegna, hanno sviluppato una proposta didattica che prevede testimonianze a scuola, visite in raffineria e laboratori tematici.","robots":{"index":"index","follow":"follow","max-snippet":"max-snippet:-1","max-image-preview":"max-image-preview:large","max-video-preview":"max-video-preview:-1"},"canonical":"https:\/\/www.sarlux.saras.it\/it\/saras-per-la-scuola-2020\/","og_locale":"it_IT","og_type":"article","og_title":"#Sarasperlascuola 2020 - Sarlux Saras | Refining & Power","og_description":"Il Gruppo Saras \u00e8 attivo nella diffusione dei valori della cultura d\u2019impresa tra le giovani generazioni con un programma strutturato di percorsi didattici rivolto alle scuole superiori. Il progetto Saras per la scuola 2020 \u00e8 il risultato di una partnership virtuosa tra il Gruppo Saras e Anpal Servizi che, in collaborazione con cinque istituti della Sardegna, hanno sviluppato una proposta didattica che prevede testimonianze a scuola, visite in raffineria e laboratori tematici.","og_url":"https:\/\/www.sarlux.saras.it\/it\/saras-per-la-scuola-2020\/","og_site_name":"Sarlux Saras | Refining & Power","article_published_time":"2020-02-20T16:45:51+00:00","article_modified_time":"2020-06-06T09:31:56+00:00","og_image":[{"width":991,"height":451,"url":"https:\/\/www.sarlux.saras.it\/wp-content\/uploads\/2020\/04\/Saras-per-la-scuola-2020_cover.jpg","type":"image\/jpeg"}],"author":"newsarlux","twitter_card":"summary_large_image","twitter_image":"https:\/\/www.sarlux.saras.it\/wp-content\/uploads\/2020\/04\/Saras-per-la-scuola-2020_cover.jpg","twitter_misc":{"Scritto da":"newsarlux","Tempo di lettura stimato":"4 minuti"},"schema":{"@context":"https:\/\/schema.org","@graph":[{"@type":"Article","@id":"https:\/\/www.sarlux.saras.it\/it\/saras-per-la-scuola-2020\/#article","isPartOf":{"@id":"https:\/\/www.sarlux.saras.it\/it\/saras-per-la-scuola-2020\/"},"author":{"name":"newsarlux","@id":"https:\/\/www.sarlux.saras.it\/it\/#\/schema\/person\/c7561934b223f17087f8e08f41b37b83"},"headline":"#Sarasperlascuola 2020","datePublished":"2020-02-20T16:45:51+00:00","dateModified":"2020-06-06T09:31:56+00:00","mainEntityOfPage":{"@id":"https:\/\/www.sarlux.saras.it\/it\/saras-per-la-scuola-2020\/"},"wordCount":725,"publisher":{"@id":"https:\/\/www.sarlux.saras.it\/it\/#organization"},"image":{"@id":"https:\/\/www.sarlux.saras.it\/it\/saras-per-la-scuola-2020\/#primaryimage"},"thumbnailUrl":"https:\/\/www.sarlux.saras.it\/wp-content\/uploads\/2020\/04\/Saras-per-la-scuola-2020_cover.jpg","keywords":["cultura","Educazione","formazione","Gruppo Saras","Impegno sociale","sardegna","Sarlux","scuola","territorio"],"articleSection":["home","News"],"inLanguage":"it-IT"},{"@type":"WebPage","@id":"https:\/\/www.sarlux.saras.it\/it\/saras-per-la-scuola-2020\/","url":"https:\/\/www.sarlux.saras.it\/it\/saras-per-la-scuola-2020\/","name":"#Sarasperlascuola 2020 - Sarlux Saras | Refining & Power","isPartOf":{"@id":"https:\/\/www.sarlux.saras.it\/it\/#website"},"primaryImageOfPage":{"@id":"https:\/\/www.sarlux.saras.it\/it\/saras-per-la-scuola-2020\/#primaryimage"},"image":{"@id":"https:\/\/www.sarlux.saras.it\/it\/saras-per-la-scuola-2020\/#primaryimage"},"thumbnailUrl":"https:\/\/www.sarlux.saras.it\/wp-content\/uploads\/2020\/04\/Saras-per-la-scuola-2020_cover.jpg","datePublished":"2020-02-20T16:45:51+00:00","dateModified":"2020-06-06T09:31:56+00:00","description":"Il Gruppo Saras \u00e8 attivo nella diffusione dei valori della cultura d\u2019impresa tra le giovani generazioni con un programma strutturato di percorsi didattici rivolto alle scuole superiori. Il progetto Saras per la scuola 2020 \u00e8 il risultato di una partnership virtuosa tra il Gruppo Saras e Anpal Servizi che, in collaborazione con cinque istituti della Sardegna, hanno sviluppato una proposta didattica che prevede testimonianze a scuola, visite in raffineria e laboratori tematici.","breadcrumb":{"@id":"https:\/\/www.sarlux.saras.it\/it\/saras-per-la-scuola-2020\/#breadcrumb"},"inLanguage":"it-IT","potentialAction":[{"@type":"ReadAction","target":["https:\/\/www.sarlux.saras.it\/it\/saras-per-la-scuola-2020\/"]}]},{"@type":"ImageObject","inLanguage":"it-IT","@id":"https:\/\/www.sarlux.saras.it\/it\/saras-per-la-scuola-2020\/#primaryimage","url":"https:\/\/www.sarlux.saras.it\/wp-content\/uploads\/2020\/04\/Saras-per-la-scuola-2020_cover.jpg","contentUrl":"https:\/\/www.sarlux.saras.it\/wp-content\/uploads\/2020\/04\/Saras-per-la-scuola-2020_cover.jpg","width":991,"height":451},{"@type":"BreadcrumbList","@id":"https:\/\/www.sarlux.saras.it\/it\/saras-per-la-scuola-2020\/#breadcrumb","itemListElement":[{"@type":"ListItem","position":1,"name":"Home","item":"https:\/\/www.sarlux.saras.it\/it\/"},{"@type":"ListItem","position":2,"name":"#Sarasperlascuola 2020"}]},{"@type":"WebSite","@id":"https:\/\/www.sarlux.saras.it\/it\/#website","url":"https:\/\/www.sarlux.saras.it\/it\/","name":"Sarlux","description":"","publisher":{"@id":"https:\/\/www.sarlux.saras.it\/it\/#organization"},"potentialAction":[{"@type":"SearchAction","target":{"@type":"EntryPoint","urlTemplate":"https:\/\/www.sarlux.saras.it\/it\/?s={search_term_string}"},"query-input":{"@type":"PropertyValueSpecification","valueRequired":true,"valueName":"search_term_string"}}],"inLanguage":"it-IT"},{"@type":"Organization","@id":"https:\/\/www.sarlux.saras.it\/it\/#organization","name":"Sarlux","url":"https:\/\/www.sarlux.saras.it\/it\/","logo":{"@type":"ImageObject","inLanguage":"it-IT","@id":"https:\/\/www.sarlux.saras.it\/it\/#\/schema\/logo\/image\/","url":"https:\/\/www.sarlux.saras.it\/wp-content\/uploads\/2017\/12\/logo-pc-1.png","contentUrl":"https:\/\/www.sarlux.saras.it\/wp-content\/uploads\/2017\/12\/logo-pc-1.png","width":184,"height":86,"caption":"Sarlux"},"image":{"@id":"https:\/\/www.sarlux.saras.it\/it\/#\/schema\/logo\/image\/"}},{"@type":"Person","@id":"https:\/\/www.sarlux.saras.it\/it\/#\/schema\/person\/c7561934b223f17087f8e08f41b37b83","name":"newsarlux","image":{"@type":"ImageObject","inLanguage":"it-IT","@id":"https:\/\/secure.gravatar.com\/avatar\/eb7f74d52340ebedd5480701fcdd6d2904abef8cdb3a51882f629f2dd32d610d?s=96&d=mm&r=g","url":"https:\/\/secure.gravatar.com\/avatar\/eb7f74d52340ebedd5480701fcdd6d2904abef8cdb3a51882f629f2dd32d610d?s=96&d=mm&r=g","contentUrl":"https:\/\/secure.gravatar.com\/avatar\/eb7f74d52340ebedd5480701fcdd6d2904abef8cdb3a51882f629f2dd32d610d?s=96&d=mm&r=g","caption":"newsarlux"},"url":""}]}},"_links":{"self":[{"href":"https:\/\/www.sarlux.saras.it\/it\/wp-json\/wp\/v2\/posts\/542415","targetHints":{"allow":["GET"]}}],"collection":[{"href":"https:\/\/www.sarlux.saras.it\/it\/wp-json\/wp\/v2\/posts"}],"about":[{"href":"https:\/\/www.sarlux.saras.it\/it\/wp-json\/wp\/v2\/types\/post"}],"author":[{"embeddable":true,"href":"https:\/\/www.sarlux.saras.it\/it\/wp-json\/wp\/v2\/users\/2"}],"replies":[{"embeddable":true,"href":"https:\/\/www.sarlux.saras.it\/it\/wp-json\/wp\/v2\/comments?post=542415"}],"version-history":[{"count":3,"href":"https:\/\/www.sarlux.saras.it\/it\/wp-json\/wp\/v2\/posts\/542415\/revisions"}],"predecessor-version":[{"id":542428,"href":"https:\/\/www.sarlux.saras.it\/it\/wp-json\/wp\/v2\/posts\/542415\/revisions\/542428"}],"wp:featuredmedia":[{"embeddable":true,"href":"https:\/\/www.sarlux.saras.it\/it\/wp-json\/wp\/v2\/media\/542420"}],"wp:attachment":[{"href":"https:\/\/www.sarlux.saras.it\/it\/wp-json\/wp\/v2\/media?parent=542415"}],"wp:term":[{"taxonomy":"category","embeddable":true,"href":"https:\/\/www.sarlux.saras.it\/it\/wp-json\/wp\/v2\/categories?post=542415"},{"taxonomy":"post_tag","embeddable":true,"href":"https:\/\/www.sarlux.saras.it\/it\/wp-json\/wp\/v2\/tags?post=542415"}],"curies":[{"name":"wp","href":"https:\/\/api.w.org\/{rel}","templated":true}]}}