{"id":542429,"date":"2020-02-21T17:02:39","date_gmt":"2020-02-21T17:02:39","guid":{"rendered":"https:\/\/www.sarlux.saras.it\/?p=542429"},"modified":"2020-06-06T09:30:26","modified_gmt":"2020-06-06T09:30:26","slug":"sarasperlascuola-saras-e-universita","status":"publish","type":"post","link":"https:\/\/www.sarlux.saras.it\/it\/sarasperlascuola-saras-e-universita\/","title":{"rendered":"#Sarasperlascuola: Saras e Universit\u00e0"},"content":{"rendered":"<div class=\"wpb-content-wrapper\"><p>[vc_row][vc_column][vc_column_text]Il Gruppo Saras, nell\u2019ambito della pluriennale collaborazione con l\u2019Universit\u00e0 di Cagliari, ha rinnovato anche per quest\u2019anno, la partecipazione delle societ\u00e0 del Gruppo, al ciclo di incontri \u201c<strong>Organizzazione e gestione dei sistemi industriali<\/strong>\u201d promosso dal corso di studi in Ingegneria meccanica e in partnership con le principali aziende della realt\u00e0 imprenditoriale e produttiva regionale.<\/p>\n<p>Il seminario si inquadra nell\u2019ambito delle attivit\u00e0 di\u00a0<strong>orientamento e accompagnamento al mondo del lavoro<\/strong> ed \u00e8 finalizzato a favorire la conoscenza della\u00a0<strong>struttura organizzativa<\/strong>\u00a0e delle modalit\u00e0 di\u00a0<strong>gestione dei processi produttivi<\/strong>\u00a0all\u2019interno di\u00a0<strong>moderni sistemi industriali<\/strong>. \u00c8 rivolto prevalentemente agli studenti della laurea triennale e magistrale in Ingegneria meccanica e, quest\u2019anno, \u00e8 stato aperto anche a 50 neo-iscritti all\u2019ordine degli ingegneri, che seguono questi seminari come corsi propedeutici all\u2019ingresso nel mondo lavorativo.[\/vc_column_text][vc_empty_space height=&#8221;16px&#8221;][\/vc_column][\/vc_row][vc_row][vc_column width=&#8221;1\/2&#8243;][vc_single_image image=&#8221;542432&#8243; img_size=&#8221;full&#8221; add_caption=&#8221;yes&#8221;][\/vc_column][vc_column width=&#8221;1\/2&#8243;][vc_single_image image=&#8221;542436&#8243; img_size=&#8221;full&#8221; add_caption=&#8221;yes&#8221;][\/vc_column][\/vc_row][vc_row][vc_column][vc_empty_space height=&#8221;16px&#8221;][vc_column_text]Durante il workshop del Gruppo Saras, manager e ingegneri hanno illustrato le innovazioni in corso, nelle societ\u00e0 del Gruppo, sui temi del risparmio energetico e della sostenibilit\u00e0 ambientale.<\/p>\n<ul>\n<li><strong>Una moderna gestione dell\u2019energia negli stabilimenti industriali<\/strong><\/li>\n<\/ul>\n<p>I progetti di efficientamento energetico della raffineria<strong> Sarlux<\/strong> (recuperi termici, integrazione dei processi, controlli avanzati di processo) e il costante\u00a0 <strong>monitoraggio dei consumi energetici <\/strong>\u00a0consentono un risparmio di circa 38.000 TEP\/anno equivalenti a <strong>una diminuzione di 105 mila tonnellate di emissioni di CO<sup>2<\/sup> all\u2019anno<\/strong>.<\/p>\n<p>In tema di energie rinnovabili e autoconsumo nei siti industriali, \u00e8 stato illustrato il <strong>progetto Arcola che prevede la produzione di energia elettrica da fotovoltaico per autoconsumo <\/strong>nel deposito di prodotti petroliferi di Arcola (La Spezia) .<\/p>\n<p><strong>\u00a0<\/strong><\/p>\n<ul>\n<li><strong>Verso un futuro sostenibile: il co-processing di olio vegetale su impianti di Hydrotreating<\/strong><\/li>\n<\/ul>\n<p>Sono stati illustrati i test industriali per la <strong>produzione di carburanti<\/strong>, <strong>da materie prime sostenibili<\/strong> (oli alimentari, oli non alimentari, alghe e rifiuti), a ridotte emissioni di CO<sup>2<\/sup> in ottemperanza alle direttive europee.[\/vc_column_text][vc_empty_space height=&#8221;16px&#8221;][\/vc_column][\/vc_row][vc_row][vc_column width=&#8221;1\/2&#8243;][vc_single_image image=&#8221;542438&#8243; img_size=&#8221;full&#8221; add_caption=&#8221;yes&#8221;][\/vc_column][vc_column width=&#8221;1\/2&#8243;][vc_single_image image=&#8221;542434&#8243; img_size=&#8221;full&#8221; add_caption=&#8221;yes&#8221;][\/vc_column][\/vc_row][vc_row][vc_column][vc_empty_space height=&#8221;16px&#8221;][\/vc_column][\/vc_row][vc_row][vc_column][vc_column_text]<\/p>\n<ul>\n<li><strong>Sviluppo di un \u201cnaso elettronico\u201d di nuova generazione: IOMS (Instrumental Odour Monitoring System)<\/strong><\/li>\n<\/ul>\n<p><strong>Sartec\u00a0<\/strong>ha esposto l\u2019attivit\u00e0 relativa allo sviluppo di un \u201cnaso elettronico\u201d di nuova generazione: IOMS (Instrumental Odour Monitoring System) <strong>per la misurazione in continuo della molestia olfattiva<\/strong>.<\/p>\n<p>\u00c8 un aspetto importante nel quale la comunit\u00e0 scientifica \u00e8 impegnata a dare il proprio contributo poich\u00e9 attualmente non esistono procedure univocamente adottate e approvate per garantire una misura efficiente e ripetibile con i sistemi multisensore.<\/p>\n<p>&nbsp;<\/p>\n<ul>\n<li><strong>Sempre pi\u00f9 energia eolica<\/strong><\/li>\n<\/ul>\n<p>Sardeolica ha illustrato l\u2019attivit\u00e0 del Parco Eolico di Ulassai composto da 57 aerogeneratori Vestas V80 per una potenza totale installata di 126 MW. La produzione a regime \u00e8 di circa 250 GWh\/anno, corrispondenti al fabbisogno annuale di circa 85.000 famiglie e a <strong>162.000 tonnellate di emissioni di CO<sup>2<\/sup> evitate all&#8217;anno<\/strong>.<\/p>\n<p>A luglio 2019 \u00e8 stato ottenuto il permesso per il progetto di reblading dell\u2019impianto di Ulassai che consiste nella sostituzione di tutte le pale, con conseguente incremento di produzione a parit\u00e0 di capacit\u00e0 installata. I lavori verranno realizzati in tre lotti e verranno conclusi entro il quarto trimestre del 2020. <strong>Nel nuovo assetto si attende una produzione a regime pari a circa 300 GWh\/anno<\/strong>.[\/vc_column_text][vc_empty_space height=&#8221;16px&#8221;][vc_icon icon_fontawesome=&#8221;fa fa-cog&#8221; size=&#8221;sm&#8221; align=&#8221;center&#8221;][\/vc_column][\/vc_row][vc_row][vc_column width=&#8221;1\/4&#8243;][\/vc_column][vc_column width=&#8221;2\/4&#8243;][rev_slider_vc alias=&#8221;la-raffineria-sarlux-1&#8243;][\/vc_column][vc_column width=&#8221;1\/4&#8243;][\/vc_column][\/vc_row][vc_row][vc_column][vc_empty_space][vc_icon icon_fontawesome=&#8221;fa fa-cog&#8221; size=&#8221;sm&#8221; align=&#8221;center&#8221;][vc_single_image image=&#8221;542430&#8243; img_size=&#8221;full&#8221; el_class=&#8221;didascalia&#8221;][\/vc_column][\/vc_row][vc_row][vc_column][vc_icon icon_fontawesome=&#8221;fa fa-cog&#8221; size=&#8221;sm&#8221; align=&#8221;center&#8221;][vc_empty_space height=&#8221;16px&#8221;][vc_column_text]Il Gruppo Saras \u00e8 uno dei principali operatori europei nella raffinazione del petrolio ed \u00e8 attivo anche nel settore della produzione di energia elettrica. Direttamente e attraverso le proprie controllate, il Gruppo vende e distribuisce prodotti petroliferi nei mercati nazionali e internazionali. Inoltre, il Gruppo produce e vende energia elettrica attraverso le controllate Sarlux Srl (impianto IGCC) e Sardeolica Srl (parco eolico). Il Gruppo offre poi servizi di ingegneria industriale per il settore petrolifero, dell\u2019energia e dell\u2019ambiente attraverso la controllata Sartec Srl.[\/vc_column_text][vc_empty_space][\/vc_column][\/vc_row]<\/p>\n<\/div>","protected":false},"excerpt":{"rendered":"<p>Il Gruppo Saras, nell\u2019ambito della pluriennale collaborazione con l\u2019Universit\u00e0 di Cagliari, ha rinnovato anche per quest\u2019anno, la partecipazione delle societ\u00e0 del Gruppo, al ciclo di incontri \u201cOrganizzazione e gestione dei sistemi industriali\u201d promosso dal corso di studi in Ingegneria meccanica e in partnership con le principali aziende della realt\u00e0 imprenditoriale e produttiva regionale.<\/p>\n","protected":false},"author":2,"featured_media":542432,"comment_status":"closed","ping_status":"open","sticky":false,"template":"","format":"standard","meta":{"_acf_changed":false,"inline_featured_image":false,"footnotes":""},"categories":[26,17],"tags":[44,374,138,35,319,316,135,97,29,47,82,117,108,105,53,126,114,65],"class_list":["post-542429","post","type-post","status-publish","format-standard","has-post-thumbnail","hentry","category-home-it","category-news","tag-digitalsaras","tag-cagliari","tag-cultura","tag-educazione","tag-energia-eolica","tag-energie-rinnovabili","tag-formazione","tag-gruppo-saras","tag-impegno-sociale","tag-industria-4-0","tag-innovazione","tag-occupazione","tag-raffineria","tag-sardegna","tag-sarlux","tag-sviluppo","tag-territorio","tag-universita"],"acf":[],"yoast_head":"<!-- This site is optimized with the Yoast SEO plugin v27.3 - https:\/\/yoast.com\/product\/yoast-seo-wordpress\/ -->\n<title>#Sarasperlascuola: Saras e Universit\u00e0 - Sarlux Saras | Refining &amp; Power<\/title>\n<meta name=\"description\" content=\"Il Gruppo Saras, nell\u2019ambito della pluriennale collaborazione con l\u2019Universit\u00e0 di Cagliari, ha rinnovato anche per quest\u2019anno, la partecipazione delle societ\u00e0 del Gruppo, al ciclo di incontri \u201cOrganizzazione e gestione dei sistemi industriali\u201d promosso dal corso di studi in Ingegneria meccanica e in partnership con le principali aziende della realt\u00e0 imprenditoriale e produttiva regionale.\" \/>\n<meta name=\"robots\" content=\"index, follow, max-snippet:-1, max-image-preview:large, max-video-preview:-1\" \/>\n<link rel=\"canonical\" href=\"https:\/\/www.sarlux.saras.it\/it\/sarasperlascuola-saras-e-universita\/\" \/>\n<meta property=\"og:locale\" content=\"it_IT\" \/>\n<meta property=\"og:type\" content=\"article\" \/>\n<meta property=\"og:title\" content=\"#Sarasperlascuola: Saras e Universit\u00e0 - Sarlux Saras | Refining &amp; Power\" \/>\n<meta property=\"og:description\" content=\"Il Gruppo Saras, nell\u2019ambito della pluriennale collaborazione con l\u2019Universit\u00e0 di Cagliari, ha rinnovato anche per quest\u2019anno, la partecipazione delle societ\u00e0 del Gruppo, al ciclo di incontri \u201cOrganizzazione e gestione dei sistemi industriali\u201d promosso dal corso di studi in Ingegneria meccanica e in partnership con le principali aziende della realt\u00e0 imprenditoriale e produttiva regionale.\" \/>\n<meta property=\"og:url\" content=\"https:\/\/www.sarlux.saras.it\/it\/sarasperlascuola-saras-e-universita\/\" \/>\n<meta property=\"og:site_name\" content=\"Sarlux Saras | Refining &amp; Power\" \/>\n<meta property=\"article:published_time\" content=\"2020-02-21T17:02:39+00:00\" \/>\n<meta property=\"article:modified_time\" content=\"2020-06-06T09:30:26+00:00\" \/>\n<meta property=\"og:image\" content=\"https:\/\/www.sarlux.saras.it\/wp-content\/uploads\/2020\/04\/Saras-Sarlux-universita.jpg\" \/>\n\t<meta property=\"og:image:width\" content=\"1980\" \/>\n\t<meta property=\"og:image:height\" content=\"900\" \/>\n\t<meta property=\"og:image:type\" content=\"image\/jpeg\" \/>\n<meta name=\"author\" content=\"newsarlux\" \/>\n<meta name=\"twitter:card\" content=\"summary_large_image\" \/>\n<meta name=\"twitter:image\" content=\"https:\/\/www.sarlux.saras.it\/wp-content\/uploads\/2020\/04\/Saras-Sarlux-universita.jpg\" \/>\n<meta name=\"twitter:label1\" content=\"Scritto da\" \/>\n\t<meta name=\"twitter:data1\" content=\"newsarlux\" \/>\n\t<meta name=\"twitter:label2\" content=\"Tempo di lettura stimato\" \/>\n\t<meta name=\"twitter:data2\" content=\"4 minuti\" \/>\n<script type=\"application\/ld+json\" class=\"yoast-schema-graph\">{\"@context\":\"https:\\\/\\\/schema.org\",\"@graph\":[{\"@type\":\"Article\",\"@id\":\"https:\\\/\\\/www.sarlux.saras.it\\\/it\\\/sarasperlascuola-saras-e-universita\\\/#article\",\"isPartOf\":{\"@id\":\"https:\\\/\\\/www.sarlux.saras.it\\\/it\\\/sarasperlascuola-saras-e-universita\\\/\"},\"author\":{\"name\":\"newsarlux\",\"@id\":\"https:\\\/\\\/www.sarlux.saras.it\\\/it\\\/#\\\/schema\\\/person\\\/c7561934b223f17087f8e08f41b37b83\"},\"headline\":\"#Sarasperlascuola: Saras e Universit\u00e0\",\"datePublished\":\"2020-02-21T17:02:39+00:00\",\"dateModified\":\"2020-06-06T09:30:26+00:00\",\"mainEntityOfPage\":{\"@id\":\"https:\\\/\\\/www.sarlux.saras.it\\\/it\\\/sarasperlascuola-saras-e-universita\\\/\"},\"wordCount\":806,\"publisher\":{\"@id\":\"https:\\\/\\\/www.sarlux.saras.it\\\/it\\\/#organization\"},\"image\":{\"@id\":\"https:\\\/\\\/www.sarlux.saras.it\\\/it\\\/sarasperlascuola-saras-e-universita\\\/#primaryimage\"},\"thumbnailUrl\":\"https:\\\/\\\/www.sarlux.saras.it\\\/wp-content\\\/uploads\\\/2020\\\/04\\\/Saras-Sarlux-universita.jpg\",\"keywords\":[\"#digitalsaras\",\"Cagliari\",\"cultura\",\"Educazione\",\"energia eolica\",\"energie rinnovabili\",\"formazione\",\"Gruppo Saras\",\"Impegno sociale\",\"industria 4.0\",\"Innovazione\",\"occupazione\",\"raffineria\",\"sardegna\",\"Sarlux\",\"sviluppo\",\"territorio\",\"Universit\u00e0\"],\"articleSection\":[\"home\",\"News\"],\"inLanguage\":\"it-IT\"},{\"@type\":\"WebPage\",\"@id\":\"https:\\\/\\\/www.sarlux.saras.it\\\/it\\\/sarasperlascuola-saras-e-universita\\\/\",\"url\":\"https:\\\/\\\/www.sarlux.saras.it\\\/it\\\/sarasperlascuola-saras-e-universita\\\/\",\"name\":\"#Sarasperlascuola: Saras e Universit\u00e0 - Sarlux Saras | Refining & Power\",\"isPartOf\":{\"@id\":\"https:\\\/\\\/www.sarlux.saras.it\\\/it\\\/#website\"},\"primaryImageOfPage\":{\"@id\":\"https:\\\/\\\/www.sarlux.saras.it\\\/it\\\/sarasperlascuola-saras-e-universita\\\/#primaryimage\"},\"image\":{\"@id\":\"https:\\\/\\\/www.sarlux.saras.it\\\/it\\\/sarasperlascuola-saras-e-universita\\\/#primaryimage\"},\"thumbnailUrl\":\"https:\\\/\\\/www.sarlux.saras.it\\\/wp-content\\\/uploads\\\/2020\\\/04\\\/Saras-Sarlux-universita.jpg\",\"datePublished\":\"2020-02-21T17:02:39+00:00\",\"dateModified\":\"2020-06-06T09:30:26+00:00\",\"description\":\"Il Gruppo Saras, nell\u2019ambito della pluriennale collaborazione con l\u2019Universit\u00e0 di Cagliari, ha rinnovato anche per quest\u2019anno, la partecipazione delle societ\u00e0 del Gruppo, al ciclo di incontri \u201cOrganizzazione e gestione dei sistemi industriali\u201d promosso dal corso di studi in Ingegneria meccanica e in partnership con le principali aziende della realt\u00e0 imprenditoriale e produttiva regionale.\",\"breadcrumb\":{\"@id\":\"https:\\\/\\\/www.sarlux.saras.it\\\/it\\\/sarasperlascuola-saras-e-universita\\\/#breadcrumb\"},\"inLanguage\":\"it-IT\",\"potentialAction\":[{\"@type\":\"ReadAction\",\"target\":[\"https:\\\/\\\/www.sarlux.saras.it\\\/it\\\/sarasperlascuola-saras-e-universita\\\/\"]}]},{\"@type\":\"ImageObject\",\"inLanguage\":\"it-IT\",\"@id\":\"https:\\\/\\\/www.sarlux.saras.it\\\/it\\\/sarasperlascuola-saras-e-universita\\\/#primaryimage\",\"url\":\"https:\\\/\\\/www.sarlux.saras.it\\\/wp-content\\\/uploads\\\/2020\\\/04\\\/Saras-Sarlux-universita.jpg\",\"contentUrl\":\"https:\\\/\\\/www.sarlux.saras.it\\\/wp-content\\\/uploads\\\/2020\\\/04\\\/Saras-Sarlux-universita.jpg\",\"width\":1980,\"height\":900},{\"@type\":\"BreadcrumbList\",\"@id\":\"https:\\\/\\\/www.sarlux.saras.it\\\/it\\\/sarasperlascuola-saras-e-universita\\\/#breadcrumb\",\"itemListElement\":[{\"@type\":\"ListItem\",\"position\":1,\"name\":\"Home\",\"item\":\"https:\\\/\\\/www.sarlux.saras.it\\\/it\\\/\"},{\"@type\":\"ListItem\",\"position\":2,\"name\":\"#Sarasperlascuola: Saras e Universit\u00e0\"}]},{\"@type\":\"WebSite\",\"@id\":\"https:\\\/\\\/www.sarlux.saras.it\\\/it\\\/#website\",\"url\":\"https:\\\/\\\/www.sarlux.saras.it\\\/it\\\/\",\"name\":\"Sarlux\",\"description\":\"\",\"publisher\":{\"@id\":\"https:\\\/\\\/www.sarlux.saras.it\\\/it\\\/#organization\"},\"potentialAction\":[{\"@type\":\"SearchAction\",\"target\":{\"@type\":\"EntryPoint\",\"urlTemplate\":\"https:\\\/\\\/www.sarlux.saras.it\\\/it\\\/?s={search_term_string}\"},\"query-input\":{\"@type\":\"PropertyValueSpecification\",\"valueRequired\":true,\"valueName\":\"search_term_string\"}}],\"inLanguage\":\"it-IT\"},{\"@type\":\"Organization\",\"@id\":\"https:\\\/\\\/www.sarlux.saras.it\\\/it\\\/#organization\",\"name\":\"Sarlux\",\"url\":\"https:\\\/\\\/www.sarlux.saras.it\\\/it\\\/\",\"logo\":{\"@type\":\"ImageObject\",\"inLanguage\":\"it-IT\",\"@id\":\"https:\\\/\\\/www.sarlux.saras.it\\\/it\\\/#\\\/schema\\\/logo\\\/image\\\/\",\"url\":\"https:\\\/\\\/www.sarlux.saras.it\\\/wp-content\\\/uploads\\\/2017\\\/12\\\/logo-pc-1.png\",\"contentUrl\":\"https:\\\/\\\/www.sarlux.saras.it\\\/wp-content\\\/uploads\\\/2017\\\/12\\\/logo-pc-1.png\",\"width\":184,\"height\":86,\"caption\":\"Sarlux\"},\"image\":{\"@id\":\"https:\\\/\\\/www.sarlux.saras.it\\\/it\\\/#\\\/schema\\\/logo\\\/image\\\/\"}},{\"@type\":\"Person\",\"@id\":\"https:\\\/\\\/www.sarlux.saras.it\\\/it\\\/#\\\/schema\\\/person\\\/c7561934b223f17087f8e08f41b37b83\",\"name\":\"newsarlux\",\"image\":{\"@type\":\"ImageObject\",\"inLanguage\":\"it-IT\",\"@id\":\"https:\\\/\\\/secure.gravatar.com\\\/avatar\\\/eb7f74d52340ebedd5480701fcdd6d2904abef8cdb3a51882f629f2dd32d610d?s=96&d=mm&r=g\",\"url\":\"https:\\\/\\\/secure.gravatar.com\\\/avatar\\\/eb7f74d52340ebedd5480701fcdd6d2904abef8cdb3a51882f629f2dd32d610d?s=96&d=mm&r=g\",\"contentUrl\":\"https:\\\/\\\/secure.gravatar.com\\\/avatar\\\/eb7f74d52340ebedd5480701fcdd6d2904abef8cdb3a51882f629f2dd32d610d?s=96&d=mm&r=g\",\"caption\":\"newsarlux\"},\"url\":\"\"}]}<\/script>\n<!-- \/ Yoast SEO plugin. -->","yoast_head_json":{"title":"#Sarasperlascuola: Saras e Universit\u00e0 - Sarlux Saras | Refining & Power","description":"Il Gruppo Saras, nell\u2019ambito della pluriennale collaborazione con l\u2019Universit\u00e0 di Cagliari, ha rinnovato anche per quest\u2019anno, la partecipazione delle societ\u00e0 del Gruppo, al ciclo di incontri \u201cOrganizzazione e gestione dei sistemi industriali\u201d promosso dal corso di studi in Ingegneria meccanica e in partnership con le principali aziende della realt\u00e0 imprenditoriale e produttiva regionale.","robots":{"index":"index","follow":"follow","max-snippet":"max-snippet:-1","max-image-preview":"max-image-preview:large","max-video-preview":"max-video-preview:-1"},"canonical":"https:\/\/www.sarlux.saras.it\/it\/sarasperlascuola-saras-e-universita\/","og_locale":"it_IT","og_type":"article","og_title":"#Sarasperlascuola: Saras e Universit\u00e0 - Sarlux Saras | Refining & Power","og_description":"Il Gruppo Saras, nell\u2019ambito della pluriennale collaborazione con l\u2019Universit\u00e0 di Cagliari, ha rinnovato anche per quest\u2019anno, la partecipazione delle societ\u00e0 del Gruppo, al ciclo di incontri \u201cOrganizzazione e gestione dei sistemi industriali\u201d promosso dal corso di studi in Ingegneria meccanica e in partnership con le principali aziende della realt\u00e0 imprenditoriale e produttiva regionale.","og_url":"https:\/\/www.sarlux.saras.it\/it\/sarasperlascuola-saras-e-universita\/","og_site_name":"Sarlux Saras | Refining & Power","article_published_time":"2020-02-21T17:02:39+00:00","article_modified_time":"2020-06-06T09:30:26+00:00","og_image":[{"width":1980,"height":900,"url":"https:\/\/www.sarlux.saras.it\/wp-content\/uploads\/2020\/04\/Saras-Sarlux-universita.jpg","type":"image\/jpeg"}],"author":"newsarlux","twitter_card":"summary_large_image","twitter_image":"https:\/\/www.sarlux.saras.it\/wp-content\/uploads\/2020\/04\/Saras-Sarlux-universita.jpg","twitter_misc":{"Scritto da":"newsarlux","Tempo di lettura stimato":"4 minuti"},"schema":{"@context":"https:\/\/schema.org","@graph":[{"@type":"Article","@id":"https:\/\/www.sarlux.saras.it\/it\/sarasperlascuola-saras-e-universita\/#article","isPartOf":{"@id":"https:\/\/www.sarlux.saras.it\/it\/sarasperlascuola-saras-e-universita\/"},"author":{"name":"newsarlux","@id":"https:\/\/www.sarlux.saras.it\/it\/#\/schema\/person\/c7561934b223f17087f8e08f41b37b83"},"headline":"#Sarasperlascuola: Saras e Universit\u00e0","datePublished":"2020-02-21T17:02:39+00:00","dateModified":"2020-06-06T09:30:26+00:00","mainEntityOfPage":{"@id":"https:\/\/www.sarlux.saras.it\/it\/sarasperlascuola-saras-e-universita\/"},"wordCount":806,"publisher":{"@id":"https:\/\/www.sarlux.saras.it\/it\/#organization"},"image":{"@id":"https:\/\/www.sarlux.saras.it\/it\/sarasperlascuola-saras-e-universita\/#primaryimage"},"thumbnailUrl":"https:\/\/www.sarlux.saras.it\/wp-content\/uploads\/2020\/04\/Saras-Sarlux-universita.jpg","keywords":["#digitalsaras","Cagliari","cultura","Educazione","energia eolica","energie rinnovabili","formazione","Gruppo Saras","Impegno sociale","industria 4.0","Innovazione","occupazione","raffineria","sardegna","Sarlux","sviluppo","territorio","Universit\u00e0"],"articleSection":["home","News"],"inLanguage":"it-IT"},{"@type":"WebPage","@id":"https:\/\/www.sarlux.saras.it\/it\/sarasperlascuola-saras-e-universita\/","url":"https:\/\/www.sarlux.saras.it\/it\/sarasperlascuola-saras-e-universita\/","name":"#Sarasperlascuola: Saras e Universit\u00e0 - Sarlux Saras | Refining & Power","isPartOf":{"@id":"https:\/\/www.sarlux.saras.it\/it\/#website"},"primaryImageOfPage":{"@id":"https:\/\/www.sarlux.saras.it\/it\/sarasperlascuola-saras-e-universita\/#primaryimage"},"image":{"@id":"https:\/\/www.sarlux.saras.it\/it\/sarasperlascuola-saras-e-universita\/#primaryimage"},"thumbnailUrl":"https:\/\/www.sarlux.saras.it\/wp-content\/uploads\/2020\/04\/Saras-Sarlux-universita.jpg","datePublished":"2020-02-21T17:02:39+00:00","dateModified":"2020-06-06T09:30:26+00:00","description":"Il Gruppo Saras, nell\u2019ambito della pluriennale collaborazione con l\u2019Universit\u00e0 di Cagliari, ha rinnovato anche per quest\u2019anno, la partecipazione delle societ\u00e0 del Gruppo, al ciclo di incontri \u201cOrganizzazione e gestione dei sistemi industriali\u201d promosso dal corso di studi in Ingegneria meccanica e in partnership con le principali aziende della realt\u00e0 imprenditoriale e produttiva regionale.","breadcrumb":{"@id":"https:\/\/www.sarlux.saras.it\/it\/sarasperlascuola-saras-e-universita\/#breadcrumb"},"inLanguage":"it-IT","potentialAction":[{"@type":"ReadAction","target":["https:\/\/www.sarlux.saras.it\/it\/sarasperlascuola-saras-e-universita\/"]}]},{"@type":"ImageObject","inLanguage":"it-IT","@id":"https:\/\/www.sarlux.saras.it\/it\/sarasperlascuola-saras-e-universita\/#primaryimage","url":"https:\/\/www.sarlux.saras.it\/wp-content\/uploads\/2020\/04\/Saras-Sarlux-universita.jpg","contentUrl":"https:\/\/www.sarlux.saras.it\/wp-content\/uploads\/2020\/04\/Saras-Sarlux-universita.jpg","width":1980,"height":900},{"@type":"BreadcrumbList","@id":"https:\/\/www.sarlux.saras.it\/it\/sarasperlascuola-saras-e-universita\/#breadcrumb","itemListElement":[{"@type":"ListItem","position":1,"name":"Home","item":"https:\/\/www.sarlux.saras.it\/it\/"},{"@type":"ListItem","position":2,"name":"#Sarasperlascuola: Saras e Universit\u00e0"}]},{"@type":"WebSite","@id":"https:\/\/www.sarlux.saras.it\/it\/#website","url":"https:\/\/www.sarlux.saras.it\/it\/","name":"Sarlux","description":"","publisher":{"@id":"https:\/\/www.sarlux.saras.it\/it\/#organization"},"potentialAction":[{"@type":"SearchAction","target":{"@type":"EntryPoint","urlTemplate":"https:\/\/www.sarlux.saras.it\/it\/?s={search_term_string}"},"query-input":{"@type":"PropertyValueSpecification","valueRequired":true,"valueName":"search_term_string"}}],"inLanguage":"it-IT"},{"@type":"Organization","@id":"https:\/\/www.sarlux.saras.it\/it\/#organization","name":"Sarlux","url":"https:\/\/www.sarlux.saras.it\/it\/","logo":{"@type":"ImageObject","inLanguage":"it-IT","@id":"https:\/\/www.sarlux.saras.it\/it\/#\/schema\/logo\/image\/","url":"https:\/\/www.sarlux.saras.it\/wp-content\/uploads\/2017\/12\/logo-pc-1.png","contentUrl":"https:\/\/www.sarlux.saras.it\/wp-content\/uploads\/2017\/12\/logo-pc-1.png","width":184,"height":86,"caption":"Sarlux"},"image":{"@id":"https:\/\/www.sarlux.saras.it\/it\/#\/schema\/logo\/image\/"}},{"@type":"Person","@id":"https:\/\/www.sarlux.saras.it\/it\/#\/schema\/person\/c7561934b223f17087f8e08f41b37b83","name":"newsarlux","image":{"@type":"ImageObject","inLanguage":"it-IT","@id":"https:\/\/secure.gravatar.com\/avatar\/eb7f74d52340ebedd5480701fcdd6d2904abef8cdb3a51882f629f2dd32d610d?s=96&d=mm&r=g","url":"https:\/\/secure.gravatar.com\/avatar\/eb7f74d52340ebedd5480701fcdd6d2904abef8cdb3a51882f629f2dd32d610d?s=96&d=mm&r=g","contentUrl":"https:\/\/secure.gravatar.com\/avatar\/eb7f74d52340ebedd5480701fcdd6d2904abef8cdb3a51882f629f2dd32d610d?s=96&d=mm&r=g","caption":"newsarlux"},"url":""}]}},"_links":{"self":[{"href":"https:\/\/www.sarlux.saras.it\/it\/wp-json\/wp\/v2\/posts\/542429","targetHints":{"allow":["GET"]}}],"collection":[{"href":"https:\/\/www.sarlux.saras.it\/it\/wp-json\/wp\/v2\/posts"}],"about":[{"href":"https:\/\/www.sarlux.saras.it\/it\/wp-json\/wp\/v2\/types\/post"}],"author":[{"embeddable":true,"href":"https:\/\/www.sarlux.saras.it\/it\/wp-json\/wp\/v2\/users\/2"}],"replies":[{"embeddable":true,"href":"https:\/\/www.sarlux.saras.it\/it\/wp-json\/wp\/v2\/comments?post=542429"}],"version-history":[{"count":4,"href":"https:\/\/www.sarlux.saras.it\/it\/wp-json\/wp\/v2\/posts\/542429\/revisions"}],"predecessor-version":[{"id":542452,"href":"https:\/\/www.sarlux.saras.it\/it\/wp-json\/wp\/v2\/posts\/542429\/revisions\/542452"}],"wp:featuredmedia":[{"embeddable":true,"href":"https:\/\/www.sarlux.saras.it\/it\/wp-json\/wp\/v2\/media\/542432"}],"wp:attachment":[{"href":"https:\/\/www.sarlux.saras.it\/it\/wp-json\/wp\/v2\/media?parent=542429"}],"wp:term":[{"taxonomy":"category","embeddable":true,"href":"https:\/\/www.sarlux.saras.it\/it\/wp-json\/wp\/v2\/categories?post=542429"},{"taxonomy":"post_tag","embeddable":true,"href":"https:\/\/www.sarlux.saras.it\/it\/wp-json\/wp\/v2\/tags?post=542429"}],"curies":[{"name":"wp","href":"https:\/\/api.w.org\/{rel}","templated":true}]}}