{"id":542779,"date":"2020-07-07T17:32:54","date_gmt":"2020-07-07T17:32:54","guid":{"rendered":"https:\/\/www.sarlux.saras.it\/?p=542779"},"modified":"2020-07-15T10:40:00","modified_gmt":"2020-07-15T10:40:00","slug":"la-nuova-scuola-sarasperlascuola","status":"publish","type":"post","link":"https:\/\/www.sarlux.saras.it\/it\/la-nuova-scuola-sarasperlascuola\/","title":{"rendered":"La nuova @scuola #Sarasperlascuola"},"content":{"rendered":"<div class=\"wpb-content-wrapper\"><p>[vc_row][vc_column][vc_column_text]Si \u00e8 conclusa la terza edizione del progetto \u201cLa nuova @scuola\u201d, il Gruppo Saras, con altre trenta aziende e cinquanta istituti superiori della Sardegna, ha partecipato all\u2019iniziativa che ha l\u2019obiettivo di <strong>stabilire una connessione forte e stabile fra il mondo dell\u2019istruzione e il mondo dell\u2019impresa.<\/strong><\/p>\n<p>Un\u2019edizione certamente particolare, vissuta a cavallo del <em>lockdown<\/em>, dove \u2013 dopo gli incontri in aula \u2013 si \u00e8 passati ai <strong>webinar<\/strong> imposti dall\u2019emergenza sanitaria, ma la scelta si \u00e8 dimostrata vincente e coinvolgente anche nel passaggio al virtuale.<\/p>\n<p>&nbsp;<\/p>\n<h4><strong>Il progetto<\/strong><\/h4>\n<p><strong>Workshop Gruppo Saras per \u201cLa nuova @scuola\u201d<\/strong><\/p>\n<p>Durante la fase \u201canalogica\u201d prima del lockdown, ingegneri e professionisti della <strong>raffineria Sarlux <\/strong>hanno presentato agli studenti alcune testimonianze, fornendo la possibilit\u00e0 di conoscere i processi produttivi e organizzativi della raffineria e la loro continua innovazione.<\/p>\n<p>Gli studenti delle superiori hanno riconosciuto in<strong> Sarlux<\/strong> un importante <strong>Polo di Competenze<\/strong> per il territorio, hanno apprezzato gli interventi ponendo molte domande sui complessi processi dello stabilimento e su tutte le attivit\u00e0 che comporta una raffineria.[\/vc_column_text][vc_empty_space height=&#8221;16px&#8221;][\/vc_column][\/vc_row][vc_row][vc_column width=&#8221;1\/2&#8243;][vc_single_image image=&#8221;542786&#8243; img_size=&#8221;full&#8221; add_caption=&#8221;yes&#8221;][\/vc_column][vc_column width=&#8221;1\/2&#8243;][vc_single_image image=&#8221;542788&#8243; img_size=&#8221;full&#8221;][\/vc_column][\/vc_row][vc_row css=&#8221;.vc_custom_1592905077558{margin-top: 0px !important;padding-top: 0px !important;}&#8221;][vc_column][vc_column_text css=&#8221;.vc_custom_1594023737318{margin-top: 0px !important;padding-top: 0px !important;}&#8221;]<\/p>\n<h6><span style=\"font-size: 12px;\">Screen shot dal filmato <em>Il nostro purpose<\/em> proiettato durante il webinar Saras (<a href=\"https:\/\/youtu.be\/mmMOM0nV7AI\" target=\"_blank\" rel=\"noopener noreferrer\">qui puoi vedere il filmato<\/a>)<\/span><\/h6>\n<p>[\/vc_column_text][vc_empty_space height=&#8221;16px&#8221;][\/vc_column][\/vc_row][vc_row][vc_column][vc_column_text]<strong>Webinar<\/strong><\/p>\n<p>Dal reale al digitale, il progetto \u201cLa nuova @scuola\u201d non si \u00e8 arreso alla pandemia, ma si \u00e8 adattato a nuove modalit\u00e0 del comunicare senza perdere il suo scopo principale: <strong>fare incontrare il mondo dell\u2019istruzione e il mondo dell\u2019impresa<\/strong>.<\/p>\n<p>A questo punto l\u2019<strong>adesione delle aziende<\/strong> a partecipare ai webinar tematici in diretta live sulla pagina Facebook della Nuova Sardegna, gli studenti guidati dai giornalisti del quotidiano, hanno intervistato i manager delle maggiori aziende coinvolte: <em>Saras, Banco di Sardegna, Character, Abinsula, EP Produzione, Coldiretti, Grimaldi, Consorzio Pecorino Romano, Aspal e Tiscali.<\/em> Complessivamente si sono registrate oltre <strong>90 mila visualizzazioni.<\/strong><\/p>\n<p>&nbsp;<\/p>\n<p><strong>Webinar Saras<\/strong><\/p>\n<p>Durante il webinar Saras, che ha concluso la serie di quest\u2019anno, ospite <strong>Simona Berri<\/strong>,<em> General Counsel and Corporate Affairs del Gruppo Saras<\/em>, gli studenti hanno voluto approfondire diversi temi partendo dalla fondazione della societ\u00e0 ad opera di Angelo Moratti, il lungimirante progetto di investimento nell\u2019isola che<em>\u00a0&#8220;ha creato valore e ha ricevuto valore&#8221;<\/em>, in un <strong>rapporto di rispetto per il territorio, per l\u2019ambiente, per le persone.<\/strong>[\/vc_column_text][vc_empty_space height=&#8221;16px&#8221;][\/vc_column][\/vc_row][vc_row][vc_column width=&#8221;1\/2&#8243;][vc_single_image image=&#8221;542782&#8243; img_size=&#8221;full&#8221;][\/vc_column][vc_column width=&#8221;1\/2&#8243;][vc_single_image image=&#8221;542780&#8243; img_size=&#8221;full&#8221;][\/vc_column][\/vc_row][vc_row css=&#8221;.vc_custom_1592905077558{margin-top: 0px !important;padding-top: 0px !important;}&#8221;][vc_column][vc_column_text css=&#8221;.vc_custom_1594024515211{margin-top: 0px !important;padding-top: 0px !important;}&#8221;]<\/p>\n<h6><span style=\"font-size: 12px;\">Screen shot dal webinar Saras pubblicato sulla pagina Facebook de <em>La Nuova Sardegna<\/em> (<a href=\"https:\/\/www.facebook.com\/lanuovasardegna\/videos\/250535139700464\/\" target=\"_blank\" rel=\"noopener noreferrer\">qui puoi vedere il webinar<\/a>)<\/span><\/h6>\n<p>[\/vc_column_text][\/vc_column][\/vc_row][vc_row][vc_column][vc_empty_space height=&#8221;16px&#8221;][\/vc_column][\/vc_row][vc_row][vc_column][vc_column_text]<strong>Focus<\/strong><\/p>\n<p>I giovani studenti si sono mostrati interessati ai temi della <strong>sostenibilit\u00e0<\/strong>, hanno appreso e apprezzato come il Gruppo Saras, in anticipo rispetto alle attuali tematiche, abbia progettato il proprio coinvolgimento nell\u2019ambito della <strong>transizione energetica <\/strong>dalle energie fossili alle rinnovabili creando il Parco eolico di Ulassai, che \u00e8 oggi uno dei parchi eolici pi\u00f9 grandi d\u2019Italia. Un investimento positivo per il territorio, con un impatto ambientale e visivo minimo.<\/p>\n<p>\u00c8 stata sottolineata l\u2019importanza di un\u2019<strong>organizzazione agile e flessibile<\/strong>, che genera la capacit\u00e0 di <strong>adattarsi velocemente al mercato<\/strong>.<\/p>\n<p>Infine, non sono mancate le domande su come l\u2019azienda ha affrontato e gestito l\u2019emergenza del corona virus (<a href=\"https:\/\/youtu.be\/drUR96RpjDw\" target=\"_blank\" rel=\"noopener noreferrer\">link<\/a>).[\/vc_column_text][vc_empty_space height=&#8221;16px&#8221;][\/vc_column][\/vc_row][vc_row][vc_column width=&#8221;1\/2&#8243;][vc_single_image image=&#8221;542792&#8243; img_size=&#8221;full&#8221;][\/vc_column][vc_column width=&#8221;1\/2&#8243;][vc_single_image image=&#8221;542790&#8243; img_size=&#8221;full&#8221;][\/vc_column][\/vc_row][vc_row css=&#8221;.vc_custom_1592905077558{margin-top: 0px !important;padding-top: 0px !important;}&#8221;][vc_column][vc_column_text css=&#8221;.vc_custom_1594024602592{margin-top: 0px !important;padding-top: 0px !important;}&#8221;]<\/p>\n<h6><span style=\"font-size: 12px;\">Screen shot dal filmato <em>La sfida futura<\/em> proiettato durante il webinar (<a href=\"https:\/\/youtu.be\/drUR96RpjDw\" target=\"_blank\" rel=\"noopener noreferrer\">qui puoi vedere il filmato<\/a>)<\/span><\/h6>\n<p>[\/vc_column_text][\/vc_column][\/vc_row][vc_row][vc_column][vc_empty_space height=&#8221;16px&#8221;][vc_column_text]Il webinar si \u00e8 concluso con un invito alla consapevolezza, il futuro dell\u2019isola dipende anche dai giovani,<strong> investire in forti competenze nella propria terra e creare impresa qui, in Sardegna.<\/strong>[\/vc_column_text][vc_empty_space height=&#8221;16px&#8221;][\/vc_column][\/vc_row][vc_row][vc_column width=&#8221;1\/2&#8243;][vc_single_image image=&#8221;542794&#8243; img_size=&#8221;full&#8221;][\/vc_column][vc_column width=&#8221;1\/2&#8243;][vc_single_image image=&#8221;542796&#8243; img_size=&#8221;full&#8221;][\/vc_column][\/vc_row][vc_row][vc_column][vc_empty_space height=&#8221;16px&#8221;][\/vc_column][\/vc_row][vc_row][vc_column][vc_empty_space][vc_icon icon_fontawesome=&#8221;fa fa-cog&#8221; size=&#8221;sm&#8221; align=&#8221;center&#8221;][vc_single_image image=&#8221;542416&#8243; img_size=&#8221;full&#8221; el_class=&#8221;didascalia&#8221;][\/vc_column][\/vc_row][vc_row][vc_column][vc_icon icon_fontawesome=&#8221;fa fa-cog&#8221; size=&#8221;sm&#8221; align=&#8221;center&#8221;][vc_empty_space height=&#8221;16px&#8221;][vc_column_text]Il Gruppo Saras \u00e8 uno dei principali operatori europei nella raffinazione del petrolio ed \u00e8 attivo anche nel settore della produzione di energia elettrica. Direttamente e attraverso le proprie controllate, il Gruppo vende e distribuisce prodotti petroliferi nei mercati nazionali e internazionali. Inoltre, il Gruppo produce e vende energia elettrica attraverso le controllate Sarlux Srl (impianto IGCC) e Sardeolica Srl (parco eolico). Il Gruppo offre poi servizi di ingegneria industriale per il settore petrolifero, dell\u2019energia e dell\u2019ambiente attraverso la controllata Sartec Srl.[\/vc_column_text][vc_empty_space][\/vc_column][\/vc_row]<\/p>\n<\/div>","protected":false},"excerpt":{"rendered":"<p>Si \u00e8 conclusa la terza edizione del progetto \u201cLa nuova @scuola\u201d, il Gruppo Saras, con altre trenta aziende e cinquanta istituti superiori della Sardegna, ha partecipato all\u2019iniziativa che ha l\u2019obiettivo di stabilire una connessione forte e stabile fra il mondo dell\u2019istruzione e il mondo dell\u2019impresa.<\/p>\n","protected":false},"author":2,"featured_media":542814,"comment_status":"closed","ping_status":"open","sticky":false,"template":"","format":"standard","meta":{"_acf_changed":false,"inline_featured_image":false,"footnotes":""},"categories":[26,17],"tags":[138,35,316,135,97,29,82,108,50,105,53,71,132,111,114],"class_list":["post-542779","post","type-post","status-publish","format-standard","has-post-thumbnail","hentry","category-home-it","category-news","tag-cultura","tag-educazione","tag-energie-rinnovabili","tag-formazione","tag-gruppo-saras","tag-impegno-sociale","tag-innovazione","tag-raffineria","tag-saras","tag-sardegna","tag-sarlux","tag-sarroch","tag-scuola","tag-sostenibilita","tag-territorio"],"acf":[],"yoast_head":"<!-- This site is optimized with the Yoast SEO plugin v27.3 - https:\/\/yoast.com\/product\/yoast-seo-wordpress\/ -->\n<title>La nuova @scuola #Sarasperlascuola - Sarlux Saras | Refining &amp; Power<\/title>\n<meta name=\"description\" content=\"Si \u00e8 conclusa la terza edizione del progetto \u201cLa nuova @scuola\u201d, il Gruppo Saras, con altre trenta aziende e cinquanta istituti superiori della Sardegna, ha partecipato all\u2019iniziativa che ha l\u2019obiettivo di stabilire una connessione forte e stabile fra il mondo dell\u2019istruzione e il mondo dell\u2019impresa.\" \/>\n<meta name=\"robots\" content=\"index, follow, max-snippet:-1, max-image-preview:large, max-video-preview:-1\" \/>\n<link rel=\"canonical\" href=\"https:\/\/www.sarlux.saras.it\/it\/la-nuova-scuola-sarasperlascuola\/\" \/>\n<meta property=\"og:locale\" content=\"it_IT\" \/>\n<meta property=\"og:type\" content=\"article\" \/>\n<meta property=\"og:title\" content=\"La nuova @scuola #Sarasperlascuola - Sarlux Saras | Refining &amp; Power\" \/>\n<meta property=\"og:description\" content=\"Si \u00e8 conclusa la terza edizione del progetto \u201cLa nuova @scuola\u201d, il Gruppo Saras, con altre trenta aziende e cinquanta istituti superiori della Sardegna, ha partecipato all\u2019iniziativa che ha l\u2019obiettivo di stabilire una connessione forte e stabile fra il mondo dell\u2019istruzione e il mondo dell\u2019impresa.\" \/>\n<meta property=\"og:url\" content=\"https:\/\/www.sarlux.saras.it\/it\/la-nuova-scuola-sarasperlascuola\/\" \/>\n<meta property=\"og:site_name\" content=\"Sarlux Saras | Refining &amp; Power\" \/>\n<meta property=\"article:published_time\" content=\"2020-07-07T17:32:54+00:00\" \/>\n<meta property=\"article:modified_time\" content=\"2020-07-15T10:40:00+00:00\" \/>\n<meta property=\"og:image\" content=\"https:\/\/www.sarlux.saras.it\/wp-content\/uploads\/2020\/07\/Berri-nuova-@scuola-Saras-Sarlux-cover.jpg\" \/>\n\t<meta property=\"og:image:width\" content=\"990\" \/>\n\t<meta property=\"og:image:height\" content=\"450\" \/>\n\t<meta property=\"og:image:type\" content=\"image\/jpeg\" \/>\n<meta name=\"author\" content=\"newsarlux\" \/>\n<meta name=\"twitter:card\" content=\"summary_large_image\" \/>\n<meta name=\"twitter:image\" content=\"https:\/\/www.sarlux.saras.it\/wp-content\/uploads\/2020\/07\/Berri-nuova-@scuola-Saras-Sarlux-cover.jpg\" \/>\n<meta name=\"twitter:label1\" content=\"Scritto da\" \/>\n\t<meta name=\"twitter:data1\" content=\"newsarlux\" \/>\n\t<meta name=\"twitter:label2\" content=\"Tempo di lettura stimato\" \/>\n\t<meta name=\"twitter:data2\" content=\"5 minuti\" \/>\n<script type=\"application\/ld+json\" class=\"yoast-schema-graph\">{\"@context\":\"https:\\\/\\\/schema.org\",\"@graph\":[{\"@type\":\"Article\",\"@id\":\"https:\\\/\\\/www.sarlux.saras.it\\\/it\\\/la-nuova-scuola-sarasperlascuola\\\/#article\",\"isPartOf\":{\"@id\":\"https:\\\/\\\/www.sarlux.saras.it\\\/it\\\/la-nuova-scuola-sarasperlascuola\\\/\"},\"author\":{\"name\":\"newsarlux\",\"@id\":\"https:\\\/\\\/www.sarlux.saras.it\\\/it\\\/#\\\/schema\\\/person\\\/c7561934b223f17087f8e08f41b37b83\"},\"headline\":\"La nuova @scuola #Sarasperlascuola\",\"datePublished\":\"2020-07-07T17:32:54+00:00\",\"dateModified\":\"2020-07-15T10:40:00+00:00\",\"mainEntityOfPage\":{\"@id\":\"https:\\\/\\\/www.sarlux.saras.it\\\/it\\\/la-nuova-scuola-sarasperlascuola\\\/\"},\"wordCount\":1000,\"publisher\":{\"@id\":\"https:\\\/\\\/www.sarlux.saras.it\\\/it\\\/#organization\"},\"image\":{\"@id\":\"https:\\\/\\\/www.sarlux.saras.it\\\/it\\\/la-nuova-scuola-sarasperlascuola\\\/#primaryimage\"},\"thumbnailUrl\":\"https:\\\/\\\/www.sarlux.saras.it\\\/wp-content\\\/uploads\\\/2020\\\/07\\\/Berri-nuova-@scuola-Saras-Sarlux-cover.jpg\",\"keywords\":[\"cultura\",\"Educazione\",\"energie rinnovabili\",\"formazione\",\"Gruppo Saras\",\"Impegno sociale\",\"Innovazione\",\"raffineria\",\"Saras\",\"sardegna\",\"Sarlux\",\"Sarroch\",\"scuola\",\"sostenibilit\u00e0\",\"territorio\"],\"articleSection\":[\"home\",\"News\"],\"inLanguage\":\"it-IT\"},{\"@type\":\"WebPage\",\"@id\":\"https:\\\/\\\/www.sarlux.saras.it\\\/it\\\/la-nuova-scuola-sarasperlascuola\\\/\",\"url\":\"https:\\\/\\\/www.sarlux.saras.it\\\/it\\\/la-nuova-scuola-sarasperlascuola\\\/\",\"name\":\"La nuova @scuola #Sarasperlascuola - Sarlux Saras | Refining & Power\",\"isPartOf\":{\"@id\":\"https:\\\/\\\/www.sarlux.saras.it\\\/it\\\/#website\"},\"primaryImageOfPage\":{\"@id\":\"https:\\\/\\\/www.sarlux.saras.it\\\/it\\\/la-nuova-scuola-sarasperlascuola\\\/#primaryimage\"},\"image\":{\"@id\":\"https:\\\/\\\/www.sarlux.saras.it\\\/it\\\/la-nuova-scuola-sarasperlascuola\\\/#primaryimage\"},\"thumbnailUrl\":\"https:\\\/\\\/www.sarlux.saras.it\\\/wp-content\\\/uploads\\\/2020\\\/07\\\/Berri-nuova-@scuola-Saras-Sarlux-cover.jpg\",\"datePublished\":\"2020-07-07T17:32:54+00:00\",\"dateModified\":\"2020-07-15T10:40:00+00:00\",\"description\":\"Si \u00e8 conclusa la terza edizione del progetto \u201cLa nuova @scuola\u201d, il Gruppo Saras, con altre trenta aziende e cinquanta istituti superiori della Sardegna, ha partecipato all\u2019iniziativa che ha l\u2019obiettivo di stabilire una connessione forte e stabile fra il mondo dell\u2019istruzione e il mondo dell\u2019impresa.\",\"breadcrumb\":{\"@id\":\"https:\\\/\\\/www.sarlux.saras.it\\\/it\\\/la-nuova-scuola-sarasperlascuola\\\/#breadcrumb\"},\"inLanguage\":\"it-IT\",\"potentialAction\":[{\"@type\":\"ReadAction\",\"target\":[\"https:\\\/\\\/www.sarlux.saras.it\\\/it\\\/la-nuova-scuola-sarasperlascuola\\\/\"]}]},{\"@type\":\"ImageObject\",\"inLanguage\":\"it-IT\",\"@id\":\"https:\\\/\\\/www.sarlux.saras.it\\\/it\\\/la-nuova-scuola-sarasperlascuola\\\/#primaryimage\",\"url\":\"https:\\\/\\\/www.sarlux.saras.it\\\/wp-content\\\/uploads\\\/2020\\\/07\\\/Berri-nuova-@scuola-Saras-Sarlux-cover.jpg\",\"contentUrl\":\"https:\\\/\\\/www.sarlux.saras.it\\\/wp-content\\\/uploads\\\/2020\\\/07\\\/Berri-nuova-@scuola-Saras-Sarlux-cover.jpg\",\"width\":990,\"height\":450},{\"@type\":\"BreadcrumbList\",\"@id\":\"https:\\\/\\\/www.sarlux.saras.it\\\/it\\\/la-nuova-scuola-sarasperlascuola\\\/#breadcrumb\",\"itemListElement\":[{\"@type\":\"ListItem\",\"position\":1,\"name\":\"Home\",\"item\":\"https:\\\/\\\/www.sarlux.saras.it\\\/it\\\/\"},{\"@type\":\"ListItem\",\"position\":2,\"name\":\"La nuova @scuola #Sarasperlascuola\"}]},{\"@type\":\"WebSite\",\"@id\":\"https:\\\/\\\/www.sarlux.saras.it\\\/it\\\/#website\",\"url\":\"https:\\\/\\\/www.sarlux.saras.it\\\/it\\\/\",\"name\":\"Sarlux\",\"description\":\"\",\"publisher\":{\"@id\":\"https:\\\/\\\/www.sarlux.saras.it\\\/it\\\/#organization\"},\"potentialAction\":[{\"@type\":\"SearchAction\",\"target\":{\"@type\":\"EntryPoint\",\"urlTemplate\":\"https:\\\/\\\/www.sarlux.saras.it\\\/it\\\/?s={search_term_string}\"},\"query-input\":{\"@type\":\"PropertyValueSpecification\",\"valueRequired\":true,\"valueName\":\"search_term_string\"}}],\"inLanguage\":\"it-IT\"},{\"@type\":\"Organization\",\"@id\":\"https:\\\/\\\/www.sarlux.saras.it\\\/it\\\/#organization\",\"name\":\"Sarlux\",\"url\":\"https:\\\/\\\/www.sarlux.saras.it\\\/it\\\/\",\"logo\":{\"@type\":\"ImageObject\",\"inLanguage\":\"it-IT\",\"@id\":\"https:\\\/\\\/www.sarlux.saras.it\\\/it\\\/#\\\/schema\\\/logo\\\/image\\\/\",\"url\":\"https:\\\/\\\/www.sarlux.saras.it\\\/wp-content\\\/uploads\\\/2017\\\/12\\\/logo-pc-1.png\",\"contentUrl\":\"https:\\\/\\\/www.sarlux.saras.it\\\/wp-content\\\/uploads\\\/2017\\\/12\\\/logo-pc-1.png\",\"width\":184,\"height\":86,\"caption\":\"Sarlux\"},\"image\":{\"@id\":\"https:\\\/\\\/www.sarlux.saras.it\\\/it\\\/#\\\/schema\\\/logo\\\/image\\\/\"}},{\"@type\":\"Person\",\"@id\":\"https:\\\/\\\/www.sarlux.saras.it\\\/it\\\/#\\\/schema\\\/person\\\/c7561934b223f17087f8e08f41b37b83\",\"name\":\"newsarlux\",\"image\":{\"@type\":\"ImageObject\",\"inLanguage\":\"it-IT\",\"@id\":\"https:\\\/\\\/secure.gravatar.com\\\/avatar\\\/eb7f74d52340ebedd5480701fcdd6d2904abef8cdb3a51882f629f2dd32d610d?s=96&d=mm&r=g\",\"url\":\"https:\\\/\\\/secure.gravatar.com\\\/avatar\\\/eb7f74d52340ebedd5480701fcdd6d2904abef8cdb3a51882f629f2dd32d610d?s=96&d=mm&r=g\",\"contentUrl\":\"https:\\\/\\\/secure.gravatar.com\\\/avatar\\\/eb7f74d52340ebedd5480701fcdd6d2904abef8cdb3a51882f629f2dd32d610d?s=96&d=mm&r=g\",\"caption\":\"newsarlux\"},\"url\":\"\"}]}<\/script>\n<!-- \/ Yoast SEO plugin. -->","yoast_head_json":{"title":"La nuova @scuola #Sarasperlascuola - Sarlux Saras | Refining & Power","description":"Si \u00e8 conclusa la terza edizione del progetto \u201cLa nuova @scuola\u201d, il Gruppo Saras, con altre trenta aziende e cinquanta istituti superiori della Sardegna, ha partecipato all\u2019iniziativa che ha l\u2019obiettivo di stabilire una connessione forte e stabile fra il mondo dell\u2019istruzione e il mondo dell\u2019impresa.","robots":{"index":"index","follow":"follow","max-snippet":"max-snippet:-1","max-image-preview":"max-image-preview:large","max-video-preview":"max-video-preview:-1"},"canonical":"https:\/\/www.sarlux.saras.it\/it\/la-nuova-scuola-sarasperlascuola\/","og_locale":"it_IT","og_type":"article","og_title":"La nuova @scuola #Sarasperlascuola - Sarlux Saras | Refining & Power","og_description":"Si \u00e8 conclusa la terza edizione del progetto \u201cLa nuova @scuola\u201d, il Gruppo Saras, con altre trenta aziende e cinquanta istituti superiori della Sardegna, ha partecipato all\u2019iniziativa che ha l\u2019obiettivo di stabilire una connessione forte e stabile fra il mondo dell\u2019istruzione e il mondo dell\u2019impresa.","og_url":"https:\/\/www.sarlux.saras.it\/it\/la-nuova-scuola-sarasperlascuola\/","og_site_name":"Sarlux Saras | Refining & Power","article_published_time":"2020-07-07T17:32:54+00:00","article_modified_time":"2020-07-15T10:40:00+00:00","og_image":[{"width":990,"height":450,"url":"https:\/\/www.sarlux.saras.it\/wp-content\/uploads\/2020\/07\/Berri-nuova-@scuola-Saras-Sarlux-cover.jpg","type":"image\/jpeg"}],"author":"newsarlux","twitter_card":"summary_large_image","twitter_image":"https:\/\/www.sarlux.saras.it\/wp-content\/uploads\/2020\/07\/Berri-nuova-@scuola-Saras-Sarlux-cover.jpg","twitter_misc":{"Scritto da":"newsarlux","Tempo di lettura stimato":"5 minuti"},"schema":{"@context":"https:\/\/schema.org","@graph":[{"@type":"Article","@id":"https:\/\/www.sarlux.saras.it\/it\/la-nuova-scuola-sarasperlascuola\/#article","isPartOf":{"@id":"https:\/\/www.sarlux.saras.it\/it\/la-nuova-scuola-sarasperlascuola\/"},"author":{"name":"newsarlux","@id":"https:\/\/www.sarlux.saras.it\/it\/#\/schema\/person\/c7561934b223f17087f8e08f41b37b83"},"headline":"La nuova @scuola #Sarasperlascuola","datePublished":"2020-07-07T17:32:54+00:00","dateModified":"2020-07-15T10:40:00+00:00","mainEntityOfPage":{"@id":"https:\/\/www.sarlux.saras.it\/it\/la-nuova-scuola-sarasperlascuola\/"},"wordCount":1000,"publisher":{"@id":"https:\/\/www.sarlux.saras.it\/it\/#organization"},"image":{"@id":"https:\/\/www.sarlux.saras.it\/it\/la-nuova-scuola-sarasperlascuola\/#primaryimage"},"thumbnailUrl":"https:\/\/www.sarlux.saras.it\/wp-content\/uploads\/2020\/07\/Berri-nuova-@scuola-Saras-Sarlux-cover.jpg","keywords":["cultura","Educazione","energie rinnovabili","formazione","Gruppo Saras","Impegno sociale","Innovazione","raffineria","Saras","sardegna","Sarlux","Sarroch","scuola","sostenibilit\u00e0","territorio"],"articleSection":["home","News"],"inLanguage":"it-IT"},{"@type":"WebPage","@id":"https:\/\/www.sarlux.saras.it\/it\/la-nuova-scuola-sarasperlascuola\/","url":"https:\/\/www.sarlux.saras.it\/it\/la-nuova-scuola-sarasperlascuola\/","name":"La nuova @scuola #Sarasperlascuola - Sarlux Saras | Refining & Power","isPartOf":{"@id":"https:\/\/www.sarlux.saras.it\/it\/#website"},"primaryImageOfPage":{"@id":"https:\/\/www.sarlux.saras.it\/it\/la-nuova-scuola-sarasperlascuola\/#primaryimage"},"image":{"@id":"https:\/\/www.sarlux.saras.it\/it\/la-nuova-scuola-sarasperlascuola\/#primaryimage"},"thumbnailUrl":"https:\/\/www.sarlux.saras.it\/wp-content\/uploads\/2020\/07\/Berri-nuova-@scuola-Saras-Sarlux-cover.jpg","datePublished":"2020-07-07T17:32:54+00:00","dateModified":"2020-07-15T10:40:00+00:00","description":"Si \u00e8 conclusa la terza edizione del progetto \u201cLa nuova @scuola\u201d, il Gruppo Saras, con altre trenta aziende e cinquanta istituti superiori della Sardegna, ha partecipato all\u2019iniziativa che ha l\u2019obiettivo di stabilire una connessione forte e stabile fra il mondo dell\u2019istruzione e il mondo dell\u2019impresa.","breadcrumb":{"@id":"https:\/\/www.sarlux.saras.it\/it\/la-nuova-scuola-sarasperlascuola\/#breadcrumb"},"inLanguage":"it-IT","potentialAction":[{"@type":"ReadAction","target":["https:\/\/www.sarlux.saras.it\/it\/la-nuova-scuola-sarasperlascuola\/"]}]},{"@type":"ImageObject","inLanguage":"it-IT","@id":"https:\/\/www.sarlux.saras.it\/it\/la-nuova-scuola-sarasperlascuola\/#primaryimage","url":"https:\/\/www.sarlux.saras.it\/wp-content\/uploads\/2020\/07\/Berri-nuova-@scuola-Saras-Sarlux-cover.jpg","contentUrl":"https:\/\/www.sarlux.saras.it\/wp-content\/uploads\/2020\/07\/Berri-nuova-@scuola-Saras-Sarlux-cover.jpg","width":990,"height":450},{"@type":"BreadcrumbList","@id":"https:\/\/www.sarlux.saras.it\/it\/la-nuova-scuola-sarasperlascuola\/#breadcrumb","itemListElement":[{"@type":"ListItem","position":1,"name":"Home","item":"https:\/\/www.sarlux.saras.it\/it\/"},{"@type":"ListItem","position":2,"name":"La nuova @scuola #Sarasperlascuola"}]},{"@type":"WebSite","@id":"https:\/\/www.sarlux.saras.it\/it\/#website","url":"https:\/\/www.sarlux.saras.it\/it\/","name":"Sarlux","description":"","publisher":{"@id":"https:\/\/www.sarlux.saras.it\/it\/#organization"},"potentialAction":[{"@type":"SearchAction","target":{"@type":"EntryPoint","urlTemplate":"https:\/\/www.sarlux.saras.it\/it\/?s={search_term_string}"},"query-input":{"@type":"PropertyValueSpecification","valueRequired":true,"valueName":"search_term_string"}}],"inLanguage":"it-IT"},{"@type":"Organization","@id":"https:\/\/www.sarlux.saras.it\/it\/#organization","name":"Sarlux","url":"https:\/\/www.sarlux.saras.it\/it\/","logo":{"@type":"ImageObject","inLanguage":"it-IT","@id":"https:\/\/www.sarlux.saras.it\/it\/#\/schema\/logo\/image\/","url":"https:\/\/www.sarlux.saras.it\/wp-content\/uploads\/2017\/12\/logo-pc-1.png","contentUrl":"https:\/\/www.sarlux.saras.it\/wp-content\/uploads\/2017\/12\/logo-pc-1.png","width":184,"height":86,"caption":"Sarlux"},"image":{"@id":"https:\/\/www.sarlux.saras.it\/it\/#\/schema\/logo\/image\/"}},{"@type":"Person","@id":"https:\/\/www.sarlux.saras.it\/it\/#\/schema\/person\/c7561934b223f17087f8e08f41b37b83","name":"newsarlux","image":{"@type":"ImageObject","inLanguage":"it-IT","@id":"https:\/\/secure.gravatar.com\/avatar\/eb7f74d52340ebedd5480701fcdd6d2904abef8cdb3a51882f629f2dd32d610d?s=96&d=mm&r=g","url":"https:\/\/secure.gravatar.com\/avatar\/eb7f74d52340ebedd5480701fcdd6d2904abef8cdb3a51882f629f2dd32d610d?s=96&d=mm&r=g","contentUrl":"https:\/\/secure.gravatar.com\/avatar\/eb7f74d52340ebedd5480701fcdd6d2904abef8cdb3a51882f629f2dd32d610d?s=96&d=mm&r=g","caption":"newsarlux"},"url":""}]}},"_links":{"self":[{"href":"https:\/\/www.sarlux.saras.it\/it\/wp-json\/wp\/v2\/posts\/542779","targetHints":{"allow":["GET"]}}],"collection":[{"href":"https:\/\/www.sarlux.saras.it\/it\/wp-json\/wp\/v2\/posts"}],"about":[{"href":"https:\/\/www.sarlux.saras.it\/it\/wp-json\/wp\/v2\/types\/post"}],"author":[{"embeddable":true,"href":"https:\/\/www.sarlux.saras.it\/it\/wp-json\/wp\/v2\/users\/2"}],"replies":[{"embeddable":true,"href":"https:\/\/www.sarlux.saras.it\/it\/wp-json\/wp\/v2\/comments?post=542779"}],"version-history":[{"count":4,"href":"https:\/\/www.sarlux.saras.it\/it\/wp-json\/wp\/v2\/posts\/542779\/revisions"}],"predecessor-version":[{"id":542802,"href":"https:\/\/www.sarlux.saras.it\/it\/wp-json\/wp\/v2\/posts\/542779\/revisions\/542802"}],"wp:featuredmedia":[{"embeddable":true,"href":"https:\/\/www.sarlux.saras.it\/it\/wp-json\/wp\/v2\/media\/542814"}],"wp:attachment":[{"href":"https:\/\/www.sarlux.saras.it\/it\/wp-json\/wp\/v2\/media?parent=542779"}],"wp:term":[{"taxonomy":"category","embeddable":true,"href":"https:\/\/www.sarlux.saras.it\/it\/wp-json\/wp\/v2\/categories?post=542779"},{"taxonomy":"post_tag","embeddable":true,"href":"https:\/\/www.sarlux.saras.it\/it\/wp-json\/wp\/v2\/tags?post=542779"}],"curies":[{"name":"wp","href":"https:\/\/api.w.org\/{rel}","templated":true}]}}