{"id":543029,"date":"2020-09-17T14:58:50","date_gmt":"2020-09-17T14:58:50","guid":{"rendered":"https:\/\/www.sarlux.saras.it\/?p=543029"},"modified":"2021-09-07T07:09:04","modified_gmt":"2021-09-07T07:09:04","slug":"dichiarazione-ambientale-2020","status":"publish","type":"post","link":"https:\/\/www.sarlux.saras.it\/it\/dichiarazione-ambientale-2020\/","title":{"rendered":"Dichiarazione ambientale 2020"},"content":{"rendered":"<div class=\"wpb-content-wrapper\"><p>[vc_row][vc_column][vc_column_text]<strong><em>Essere innovativi, sostenibili e punto di riferimento tra i fornitori di energia.<\/em><\/strong><\/p>\n<p>Approvata dal Ministero dell\u2019Ambiente, la Dichiarazione Ambientale 2020 illustra le attivit\u00e0 svolte, gli aspetti ambientali e gli <strong>obiettivi che Sarlux, societ\u00e0 del Gruppo Saras, si \u00e8 prefissata per una crescente sostenibilit\u00e0.<\/strong><\/p>\n<p>I dati prestazionali della raffineria Sarlux pubblicati nella Dichiarazione Ambientale 2020 <em>(<a href=\"https:\/\/www.sarlux.saras.it\/wp-content\/uploads\/2020\/09\/Sarlux-Dichiarazione-Ambientale-2020.pdf\" target=\"_blank\" rel=\"noopener noreferrer\">qui disponibile in download<\/a>)<\/em>\u00a0sono stati\u00a0convalidati dal Lloyd\u2019s Register Quality Assurance (LRQA Italy)\u00a0che ha certificato, anche per il 2019, <strong>la conformit\u00e0 dei dati ambientali registrati nel sito industriale Sarlux alle norme dei regolamenti EMAS<\/strong>.[\/vc_column_text][\/vc_column][\/vc_row][vc_row][vc_column][vc_empty_space height=&#8221;8px&#8221;][\/vc_column][\/vc_row][vc_row][vc_column width=&#8221;2\/3&#8243;][vc_single_image image=&#8221;543027&#8243; img_size=&#8221;full&#8221;][\/vc_column][vc_column width=&#8221;1\/3&#8243;][vc_column_text]<strong>Sarlux<\/strong> <b>aderisce volontariamente<\/b> <strong>al sistema comunitario di eco-gestione e audit EMAS (Eco-Management and Audit Scheme)<\/strong>, uno strumento creato dalla Comunit\u00e0 europea per contribuire alla realizzazione di uno sviluppo economico sostenibile, ponendo in rilievo il ruolo e la responsabilit\u00e0 delle imprese. EMAS rappresenta un importante strumento di miglioramento delle performance ambientali fornendo alle autorit\u00e0 di controllo e ai cittadini la possibilit\u00e0 di accedere a informazioni certificate sulle prestazioni ambientali.[\/vc_column_text][vc_single_image image=&#8221;541186&#8243; img_size=&#8221;94&#215;160&#8243;][vc_column_text]Sarlux sviluppa il Sistema di gestione ambientale HSE (Salute, Sicurezza, Ambiente) in conformit\u00e0 agli schemi proposti dalle norme ISO 14001, ISO 45001 e al Sistema di Gestione per la Prevenzione degli incidenti rilevanti.[\/vc_column_text][\/vc_column][\/vc_row][vc_row][vc_column][vc_empty_space height=&#8221;16px&#8221;][vc_column_text]Oltre all\u2019impegno del miglioramento continuo delle proprie prestazioni, la <strong>Dichiarazione Ambientale rappresenta la volont\u00e0 di condividere i risultati con la propria comunit\u00e0 di riferimento in modo chiaro e trasparente.<\/strong><\/p>\n<p>Sarlux crede che una comunicazione cos\u00ec completa favorisca la consapevolezza di tutte le misure di sicurezza, salute e tutela dell\u2019ambiente che rendono il sito industriale di Sarroch <strong>una fonte di ricchezza, per la comunit\u00e0 della quale \u00e8 parte integrante, perfettamente sostenibile.<\/strong>[\/vc_column_text][vc_column_text]L&#8217;innovazione tecnologica e il programma #digitalSaras, che Sarlux ha intrapreso, sfruttano le potenzialit\u00e0 dell\u2019industry 4.0 e rappresentano un ulteriore miglioramento della gestione ambientale.[\/vc_column_text][vc_empty_space height=&#8221;8px&#8221;][\/vc_column][\/vc_row][vc_row][vc_column width=&#8221;1\/2&#8243;][vc_single_image image=&#8221;543023&#8243; img_size=&#8221;full&#8221;][vc_empty_space height=&#8221;8px&#8221;][\/vc_column][vc_column width=&#8221;1\/2&#8243;][vc_single_image image=&#8221;543025&#8243; img_size=&#8221;full&#8221;][vc_empty_space height=&#8221;8px&#8221;][\/vc_column][\/vc_row][vc_row css=&#8221;.vc_custom_1573824572027{background-color: #f7f7f7 !important;}&#8221;][vc_column][vc_column_text]La pubblicazione annuale della Dichiarazione Ambientale rappresenta un momento importante per tutta l\u2019organizzazione Sarlux in quanto fornisce, <strong>in un dialogo aperto e trasparente con i cittadini, le istituzioni e tutti gli stakeholder<\/strong>, approfondite informazioni sulle prestazioni ambientali dei processi produttivi dello stabilimento.<\/p>\n<p>La <strong>continuit\u00e0 del miglioramento delle prestazioni ambientali registrata negli anni<\/strong> \u00e8 la testimonianza di impegno nella creazione di valore e di stimolo a proseguire nel percorso intrapreso, con particolare attenzione verso tutti i portatori di interesse, soprattutto quelli locali.<\/p>\n<p><strong>Il consolidamento dell\u2019attivit\u00e0 in coerenza con uno<\/strong> <strong>sviluppo sostenibile<\/strong> trova conferma sia nell\u2019importante piano di investimenti avviato &#8211;\u00a0 712 milioni previsti nel piano industriale 2020-2023 &#8211; sia nell\u2019impegno alla continua ricerca di innovazioni che rimane il tratto distintivo del Gruppo Saras.[\/vc_column_text][\/vc_column][\/vc_row][vc_row][vc_column][vc_icon icon_fontawesome=&#8221;fa fa-cog&#8221; size=&#8221;sm&#8221; align=&#8221;center&#8221;][vc_empty_space height=&#8221;16px&#8221;][vc_column_text]Il Gruppo Saras \u00e8 uno dei principali operatori europei nella raffinazione del petrolio ed \u00e8 attivo anche nel settore della produzione di energia elettrica. Direttamente e attraverso le proprie controllate, il Gruppo vende e distribuisce prodotti petroliferi nei mercati nazionali e internazionali. Inoltre, il Gruppo produce e vende energia elettrica attraverso le controllate Sarlux Srl (impianto IGCC) e Sardeolica Srl (parco eolico). Il Gruppo offre poi servizi di ingegneria industriale per il settore petrolifero, dell\u2019energia e dell\u2019ambiente attraverso la controllata Sartec Srl.[\/vc_column_text][vc_empty_space][\/vc_column][\/vc_row]<\/p>\n<\/div>","protected":false},"excerpt":{"rendered":"<p>I dati prestazionali della raffineria\u00a0pubblicati nella\u00a0Dichiarazione ambientale 2020\u00a0sono stati\u00a0convalidati dal Lloyd\u2019s Register Quality Assurance (LRQA Italy)\u00a0che ha certificato, anche per il 2019, la conformit\u00e0 dei dati ambientali registrati nel sito industriale Sarlux alle norme dei regolamenti EMAS.<\/p>\n","protected":false},"author":2,"featured_media":543025,"comment_status":"closed","ping_status":"open","sticky":false,"template":"","format":"standard","meta":{"_acf_changed":false,"inline_featured_image":false,"footnotes":""},"categories":[26,17],"tags":[38,316,97,82,123,53,114],"class_list":["post-543029","post","type-post","status-publish","format-standard","has-post-thumbnail","hentry","category-home-it","category-news","tag-ambiente","tag-energie-rinnovabili","tag-gruppo-saras","tag-innovazione","tag-investimenti","tag-sarlux","tag-territorio"],"acf":[],"yoast_head":"<!-- This site is optimized with the Yoast SEO plugin v27.3 - https:\/\/yoast.com\/product\/yoast-seo-wordpress\/ -->\n<title>Dichiarazione ambientale 2020 - Sarlux Saras | Refining &amp; Power<\/title>\n<meta name=\"description\" content=\"I dati prestazionali della raffineria\u00a0pubblicati nella\u00a0Dichiarazione ambientale 2020\u00a0sono stati\u00a0convalidati dal Lloyd\u2019s Register Quality Assurance (LRQA Italy)\u00a0che ha certificato, anche per il 2019, la conformit\u00e0 dei dati ambientali registrati nel sito industriale Sarlux alle norme dei regolamenti EMAS.\" \/>\n<meta name=\"robots\" content=\"index, follow, max-snippet:-1, max-image-preview:large, max-video-preview:-1\" \/>\n<link rel=\"canonical\" href=\"https:\/\/www.sarlux.saras.it\/it\/dichiarazione-ambientale-2020\/\" \/>\n<meta property=\"og:locale\" content=\"it_IT\" \/>\n<meta property=\"og:type\" content=\"article\" \/>\n<meta property=\"og:title\" content=\"Dichiarazione ambientale 2020 - Sarlux Saras | Refining &amp; Power\" \/>\n<meta property=\"og:description\" content=\"I dati prestazionali della raffineria\u00a0pubblicati nella\u00a0Dichiarazione ambientale 2020\u00a0sono stati\u00a0convalidati dal Lloyd\u2019s Register Quality Assurance (LRQA Italy)\u00a0che ha certificato, anche per il 2019, la conformit\u00e0 dei dati ambientali registrati nel sito industriale Sarlux alle norme dei regolamenti EMAS.\" \/>\n<meta property=\"og:url\" content=\"https:\/\/www.sarlux.saras.it\/it\/dichiarazione-ambientale-2020\/\" \/>\n<meta property=\"og:site_name\" content=\"Sarlux Saras | Refining &amp; Power\" \/>\n<meta property=\"article:published_time\" content=\"2020-09-17T14:58:50+00:00\" \/>\n<meta property=\"article:modified_time\" content=\"2021-09-07T07:09:04+00:00\" \/>\n<meta property=\"og:image\" content=\"https:\/\/www.sarlux.saras.it\/wp-content\/uploads\/2020\/09\/Sarlux-Saras-tutela-ambiente-116.jpg\" \/>\n\t<meta property=\"og:image:width\" content=\"990\" \/>\n\t<meta property=\"og:image:height\" content=\"450\" \/>\n\t<meta property=\"og:image:type\" content=\"image\/jpeg\" \/>\n<meta name=\"author\" content=\"newsarlux\" \/>\n<meta name=\"twitter:card\" content=\"summary_large_image\" \/>\n<meta name=\"twitter:label1\" content=\"Scritto da\" \/>\n\t<meta name=\"twitter:data1\" content=\"newsarlux\" \/>\n\t<meta name=\"twitter:label2\" content=\"Tempo di lettura stimato\" \/>\n\t<meta name=\"twitter:data2\" content=\"3 minuti\" \/>\n<script type=\"application\/ld+json\" class=\"yoast-schema-graph\">{\"@context\":\"https:\\\/\\\/schema.org\",\"@graph\":[{\"@type\":\"Article\",\"@id\":\"https:\\\/\\\/www.sarlux.saras.it\\\/it\\\/dichiarazione-ambientale-2020\\\/#article\",\"isPartOf\":{\"@id\":\"https:\\\/\\\/www.sarlux.saras.it\\\/it\\\/dichiarazione-ambientale-2020\\\/\"},\"author\":{\"name\":\"newsarlux\",\"@id\":\"https:\\\/\\\/www.sarlux.saras.it\\\/it\\\/#\\\/schema\\\/person\\\/c7561934b223f17087f8e08f41b37b83\"},\"headline\":\"Dichiarazione ambientale 2020\",\"datePublished\":\"2020-09-17T14:58:50+00:00\",\"dateModified\":\"2021-09-07T07:09:04+00:00\",\"mainEntityOfPage\":{\"@id\":\"https:\\\/\\\/www.sarlux.saras.it\\\/it\\\/dichiarazione-ambientale-2020\\\/\"},\"wordCount\":678,\"publisher\":{\"@id\":\"https:\\\/\\\/www.sarlux.saras.it\\\/it\\\/#organization\"},\"image\":{\"@id\":\"https:\\\/\\\/www.sarlux.saras.it\\\/it\\\/dichiarazione-ambientale-2020\\\/#primaryimage\"},\"thumbnailUrl\":\"https:\\\/\\\/www.sarlux.saras.it\\\/wp-content\\\/uploads\\\/2020\\\/09\\\/Sarlux-Saras-tutela-ambiente-116.jpg\",\"keywords\":[\"Ambiente\",\"energie rinnovabili\",\"Gruppo Saras\",\"Innovazione\",\"investimenti\",\"Sarlux\",\"territorio\"],\"articleSection\":[\"home\",\"News\"],\"inLanguage\":\"it-IT\"},{\"@type\":\"WebPage\",\"@id\":\"https:\\\/\\\/www.sarlux.saras.it\\\/it\\\/dichiarazione-ambientale-2020\\\/\",\"url\":\"https:\\\/\\\/www.sarlux.saras.it\\\/it\\\/dichiarazione-ambientale-2020\\\/\",\"name\":\"Dichiarazione ambientale 2020 - Sarlux Saras | Refining & Power\",\"isPartOf\":{\"@id\":\"https:\\\/\\\/www.sarlux.saras.it\\\/it\\\/#website\"},\"primaryImageOfPage\":{\"@id\":\"https:\\\/\\\/www.sarlux.saras.it\\\/it\\\/dichiarazione-ambientale-2020\\\/#primaryimage\"},\"image\":{\"@id\":\"https:\\\/\\\/www.sarlux.saras.it\\\/it\\\/dichiarazione-ambientale-2020\\\/#primaryimage\"},\"thumbnailUrl\":\"https:\\\/\\\/www.sarlux.saras.it\\\/wp-content\\\/uploads\\\/2020\\\/09\\\/Sarlux-Saras-tutela-ambiente-116.jpg\",\"datePublished\":\"2020-09-17T14:58:50+00:00\",\"dateModified\":\"2021-09-07T07:09:04+00:00\",\"description\":\"I dati prestazionali della raffineria\u00a0pubblicati nella\u00a0Dichiarazione ambientale 2020\u00a0sono stati\u00a0convalidati dal Lloyd\u2019s Register Quality Assurance (LRQA Italy)\u00a0che ha certificato, anche per il 2019, la conformit\u00e0 dei dati ambientali registrati nel sito industriale Sarlux alle norme dei regolamenti EMAS.\",\"breadcrumb\":{\"@id\":\"https:\\\/\\\/www.sarlux.saras.it\\\/it\\\/dichiarazione-ambientale-2020\\\/#breadcrumb\"},\"inLanguage\":\"it-IT\",\"potentialAction\":[{\"@type\":\"ReadAction\",\"target\":[\"https:\\\/\\\/www.sarlux.saras.it\\\/it\\\/dichiarazione-ambientale-2020\\\/\"]}]},{\"@type\":\"ImageObject\",\"inLanguage\":\"it-IT\",\"@id\":\"https:\\\/\\\/www.sarlux.saras.it\\\/it\\\/dichiarazione-ambientale-2020\\\/#primaryimage\",\"url\":\"https:\\\/\\\/www.sarlux.saras.it\\\/wp-content\\\/uploads\\\/2020\\\/09\\\/Sarlux-Saras-tutela-ambiente-116.jpg\",\"contentUrl\":\"https:\\\/\\\/www.sarlux.saras.it\\\/wp-content\\\/uploads\\\/2020\\\/09\\\/Sarlux-Saras-tutela-ambiente-116.jpg\",\"width\":990,\"height\":450,\"caption\":\"Sarlux- Gruppo Saras. Tutela della qualit\u00e0 delle acque marine\"},{\"@type\":\"BreadcrumbList\",\"@id\":\"https:\\\/\\\/www.sarlux.saras.it\\\/it\\\/dichiarazione-ambientale-2020\\\/#breadcrumb\",\"itemListElement\":[{\"@type\":\"ListItem\",\"position\":1,\"name\":\"Home\",\"item\":\"https:\\\/\\\/www.sarlux.saras.it\\\/it\\\/\"},{\"@type\":\"ListItem\",\"position\":2,\"name\":\"Dichiarazione ambientale 2020\"}]},{\"@type\":\"WebSite\",\"@id\":\"https:\\\/\\\/www.sarlux.saras.it\\\/it\\\/#website\",\"url\":\"https:\\\/\\\/www.sarlux.saras.it\\\/it\\\/\",\"name\":\"Sarlux\",\"description\":\"\",\"publisher\":{\"@id\":\"https:\\\/\\\/www.sarlux.saras.it\\\/it\\\/#organization\"},\"potentialAction\":[{\"@type\":\"SearchAction\",\"target\":{\"@type\":\"EntryPoint\",\"urlTemplate\":\"https:\\\/\\\/www.sarlux.saras.it\\\/it\\\/?s={search_term_string}\"},\"query-input\":{\"@type\":\"PropertyValueSpecification\",\"valueRequired\":true,\"valueName\":\"search_term_string\"}}],\"inLanguage\":\"it-IT\"},{\"@type\":\"Organization\",\"@id\":\"https:\\\/\\\/www.sarlux.saras.it\\\/it\\\/#organization\",\"name\":\"Sarlux\",\"url\":\"https:\\\/\\\/www.sarlux.saras.it\\\/it\\\/\",\"logo\":{\"@type\":\"ImageObject\",\"inLanguage\":\"it-IT\",\"@id\":\"https:\\\/\\\/www.sarlux.saras.it\\\/it\\\/#\\\/schema\\\/logo\\\/image\\\/\",\"url\":\"https:\\\/\\\/www.sarlux.saras.it\\\/wp-content\\\/uploads\\\/2017\\\/12\\\/logo-pc-1.png\",\"contentUrl\":\"https:\\\/\\\/www.sarlux.saras.it\\\/wp-content\\\/uploads\\\/2017\\\/12\\\/logo-pc-1.png\",\"width\":184,\"height\":86,\"caption\":\"Sarlux\"},\"image\":{\"@id\":\"https:\\\/\\\/www.sarlux.saras.it\\\/it\\\/#\\\/schema\\\/logo\\\/image\\\/\"}},{\"@type\":\"Person\",\"@id\":\"https:\\\/\\\/www.sarlux.saras.it\\\/it\\\/#\\\/schema\\\/person\\\/c7561934b223f17087f8e08f41b37b83\",\"name\":\"newsarlux\",\"image\":{\"@type\":\"ImageObject\",\"inLanguage\":\"it-IT\",\"@id\":\"https:\\\/\\\/secure.gravatar.com\\\/avatar\\\/eb7f74d52340ebedd5480701fcdd6d2904abef8cdb3a51882f629f2dd32d610d?s=96&d=mm&r=g\",\"url\":\"https:\\\/\\\/secure.gravatar.com\\\/avatar\\\/eb7f74d52340ebedd5480701fcdd6d2904abef8cdb3a51882f629f2dd32d610d?s=96&d=mm&r=g\",\"contentUrl\":\"https:\\\/\\\/secure.gravatar.com\\\/avatar\\\/eb7f74d52340ebedd5480701fcdd6d2904abef8cdb3a51882f629f2dd32d610d?s=96&d=mm&r=g\",\"caption\":\"newsarlux\"},\"url\":\"\"}]}<\/script>\n<!-- \/ Yoast SEO plugin. -->","yoast_head_json":{"title":"Dichiarazione ambientale 2020 - Sarlux Saras | Refining & Power","description":"I dati prestazionali della raffineria\u00a0pubblicati nella\u00a0Dichiarazione ambientale 2020\u00a0sono stati\u00a0convalidati dal Lloyd\u2019s Register Quality Assurance (LRQA Italy)\u00a0che ha certificato, anche per il 2019, la conformit\u00e0 dei dati ambientali registrati nel sito industriale Sarlux alle norme dei regolamenti EMAS.","robots":{"index":"index","follow":"follow","max-snippet":"max-snippet:-1","max-image-preview":"max-image-preview:large","max-video-preview":"max-video-preview:-1"},"canonical":"https:\/\/www.sarlux.saras.it\/it\/dichiarazione-ambientale-2020\/","og_locale":"it_IT","og_type":"article","og_title":"Dichiarazione ambientale 2020 - Sarlux Saras | Refining & Power","og_description":"I dati prestazionali della raffineria\u00a0pubblicati nella\u00a0Dichiarazione ambientale 2020\u00a0sono stati\u00a0convalidati dal Lloyd\u2019s Register Quality Assurance (LRQA Italy)\u00a0che ha certificato, anche per il 2019, la conformit\u00e0 dei dati ambientali registrati nel sito industriale Sarlux alle norme dei regolamenti EMAS.","og_url":"https:\/\/www.sarlux.saras.it\/it\/dichiarazione-ambientale-2020\/","og_site_name":"Sarlux Saras | Refining & Power","article_published_time":"2020-09-17T14:58:50+00:00","article_modified_time":"2021-09-07T07:09:04+00:00","og_image":[{"width":990,"height":450,"url":"https:\/\/www.sarlux.saras.it\/wp-content\/uploads\/2020\/09\/Sarlux-Saras-tutela-ambiente-116.jpg","type":"image\/jpeg"}],"author":"newsarlux","twitter_card":"summary_large_image","twitter_misc":{"Scritto da":"newsarlux","Tempo di lettura stimato":"3 minuti"},"schema":{"@context":"https:\/\/schema.org","@graph":[{"@type":"Article","@id":"https:\/\/www.sarlux.saras.it\/it\/dichiarazione-ambientale-2020\/#article","isPartOf":{"@id":"https:\/\/www.sarlux.saras.it\/it\/dichiarazione-ambientale-2020\/"},"author":{"name":"newsarlux","@id":"https:\/\/www.sarlux.saras.it\/it\/#\/schema\/person\/c7561934b223f17087f8e08f41b37b83"},"headline":"Dichiarazione ambientale 2020","datePublished":"2020-09-17T14:58:50+00:00","dateModified":"2021-09-07T07:09:04+00:00","mainEntityOfPage":{"@id":"https:\/\/www.sarlux.saras.it\/it\/dichiarazione-ambientale-2020\/"},"wordCount":678,"publisher":{"@id":"https:\/\/www.sarlux.saras.it\/it\/#organization"},"image":{"@id":"https:\/\/www.sarlux.saras.it\/it\/dichiarazione-ambientale-2020\/#primaryimage"},"thumbnailUrl":"https:\/\/www.sarlux.saras.it\/wp-content\/uploads\/2020\/09\/Sarlux-Saras-tutela-ambiente-116.jpg","keywords":["Ambiente","energie rinnovabili","Gruppo Saras","Innovazione","investimenti","Sarlux","territorio"],"articleSection":["home","News"],"inLanguage":"it-IT"},{"@type":"WebPage","@id":"https:\/\/www.sarlux.saras.it\/it\/dichiarazione-ambientale-2020\/","url":"https:\/\/www.sarlux.saras.it\/it\/dichiarazione-ambientale-2020\/","name":"Dichiarazione ambientale 2020 - Sarlux Saras | Refining & Power","isPartOf":{"@id":"https:\/\/www.sarlux.saras.it\/it\/#website"},"primaryImageOfPage":{"@id":"https:\/\/www.sarlux.saras.it\/it\/dichiarazione-ambientale-2020\/#primaryimage"},"image":{"@id":"https:\/\/www.sarlux.saras.it\/it\/dichiarazione-ambientale-2020\/#primaryimage"},"thumbnailUrl":"https:\/\/www.sarlux.saras.it\/wp-content\/uploads\/2020\/09\/Sarlux-Saras-tutela-ambiente-116.jpg","datePublished":"2020-09-17T14:58:50+00:00","dateModified":"2021-09-07T07:09:04+00:00","description":"I dati prestazionali della raffineria\u00a0pubblicati nella\u00a0Dichiarazione ambientale 2020\u00a0sono stati\u00a0convalidati dal Lloyd\u2019s Register Quality Assurance (LRQA Italy)\u00a0che ha certificato, anche per il 2019, la conformit\u00e0 dei dati ambientali registrati nel sito industriale Sarlux alle norme dei regolamenti EMAS.","breadcrumb":{"@id":"https:\/\/www.sarlux.saras.it\/it\/dichiarazione-ambientale-2020\/#breadcrumb"},"inLanguage":"it-IT","potentialAction":[{"@type":"ReadAction","target":["https:\/\/www.sarlux.saras.it\/it\/dichiarazione-ambientale-2020\/"]}]},{"@type":"ImageObject","inLanguage":"it-IT","@id":"https:\/\/www.sarlux.saras.it\/it\/dichiarazione-ambientale-2020\/#primaryimage","url":"https:\/\/www.sarlux.saras.it\/wp-content\/uploads\/2020\/09\/Sarlux-Saras-tutela-ambiente-116.jpg","contentUrl":"https:\/\/www.sarlux.saras.it\/wp-content\/uploads\/2020\/09\/Sarlux-Saras-tutela-ambiente-116.jpg","width":990,"height":450,"caption":"Sarlux- Gruppo Saras. Tutela della qualit\u00e0 delle acque marine"},{"@type":"BreadcrumbList","@id":"https:\/\/www.sarlux.saras.it\/it\/dichiarazione-ambientale-2020\/#breadcrumb","itemListElement":[{"@type":"ListItem","position":1,"name":"Home","item":"https:\/\/www.sarlux.saras.it\/it\/"},{"@type":"ListItem","position":2,"name":"Dichiarazione ambientale 2020"}]},{"@type":"WebSite","@id":"https:\/\/www.sarlux.saras.it\/it\/#website","url":"https:\/\/www.sarlux.saras.it\/it\/","name":"Sarlux","description":"","publisher":{"@id":"https:\/\/www.sarlux.saras.it\/it\/#organization"},"potentialAction":[{"@type":"SearchAction","target":{"@type":"EntryPoint","urlTemplate":"https:\/\/www.sarlux.saras.it\/it\/?s={search_term_string}"},"query-input":{"@type":"PropertyValueSpecification","valueRequired":true,"valueName":"search_term_string"}}],"inLanguage":"it-IT"},{"@type":"Organization","@id":"https:\/\/www.sarlux.saras.it\/it\/#organization","name":"Sarlux","url":"https:\/\/www.sarlux.saras.it\/it\/","logo":{"@type":"ImageObject","inLanguage":"it-IT","@id":"https:\/\/www.sarlux.saras.it\/it\/#\/schema\/logo\/image\/","url":"https:\/\/www.sarlux.saras.it\/wp-content\/uploads\/2017\/12\/logo-pc-1.png","contentUrl":"https:\/\/www.sarlux.saras.it\/wp-content\/uploads\/2017\/12\/logo-pc-1.png","width":184,"height":86,"caption":"Sarlux"},"image":{"@id":"https:\/\/www.sarlux.saras.it\/it\/#\/schema\/logo\/image\/"}},{"@type":"Person","@id":"https:\/\/www.sarlux.saras.it\/it\/#\/schema\/person\/c7561934b223f17087f8e08f41b37b83","name":"newsarlux","image":{"@type":"ImageObject","inLanguage":"it-IT","@id":"https:\/\/secure.gravatar.com\/avatar\/eb7f74d52340ebedd5480701fcdd6d2904abef8cdb3a51882f629f2dd32d610d?s=96&d=mm&r=g","url":"https:\/\/secure.gravatar.com\/avatar\/eb7f74d52340ebedd5480701fcdd6d2904abef8cdb3a51882f629f2dd32d610d?s=96&d=mm&r=g","contentUrl":"https:\/\/secure.gravatar.com\/avatar\/eb7f74d52340ebedd5480701fcdd6d2904abef8cdb3a51882f629f2dd32d610d?s=96&d=mm&r=g","caption":"newsarlux"},"url":""}]}},"_links":{"self":[{"href":"https:\/\/www.sarlux.saras.it\/it\/wp-json\/wp\/v2\/posts\/543029","targetHints":{"allow":["GET"]}}],"collection":[{"href":"https:\/\/www.sarlux.saras.it\/it\/wp-json\/wp\/v2\/posts"}],"about":[{"href":"https:\/\/www.sarlux.saras.it\/it\/wp-json\/wp\/v2\/types\/post"}],"author":[{"embeddable":true,"href":"https:\/\/www.sarlux.saras.it\/it\/wp-json\/wp\/v2\/users\/2"}],"replies":[{"embeddable":true,"href":"https:\/\/www.sarlux.saras.it\/it\/wp-json\/wp\/v2\/comments?post=543029"}],"version-history":[{"count":11,"href":"https:\/\/www.sarlux.saras.it\/it\/wp-json\/wp\/v2\/posts\/543029\/revisions"}],"predecessor-version":[{"id":543034,"href":"https:\/\/www.sarlux.saras.it\/it\/wp-json\/wp\/v2\/posts\/543029\/revisions\/543034"}],"wp:featuredmedia":[{"embeddable":true,"href":"https:\/\/www.sarlux.saras.it\/it\/wp-json\/wp\/v2\/media\/543025"}],"wp:attachment":[{"href":"https:\/\/www.sarlux.saras.it\/it\/wp-json\/wp\/v2\/media?parent=543029"}],"wp:term":[{"taxonomy":"category","embeddable":true,"href":"https:\/\/www.sarlux.saras.it\/it\/wp-json\/wp\/v2\/categories?post=543029"},{"taxonomy":"post_tag","embeddable":true,"href":"https:\/\/www.sarlux.saras.it\/it\/wp-json\/wp\/v2\/tags?post=543029"}],"curies":[{"name":"wp","href":"https:\/\/api.w.org\/{rel}","templated":true}]}}