{"id":543129,"date":"2021-02-25T08:14:05","date_gmt":"2021-02-25T08:14:05","guid":{"rendered":"https:\/\/www.sarlux.saras.it\/?p=543129"},"modified":"2021-05-25T07:54:29","modified_gmt":"2021-05-25T07:54:29","slug":"le-sfide-della-transizione-energetica","status":"publish","type":"post","link":"https:\/\/www.sarlux.saras.it\/it\/le-sfide-della-transizione-energetica\/","title":{"rendered":"Le sfide della transizione energetica"},"content":{"rendered":"<div class=\"wpb-content-wrapper\"><p>[vc_row][vc_column][vc_column_text]<strong>I giorni scorsi \u00e8 stato firmato un protocollo d\u2019intesa Enel-Saras<\/strong> per lo studio di un progetto <strong>per fornire idrogeno verde alla Sarlux<\/strong>. Il progetto prevede l\u2019utilizzo di un elettrolizzatore da circa 20 MW alimentato esclusivamente da energia rinnovabile.[\/vc_column_text][vc_empty_space height=&#8221;8px&#8221;][\/vc_column][\/vc_row][vc_row][vc_column][vc_single_image image=&#8221;543130&#8243; img_size=&#8221;full&#8221; alignment=&#8221;center&#8221;][vc_empty_space height=&#8221;16px&#8221;][\/vc_column][\/vc_row][vc_row bg_type=&#8221;grad&#8221; bg_grad=&#8221;background: -webkit-gradient(linear, left top, left bottom, color-stop(0%, #F5F5F5), color-stop(33%, #FFFFFF), color-stop(66%, #FFFFFF), color-stop(100%, #F5F5F5));background: -moz-linear-gradient(left,#F5F5F5 0%,#FFFFFF 33%,#FFFFFF 66%,#F5F5F5 100%);background: -webkit-linear-gradient(left,#F5F5F5 0%,#FFFFFF 33%,#FFFFFF 66%,#F5F5F5 100%);background: -o-linear-gradient(left,#F5F5F5 0%,#FFFFFF 33%,#FFFFFF 66%,#F5F5F5 100%);background: -ms-linear-gradient(left,#F5F5F5 0%,#FFFFFF 33%,#FFFFFF 66%,#F5F5F5 100%);background: linear-gradient(left,#F5F5F5 0%,#FFFFFF 33%,#FFFFFF 66%,#F5F5F5 100%);&#8221; css=&#8221;.vc_custom_1610992623708{margin-right: 50px !important;margin-left: 50px !important;border-radius: 2px !important;}&#8221;][vc_column width=&#8221;1\/12&#8243;][vc_column_text css=&#8221;.vc_custom_1607529586719{margin-right: 0px !important;border-right-width: 0px !important;padding-right: 0px !important;}&#8221;]<\/p>\n<h1 style=\"text-align: right;\"><span style=\"font-family: symbol; font-size: 96px;\">\u201c<\/span><\/h1>\n<p>[\/vc_column_text][\/vc_column][vc_column width=&#8221;10\/12&#8243; css=&#8221;.vc_custom_1607529781794{margin-top: 0px !important;margin-right: 0px !important;margin-left: 0px !important;padding-top: 0px !important;padding-right: 0px !important;padding-left: 0px !important;}&#8221;][vc_column_text css=&#8221;.vc_custom_1614006461821{margin-top: 10px !important;margin-right: 0px !important;margin-bottom: 10px !important;margin-left: 0px !important;border-right-width: 0px !important;border-bottom-width: 0px !important;border-left-width: 0px !important;padding-top: 6px !important;padding-right: 0px !important;padding-bottom: 0px !important;padding-left: 0px !important;}&#8221;]<em>Come Saras <strong>ci confrontiamo da tempo e attentamente con\u00a0le sfide della transizione energetica\u00a0<\/strong>e negli ultimi anni abbiamo rafforzato la nostra base di<\/em><em> competenze con una serie di progetti finalizzati a ridurre sensibilmente il \u201ccarbon footprint\u201d della raffineria. Questa collaborazione con Enel Green Power ci consente di sviluppare con un partner ideale uno di questi, la produzione e utilizzo di idrogeno green, considerata oggi una delle strategie a maggior potenziale per la decarbonizzazione dei processi di raffinazione\u00a0e la produzione di combustibili di nuova generazione. Il nostro sito di Sarroch si presta, in modo particolare, per\u00a0dimensioni, posizione e caratteristiche strutturali\u00a0a sviluppare e accogliere un progetto di produzione di\u00a0idrogeno\u00a0verde\u00a0con evidenti potenzialit\u00e0 di sviluppo e\u00a0di crescita.<\/em><\/p>\n<p><strong>Dario Scaffardi, <\/strong>CEO di Saras[\/vc_column_text][\/vc_column][vc_column width=&#8221;1\/12&#8243;][vc_column_text css=&#8221;.vc_custom_1607529611061{margin-left: 0px !important;padding-left: 0px !important;}&#8221;]<\/p>\n<h1 style=\"text-align: left;\"><span style=\"font-family: symbol; font-size: 96px;\">\u201d<\/span><\/h1>\n<p>[\/vc_column_text][\/vc_column][\/vc_row][vc_row][vc_column][vc_column_text]La soluzione individuata da <strong>Saras<\/strong> e da <strong>Enel Green Power<\/strong> prevede l\u2019utilizzo di un elettrolizzatore da 20 MW &#8211; alimentato da energia rinnovabile prodotta sul posto &#8211; che servir\u00e0 alla produzione di idrogeno verde, destinato al fabbisogno energetico della raffineria Sarlux.<\/p>\n<p><strong>Saras<\/strong> dispone di capacit\u00e0 tecnologiche e know-how nella produzione e gestione di idrogeno, e <strong>ha oggi in corso diversi studi per esplorare alcuni processi di decarbonizzazione nella produzione e utilizzo di questo vettore energetico.<\/strong> L\u2019idrogeno \u00e8 parte integrante, attraverso un network diffuso, del processo di raffinazione di Saras per il suo utilizzo nei processi di <em>hydrocraking<\/em> e <em>hydrotreatment<\/em>, ed \u00e8 oggi garantito dal complesso IGCC e da due unit\u00e0 di reforming del sito industriale.[\/vc_column_text][\/vc_column][\/vc_row][vc_row][vc_column][vc_empty_space height=&#8221;8px&#8221;][vc_single_image image=&#8221;543134&#8243; img_size=&#8221;full&#8221; alignment=&#8221;center&#8221;][\/vc_column][\/vc_row][vc_row][vc_column][vc_empty_space height=&#8221;8px&#8221;][vc_column_text]\u00c8 un accordo molto importante per entrambe le societ\u00e0, nel contesto della transizione energetica, l\u2019idrogeno pu\u00f2 offrire un contributo prezioso per la decarbonizzazione delle industrie ad alta intensit\u00e0 energetica come ad esempio il settore chimico, aviazione, trasporto marittimo e ferroviario non elettrificato, purch\u00e9 sia prodotto in maniera sostenibile.[\/vc_column_text][vc_empty_space height=&#8221;16px&#8221;][\/vc_column][\/vc_row][vc_row][vc_column][vc_icon icon_fontawesome=&#8221;fas fa-arrow-alt-circle-down&#8221;][vc_column_text]<a href=\"https:\/\/www.ilbollettino.eu\/2021\/03\/01\/dario-scaffardi-ceo-di-saras-i-prodotti-petroliferi-saranno-ancora-necessari-per-favorire-il-cambiamento\/\" target=\"_blank\" rel=\"noopener\">Nuovi scenari per il Gruppo Saras<\/a><br \/>\nintervista a Dario Scaffardi, CEO di Saras[\/vc_column_text][\/vc_column][\/vc_row][vc_row][vc_column][vc_icon icon_fontawesome=&#8221;fa fa-cog&#8221; size=&#8221;sm&#8221; align=&#8221;center&#8221;][vc_empty_space height=&#8221;16px&#8221;][vc_column_text]<span style=\"font-size: 16px;\">Il Gruppo Saras \u00e8 uno dei principali operatori europei nella raffinazione del petrolio ed \u00e8 attivo anche nel settore della produzione di energia elettrica. Direttamente e attraverso le proprie controllate, il Gruppo vende e distribuisce prodotti petroliferi nei mercati nazionali e internazionali. Inoltre, il Gruppo produce e vende energia elettrica attraverso le controllate Sarlux Srl (impianto IGCC) e Sardeolica Srl (parco eolico). Il Gruppo offre poi servizi di ingegneria industriale per il settore petrolifero, dell\u2019energia e dell\u2019ambiente attraverso la controllata Sartec Srl.<\/span>[\/vc_column_text][vc_empty_space][\/vc_column][\/vc_row][vc_row][vc_column][vc_empty_space][vc_icon icon_fontawesome=&#8221;fa fa-cog&#8221; size=&#8221;sm&#8221; align=&#8221;center&#8221;][\/vc_column][\/vc_row]<\/p>\n<\/div>","protected":false},"excerpt":{"rendered":"<p>Firmato un protocollo d\u2019intesa Enel-Saras per lo studio di un progetto per fornire idrogeno verde alla raffineria di Sarroch. Il progetto prevede l\u2019utilizzo di un elettrolizzatore da circa 20 MW alimentato esclusivamente da energia rinnovabile.<\/p>\n","protected":false},"author":2,"featured_media":543132,"comment_status":"closed","ping_status":"open","sticky":false,"template":"","format":"standard","meta":{"_acf_changed":false,"inline_featured_image":false,"footnotes":""},"categories":[26,17],"tags":[38,374,458,462,316,459,460,97,461,463,29,82,108,50,105,53,71,111,114],"class_list":["post-543129","post","type-post","status-publish","format-standard","has-post-thumbnail","hentry","category-home-it","category-news","tag-ambiente","tag-cagliari","tag-decarbonizzazione","tag-enel","tag-energie-rinnovabili","tag-green-deal","tag-green-power","tag-gruppo-saras","tag-idrogeno","tag-idrogeno-verde","tag-impegno-sociale","tag-innovazione","tag-raffineria","tag-saras","tag-sardegna","tag-sarlux","tag-sarroch","tag-sostenibilita","tag-territorio"],"acf":[],"yoast_head":"<!-- This site is optimized with the Yoast SEO plugin v27.3 - https:\/\/yoast.com\/product\/yoast-seo-wordpress\/ -->\n<title>Le sfide della transizione energetica - Sarlux Saras | Refining &amp; Power<\/title>\n<meta name=\"robots\" content=\"index, follow, max-snippet:-1, max-image-preview:large, max-video-preview:-1\" \/>\n<link rel=\"canonical\" href=\"https:\/\/www.sarlux.saras.it\/it\/le-sfide-della-transizione-energetica\/\" \/>\n<meta property=\"og:locale\" content=\"it_IT\" \/>\n<meta property=\"og:type\" content=\"article\" \/>\n<meta property=\"og:title\" content=\"Le sfide della transizione energetica - Sarlux Saras | Refining &amp; Power\" \/>\n<meta property=\"og:description\" content=\"Firmato un protocollo d\u2019intesa Enel-Saras per lo studio di un progetto per fornire idrogeno verde alla raffineria di Sarroch. Il progetto prevede l\u2019utilizzo di un elettrolizzatore da circa 20 MW alimentato esclusivamente da energia rinnovabile.\" \/>\n<meta property=\"og:url\" content=\"https:\/\/www.sarlux.saras.it\/it\/le-sfide-della-transizione-energetica\/\" \/>\n<meta property=\"og:site_name\" content=\"Sarlux Saras | Refining &amp; Power\" \/>\n<meta property=\"article:published_time\" content=\"2021-02-25T08:14:05+00:00\" \/>\n<meta property=\"article:modified_time\" content=\"2021-05-25T07:54:29+00:00\" \/>\n<meta property=\"og:image\" content=\"https:\/\/www.sarlux.saras.it\/wp-content\/uploads\/2021\/02\/Saras-Sarlux-Enel-idrogeno-verde-evidenza-379.jpg\" \/>\n\t<meta property=\"og:image:width\" content=\"990\" \/>\n\t<meta property=\"og:image:height\" content=\"450\" \/>\n\t<meta property=\"og:image:type\" content=\"image\/jpeg\" \/>\n<meta name=\"author\" content=\"newsarlux\" \/>\n<meta name=\"twitter:card\" content=\"summary_large_image\" \/>\n<meta name=\"twitter:label1\" content=\"Scritto da\" \/>\n\t<meta name=\"twitter:data1\" content=\"newsarlux\" \/>\n\t<meta name=\"twitter:label2\" content=\"Tempo di lettura stimato\" \/>\n\t<meta name=\"twitter:data2\" content=\"3 minuti\" \/>\n<script type=\"application\/ld+json\" class=\"yoast-schema-graph\">{\"@context\":\"https:\\\/\\\/schema.org\",\"@graph\":[{\"@type\":\"Article\",\"@id\":\"https:\\\/\\\/www.sarlux.saras.it\\\/it\\\/le-sfide-della-transizione-energetica\\\/#article\",\"isPartOf\":{\"@id\":\"https:\\\/\\\/www.sarlux.saras.it\\\/it\\\/le-sfide-della-transizione-energetica\\\/\"},\"author\":{\"name\":\"newsarlux\",\"@id\":\"https:\\\/\\\/www.sarlux.saras.it\\\/it\\\/#\\\/schema\\\/person\\\/c7561934b223f17087f8e08f41b37b83\"},\"headline\":\"Le sfide della transizione energetica\",\"datePublished\":\"2021-02-25T08:14:05+00:00\",\"dateModified\":\"2021-05-25T07:54:29+00:00\",\"mainEntityOfPage\":{\"@id\":\"https:\\\/\\\/www.sarlux.saras.it\\\/it\\\/le-sfide-della-transizione-energetica\\\/\"},\"wordCount\":806,\"publisher\":{\"@id\":\"https:\\\/\\\/www.sarlux.saras.it\\\/it\\\/#organization\"},\"image\":{\"@id\":\"https:\\\/\\\/www.sarlux.saras.it\\\/it\\\/le-sfide-della-transizione-energetica\\\/#primaryimage\"},\"thumbnailUrl\":\"https:\\\/\\\/www.sarlux.saras.it\\\/wp-content\\\/uploads\\\/2021\\\/02\\\/Saras-Sarlux-Enel-idrogeno-verde-evidenza-379.jpg\",\"keywords\":[\"Ambiente\",\"Cagliari\",\"decarbonizzazione\",\"Enel\",\"energie rinnovabili\",\"green deal\",\"green power\",\"Gruppo Saras\",\"idrogeno\",\"idrogeno verde\",\"Impegno sociale\",\"Innovazione\",\"raffineria\",\"Saras\",\"sardegna\",\"Sarlux\",\"Sarroch\",\"sostenibilit\u00e0\",\"territorio\"],\"articleSection\":[\"home\",\"News\"],\"inLanguage\":\"it-IT\"},{\"@type\":\"WebPage\",\"@id\":\"https:\\\/\\\/www.sarlux.saras.it\\\/it\\\/le-sfide-della-transizione-energetica\\\/\",\"url\":\"https:\\\/\\\/www.sarlux.saras.it\\\/it\\\/le-sfide-della-transizione-energetica\\\/\",\"name\":\"Le sfide della transizione energetica - Sarlux Saras | Refining & Power\",\"isPartOf\":{\"@id\":\"https:\\\/\\\/www.sarlux.saras.it\\\/it\\\/#website\"},\"primaryImageOfPage\":{\"@id\":\"https:\\\/\\\/www.sarlux.saras.it\\\/it\\\/le-sfide-della-transizione-energetica\\\/#primaryimage\"},\"image\":{\"@id\":\"https:\\\/\\\/www.sarlux.saras.it\\\/it\\\/le-sfide-della-transizione-energetica\\\/#primaryimage\"},\"thumbnailUrl\":\"https:\\\/\\\/www.sarlux.saras.it\\\/wp-content\\\/uploads\\\/2021\\\/02\\\/Saras-Sarlux-Enel-idrogeno-verde-evidenza-379.jpg\",\"datePublished\":\"2021-02-25T08:14:05+00:00\",\"dateModified\":\"2021-05-25T07:54:29+00:00\",\"breadcrumb\":{\"@id\":\"https:\\\/\\\/www.sarlux.saras.it\\\/it\\\/le-sfide-della-transizione-energetica\\\/#breadcrumb\"},\"inLanguage\":\"it-IT\",\"potentialAction\":[{\"@type\":\"ReadAction\",\"target\":[\"https:\\\/\\\/www.sarlux.saras.it\\\/it\\\/le-sfide-della-transizione-energetica\\\/\"]}]},{\"@type\":\"ImageObject\",\"inLanguage\":\"it-IT\",\"@id\":\"https:\\\/\\\/www.sarlux.saras.it\\\/it\\\/le-sfide-della-transizione-energetica\\\/#primaryimage\",\"url\":\"https:\\\/\\\/www.sarlux.saras.it\\\/wp-content\\\/uploads\\\/2021\\\/02\\\/Saras-Sarlux-Enel-idrogeno-verde-evidenza-379.jpg\",\"contentUrl\":\"https:\\\/\\\/www.sarlux.saras.it\\\/wp-content\\\/uploads\\\/2021\\\/02\\\/Saras-Sarlux-Enel-idrogeno-verde-evidenza-379.jpg\",\"width\":990,\"height\":450},{\"@type\":\"BreadcrumbList\",\"@id\":\"https:\\\/\\\/www.sarlux.saras.it\\\/it\\\/le-sfide-della-transizione-energetica\\\/#breadcrumb\",\"itemListElement\":[{\"@type\":\"ListItem\",\"position\":1,\"name\":\"Home\",\"item\":\"https:\\\/\\\/www.sarlux.saras.it\\\/it\\\/\"},{\"@type\":\"ListItem\",\"position\":2,\"name\":\"Le sfide della transizione energetica\"}]},{\"@type\":\"WebSite\",\"@id\":\"https:\\\/\\\/www.sarlux.saras.it\\\/it\\\/#website\",\"url\":\"https:\\\/\\\/www.sarlux.saras.it\\\/it\\\/\",\"name\":\"Sarlux\",\"description\":\"\",\"publisher\":{\"@id\":\"https:\\\/\\\/www.sarlux.saras.it\\\/it\\\/#organization\"},\"potentialAction\":[{\"@type\":\"SearchAction\",\"target\":{\"@type\":\"EntryPoint\",\"urlTemplate\":\"https:\\\/\\\/www.sarlux.saras.it\\\/it\\\/?s={search_term_string}\"},\"query-input\":{\"@type\":\"PropertyValueSpecification\",\"valueRequired\":true,\"valueName\":\"search_term_string\"}}],\"inLanguage\":\"it-IT\"},{\"@type\":\"Organization\",\"@id\":\"https:\\\/\\\/www.sarlux.saras.it\\\/it\\\/#organization\",\"name\":\"Sarlux\",\"url\":\"https:\\\/\\\/www.sarlux.saras.it\\\/it\\\/\",\"logo\":{\"@type\":\"ImageObject\",\"inLanguage\":\"it-IT\",\"@id\":\"https:\\\/\\\/www.sarlux.saras.it\\\/it\\\/#\\\/schema\\\/logo\\\/image\\\/\",\"url\":\"https:\\\/\\\/www.sarlux.saras.it\\\/wp-content\\\/uploads\\\/2017\\\/12\\\/logo-pc-1.png\",\"contentUrl\":\"https:\\\/\\\/www.sarlux.saras.it\\\/wp-content\\\/uploads\\\/2017\\\/12\\\/logo-pc-1.png\",\"width\":184,\"height\":86,\"caption\":\"Sarlux\"},\"image\":{\"@id\":\"https:\\\/\\\/www.sarlux.saras.it\\\/it\\\/#\\\/schema\\\/logo\\\/image\\\/\"}},{\"@type\":\"Person\",\"@id\":\"https:\\\/\\\/www.sarlux.saras.it\\\/it\\\/#\\\/schema\\\/person\\\/c7561934b223f17087f8e08f41b37b83\",\"name\":\"newsarlux\",\"image\":{\"@type\":\"ImageObject\",\"inLanguage\":\"it-IT\",\"@id\":\"https:\\\/\\\/secure.gravatar.com\\\/avatar\\\/eb7f74d52340ebedd5480701fcdd6d2904abef8cdb3a51882f629f2dd32d610d?s=96&d=mm&r=g\",\"url\":\"https:\\\/\\\/secure.gravatar.com\\\/avatar\\\/eb7f74d52340ebedd5480701fcdd6d2904abef8cdb3a51882f629f2dd32d610d?s=96&d=mm&r=g\",\"contentUrl\":\"https:\\\/\\\/secure.gravatar.com\\\/avatar\\\/eb7f74d52340ebedd5480701fcdd6d2904abef8cdb3a51882f629f2dd32d610d?s=96&d=mm&r=g\",\"caption\":\"newsarlux\"},\"url\":\"\"}]}<\/script>\n<!-- \/ Yoast SEO plugin. -->","yoast_head_json":{"title":"Le sfide della transizione energetica - Sarlux Saras | Refining & Power","robots":{"index":"index","follow":"follow","max-snippet":"max-snippet:-1","max-image-preview":"max-image-preview:large","max-video-preview":"max-video-preview:-1"},"canonical":"https:\/\/www.sarlux.saras.it\/it\/le-sfide-della-transizione-energetica\/","og_locale":"it_IT","og_type":"article","og_title":"Le sfide della transizione energetica - Sarlux Saras | Refining & Power","og_description":"Firmato un protocollo d\u2019intesa Enel-Saras per lo studio di un progetto per fornire idrogeno verde alla raffineria di Sarroch. Il progetto prevede l\u2019utilizzo di un elettrolizzatore da circa 20 MW alimentato esclusivamente da energia rinnovabile.","og_url":"https:\/\/www.sarlux.saras.it\/it\/le-sfide-della-transizione-energetica\/","og_site_name":"Sarlux Saras | Refining & Power","article_published_time":"2021-02-25T08:14:05+00:00","article_modified_time":"2021-05-25T07:54:29+00:00","og_image":[{"width":990,"height":450,"url":"https:\/\/www.sarlux.saras.it\/wp-content\/uploads\/2021\/02\/Saras-Sarlux-Enel-idrogeno-verde-evidenza-379.jpg","type":"image\/jpeg"}],"author":"newsarlux","twitter_card":"summary_large_image","twitter_misc":{"Scritto da":"newsarlux","Tempo di lettura stimato":"3 minuti"},"schema":{"@context":"https:\/\/schema.org","@graph":[{"@type":"Article","@id":"https:\/\/www.sarlux.saras.it\/it\/le-sfide-della-transizione-energetica\/#article","isPartOf":{"@id":"https:\/\/www.sarlux.saras.it\/it\/le-sfide-della-transizione-energetica\/"},"author":{"name":"newsarlux","@id":"https:\/\/www.sarlux.saras.it\/it\/#\/schema\/person\/c7561934b223f17087f8e08f41b37b83"},"headline":"Le sfide della transizione energetica","datePublished":"2021-02-25T08:14:05+00:00","dateModified":"2021-05-25T07:54:29+00:00","mainEntityOfPage":{"@id":"https:\/\/www.sarlux.saras.it\/it\/le-sfide-della-transizione-energetica\/"},"wordCount":806,"publisher":{"@id":"https:\/\/www.sarlux.saras.it\/it\/#organization"},"image":{"@id":"https:\/\/www.sarlux.saras.it\/it\/le-sfide-della-transizione-energetica\/#primaryimage"},"thumbnailUrl":"https:\/\/www.sarlux.saras.it\/wp-content\/uploads\/2021\/02\/Saras-Sarlux-Enel-idrogeno-verde-evidenza-379.jpg","keywords":["Ambiente","Cagliari","decarbonizzazione","Enel","energie rinnovabili","green deal","green power","Gruppo Saras","idrogeno","idrogeno verde","Impegno sociale","Innovazione","raffineria","Saras","sardegna","Sarlux","Sarroch","sostenibilit\u00e0","territorio"],"articleSection":["home","News"],"inLanguage":"it-IT"},{"@type":"WebPage","@id":"https:\/\/www.sarlux.saras.it\/it\/le-sfide-della-transizione-energetica\/","url":"https:\/\/www.sarlux.saras.it\/it\/le-sfide-della-transizione-energetica\/","name":"Le sfide della transizione energetica - Sarlux Saras | Refining & Power","isPartOf":{"@id":"https:\/\/www.sarlux.saras.it\/it\/#website"},"primaryImageOfPage":{"@id":"https:\/\/www.sarlux.saras.it\/it\/le-sfide-della-transizione-energetica\/#primaryimage"},"image":{"@id":"https:\/\/www.sarlux.saras.it\/it\/le-sfide-della-transizione-energetica\/#primaryimage"},"thumbnailUrl":"https:\/\/www.sarlux.saras.it\/wp-content\/uploads\/2021\/02\/Saras-Sarlux-Enel-idrogeno-verde-evidenza-379.jpg","datePublished":"2021-02-25T08:14:05+00:00","dateModified":"2021-05-25T07:54:29+00:00","breadcrumb":{"@id":"https:\/\/www.sarlux.saras.it\/it\/le-sfide-della-transizione-energetica\/#breadcrumb"},"inLanguage":"it-IT","potentialAction":[{"@type":"ReadAction","target":["https:\/\/www.sarlux.saras.it\/it\/le-sfide-della-transizione-energetica\/"]}]},{"@type":"ImageObject","inLanguage":"it-IT","@id":"https:\/\/www.sarlux.saras.it\/it\/le-sfide-della-transizione-energetica\/#primaryimage","url":"https:\/\/www.sarlux.saras.it\/wp-content\/uploads\/2021\/02\/Saras-Sarlux-Enel-idrogeno-verde-evidenza-379.jpg","contentUrl":"https:\/\/www.sarlux.saras.it\/wp-content\/uploads\/2021\/02\/Saras-Sarlux-Enel-idrogeno-verde-evidenza-379.jpg","width":990,"height":450},{"@type":"BreadcrumbList","@id":"https:\/\/www.sarlux.saras.it\/it\/le-sfide-della-transizione-energetica\/#breadcrumb","itemListElement":[{"@type":"ListItem","position":1,"name":"Home","item":"https:\/\/www.sarlux.saras.it\/it\/"},{"@type":"ListItem","position":2,"name":"Le sfide della transizione energetica"}]},{"@type":"WebSite","@id":"https:\/\/www.sarlux.saras.it\/it\/#website","url":"https:\/\/www.sarlux.saras.it\/it\/","name":"Sarlux","description":"","publisher":{"@id":"https:\/\/www.sarlux.saras.it\/it\/#organization"},"potentialAction":[{"@type":"SearchAction","target":{"@type":"EntryPoint","urlTemplate":"https:\/\/www.sarlux.saras.it\/it\/?s={search_term_string}"},"query-input":{"@type":"PropertyValueSpecification","valueRequired":true,"valueName":"search_term_string"}}],"inLanguage":"it-IT"},{"@type":"Organization","@id":"https:\/\/www.sarlux.saras.it\/it\/#organization","name":"Sarlux","url":"https:\/\/www.sarlux.saras.it\/it\/","logo":{"@type":"ImageObject","inLanguage":"it-IT","@id":"https:\/\/www.sarlux.saras.it\/it\/#\/schema\/logo\/image\/","url":"https:\/\/www.sarlux.saras.it\/wp-content\/uploads\/2017\/12\/logo-pc-1.png","contentUrl":"https:\/\/www.sarlux.saras.it\/wp-content\/uploads\/2017\/12\/logo-pc-1.png","width":184,"height":86,"caption":"Sarlux"},"image":{"@id":"https:\/\/www.sarlux.saras.it\/it\/#\/schema\/logo\/image\/"}},{"@type":"Person","@id":"https:\/\/www.sarlux.saras.it\/it\/#\/schema\/person\/c7561934b223f17087f8e08f41b37b83","name":"newsarlux","image":{"@type":"ImageObject","inLanguage":"it-IT","@id":"https:\/\/secure.gravatar.com\/avatar\/eb7f74d52340ebedd5480701fcdd6d2904abef8cdb3a51882f629f2dd32d610d?s=96&d=mm&r=g","url":"https:\/\/secure.gravatar.com\/avatar\/eb7f74d52340ebedd5480701fcdd6d2904abef8cdb3a51882f629f2dd32d610d?s=96&d=mm&r=g","contentUrl":"https:\/\/secure.gravatar.com\/avatar\/eb7f74d52340ebedd5480701fcdd6d2904abef8cdb3a51882f629f2dd32d610d?s=96&d=mm&r=g","caption":"newsarlux"},"url":""}]}},"_links":{"self":[{"href":"https:\/\/www.sarlux.saras.it\/it\/wp-json\/wp\/v2\/posts\/543129","targetHints":{"allow":["GET"]}}],"collection":[{"href":"https:\/\/www.sarlux.saras.it\/it\/wp-json\/wp\/v2\/posts"}],"about":[{"href":"https:\/\/www.sarlux.saras.it\/it\/wp-json\/wp\/v2\/types\/post"}],"author":[{"embeddable":true,"href":"https:\/\/www.sarlux.saras.it\/it\/wp-json\/wp\/v2\/users\/2"}],"replies":[{"embeddable":true,"href":"https:\/\/www.sarlux.saras.it\/it\/wp-json\/wp\/v2\/comments?post=543129"}],"version-history":[{"count":13,"href":"https:\/\/www.sarlux.saras.it\/it\/wp-json\/wp\/v2\/posts\/543129\/revisions"}],"predecessor-version":[{"id":543238,"href":"https:\/\/www.sarlux.saras.it\/it\/wp-json\/wp\/v2\/posts\/543129\/revisions\/543238"}],"wp:featuredmedia":[{"embeddable":true,"href":"https:\/\/www.sarlux.saras.it\/it\/wp-json\/wp\/v2\/media\/543132"}],"wp:attachment":[{"href":"https:\/\/www.sarlux.saras.it\/it\/wp-json\/wp\/v2\/media?parent=543129"}],"wp:term":[{"taxonomy":"category","embeddable":true,"href":"https:\/\/www.sarlux.saras.it\/it\/wp-json\/wp\/v2\/categories?post=543129"},{"taxonomy":"post_tag","embeddable":true,"href":"https:\/\/www.sarlux.saras.it\/it\/wp-json\/wp\/v2\/tags?post=543129"}],"curies":[{"name":"wp","href":"https:\/\/api.w.org\/{rel}","templated":true}]}}