{"id":543333,"date":"2021-06-14T07:26:45","date_gmt":"2021-06-14T07:26:45","guid":{"rendered":"https:\/\/www.sarlux.saras.it\/?p=543333"},"modified":"2021-06-14T09:14:27","modified_gmt":"2021-06-14T09:14:27","slug":"gruppo-saras-e-universita","status":"publish","type":"post","link":"https:\/\/www.sarlux.saras.it\/it\/gruppo-saras-e-universita\/","title":{"rendered":"Il Gruppo Saras e l\u2019Universit\u00e0"},"content":{"rendered":"<div class=\"wpb-content-wrapper\"><p>[vc_row][vc_column][vc_column_text]<\/p>\n<h4>Sviluppare innovazione<\/h4>\n<p>Saras, attraverso Sarlux e le altre societ\u00e0 del Gruppo, prosegue anche in questi mesi le attivit\u00e0 nell&#8217;ambito della <strong>responsabilit\u00e0 sociale di impresa <\/strong>e porta avanti lo\u00a0<strong>scambio di know-how con l\u2019Universit\u00e0 di Cagliari.<\/strong><\/p>\n<p>Partner di particolare interesse, dati gli obiettivi formativi e didattici, \u00e8 il\u00a0<strong>Dipartimento di Ingegneria meccanica, chimica e dei materiali<\/strong> della Facolt\u00e0 di Ingegneria con cui il Gruppo Saras organizza regolarmente, grazie alla collaborazione del direttore del Dipartimento professor Giacomo Cao, seminari, incontri, laboratori e tirocini.<\/p>\n<p>I seminari si stanno svolgendo online, data l\u2019impossibilit\u00e0 di organizzare incontri in presenza, e <strong>costituiscono un\u2019importante<\/strong> <strong>interazione<\/strong> <strong>tra Saras e l\u2019Universit\u00e0 che crea un valore aggiunto per gli studenti, il territorio, il mondo del lavoro e per l\u2019intera comunit\u00e0.<\/strong>[\/vc_column_text][vc_empty_space height=&#8221;16px&#8221;][\/vc_column][\/vc_row][vc_row][vc_column width=&#8221;1\/2&#8243;][vc_single_image image=&#8221;543346&#8243; img_size=&#8221;full&#8221;][\/vc_column][vc_column width=&#8221;1\/2&#8243;][vc_single_image image=&#8221;543348&#8243; img_size=&#8221;full&#8221;][\/vc_column][\/vc_row][vc_row][vc_column][vc_column_text]Durante il workshop, manager e ingegneri del Gruppo Saras hanno presentato la societ\u00e0: <strong>un sito industriale<\/strong> <strong>pienamente integrato <\/strong>tra raffinazione, produzione di energia e petrolchimica, che rappresenta <strong>un valore per il territorio in termini di crescita economica, sociale, cognitiva e ambientale<\/strong> e che, soprattutto, \u00e8 impegnato in un <strong>percorso di miglioramento continuo dei processi innovativi acquisiti<\/strong> nel pieno rispetto della sicurezza sul lavoro e della tutela dell\u2019ambiente secondo la continua applicazione dei <strong>migliori standard HSE<\/strong> (Salute, Sicurezza, Ambiente).<\/p>\n<p>L\u2019impegno continuo verso l\u2019eccellenza operativa \u00e8 comprovato dalle <a href=\"https:\/\/www.sarlux.saras.it\/it\/ambiente-certificazioni\/\"><strong>numerose certificazioni <\/strong><\/a>che il Gruppo Saras possiede.[\/vc_column_text][\/vc_column][\/vc_row][vc_row][vc_column][vc_empty_space height=&#8221;16px&#8221;][\/vc_column][\/vc_row][vc_row][vc_column width=&#8221;1\/3&#8243;][vc_single_image image=&#8221;543336&#8243; img_size=&#8221;full&#8221;][\/vc_column][vc_column width=&#8221;1\/3&#8243;][vc_single_image image=&#8221;543340&#8243; img_size=&#8221;full&#8221;][\/vc_column][vc_column width=&#8221;1\/3&#8243;][vc_single_image image=&#8221;543342&#8243; img_size=&#8221;full&#8221;][\/vc_column][\/vc_row][vc_row][vc_column][vc_empty_space height=&#8221;16px&#8221;][vc_column_text]<\/p>\n<h4>Verso la transizione energetica<\/h4>\n<p>Aspetto importante del workshop \u00e8 dato dalla <strong>presentazione delle innovazioni in corso<\/strong>, nelle societ\u00e0 del Gruppo, sui temi del <strong>risparmio energetico<\/strong> e della <strong>sostenibilit\u00e0 ambientale<\/strong>.<\/p>\n<p><strong>La <em>roadmap<\/em> del Gruppo Saras \u00e8 pienamente allineata al Green Deal europeo e al PNIEC nazionale<\/strong>.<\/p>\n<p>Il programma del Green Deal, definito dall\u2019Unione Europea, stabilisce le linee di intervento per raggiungere l\u2019obiettivo di emissioni nette di gas a effetto serra pari a zero entro il 2050 e il PNIEC (Piano Nazionale Integrato per l\u2019Energia e il Clima) definisce la strategia nazionale di medio\/lungo termine in materia di sviluppo economico sostenibile.[\/vc_column_text][\/vc_column][\/vc_row][vc_row][vc_column][vc_empty_space height=&#8221;16px&#8221;][\/vc_column][\/vc_row][vc_row][vc_column][vc_single_image image=&#8221;543334&#8243; img_size=&#8221;full&#8221;][\/vc_column][\/vc_row][vc_row][vc_column][vc_column_text]<\/p>\n<h4>Un futuro sostenibile<\/h4>\n<p><strong>\u00a0<\/strong>Nella direzione indicata dalle normative europee, il Gruppo Saras sviluppa innovazione in diversi progetti di evoluzione della raffineria:<\/p>\n<ul>\n<li>la produzione di <strong>biocarburanti attraverso il cosiddetto \u201cco-processing\u201d di oli vegetali grezzi<\/strong>, inviati in carica agli impianti di desolforazione gasolio, sfruttando le potenzialit\u00e0 esistenti degli impianti (senza necessit\u00e0 di interventi tecnologici), la disponibilit\u00e0 di idrogeno e razionalizzando la logistica<\/li>\n<li>la produzione di <strong>Green Hydrogen<\/strong>, che si aggiunger\u00e0 alla produzione di idrogeno \u201cgrey\u201d attualmente prodotto da IGCC e dai Reforming, <strong>prodotto da elettrolisi dell\u2019acqua tramite energia elettrica ottenuta da fonti rinnovabili<\/strong> (con coproduzione di ossigeno utilizzabile all\u2019IGCC) &#8211; accordo Saras &#8211; Enel Green Power (febbraio 2021)<\/li>\n<li>il progetto di <strong>Carbon Capture and permanent Storage<\/strong> (CSS) con l\u2019obiettivo di <strong><strong>una significativa riduzione delle emissioni di <\/strong>CO<sub style=\"font-weight: 400;\">2<\/sub>\u00a0<\/strong>perfettamente in linea con le migliori tecnologie suggerite dall\u2019Agenzia Internazionale dell\u2019Energia (IEA).<span class=\"Apple-converted-space\">\u00a0<\/span><\/li>\n<\/ul>\n<p>[\/vc_column_text][vc_empty_space height=&#8221;16px&#8221;][\/vc_column][\/vc_row][vc_row][vc_column][vc_empty_space height=&#8221;16px&#8221;][\/vc_column][\/vc_row][vc_row][vc_column width=&#8221;1\/2&#8243;][vc_single_image image=&#8221;543344&#8243; img_size=&#8221;full&#8221;][\/vc_column][vc_column width=&#8221;1\/2&#8243;][vc_single_image image=&#8221;543338&#8243; img_size=&#8221;full&#8221;][\/vc_column][\/vc_row][vc_row][vc_column][vc_column_text]<\/p>\n<h4>Conoscenze e competenze sono il nostro patrimonio<\/h4>\n<p>Per gli studenti le competenze tecniche e manageriali delle persone che operano nel Gruppo Saras <strong>rappresentano una porta sul mondo<\/strong> della produzione industriale proiettata verso il futuro.<\/p>\n<p>La qualit\u00e0 e la competenza dei nuovi laureati sono per le aziende un investimento che consente di affrontare le<strong> sfide future dell&#8217;innovazione, di incrementare efficienza e know how e di migliorare gli aspetti della sostenibilit\u00e0.<\/strong>[\/vc_column_text][\/vc_column][\/vc_row][vc_row][vc_column][vc_empty_space height=&#8221;16px&#8221;][\/vc_column][\/vc_row][vc_row][vc_column][vc_empty_space height=&#8221;16px&#8221;][vc_icon icon_fontawesome=&#8221;fa fa-cog&#8221; size=&#8221;sm&#8221; align=&#8221;center&#8221;][\/vc_column][\/vc_row][vc_row css=&#8221;.vc_custom_1590591711750{background-color: #f5f5f5 !important;}&#8221;][vc_column][vc_column_text css=&#8221;.vc_custom_1623344797654{margin-right: 30px !important;margin-bottom: 60px !important;margin-left: 30px !important;}&#8221;]<\/p>\n<h2><strong>Un interessante feedback<\/strong><\/h2>\n<p>&nbsp;<\/p>\n<blockquote><p><em>L\u2019incontro \u00e8 stato a mio avviso molto costruttivo, perch\u00e9 ha permesso a noi studenti di constatare con mano quale potrebbe essere il nostro futuro. Inoltre la scelta di inserire anche dei filmati illustrativi ha reso la presentazione molto interessante, in quanto almeno personalmente ho potuto vedere per la prima volta gli ambienti di lavoro di un ingegnere chimico. Infine il valore aggiunto a questo incontro \u00e8 stata sicuramente la loro capacit\u00e0 di chiarire dubbi e informarci in maniera chiara e semplice, ma ben concisa.<br \/>\n<\/em>Silvia<\/p><\/blockquote>\n<p>&nbsp;<\/p>\n<blockquote><p><em>Innanzitutto ho trovato la riunione estremamente interessante; in particolare uno dei momenti che mi ha colpito maggiormente \u00e8 stato quello concernente le politiche adottate in tema di sostenibilit\u00e0 ambientale, insieme ai progetti di ricerca in corso e i risultati raggiunti fino a oggi. Vedere come una societ\u00e0 che apparentemente si occupa esclusivamente della raffinazione del greggio, in realt\u00e0 punta anche su tanto altro \u00e8 stato davvero piacevole.<br \/>\n<\/em><em>Un altro aspetto molto interessante \u00e8 stato vedere quanto la figura dell\u2019ingegnere chimico sia versatile e non ricopra un ruolo specifico ma, appunto, pu\u00f2 aspirare a diversi a ruoli all\u2019interno di una societ\u00e0.<br \/>\n<\/em><em>Infine ci tengo a ribadire quanto l\u2019incontro sia stato stimolante. In questo momento infatti, a causa di tutta la situazione, credo di non essere l\u2019unico ad aver perso un po\u2019 di motivazione e realizzare che il percorso accademico e tutto ci\u00f2 che stiamo studiando ci porter\u00e0 a una realt\u00e0 dinamica e in cui ci si pu\u00f2 mettere in gioco, come quella che ci avete mostrato, \u00e8 stato di grande aiuto!<br \/>\n<\/em>Nicola<\/p><\/blockquote>\n<p>&nbsp;<\/p>\n<blockquote><p><em>La presentazione \u00e8 stata molto interessante. I relatori sono stati coinvolgenti e mi farebbe piacere avere l\u2019opportunit\u00e0 di partecipare ad altri approfondimenti e anche visitare lo stabilimento.<br \/>\n<\/em>Silvia<\/p><\/blockquote>\n<p>&nbsp;<\/p>\n<blockquote><p><em>Trovo che questa iniziativa sia stata molto interessante e importante per il nostro percorso formativo. Abbiamo avuto la possibilit\u00e0 di conoscere uno degli ambiti lavorativi in cui la figura dell\u2019ingegnere ha una particolare rilevanza. Gli ingegneri sono stati tutti particolarmente esaustivi, rivelandosi molto interessanti nella descrizione delle varie competenze dell\u2019azienda e degli ingegneri all\u2019interno di essa. A parer personale \u00e8 stata una esperienza molto positiva.<br \/>\n<\/em>Marco<\/p><\/blockquote>\n<p>[\/vc_column_text][vc_empty_space height=&#8221;60px&#8221;][\/vc_column][\/vc_row][vc_row][vc_column][vc_empty_space][vc_icon icon_fontawesome=&#8221;fa fa-cog&#8221; size=&#8221;sm&#8221; align=&#8221;center&#8221;][vc_single_image image=&#8221;542430&#8243; img_size=&#8221;full&#8221; el_class=&#8221;didascalia&#8221;][\/vc_column][\/vc_row][vc_row][vc_column][vc_icon icon_fontawesome=&#8221;fa fa-cog&#8221; size=&#8221;sm&#8221; align=&#8221;center&#8221;][vc_empty_space height=&#8221;16px&#8221;][vc_column_text]Il Gruppo Saras \u00e8 uno dei principali operatori europei nella raffinazione del petrolio ed \u00e8 attivo anche nel settore della produzione di energia elettrica. Direttamente e attraverso le proprie controllate, il Gruppo vende e distribuisce prodotti petroliferi nei mercati nazionali e internazionali. Inoltre, il Gruppo produce e vende energia elettrica attraverso le controllate Sarlux Srl (impianto IGCC) e Sardeolica Srl (parco eolico). Il Gruppo offre poi servizi di ingegneria industriale per il settore petrolifero, dell\u2019energia e dell\u2019ambiente attraverso la controllata Sartec Srl.[\/vc_column_text][vc_empty_space][\/vc_column][\/vc_row]<\/p>\n<\/div>","protected":false},"excerpt":{"rendered":"<p>Saras, attraverso Sarlux e le altre societ\u00e0 del Gruppo, prosegue anche in questi mesi nelle proprie attivit\u00e0 in ambito di\u00a0responsabilit\u00e0 sociale di impresa e porta avanti lo\u00a0scambio di know-how con il\u00a0Dipartimento di Ingegneria meccanica, chimica e dei materiali dell\u2019Universit\u00e0 di Cagliari.<\/p>\n","protected":false},"author":2,"featured_media":543348,"comment_status":"closed","ping_status":"open","sticky":false,"template":"","format":"standard","meta":{"_acf_changed":false,"inline_featured_image":false,"footnotes":""},"categories":[26,17],"tags":[374,35,135,97,29,120,53,126,65],"class_list":["post-543333","post","type-post","status-publish","format-standard","has-post-thumbnail","hentry","category-home-it","category-news","tag-cagliari","tag-educazione","tag-formazione","tag-gruppo-saras","tag-impegno-sociale","tag-lavoro","tag-sarlux","tag-sviluppo","tag-universita"],"acf":[],"yoast_head":"<!-- This site is optimized with the Yoast SEO plugin v27.3 - https:\/\/yoast.com\/product\/yoast-seo-wordpress\/ -->\n<title>Il Gruppo Saras e l\u2019Universit\u00e0 - Sarlux Saras | Refining &amp; Power<\/title>\n<meta name=\"robots\" content=\"index, follow, max-snippet:-1, max-image-preview:large, max-video-preview:-1\" \/>\n<link rel=\"canonical\" href=\"https:\/\/www.sarlux.saras.it\/it\/gruppo-saras-e-universita\/\" \/>\n<meta property=\"og:locale\" content=\"it_IT\" \/>\n<meta property=\"og:type\" content=\"article\" \/>\n<meta property=\"og:title\" content=\"Il Gruppo Saras e l\u2019Universit\u00e0 - Sarlux Saras | Refining &amp; Power\" \/>\n<meta property=\"og:description\" content=\"Saras, attraverso Sarlux e le altre societ\u00e0 del Gruppo, prosegue anche in questi mesi nelle proprie attivit\u00e0 in ambito di\u00a0responsabilit\u00e0 sociale di impresa e porta avanti lo\u00a0scambio di know-how con il\u00a0Dipartimento di Ingegneria meccanica, chimica e dei materiali dell\u2019Universit\u00e0 di Cagliari.\" \/>\n<meta property=\"og:url\" content=\"https:\/\/www.sarlux.saras.it\/it\/gruppo-saras-e-universita\/\" \/>\n<meta property=\"og:site_name\" content=\"Sarlux Saras | Refining &amp; Power\" \/>\n<meta property=\"article:published_time\" content=\"2021-06-14T07:26:45+00:00\" \/>\n<meta property=\"article:modified_time\" content=\"2021-06-14T09:14:27+00:00\" \/>\n<meta property=\"og:image\" content=\"https:\/\/www.sarlux.saras.it\/wp-content\/uploads\/2021\/06\/sarlux-saras-ingegneria-webinar-presentazione.jpg\" \/>\n\t<meta property=\"og:image:width\" content=\"990\" \/>\n\t<meta property=\"og:image:height\" content=\"482\" \/>\n\t<meta property=\"og:image:type\" content=\"image\/jpeg\" \/>\n<meta name=\"author\" content=\"newsarlux\" \/>\n<meta name=\"twitter:card\" content=\"summary_large_image\" \/>\n<meta name=\"twitter:label1\" content=\"Scritto da\" \/>\n\t<meta name=\"twitter:data1\" content=\"newsarlux\" \/>\n\t<meta name=\"twitter:label2\" content=\"Tempo di lettura stimato\" \/>\n\t<meta name=\"twitter:data2\" content=\"5 minuti\" \/>\n<script type=\"application\/ld+json\" class=\"yoast-schema-graph\">{\"@context\":\"https:\\\/\\\/schema.org\",\"@graph\":[{\"@type\":\"Article\",\"@id\":\"https:\\\/\\\/www.sarlux.saras.it\\\/it\\\/gruppo-saras-e-universita\\\/#article\",\"isPartOf\":{\"@id\":\"https:\\\/\\\/www.sarlux.saras.it\\\/it\\\/gruppo-saras-e-universita\\\/\"},\"author\":{\"name\":\"newsarlux\",\"@id\":\"https:\\\/\\\/www.sarlux.saras.it\\\/it\\\/#\\\/schema\\\/person\\\/c7561934b223f17087f8e08f41b37b83\"},\"headline\":\"Il Gruppo Saras e l\u2019Universit\u00e0\",\"datePublished\":\"2021-06-14T07:26:45+00:00\",\"dateModified\":\"2021-06-14T09:14:27+00:00\",\"mainEntityOfPage\":{\"@id\":\"https:\\\/\\\/www.sarlux.saras.it\\\/it\\\/gruppo-saras-e-universita\\\/\"},\"wordCount\":1347,\"publisher\":{\"@id\":\"https:\\\/\\\/www.sarlux.saras.it\\\/it\\\/#organization\"},\"image\":{\"@id\":\"https:\\\/\\\/www.sarlux.saras.it\\\/it\\\/gruppo-saras-e-universita\\\/#primaryimage\"},\"thumbnailUrl\":\"https:\\\/\\\/www.sarlux.saras.it\\\/wp-content\\\/uploads\\\/2021\\\/06\\\/sarlux-saras-ingegneria-webinar-presentazione.jpg\",\"keywords\":[\"Cagliari\",\"Educazione\",\"formazione\",\"Gruppo Saras\",\"Impegno sociale\",\"lavoro\",\"Sarlux\",\"sviluppo\",\"Universit\u00e0\"],\"articleSection\":[\"home\",\"News\"],\"inLanguage\":\"it-IT\"},{\"@type\":\"WebPage\",\"@id\":\"https:\\\/\\\/www.sarlux.saras.it\\\/it\\\/gruppo-saras-e-universita\\\/\",\"url\":\"https:\\\/\\\/www.sarlux.saras.it\\\/it\\\/gruppo-saras-e-universita\\\/\",\"name\":\"Il Gruppo Saras e l\u2019Universit\u00e0 - Sarlux Saras | Refining & Power\",\"isPartOf\":{\"@id\":\"https:\\\/\\\/www.sarlux.saras.it\\\/it\\\/#website\"},\"primaryImageOfPage\":{\"@id\":\"https:\\\/\\\/www.sarlux.saras.it\\\/it\\\/gruppo-saras-e-universita\\\/#primaryimage\"},\"image\":{\"@id\":\"https:\\\/\\\/www.sarlux.saras.it\\\/it\\\/gruppo-saras-e-universita\\\/#primaryimage\"},\"thumbnailUrl\":\"https:\\\/\\\/www.sarlux.saras.it\\\/wp-content\\\/uploads\\\/2021\\\/06\\\/sarlux-saras-ingegneria-webinar-presentazione.jpg\",\"datePublished\":\"2021-06-14T07:26:45+00:00\",\"dateModified\":\"2021-06-14T09:14:27+00:00\",\"breadcrumb\":{\"@id\":\"https:\\\/\\\/www.sarlux.saras.it\\\/it\\\/gruppo-saras-e-universita\\\/#breadcrumb\"},\"inLanguage\":\"it-IT\",\"potentialAction\":[{\"@type\":\"ReadAction\",\"target\":[\"https:\\\/\\\/www.sarlux.saras.it\\\/it\\\/gruppo-saras-e-universita\\\/\"]}]},{\"@type\":\"ImageObject\",\"inLanguage\":\"it-IT\",\"@id\":\"https:\\\/\\\/www.sarlux.saras.it\\\/it\\\/gruppo-saras-e-universita\\\/#primaryimage\",\"url\":\"https:\\\/\\\/www.sarlux.saras.it\\\/wp-content\\\/uploads\\\/2021\\\/06\\\/sarlux-saras-ingegneria-webinar-presentazione.jpg\",\"contentUrl\":\"https:\\\/\\\/www.sarlux.saras.it\\\/wp-content\\\/uploads\\\/2021\\\/06\\\/sarlux-saras-ingegneria-webinar-presentazione.jpg\",\"width\":990,\"height\":482},{\"@type\":\"BreadcrumbList\",\"@id\":\"https:\\\/\\\/www.sarlux.saras.it\\\/it\\\/gruppo-saras-e-universita\\\/#breadcrumb\",\"itemListElement\":[{\"@type\":\"ListItem\",\"position\":1,\"name\":\"Home\",\"item\":\"https:\\\/\\\/www.sarlux.saras.it\\\/it\\\/\"},{\"@type\":\"ListItem\",\"position\":2,\"name\":\"Il Gruppo Saras e l\u2019Universit\u00e0\"}]},{\"@type\":\"WebSite\",\"@id\":\"https:\\\/\\\/www.sarlux.saras.it\\\/it\\\/#website\",\"url\":\"https:\\\/\\\/www.sarlux.saras.it\\\/it\\\/\",\"name\":\"Sarlux\",\"description\":\"\",\"publisher\":{\"@id\":\"https:\\\/\\\/www.sarlux.saras.it\\\/it\\\/#organization\"},\"potentialAction\":[{\"@type\":\"SearchAction\",\"target\":{\"@type\":\"EntryPoint\",\"urlTemplate\":\"https:\\\/\\\/www.sarlux.saras.it\\\/it\\\/?s={search_term_string}\"},\"query-input\":{\"@type\":\"PropertyValueSpecification\",\"valueRequired\":true,\"valueName\":\"search_term_string\"}}],\"inLanguage\":\"it-IT\"},{\"@type\":\"Organization\",\"@id\":\"https:\\\/\\\/www.sarlux.saras.it\\\/it\\\/#organization\",\"name\":\"Sarlux\",\"url\":\"https:\\\/\\\/www.sarlux.saras.it\\\/it\\\/\",\"logo\":{\"@type\":\"ImageObject\",\"inLanguage\":\"it-IT\",\"@id\":\"https:\\\/\\\/www.sarlux.saras.it\\\/it\\\/#\\\/schema\\\/logo\\\/image\\\/\",\"url\":\"https:\\\/\\\/www.sarlux.saras.it\\\/wp-content\\\/uploads\\\/2017\\\/12\\\/logo-pc-1.png\",\"contentUrl\":\"https:\\\/\\\/www.sarlux.saras.it\\\/wp-content\\\/uploads\\\/2017\\\/12\\\/logo-pc-1.png\",\"width\":184,\"height\":86,\"caption\":\"Sarlux\"},\"image\":{\"@id\":\"https:\\\/\\\/www.sarlux.saras.it\\\/it\\\/#\\\/schema\\\/logo\\\/image\\\/\"}},{\"@type\":\"Person\",\"@id\":\"https:\\\/\\\/www.sarlux.saras.it\\\/it\\\/#\\\/schema\\\/person\\\/c7561934b223f17087f8e08f41b37b83\",\"name\":\"newsarlux\",\"image\":{\"@type\":\"ImageObject\",\"inLanguage\":\"it-IT\",\"@id\":\"https:\\\/\\\/secure.gravatar.com\\\/avatar\\\/eb7f74d52340ebedd5480701fcdd6d2904abef8cdb3a51882f629f2dd32d610d?s=96&d=mm&r=g\",\"url\":\"https:\\\/\\\/secure.gravatar.com\\\/avatar\\\/eb7f74d52340ebedd5480701fcdd6d2904abef8cdb3a51882f629f2dd32d610d?s=96&d=mm&r=g\",\"contentUrl\":\"https:\\\/\\\/secure.gravatar.com\\\/avatar\\\/eb7f74d52340ebedd5480701fcdd6d2904abef8cdb3a51882f629f2dd32d610d?s=96&d=mm&r=g\",\"caption\":\"newsarlux\"},\"url\":\"\"}]}<\/script>\n<!-- \/ Yoast SEO plugin. -->","yoast_head_json":{"title":"Il Gruppo Saras e l\u2019Universit\u00e0 - Sarlux Saras | Refining & Power","robots":{"index":"index","follow":"follow","max-snippet":"max-snippet:-1","max-image-preview":"max-image-preview:large","max-video-preview":"max-video-preview:-1"},"canonical":"https:\/\/www.sarlux.saras.it\/it\/gruppo-saras-e-universita\/","og_locale":"it_IT","og_type":"article","og_title":"Il Gruppo Saras e l\u2019Universit\u00e0 - Sarlux Saras | Refining & Power","og_description":"Saras, attraverso Sarlux e le altre societ\u00e0 del Gruppo, prosegue anche in questi mesi nelle proprie attivit\u00e0 in ambito di\u00a0responsabilit\u00e0 sociale di impresa e porta avanti lo\u00a0scambio di know-how con il\u00a0Dipartimento di Ingegneria meccanica, chimica e dei materiali dell\u2019Universit\u00e0 di Cagliari.","og_url":"https:\/\/www.sarlux.saras.it\/it\/gruppo-saras-e-universita\/","og_site_name":"Sarlux Saras | Refining & Power","article_published_time":"2021-06-14T07:26:45+00:00","article_modified_time":"2021-06-14T09:14:27+00:00","og_image":[{"width":990,"height":482,"url":"https:\/\/www.sarlux.saras.it\/wp-content\/uploads\/2021\/06\/sarlux-saras-ingegneria-webinar-presentazione.jpg","type":"image\/jpeg"}],"author":"newsarlux","twitter_card":"summary_large_image","twitter_misc":{"Scritto da":"newsarlux","Tempo di lettura stimato":"5 minuti"},"schema":{"@context":"https:\/\/schema.org","@graph":[{"@type":"Article","@id":"https:\/\/www.sarlux.saras.it\/it\/gruppo-saras-e-universita\/#article","isPartOf":{"@id":"https:\/\/www.sarlux.saras.it\/it\/gruppo-saras-e-universita\/"},"author":{"name":"newsarlux","@id":"https:\/\/www.sarlux.saras.it\/it\/#\/schema\/person\/c7561934b223f17087f8e08f41b37b83"},"headline":"Il Gruppo Saras e l\u2019Universit\u00e0","datePublished":"2021-06-14T07:26:45+00:00","dateModified":"2021-06-14T09:14:27+00:00","mainEntityOfPage":{"@id":"https:\/\/www.sarlux.saras.it\/it\/gruppo-saras-e-universita\/"},"wordCount":1347,"publisher":{"@id":"https:\/\/www.sarlux.saras.it\/it\/#organization"},"image":{"@id":"https:\/\/www.sarlux.saras.it\/it\/gruppo-saras-e-universita\/#primaryimage"},"thumbnailUrl":"https:\/\/www.sarlux.saras.it\/wp-content\/uploads\/2021\/06\/sarlux-saras-ingegneria-webinar-presentazione.jpg","keywords":["Cagliari","Educazione","formazione","Gruppo Saras","Impegno sociale","lavoro","Sarlux","sviluppo","Universit\u00e0"],"articleSection":["home","News"],"inLanguage":"it-IT"},{"@type":"WebPage","@id":"https:\/\/www.sarlux.saras.it\/it\/gruppo-saras-e-universita\/","url":"https:\/\/www.sarlux.saras.it\/it\/gruppo-saras-e-universita\/","name":"Il Gruppo Saras e l\u2019Universit\u00e0 - Sarlux Saras | Refining & Power","isPartOf":{"@id":"https:\/\/www.sarlux.saras.it\/it\/#website"},"primaryImageOfPage":{"@id":"https:\/\/www.sarlux.saras.it\/it\/gruppo-saras-e-universita\/#primaryimage"},"image":{"@id":"https:\/\/www.sarlux.saras.it\/it\/gruppo-saras-e-universita\/#primaryimage"},"thumbnailUrl":"https:\/\/www.sarlux.saras.it\/wp-content\/uploads\/2021\/06\/sarlux-saras-ingegneria-webinar-presentazione.jpg","datePublished":"2021-06-14T07:26:45+00:00","dateModified":"2021-06-14T09:14:27+00:00","breadcrumb":{"@id":"https:\/\/www.sarlux.saras.it\/it\/gruppo-saras-e-universita\/#breadcrumb"},"inLanguage":"it-IT","potentialAction":[{"@type":"ReadAction","target":["https:\/\/www.sarlux.saras.it\/it\/gruppo-saras-e-universita\/"]}]},{"@type":"ImageObject","inLanguage":"it-IT","@id":"https:\/\/www.sarlux.saras.it\/it\/gruppo-saras-e-universita\/#primaryimage","url":"https:\/\/www.sarlux.saras.it\/wp-content\/uploads\/2021\/06\/sarlux-saras-ingegneria-webinar-presentazione.jpg","contentUrl":"https:\/\/www.sarlux.saras.it\/wp-content\/uploads\/2021\/06\/sarlux-saras-ingegneria-webinar-presentazione.jpg","width":990,"height":482},{"@type":"BreadcrumbList","@id":"https:\/\/www.sarlux.saras.it\/it\/gruppo-saras-e-universita\/#breadcrumb","itemListElement":[{"@type":"ListItem","position":1,"name":"Home","item":"https:\/\/www.sarlux.saras.it\/it\/"},{"@type":"ListItem","position":2,"name":"Il Gruppo Saras e l\u2019Universit\u00e0"}]},{"@type":"WebSite","@id":"https:\/\/www.sarlux.saras.it\/it\/#website","url":"https:\/\/www.sarlux.saras.it\/it\/","name":"Sarlux","description":"","publisher":{"@id":"https:\/\/www.sarlux.saras.it\/it\/#organization"},"potentialAction":[{"@type":"SearchAction","target":{"@type":"EntryPoint","urlTemplate":"https:\/\/www.sarlux.saras.it\/it\/?s={search_term_string}"},"query-input":{"@type":"PropertyValueSpecification","valueRequired":true,"valueName":"search_term_string"}}],"inLanguage":"it-IT"},{"@type":"Organization","@id":"https:\/\/www.sarlux.saras.it\/it\/#organization","name":"Sarlux","url":"https:\/\/www.sarlux.saras.it\/it\/","logo":{"@type":"ImageObject","inLanguage":"it-IT","@id":"https:\/\/www.sarlux.saras.it\/it\/#\/schema\/logo\/image\/","url":"https:\/\/www.sarlux.saras.it\/wp-content\/uploads\/2017\/12\/logo-pc-1.png","contentUrl":"https:\/\/www.sarlux.saras.it\/wp-content\/uploads\/2017\/12\/logo-pc-1.png","width":184,"height":86,"caption":"Sarlux"},"image":{"@id":"https:\/\/www.sarlux.saras.it\/it\/#\/schema\/logo\/image\/"}},{"@type":"Person","@id":"https:\/\/www.sarlux.saras.it\/it\/#\/schema\/person\/c7561934b223f17087f8e08f41b37b83","name":"newsarlux","image":{"@type":"ImageObject","inLanguage":"it-IT","@id":"https:\/\/secure.gravatar.com\/avatar\/eb7f74d52340ebedd5480701fcdd6d2904abef8cdb3a51882f629f2dd32d610d?s=96&d=mm&r=g","url":"https:\/\/secure.gravatar.com\/avatar\/eb7f74d52340ebedd5480701fcdd6d2904abef8cdb3a51882f629f2dd32d610d?s=96&d=mm&r=g","contentUrl":"https:\/\/secure.gravatar.com\/avatar\/eb7f74d52340ebedd5480701fcdd6d2904abef8cdb3a51882f629f2dd32d610d?s=96&d=mm&r=g","caption":"newsarlux"},"url":""}]}},"_links":{"self":[{"href":"https:\/\/www.sarlux.saras.it\/it\/wp-json\/wp\/v2\/posts\/543333","targetHints":{"allow":["GET"]}}],"collection":[{"href":"https:\/\/www.sarlux.saras.it\/it\/wp-json\/wp\/v2\/posts"}],"about":[{"href":"https:\/\/www.sarlux.saras.it\/it\/wp-json\/wp\/v2\/types\/post"}],"author":[{"embeddable":true,"href":"https:\/\/www.sarlux.saras.it\/it\/wp-json\/wp\/v2\/users\/2"}],"replies":[{"embeddable":true,"href":"https:\/\/www.sarlux.saras.it\/it\/wp-json\/wp\/v2\/comments?post=543333"}],"version-history":[{"count":2,"href":"https:\/\/www.sarlux.saras.it\/it\/wp-json\/wp\/v2\/posts\/543333\/revisions"}],"predecessor-version":[{"id":543356,"href":"https:\/\/www.sarlux.saras.it\/it\/wp-json\/wp\/v2\/posts\/543333\/revisions\/543356"}],"wp:featuredmedia":[{"embeddable":true,"href":"https:\/\/www.sarlux.saras.it\/it\/wp-json\/wp\/v2\/media\/543348"}],"wp:attachment":[{"href":"https:\/\/www.sarlux.saras.it\/it\/wp-json\/wp\/v2\/media?parent=543333"}],"wp:term":[{"taxonomy":"category","embeddable":true,"href":"https:\/\/www.sarlux.saras.it\/it\/wp-json\/wp\/v2\/categories?post=543333"},{"taxonomy":"post_tag","embeddable":true,"href":"https:\/\/www.sarlux.saras.it\/it\/wp-json\/wp\/v2\/tags?post=543333"}],"curies":[{"name":"wp","href":"https:\/\/api.w.org\/{rel}","templated":true}]}}