{"id":543559,"date":"2021-07-13T07:07:03","date_gmt":"2021-07-13T07:07:03","guid":{"rendered":"https:\/\/www.sarlux.saras.it\/?p=543559"},"modified":"2021-07-15T13:54:43","modified_gmt":"2021-07-15T13:54:43","slug":"saras-a-optimize-2021","status":"publish","type":"post","link":"https:\/\/www.sarlux.saras.it\/it\/saras-a-optimize-2021\/","title":{"rendered":"Saras partecipa a OPTIMIZE 2021"},"content":{"rendered":"<div class=\"wpb-content-wrapper\"><p>[vc_row][vc_column][vc_column_text]Il Gruppo Saras lavora ogni giorno per creare valore sostenibile in un percorso di trasformazione continua che sviluppa innovazione e che si avvale delle migliori partnership internazionali.<\/p>\n<p>Le\u00a0<strong>competenze e gli elevati standard professionali delle persone che lavorano nel Gruppo<\/strong> sono le fondamenta della performance che, insieme all\u2019adozione delle\u00a0<strong>moderne tecnologie digitali e all\u2019innovazione dei processi<\/strong>\u00a0lungo tutta la supply chain, rendono il\u00a0<strong>Gruppo Saras uno dei riferimenti nel settore della raffinazione e importante player dell\u2019energia <\/strong>nel bacino del Mediterraneo.[\/vc_column_text][vc_empty_space height=&#8221;16px&#8221;][\/vc_column][\/vc_row][vc_row][vc_column width=&#8221;1\/2&#8243;][vc_single_image image=&#8221;543565&#8243; img_size=&#8221;full&#8221;][\/vc_column][vc_column width=&#8221;1\/2&#8243;][vc_single_image image=&#8221;543567&#8243; img_size=&#8221;full&#8221;][\/vc_column][\/vc_row][vc_row][vc_column][vc_empty_space height=&#8221;16px&#8221;][vc_column_text]<strong>OPTIMIZE 2021 \u00e8 il principale evento globale, organizzato da Aspentech, sull&#8217;innovazione digitale,<\/strong> dedicato alle aziende leader in settori tecnologicamente avanzati, che hanno la necessit\u00e0 di accelerare il percorso di digitalizzazione in risposta alla &#8220;nuova normalit\u00e0&#8221; della variazione dei mercati in brevi periodi.<\/p>\n<p>Questo evento condivide le migliori pratiche e soluzioni innovative per raggiungere\u00a0 livelli di eccellenza operativa, gestendo le risorse in modo pi\u00f9 sicuro, pi\u00f9 ecologico, pi\u00f9 veloce, a prescindere dalle condizioni di mercato.[\/vc_column_text][vc_empty_space height=&#8221;16px&#8221;][\/vc_column][\/vc_row][vc_row][vc_column width=&#8221;1\/2&#8243;][vc_single_image image=&#8221;543561&#8243; img_size=&#8221;full&#8221;][\/vc_column][vc_column width=&#8221;1\/2&#8243;][vc_single_image image=&#8221;543563&#8243; img_size=&#8221;full&#8221;][\/vc_column][\/vc_row][vc_row][vc_column][vc_empty_space height=&#8221;16px&#8221;][vc_column_text]All&#8217;evento OPTIMIZE 2021 il<strong> Gruppo<\/strong> ha contribuito con <strong>la partecipazione<\/strong> a due workshop: <strong>\u201cFostering Diverse and Inclusive Communities Across the Process Industries\u201d<\/strong> &#8211;\u00a0Key Industry Topic, Diversity Equality &amp; Inclusion, organizzata da AspenTech\u2019s Women\u2019s Leadership Forum e<strong> &#8220;Asset Performance Management&#8221;<\/strong>.<\/p>\n<p>Al primo panel erano presenti <strong> la Head of ICT del Gruppo Saras<\/strong> e<strong> la Head of Business Analytics Sardeolica<\/strong>, le due manager hanno illustrato la loro esperienza di lavoro all\u2019interno delle<strong> industrie di processo<\/strong> sottolineando la <strong>crescente specializzazione femminile in ambiti<\/strong>, come<strong> l&#8217;ingegneria industriale e l&#8217;informatica, <\/strong>in precedenza\u00a0 prevalentemente maschili. Questa tendenza in atto,\u00a0 consente alle donne, anche in questi settori, di raggiungere e occupare posizioni di alto livello, quindi dirigere e gestire processi di innovazione digitale e tecnologica.[\/vc_column_text][vc_empty_space height=&#8221;16px&#8221;][\/vc_column][\/vc_row][vc_row][vc_column][vc_single_image image=&#8221;543569&#8243; img_size=&#8221;full&#8221;][\/vc_column][\/vc_row][vc_row][vc_column][vc_empty_space height=&#8221;16px&#8221;][vc_column_text]Infine all\u2019interno della sessione<strong>\u00a0&#8220;Asset Performance Management&#8221;<\/strong> la <strong>Head of Business Analytics Sardeolica<\/strong> ha presentato il progetto <strong><em>\u201cThe Digitalization Journey of Sardeolica Wind Farm\u201d<\/em>\u00a0<\/strong> finalizzato a <strong>una maggiore efficienza dei processi di produzione attraverso l&#8217;innovazione digitale.<\/strong><\/p>\n<p><strong>Il progetto,<\/strong> <strong>sviluppato da\u00a0 Sardeolica e Aspentech<\/strong>,<strong> prevede <\/strong>\u2013 per la prima volta in questo settore \u2013<strong> l\u2019applicazione alle turbine del parco eolico del software Aspen Mtell<\/strong>\u00ae<strong>.<\/strong> Questo innovativo\u00a0 software consente di individuare anomalie degli aerogeneratori, quindi\u00a0 prevenire guasti\u00a0 che si possono verificare con frequenza soprattutto in periodi di forte vento e causano lunghi tempi di fermo ed elevate perdite di produzione.<\/p>\n<p>Sardeolica produce energia elettrica da fonti rinnovabili dal 2005, il parco eolico \u00e8 composto da 57 aerogeneratori, per una potenza complessiva di 126 MW e un rendimento energetico annuo di circa 250 GWh.[\/vc_column_text][\/vc_column][\/vc_row][vc_row][vc_column][vc_icon icon_fontawesome=&#8221;fa fa-cog&#8221; size=&#8221;sm&#8221; align=&#8221;center&#8221;][vc_empty_space height=&#8221;16px&#8221;][vc_column_text]<span style=\"font-size: 16px;\">Il Gruppo Saras \u00e8 uno dei principali operatori europei nella raffinazione del petrolio ed \u00e8 attivo anche nel settore della produzione di energia elettrica. Direttamente e attraverso le proprie controllate, il Gruppo vende e distribuisce prodotti petroliferi nei mercati nazionali e internazionali. Inoltre, il Gruppo produce e vende energia elettrica attraverso le controllate Sarlux Srl (impianto IGCC) e Sardeolica Srl (parco eolico). Il Gruppo offre poi servizi di ingegneria industriale per il settore petrolifero, dell\u2019energia e dell\u2019ambiente attraverso la controllata Sartec Srl.<\/span>[\/vc_column_text][vc_empty_space][\/vc_column][\/vc_row]<\/p>\n<\/div>","protected":false},"excerpt":{"rendered":"<p>Il Gruppo ha partecipato in OPTIMIZE 2021 alla \u201cFostering Diverse and Inclusive Communities Across the Process Industries\u201d , Key Industry Topic, Diversity Equality &#038; Inclusion , organizzata da AspenTech\u2019s Women\u2019s Leadership Forum per aumentare la rappresentanza delle donne nei ruoli di leadership.<\/p>\n","protected":false},"author":2,"featured_media":543565,"comment_status":"closed","ping_status":"open","sticky":false,"template":"","format":"standard","meta":{"_acf_changed":false,"inline_featured_image":false,"footnotes":""},"categories":[26,17],"tags":[44,410,138,319,316,97,29,47,82,32,50,105,322,53,71,325],"class_list":["post-543559","post","type-post","status-publish","format-standard","has-post-thumbnail","hentry","category-home-it","category-news","tag-digitalsaras","tag-big-data","tag-cultura","tag-energia-eolica","tag-energie-rinnovabili","tag-gruppo-saras","tag-impegno-sociale","tag-industria-4-0","tag-innovazione","tag-le-nostre-persone","tag-saras","tag-sardegna","tag-sardeolica","tag-sarlux","tag-sarroch","tag-ulassai"],"acf":[],"yoast_head":"<!-- This site is optimized with the Yoast SEO plugin v27.3 - https:\/\/yoast.com\/product\/yoast-seo-wordpress\/ -->\n<title>Saras partecipa a OPTIMIZE 2021 - Sarlux Saras | Refining &amp; Power<\/title>\n<meta name=\"robots\" content=\"index, follow, max-snippet:-1, max-image-preview:large, max-video-preview:-1\" \/>\n<link rel=\"canonical\" href=\"https:\/\/www.sarlux.saras.it\/it\/saras-a-optimize-2021\/\" \/>\n<meta property=\"og:locale\" content=\"it_IT\" \/>\n<meta property=\"og:type\" content=\"article\" \/>\n<meta property=\"og:title\" content=\"Saras partecipa a OPTIMIZE 2021 - Sarlux Saras | Refining &amp; Power\" \/>\n<meta property=\"og:description\" content=\"Il Gruppo ha partecipato in OPTIMIZE 2021 alla \u201cFostering Diverse and Inclusive Communities Across the Process Industries\u201d , Key Industry Topic, Diversity Equality &amp; Inclusion , organizzata da AspenTech\u2019s Women\u2019s Leadership Forum per aumentare la rappresentanza delle donne nei ruoli di leadership.\" \/>\n<meta property=\"og:url\" content=\"https:\/\/www.sarlux.saras.it\/it\/saras-a-optimize-2021\/\" \/>\n<meta property=\"og:site_name\" content=\"Sarlux Saras | Refining &amp; Power\" \/>\n<meta property=\"article:published_time\" content=\"2021-07-13T07:07:03+00:00\" \/>\n<meta property=\"article:modified_time\" content=\"2021-07-15T13:54:43+00:00\" \/>\n<meta property=\"og:image\" content=\"https:\/\/www.sarlux.saras.it\/wp-content\/uploads\/2021\/07\/Saras-Sardeolica-Sarlux-Optimize-2021.jpg\" \/>\n\t<meta property=\"og:image:width\" content=\"990\" \/>\n\t<meta property=\"og:image:height\" content=\"450\" \/>\n\t<meta property=\"og:image:type\" content=\"image\/jpeg\" \/>\n<meta name=\"author\" content=\"newsarlux\" \/>\n<meta name=\"twitter:card\" content=\"summary_large_image\" \/>\n<meta name=\"twitter:label1\" content=\"Scritto da\" \/>\n\t<meta name=\"twitter:data1\" content=\"newsarlux\" \/>\n\t<meta name=\"twitter:label2\" content=\"Tempo di lettura stimato\" \/>\n\t<meta name=\"twitter:data2\" content=\"3 minuti\" \/>\n<script type=\"application\/ld+json\" class=\"yoast-schema-graph\">{\"@context\":\"https:\\\/\\\/schema.org\",\"@graph\":[{\"@type\":\"Article\",\"@id\":\"https:\\\/\\\/www.sarlux.saras.it\\\/it\\\/saras-a-optimize-2021\\\/#article\",\"isPartOf\":{\"@id\":\"https:\\\/\\\/www.sarlux.saras.it\\\/it\\\/saras-a-optimize-2021\\\/\"},\"author\":{\"name\":\"newsarlux\",\"@id\":\"https:\\\/\\\/www.sarlux.saras.it\\\/it\\\/#\\\/schema\\\/person\\\/c7561934b223f17087f8e08f41b37b83\"},\"headline\":\"Saras partecipa a OPTIMIZE 2021\",\"datePublished\":\"2021-07-13T07:07:03+00:00\",\"dateModified\":\"2021-07-15T13:54:43+00:00\",\"mainEntityOfPage\":{\"@id\":\"https:\\\/\\\/www.sarlux.saras.it\\\/it\\\/saras-a-optimize-2021\\\/\"},\"wordCount\":677,\"publisher\":{\"@id\":\"https:\\\/\\\/www.sarlux.saras.it\\\/it\\\/#organization\"},\"image\":{\"@id\":\"https:\\\/\\\/www.sarlux.saras.it\\\/it\\\/saras-a-optimize-2021\\\/#primaryimage\"},\"thumbnailUrl\":\"https:\\\/\\\/www.sarlux.saras.it\\\/wp-content\\\/uploads\\\/2021\\\/07\\\/Saras-Sardeolica-Sarlux-Optimize-2021.jpg\",\"keywords\":[\"#digitalsaras\",\"big data\",\"cultura\",\"energia eolica\",\"energie rinnovabili\",\"Gruppo Saras\",\"Impegno sociale\",\"industria 4.0\",\"Innovazione\",\"Le nostre persone\",\"Saras\",\"sardegna\",\"Sardeolica\",\"Sarlux\",\"Sarroch\",\"Ulassai\"],\"articleSection\":[\"home\",\"News\"],\"inLanguage\":\"it-IT\"},{\"@type\":\"WebPage\",\"@id\":\"https:\\\/\\\/www.sarlux.saras.it\\\/it\\\/saras-a-optimize-2021\\\/\",\"url\":\"https:\\\/\\\/www.sarlux.saras.it\\\/it\\\/saras-a-optimize-2021\\\/\",\"name\":\"Saras partecipa a OPTIMIZE 2021 - Sarlux Saras | Refining & Power\",\"isPartOf\":{\"@id\":\"https:\\\/\\\/www.sarlux.saras.it\\\/it\\\/#website\"},\"primaryImageOfPage\":{\"@id\":\"https:\\\/\\\/www.sarlux.saras.it\\\/it\\\/saras-a-optimize-2021\\\/#primaryimage\"},\"image\":{\"@id\":\"https:\\\/\\\/www.sarlux.saras.it\\\/it\\\/saras-a-optimize-2021\\\/#primaryimage\"},\"thumbnailUrl\":\"https:\\\/\\\/www.sarlux.saras.it\\\/wp-content\\\/uploads\\\/2021\\\/07\\\/Saras-Sardeolica-Sarlux-Optimize-2021.jpg\",\"datePublished\":\"2021-07-13T07:07:03+00:00\",\"dateModified\":\"2021-07-15T13:54:43+00:00\",\"breadcrumb\":{\"@id\":\"https:\\\/\\\/www.sarlux.saras.it\\\/it\\\/saras-a-optimize-2021\\\/#breadcrumb\"},\"inLanguage\":\"it-IT\",\"potentialAction\":[{\"@type\":\"ReadAction\",\"target\":[\"https:\\\/\\\/www.sarlux.saras.it\\\/it\\\/saras-a-optimize-2021\\\/\"]}]},{\"@type\":\"ImageObject\",\"inLanguage\":\"it-IT\",\"@id\":\"https:\\\/\\\/www.sarlux.saras.it\\\/it\\\/saras-a-optimize-2021\\\/#primaryimage\",\"url\":\"https:\\\/\\\/www.sarlux.saras.it\\\/wp-content\\\/uploads\\\/2021\\\/07\\\/Saras-Sardeolica-Sarlux-Optimize-2021.jpg\",\"contentUrl\":\"https:\\\/\\\/www.sarlux.saras.it\\\/wp-content\\\/uploads\\\/2021\\\/07\\\/Saras-Sardeolica-Sarlux-Optimize-2021.jpg\",\"width\":990,\"height\":450},{\"@type\":\"BreadcrumbList\",\"@id\":\"https:\\\/\\\/www.sarlux.saras.it\\\/it\\\/saras-a-optimize-2021\\\/#breadcrumb\",\"itemListElement\":[{\"@type\":\"ListItem\",\"position\":1,\"name\":\"Home\",\"item\":\"https:\\\/\\\/www.sarlux.saras.it\\\/it\\\/\"},{\"@type\":\"ListItem\",\"position\":2,\"name\":\"Saras partecipa a OPTIMIZE 2021\"}]},{\"@type\":\"WebSite\",\"@id\":\"https:\\\/\\\/www.sarlux.saras.it\\\/it\\\/#website\",\"url\":\"https:\\\/\\\/www.sarlux.saras.it\\\/it\\\/\",\"name\":\"Sarlux\",\"description\":\"\",\"publisher\":{\"@id\":\"https:\\\/\\\/www.sarlux.saras.it\\\/it\\\/#organization\"},\"potentialAction\":[{\"@type\":\"SearchAction\",\"target\":{\"@type\":\"EntryPoint\",\"urlTemplate\":\"https:\\\/\\\/www.sarlux.saras.it\\\/it\\\/?s={search_term_string}\"},\"query-input\":{\"@type\":\"PropertyValueSpecification\",\"valueRequired\":true,\"valueName\":\"search_term_string\"}}],\"inLanguage\":\"it-IT\"},{\"@type\":\"Organization\",\"@id\":\"https:\\\/\\\/www.sarlux.saras.it\\\/it\\\/#organization\",\"name\":\"Sarlux\",\"url\":\"https:\\\/\\\/www.sarlux.saras.it\\\/it\\\/\",\"logo\":{\"@type\":\"ImageObject\",\"inLanguage\":\"it-IT\",\"@id\":\"https:\\\/\\\/www.sarlux.saras.it\\\/it\\\/#\\\/schema\\\/logo\\\/image\\\/\",\"url\":\"https:\\\/\\\/www.sarlux.saras.it\\\/wp-content\\\/uploads\\\/2017\\\/12\\\/logo-pc-1.png\",\"contentUrl\":\"https:\\\/\\\/www.sarlux.saras.it\\\/wp-content\\\/uploads\\\/2017\\\/12\\\/logo-pc-1.png\",\"width\":184,\"height\":86,\"caption\":\"Sarlux\"},\"image\":{\"@id\":\"https:\\\/\\\/www.sarlux.saras.it\\\/it\\\/#\\\/schema\\\/logo\\\/image\\\/\"}},{\"@type\":\"Person\",\"@id\":\"https:\\\/\\\/www.sarlux.saras.it\\\/it\\\/#\\\/schema\\\/person\\\/c7561934b223f17087f8e08f41b37b83\",\"name\":\"newsarlux\",\"image\":{\"@type\":\"ImageObject\",\"inLanguage\":\"it-IT\",\"@id\":\"https:\\\/\\\/secure.gravatar.com\\\/avatar\\\/eb7f74d52340ebedd5480701fcdd6d2904abef8cdb3a51882f629f2dd32d610d?s=96&d=mm&r=g\",\"url\":\"https:\\\/\\\/secure.gravatar.com\\\/avatar\\\/eb7f74d52340ebedd5480701fcdd6d2904abef8cdb3a51882f629f2dd32d610d?s=96&d=mm&r=g\",\"contentUrl\":\"https:\\\/\\\/secure.gravatar.com\\\/avatar\\\/eb7f74d52340ebedd5480701fcdd6d2904abef8cdb3a51882f629f2dd32d610d?s=96&d=mm&r=g\",\"caption\":\"newsarlux\"},\"url\":\"\"}]}<\/script>\n<!-- \/ Yoast SEO plugin. -->","yoast_head_json":{"title":"Saras partecipa a OPTIMIZE 2021 - Sarlux Saras | Refining & Power","robots":{"index":"index","follow":"follow","max-snippet":"max-snippet:-1","max-image-preview":"max-image-preview:large","max-video-preview":"max-video-preview:-1"},"canonical":"https:\/\/www.sarlux.saras.it\/it\/saras-a-optimize-2021\/","og_locale":"it_IT","og_type":"article","og_title":"Saras partecipa a OPTIMIZE 2021 - Sarlux Saras | Refining & Power","og_description":"Il Gruppo ha partecipato in OPTIMIZE 2021 alla \u201cFostering Diverse and Inclusive Communities Across the Process Industries\u201d , Key Industry Topic, Diversity Equality & Inclusion , organizzata da AspenTech\u2019s Women\u2019s Leadership Forum per aumentare la rappresentanza delle donne nei ruoli di leadership.","og_url":"https:\/\/www.sarlux.saras.it\/it\/saras-a-optimize-2021\/","og_site_name":"Sarlux Saras | Refining & Power","article_published_time":"2021-07-13T07:07:03+00:00","article_modified_time":"2021-07-15T13:54:43+00:00","og_image":[{"width":990,"height":450,"url":"https:\/\/www.sarlux.saras.it\/wp-content\/uploads\/2021\/07\/Saras-Sardeolica-Sarlux-Optimize-2021.jpg","type":"image\/jpeg"}],"author":"newsarlux","twitter_card":"summary_large_image","twitter_misc":{"Scritto da":"newsarlux","Tempo di lettura stimato":"3 minuti"},"schema":{"@context":"https:\/\/schema.org","@graph":[{"@type":"Article","@id":"https:\/\/www.sarlux.saras.it\/it\/saras-a-optimize-2021\/#article","isPartOf":{"@id":"https:\/\/www.sarlux.saras.it\/it\/saras-a-optimize-2021\/"},"author":{"name":"newsarlux","@id":"https:\/\/www.sarlux.saras.it\/it\/#\/schema\/person\/c7561934b223f17087f8e08f41b37b83"},"headline":"Saras partecipa a OPTIMIZE 2021","datePublished":"2021-07-13T07:07:03+00:00","dateModified":"2021-07-15T13:54:43+00:00","mainEntityOfPage":{"@id":"https:\/\/www.sarlux.saras.it\/it\/saras-a-optimize-2021\/"},"wordCount":677,"publisher":{"@id":"https:\/\/www.sarlux.saras.it\/it\/#organization"},"image":{"@id":"https:\/\/www.sarlux.saras.it\/it\/saras-a-optimize-2021\/#primaryimage"},"thumbnailUrl":"https:\/\/www.sarlux.saras.it\/wp-content\/uploads\/2021\/07\/Saras-Sardeolica-Sarlux-Optimize-2021.jpg","keywords":["#digitalsaras","big data","cultura","energia eolica","energie rinnovabili","Gruppo Saras","Impegno sociale","industria 4.0","Innovazione","Le nostre persone","Saras","sardegna","Sardeolica","Sarlux","Sarroch","Ulassai"],"articleSection":["home","News"],"inLanguage":"it-IT"},{"@type":"WebPage","@id":"https:\/\/www.sarlux.saras.it\/it\/saras-a-optimize-2021\/","url":"https:\/\/www.sarlux.saras.it\/it\/saras-a-optimize-2021\/","name":"Saras partecipa a OPTIMIZE 2021 - Sarlux Saras | Refining & Power","isPartOf":{"@id":"https:\/\/www.sarlux.saras.it\/it\/#website"},"primaryImageOfPage":{"@id":"https:\/\/www.sarlux.saras.it\/it\/saras-a-optimize-2021\/#primaryimage"},"image":{"@id":"https:\/\/www.sarlux.saras.it\/it\/saras-a-optimize-2021\/#primaryimage"},"thumbnailUrl":"https:\/\/www.sarlux.saras.it\/wp-content\/uploads\/2021\/07\/Saras-Sardeolica-Sarlux-Optimize-2021.jpg","datePublished":"2021-07-13T07:07:03+00:00","dateModified":"2021-07-15T13:54:43+00:00","breadcrumb":{"@id":"https:\/\/www.sarlux.saras.it\/it\/saras-a-optimize-2021\/#breadcrumb"},"inLanguage":"it-IT","potentialAction":[{"@type":"ReadAction","target":["https:\/\/www.sarlux.saras.it\/it\/saras-a-optimize-2021\/"]}]},{"@type":"ImageObject","inLanguage":"it-IT","@id":"https:\/\/www.sarlux.saras.it\/it\/saras-a-optimize-2021\/#primaryimage","url":"https:\/\/www.sarlux.saras.it\/wp-content\/uploads\/2021\/07\/Saras-Sardeolica-Sarlux-Optimize-2021.jpg","contentUrl":"https:\/\/www.sarlux.saras.it\/wp-content\/uploads\/2021\/07\/Saras-Sardeolica-Sarlux-Optimize-2021.jpg","width":990,"height":450},{"@type":"BreadcrumbList","@id":"https:\/\/www.sarlux.saras.it\/it\/saras-a-optimize-2021\/#breadcrumb","itemListElement":[{"@type":"ListItem","position":1,"name":"Home","item":"https:\/\/www.sarlux.saras.it\/it\/"},{"@type":"ListItem","position":2,"name":"Saras partecipa a OPTIMIZE 2021"}]},{"@type":"WebSite","@id":"https:\/\/www.sarlux.saras.it\/it\/#website","url":"https:\/\/www.sarlux.saras.it\/it\/","name":"Sarlux","description":"","publisher":{"@id":"https:\/\/www.sarlux.saras.it\/it\/#organization"},"potentialAction":[{"@type":"SearchAction","target":{"@type":"EntryPoint","urlTemplate":"https:\/\/www.sarlux.saras.it\/it\/?s={search_term_string}"},"query-input":{"@type":"PropertyValueSpecification","valueRequired":true,"valueName":"search_term_string"}}],"inLanguage":"it-IT"},{"@type":"Organization","@id":"https:\/\/www.sarlux.saras.it\/it\/#organization","name":"Sarlux","url":"https:\/\/www.sarlux.saras.it\/it\/","logo":{"@type":"ImageObject","inLanguage":"it-IT","@id":"https:\/\/www.sarlux.saras.it\/it\/#\/schema\/logo\/image\/","url":"https:\/\/www.sarlux.saras.it\/wp-content\/uploads\/2017\/12\/logo-pc-1.png","contentUrl":"https:\/\/www.sarlux.saras.it\/wp-content\/uploads\/2017\/12\/logo-pc-1.png","width":184,"height":86,"caption":"Sarlux"},"image":{"@id":"https:\/\/www.sarlux.saras.it\/it\/#\/schema\/logo\/image\/"}},{"@type":"Person","@id":"https:\/\/www.sarlux.saras.it\/it\/#\/schema\/person\/c7561934b223f17087f8e08f41b37b83","name":"newsarlux","image":{"@type":"ImageObject","inLanguage":"it-IT","@id":"https:\/\/secure.gravatar.com\/avatar\/eb7f74d52340ebedd5480701fcdd6d2904abef8cdb3a51882f629f2dd32d610d?s=96&d=mm&r=g","url":"https:\/\/secure.gravatar.com\/avatar\/eb7f74d52340ebedd5480701fcdd6d2904abef8cdb3a51882f629f2dd32d610d?s=96&d=mm&r=g","contentUrl":"https:\/\/secure.gravatar.com\/avatar\/eb7f74d52340ebedd5480701fcdd6d2904abef8cdb3a51882f629f2dd32d610d?s=96&d=mm&r=g","caption":"newsarlux"},"url":""}]}},"_links":{"self":[{"href":"https:\/\/www.sarlux.saras.it\/it\/wp-json\/wp\/v2\/posts\/543559","targetHints":{"allow":["GET"]}}],"collection":[{"href":"https:\/\/www.sarlux.saras.it\/it\/wp-json\/wp\/v2\/posts"}],"about":[{"href":"https:\/\/www.sarlux.saras.it\/it\/wp-json\/wp\/v2\/types\/post"}],"author":[{"embeddable":true,"href":"https:\/\/www.sarlux.saras.it\/it\/wp-json\/wp\/v2\/users\/2"}],"replies":[{"embeddable":true,"href":"https:\/\/www.sarlux.saras.it\/it\/wp-json\/wp\/v2\/comments?post=543559"}],"version-history":[{"count":6,"href":"https:\/\/www.sarlux.saras.it\/it\/wp-json\/wp\/v2\/posts\/543559\/revisions"}],"predecessor-version":[{"id":543575,"href":"https:\/\/www.sarlux.saras.it\/it\/wp-json\/wp\/v2\/posts\/543559\/revisions\/543575"}],"wp:featuredmedia":[{"embeddable":true,"href":"https:\/\/www.sarlux.saras.it\/it\/wp-json\/wp\/v2\/media\/543565"}],"wp:attachment":[{"href":"https:\/\/www.sarlux.saras.it\/it\/wp-json\/wp\/v2\/media?parent=543559"}],"wp:term":[{"taxonomy":"category","embeddable":true,"href":"https:\/\/www.sarlux.saras.it\/it\/wp-json\/wp\/v2\/categories?post=543559"},{"taxonomy":"post_tag","embeddable":true,"href":"https:\/\/www.sarlux.saras.it\/it\/wp-json\/wp\/v2\/tags?post=543559"}],"curies":[{"name":"wp","href":"https:\/\/api.w.org\/{rel}","templated":true}]}}