{"id":543693,"date":"2021-10-20T06:21:41","date_gmt":"2021-10-20T06:21:41","guid":{"rendered":"https:\/\/www.sarlux.saras.it\/?p=543693"},"modified":"2021-10-22T08:40:07","modified_gmt":"2021-10-22T08:40:07","slug":"creare-valore-sostenibile","status":"publish","type":"post","link":"https:\/\/www.sarlux.saras.it\/it\/creare-valore-sostenibile\/","title":{"rendered":"Creare valore sostenibile"},"content":{"rendered":"<div class=\"wpb-content-wrapper\"><p>[vc_row][vc_column][vc_column_text]<\/p>\n<h5><strong>Dichiarazione Ambientale Sarlux 2021<\/strong><\/h5>\n<p>L\u2019attivit\u00e0 del<strong> Gruppo Saras<\/strong> si caratterizza da sempre per una <strong>forte attenzione alla sostenibilit\u00e0<\/strong>, attraverso iniziative e investimenti mirati a limitare le emissioni e a\u00a0<strong>incrementare l\u2019efficienza energetica<\/strong> della raffineria di Sarroch con l\u2019obiettivo di <strong>contribuire a traguardare gli obiettivi europei di decarbonizzazione<\/strong>.[\/vc_column_text][\/vc_column][\/vc_row][vc_row][vc_column][vc_column_text]<strong>La forte cultura aziendale<\/strong> improntata al massimo rispetto per la sicurezza delle persone e dell\u2019ambiente insieme alla nostra <strong>storia di azienda responsabile e consapevole del proprio ruolo<\/strong>, ci ha permesso di adattarci velocemente e riuscire in tempi stretti a organizzare il lavoro in campo nel migliore modo possibile con i limiti esistenti, per perseguire un miglioramento continuo. Le recenti forti spinte della societ\u00e0 verso questa rotta di crescente sostenibilit\u00e0, non ci hanno quindi colti di sorpresa ma si inseriscono perfettamente nel <strong>viaggio gi\u00e0 iniziato nella direzione di uno sviluppo sostenibile del nostro Gruppo<\/strong>, consapevoli che quella che \u00e8 una necessit\u00e0 ambientale, rappresenta anche un\u2019importante occasione di crescita economica da cogliere.<\/p>\n<p><strong>La Dichiarazione Ambientale<\/strong> <strong>2021<\/strong>, approvata dal Ministero dell\u2019Ambiente, <strong><span style=\"text-decoration: underline;\">certifica<\/span> tutte le energie che la raffineria Sarlux dedica alla creazione di valore sostenibile<\/strong> con l\u2019applicazione di tecnologie avanzate che consentono di massimizzare la performance di raffinazione garantendo al contempo sostenibilit\u00e0 e rispetto dell\u2019ambiente.[\/vc_column_text][vc_empty_space height=&#8221;8px&#8221;][\/vc_column][\/vc_row][vc_row][vc_column width=&#8221;2\/3&#8243;][vc_single_image image=&#8221;543695&#8243; img_size=&#8221;full&#8221; onclick=&#8221;custom_link&#8221; img_link_target=&#8221;_blank&#8221; link=&#8221;https:\/\/sarlux.sititest.it\/wp-content\/uploads\/2021\/09\/Sarlux-Dichiarazione-Ambientale-2021.pdf&#8221;][\/vc_column][vc_column width=&#8221;1\/3&#8243;][vc_column_text]<strong>Dal 2008 Sarlux<\/strong>\u00a0<strong>aderisce volontariamente<\/strong>\u00a0<strong>al sistema comunitario di eco-gestione e audit EMAS<\/strong> e dal 2009 il Gruppo pubblica annualmente la <strong>Dichiarazione Ambientale<\/strong>.<\/p>\n<p>Il documento rappresenta uno dei principali strumenti di <strong>dialogo continuativo con stakeholders<\/strong> interni ed esterni all\u2019azienda, ed ha l\u2019obiettivo di stabilire un rapporto trasparente in particolare con la popolazione, le autorit\u00e0 locali e con i lavoratori, parte attiva della corretta gestione delle attivit\u00e0 svolte.<\/p>\n<p><strong>I dati prestazionali della raffineria Sarlux pubblicati nella<\/strong> <strong>Dichiarazione Ambientale 2021,<\/strong>\u00a0<strong>sono convalidati dal Lloyd\u2019s Register Quality Assurance<\/strong> <strong>che certificano la conformit\u00e0 dei dati ambientali registrati nel sito industriale Sarlux alle norme dei regolamenti EMAS.\u00a0<\/strong><\/p>\n<p>Una comunicazione cos\u00ec completa favorisce la consapevolezza di tutte le misure di sicurezza, salute e tutela dell\u2019ambiente che rendono il sito industriale di Sarroch <strong>una fonte di ricchezza, per la comunit\u00e0 della quale \u00e8 parte integrante.<\/strong>[\/vc_column_text][vc_column_text]<\/p>\n<h6><a href=\"https:\/\/sarlux.sititest.it\/wp-content\/uploads\/2021\/09\/Sarlux-Dichiarazione-Ambientale-2021.pdf\" target=\"_blank\" rel=\"noopener\"><em>\u00a0Dichiarazione Ambientale Sarlux 2021<\/em><\/a><\/h6>\n<p>[\/vc_column_text][\/vc_column][\/vc_row][vc_row][vc_column][vc_empty_space height=&#8221;16px&#8221;][vc_column_text]La continuit\u00e0 del miglioramento delle prestazioni ambientali registrata negli anni \u00e8 testimonianza di impegno nella creazione di valore ed \u00e8 stimolo a proseguire nel percorso intrapreso.<strong> La nostra \u00e8 una storia di efficienza, <\/strong>per fare meglio dobbiamo essere sempre pi\u00f9 efficienti e cerchiamo l&#8217;efficienza nei processi, nelle persone e nelle aziende che lavorano con noi, perch\u00e9<strong> \u00e8 il nostro modo di creare valore e di essere sostenibili.\u00a0<\/strong>[\/vc_column_text][vc_column_text][\/vc_column_text][vc_column_text]<strong>Queste performance sono rese possibili dalle grandi competenze e dagli alti standard professionali delle persone<\/strong> che lavorano per il Gruppo Saras che, <strong>unite agli investimenti da sempre dedicati alle performance ambientali e alla sicurezza<\/strong>, circa 140 milioni di euro negli ultimi quattro anni, rendono il <strong>Gruppo Saras un punto di riferimento nel settore della raffinazione<\/strong>.[\/vc_column_text][vc_empty_space height=&#8221;8px&#8221;][\/vc_column][\/vc_row][vc_row][vc_column width=&#8221;1\/2&#8243;][vc_single_image image=&#8221;543698&#8243; img_size=&#8221;full&#8221;][vc_empty_space height=&#8221;8px&#8221;][\/vc_column][vc_column width=&#8221;1\/2&#8243;][vc_single_image image=&#8221;543700&#8243; img_size=&#8221;full&#8221;][vc_empty_space height=&#8221;8px&#8221;][\/vc_column][\/vc_row][vc_row css=&#8221;.vc_custom_1632327857859{margin-bottom: 10px !important;padding-bottom: 40px !important;background-color: #f7f7f7 !important;}&#8221;][vc_column][vc_column_text]<\/p>\n<h5 style=\"text-align: center;\"><strong><em>Sarlux:<br \/>\n<\/em><\/strong><strong><em>il rispetto dell\u2019ambiente come elemento essenziale per la produttivit\u00e0, la competitivit\u00e0 sui mercati<br \/>\ne la sostenibilit\u00e0 di lungo periodo.<\/em><\/strong><\/h5>\n<p>[\/vc_column_text][\/vc_column][\/vc_row][vc_row][vc_column][vc_icon icon_fontawesome=&#8221;fa fa-cog&#8221; size=&#8221;sm&#8221; align=&#8221;center&#8221;][vc_empty_space height=&#8221;16px&#8221;][vc_column_text]Il Gruppo Saras \u00e8 uno dei principali operatori europei nella raffinazione del petrolio ed \u00e8 attivo anche nel settore della produzione di energia elettrica. Direttamente e attraverso le proprie controllate, il Gruppo vende e distribuisce prodotti petroliferi nei mercati nazionali e internazionali. Inoltre, il Gruppo produce e vende energia elettrica attraverso le controllate Sarlux Srl (impianto IGCC) e Sardeolica Srl (parco eolico). Il Gruppo offre poi servizi di ingegneria industriale per il settore petrolifero, dell\u2019energia e dell\u2019ambiente attraverso la controllata Sartec Srl.[\/vc_column_text][vc_empty_space][\/vc_column][\/vc_row]<\/p>\n<\/div>","protected":false},"excerpt":{"rendered":"<p>Approvata dal Ministero dell\u2019Ambiente, la Dichiarazione Ambientale illustra le attivit\u00e0 svolte, gli aspetti ambientali e gli obiettivi che Sarlux, societ\u00e0 del Gruppo Saras, si \u00e8 prefissata per una crescente sostenibilit\u00e0.<\/p>\n","protected":false},"author":2,"featured_media":543700,"comment_status":"closed","ping_status":"open","sticky":false,"template":"","format":"standard","meta":{"_acf_changed":false,"inline_featured_image":false,"footnotes":""},"categories":[26,17],"tags":[],"class_list":["post-543693","post","type-post","status-publish","format-standard","has-post-thumbnail","hentry","category-home-it","category-news"],"acf":[],"yoast_head":"<!-- This site is optimized with the Yoast SEO plugin v27.3 - https:\/\/yoast.com\/product\/yoast-seo-wordpress\/ -->\n<title>Creare valore sostenibile - Sarlux Saras | Refining &amp; Power<\/title>\n<meta name=\"robots\" content=\"index, follow, max-snippet:-1, max-image-preview:large, max-video-preview:-1\" \/>\n<link rel=\"canonical\" href=\"https:\/\/www.sarlux.saras.it\/it\/creare-valore-sostenibile\/\" \/>\n<meta property=\"og:locale\" content=\"it_IT\" \/>\n<meta property=\"og:type\" content=\"article\" \/>\n<meta property=\"og:title\" content=\"Creare valore sostenibile - Sarlux Saras | Refining &amp; Power\" \/>\n<meta property=\"og:description\" content=\"Approvata dal Ministero dell\u2019Ambiente, la Dichiarazione Ambientale illustra le attivit\u00e0 svolte, gli aspetti ambientali e gli obiettivi che Sarlux, societ\u00e0 del Gruppo Saras, si \u00e8 prefissata per una crescente sostenibilit\u00e0.\" \/>\n<meta property=\"og:url\" content=\"https:\/\/www.sarlux.saras.it\/it\/creare-valore-sostenibile\/\" \/>\n<meta property=\"og:site_name\" content=\"Sarlux Saras | Refining &amp; Power\" \/>\n<meta property=\"article:published_time\" content=\"2021-10-20T06:21:41+00:00\" \/>\n<meta property=\"article:modified_time\" content=\"2021-10-22T08:40:07+00:00\" \/>\n<meta property=\"og:image\" content=\"https:\/\/www.sarlux.saras.it\/wp-content\/uploads\/2021\/10\/Sarlux-Saras-Dichiarazione-ambientale-2021-sostenibilita.jpg\" \/>\n\t<meta property=\"og:image:width\" content=\"990\" \/>\n\t<meta property=\"og:image:height\" content=\"450\" \/>\n\t<meta property=\"og:image:type\" content=\"image\/jpeg\" \/>\n<meta name=\"author\" content=\"newsarlux\" \/>\n<meta name=\"twitter:card\" content=\"summary_large_image\" \/>\n<meta name=\"twitter:label1\" content=\"Scritto da\" \/>\n\t<meta name=\"twitter:data1\" content=\"newsarlux\" \/>\n\t<meta name=\"twitter:label2\" content=\"Tempo di lettura stimato\" \/>\n\t<meta name=\"twitter:data2\" content=\"3 minuti\" \/>\n<script type=\"application\/ld+json\" class=\"yoast-schema-graph\">{\"@context\":\"https:\\\/\\\/schema.org\",\"@graph\":[{\"@type\":\"Article\",\"@id\":\"https:\\\/\\\/www.sarlux.saras.it\\\/it\\\/creare-valore-sostenibile\\\/#article\",\"isPartOf\":{\"@id\":\"https:\\\/\\\/www.sarlux.saras.it\\\/it\\\/creare-valore-sostenibile\\\/\"},\"author\":{\"name\":\"newsarlux\",\"@id\":\"https:\\\/\\\/www.sarlux.saras.it\\\/it\\\/#\\\/schema\\\/person\\\/c7561934b223f17087f8e08f41b37b83\"},\"headline\":\"Creare valore sostenibile\",\"datePublished\":\"2021-10-20T06:21:41+00:00\",\"dateModified\":\"2021-10-22T08:40:07+00:00\",\"mainEntityOfPage\":{\"@id\":\"https:\\\/\\\/www.sarlux.saras.it\\\/it\\\/creare-valore-sostenibile\\\/\"},\"wordCount\":784,\"publisher\":{\"@id\":\"https:\\\/\\\/www.sarlux.saras.it\\\/it\\\/#organization\"},\"image\":{\"@id\":\"https:\\\/\\\/www.sarlux.saras.it\\\/it\\\/creare-valore-sostenibile\\\/#primaryimage\"},\"thumbnailUrl\":\"https:\\\/\\\/www.sarlux.saras.it\\\/wp-content\\\/uploads\\\/2021\\\/10\\\/Sarlux-Saras-Dichiarazione-ambientale-2021-sostenibilita.jpg\",\"articleSection\":[\"home\",\"News\"],\"inLanguage\":\"it-IT\"},{\"@type\":\"WebPage\",\"@id\":\"https:\\\/\\\/www.sarlux.saras.it\\\/it\\\/creare-valore-sostenibile\\\/\",\"url\":\"https:\\\/\\\/www.sarlux.saras.it\\\/it\\\/creare-valore-sostenibile\\\/\",\"name\":\"Creare valore sostenibile - Sarlux Saras | Refining & Power\",\"isPartOf\":{\"@id\":\"https:\\\/\\\/www.sarlux.saras.it\\\/it\\\/#website\"},\"primaryImageOfPage\":{\"@id\":\"https:\\\/\\\/www.sarlux.saras.it\\\/it\\\/creare-valore-sostenibile\\\/#primaryimage\"},\"image\":{\"@id\":\"https:\\\/\\\/www.sarlux.saras.it\\\/it\\\/creare-valore-sostenibile\\\/#primaryimage\"},\"thumbnailUrl\":\"https:\\\/\\\/www.sarlux.saras.it\\\/wp-content\\\/uploads\\\/2021\\\/10\\\/Sarlux-Saras-Dichiarazione-ambientale-2021-sostenibilita.jpg\",\"datePublished\":\"2021-10-20T06:21:41+00:00\",\"dateModified\":\"2021-10-22T08:40:07+00:00\",\"breadcrumb\":{\"@id\":\"https:\\\/\\\/www.sarlux.saras.it\\\/it\\\/creare-valore-sostenibile\\\/#breadcrumb\"},\"inLanguage\":\"it-IT\",\"potentialAction\":[{\"@type\":\"ReadAction\",\"target\":[\"https:\\\/\\\/www.sarlux.saras.it\\\/it\\\/creare-valore-sostenibile\\\/\"]}]},{\"@type\":\"ImageObject\",\"inLanguage\":\"it-IT\",\"@id\":\"https:\\\/\\\/www.sarlux.saras.it\\\/it\\\/creare-valore-sostenibile\\\/#primaryimage\",\"url\":\"https:\\\/\\\/www.sarlux.saras.it\\\/wp-content\\\/uploads\\\/2021\\\/10\\\/Sarlux-Saras-Dichiarazione-ambientale-2021-sostenibilita.jpg\",\"contentUrl\":\"https:\\\/\\\/www.sarlux.saras.it\\\/wp-content\\\/uploads\\\/2021\\\/10\\\/Sarlux-Saras-Dichiarazione-ambientale-2021-sostenibilita.jpg\",\"width\":990,\"height\":450},{\"@type\":\"BreadcrumbList\",\"@id\":\"https:\\\/\\\/www.sarlux.saras.it\\\/it\\\/creare-valore-sostenibile\\\/#breadcrumb\",\"itemListElement\":[{\"@type\":\"ListItem\",\"position\":1,\"name\":\"Home\",\"item\":\"https:\\\/\\\/www.sarlux.saras.it\\\/it\\\/\"},{\"@type\":\"ListItem\",\"position\":2,\"name\":\"Creare valore sostenibile\"}]},{\"@type\":\"WebSite\",\"@id\":\"https:\\\/\\\/www.sarlux.saras.it\\\/it\\\/#website\",\"url\":\"https:\\\/\\\/www.sarlux.saras.it\\\/it\\\/\",\"name\":\"Sarlux\",\"description\":\"\",\"publisher\":{\"@id\":\"https:\\\/\\\/www.sarlux.saras.it\\\/it\\\/#organization\"},\"potentialAction\":[{\"@type\":\"SearchAction\",\"target\":{\"@type\":\"EntryPoint\",\"urlTemplate\":\"https:\\\/\\\/www.sarlux.saras.it\\\/it\\\/?s={search_term_string}\"},\"query-input\":{\"@type\":\"PropertyValueSpecification\",\"valueRequired\":true,\"valueName\":\"search_term_string\"}}],\"inLanguage\":\"it-IT\"},{\"@type\":\"Organization\",\"@id\":\"https:\\\/\\\/www.sarlux.saras.it\\\/it\\\/#organization\",\"name\":\"Sarlux\",\"url\":\"https:\\\/\\\/www.sarlux.saras.it\\\/it\\\/\",\"logo\":{\"@type\":\"ImageObject\",\"inLanguage\":\"it-IT\",\"@id\":\"https:\\\/\\\/www.sarlux.saras.it\\\/it\\\/#\\\/schema\\\/logo\\\/image\\\/\",\"url\":\"https:\\\/\\\/www.sarlux.saras.it\\\/wp-content\\\/uploads\\\/2017\\\/12\\\/logo-pc-1.png\",\"contentUrl\":\"https:\\\/\\\/www.sarlux.saras.it\\\/wp-content\\\/uploads\\\/2017\\\/12\\\/logo-pc-1.png\",\"width\":184,\"height\":86,\"caption\":\"Sarlux\"},\"image\":{\"@id\":\"https:\\\/\\\/www.sarlux.saras.it\\\/it\\\/#\\\/schema\\\/logo\\\/image\\\/\"}},{\"@type\":\"Person\",\"@id\":\"https:\\\/\\\/www.sarlux.saras.it\\\/it\\\/#\\\/schema\\\/person\\\/c7561934b223f17087f8e08f41b37b83\",\"name\":\"newsarlux\",\"image\":{\"@type\":\"ImageObject\",\"inLanguage\":\"it-IT\",\"@id\":\"https:\\\/\\\/secure.gravatar.com\\\/avatar\\\/eb7f74d52340ebedd5480701fcdd6d2904abef8cdb3a51882f629f2dd32d610d?s=96&d=mm&r=g\",\"url\":\"https:\\\/\\\/secure.gravatar.com\\\/avatar\\\/eb7f74d52340ebedd5480701fcdd6d2904abef8cdb3a51882f629f2dd32d610d?s=96&d=mm&r=g\",\"contentUrl\":\"https:\\\/\\\/secure.gravatar.com\\\/avatar\\\/eb7f74d52340ebedd5480701fcdd6d2904abef8cdb3a51882f629f2dd32d610d?s=96&d=mm&r=g\",\"caption\":\"newsarlux\"},\"url\":\"\"}]}<\/script>\n<!-- \/ Yoast SEO plugin. -->","yoast_head_json":{"title":"Creare valore sostenibile - Sarlux Saras | Refining & Power","robots":{"index":"index","follow":"follow","max-snippet":"max-snippet:-1","max-image-preview":"max-image-preview:large","max-video-preview":"max-video-preview:-1"},"canonical":"https:\/\/www.sarlux.saras.it\/it\/creare-valore-sostenibile\/","og_locale":"it_IT","og_type":"article","og_title":"Creare valore sostenibile - Sarlux Saras | Refining & Power","og_description":"Approvata dal Ministero dell\u2019Ambiente, la Dichiarazione Ambientale illustra le attivit\u00e0 svolte, gli aspetti ambientali e gli obiettivi che Sarlux, societ\u00e0 del Gruppo Saras, si \u00e8 prefissata per una crescente sostenibilit\u00e0.","og_url":"https:\/\/www.sarlux.saras.it\/it\/creare-valore-sostenibile\/","og_site_name":"Sarlux Saras | Refining & Power","article_published_time":"2021-10-20T06:21:41+00:00","article_modified_time":"2021-10-22T08:40:07+00:00","og_image":[{"width":990,"height":450,"url":"https:\/\/www.sarlux.saras.it\/wp-content\/uploads\/2021\/10\/Sarlux-Saras-Dichiarazione-ambientale-2021-sostenibilita.jpg","type":"image\/jpeg"}],"author":"newsarlux","twitter_card":"summary_large_image","twitter_misc":{"Scritto da":"newsarlux","Tempo di lettura stimato":"3 minuti"},"schema":{"@context":"https:\/\/schema.org","@graph":[{"@type":"Article","@id":"https:\/\/www.sarlux.saras.it\/it\/creare-valore-sostenibile\/#article","isPartOf":{"@id":"https:\/\/www.sarlux.saras.it\/it\/creare-valore-sostenibile\/"},"author":{"name":"newsarlux","@id":"https:\/\/www.sarlux.saras.it\/it\/#\/schema\/person\/c7561934b223f17087f8e08f41b37b83"},"headline":"Creare valore sostenibile","datePublished":"2021-10-20T06:21:41+00:00","dateModified":"2021-10-22T08:40:07+00:00","mainEntityOfPage":{"@id":"https:\/\/www.sarlux.saras.it\/it\/creare-valore-sostenibile\/"},"wordCount":784,"publisher":{"@id":"https:\/\/www.sarlux.saras.it\/it\/#organization"},"image":{"@id":"https:\/\/www.sarlux.saras.it\/it\/creare-valore-sostenibile\/#primaryimage"},"thumbnailUrl":"https:\/\/www.sarlux.saras.it\/wp-content\/uploads\/2021\/10\/Sarlux-Saras-Dichiarazione-ambientale-2021-sostenibilita.jpg","articleSection":["home","News"],"inLanguage":"it-IT"},{"@type":"WebPage","@id":"https:\/\/www.sarlux.saras.it\/it\/creare-valore-sostenibile\/","url":"https:\/\/www.sarlux.saras.it\/it\/creare-valore-sostenibile\/","name":"Creare valore sostenibile - Sarlux Saras | Refining & Power","isPartOf":{"@id":"https:\/\/www.sarlux.saras.it\/it\/#website"},"primaryImageOfPage":{"@id":"https:\/\/www.sarlux.saras.it\/it\/creare-valore-sostenibile\/#primaryimage"},"image":{"@id":"https:\/\/www.sarlux.saras.it\/it\/creare-valore-sostenibile\/#primaryimage"},"thumbnailUrl":"https:\/\/www.sarlux.saras.it\/wp-content\/uploads\/2021\/10\/Sarlux-Saras-Dichiarazione-ambientale-2021-sostenibilita.jpg","datePublished":"2021-10-20T06:21:41+00:00","dateModified":"2021-10-22T08:40:07+00:00","breadcrumb":{"@id":"https:\/\/www.sarlux.saras.it\/it\/creare-valore-sostenibile\/#breadcrumb"},"inLanguage":"it-IT","potentialAction":[{"@type":"ReadAction","target":["https:\/\/www.sarlux.saras.it\/it\/creare-valore-sostenibile\/"]}]},{"@type":"ImageObject","inLanguage":"it-IT","@id":"https:\/\/www.sarlux.saras.it\/it\/creare-valore-sostenibile\/#primaryimage","url":"https:\/\/www.sarlux.saras.it\/wp-content\/uploads\/2021\/10\/Sarlux-Saras-Dichiarazione-ambientale-2021-sostenibilita.jpg","contentUrl":"https:\/\/www.sarlux.saras.it\/wp-content\/uploads\/2021\/10\/Sarlux-Saras-Dichiarazione-ambientale-2021-sostenibilita.jpg","width":990,"height":450},{"@type":"BreadcrumbList","@id":"https:\/\/www.sarlux.saras.it\/it\/creare-valore-sostenibile\/#breadcrumb","itemListElement":[{"@type":"ListItem","position":1,"name":"Home","item":"https:\/\/www.sarlux.saras.it\/it\/"},{"@type":"ListItem","position":2,"name":"Creare valore sostenibile"}]},{"@type":"WebSite","@id":"https:\/\/www.sarlux.saras.it\/it\/#website","url":"https:\/\/www.sarlux.saras.it\/it\/","name":"Sarlux","description":"","publisher":{"@id":"https:\/\/www.sarlux.saras.it\/it\/#organization"},"potentialAction":[{"@type":"SearchAction","target":{"@type":"EntryPoint","urlTemplate":"https:\/\/www.sarlux.saras.it\/it\/?s={search_term_string}"},"query-input":{"@type":"PropertyValueSpecification","valueRequired":true,"valueName":"search_term_string"}}],"inLanguage":"it-IT"},{"@type":"Organization","@id":"https:\/\/www.sarlux.saras.it\/it\/#organization","name":"Sarlux","url":"https:\/\/www.sarlux.saras.it\/it\/","logo":{"@type":"ImageObject","inLanguage":"it-IT","@id":"https:\/\/www.sarlux.saras.it\/it\/#\/schema\/logo\/image\/","url":"https:\/\/www.sarlux.saras.it\/wp-content\/uploads\/2017\/12\/logo-pc-1.png","contentUrl":"https:\/\/www.sarlux.saras.it\/wp-content\/uploads\/2017\/12\/logo-pc-1.png","width":184,"height":86,"caption":"Sarlux"},"image":{"@id":"https:\/\/www.sarlux.saras.it\/it\/#\/schema\/logo\/image\/"}},{"@type":"Person","@id":"https:\/\/www.sarlux.saras.it\/it\/#\/schema\/person\/c7561934b223f17087f8e08f41b37b83","name":"newsarlux","image":{"@type":"ImageObject","inLanguage":"it-IT","@id":"https:\/\/secure.gravatar.com\/avatar\/eb7f74d52340ebedd5480701fcdd6d2904abef8cdb3a51882f629f2dd32d610d?s=96&d=mm&r=g","url":"https:\/\/secure.gravatar.com\/avatar\/eb7f74d52340ebedd5480701fcdd6d2904abef8cdb3a51882f629f2dd32d610d?s=96&d=mm&r=g","contentUrl":"https:\/\/secure.gravatar.com\/avatar\/eb7f74d52340ebedd5480701fcdd6d2904abef8cdb3a51882f629f2dd32d610d?s=96&d=mm&r=g","caption":"newsarlux"},"url":""}]}},"_links":{"self":[{"href":"https:\/\/www.sarlux.saras.it\/it\/wp-json\/wp\/v2\/posts\/543693","targetHints":{"allow":["GET"]}}],"collection":[{"href":"https:\/\/www.sarlux.saras.it\/it\/wp-json\/wp\/v2\/posts"}],"about":[{"href":"https:\/\/www.sarlux.saras.it\/it\/wp-json\/wp\/v2\/types\/post"}],"author":[{"embeddable":true,"href":"https:\/\/www.sarlux.saras.it\/it\/wp-json\/wp\/v2\/users\/2"}],"replies":[{"embeddable":true,"href":"https:\/\/www.sarlux.saras.it\/it\/wp-json\/wp\/v2\/comments?post=543693"}],"version-history":[{"count":9,"href":"https:\/\/www.sarlux.saras.it\/it\/wp-json\/wp\/v2\/posts\/543693\/revisions"}],"predecessor-version":[{"id":543733,"href":"https:\/\/www.sarlux.saras.it\/it\/wp-json\/wp\/v2\/posts\/543693\/revisions\/543733"}],"wp:featuredmedia":[{"embeddable":true,"href":"https:\/\/www.sarlux.saras.it\/it\/wp-json\/wp\/v2\/media\/543700"}],"wp:attachment":[{"href":"https:\/\/www.sarlux.saras.it\/it\/wp-json\/wp\/v2\/media?parent=543693"}],"wp:term":[{"taxonomy":"category","embeddable":true,"href":"https:\/\/www.sarlux.saras.it\/it\/wp-json\/wp\/v2\/categories?post=543693"},{"taxonomy":"post_tag","embeddable":true,"href":"https:\/\/www.sarlux.saras.it\/it\/wp-json\/wp\/v2\/tags?post=543693"}],"curies":[{"name":"wp","href":"https:\/\/api.w.org\/{rel}","templated":true}]}}