{"id":544142,"date":"2022-05-06T12:55:06","date_gmt":"2022-05-06T12:55:06","guid":{"rendered":"https:\/\/www.sarlux.saras.it\/?p=544142"},"modified":"2022-05-09T14:53:10","modified_gmt":"2022-05-09T14:53:10","slug":"politica-di-sostenibilita-del-gruppo-saras","status":"publish","type":"post","link":"https:\/\/www.sarlux.saras.it\/it\/politica-di-sostenibilita-del-gruppo-saras\/","title":{"rendered":"Politica di sostenibilit\u00e0 del Gruppo Saras"},"content":{"rendered":"<div class=\"wpb-content-wrapper\"><p>[vc_row][vc_column][vc_column_text]<\/p>\n<h4>La <strong><em>Politica di sostenibilit\u00e0 del Gruppo Saras<\/em><\/strong>, approvata nei primi mesi del 2022, definisce gli indirizzi e gli obiettivi che il Gruppo si impegna a perseguire con riferimento ai temi dell\u2019etica, della tutela dei diritti umani, della diversit\u00e0, dell\u2019inclusione, dell\u2019attenzione per le comunit\u00e0 locali, del dialogo e del rapporto con gli stakeholder e i fornitori, della transizione ecologica e della tutela dell\u2019ambiente.<\/h4>\n<p>[\/vc_column_text][vc_empty_space height=&#8221;16px&#8221;][\/vc_column][\/vc_row][vc_row][vc_column width=&#8221;1\/2&#8243;][vc_single_image image=&#8221;544145&#8243; img_size=&#8221;full&#8221;][\/vc_column][vc_column width=&#8221;1\/2&#8243;][vc_empty_space height=&#8221;16px&#8221;][vc_column_text]<\/p>\n<h5>La <em>Politica di sostenibilit\u00e0 Saras <\/em>\u00a0si applica a tutte le societ\u00e0 del Gruppo e si ispira agli <strong>Obiettivi di Sviluppo Sostenibile delle Nazioni Unite (SDGs<\/strong>), oltre che ai <strong>valori<\/strong> propri del Gruppo, affermati nel <strong>purpose<\/strong>, nel <strong>codice etico<\/strong> e soprattutto <strong>concretamente espressi dalla sua storia<\/strong>.<\/h5>\n<p>[\/vc_column_text][vc_empty_space height=&#8221;8px&#8221;][vc_column_text]<a href=\"https:\/\/www.sarlux.saras.it\/wp-content\/uploads\/2022\/03\/saras-politica-sostenibilita-2022.pdf\" target=\"_blank\" rel=\"noopener\">Il documento <em>Politica di sostenibilit\u00e0 del Gruppo Saras <\/em>\u00e8 disponibile qui in download.<\/a>[\/vc_column_text][\/vc_column][\/vc_row][vc_row][vc_column width=&#8221;1\/2&#8243;][vc_empty_space height=&#8221;8px&#8221;][vc_column_text]<\/p>\n<h5>Il documento formalizza le strategie, gli obiettivi, i modelli di comportamento e gli impegni dell\u2019azienda tesi al miglioramento continuo \u2013 in linea con il nostro motto &#8220;Step Higher&#8221; \u2013 delle proprie performance di sostenibilit\u00e0.<\/h5>\n<h5>Inoltre, il documento \u00e8 rivolto alla <strong>gestione ottimale delle tematiche \u201cESG\u201d , <\/strong>in cui l\u2019azienda \u00e8 coinvolta, e alla creazione di valore condiviso con i propri stakeholder.<\/h5>\n<h5>Per la massima condivisione dei principi espressi, il documento \u00e8 pubblicato sul sito Saras.<\/h5>\n<p>[\/vc_column_text][\/vc_column][vc_column width=&#8221;1\/2&#8243;][vc_single_image image=&#8221;544143&#8243; img_size=&#8221;full&#8221; alignment=&#8221;center&#8221;][\/vc_column][\/vc_row][vc_row][vc_column][vc_empty_space height=&#8221;16px&#8221;][vc_single_image image=&#8221;543244&#8243; img_size=&#8221;50&#215;50&#8243; alignment=&#8221;center&#8221;][\/vc_column][\/vc_row][vc_row full_width=&#8221;stretch_row&#8221; bg_type=&#8221;grad&#8221; bg_grad=&#8221;background: -webkit-gradient(linear, left top, left bottom, color-stop(0%, #F5F5F5), color-stop(40%, #FFFFFF), color-stop(60%, #FFFFFF), color-stop(100%, #F5F5F5));background: -moz-linear-gradient(left,#F5F5F5 0%,#FFFFFF 40%,#FFFFFF 60%,#F5F5F5 100%);background: -webkit-linear-gradient(left,#F5F5F5 0%,#FFFFFF 40%,#FFFFFF 60%,#F5F5F5 100%);background: -o-linear-gradient(left,#F5F5F5 0%,#FFFFFF 40%,#FFFFFF 60%,#F5F5F5 100%);background: -ms-linear-gradient(left,#F5F5F5 0%,#FFFFFF 40%,#FFFFFF 60%,#F5F5F5 100%);background: linear-gradient(left,#F5F5F5 0%,#FFFFFF 40%,#FFFFFF 60%,#F5F5F5 100%);&#8221;][vc_column][vc_column_text css=&#8221;.vc_custom_1650641166531{margin-top: 0px !important;padding-top: 0px !important;}&#8221;]<\/p>\n<h5 style=\"text-align: center;\"><strong>Gli indirizzi e gli obiettivi che il Gruppo Saras si impegna a perseguire sono:<\/strong><\/h5>\n<p>[\/vc_column_text][vc_empty_space height=&#8221;8px&#8221;][vc_separator color=&#8221;custom&#8221; style=&#8221;dotted&#8221; el_width=&#8221;70&#8243; accent_color=&#8221;#0056a6&#8243;][vc_row_inner][vc_column_inner width=&#8221;1\/3&#8243;][vc_column_text]<strong>Promozione di comportamenti etici e corretti, e prevenzione della corruzione <\/strong><\/p>\n<p>Nello svolgimento delle proprie attivit\u00e0, Saras pone la massima attenzione e impegno al rispetto delle leggi, alla promozione di comportamenti etici e corretti, ed alla prevenzione di ogni forma di corruzione.[\/vc_column_text][\/vc_column_inner][vc_column_inner width=&#8221;1\/3&#8243;][vc_column_text]<strong>Tutela dei diritti umani, diversit\u00e0 e inclusione<\/strong><\/p>\n<p>La dignit\u00e0 e il rispetto delle persone sono alla base della nostra cultura d\u2019impresa e sono elementi essenziali della sostenibilit\u00e0 del Gruppo. Il rispetto dei diritti umani, delle pari opportunit\u00e0, della diversit\u00e0 e inclusione, e l\u2019impegno contro qualsiasi forma di discriminazione caratterizzano da sempre il modo di operare di Saras, che riconosce e pone in atto i principi internazionalmente riconosciuti.[\/vc_column_text][\/vc_column_inner][vc_column_inner width=&#8221;1\/3&#8243;][vc_column_text]<strong>Attenzione verso le comunit\u00e0 locali e dialogo con gli stakeholder<\/strong><\/p>\n<p>Il Gruppo Saras riconosce come il mantenimento e la valorizzazione di rapporti di lungo periodo con i propri stakeholder e con le comunit\u00e0 locali sia la base per il successo d\u2019impresa e per la comune creazione di valore.[\/vc_column_text][\/vc_column_inner][\/vc_row_inner][vc_row_inner][vc_column_inner width=&#8221;1\/3&#8243;][vc_column_text]<strong>Tutela dell\u2019ambiente<\/strong><\/p>\n<p>Operare nel rispetto dell\u2019ambiente \u00e8 essenziale per la sostenibilit\u00e0 di lungo periodo, oltre che per la produttivit\u00e0 e la competitivit\u00e0 sui mercati. Pertanto, il Gruppo svolge la propria attivit\u00e0 minimizzando l\u2019impronta ambientale e considerando, nello sviluppo dei propri progetti, la salvaguardia degli ecosistemi e della biodiversit\u00e0.[\/vc_column_text][\/vc_column_inner][vc_column_inner width=&#8221;1\/3&#8243;][vc_column_text]<strong>Transizione ecologica<\/strong><\/p>\n<p>L\u2019innovazione tecnologica \u00e8 una delle leve fondamentali per perseguire gli obiettivi della transizione energetica nell\u2019ambito di un settore che ha un ruolo strategico per il sistema economico nazionale, europeo e internazionale.[\/vc_column_text][\/vc_column_inner][vc_column_inner width=&#8221;1\/3&#8243;][vc_column_text]<strong>Rapporti con fornitori di beni e servizi<\/strong><\/p>\n<p>I fornitori rappresentano controparti imprescindibili per il raggiungimento degli obiettivi di sostenibilit\u00e0 del Gruppo, e con essi Saras coltiva un rapporto fondato sul rispetto, la lealt\u00e0, l\u2019imparzialit\u00e0, e le pari opportunit\u00e0.[\/vc_column_text][\/vc_column_inner][\/vc_row_inner][vc_separator color=&#8221;custom&#8221; style=&#8221;dotted&#8221; el_width=&#8221;70&#8243; accent_color=&#8221;#0056a6&#8243;][vc_empty_space height=&#8221;8px&#8221;][vc_column_text]<\/p>\n<div class=\"page\" style=\"text-align: center;\" title=\"Page 2\">\n<div class=\"layoutArea\">\n<div class=\"column\">\n<h5><strong>Saras si conferma come punto di riferimento per i suoi stakeholder e, in particolare, per le comunita\u0300 con cui interagisce.<\/strong><\/h5>\n<\/div>\n<\/div>\n<\/div>\n<p>[\/vc_column_text][vc_empty_space][\/vc_column][\/vc_row][vc_row][vc_column][vc_empty_space height=&#8221;16px&#8221;][\/vc_column][\/vc_row][vc_row][vc_column][vc_empty_space height=&#8221;16px&#8221;][vc_single_image image=&#8221;543244&#8243; img_size=&#8221;50&#215;50&#8243; alignment=&#8221;center&#8221;][vc_empty_space height=&#8221;16px&#8221;][vc_column_text]Il Gruppo Saras \u00e8 uno dei principali operatori europei nella raffinazione del petrolio ed \u00e8 attivo anche nel settore della produzione di energia elettrica. Direttamente e attraverso le proprie controllate, il Gruppo vende e distribuisce prodotti petroliferi nei mercati nazionali e internazionali. Inoltre, il Gruppo produce e vende energia elettrica attraverso le controllate Sarlux Srl (impianto IGCC) e Sardeolica Srl (parco eolico). Il Gruppo offre poi servizi di ingegneria industriale per il settore petrolifero, dell\u2019energia e dell\u2019ambiente attraverso la controllata Sartec Srl.[\/vc_column_text][vc_empty_space][\/vc_column][\/vc_row]<\/p>\n<\/div>","protected":false},"excerpt":{"rendered":"<p>La Politica di sostenibilit\u00e0 del Gruppo Saras, approvata nei primi mesi del 2022, definisce gli indirizzi e gli obiettivi che il Gruppo si impegna a perseguire con riferimento ai temi dell\u2019etica, della tutela dei diritti umani, della diversit\u00e0, dell\u2019inclusione, dell\u2019attenzione per le comunit\u00e0 locali, del dialogo e del rapporto con gli stakeholder e i fornitori, della transizione ecologica e della tutela dell\u2019ambiente.<\/p>\n","protected":false},"author":2,"featured_media":544145,"comment_status":"closed","ping_status":"open","sticky":false,"template":"","format":"standard","meta":{"_acf_changed":false,"inline_featured_image":false,"footnotes":""},"categories":[26,17],"tags":[38,438,458,319,316,97,82,32,108,50,105,53,71,111],"class_list":["post-544142","post","type-post","status-publish","format-standard","has-post-thumbnail","hentry","category-home-it","category-news","tag-ambiente","tag-comunita","tag-decarbonizzazione","tag-energia-eolica","tag-energie-rinnovabili","tag-gruppo-saras","tag-innovazione","tag-le-nostre-persone","tag-raffineria","tag-saras","tag-sardegna","tag-sarlux","tag-sarroch","tag-sostenibilita"],"acf":[],"yoast_head":"<!-- This site is optimized with the Yoast SEO plugin v27.3 - https:\/\/yoast.com\/product\/yoast-seo-wordpress\/ -->\n<title>Politica di sostenibilit\u00e0 del Gruppo Saras - Sarlux Saras | Refining &amp; Power<\/title>\n<meta name=\"description\" content=\"La Politica di Sostenibilit\u00e0 del Gruppo Saras , approvata nei primi mesi del 2022, definisce gli obiettivi che il Gruppo si impegna a perseguire con riferimento ai temi dell\u2019etica, della tutela dei diritti umani, della diversit\u00e0, dell\u2019inclusione, dell\u2019attenzione per le comunit\u00e0 locali, del dialogo e del rapporto con gli stakeholder e i fornitori, della transizione ecologica e della tutela dell\u2019ambiente.\" \/>\n<meta name=\"robots\" content=\"index, follow, max-snippet:-1, max-image-preview:large, max-video-preview:-1\" \/>\n<link rel=\"canonical\" href=\"https:\/\/www.sarlux.saras.it\/it\/politica-di-sostenibilita-del-gruppo-saras\/\" \/>\n<meta property=\"og:locale\" content=\"it_IT\" \/>\n<meta property=\"og:type\" content=\"article\" \/>\n<meta property=\"og:title\" content=\"Politica di sostenibilit\u00e0 del Gruppo Saras - Sarlux Saras | Refining &amp; Power\" \/>\n<meta property=\"og:description\" content=\"La Politica di Sostenibilit\u00e0 del Gruppo Saras , approvata nei primi mesi del 2022, definisce gli obiettivi che il Gruppo si impegna a perseguire con riferimento ai temi dell\u2019etica, della tutela dei diritti umani, della diversit\u00e0, dell\u2019inclusione, dell\u2019attenzione per le comunit\u00e0 locali, del dialogo e del rapporto con gli stakeholder e i fornitori, della transizione ecologica e della tutela dell\u2019ambiente.\" \/>\n<meta property=\"og:url\" content=\"https:\/\/www.sarlux.saras.it\/it\/politica-di-sostenibilita-del-gruppo-saras\/\" \/>\n<meta property=\"og:site_name\" content=\"Sarlux Saras | Refining &amp; Power\" \/>\n<meta property=\"article:published_time\" content=\"2022-05-06T12:55:06+00:00\" \/>\n<meta property=\"article:modified_time\" content=\"2022-05-09T14:53:10+00:00\" \/>\n<meta property=\"og:image\" content=\"https:\/\/www.sarlux.saras.it\/wp-content\/uploads\/2022\/05\/politica-sostenibilita-Saras-Sarlux-Sarroch.jpg\" \/>\n\t<meta property=\"og:image:width\" content=\"990\" \/>\n\t<meta property=\"og:image:height\" content=\"450\" \/>\n\t<meta property=\"og:image:type\" content=\"image\/jpeg\" \/>\n<meta name=\"author\" content=\"newsarlux\" \/>\n<meta name=\"twitter:card\" content=\"summary_large_image\" \/>\n<meta name=\"twitter:image\" content=\"https:\/\/www.sarlux.saras.it\/wp-content\/uploads\/2022\/05\/politica-sostenibilita-Saras-Sarlux-Sarroch.jpg\" \/>\n<meta name=\"twitter:label1\" content=\"Scritto da\" \/>\n\t<meta name=\"twitter:data1\" content=\"newsarlux\" \/>\n\t<meta name=\"twitter:label2\" content=\"Tempo di lettura stimato\" \/>\n\t<meta name=\"twitter:data2\" content=\"4 minuti\" \/>\n<script type=\"application\/ld+json\" class=\"yoast-schema-graph\">{\"@context\":\"https:\\\/\\\/schema.org\",\"@graph\":[{\"@type\":\"Article\",\"@id\":\"https:\\\/\\\/www.sarlux.saras.it\\\/it\\\/politica-di-sostenibilita-del-gruppo-saras\\\/#article\",\"isPartOf\":{\"@id\":\"https:\\\/\\\/www.sarlux.saras.it\\\/it\\\/politica-di-sostenibilita-del-gruppo-saras\\\/\"},\"author\":{\"name\":\"newsarlux\",\"@id\":\"https:\\\/\\\/www.sarlux.saras.it\\\/it\\\/#\\\/schema\\\/person\\\/c7561934b223f17087f8e08f41b37b83\"},\"headline\":\"Politica di sostenibilit\u00e0 del Gruppo Saras\",\"datePublished\":\"2022-05-06T12:55:06+00:00\",\"dateModified\":\"2022-05-09T14:53:10+00:00\",\"mainEntityOfPage\":{\"@id\":\"https:\\\/\\\/www.sarlux.saras.it\\\/it\\\/politica-di-sostenibilita-del-gruppo-saras\\\/\"},\"wordCount\":1001,\"publisher\":{\"@id\":\"https:\\\/\\\/www.sarlux.saras.it\\\/it\\\/#organization\"},\"image\":{\"@id\":\"https:\\\/\\\/www.sarlux.saras.it\\\/it\\\/politica-di-sostenibilita-del-gruppo-saras\\\/#primaryimage\"},\"thumbnailUrl\":\"https:\\\/\\\/www.sarlux.saras.it\\\/wp-content\\\/uploads\\\/2022\\\/05\\\/politica-sostenibilita-Saras-Sarlux-Sarroch.jpg\",\"keywords\":[\"Ambiente\",\"comunit\u00e0\",\"decarbonizzazione\",\"energia eolica\",\"energie rinnovabili\",\"Gruppo Saras\",\"Innovazione\",\"Le nostre persone\",\"raffineria\",\"Saras\",\"sardegna\",\"Sarlux\",\"Sarroch\",\"sostenibilit\u00e0\"],\"articleSection\":[\"home\",\"News\"],\"inLanguage\":\"it-IT\"},{\"@type\":\"WebPage\",\"@id\":\"https:\\\/\\\/www.sarlux.saras.it\\\/it\\\/politica-di-sostenibilita-del-gruppo-saras\\\/\",\"url\":\"https:\\\/\\\/www.sarlux.saras.it\\\/it\\\/politica-di-sostenibilita-del-gruppo-saras\\\/\",\"name\":\"Politica di sostenibilit\u00e0 del Gruppo Saras - Sarlux Saras | Refining & Power\",\"isPartOf\":{\"@id\":\"https:\\\/\\\/www.sarlux.saras.it\\\/it\\\/#website\"},\"primaryImageOfPage\":{\"@id\":\"https:\\\/\\\/www.sarlux.saras.it\\\/it\\\/politica-di-sostenibilita-del-gruppo-saras\\\/#primaryimage\"},\"image\":{\"@id\":\"https:\\\/\\\/www.sarlux.saras.it\\\/it\\\/politica-di-sostenibilita-del-gruppo-saras\\\/#primaryimage\"},\"thumbnailUrl\":\"https:\\\/\\\/www.sarlux.saras.it\\\/wp-content\\\/uploads\\\/2022\\\/05\\\/politica-sostenibilita-Saras-Sarlux-Sarroch.jpg\",\"datePublished\":\"2022-05-06T12:55:06+00:00\",\"dateModified\":\"2022-05-09T14:53:10+00:00\",\"description\":\"La Politica di Sostenibilit\u00e0 del Gruppo Saras , approvata nei primi mesi del 2022, definisce gli obiettivi che il Gruppo si impegna a perseguire con riferimento ai temi dell\u2019etica, della tutela dei diritti umani, della diversit\u00e0, dell\u2019inclusione, dell\u2019attenzione per le comunit\u00e0 locali, del dialogo e del rapporto con gli stakeholder e i fornitori, della transizione ecologica e della tutela dell\u2019ambiente.\",\"breadcrumb\":{\"@id\":\"https:\\\/\\\/www.sarlux.saras.it\\\/it\\\/politica-di-sostenibilita-del-gruppo-saras\\\/#breadcrumb\"},\"inLanguage\":\"it-IT\",\"potentialAction\":[{\"@type\":\"ReadAction\",\"target\":[\"https:\\\/\\\/www.sarlux.saras.it\\\/it\\\/politica-di-sostenibilita-del-gruppo-saras\\\/\"]}]},{\"@type\":\"ImageObject\",\"inLanguage\":\"it-IT\",\"@id\":\"https:\\\/\\\/www.sarlux.saras.it\\\/it\\\/politica-di-sostenibilita-del-gruppo-saras\\\/#primaryimage\",\"url\":\"https:\\\/\\\/www.sarlux.saras.it\\\/wp-content\\\/uploads\\\/2022\\\/05\\\/politica-sostenibilita-Saras-Sarlux-Sarroch.jpg\",\"contentUrl\":\"https:\\\/\\\/www.sarlux.saras.it\\\/wp-content\\\/uploads\\\/2022\\\/05\\\/politica-sostenibilita-Saras-Sarlux-Sarroch.jpg\",\"width\":990,\"height\":450},{\"@type\":\"BreadcrumbList\",\"@id\":\"https:\\\/\\\/www.sarlux.saras.it\\\/it\\\/politica-di-sostenibilita-del-gruppo-saras\\\/#breadcrumb\",\"itemListElement\":[{\"@type\":\"ListItem\",\"position\":1,\"name\":\"Home\",\"item\":\"https:\\\/\\\/www.sarlux.saras.it\\\/it\\\/\"},{\"@type\":\"ListItem\",\"position\":2,\"name\":\"Politica di sostenibilit\u00e0 del Gruppo Saras\"}]},{\"@type\":\"WebSite\",\"@id\":\"https:\\\/\\\/www.sarlux.saras.it\\\/it\\\/#website\",\"url\":\"https:\\\/\\\/www.sarlux.saras.it\\\/it\\\/\",\"name\":\"Sarlux\",\"description\":\"\",\"publisher\":{\"@id\":\"https:\\\/\\\/www.sarlux.saras.it\\\/it\\\/#organization\"},\"potentialAction\":[{\"@type\":\"SearchAction\",\"target\":{\"@type\":\"EntryPoint\",\"urlTemplate\":\"https:\\\/\\\/www.sarlux.saras.it\\\/it\\\/?s={search_term_string}\"},\"query-input\":{\"@type\":\"PropertyValueSpecification\",\"valueRequired\":true,\"valueName\":\"search_term_string\"}}],\"inLanguage\":\"it-IT\"},{\"@type\":\"Organization\",\"@id\":\"https:\\\/\\\/www.sarlux.saras.it\\\/it\\\/#organization\",\"name\":\"Sarlux\",\"url\":\"https:\\\/\\\/www.sarlux.saras.it\\\/it\\\/\",\"logo\":{\"@type\":\"ImageObject\",\"inLanguage\":\"it-IT\",\"@id\":\"https:\\\/\\\/www.sarlux.saras.it\\\/it\\\/#\\\/schema\\\/logo\\\/image\\\/\",\"url\":\"https:\\\/\\\/www.sarlux.saras.it\\\/wp-content\\\/uploads\\\/2017\\\/12\\\/logo-pc-1.png\",\"contentUrl\":\"https:\\\/\\\/www.sarlux.saras.it\\\/wp-content\\\/uploads\\\/2017\\\/12\\\/logo-pc-1.png\",\"width\":184,\"height\":86,\"caption\":\"Sarlux\"},\"image\":{\"@id\":\"https:\\\/\\\/www.sarlux.saras.it\\\/it\\\/#\\\/schema\\\/logo\\\/image\\\/\"}},{\"@type\":\"Person\",\"@id\":\"https:\\\/\\\/www.sarlux.saras.it\\\/it\\\/#\\\/schema\\\/person\\\/c7561934b223f17087f8e08f41b37b83\",\"name\":\"newsarlux\",\"image\":{\"@type\":\"ImageObject\",\"inLanguage\":\"it-IT\",\"@id\":\"https:\\\/\\\/secure.gravatar.com\\\/avatar\\\/eb7f74d52340ebedd5480701fcdd6d2904abef8cdb3a51882f629f2dd32d610d?s=96&d=mm&r=g\",\"url\":\"https:\\\/\\\/secure.gravatar.com\\\/avatar\\\/eb7f74d52340ebedd5480701fcdd6d2904abef8cdb3a51882f629f2dd32d610d?s=96&d=mm&r=g\",\"contentUrl\":\"https:\\\/\\\/secure.gravatar.com\\\/avatar\\\/eb7f74d52340ebedd5480701fcdd6d2904abef8cdb3a51882f629f2dd32d610d?s=96&d=mm&r=g\",\"caption\":\"newsarlux\"},\"url\":\"\"}]}<\/script>\n<!-- \/ Yoast SEO plugin. -->","yoast_head_json":{"title":"Politica di sostenibilit\u00e0 del Gruppo Saras - Sarlux Saras | Refining & Power","description":"La Politica di Sostenibilit\u00e0 del Gruppo Saras , approvata nei primi mesi del 2022, definisce gli obiettivi che il Gruppo si impegna a perseguire con riferimento ai temi dell\u2019etica, della tutela dei diritti umani, della diversit\u00e0, dell\u2019inclusione, dell\u2019attenzione per le comunit\u00e0 locali, del dialogo e del rapporto con gli stakeholder e i fornitori, della transizione ecologica e della tutela dell\u2019ambiente.","robots":{"index":"index","follow":"follow","max-snippet":"max-snippet:-1","max-image-preview":"max-image-preview:large","max-video-preview":"max-video-preview:-1"},"canonical":"https:\/\/www.sarlux.saras.it\/it\/politica-di-sostenibilita-del-gruppo-saras\/","og_locale":"it_IT","og_type":"article","og_title":"Politica di sostenibilit\u00e0 del Gruppo Saras - Sarlux Saras | Refining & Power","og_description":"La Politica di Sostenibilit\u00e0 del Gruppo Saras , approvata nei primi mesi del 2022, definisce gli obiettivi che il Gruppo si impegna a perseguire con riferimento ai temi dell\u2019etica, della tutela dei diritti umani, della diversit\u00e0, dell\u2019inclusione, dell\u2019attenzione per le comunit\u00e0 locali, del dialogo e del rapporto con gli stakeholder e i fornitori, della transizione ecologica e della tutela dell\u2019ambiente.","og_url":"https:\/\/www.sarlux.saras.it\/it\/politica-di-sostenibilita-del-gruppo-saras\/","og_site_name":"Sarlux Saras | Refining & Power","article_published_time":"2022-05-06T12:55:06+00:00","article_modified_time":"2022-05-09T14:53:10+00:00","og_image":[{"width":990,"height":450,"url":"https:\/\/www.sarlux.saras.it\/wp-content\/uploads\/2022\/05\/politica-sostenibilita-Saras-Sarlux-Sarroch.jpg","type":"image\/jpeg"}],"author":"newsarlux","twitter_card":"summary_large_image","twitter_image":"https:\/\/www.sarlux.saras.it\/wp-content\/uploads\/2022\/05\/politica-sostenibilita-Saras-Sarlux-Sarroch.jpg","twitter_misc":{"Scritto da":"newsarlux","Tempo di lettura stimato":"4 minuti"},"schema":{"@context":"https:\/\/schema.org","@graph":[{"@type":"Article","@id":"https:\/\/www.sarlux.saras.it\/it\/politica-di-sostenibilita-del-gruppo-saras\/#article","isPartOf":{"@id":"https:\/\/www.sarlux.saras.it\/it\/politica-di-sostenibilita-del-gruppo-saras\/"},"author":{"name":"newsarlux","@id":"https:\/\/www.sarlux.saras.it\/it\/#\/schema\/person\/c7561934b223f17087f8e08f41b37b83"},"headline":"Politica di sostenibilit\u00e0 del Gruppo Saras","datePublished":"2022-05-06T12:55:06+00:00","dateModified":"2022-05-09T14:53:10+00:00","mainEntityOfPage":{"@id":"https:\/\/www.sarlux.saras.it\/it\/politica-di-sostenibilita-del-gruppo-saras\/"},"wordCount":1001,"publisher":{"@id":"https:\/\/www.sarlux.saras.it\/it\/#organization"},"image":{"@id":"https:\/\/www.sarlux.saras.it\/it\/politica-di-sostenibilita-del-gruppo-saras\/#primaryimage"},"thumbnailUrl":"https:\/\/www.sarlux.saras.it\/wp-content\/uploads\/2022\/05\/politica-sostenibilita-Saras-Sarlux-Sarroch.jpg","keywords":["Ambiente","comunit\u00e0","decarbonizzazione","energia eolica","energie rinnovabili","Gruppo Saras","Innovazione","Le nostre persone","raffineria","Saras","sardegna","Sarlux","Sarroch","sostenibilit\u00e0"],"articleSection":["home","News"],"inLanguage":"it-IT"},{"@type":"WebPage","@id":"https:\/\/www.sarlux.saras.it\/it\/politica-di-sostenibilita-del-gruppo-saras\/","url":"https:\/\/www.sarlux.saras.it\/it\/politica-di-sostenibilita-del-gruppo-saras\/","name":"Politica di sostenibilit\u00e0 del Gruppo Saras - Sarlux Saras | Refining & Power","isPartOf":{"@id":"https:\/\/www.sarlux.saras.it\/it\/#website"},"primaryImageOfPage":{"@id":"https:\/\/www.sarlux.saras.it\/it\/politica-di-sostenibilita-del-gruppo-saras\/#primaryimage"},"image":{"@id":"https:\/\/www.sarlux.saras.it\/it\/politica-di-sostenibilita-del-gruppo-saras\/#primaryimage"},"thumbnailUrl":"https:\/\/www.sarlux.saras.it\/wp-content\/uploads\/2022\/05\/politica-sostenibilita-Saras-Sarlux-Sarroch.jpg","datePublished":"2022-05-06T12:55:06+00:00","dateModified":"2022-05-09T14:53:10+00:00","description":"La Politica di Sostenibilit\u00e0 del Gruppo Saras , approvata nei primi mesi del 2022, definisce gli obiettivi che il Gruppo si impegna a perseguire con riferimento ai temi dell\u2019etica, della tutela dei diritti umani, della diversit\u00e0, dell\u2019inclusione, dell\u2019attenzione per le comunit\u00e0 locali, del dialogo e del rapporto con gli stakeholder e i fornitori, della transizione ecologica e della tutela dell\u2019ambiente.","breadcrumb":{"@id":"https:\/\/www.sarlux.saras.it\/it\/politica-di-sostenibilita-del-gruppo-saras\/#breadcrumb"},"inLanguage":"it-IT","potentialAction":[{"@type":"ReadAction","target":["https:\/\/www.sarlux.saras.it\/it\/politica-di-sostenibilita-del-gruppo-saras\/"]}]},{"@type":"ImageObject","inLanguage":"it-IT","@id":"https:\/\/www.sarlux.saras.it\/it\/politica-di-sostenibilita-del-gruppo-saras\/#primaryimage","url":"https:\/\/www.sarlux.saras.it\/wp-content\/uploads\/2022\/05\/politica-sostenibilita-Saras-Sarlux-Sarroch.jpg","contentUrl":"https:\/\/www.sarlux.saras.it\/wp-content\/uploads\/2022\/05\/politica-sostenibilita-Saras-Sarlux-Sarroch.jpg","width":990,"height":450},{"@type":"BreadcrumbList","@id":"https:\/\/www.sarlux.saras.it\/it\/politica-di-sostenibilita-del-gruppo-saras\/#breadcrumb","itemListElement":[{"@type":"ListItem","position":1,"name":"Home","item":"https:\/\/www.sarlux.saras.it\/it\/"},{"@type":"ListItem","position":2,"name":"Politica di sostenibilit\u00e0 del Gruppo Saras"}]},{"@type":"WebSite","@id":"https:\/\/www.sarlux.saras.it\/it\/#website","url":"https:\/\/www.sarlux.saras.it\/it\/","name":"Sarlux","description":"","publisher":{"@id":"https:\/\/www.sarlux.saras.it\/it\/#organization"},"potentialAction":[{"@type":"SearchAction","target":{"@type":"EntryPoint","urlTemplate":"https:\/\/www.sarlux.saras.it\/it\/?s={search_term_string}"},"query-input":{"@type":"PropertyValueSpecification","valueRequired":true,"valueName":"search_term_string"}}],"inLanguage":"it-IT"},{"@type":"Organization","@id":"https:\/\/www.sarlux.saras.it\/it\/#organization","name":"Sarlux","url":"https:\/\/www.sarlux.saras.it\/it\/","logo":{"@type":"ImageObject","inLanguage":"it-IT","@id":"https:\/\/www.sarlux.saras.it\/it\/#\/schema\/logo\/image\/","url":"https:\/\/www.sarlux.saras.it\/wp-content\/uploads\/2017\/12\/logo-pc-1.png","contentUrl":"https:\/\/www.sarlux.saras.it\/wp-content\/uploads\/2017\/12\/logo-pc-1.png","width":184,"height":86,"caption":"Sarlux"},"image":{"@id":"https:\/\/www.sarlux.saras.it\/it\/#\/schema\/logo\/image\/"}},{"@type":"Person","@id":"https:\/\/www.sarlux.saras.it\/it\/#\/schema\/person\/c7561934b223f17087f8e08f41b37b83","name":"newsarlux","image":{"@type":"ImageObject","inLanguage":"it-IT","@id":"https:\/\/secure.gravatar.com\/avatar\/eb7f74d52340ebedd5480701fcdd6d2904abef8cdb3a51882f629f2dd32d610d?s=96&d=mm&r=g","url":"https:\/\/secure.gravatar.com\/avatar\/eb7f74d52340ebedd5480701fcdd6d2904abef8cdb3a51882f629f2dd32d610d?s=96&d=mm&r=g","contentUrl":"https:\/\/secure.gravatar.com\/avatar\/eb7f74d52340ebedd5480701fcdd6d2904abef8cdb3a51882f629f2dd32d610d?s=96&d=mm&r=g","caption":"newsarlux"},"url":""}]}},"_links":{"self":[{"href":"https:\/\/www.sarlux.saras.it\/it\/wp-json\/wp\/v2\/posts\/544142","targetHints":{"allow":["GET"]}}],"collection":[{"href":"https:\/\/www.sarlux.saras.it\/it\/wp-json\/wp\/v2\/posts"}],"about":[{"href":"https:\/\/www.sarlux.saras.it\/it\/wp-json\/wp\/v2\/types\/post"}],"author":[{"embeddable":true,"href":"https:\/\/www.sarlux.saras.it\/it\/wp-json\/wp\/v2\/users\/2"}],"replies":[{"embeddable":true,"href":"https:\/\/www.sarlux.saras.it\/it\/wp-json\/wp\/v2\/comments?post=544142"}],"version-history":[{"count":6,"href":"https:\/\/www.sarlux.saras.it\/it\/wp-json\/wp\/v2\/posts\/544142\/revisions"}],"predecessor-version":[{"id":544843,"href":"https:\/\/www.sarlux.saras.it\/it\/wp-json\/wp\/v2\/posts\/544142\/revisions\/544843"}],"wp:featuredmedia":[{"embeddable":true,"href":"https:\/\/www.sarlux.saras.it\/it\/wp-json\/wp\/v2\/media\/544145"}],"wp:attachment":[{"href":"https:\/\/www.sarlux.saras.it\/it\/wp-json\/wp\/v2\/media?parent=544142"}],"wp:term":[{"taxonomy":"category","embeddable":true,"href":"https:\/\/www.sarlux.saras.it\/it\/wp-json\/wp\/v2\/categories?post=544142"},{"taxonomy":"post_tag","embeddable":true,"href":"https:\/\/www.sarlux.saras.it\/it\/wp-json\/wp\/v2\/tags?post=544142"}],"curies":[{"name":"wp","href":"https:\/\/api.w.org\/{rel}","templated":true}]}}