{"id":544443,"date":"2022-06-29T08:26:33","date_gmt":"2022-06-29T08:26:33","guid":{"rendered":"https:\/\/www.sarlux.saras.it\/?p=544443"},"modified":"2022-07-15T14:46:00","modified_gmt":"2022-07-15T14:46:00","slug":"saras-e-aidic-una-partnership-di-grande-valore","status":"publish","type":"post","link":"https:\/\/www.sarlux.saras.it\/it\/saras-e-aidic-una-partnership-di-grande-valore\/","title":{"rendered":"SARAS e AIDIC, una partnership di grande valore"},"content":{"rendered":"<div class=\"wpb-content-wrapper\"><p>[vc_row][vc_column][vc_column_text]In sessant\u2019anni Saras \u00e8 diventata un Gruppo all\u2019avanguardia, nel quale il carattere internazionale dell\u2019attivit\u00e0 si accompagna alla presenza di solide radici locali.<\/p>\n<p><strong>Il forte rapporto con il territorio e l\u2019agire dell\u2019azienda <\/strong>volto al miglioramento continuo, all\u2019attenzione verso l\u2019evoluzione delle innovazioni tecnologiche che hanno anticipato le best practice del settore, allo sviluppo delle conoscenze digitali e competenze ingegneristiche con elevati standard professionali, <strong>hanno generato ricadute economiche, occupazione, competenze professionali rilevanti.<\/strong><\/p>\n<p>Un ruolo sostanziale in questo sviluppo lo ha avuto il <strong>network che si \u00e8 costruito negli anni tra il Gruppo Saras, l\u2019universit\u00e0, le aziende e le associazioni del territorio: insieme si crea valore a lungo termine<\/strong>.[\/vc_column_text][vc_empty_space height=&#8221;16px&#8221;][\/vc_column][\/vc_row][vc_row bg_type=&#8221;grad&#8221; bg_grad=&#8221;background: -webkit-gradient(linear, left top, left bottom, color-stop(0%, #F5F5F5), color-stop(33%, #FFFFFF), color-stop(66%, #FFFFFF), color-stop(100%, #F5F5F5));background: -moz-linear-gradient(left,#F5F5F5 0%,#FFFFFF 33%,#FFFFFF 66%,#F5F5F5 100%);background: -webkit-linear-gradient(left,#F5F5F5 0%,#FFFFFF 33%,#FFFFFF 66%,#F5F5F5 100%);background: -o-linear-gradient(left,#F5F5F5 0%,#FFFFFF 33%,#FFFFFF 66%,#F5F5F5 100%);background: -ms-linear-gradient(left,#F5F5F5 0%,#FFFFFF 33%,#FFFFFF 66%,#F5F5F5 100%);background: linear-gradient(left,#F5F5F5 0%,#FFFFFF 33%,#FFFFFF 66%,#F5F5F5 100%);&#8221; css=&#8221;.vc_custom_1610992623708{margin-right: 50px !important;margin-left: 50px !important;border-radius: 2px !important;}&#8221;][vc_column width=&#8221;1\/12&#8243;][vc_column_text css=&#8221;.vc_custom_1607529586719{margin-right: 0px !important;border-right-width: 0px !important;padding-right: 0px !important;}&#8221;]<\/p>\n<h1 style=\"text-align: right;\"><span style=\"font-family: symbol; font-size: 96px;\">\u201c<\/span><\/h1>\n<p>[\/vc_column_text][\/vc_column][vc_column width=&#8221;10\/12&#8243; css=&#8221;.vc_custom_1607529781794{margin-top: 0px !important;margin-right: 0px !important;margin-left: 0px !important;padding-top: 0px !important;padding-right: 0px !important;padding-left: 0px !important;}&#8221;][vc_column_text css=&#8221;.vc_custom_1656494309695{margin-top: 10px !important;margin-right: 0px !important;margin-bottom: 10px !important;margin-left: 0px !important;border-right-width: 0px !important;border-bottom-width: 0px !important;border-left-width: 0px !important;padding-top: 6px !important;padding-right: 0px !important;padding-bottom: 0px !important;padding-left: 0px !important;}&#8221;]Saras \u00e8 la realt\u00e0 industriale pi\u00f9 importante della Sardegna grazie al territorio che ci ospita e che ci ha sempre sostenuto anche fornendo persone qualificate.<\/p>\n<p><strong>Dario Scaffardi, <\/strong>CEO di Saras<\/p>\n<h6><span style=\"font-size: 12px;\"><em>Dall\u2019intervento tenuto all\u2019Assemblea pubblica Confindustria Sardegna Meridionale del 10 giugno 2022<\/em><\/span><\/h6>\n<p>[\/vc_column_text][\/vc_column][vc_column width=&#8221;1\/12&#8243;][vc_column_text css=&#8221;.vc_custom_1607529611061{margin-left: 0px !important;padding-left: 0px !important;}&#8221;]<\/p>\n<h1 style=\"text-align: left;\"><span style=\"font-family: symbol; font-size: 96px;\">\u201d<\/span><\/h1>\n<p>[\/vc_column_text][\/vc_column][\/vc_row][vc_row][vc_column][vc_empty_space height=&#8221;16px&#8221;][vc_single_image image=&#8221;542953&#8243; img_size=&#8221;full&#8221;][vc_empty_space height=&#8221;16px&#8221;][vc_column_text]<strong>A favore dello sviluppo culturale del settore industriale, <\/strong>insieme all\u2019<strong>Universit\u00e0 di Cagliari,<\/strong> istituzione con la quale il <strong>Gruppo<\/strong> da vent\u2019anni ha attivato un <strong>Protocollo d\u2019Intesa<\/strong>, <strong>l\u2019AIDIC<\/strong> (Associazione Italiana di Ingegneria Chimica) \u00e8<strong>\u00a0uno dei partner pi\u00f9 attenti<\/strong> alla crescita delle competenze e a favorire la permanenza in Sardegna dei giovani laureati a cui il Gruppo Saras contribuisce da tempo, anche attraverso incentivi per la conclusione del percorso di laurea magistrale a Cagliari.<\/p>\n<p>Con la ripresa delle attivit\u00e0 dopo la pandemia, durante il 2022<strong>, Saras ha partecipato agli eventi e alle iniziative culturali e scientifiche dell\u2019AIDIC e dell\u2019ATI <\/strong>(Associazione Termotecnica Italiana)<strong> con interventi e testimonianze di manager del Gruppo e della raffineria Sarlux,<\/strong> volti alla diffusione delle conoscenze tecnologiche, dell\u2019innovazione dei processi, dello sviluppo sostenibile.[\/vc_column_text][\/vc_column][\/vc_row][vc_row][vc_column][vc_empty_space height=&#8221;16px&#8221;][vc_column_text]<\/p>\n<p style=\"text-align: left;\"><strong>LE PERSONE COME PATRIMONIO<\/strong><\/p>\n<p>[\/vc_column_text][vc_empty_space height=&#8221;8px&#8221;][\/vc_column][\/vc_row][vc_row][vc_column width=&#8221;1\/2&#8243;][rev_slider_vc alias=&#8221;aidic-talk&#8221;][vc_empty_space height=&#8221;16px&#8221;][vc_empty_space height=&#8221;16px&#8221;][\/vc_column][vc_column width=&#8221;1\/2&#8243;][vc_empty_space height=&#8221;16px&#8221;][vc_column_text]Nell\u2019ambito degli \u201c<em><strong>AIDIC Talk in Universit\u00e0\u201d<\/strong><\/em>,\u00a0l\u2019AIDIC ha organizzato un <strong><em>talk<\/em> a Cagliari rivolto a studenti di laurea triennale e magistrale in ingegneria chimica<\/strong>.<\/p>\n<p>Per il Gruppo Saras ha portato la <strong>testimonianza <\/strong>del proprio percorso professionale un\u2019ingegnera del\u00a0<strong>team Project Masterplanning &amp; Appraisal,<\/strong> dimostrando come la profonda conoscenza, le competenze e gli standard professionali costituiscano la base di una performance che, unita all\u2019innovazione dei processi in tutta la supply chain, rende <strong>Saras un punto di riferimento nel settore della raffinazione<\/strong>.[\/vc_column_text][\/vc_column][\/vc_row][vc_row][vc_column][vc_column_text]<strong>SVILUPPO E INNOVAZIONE<\/strong><\/p>\n<p>Nel mese di giugno si \u00e8 tenuto, presso l\u2019Universit\u00e0 di Cagliari, il<strong> convegno di studi<\/strong> \u2013 organizzato dall\u2019<strong>AIDIC<\/strong> e dall\u2019<strong>ATI<\/strong> \u2013 intitolato \u201c<strong><em>Il ruolo dell\u2019idrogeno nella transizione energetica in Sardegna<\/em><\/strong>\u201d in cui si \u00e8 rappresentato lo stato dell\u2019arte delle iniziative in corso in Sardegna sull\u2019utilizzo dell\u2019idrogeno, strategico per la transizione energetica.[\/vc_column_text][vc_empty_space height=&#8221;8px&#8221;][\/vc_column][\/vc_row][vc_row][vc_column width=&#8221;1\/2&#8243;][rev_slider_vc alias=&#8221;aidic-idrogeno-verde&#8221;][vc_empty_space height=&#8221;8px&#8221;][\/vc_column][vc_column width=&#8221;1\/2&#8243;][vc_empty_space height=&#8221;16px&#8221;][vc_single_image image=&#8221;544448&#8243; img_size=&#8221;full&#8221;][\/vc_column][\/vc_row][vc_row][vc_column][vc_column_text]Nel corso del convegno <strong>\u00e8 stato illustrato, nei suoi aspetti tecnologici e nelle ricadute sul territorio, il recente accordo stipulato tra Saras ed Enel Green Power sulla produzione di idrogeno nello stabilimento Sarlux di Sarroch<\/strong>. Anche in questo caso, Saras, per poter operare in modo sostenibile, utilizza tecnologie sofisticate, tecniche innovative, processi efficienti e conoscenze\/competenze sempre attuali.[\/vc_column_text][vc_empty_space height=&#8221;16px&#8221;][\/vc_column][\/vc_row][vc_row][vc_column][vc_empty_space height=&#8221;16px&#8221;][vc_column_text]<strong>TECNOLOGIA<\/strong>[\/vc_column_text][vc_empty_space height=&#8221;8px&#8221;][\/vc_column][\/vc_row][vc_row][vc_column width=&#8221;1\/2&#8243;][rev_slider_vc alias=&#8221;aidic-fil-rouge&#8221;][\/vc_column][vc_column width=&#8221;1\/2&#8243;][vc_column_text]Ancora AIDIC e ATI hanno organizzato per il 2022 i \u201c<strong>Webinar Fil Rouge<\/strong>\u201d, numerosi eventi brevi, tenuti esclusivamente via web, in cui diversi esperti, scelti dal comitato congiunto AIDIC\/ATI, presentano le loro esperienze e\/o ricerche su temi attuali e di interesse scientifico.<\/p>\n<p>Il webinar del 23 giugno, intitolato \u201c<strong><em>Evoluzione digitale degli asset industriali e loro gestione: smart digital reality<\/em><\/strong>\u201d, <strong>ha dimostrato come l\u2019applicazione di tecnologie avanzate consenta al Gruppo SARAS di massimizzare le proprie performance di raffinazione garantendo al contempo sostenibilit\u00e0 e rispetto dell\u2019ambiente.<\/strong><\/p>\n<p>Gli argomenti del 2022 sono stati <strong>scelti in vista e preparazione all\u2019evento E2DT<\/strong> (Energy, Environment and Digital Transition), la conferenza scientifica internazionale sulla transizione energetica e ambientale e sulla digitalizzazione, organizzata da AIDIC sotto l\u2019egida della Federazione Europea di Ingegneria Chimica, che si terr\u00e0 a Milano dal 23 al 26 ottobre prossimi.[\/vc_column_text][\/vc_column][\/vc_row][vc_row][vc_column][vc_empty_space height=&#8221;16px&#8221;][vc_empty_space height=&#8221;16px&#8221;][\/vc_column][\/vc_row][vc_row bg_type=&#8221;grad&#8221; bg_grad=&#8221;background: -webkit-gradient(linear, left top, left bottom, color-stop(0%, #F5F5F5), color-stop(33%, #FFFFFF), color-stop(66%, #FFFFFF), color-stop(100%, #F5F5F5));background: -moz-linear-gradient(left,#F5F5F5 0%,#FFFFFF 33%,#FFFFFF 66%,#F5F5F5 100%);background: -webkit-linear-gradient(left,#F5F5F5 0%,#FFFFFF 33%,#FFFFFF 66%,#F5F5F5 100%);background: -o-linear-gradient(left,#F5F5F5 0%,#FFFFFF 33%,#FFFFFF 66%,#F5F5F5 100%);background: -ms-linear-gradient(left,#F5F5F5 0%,#FFFFFF 33%,#FFFFFF 66%,#F5F5F5 100%);background: linear-gradient(left,#F5F5F5 0%,#FFFFFF 33%,#FFFFFF 66%,#F5F5F5 100%);&#8221; css=&#8221;.vc_custom_1610992623708{margin-right: 50px !important;margin-left: 50px !important;border-radius: 2px !important;}&#8221;][vc_column width=&#8221;1\/12&#8243;][vc_column_text css=&#8221;.vc_custom_1607529586719{margin-right: 0px !important;border-right-width: 0px !important;padding-right: 0px !important;}&#8221;]<\/p>\n<h1 style=\"text-align: right;\"><span style=\"font-family: symbol; font-size: 96px;\">\u201c<\/span><\/h1>\n<p>[\/vc_column_text][\/vc_column][vc_column width=&#8221;10\/12&#8243; css=&#8221;.vc_custom_1607529781794{margin-top: 0px !important;margin-right: 0px !important;margin-left: 0px !important;padding-top: 0px !important;padding-right: 0px !important;padding-left: 0px !important;}&#8221;][vc_column_text css=&#8221;.vc_custom_1656494710010{margin-top: 10px !important;margin-right: 0px !important;margin-bottom: 10px !important;margin-left: 0px !important;border-right-width: 0px !important;border-bottom-width: 0px !important;border-left-width: 0px !important;padding-top: 6px !important;padding-right: 0px !important;padding-bottom: 0px !important;padding-left: 0px !important;}&#8221;]\u00c8 grazie alla professionalit\u00e0 delle nostre persone che riusciamo a essere un punto di riferimento riconosciuto, noi utilizziamo sistemi di controllo, sistemi di intelligenza artificiale che sono veramente all\u2019avanguardia mondiale.<\/p>\n<p><strong>Dario Scaffardi, <\/strong>CEO di Saras<\/p>\n<h6><span style=\"font-size: 12px;\"><em>Dall\u2019intervento tenuto all\u2019Assemblea pubblica Confindustria Sardegna Meridionale del 10 giugno 2022<\/em><\/span><\/h6>\n<p>[\/vc_column_text][\/vc_column][vc_column width=&#8221;1\/12&#8243;][vc_column_text css=&#8221;.vc_custom_1607529611061{margin-left: 0px !important;padding-left: 0px !important;}&#8221;]<\/p>\n<h1 style=\"text-align: left;\"><span style=\"font-family: symbol; font-size: 96px;\">\u201d<\/span><\/h1>\n<p>[\/vc_column_text][\/vc_column][\/vc_row][vc_row][vc_column][vc_icon icon_fontawesome=&#8221;fa fa-cog&#8221; size=&#8221;sm&#8221; align=&#8221;center&#8221;][vc_empty_space height=&#8221;16px&#8221;][vc_column_text]<span style=\"font-size: 16px;\">Il Gruppo Saras \u00e8 uno dei principali operatori europei nella raffinazione del petrolio ed \u00e8 attivo anche nel settore della produzione di energia elettrica. Direttamente e attraverso le proprie controllate, il Gruppo vende e distribuisce prodotti petroliferi nei mercati nazionali e internazionali. Inoltre, il Gruppo produce e vende energia elettrica attraverso le controllate Sarlux Srl (impianto IGCC) e Sardeolica Srl (parco eolico). Il Gruppo offre poi servizi di ingegneria industriale per il settore petrolifero, dell\u2019energia e dell\u2019ambiente attraverso la controllata Sartec Srl.<\/span>[\/vc_column_text][vc_empty_space][\/vc_column][\/vc_row][vc_row][vc_column][vc_empty_space][vc_icon icon_fontawesome=&#8221;fa fa-cog&#8221; size=&#8221;sm&#8221; align=&#8221;center&#8221;][\/vc_column][\/vc_row]<\/p>\n<\/div>","protected":false},"excerpt":{"rendered":"<p>Saras ha partecipato agli eventi e alle iniziative culturali e scientifiche di AIDIC con interventi e testimonianze di manager del Gruppo e della raffineria Sarlux,\u00a0volte alla diffusione delle conoscenze tecnologiche, dell\u2019innovazione dei processi, dello sviluppo sostenibile.<\/p>\n","protected":false},"author":2,"featured_media":544439,"comment_status":"closed","ping_status":"open","sticky":false,"template":"","format":"standard","meta":{"_acf_changed":false,"inline_featured_image":false,"footnotes":""},"categories":[26,17],"tags":[44,38,410,62,374,138,458,35,316,135,97,29,47,82,32,108,50,105,53,71,111,126,114,65],"class_list":["post-544443","post","type-post","status-publish","format-standard","has-post-thumbnail","hentry","category-home-it","category-news","tag-digitalsaras","tag-ambiente","tag-big-data","tag-borsa-studio","tag-cagliari","tag-cultura","tag-decarbonizzazione","tag-educazione","tag-energie-rinnovabili","tag-formazione","tag-gruppo-saras","tag-impegno-sociale","tag-industria-4-0","tag-innovazione","tag-le-nostre-persone","tag-raffineria","tag-saras","tag-sardegna","tag-sarlux","tag-sarroch","tag-sostenibilita","tag-sviluppo","tag-territorio","tag-universita"],"acf":[],"yoast_head":"<!-- This site is optimized with the Yoast SEO plugin v27.3 - https:\/\/yoast.com\/product\/yoast-seo-wordpress\/ -->\n<title>SARAS e AIDIC, una partnership di grande valore<\/title>\n<meta name=\"description\" content=\"Saras ha partecipato agli eventi e alle iniziative\u00a0 culturali e scientifiche di AIDIC con interventi e testimonianze di manager del Gruppo e della raffineria Sarlux,\u00a0volte alla diffusione delle conoscenze tecnologiche, dell\u2019innovazione dei processi, dello sviluppo sostenibile.\" \/>\n<meta name=\"robots\" content=\"index, follow, max-snippet:-1, max-image-preview:large, max-video-preview:-1\" \/>\n<link rel=\"canonical\" href=\"https:\/\/www.sarlux.saras.it\/it\/saras-e-aidic-una-partnership-di-grande-valore\/\" \/>\n<meta property=\"og:locale\" content=\"it_IT\" \/>\n<meta property=\"og:type\" content=\"article\" \/>\n<meta property=\"og:title\" content=\"SARAS e AIDIC, una partnership di grande valore\" \/>\n<meta property=\"og:description\" content=\"Saras ha partecipato agli eventi e alle iniziative\u00a0 culturali e scientifiche di AIDIC con interventi e testimonianze di manager del Gruppo e della raffineria Sarlux,\u00a0volte alla diffusione delle conoscenze tecnologiche, dell\u2019innovazione dei processi, dello sviluppo sostenibile.\" \/>\n<meta property=\"og:url\" content=\"https:\/\/www.sarlux.saras.it\/it\/saras-e-aidic-una-partnership-di-grande-valore\/\" \/>\n<meta property=\"og:site_name\" content=\"Sarlux Saras | Refining &amp; Power\" \/>\n<meta property=\"article:published_time\" content=\"2022-06-29T08:26:33+00:00\" \/>\n<meta property=\"article:modified_time\" content=\"2022-07-15T14:46:00+00:00\" \/>\n<meta property=\"og:image\" content=\"https:\/\/www.sarlux.saras.it\/wp-content\/uploads\/revslider\/AIDIC-Talk-Saras-Sarlux-Universita-Cagliari.jpg\" \/>\n\t<meta property=\"og:image:width\" content=\"990\" \/>\n\t<meta property=\"og:image:height\" content=\"450\" \/>\n\t<meta property=\"og:image:type\" content=\"image\/jpeg\" \/>\n<meta name=\"author\" content=\"newsarlux\" \/>\n<meta name=\"twitter:card\" content=\"summary_large_image\" \/>\n<meta name=\"twitter:image\" content=\"https:\/\/www.sarlux.saras.it\/wp-content\/uploads\/revslider\/AIDIC-Talk-Saras-Sarlux-Universita-Cagliari.jpg\" \/>\n<meta name=\"twitter:label1\" content=\"Scritto da\" \/>\n\t<meta name=\"twitter:data1\" content=\"newsarlux\" \/>\n\t<meta name=\"twitter:label2\" content=\"Tempo di lettura stimato\" \/>\n\t<meta name=\"twitter:data2\" content=\"6 minuti\" \/>\n<script type=\"application\/ld+json\" class=\"yoast-schema-graph\">{\"@context\":\"https:\\\/\\\/schema.org\",\"@graph\":[{\"@type\":\"Article\",\"@id\":\"https:\\\/\\\/www.sarlux.saras.it\\\/it\\\/saras-e-aidic-una-partnership-di-grande-valore\\\/#article\",\"isPartOf\":{\"@id\":\"https:\\\/\\\/www.sarlux.saras.it\\\/it\\\/saras-e-aidic-una-partnership-di-grande-valore\\\/\"},\"author\":{\"name\":\"newsarlux\",\"@id\":\"https:\\\/\\\/www.sarlux.saras.it\\\/it\\\/#\\\/schema\\\/person\\\/c7561934b223f17087f8e08f41b37b83\"},\"headline\":\"SARAS e AIDIC, una partnership di grande valore\",\"datePublished\":\"2022-06-29T08:26:33+00:00\",\"dateModified\":\"2022-07-15T14:46:00+00:00\",\"mainEntityOfPage\":{\"@id\":\"https:\\\/\\\/www.sarlux.saras.it\\\/it\\\/saras-e-aidic-una-partnership-di-grande-valore\\\/\"},\"wordCount\":1477,\"publisher\":{\"@id\":\"https:\\\/\\\/www.sarlux.saras.it\\\/it\\\/#organization\"},\"image\":{\"@id\":\"https:\\\/\\\/www.sarlux.saras.it\\\/it\\\/saras-e-aidic-una-partnership-di-grande-valore\\\/#primaryimage\"},\"thumbnailUrl\":\"https:\\\/\\\/www.sarlux.saras.it\\\/wp-content\\\/uploads\\\/revslider\\\/AIDIC-Talk-Saras-Sarlux-Universita-Cagliari.jpg\",\"keywords\":[\"#digitalsaras\",\"Ambiente\",\"big data\",\"Borsa studio\",\"Cagliari\",\"cultura\",\"decarbonizzazione\",\"Educazione\",\"energie rinnovabili\",\"formazione\",\"Gruppo Saras\",\"Impegno sociale\",\"industria 4.0\",\"Innovazione\",\"Le nostre persone\",\"raffineria\",\"Saras\",\"sardegna\",\"Sarlux\",\"Sarroch\",\"sostenibilit\u00e0\",\"sviluppo\",\"territorio\",\"Universit\u00e0\"],\"articleSection\":[\"home\",\"News\"],\"inLanguage\":\"it-IT\"},{\"@type\":\"WebPage\",\"@id\":\"https:\\\/\\\/www.sarlux.saras.it\\\/it\\\/saras-e-aidic-una-partnership-di-grande-valore\\\/\",\"url\":\"https:\\\/\\\/www.sarlux.saras.it\\\/it\\\/saras-e-aidic-una-partnership-di-grande-valore\\\/\",\"name\":\"SARAS e AIDIC, una partnership di grande valore\",\"isPartOf\":{\"@id\":\"https:\\\/\\\/www.sarlux.saras.it\\\/it\\\/#website\"},\"primaryImageOfPage\":{\"@id\":\"https:\\\/\\\/www.sarlux.saras.it\\\/it\\\/saras-e-aidic-una-partnership-di-grande-valore\\\/#primaryimage\"},\"image\":{\"@id\":\"https:\\\/\\\/www.sarlux.saras.it\\\/it\\\/saras-e-aidic-una-partnership-di-grande-valore\\\/#primaryimage\"},\"thumbnailUrl\":\"https:\\\/\\\/www.sarlux.saras.it\\\/wp-content\\\/uploads\\\/revslider\\\/AIDIC-Talk-Saras-Sarlux-Universita-Cagliari.jpg\",\"datePublished\":\"2022-06-29T08:26:33+00:00\",\"dateModified\":\"2022-07-15T14:46:00+00:00\",\"description\":\"Saras ha partecipato agli eventi e alle iniziative\u00a0 culturali e scientifiche di AIDIC con interventi e testimonianze di manager del Gruppo e della raffineria Sarlux,\u00a0volte alla diffusione delle conoscenze tecnologiche, dell\u2019innovazione dei processi, dello sviluppo sostenibile.\",\"breadcrumb\":{\"@id\":\"https:\\\/\\\/www.sarlux.saras.it\\\/it\\\/saras-e-aidic-una-partnership-di-grande-valore\\\/#breadcrumb\"},\"inLanguage\":\"it-IT\",\"potentialAction\":[{\"@type\":\"ReadAction\",\"target\":[\"https:\\\/\\\/www.sarlux.saras.it\\\/it\\\/saras-e-aidic-una-partnership-di-grande-valore\\\/\"]}]},{\"@type\":\"ImageObject\",\"inLanguage\":\"it-IT\",\"@id\":\"https:\\\/\\\/www.sarlux.saras.it\\\/it\\\/saras-e-aidic-una-partnership-di-grande-valore\\\/#primaryimage\",\"url\":\"https:\\\/\\\/www.sarlux.saras.it\\\/wp-content\\\/uploads\\\/revslider\\\/AIDIC-Talk-Saras-Sarlux-Universita-Cagliari.jpg\",\"contentUrl\":\"https:\\\/\\\/www.sarlux.saras.it\\\/wp-content\\\/uploads\\\/revslider\\\/AIDIC-Talk-Saras-Sarlux-Universita-Cagliari.jpg\",\"width\":990,\"height\":450},{\"@type\":\"BreadcrumbList\",\"@id\":\"https:\\\/\\\/www.sarlux.saras.it\\\/it\\\/saras-e-aidic-una-partnership-di-grande-valore\\\/#breadcrumb\",\"itemListElement\":[{\"@type\":\"ListItem\",\"position\":1,\"name\":\"Home\",\"item\":\"https:\\\/\\\/www.sarlux.saras.it\\\/it\\\/\"},{\"@type\":\"ListItem\",\"position\":2,\"name\":\"SARAS e AIDIC, una partnership di grande valore\"}]},{\"@type\":\"WebSite\",\"@id\":\"https:\\\/\\\/www.sarlux.saras.it\\\/it\\\/#website\",\"url\":\"https:\\\/\\\/www.sarlux.saras.it\\\/it\\\/\",\"name\":\"Sarlux\",\"description\":\"\",\"publisher\":{\"@id\":\"https:\\\/\\\/www.sarlux.saras.it\\\/it\\\/#organization\"},\"potentialAction\":[{\"@type\":\"SearchAction\",\"target\":{\"@type\":\"EntryPoint\",\"urlTemplate\":\"https:\\\/\\\/www.sarlux.saras.it\\\/it\\\/?s={search_term_string}\"},\"query-input\":{\"@type\":\"PropertyValueSpecification\",\"valueRequired\":true,\"valueName\":\"search_term_string\"}}],\"inLanguage\":\"it-IT\"},{\"@type\":\"Organization\",\"@id\":\"https:\\\/\\\/www.sarlux.saras.it\\\/it\\\/#organization\",\"name\":\"Sarlux\",\"url\":\"https:\\\/\\\/www.sarlux.saras.it\\\/it\\\/\",\"logo\":{\"@type\":\"ImageObject\",\"inLanguage\":\"it-IT\",\"@id\":\"https:\\\/\\\/www.sarlux.saras.it\\\/it\\\/#\\\/schema\\\/logo\\\/image\\\/\",\"url\":\"https:\\\/\\\/www.sarlux.saras.it\\\/wp-content\\\/uploads\\\/2017\\\/12\\\/logo-pc-1.png\",\"contentUrl\":\"https:\\\/\\\/www.sarlux.saras.it\\\/wp-content\\\/uploads\\\/2017\\\/12\\\/logo-pc-1.png\",\"width\":184,\"height\":86,\"caption\":\"Sarlux\"},\"image\":{\"@id\":\"https:\\\/\\\/www.sarlux.saras.it\\\/it\\\/#\\\/schema\\\/logo\\\/image\\\/\"}},{\"@type\":\"Person\",\"@id\":\"https:\\\/\\\/www.sarlux.saras.it\\\/it\\\/#\\\/schema\\\/person\\\/c7561934b223f17087f8e08f41b37b83\",\"name\":\"newsarlux\",\"image\":{\"@type\":\"ImageObject\",\"inLanguage\":\"it-IT\",\"@id\":\"https:\\\/\\\/secure.gravatar.com\\\/avatar\\\/eb7f74d52340ebedd5480701fcdd6d2904abef8cdb3a51882f629f2dd32d610d?s=96&d=mm&r=g\",\"url\":\"https:\\\/\\\/secure.gravatar.com\\\/avatar\\\/eb7f74d52340ebedd5480701fcdd6d2904abef8cdb3a51882f629f2dd32d610d?s=96&d=mm&r=g\",\"contentUrl\":\"https:\\\/\\\/secure.gravatar.com\\\/avatar\\\/eb7f74d52340ebedd5480701fcdd6d2904abef8cdb3a51882f629f2dd32d610d?s=96&d=mm&r=g\",\"caption\":\"newsarlux\"},\"url\":\"\"}]}<\/script>\n<!-- \/ Yoast SEO plugin. -->","yoast_head_json":{"title":"SARAS e AIDIC, una partnership di grande valore","description":"Saras ha partecipato agli eventi e alle iniziative\u00a0 culturali e scientifiche di AIDIC con interventi e testimonianze di manager del Gruppo e della raffineria Sarlux,\u00a0volte alla diffusione delle conoscenze tecnologiche, dell\u2019innovazione dei processi, dello sviluppo sostenibile.","robots":{"index":"index","follow":"follow","max-snippet":"max-snippet:-1","max-image-preview":"max-image-preview:large","max-video-preview":"max-video-preview:-1"},"canonical":"https:\/\/www.sarlux.saras.it\/it\/saras-e-aidic-una-partnership-di-grande-valore\/","og_locale":"it_IT","og_type":"article","og_title":"SARAS e AIDIC, una partnership di grande valore","og_description":"Saras ha partecipato agli eventi e alle iniziative\u00a0 culturali e scientifiche di AIDIC con interventi e testimonianze di manager del Gruppo e della raffineria Sarlux,\u00a0volte alla diffusione delle conoscenze tecnologiche, dell\u2019innovazione dei processi, dello sviluppo sostenibile.","og_url":"https:\/\/www.sarlux.saras.it\/it\/saras-e-aidic-una-partnership-di-grande-valore\/","og_site_name":"Sarlux Saras | Refining & Power","article_published_time":"2022-06-29T08:26:33+00:00","article_modified_time":"2022-07-15T14:46:00+00:00","og_image":[{"width":990,"height":450,"url":"https:\/\/www.sarlux.saras.it\/wp-content\/uploads\/revslider\/AIDIC-Talk-Saras-Sarlux-Universita-Cagliari.jpg","type":"image\/jpeg"}],"author":"newsarlux","twitter_card":"summary_large_image","twitter_image":"https:\/\/www.sarlux.saras.it\/wp-content\/uploads\/revslider\/AIDIC-Talk-Saras-Sarlux-Universita-Cagliari.jpg","twitter_misc":{"Scritto da":"newsarlux","Tempo di lettura stimato":"6 minuti"},"schema":{"@context":"https:\/\/schema.org","@graph":[{"@type":"Article","@id":"https:\/\/www.sarlux.saras.it\/it\/saras-e-aidic-una-partnership-di-grande-valore\/#article","isPartOf":{"@id":"https:\/\/www.sarlux.saras.it\/it\/saras-e-aidic-una-partnership-di-grande-valore\/"},"author":{"name":"newsarlux","@id":"https:\/\/www.sarlux.saras.it\/it\/#\/schema\/person\/c7561934b223f17087f8e08f41b37b83"},"headline":"SARAS e AIDIC, una partnership di grande valore","datePublished":"2022-06-29T08:26:33+00:00","dateModified":"2022-07-15T14:46:00+00:00","mainEntityOfPage":{"@id":"https:\/\/www.sarlux.saras.it\/it\/saras-e-aidic-una-partnership-di-grande-valore\/"},"wordCount":1477,"publisher":{"@id":"https:\/\/www.sarlux.saras.it\/it\/#organization"},"image":{"@id":"https:\/\/www.sarlux.saras.it\/it\/saras-e-aidic-una-partnership-di-grande-valore\/#primaryimage"},"thumbnailUrl":"https:\/\/www.sarlux.saras.it\/wp-content\/uploads\/revslider\/AIDIC-Talk-Saras-Sarlux-Universita-Cagliari.jpg","keywords":["#digitalsaras","Ambiente","big data","Borsa studio","Cagliari","cultura","decarbonizzazione","Educazione","energie rinnovabili","formazione","Gruppo Saras","Impegno sociale","industria 4.0","Innovazione","Le nostre persone","raffineria","Saras","sardegna","Sarlux","Sarroch","sostenibilit\u00e0","sviluppo","territorio","Universit\u00e0"],"articleSection":["home","News"],"inLanguage":"it-IT"},{"@type":"WebPage","@id":"https:\/\/www.sarlux.saras.it\/it\/saras-e-aidic-una-partnership-di-grande-valore\/","url":"https:\/\/www.sarlux.saras.it\/it\/saras-e-aidic-una-partnership-di-grande-valore\/","name":"SARAS e AIDIC, una partnership di grande valore","isPartOf":{"@id":"https:\/\/www.sarlux.saras.it\/it\/#website"},"primaryImageOfPage":{"@id":"https:\/\/www.sarlux.saras.it\/it\/saras-e-aidic-una-partnership-di-grande-valore\/#primaryimage"},"image":{"@id":"https:\/\/www.sarlux.saras.it\/it\/saras-e-aidic-una-partnership-di-grande-valore\/#primaryimage"},"thumbnailUrl":"https:\/\/www.sarlux.saras.it\/wp-content\/uploads\/revslider\/AIDIC-Talk-Saras-Sarlux-Universita-Cagliari.jpg","datePublished":"2022-06-29T08:26:33+00:00","dateModified":"2022-07-15T14:46:00+00:00","description":"Saras ha partecipato agli eventi e alle iniziative\u00a0 culturali e scientifiche di AIDIC con interventi e testimonianze di manager del Gruppo e della raffineria Sarlux,\u00a0volte alla diffusione delle conoscenze tecnologiche, dell\u2019innovazione dei processi, dello sviluppo sostenibile.","breadcrumb":{"@id":"https:\/\/www.sarlux.saras.it\/it\/saras-e-aidic-una-partnership-di-grande-valore\/#breadcrumb"},"inLanguage":"it-IT","potentialAction":[{"@type":"ReadAction","target":["https:\/\/www.sarlux.saras.it\/it\/saras-e-aidic-una-partnership-di-grande-valore\/"]}]},{"@type":"ImageObject","inLanguage":"it-IT","@id":"https:\/\/www.sarlux.saras.it\/it\/saras-e-aidic-una-partnership-di-grande-valore\/#primaryimage","url":"https:\/\/www.sarlux.saras.it\/wp-content\/uploads\/revslider\/AIDIC-Talk-Saras-Sarlux-Universita-Cagliari.jpg","contentUrl":"https:\/\/www.sarlux.saras.it\/wp-content\/uploads\/revslider\/AIDIC-Talk-Saras-Sarlux-Universita-Cagliari.jpg","width":990,"height":450},{"@type":"BreadcrumbList","@id":"https:\/\/www.sarlux.saras.it\/it\/saras-e-aidic-una-partnership-di-grande-valore\/#breadcrumb","itemListElement":[{"@type":"ListItem","position":1,"name":"Home","item":"https:\/\/www.sarlux.saras.it\/it\/"},{"@type":"ListItem","position":2,"name":"SARAS e AIDIC, una partnership di grande valore"}]},{"@type":"WebSite","@id":"https:\/\/www.sarlux.saras.it\/it\/#website","url":"https:\/\/www.sarlux.saras.it\/it\/","name":"Sarlux","description":"","publisher":{"@id":"https:\/\/www.sarlux.saras.it\/it\/#organization"},"potentialAction":[{"@type":"SearchAction","target":{"@type":"EntryPoint","urlTemplate":"https:\/\/www.sarlux.saras.it\/it\/?s={search_term_string}"},"query-input":{"@type":"PropertyValueSpecification","valueRequired":true,"valueName":"search_term_string"}}],"inLanguage":"it-IT"},{"@type":"Organization","@id":"https:\/\/www.sarlux.saras.it\/it\/#organization","name":"Sarlux","url":"https:\/\/www.sarlux.saras.it\/it\/","logo":{"@type":"ImageObject","inLanguage":"it-IT","@id":"https:\/\/www.sarlux.saras.it\/it\/#\/schema\/logo\/image\/","url":"https:\/\/www.sarlux.saras.it\/wp-content\/uploads\/2017\/12\/logo-pc-1.png","contentUrl":"https:\/\/www.sarlux.saras.it\/wp-content\/uploads\/2017\/12\/logo-pc-1.png","width":184,"height":86,"caption":"Sarlux"},"image":{"@id":"https:\/\/www.sarlux.saras.it\/it\/#\/schema\/logo\/image\/"}},{"@type":"Person","@id":"https:\/\/www.sarlux.saras.it\/it\/#\/schema\/person\/c7561934b223f17087f8e08f41b37b83","name":"newsarlux","image":{"@type":"ImageObject","inLanguage":"it-IT","@id":"https:\/\/secure.gravatar.com\/avatar\/eb7f74d52340ebedd5480701fcdd6d2904abef8cdb3a51882f629f2dd32d610d?s=96&d=mm&r=g","url":"https:\/\/secure.gravatar.com\/avatar\/eb7f74d52340ebedd5480701fcdd6d2904abef8cdb3a51882f629f2dd32d610d?s=96&d=mm&r=g","contentUrl":"https:\/\/secure.gravatar.com\/avatar\/eb7f74d52340ebedd5480701fcdd6d2904abef8cdb3a51882f629f2dd32d610d?s=96&d=mm&r=g","caption":"newsarlux"},"url":""}]}},"_links":{"self":[{"href":"https:\/\/www.sarlux.saras.it\/it\/wp-json\/wp\/v2\/posts\/544443","targetHints":{"allow":["GET"]}}],"collection":[{"href":"https:\/\/www.sarlux.saras.it\/it\/wp-json\/wp\/v2\/posts"}],"about":[{"href":"https:\/\/www.sarlux.saras.it\/it\/wp-json\/wp\/v2\/types\/post"}],"author":[{"embeddable":true,"href":"https:\/\/www.sarlux.saras.it\/it\/wp-json\/wp\/v2\/users\/2"}],"replies":[{"embeddable":true,"href":"https:\/\/www.sarlux.saras.it\/it\/wp-json\/wp\/v2\/comments?post=544443"}],"version-history":[{"count":11,"href":"https:\/\/www.sarlux.saras.it\/it\/wp-json\/wp\/v2\/posts\/544443\/revisions"}],"predecessor-version":[{"id":544513,"href":"https:\/\/www.sarlux.saras.it\/it\/wp-json\/wp\/v2\/posts\/544443\/revisions\/544513"}],"wp:featuredmedia":[{"embeddable":true,"href":"https:\/\/www.sarlux.saras.it\/it\/wp-json\/wp\/v2\/media\/544439"}],"wp:attachment":[{"href":"https:\/\/www.sarlux.saras.it\/it\/wp-json\/wp\/v2\/media?parent=544443"}],"wp:term":[{"taxonomy":"category","embeddable":true,"href":"https:\/\/www.sarlux.saras.it\/it\/wp-json\/wp\/v2\/categories?post=544443"},{"taxonomy":"post_tag","embeddable":true,"href":"https:\/\/www.sarlux.saras.it\/it\/wp-json\/wp\/v2\/tags?post=544443"}],"curies":[{"name":"wp","href":"https:\/\/api.w.org\/{rel}","templated":true}]}}