{"id":544575,"date":"2022-08-02T08:10:27","date_gmt":"2022-08-02T08:10:27","guid":{"rendered":"https:\/\/www.sarlux.saras.it\/?p=544575"},"modified":"2022-08-02T08:10:27","modified_gmt":"2022-08-02T08:10:27","slug":"step-higher","status":"publish","type":"post","link":"https:\/\/www.sarlux.saras.it\/it\/step-higher\/","title":{"rendered":"STEP HIGHER"},"content":{"rendered":"<div class=\"wpb-content-wrapper\"><p>[vc_row][vc_column][vc_column_text]Con questo motto il Gruppo Saras affronta le attivit\u00e0 di ogni giorno e le sfide pi\u00f9 complesse: lo sguardo rivolto verso l\u2019alto per raggiungere livelli di performance sempre migliori.<\/p>\n<p><strong>L\u2019energia, la passione, l\u2019orgoglio e l\u2019ambizione delle persone Saras si ritrovano nello spirito delle associazioni sportive del territorio<\/strong> come l\u2019Amatori Rugby Capoterra, la Sarroch Polisportiva Volley, l\u2019Accademia Pugilistica Sarroch e la Giovent\u00f9 Sarroch \u2013 Calcio che, anche quest\u2019anno,<strong> il Gruppo Saras ha sostenuto e supportato.<\/strong>[\/vc_column_text][vc_empty_space height=&#8221;16px&#8221;][\/vc_column][\/vc_row][vc_row][vc_column][vc_column_text]<\/p>\n<h4><strong>L\u2019investimento sui giovani<\/strong><\/h4>\n<p>[\/vc_column_text][vc_column_text]La crescita dello spirito di squadra e l\u2019efficacia nel perseguimento degli obiettivi sono alla base di un buon risultato nello sport come sul lavoro; e anche nel mercato vince il gruppo pi\u00f9 preparato, pi\u00f9 unito e pi\u00f9 solidale.<br \/>\nPer questo<strong> il Gruppo Saras, condividendo i valori educativi dello sport, sani e autentici, punta a far crescere i giovani, <\/strong>non solo nella disciplina agonistica praticata ma soprattutto <strong>come persone, donne e uomini per la societ\u00e0 futura.<\/strong><\/p>\n<p>Lo sport \u00e8 capace di trasmettere regole fondamentali della vita sociale che hanno al centro tolleranza, spirito di gruppo e lealt\u00e0.\u00a0<strong>Lo sport \u00e8 integrazione.<\/strong>[\/vc_column_text][vc_empty_space height=&#8221;16px&#8221;][\/vc_column][\/vc_row][vc_row][vc_column width=&#8221;1\/4&#8243;][\/vc_column][vc_column width=&#8221;2\/4&#8243;][vc_empty_space height=&#8221;16px&#8221;][vc_single_image image=&#8221;544581&#8243; img_size=&#8221;full&#8221; alignment=&#8221;center&#8221;][\/vc_column][vc_column width=&#8221;1\/4&#8243;][\/vc_column][\/vc_row][vc_row][vc_column][vc_empty_space height=&#8221;16px&#8221;][vc_column_text css=&#8221;.vc_custom_1658315647517{border-bottom-width: 0px !important;padding-bottom: 0px !important;}&#8221;]<\/p>\n<h4 style=\"text-align: left;\"><strong>A Saras piace il gioco di squadra<\/strong><\/h4>\n<p>[\/vc_column_text][vc_column_text]La partecipazione a queste iniziative consente al <strong>Gruppo<\/strong> di mantenere e intensificare\u00a0 i rapporti con le <strong>Comunit\u00e0 locali<\/strong> per la <strong>creazione del valore sociale condiviso<em>,<\/em><\/strong> necessario allo sviluppo della societ\u00e0 futura.<\/p>\n<p>Dare l\u2019opportunit\u00e0 ai ragazzi di vivere i valori dello sport, di sperimentare la lealt\u00e0, lo spirito di collaborazione, l\u2019altruismo, di praticare il gioco di squadra in cui tutti devono dare il meglio di s\u00e9 per portare il gruppo alla vittoria, \u00e8 una metafora significativa dell<strong>\u2019agire del Gruppo<\/strong> Saras, in cui\u00a0il <strong>ruolo fondamentale delle persone<\/strong> \u00e8 dato dal<strong> senso di appartenenza<\/strong>\u00a0e dal <strong>contributo alla crescita<\/strong> socioeconomica, fattori specifici e connaturati alla <strong>storia della societ\u00e0<\/strong>.[\/vc_column_text][vc_empty_space height=&#8221;16px&#8221;][\/vc_column][\/vc_row][vc_row][vc_column width=&#8221;1\/6&#8243;][\/vc_column][vc_column width=&#8221;4\/6&#8243;][vc_empty_space height=&#8221;16px&#8221;][vc_single_image image=&#8221;544579&#8243; img_size=&#8221;full&#8221; alignment=&#8221;center&#8221;][vc_empty_space][\/vc_column][vc_column width=&#8221;1\/6&#8243;][\/vc_column][\/vc_row][vc_row][vc_column][vc_icon icon_fontawesome=&#8221;fa fa-cog&#8221; size=&#8221;sm&#8221; align=&#8221;center&#8221;][vc_empty_space height=&#8221;16px&#8221;][vc_column_text]<span style=\"font-size: 16px;\">Il Gruppo Saras \u00e8 uno dei principali operatori europei nella raffinazione del petrolio ed \u00e8 attivo anche nel settore della produzione di energia elettrica. Direttamente e attraverso le proprie controllate, il Gruppo vende e distribuisce prodotti petroliferi nei mercati nazionali e internazionali. Inoltre, il Gruppo produce e vende energia elettrica attraverso le controllate Sarlux Srl (impianto IGCC) e Sardeolica Srl (parco eolico). Il Gruppo offre poi servizi di ingegneria industriale per il settore petrolifero, dell\u2019energia e dell\u2019ambiente attraverso la controllata Sartec Srl.<\/span>[\/vc_column_text][vc_empty_space][\/vc_column][\/vc_row][vc_row][vc_column][vc_empty_space][vc_icon icon_fontawesome=&#8221;fa fa-cog&#8221; size=&#8221;sm&#8221; align=&#8221;center&#8221;][\/vc_column][\/vc_row]<\/p>\n<\/div>","protected":false},"excerpt":{"rendered":"<p>L\u2019energia, la passione, l\u2019orgoglio e l\u2019ambizione delle persone Saras si ritrovano nello spirito delle associazioni sportive del territorio che, anche quest\u2019anno, il Gruppo Saras ha sostenuto e supportato.<\/p>\n","protected":false},"author":36,"featured_media":544577,"comment_status":"closed","ping_status":"open","sticky":false,"template":"","format":"standard","meta":{"_acf_changed":false,"inline_featured_image":false,"footnotes":""},"categories":[26,17],"tags":[492,493,489,438,135,97,29,108,490,53,71,41,114,491],"class_list":["post-544575","post","type-post","status-publish","format-standard","has-post-thumbnail","hentry","category-home-it","category-news","tag-boxe","tag-calcio","tag-capoterra","tag-comunita","tag-formazione","tag-gruppo-saras","tag-impegno-sociale","tag-raffineria","tag-rugby","tag-sarlux","tag-sarroch","tag-sport","tag-territorio","tag-volley"],"acf":[],"yoast_head":"<!-- This site is optimized with the Yoast SEO plugin v27.3 - https:\/\/yoast.com\/product\/yoast-seo-wordpress\/ -->\n<title>STEP HIGHER - Sarlux Saras | Refining &amp; Power<\/title>\n<meta name=\"description\" content=\"L\u2019energia, la passione, l\u2019orgoglio e l\u2019ambizione delle persone Saras si ritrovano nello spirito delle associazioni sportive del territorio che, anche quest\u2019anno, il Gruppo Saras ha sostenuto e supportato.\" \/>\n<meta name=\"robots\" content=\"index, follow, max-snippet:-1, max-image-preview:large, max-video-preview:-1\" \/>\n<link rel=\"canonical\" href=\"https:\/\/www.sarlux.saras.it\/it\/step-higher\/\" \/>\n<meta property=\"og:locale\" content=\"it_IT\" \/>\n<meta property=\"og:type\" content=\"article\" \/>\n<meta property=\"og:title\" content=\"STEP HIGHER - Sarlux Saras | Refining &amp; Power\" \/>\n<meta property=\"og:description\" content=\"L\u2019energia, la passione, l\u2019orgoglio e l\u2019ambizione delle persone Saras si ritrovano nello spirito delle associazioni sportive del territorio che, anche quest\u2019anno, il Gruppo Saras ha sostenuto e supportato.\" \/>\n<meta property=\"og:url\" content=\"https:\/\/www.sarlux.saras.it\/it\/step-higher\/\" \/>\n<meta property=\"og:site_name\" content=\"Sarlux Saras | Refining &amp; Power\" \/>\n<meta property=\"article:published_time\" content=\"2022-08-02T08:10:27+00:00\" \/>\n<meta property=\"og:image\" content=\"https:\/\/www.sarlux.saras.it\/wp-content\/uploads\/2022\/08\/Amatori-rugby-Capoterra-raffineria-Sarlux-Saras.jpg\" \/>\n\t<meta property=\"og:image:width\" content=\"990\" \/>\n\t<meta property=\"og:image:height\" content=\"450\" \/>\n\t<meta property=\"og:image:type\" content=\"image\/jpeg\" \/>\n<meta name=\"author\" content=\"Alberto Soi\" \/>\n<meta name=\"twitter:card\" content=\"summary_large_image\" \/>\n<meta name=\"twitter:image\" content=\"https:\/\/www.sarlux.saras.it\/wp-content\/uploads\/2022\/08\/Amatori-rugby-Capoterra-raffineria-Sarlux-Saras.jpg\" \/>\n<meta name=\"twitter:label1\" content=\"Scritto da\" \/>\n\t<meta name=\"twitter:data1\" content=\"Alberto Soi\" \/>\n\t<meta name=\"twitter:label2\" content=\"Tempo di lettura stimato\" \/>\n\t<meta name=\"twitter:data2\" content=\"3 minuti\" \/>\n<script type=\"application\/ld+json\" class=\"yoast-schema-graph\">{\"@context\":\"https:\\\/\\\/schema.org\",\"@graph\":[{\"@type\":\"Article\",\"@id\":\"https:\\\/\\\/www.sarlux.saras.it\\\/it\\\/step-higher\\\/#article\",\"isPartOf\":{\"@id\":\"https:\\\/\\\/www.sarlux.saras.it\\\/it\\\/step-higher\\\/\"},\"author\":{\"name\":\"Alberto Soi\",\"@id\":\"https:\\\/\\\/www.sarlux.saras.it\\\/it\\\/#\\\/schema\\\/person\\\/f369fc2d7dbcc34d69a0975e8fe360af\"},\"headline\":\"STEP HIGHER\",\"datePublished\":\"2022-08-02T08:10:27+00:00\",\"mainEntityOfPage\":{\"@id\":\"https:\\\/\\\/www.sarlux.saras.it\\\/it\\\/step-higher\\\/\"},\"wordCount\":586,\"publisher\":{\"@id\":\"https:\\\/\\\/www.sarlux.saras.it\\\/it\\\/#organization\"},\"image\":{\"@id\":\"https:\\\/\\\/www.sarlux.saras.it\\\/it\\\/step-higher\\\/#primaryimage\"},\"thumbnailUrl\":\"https:\\\/\\\/www.sarlux.saras.it\\\/wp-content\\\/uploads\\\/2022\\\/08\\\/Amatori-rugby-Capoterra-raffineria-Sarlux-Saras.jpg\",\"keywords\":[\"boxe\",\"calcio\",\"Capoterra\",\"comunit\u00e0\",\"formazione\",\"Gruppo Saras\",\"Impegno sociale\",\"raffineria\",\"rugby\",\"Sarlux\",\"Sarroch\",\"Sport\",\"territorio\",\"volley\"],\"articleSection\":[\"home\",\"News\"],\"inLanguage\":\"it-IT\"},{\"@type\":\"WebPage\",\"@id\":\"https:\\\/\\\/www.sarlux.saras.it\\\/it\\\/step-higher\\\/\",\"url\":\"https:\\\/\\\/www.sarlux.saras.it\\\/it\\\/step-higher\\\/\",\"name\":\"STEP HIGHER - Sarlux Saras | Refining & Power\",\"isPartOf\":{\"@id\":\"https:\\\/\\\/www.sarlux.saras.it\\\/it\\\/#website\"},\"primaryImageOfPage\":{\"@id\":\"https:\\\/\\\/www.sarlux.saras.it\\\/it\\\/step-higher\\\/#primaryimage\"},\"image\":{\"@id\":\"https:\\\/\\\/www.sarlux.saras.it\\\/it\\\/step-higher\\\/#primaryimage\"},\"thumbnailUrl\":\"https:\\\/\\\/www.sarlux.saras.it\\\/wp-content\\\/uploads\\\/2022\\\/08\\\/Amatori-rugby-Capoterra-raffineria-Sarlux-Saras.jpg\",\"datePublished\":\"2022-08-02T08:10:27+00:00\",\"description\":\"L\u2019energia, la passione, l\u2019orgoglio e l\u2019ambizione delle persone Saras si ritrovano nello spirito delle associazioni sportive del territorio che, anche quest\u2019anno, il Gruppo Saras ha sostenuto e supportato.\",\"breadcrumb\":{\"@id\":\"https:\\\/\\\/www.sarlux.saras.it\\\/it\\\/step-higher\\\/#breadcrumb\"},\"inLanguage\":\"it-IT\",\"potentialAction\":[{\"@type\":\"ReadAction\",\"target\":[\"https:\\\/\\\/www.sarlux.saras.it\\\/it\\\/step-higher\\\/\"]}]},{\"@type\":\"ImageObject\",\"inLanguage\":\"it-IT\",\"@id\":\"https:\\\/\\\/www.sarlux.saras.it\\\/it\\\/step-higher\\\/#primaryimage\",\"url\":\"https:\\\/\\\/www.sarlux.saras.it\\\/wp-content\\\/uploads\\\/2022\\\/08\\\/Amatori-rugby-Capoterra-raffineria-Sarlux-Saras.jpg\",\"contentUrl\":\"https:\\\/\\\/www.sarlux.saras.it\\\/wp-content\\\/uploads\\\/2022\\\/08\\\/Amatori-rugby-Capoterra-raffineria-Sarlux-Saras.jpg\",\"width\":990,\"height\":450},{\"@type\":\"BreadcrumbList\",\"@id\":\"https:\\\/\\\/www.sarlux.saras.it\\\/it\\\/step-higher\\\/#breadcrumb\",\"itemListElement\":[{\"@type\":\"ListItem\",\"position\":1,\"name\":\"Home\",\"item\":\"https:\\\/\\\/www.sarlux.saras.it\\\/it\\\/\"},{\"@type\":\"ListItem\",\"position\":2,\"name\":\"STEP HIGHER\"}]},{\"@type\":\"WebSite\",\"@id\":\"https:\\\/\\\/www.sarlux.saras.it\\\/it\\\/#website\",\"url\":\"https:\\\/\\\/www.sarlux.saras.it\\\/it\\\/\",\"name\":\"Sarlux\",\"description\":\"\",\"publisher\":{\"@id\":\"https:\\\/\\\/www.sarlux.saras.it\\\/it\\\/#organization\"},\"potentialAction\":[{\"@type\":\"SearchAction\",\"target\":{\"@type\":\"EntryPoint\",\"urlTemplate\":\"https:\\\/\\\/www.sarlux.saras.it\\\/it\\\/?s={search_term_string}\"},\"query-input\":{\"@type\":\"PropertyValueSpecification\",\"valueRequired\":true,\"valueName\":\"search_term_string\"}}],\"inLanguage\":\"it-IT\"},{\"@type\":\"Organization\",\"@id\":\"https:\\\/\\\/www.sarlux.saras.it\\\/it\\\/#organization\",\"name\":\"Sarlux\",\"url\":\"https:\\\/\\\/www.sarlux.saras.it\\\/it\\\/\",\"logo\":{\"@type\":\"ImageObject\",\"inLanguage\":\"it-IT\",\"@id\":\"https:\\\/\\\/www.sarlux.saras.it\\\/it\\\/#\\\/schema\\\/logo\\\/image\\\/\",\"url\":\"https:\\\/\\\/www.sarlux.saras.it\\\/wp-content\\\/uploads\\\/2017\\\/12\\\/logo-pc-1.png\",\"contentUrl\":\"https:\\\/\\\/www.sarlux.saras.it\\\/wp-content\\\/uploads\\\/2017\\\/12\\\/logo-pc-1.png\",\"width\":184,\"height\":86,\"caption\":\"Sarlux\"},\"image\":{\"@id\":\"https:\\\/\\\/www.sarlux.saras.it\\\/it\\\/#\\\/schema\\\/logo\\\/image\\\/\"}},{\"@type\":\"Person\",\"@id\":\"https:\\\/\\\/www.sarlux.saras.it\\\/it\\\/#\\\/schema\\\/person\\\/f369fc2d7dbcc34d69a0975e8fe360af\",\"name\":\"Alberto Soi\",\"image\":{\"@type\":\"ImageObject\",\"inLanguage\":\"it-IT\",\"@id\":\"https:\\\/\\\/secure.gravatar.com\\\/avatar\\\/cc70035cae62a8d1e88cc2ac9d8e48bd174728dd9c5b3730ca1cbcb3eee8991b?s=96&d=mm&r=g\",\"url\":\"https:\\\/\\\/secure.gravatar.com\\\/avatar\\\/cc70035cae62a8d1e88cc2ac9d8e48bd174728dd9c5b3730ca1cbcb3eee8991b?s=96&d=mm&r=g\",\"contentUrl\":\"https:\\\/\\\/secure.gravatar.com\\\/avatar\\\/cc70035cae62a8d1e88cc2ac9d8e48bd174728dd9c5b3730ca1cbcb3eee8991b?s=96&d=mm&r=g\",\"caption\":\"Alberto Soi\"},\"url\":\"\"}]}<\/script>\n<!-- \/ Yoast SEO plugin. -->","yoast_head_json":{"title":"STEP HIGHER - Sarlux Saras | Refining & Power","description":"L\u2019energia, la passione, l\u2019orgoglio e l\u2019ambizione delle persone Saras si ritrovano nello spirito delle associazioni sportive del territorio che, anche quest\u2019anno, il Gruppo Saras ha sostenuto e supportato.","robots":{"index":"index","follow":"follow","max-snippet":"max-snippet:-1","max-image-preview":"max-image-preview:large","max-video-preview":"max-video-preview:-1"},"canonical":"https:\/\/www.sarlux.saras.it\/it\/step-higher\/","og_locale":"it_IT","og_type":"article","og_title":"STEP HIGHER - Sarlux Saras | Refining & Power","og_description":"L\u2019energia, la passione, l\u2019orgoglio e l\u2019ambizione delle persone Saras si ritrovano nello spirito delle associazioni sportive del territorio che, anche quest\u2019anno, il Gruppo Saras ha sostenuto e supportato.","og_url":"https:\/\/www.sarlux.saras.it\/it\/step-higher\/","og_site_name":"Sarlux Saras | Refining & Power","article_published_time":"2022-08-02T08:10:27+00:00","og_image":[{"width":990,"height":450,"url":"https:\/\/www.sarlux.saras.it\/wp-content\/uploads\/2022\/08\/Amatori-rugby-Capoterra-raffineria-Sarlux-Saras.jpg","type":"image\/jpeg"}],"author":"Alberto Soi","twitter_card":"summary_large_image","twitter_image":"https:\/\/www.sarlux.saras.it\/wp-content\/uploads\/2022\/08\/Amatori-rugby-Capoterra-raffineria-Sarlux-Saras.jpg","twitter_misc":{"Scritto da":"Alberto Soi","Tempo di lettura stimato":"3 minuti"},"schema":{"@context":"https:\/\/schema.org","@graph":[{"@type":"Article","@id":"https:\/\/www.sarlux.saras.it\/it\/step-higher\/#article","isPartOf":{"@id":"https:\/\/www.sarlux.saras.it\/it\/step-higher\/"},"author":{"name":"Alberto Soi","@id":"https:\/\/www.sarlux.saras.it\/it\/#\/schema\/person\/f369fc2d7dbcc34d69a0975e8fe360af"},"headline":"STEP HIGHER","datePublished":"2022-08-02T08:10:27+00:00","mainEntityOfPage":{"@id":"https:\/\/www.sarlux.saras.it\/it\/step-higher\/"},"wordCount":586,"publisher":{"@id":"https:\/\/www.sarlux.saras.it\/it\/#organization"},"image":{"@id":"https:\/\/www.sarlux.saras.it\/it\/step-higher\/#primaryimage"},"thumbnailUrl":"https:\/\/www.sarlux.saras.it\/wp-content\/uploads\/2022\/08\/Amatori-rugby-Capoterra-raffineria-Sarlux-Saras.jpg","keywords":["boxe","calcio","Capoterra","comunit\u00e0","formazione","Gruppo Saras","Impegno sociale","raffineria","rugby","Sarlux","Sarroch","Sport","territorio","volley"],"articleSection":["home","News"],"inLanguage":"it-IT"},{"@type":"WebPage","@id":"https:\/\/www.sarlux.saras.it\/it\/step-higher\/","url":"https:\/\/www.sarlux.saras.it\/it\/step-higher\/","name":"STEP HIGHER - Sarlux Saras | Refining & Power","isPartOf":{"@id":"https:\/\/www.sarlux.saras.it\/it\/#website"},"primaryImageOfPage":{"@id":"https:\/\/www.sarlux.saras.it\/it\/step-higher\/#primaryimage"},"image":{"@id":"https:\/\/www.sarlux.saras.it\/it\/step-higher\/#primaryimage"},"thumbnailUrl":"https:\/\/www.sarlux.saras.it\/wp-content\/uploads\/2022\/08\/Amatori-rugby-Capoterra-raffineria-Sarlux-Saras.jpg","datePublished":"2022-08-02T08:10:27+00:00","description":"L\u2019energia, la passione, l\u2019orgoglio e l\u2019ambizione delle persone Saras si ritrovano nello spirito delle associazioni sportive del territorio che, anche quest\u2019anno, il Gruppo Saras ha sostenuto e supportato.","breadcrumb":{"@id":"https:\/\/www.sarlux.saras.it\/it\/step-higher\/#breadcrumb"},"inLanguage":"it-IT","potentialAction":[{"@type":"ReadAction","target":["https:\/\/www.sarlux.saras.it\/it\/step-higher\/"]}]},{"@type":"ImageObject","inLanguage":"it-IT","@id":"https:\/\/www.sarlux.saras.it\/it\/step-higher\/#primaryimage","url":"https:\/\/www.sarlux.saras.it\/wp-content\/uploads\/2022\/08\/Amatori-rugby-Capoterra-raffineria-Sarlux-Saras.jpg","contentUrl":"https:\/\/www.sarlux.saras.it\/wp-content\/uploads\/2022\/08\/Amatori-rugby-Capoterra-raffineria-Sarlux-Saras.jpg","width":990,"height":450},{"@type":"BreadcrumbList","@id":"https:\/\/www.sarlux.saras.it\/it\/step-higher\/#breadcrumb","itemListElement":[{"@type":"ListItem","position":1,"name":"Home","item":"https:\/\/www.sarlux.saras.it\/it\/"},{"@type":"ListItem","position":2,"name":"STEP HIGHER"}]},{"@type":"WebSite","@id":"https:\/\/www.sarlux.saras.it\/it\/#website","url":"https:\/\/www.sarlux.saras.it\/it\/","name":"Sarlux","description":"","publisher":{"@id":"https:\/\/www.sarlux.saras.it\/it\/#organization"},"potentialAction":[{"@type":"SearchAction","target":{"@type":"EntryPoint","urlTemplate":"https:\/\/www.sarlux.saras.it\/it\/?s={search_term_string}"},"query-input":{"@type":"PropertyValueSpecification","valueRequired":true,"valueName":"search_term_string"}}],"inLanguage":"it-IT"},{"@type":"Organization","@id":"https:\/\/www.sarlux.saras.it\/it\/#organization","name":"Sarlux","url":"https:\/\/www.sarlux.saras.it\/it\/","logo":{"@type":"ImageObject","inLanguage":"it-IT","@id":"https:\/\/www.sarlux.saras.it\/it\/#\/schema\/logo\/image\/","url":"https:\/\/www.sarlux.saras.it\/wp-content\/uploads\/2017\/12\/logo-pc-1.png","contentUrl":"https:\/\/www.sarlux.saras.it\/wp-content\/uploads\/2017\/12\/logo-pc-1.png","width":184,"height":86,"caption":"Sarlux"},"image":{"@id":"https:\/\/www.sarlux.saras.it\/it\/#\/schema\/logo\/image\/"}},{"@type":"Person","@id":"https:\/\/www.sarlux.saras.it\/it\/#\/schema\/person\/f369fc2d7dbcc34d69a0975e8fe360af","name":"Alberto Soi","image":{"@type":"ImageObject","inLanguage":"it-IT","@id":"https:\/\/secure.gravatar.com\/avatar\/cc70035cae62a8d1e88cc2ac9d8e48bd174728dd9c5b3730ca1cbcb3eee8991b?s=96&d=mm&r=g","url":"https:\/\/secure.gravatar.com\/avatar\/cc70035cae62a8d1e88cc2ac9d8e48bd174728dd9c5b3730ca1cbcb3eee8991b?s=96&d=mm&r=g","contentUrl":"https:\/\/secure.gravatar.com\/avatar\/cc70035cae62a8d1e88cc2ac9d8e48bd174728dd9c5b3730ca1cbcb3eee8991b?s=96&d=mm&r=g","caption":"Alberto Soi"},"url":""}]}},"_links":{"self":[{"href":"https:\/\/www.sarlux.saras.it\/it\/wp-json\/wp\/v2\/posts\/544575","targetHints":{"allow":["GET"]}}],"collection":[{"href":"https:\/\/www.sarlux.saras.it\/it\/wp-json\/wp\/v2\/posts"}],"about":[{"href":"https:\/\/www.sarlux.saras.it\/it\/wp-json\/wp\/v2\/types\/post"}],"author":[{"embeddable":true,"href":"https:\/\/www.sarlux.saras.it\/it\/wp-json\/wp\/v2\/users\/36"}],"replies":[{"embeddable":true,"href":"https:\/\/www.sarlux.saras.it\/it\/wp-json\/wp\/v2\/comments?post=544575"}],"version-history":[{"count":3,"href":"https:\/\/www.sarlux.saras.it\/it\/wp-json\/wp\/v2\/posts\/544575\/revisions"}],"predecessor-version":[{"id":544584,"href":"https:\/\/www.sarlux.saras.it\/it\/wp-json\/wp\/v2\/posts\/544575\/revisions\/544584"}],"wp:featuredmedia":[{"embeddable":true,"href":"https:\/\/www.sarlux.saras.it\/it\/wp-json\/wp\/v2\/media\/544577"}],"wp:attachment":[{"href":"https:\/\/www.sarlux.saras.it\/it\/wp-json\/wp\/v2\/media?parent=544575"}],"wp:term":[{"taxonomy":"category","embeddable":true,"href":"https:\/\/www.sarlux.saras.it\/it\/wp-json\/wp\/v2\/categories?post=544575"},{"taxonomy":"post_tag","embeddable":true,"href":"https:\/\/www.sarlux.saras.it\/it\/wp-json\/wp\/v2\/tags?post=544575"}],"curies":[{"name":"wp","href":"https:\/\/api.w.org\/{rel}","templated":true}]}}