{"id":544630,"date":"2022-10-17T16:16:35","date_gmt":"2022-10-17T16:16:35","guid":{"rendered":"https:\/\/www.sarlux.saras.it\/?p=544630"},"modified":"2023-04-12T09:50:32","modified_gmt":"2023-04-12T09:50:32","slug":"il-gruppo-saras-e-i-valori-del-territorio","status":"publish","type":"post","link":"https:\/\/www.sarlux.saras.it\/it\/il-gruppo-saras-e-i-valori-del-territorio\/","title":{"rendered":"Il Gruppo Saras e i valori del territorio"},"content":{"rendered":"<div class=\"wpb-content-wrapper\"><p>[vc_row][vc_column][vc_column_text]<\/p>\n<h4><strong>Le comunit\u00e0 del territorio<\/strong> in cui opera il sito industriale Sarlux sono <strong>attive nella produzione, propositive nell\u2019ambito della cultura e dello sport, attente ai bisogni sociali e all\u2019ambiente, legate alle proprie tradizioni.<\/strong><\/h4>\n<h4>Con queste comunit\u00e0 <strong>il Gruppo instaura una interazione caratterizzata da valori e obiettivi condivisi<\/strong> e ne supporta i progetti \u2013 considerandone la congruit\u00e0 con il Purpose aziendale \u2013 di maggiore impatto e valore per il territorio, utili a sostenere il tessuto sociale e a valorizzare la storia e le tradizioni.<\/h4>\n<p>[\/vc_column_text][vc_empty_space height=&#8221;16px&#8221;][\/vc_column][\/vc_row][vc_row][vc_column][vc_single_image image=&#8221;543023&#8243; img_size=&#8221;full&#8221; alignment=&#8221;center&#8221;][\/vc_column][\/vc_row][vc_row][vc_column][vc_empty_space height=&#8221;16px&#8221;][vc_column_text]<\/p>\n<h5><strong>Cultura, impegno sociale, tradizioni e sport<\/strong><\/h5>\n<p>[\/vc_column_text][vc_empty_space height=&#8221;8px&#8221;][vc_column_text]<strong>Sosteniamo diverse iniziative dedicate ai temi culturali, all\u2019impegno sociale, alle tradizioni e allo sport, <\/strong>tra queste:<\/p>\n<ul>\n<li>la \u201c<em><strong>Shark Max Days<\/strong>\u201d, <\/em>che unisce svago e formazione, con concerti ed eventi sportivi molto partecipati e la <strong>giornata per l\u2019ambiente<\/strong>, destinata ai giovani studenti delle scuole di Sarroch e Villa San Pietro, durante la quale, nell&#8217;ultima edizione del 2022, biologi marini dell\u2019Acquario di Genova e nostri manager hanno parlato di sostenibilit\u00e0 e transizione energetica<\/li>\n<li>i corsi musicali dell\u2019<em>Associazione Diapason<\/em> che propone insegnamenti di vari generi musicali adatti a un vasto pubblico, passando dal rock al folk delle launeddas<\/li>\n<li>gli eventi di\u00a0<em>Muidas \u2013 Mari e miniere<\/em> che hanno spaziato dalla lettura commentata della Divina Commedia a concerti di artisti legati alla tradizione culturale dell\u2019isola.<\/li>\n<\/ul>\n<p>[\/vc_column_text][vc_empty_space height=&#8221;16px&#8221;][\/vc_column][\/vc_row][vc_row][vc_column][vc_single_image image=&#8221;544638&#8243; img_size=&#8221;full&#8221; add_caption=&#8221;yes&#8221; alignment=&#8221;center&#8221;][\/vc_column][\/vc_row][vc_row][vc_column][vc_empty_space height=&#8221;16px&#8221;][vc_column_text]Per le attivit\u00e0 sociali ricordiamo l\u2019<strong>Associazione Prometeo, <\/strong>che organizza<strong> manifestazioni e concorsi nelle scuole,<\/strong> iniziative per la sensibilizzazione alla donazione degli organi e informazioni sui trapianti. Prometeo, inoltre, <strong>promuove corretti stili di vita<\/strong> attraverso corsi di ginnastica mentale o la pratica dell\u2019attivit\u00e0 sportiva tra i trapiantati, con la possibilit\u00e0 di partecipare, a Oxford, ai <strong>campionati sportivi europei per trapiantati e dializzati<\/strong> (ETDSC).[\/vc_column_text][vc_empty_space height=&#8221;16px&#8221;][\/vc_column][\/vc_row][vc_row][vc_column width=&#8221;1\/2&#8243;][vc_single_image image=&#8221;544640&#8243; img_size=&#8221;full&#8221; add_caption=&#8221;yes&#8221;][\/vc_column][vc_column width=&#8221;1\/2&#8243;][vc_single_image image=&#8221;544636&#8243; img_size=&#8221;full&#8221; add_caption=&#8221;yes&#8221;][\/vc_column][\/vc_row][vc_row][vc_column][vc_empty_space height=&#8221;16px&#8221;][\/vc_column][\/vc_row][vc_row][vc_column][vc_column_text]<strong>Il tema del diritto allo studio \u00e8 per noi molto caro, nel corso degli anni abbiamo favorito la creazione<\/strong> di un laboratorio chimico e di strutture sportive dotate anche di defibrillatori, la realizzazione di seminari tematici, di workshop e di attivit\u00e0 di alfabetizzazione finanziaria.<\/p>\n<p>Nel contesto dei percorsi didattici \u201c<strong>Saras per la Scuola<\/strong>\u201d, come ogni anno, abbiamo fornito, ai circa 120 allievi dell\u2019Istituto comprensivo di Sarroch e Villa San Pietro, 226 libri di testo a integrazione di quelli in uso. Il riutilizzo dei libri in comodato d\u2019uso \u00e8 una buona prassi che gli studenti accolgono con piacere.[\/vc_column_text][\/vc_column][\/vc_row][vc_row][vc_column][vc_empty_space height=&#8221;16px&#8221;][\/vc_column][\/vc_row][vc_row][vc_column][vc_column_text]Ogni anno si rinnova il sostegno verso una <strong>tradizione centenaria di cultura e di espressione di unit\u00e0 del territorio, <\/strong>che vede il<strong> diretto coinvolgimento delle comunit\u00e0<\/strong> di Sarroch, Villa San Pietro, Capoterra e Nora: le celebrazioni della <strong>festa di Sant\u2019Efisio<\/strong>, santo martire cristiano, la cui intercessione, secondo la tradizione, liber\u00f2 Cagliari dalla peste nel 1656.<\/p>\n<p>Anche i lavoratori, rendono omaggio al passaggio del simulacro del Santo davanti agli impianti Sarlux con striscioni, giochi d\u2019acqua, suoni di sirene e sentita devozione.[\/vc_column_text][\/vc_column][\/vc_row][vc_row][vc_column][vc_empty_space height=&#8221;16px&#8221;][\/vc_column][\/vc_row][vc_row][vc_column width=&#8221;1\/2&#8243;][vc_single_image image=&#8221;544632&#8243; img_size=&#8221;full&#8221; add_caption=&#8221;yes&#8221;][\/vc_column][vc_column width=&#8221;1\/2&#8243;][vc_single_image image=&#8221;544634&#8243; img_size=&#8221;full&#8221; add_caption=&#8221;yes&#8221;][\/vc_column][\/vc_row][vc_row][vc_column][vc_empty_space height=&#8221;16px&#8221;][\/vc_column][\/vc_row][vc_row][vc_column][vc_column_text]La passione condivisa per lo sport consente alla comunit\u00e0 di vantare tre squadre che ottengono validi risultati: la <strong>Sarroch Polisportiva Volley 2005<\/strong> e l\u2019<strong>Amatori Rugby Capoterra<\/strong> competono nei campionati nazionali, mentre l\u2019<strong>ASD Giovent\u00f9 Sarroch<\/strong>, composta da giovani sarrocchesi \u00e8 iscritta al campionato di terza categoria di calcio.<\/p>\n<p>L\u2019<strong>Accademia Pugilistica Sarroch<\/strong>, partecipa a tornei a livello nazionale e organizza numerose attivit\u00e0 anche per i pi\u00f9 giovani.<\/p>\n<p><strong>Queste associazioni sportive coinvolgono i settori giovanili e attuano, nelle scuole dell\u2019obbligo, progetti che coniugano sport e didattica<\/strong>. Per questo, siamo orgogliosi di aiutarle a crescere, per continuare ad avere veri e propri poli formativi per i giovani sportivi.[\/vc_column_text][\/vc_column][\/vc_row][vc_row][vc_column][vc_empty_space height=&#8221;16px&#8221;][\/vc_column][\/vc_row][vc_row css=&#8221;.vc_custom_1632327857859{margin-bottom: 10px !important;padding-bottom: 40px !important;background-color: #f7f7f7 !important;}&#8221;][vc_column][vc_column_text]<\/p>\n<p style=\"text-align: center;\"><strong>\u00a0<\/strong><\/p>\n<h4 style=\"text-align: center;\"><strong>Saras \u00e8 parte integrante e riferimento nella comunit\u00e0 per costruire un futuro pi\u00f9 sostenibile<br \/>\ne inclusivo per le nuove generazioni.<\/strong><\/h4>\n<p>[\/vc_column_text][\/vc_column][\/vc_row][vc_row][vc_column][vc_icon icon_fontawesome=&#8221;fa fa-cog&#8221; size=&#8221;sm&#8221; align=&#8221;center&#8221;][vc_empty_space height=&#8221;16px&#8221;][vc_column_text]Il Gruppo Saras \u00e8 uno dei principali operatori europei nella raffinazione del petrolio ed \u00e8 attivo anche nel settore della produzione di energia elettrica. Direttamente e attraverso le proprie controllate, il Gruppo vende e distribuisce prodotti petroliferi nei mercati nazionali e internazionali. Inoltre, il Gruppo produce e vende energia elettrica attraverso le controllate Sarlux Srl (impianto IGCC) e Sardeolica Srl (parco eolico). Il Gruppo offre poi servizi di ingegneria industriale per il settore petrolifero, dell\u2019energia e dell\u2019ambiente attraverso la controllata Sartec Srl.[\/vc_column_text][vc_empty_space][\/vc_column][\/vc_row]<\/p>\n<\/div>","protected":false},"excerpt":{"rendered":"<p>Il dialogo costante del Gruppo con il territorio favorisce la salvaguardia dell\u2019ambiente e lo sviluppo di iniziative per lo sviluppo sociale, economico e culturale della comunit\u00e0 di cui azienda e territorio beneficiano in maniera simbiotica.<\/p>\n","protected":false},"author":36,"featured_media":544638,"comment_status":"closed","ping_status":"open","sticky":false,"template":"","format":"standard","meta":{"_acf_changed":false,"inline_featured_image":false,"footnotes":""},"categories":[26,17],"tags":[374,438,138,471,35,135,97,29,53,71,41,114],"class_list":["post-544630","post","type-post","status-publish","format-standard","has-post-thumbnail","hentry","category-home-it","category-news","tag-cagliari","tag-comunita","tag-cultura","tag-diritto-allo-studio","tag-educazione","tag-formazione","tag-gruppo-saras","tag-impegno-sociale","tag-sarlux","tag-sarroch","tag-sport","tag-territorio"],"acf":[],"yoast_head":"<!-- This site is optimized with the Yoast SEO plugin v27.3 - https:\/\/yoast.com\/product\/yoast-seo-wordpress\/ -->\n<title>Il Gruppo Saras e i valori del territorio - Sarlux Saras | Refining &amp; Power<\/title>\n<meta name=\"description\" content=\"Il dialogo costante del Gruppo con il territorio favorisce la salvaguardia dell\u2019ambiente e lo sviluppo di iniziative per lo sviluppo sociale, economico e culturale della comunit\u00e0 di cui azienda e territorio beneficiano in maniera simbiotica.\" \/>\n<meta name=\"robots\" content=\"index, follow, max-snippet:-1, max-image-preview:large, max-video-preview:-1\" \/>\n<link rel=\"canonical\" href=\"https:\/\/www.sarlux.saras.it\/it\/il-gruppo-saras-e-i-valori-del-territorio\/\" \/>\n<meta property=\"og:locale\" content=\"it_IT\" \/>\n<meta property=\"og:type\" content=\"article\" \/>\n<meta property=\"og:title\" content=\"Il Gruppo Saras e i valori del territorio - Sarlux Saras | Refining &amp; Power\" \/>\n<meta property=\"og:description\" content=\"Il dialogo costante del Gruppo con il territorio favorisce la salvaguardia dell\u2019ambiente e lo sviluppo di iniziative per lo sviluppo sociale, economico e culturale della comunit\u00e0 di cui azienda e territorio beneficiano in maniera simbiotica.\" \/>\n<meta property=\"og:url\" content=\"https:\/\/www.sarlux.saras.it\/it\/il-gruppo-saras-e-i-valori-del-territorio\/\" \/>\n<meta property=\"og:site_name\" content=\"Sarlux Saras | Refining &amp; Power\" \/>\n<meta property=\"article:published_time\" content=\"2022-10-17T16:16:35+00:00\" \/>\n<meta property=\"article:modified_time\" content=\"2023-04-12T09:50:32+00:00\" \/>\n<meta property=\"og:image\" content=\"https:\/\/www.sarlux.saras.it\/wp-content\/uploads\/2022\/10\/Sarlux-raffineria-Saras-Elena-Ledda-Concerto-anteprima.jpg\" \/>\n\t<meta property=\"og:image:width\" content=\"990\" \/>\n\t<meta property=\"og:image:height\" content=\"450\" \/>\n\t<meta property=\"og:image:type\" content=\"image\/jpeg\" \/>\n<meta name=\"author\" content=\"Alberto Soi\" \/>\n<meta name=\"twitter:card\" content=\"summary_large_image\" \/>\n<meta name=\"twitter:image\" content=\"https:\/\/www.sarlux.saras.it\/wp-content\/uploads\/2022\/10\/Sarlux-raffineria-Saras-Elena-Ledda-Concerto-anteprima.jpg\" \/>\n<meta name=\"twitter:label1\" content=\"Scritto da\" \/>\n\t<meta name=\"twitter:data1\" content=\"Alberto Soi\" \/>\n\t<meta name=\"twitter:label2\" content=\"Tempo di lettura stimato\" \/>\n\t<meta name=\"twitter:data2\" content=\"4 minuti\" \/>\n<script type=\"application\/ld+json\" class=\"yoast-schema-graph\">{\"@context\":\"https:\\\/\\\/schema.org\",\"@graph\":[{\"@type\":\"Article\",\"@id\":\"https:\\\/\\\/www.sarlux.saras.it\\\/it\\\/il-gruppo-saras-e-i-valori-del-territorio\\\/#article\",\"isPartOf\":{\"@id\":\"https:\\\/\\\/www.sarlux.saras.it\\\/it\\\/il-gruppo-saras-e-i-valori-del-territorio\\\/\"},\"author\":{\"name\":\"Alberto Soi\",\"@id\":\"https:\\\/\\\/www.sarlux.saras.it\\\/it\\\/#\\\/schema\\\/person\\\/f369fc2d7dbcc34d69a0975e8fe360af\"},\"headline\":\"Il Gruppo Saras e i valori del territorio\",\"datePublished\":\"2022-10-17T16:16:35+00:00\",\"dateModified\":\"2023-04-12T09:50:32+00:00\",\"mainEntityOfPage\":{\"@id\":\"https:\\\/\\\/www.sarlux.saras.it\\\/it\\\/il-gruppo-saras-e-i-valori-del-territorio\\\/\"},\"wordCount\":1017,\"publisher\":{\"@id\":\"https:\\\/\\\/www.sarlux.saras.it\\\/it\\\/#organization\"},\"image\":{\"@id\":\"https:\\\/\\\/www.sarlux.saras.it\\\/it\\\/il-gruppo-saras-e-i-valori-del-territorio\\\/#primaryimage\"},\"thumbnailUrl\":\"https:\\\/\\\/www.sarlux.saras.it\\\/wp-content\\\/uploads\\\/2022\\\/10\\\/Sarlux-raffineria-Saras-Elena-Ledda-Concerto-anteprima.jpg\",\"keywords\":[\"Cagliari\",\"comunit\u00e0\",\"cultura\",\"diritto allo studio\",\"Educazione\",\"formazione\",\"Gruppo Saras\",\"Impegno sociale\",\"Sarlux\",\"Sarroch\",\"Sport\",\"territorio\"],\"articleSection\":[\"home\",\"News\"],\"inLanguage\":\"it-IT\"},{\"@type\":\"WebPage\",\"@id\":\"https:\\\/\\\/www.sarlux.saras.it\\\/it\\\/il-gruppo-saras-e-i-valori-del-territorio\\\/\",\"url\":\"https:\\\/\\\/www.sarlux.saras.it\\\/it\\\/il-gruppo-saras-e-i-valori-del-territorio\\\/\",\"name\":\"Il Gruppo Saras e i valori del territorio - Sarlux Saras | Refining & Power\",\"isPartOf\":{\"@id\":\"https:\\\/\\\/www.sarlux.saras.it\\\/it\\\/#website\"},\"primaryImageOfPage\":{\"@id\":\"https:\\\/\\\/www.sarlux.saras.it\\\/it\\\/il-gruppo-saras-e-i-valori-del-territorio\\\/#primaryimage\"},\"image\":{\"@id\":\"https:\\\/\\\/www.sarlux.saras.it\\\/it\\\/il-gruppo-saras-e-i-valori-del-territorio\\\/#primaryimage\"},\"thumbnailUrl\":\"https:\\\/\\\/www.sarlux.saras.it\\\/wp-content\\\/uploads\\\/2022\\\/10\\\/Sarlux-raffineria-Saras-Elena-Ledda-Concerto-anteprima.jpg\",\"datePublished\":\"2022-10-17T16:16:35+00:00\",\"dateModified\":\"2023-04-12T09:50:32+00:00\",\"description\":\"Il dialogo costante del Gruppo con il territorio favorisce la salvaguardia dell\u2019ambiente e lo sviluppo di iniziative per lo sviluppo sociale, economico e culturale della comunit\u00e0 di cui azienda e territorio beneficiano in maniera simbiotica.\",\"breadcrumb\":{\"@id\":\"https:\\\/\\\/www.sarlux.saras.it\\\/it\\\/il-gruppo-saras-e-i-valori-del-territorio\\\/#breadcrumb\"},\"inLanguage\":\"it-IT\",\"potentialAction\":[{\"@type\":\"ReadAction\",\"target\":[\"https:\\\/\\\/www.sarlux.saras.it\\\/it\\\/il-gruppo-saras-e-i-valori-del-territorio\\\/\"]}]},{\"@type\":\"ImageObject\",\"inLanguage\":\"it-IT\",\"@id\":\"https:\\\/\\\/www.sarlux.saras.it\\\/it\\\/il-gruppo-saras-e-i-valori-del-territorio\\\/#primaryimage\",\"url\":\"https:\\\/\\\/www.sarlux.saras.it\\\/wp-content\\\/uploads\\\/2022\\\/10\\\/Sarlux-raffineria-Saras-Elena-Ledda-Concerto-anteprima.jpg\",\"contentUrl\":\"https:\\\/\\\/www.sarlux.saras.it\\\/wp-content\\\/uploads\\\/2022\\\/10\\\/Sarlux-raffineria-Saras-Elena-Ledda-Concerto-anteprima.jpg\",\"width\":990,\"height\":450,\"caption\":\"Il concerto di Elena Ledda a Muidas - Mari e miniere\"},{\"@type\":\"BreadcrumbList\",\"@id\":\"https:\\\/\\\/www.sarlux.saras.it\\\/it\\\/il-gruppo-saras-e-i-valori-del-territorio\\\/#breadcrumb\",\"itemListElement\":[{\"@type\":\"ListItem\",\"position\":1,\"name\":\"Home\",\"item\":\"https:\\\/\\\/www.sarlux.saras.it\\\/it\\\/\"},{\"@type\":\"ListItem\",\"position\":2,\"name\":\"Il Gruppo Saras e i valori del territorio\"}]},{\"@type\":\"WebSite\",\"@id\":\"https:\\\/\\\/www.sarlux.saras.it\\\/it\\\/#website\",\"url\":\"https:\\\/\\\/www.sarlux.saras.it\\\/it\\\/\",\"name\":\"Sarlux\",\"description\":\"\",\"publisher\":{\"@id\":\"https:\\\/\\\/www.sarlux.saras.it\\\/it\\\/#organization\"},\"potentialAction\":[{\"@type\":\"SearchAction\",\"target\":{\"@type\":\"EntryPoint\",\"urlTemplate\":\"https:\\\/\\\/www.sarlux.saras.it\\\/it\\\/?s={search_term_string}\"},\"query-input\":{\"@type\":\"PropertyValueSpecification\",\"valueRequired\":true,\"valueName\":\"search_term_string\"}}],\"inLanguage\":\"it-IT\"},{\"@type\":\"Organization\",\"@id\":\"https:\\\/\\\/www.sarlux.saras.it\\\/it\\\/#organization\",\"name\":\"Sarlux\",\"url\":\"https:\\\/\\\/www.sarlux.saras.it\\\/it\\\/\",\"logo\":{\"@type\":\"ImageObject\",\"inLanguage\":\"it-IT\",\"@id\":\"https:\\\/\\\/www.sarlux.saras.it\\\/it\\\/#\\\/schema\\\/logo\\\/image\\\/\",\"url\":\"https:\\\/\\\/www.sarlux.saras.it\\\/wp-content\\\/uploads\\\/2017\\\/12\\\/logo-pc-1.png\",\"contentUrl\":\"https:\\\/\\\/www.sarlux.saras.it\\\/wp-content\\\/uploads\\\/2017\\\/12\\\/logo-pc-1.png\",\"width\":184,\"height\":86,\"caption\":\"Sarlux\"},\"image\":{\"@id\":\"https:\\\/\\\/www.sarlux.saras.it\\\/it\\\/#\\\/schema\\\/logo\\\/image\\\/\"}},{\"@type\":\"Person\",\"@id\":\"https:\\\/\\\/www.sarlux.saras.it\\\/it\\\/#\\\/schema\\\/person\\\/f369fc2d7dbcc34d69a0975e8fe360af\",\"name\":\"Alberto Soi\",\"image\":{\"@type\":\"ImageObject\",\"inLanguage\":\"it-IT\",\"@id\":\"https:\\\/\\\/secure.gravatar.com\\\/avatar\\\/cc70035cae62a8d1e88cc2ac9d8e48bd174728dd9c5b3730ca1cbcb3eee8991b?s=96&d=mm&r=g\",\"url\":\"https:\\\/\\\/secure.gravatar.com\\\/avatar\\\/cc70035cae62a8d1e88cc2ac9d8e48bd174728dd9c5b3730ca1cbcb3eee8991b?s=96&d=mm&r=g\",\"contentUrl\":\"https:\\\/\\\/secure.gravatar.com\\\/avatar\\\/cc70035cae62a8d1e88cc2ac9d8e48bd174728dd9c5b3730ca1cbcb3eee8991b?s=96&d=mm&r=g\",\"caption\":\"Alberto Soi\"},\"url\":\"\"}]}<\/script>\n<!-- \/ Yoast SEO plugin. -->","yoast_head_json":{"title":"Il Gruppo Saras e i valori del territorio - Sarlux Saras | Refining & Power","description":"Il dialogo costante del Gruppo con il territorio favorisce la salvaguardia dell\u2019ambiente e lo sviluppo di iniziative per lo sviluppo sociale, economico e culturale della comunit\u00e0 di cui azienda e territorio beneficiano in maniera simbiotica.","robots":{"index":"index","follow":"follow","max-snippet":"max-snippet:-1","max-image-preview":"max-image-preview:large","max-video-preview":"max-video-preview:-1"},"canonical":"https:\/\/www.sarlux.saras.it\/it\/il-gruppo-saras-e-i-valori-del-territorio\/","og_locale":"it_IT","og_type":"article","og_title":"Il Gruppo Saras e i valori del territorio - Sarlux Saras | Refining & Power","og_description":"Il dialogo costante del Gruppo con il territorio favorisce la salvaguardia dell\u2019ambiente e lo sviluppo di iniziative per lo sviluppo sociale, economico e culturale della comunit\u00e0 di cui azienda e territorio beneficiano in maniera simbiotica.","og_url":"https:\/\/www.sarlux.saras.it\/it\/il-gruppo-saras-e-i-valori-del-territorio\/","og_site_name":"Sarlux Saras | Refining & Power","article_published_time":"2022-10-17T16:16:35+00:00","article_modified_time":"2023-04-12T09:50:32+00:00","og_image":[{"width":990,"height":450,"url":"https:\/\/www.sarlux.saras.it\/wp-content\/uploads\/2022\/10\/Sarlux-raffineria-Saras-Elena-Ledda-Concerto-anteprima.jpg","type":"image\/jpeg"}],"author":"Alberto Soi","twitter_card":"summary_large_image","twitter_image":"https:\/\/www.sarlux.saras.it\/wp-content\/uploads\/2022\/10\/Sarlux-raffineria-Saras-Elena-Ledda-Concerto-anteprima.jpg","twitter_misc":{"Scritto da":"Alberto Soi","Tempo di lettura stimato":"4 minuti"},"schema":{"@context":"https:\/\/schema.org","@graph":[{"@type":"Article","@id":"https:\/\/www.sarlux.saras.it\/it\/il-gruppo-saras-e-i-valori-del-territorio\/#article","isPartOf":{"@id":"https:\/\/www.sarlux.saras.it\/it\/il-gruppo-saras-e-i-valori-del-territorio\/"},"author":{"name":"Alberto Soi","@id":"https:\/\/www.sarlux.saras.it\/it\/#\/schema\/person\/f369fc2d7dbcc34d69a0975e8fe360af"},"headline":"Il Gruppo Saras e i valori del territorio","datePublished":"2022-10-17T16:16:35+00:00","dateModified":"2023-04-12T09:50:32+00:00","mainEntityOfPage":{"@id":"https:\/\/www.sarlux.saras.it\/it\/il-gruppo-saras-e-i-valori-del-territorio\/"},"wordCount":1017,"publisher":{"@id":"https:\/\/www.sarlux.saras.it\/it\/#organization"},"image":{"@id":"https:\/\/www.sarlux.saras.it\/it\/il-gruppo-saras-e-i-valori-del-territorio\/#primaryimage"},"thumbnailUrl":"https:\/\/www.sarlux.saras.it\/wp-content\/uploads\/2022\/10\/Sarlux-raffineria-Saras-Elena-Ledda-Concerto-anteprima.jpg","keywords":["Cagliari","comunit\u00e0","cultura","diritto allo studio","Educazione","formazione","Gruppo Saras","Impegno sociale","Sarlux","Sarroch","Sport","territorio"],"articleSection":["home","News"],"inLanguage":"it-IT"},{"@type":"WebPage","@id":"https:\/\/www.sarlux.saras.it\/it\/il-gruppo-saras-e-i-valori-del-territorio\/","url":"https:\/\/www.sarlux.saras.it\/it\/il-gruppo-saras-e-i-valori-del-territorio\/","name":"Il Gruppo Saras e i valori del territorio - Sarlux Saras | Refining & Power","isPartOf":{"@id":"https:\/\/www.sarlux.saras.it\/it\/#website"},"primaryImageOfPage":{"@id":"https:\/\/www.sarlux.saras.it\/it\/il-gruppo-saras-e-i-valori-del-territorio\/#primaryimage"},"image":{"@id":"https:\/\/www.sarlux.saras.it\/it\/il-gruppo-saras-e-i-valori-del-territorio\/#primaryimage"},"thumbnailUrl":"https:\/\/www.sarlux.saras.it\/wp-content\/uploads\/2022\/10\/Sarlux-raffineria-Saras-Elena-Ledda-Concerto-anteprima.jpg","datePublished":"2022-10-17T16:16:35+00:00","dateModified":"2023-04-12T09:50:32+00:00","description":"Il dialogo costante del Gruppo con il territorio favorisce la salvaguardia dell\u2019ambiente e lo sviluppo di iniziative per lo sviluppo sociale, economico e culturale della comunit\u00e0 di cui azienda e territorio beneficiano in maniera simbiotica.","breadcrumb":{"@id":"https:\/\/www.sarlux.saras.it\/it\/il-gruppo-saras-e-i-valori-del-territorio\/#breadcrumb"},"inLanguage":"it-IT","potentialAction":[{"@type":"ReadAction","target":["https:\/\/www.sarlux.saras.it\/it\/il-gruppo-saras-e-i-valori-del-territorio\/"]}]},{"@type":"ImageObject","inLanguage":"it-IT","@id":"https:\/\/www.sarlux.saras.it\/it\/il-gruppo-saras-e-i-valori-del-territorio\/#primaryimage","url":"https:\/\/www.sarlux.saras.it\/wp-content\/uploads\/2022\/10\/Sarlux-raffineria-Saras-Elena-Ledda-Concerto-anteprima.jpg","contentUrl":"https:\/\/www.sarlux.saras.it\/wp-content\/uploads\/2022\/10\/Sarlux-raffineria-Saras-Elena-Ledda-Concerto-anteprima.jpg","width":990,"height":450,"caption":"Il concerto di Elena Ledda a Muidas - Mari e miniere"},{"@type":"BreadcrumbList","@id":"https:\/\/www.sarlux.saras.it\/it\/il-gruppo-saras-e-i-valori-del-territorio\/#breadcrumb","itemListElement":[{"@type":"ListItem","position":1,"name":"Home","item":"https:\/\/www.sarlux.saras.it\/it\/"},{"@type":"ListItem","position":2,"name":"Il Gruppo Saras e i valori del territorio"}]},{"@type":"WebSite","@id":"https:\/\/www.sarlux.saras.it\/it\/#website","url":"https:\/\/www.sarlux.saras.it\/it\/","name":"Sarlux","description":"","publisher":{"@id":"https:\/\/www.sarlux.saras.it\/it\/#organization"},"potentialAction":[{"@type":"SearchAction","target":{"@type":"EntryPoint","urlTemplate":"https:\/\/www.sarlux.saras.it\/it\/?s={search_term_string}"},"query-input":{"@type":"PropertyValueSpecification","valueRequired":true,"valueName":"search_term_string"}}],"inLanguage":"it-IT"},{"@type":"Organization","@id":"https:\/\/www.sarlux.saras.it\/it\/#organization","name":"Sarlux","url":"https:\/\/www.sarlux.saras.it\/it\/","logo":{"@type":"ImageObject","inLanguage":"it-IT","@id":"https:\/\/www.sarlux.saras.it\/it\/#\/schema\/logo\/image\/","url":"https:\/\/www.sarlux.saras.it\/wp-content\/uploads\/2017\/12\/logo-pc-1.png","contentUrl":"https:\/\/www.sarlux.saras.it\/wp-content\/uploads\/2017\/12\/logo-pc-1.png","width":184,"height":86,"caption":"Sarlux"},"image":{"@id":"https:\/\/www.sarlux.saras.it\/it\/#\/schema\/logo\/image\/"}},{"@type":"Person","@id":"https:\/\/www.sarlux.saras.it\/it\/#\/schema\/person\/f369fc2d7dbcc34d69a0975e8fe360af","name":"Alberto Soi","image":{"@type":"ImageObject","inLanguage":"it-IT","@id":"https:\/\/secure.gravatar.com\/avatar\/cc70035cae62a8d1e88cc2ac9d8e48bd174728dd9c5b3730ca1cbcb3eee8991b?s=96&d=mm&r=g","url":"https:\/\/secure.gravatar.com\/avatar\/cc70035cae62a8d1e88cc2ac9d8e48bd174728dd9c5b3730ca1cbcb3eee8991b?s=96&d=mm&r=g","contentUrl":"https:\/\/secure.gravatar.com\/avatar\/cc70035cae62a8d1e88cc2ac9d8e48bd174728dd9c5b3730ca1cbcb3eee8991b?s=96&d=mm&r=g","caption":"Alberto Soi"},"url":""}]}},"_links":{"self":[{"href":"https:\/\/www.sarlux.saras.it\/it\/wp-json\/wp\/v2\/posts\/544630","targetHints":{"allow":["GET"]}}],"collection":[{"href":"https:\/\/www.sarlux.saras.it\/it\/wp-json\/wp\/v2\/posts"}],"about":[{"href":"https:\/\/www.sarlux.saras.it\/it\/wp-json\/wp\/v2\/types\/post"}],"author":[{"embeddable":true,"href":"https:\/\/www.sarlux.saras.it\/it\/wp-json\/wp\/v2\/users\/36"}],"replies":[{"embeddable":true,"href":"https:\/\/www.sarlux.saras.it\/it\/wp-json\/wp\/v2\/comments?post=544630"}],"version-history":[{"count":6,"href":"https:\/\/www.sarlux.saras.it\/it\/wp-json\/wp\/v2\/posts\/544630\/revisions"}],"predecessor-version":[{"id":544901,"href":"https:\/\/www.sarlux.saras.it\/it\/wp-json\/wp\/v2\/posts\/544630\/revisions\/544901"}],"wp:featuredmedia":[{"embeddable":true,"href":"https:\/\/www.sarlux.saras.it\/it\/wp-json\/wp\/v2\/media\/544638"}],"wp:attachment":[{"href":"https:\/\/www.sarlux.saras.it\/it\/wp-json\/wp\/v2\/media?parent=544630"}],"wp:term":[{"taxonomy":"category","embeddable":true,"href":"https:\/\/www.sarlux.saras.it\/it\/wp-json\/wp\/v2\/categories?post=544630"},{"taxonomy":"post_tag","embeddable":true,"href":"https:\/\/www.sarlux.saras.it\/it\/wp-json\/wp\/v2\/tags?post=544630"}],"curies":[{"name":"wp","href":"https:\/\/api.w.org\/{rel}","templated":true}]}}