{"id":544703,"date":"2022-12-23T09:17:29","date_gmt":"2022-12-23T09:17:29","guid":{"rendered":"https:\/\/www.sarlux.saras.it\/?p=544703"},"modified":"2023-04-12T09:52:57","modified_gmt":"2023-04-12T09:52:57","slug":"gli-studenti-dellistituto-giua-a-scuola-di-sostenibilita","status":"publish","type":"post","link":"https:\/\/www.sarlux.saras.it\/it\/gli-studenti-dellistituto-giua-a-scuola-di-sostenibilita\/","title":{"rendered":"Gli studenti dell\u2019istituto Giua \u201ca scuola\u201d di sostenibilit\u00e0"},"content":{"rendered":"<div class=\"wpb-content-wrapper\"><p>[vc_row][vc_column][vc_column_text]Le iniziative di <strong>istruzione e formazione<\/strong> promosse dal <strong>Gruppo Saras <\/strong>rivolte agli <strong>studenti<\/strong>, sono ripartite anche per questo anno scolastico; l\u2019obiettivo \u00e8 quello di <strong>\u2018condividere conoscenza\u2019<\/strong>. Siamo convinti che trasmettere l\u2019importanza di uno sviluppo basato sull\u2019innovazione dei processi, sull\u2019applicazione di tecnologie avanzate, sulla valorizzazione del\u00a0 capitale intellettuale, sia molto utile per promuovere la <strong>cultura della sostenibilit\u00e0<\/strong>,\u00a0volano per una crescita economica delle societ\u00e0 compatibile con la salvaguardia dell\u2019ambiente.[\/vc_column_text][vc_column_text]<strong>Per l\u2019anno scolastico 2022-2023<\/strong>, nel quadro del programma ministeriale \u201cCompetenze Trasversali e Orientamento\u201d (PCTO), il Gruppo ha pianificato 6 programmi formativi specifici insieme ad altrettanti istituti superiori della provincia di Cagliari e dell\u2019Ogliastra.[\/vc_column_text][vc_empty_space height=&#8221;8px&#8221;][\/vc_column][\/vc_row][vc_row][vc_column width=&#8221;1\/2&#8243;][vc_single_image image=&#8221;544699&#8243; img_size=&#8221;full&#8221; alignment=&#8221;right&#8221;][\/vc_column][vc_column width=&#8221;1\/2&#8243;][vc_single_image image=&#8221;544701&#8243; img_size=&#8221;full&#8221; alignment=&#8221;right&#8221;][vc_empty_space height=&#8221;16px&#8221;][\/vc_column][\/vc_row][vc_row][vc_column][vc_column_text]<strong>L\u2019Istituto di Istruzione Superiore &#8220;Michele Giua&#8221; \u00e8 stato il primo ad essere coinvolto <\/strong>e, tra novembre e dicembre, gli studenti hanno partecipato ad un intenso programma di conferenze e visite guidate agli impianti.[\/vc_column_text][vc_column_text]Sono stati approfonditi gli aspetti di <strong>sostenibilit\u00e0 dei processi produttivi del sito Sarlux<\/strong> nelle buone pratiche di produzione che <strong>migliorano sempre di pi\u00f9 l\u2019impronta ecologica di tutti i processi. <\/strong><\/p>\n<p>Ai giovani che si affacciano al mondo del lavoro, rappresentiamo quali siano le\u00a0<strong>competenze<\/strong>\u00a0necessarie nel mercato delle professioni di oggi, all\u2019interno dei nuovi scenari proposti dalla\u00a0<strong>transizione energetica.<\/strong>[\/vc_column_text][vc_empty_space height=&#8221;16px&#8221;][\/vc_column][\/vc_row][vc_row][vc_column][vc_column_text]<\/p>\n<h4><strong>Argomenti e attivit\u00e0<\/strong><\/h4>\n<p>[\/vc_column_text][vc_empty_space height=&#8221;16px&#8221;][\/vc_column][\/vc_row][vc_row][vc_column width=&#8221;1\/2&#8243;][vc_column_text]<strong>Il progetto PCTO \u201cSostenibilit\u00e0, evoluzione ed efficientamento nei processi produttivi\u201d<\/strong> ha\u00a0coinvolto circa 250 studenti sui temi della sostenibilit\u00e0, del mondo dell\u2019energia, dei processi di distillazione e conversione, della produzione di energia elettrica e della sicurezza sul lavoro.<\/p>\n<p>Gli argomenti, curati da esperti e manager del Gruppo, hanno incluso: una parte di <strong>formazione teorica\u00a0<\/strong>dedicata agli aspetti tecnici che maggiormente si avvicinano all\u2019indirizzo di studi dell\u2019istituto; una\u00a0<strong>visita presso lo stabilimento Sarlux\u00a0<\/strong>per gli studenti delle V classi; un momento di condivisione\u00a0del <strong>project work<\/strong>;\u00a0una esposizione sulle aspettative del mondo del lavoro in termini di preparazione di curricula e di autopresentazione.<\/p>\n<p>Nell&#8217;ambito del PCTO, della durata complessiva di 20 ore, si \u00e8 creata l\u2019occasione di accogliere in raffineria laureandi e studenti iscritti al primo anno della Facolt\u00e0 di Ingegneria chimica dell\u2019Universit\u00e0 di Cagliari per un dialogo con gli studenti del Giua e per un focus, con gli esperti del Gruppo, sugli studi dei processi industriali.[\/vc_column_text][vc_empty_space height=&#8221;8px&#8221;][\/vc_column][vc_column width=&#8221;1\/2&#8243;][vc_empty_space height=&#8221;8px&#8221;]\n\t\t\t<!-- START Energia, passione, orgoglio REVOLUTION SLIDER 6.6.14 --><p class=\"rs-p-wp-fix\"><\/p>\n\t\t\t<rs-module-wrap id=\"rev_slider_106_1_wrapper\" data-source=\"gallery\" style=\"visibility:hidden;background:transparent;padding:0;margin:0px auto;margin-top:0;margin-bottom:0;\">\n\t\t\t\t<rs-module id=\"rev_slider_106_1\" style=\"\" data-version=\"6.6.14\">\n\t\t\t\t\t<rs-slides style=\"overflow: hidden; position: absolute;\">\n\t\t\t\t\t\t<rs-slide style=\"position: absolute;\" data-key=\"rs-1309\" data-title=\"Slide\" data-thumb=\"\/\/www.sarlux.saras.it\/wp-content\/uploads\/revslider\/aula-magna-PCTO-Giua-Sarlux-Saras-conferenza.jpg\" data-anim=\"adpr:false;\">\n\t\t\t\t\t\t\t<img decoding=\"async\" src=\"\/\/www.sarlux.saras.it\/wp-content\/plugins\/revslider\/public\/assets\/assets\/dummy.png\" alt=\"\" title=\"Gli studenti dell\u2019istituto Giua \u201ca scuola\u201d di sostenibilit\u00e0\" class=\"rev-slidebg tp-rs-img rs-lazyload\" data-lazyload=\"\/\/www.sarlux.saras.it\/wp-content\/uploads\/revslider\/aula-magna-PCTO-Giua-Sarlux-Saras-conferenza.jpg\" data-no-retina>\n<!--\n\t\t\t\t\t\t\t--><rs-layer\n\t\t\t\t\t\t\t\tid=\"slider-106-slide-1309-layer-1\" \n\t\t\t\t\t\t\t\tclass=\"tp-shape tp-shapewrapper\"\n\t\t\t\t\t\t\t\tdata-type=\"shape\"\n\t\t\t\t\t\t\t\tdata-rsp_ch=\"on\"\n\t\t\t\t\t\t\t\tdata-xy=\"y:606px;\"\n\t\t\t\t\t\t\t\tdata-text=\"fw:100;a:inherit;\"\n\t\t\t\t\t\t\t\tdata-dim=\"w:100%;h:94px;\"\n\t\t\t\t\t\t\t\tdata-frame_0=\"tp:600;\"\n\t\t\t\t\t\t\t\tdata-frame_1=\"tp:600;st:0;\"\n\t\t\t\t\t\t\t\tdata-frame_999=\"o:0;tp:600;st:w;sR:2700;\"\n\t\t\t\t\t\t\t\tstyle=\"z-index:5;background-color:rgba(0,122,255,0.5);\"\n\t\t\t\t\t\t\t> \n\t\t\t\t\t\t\t<\/rs-layer><!--\n\n\t\t\t\t\t\t\t--><rs-layer\n\t\t\t\t\t\t\t\tid=\"slider-106-slide-1309-layer-2\" \n\t\t\t\t\t\t\t\tdata-type=\"text\"\n\t\t\t\t\t\t\t\tdata-color=\"#ffffff\"\n\t\t\t\t\t\t\t\tdata-rsp_ch=\"on\"\n\t\t\t\t\t\t\t\tdata-xy=\"x:20px;y:636px;\"\n\t\t\t\t\t\t\t\tdata-text=\"s:36;l:22;a:inherit;\"\n\t\t\t\t\t\t\t\tdata-dim=\"w:100%;\"\n\t\t\t\t\t\t\t\tdata-frame_0=\"tp:600;\"\n\t\t\t\t\t\t\t\tdata-frame_1=\"tp:600;st:0;\"\n\t\t\t\t\t\t\t\tdata-frame_999=\"o:0;tp:600;st:w;sR:2700;\"\n\t\t\t\t\t\t\t\tstyle=\"z-index:6;font-family:'Open Sans';\"\n\t\t\t\t\t\t\t>l\u2019ing. Elisabetta Fois, per HOP US EST, \n\t\t\t\t\t\t\t<\/rs-layer><!--\n-->\t\t\t\t\t\t<\/rs-slide>\n\t\t\t\t\t\t<rs-slide style=\"position: absolute;\" data-key=\"rs-1310\" data-title=\"Slide\" data-thumb=\"\/\/www.sarlux.saras.it\/wp-content\/uploads\/revslider\/PCTO-Giua-raffineria-Sarlux-Saras-formazione.jpg\" data-anim=\"adpr:false;\">\n\t\t\t\t\t\t\t<img decoding=\"async\" src=\"\/\/www.sarlux.saras.it\/wp-content\/plugins\/revslider\/public\/assets\/assets\/dummy.png\" alt=\"\" title=\"Gli studenti dell\u2019istituto Giua \u201ca scuola\u201d di sostenibilit\u00e0\" class=\"rev-slidebg tp-rs-img rs-lazyload\" data-lazyload=\"\/\/www.sarlux.saras.it\/wp-content\/uploads\/revslider\/PCTO-Giua-raffineria-Sarlux-Saras-formazione.jpg\" data-no-retina>\n<!--\n\t\t\t\t\t\t\t--><rs-layer\n\t\t\t\t\t\t\t\tid=\"slider-106-slide-1310-layer-1\" \n\t\t\t\t\t\t\t\tclass=\"tp-shape tp-shapewrapper\"\n\t\t\t\t\t\t\t\tdata-type=\"shape\"\n\t\t\t\t\t\t\t\tdata-rsp_ch=\"on\"\n\t\t\t\t\t\t\t\tdata-xy=\"y:606px;\"\n\t\t\t\t\t\t\t\tdata-text=\"fw:100;a:inherit;\"\n\t\t\t\t\t\t\t\tdata-dim=\"w:100%;h:94px;\"\n\t\t\t\t\t\t\t\tdata-frame_0=\"tp:600;\"\n\t\t\t\t\t\t\t\tdata-frame_1=\"tp:600;st:0;\"\n\t\t\t\t\t\t\t\tdata-frame_999=\"o:0;tp:600;st:w;sR:2700;\"\n\t\t\t\t\t\t\t\tstyle=\"z-index:5;background-color:rgba(0,122,255,0.5);\"\n\t\t\t\t\t\t\t> \n\t\t\t\t\t\t\t<\/rs-layer><!--\n\n\t\t\t\t\t\t\t--><rs-layer\n\t\t\t\t\t\t\t\tid=\"slider-106-slide-1310-layer-2\" \n\t\t\t\t\t\t\t\tdata-type=\"text\"\n\t\t\t\t\t\t\t\tdata-color=\"#ffffff\"\n\t\t\t\t\t\t\t\tdata-rsp_ch=\"on\"\n\t\t\t\t\t\t\t\tdata-xy=\"x:20px;y:636px;\"\n\t\t\t\t\t\t\t\tdata-text=\"s:36;l:22;a:inherit;\"\n\t\t\t\t\t\t\t\tdata-dim=\"w:100%;\"\n\t\t\t\t\t\t\t\tdata-frame_0=\"tp:600;\"\n\t\t\t\t\t\t\t\tdata-frame_1=\"tp:600;st:0;\"\n\t\t\t\t\t\t\t\tdata-frame_999=\"o:0;tp:600;st:w;sR:2700;\"\n\t\t\t\t\t\t\t\tstyle=\"z-index:6;font-family:'Open Sans';\"\n\t\t\t\t\t\t\t>l\u2019ing. Elisabetta Fois, per HOP US EST, \n\t\t\t\t\t\t\t<\/rs-layer><!--\n-->\t\t\t\t\t\t<\/rs-slide>\n\t\t\t\t\t\t<rs-slide style=\"position: absolute;\" data-key=\"rs-1311\" data-title=\"Slide\" data-thumb=\"\/\/www.sarlux.saras.it\/wp-content\/uploads\/revslider\/PCTO-Giua-Sarlux-Saras-conferenza.jpg\" data-anim=\"adpr:false;\">\n\t\t\t\t\t\t\t<img decoding=\"async\" src=\"\/\/www.sarlux.saras.it\/wp-content\/plugins\/revslider\/public\/assets\/assets\/dummy.png\" alt=\"\" title=\"Gli studenti dell\u2019istituto Giua \u201ca scuola\u201d di sostenibilit\u00e0\" class=\"rev-slidebg tp-rs-img rs-lazyload\" data-lazyload=\"\/\/www.sarlux.saras.it\/wp-content\/uploads\/revslider\/PCTO-Giua-Sarlux-Saras-conferenza.jpg\" data-no-retina>\n<!--\n\t\t\t\t\t\t\t--><rs-layer\n\t\t\t\t\t\t\t\tid=\"slider-106-slide-1311-layer-1\" \n\t\t\t\t\t\t\t\tclass=\"tp-shape tp-shapewrapper\"\n\t\t\t\t\t\t\t\tdata-type=\"shape\"\n\t\t\t\t\t\t\t\tdata-rsp_ch=\"on\"\n\t\t\t\t\t\t\t\tdata-xy=\"y:606px;\"\n\t\t\t\t\t\t\t\tdata-text=\"fw:100;a:inherit;\"\n\t\t\t\t\t\t\t\tdata-dim=\"w:100%;h:94px;\"\n\t\t\t\t\t\t\t\tdata-frame_0=\"tp:600;\"\n\t\t\t\t\t\t\t\tdata-frame_1=\"tp:600;st:0;\"\n\t\t\t\t\t\t\t\tdata-frame_999=\"o:0;tp:600;st:w;sR:2700;\"\n\t\t\t\t\t\t\t\tstyle=\"z-index:5;background-color:rgba(0,122,255,0.5);\"\n\t\t\t\t\t\t\t> \n\t\t\t\t\t\t\t<\/rs-layer><!--\n\n\t\t\t\t\t\t\t--><rs-layer\n\t\t\t\t\t\t\t\tid=\"slider-106-slide-1311-layer-2\" \n\t\t\t\t\t\t\t\tdata-type=\"text\"\n\t\t\t\t\t\t\t\tdata-color=\"#ffffff\"\n\t\t\t\t\t\t\t\tdata-rsp_ch=\"on\"\n\t\t\t\t\t\t\t\tdata-xy=\"x:20px;y:636px;\"\n\t\t\t\t\t\t\t\tdata-text=\"s:36;l:22;a:inherit;\"\n\t\t\t\t\t\t\t\tdata-dim=\"w:100%;\"\n\t\t\t\t\t\t\t\tdata-frame_0=\"tp:600;\"\n\t\t\t\t\t\t\t\tdata-frame_1=\"tp:600;st:0;\"\n\t\t\t\t\t\t\t\tdata-frame_999=\"o:0;tp:600;st:w;sR:2700;\"\n\t\t\t\t\t\t\t\tstyle=\"z-index:6;font-family:'Open Sans';\"\n\t\t\t\t\t\t\t>ha premiato Elisa Pibiri \n\t\t\t\t\t\t\t<\/rs-layer><!--\n-->\t\t\t\t\t\t<\/rs-slide>\n\t\t\t\t\t\t<rs-slide style=\"position: absolute;\" data-key=\"rs-1312\" data-title=\"Slide\" data-thumb=\"\/\/www.sarlux.saras.it\/wp-content\/uploads\/revslider\/03-PCTO-Buccari-Sarlux-Saras-Sarroch.jpg\" data-anim=\"adpr:false;\">\n\t\t\t\t\t\t\t<img decoding=\"async\" src=\"\/\/www.sarlux.saras.it\/wp-content\/plugins\/revslider\/public\/assets\/assets\/dummy.png\" alt=\"\" title=\"Gli studenti dell\u2019istituto Giua \u201ca scuola\u201d di sostenibilit\u00e0\" class=\"rev-slidebg tp-rs-img rs-lazyload\" data-lazyload=\"\/\/www.sarlux.saras.it\/wp-content\/uploads\/revslider\/03-PCTO-Buccari-Sarlux-Saras-Sarroch.jpg\" data-no-retina>\n<!--\n\t\t\t\t\t\t\t--><rs-layer\n\t\t\t\t\t\t\t\tid=\"slider-106-slide-1312-layer-1\" \n\t\t\t\t\t\t\t\tclass=\"tp-shape tp-shapewrapper\"\n\t\t\t\t\t\t\t\tdata-type=\"shape\"\n\t\t\t\t\t\t\t\tdata-rsp_ch=\"on\"\n\t\t\t\t\t\t\t\tdata-xy=\"y:606px;\"\n\t\t\t\t\t\t\t\tdata-text=\"fw:100;a:inherit;\"\n\t\t\t\t\t\t\t\tdata-dim=\"w:100%;h:94px;\"\n\t\t\t\t\t\t\t\tdata-frame_0=\"tp:600;\"\n\t\t\t\t\t\t\t\tdata-frame_1=\"tp:600;st:0;\"\n\t\t\t\t\t\t\t\tdata-frame_999=\"o:0;tp:600;st:w;sR:2700;\"\n\t\t\t\t\t\t\t\tstyle=\"z-index:5;background-color:rgba(0,122,255,0.5);\"\n\t\t\t\t\t\t\t> \n\t\t\t\t\t\t\t<\/rs-layer><!--\n\n\t\t\t\t\t\t\t--><rs-layer\n\t\t\t\t\t\t\t\tid=\"slider-106-slide-1312-layer-2\" \n\t\t\t\t\t\t\t\tdata-type=\"text\"\n\t\t\t\t\t\t\t\tdata-color=\"#ffffff\"\n\t\t\t\t\t\t\t\tdata-rsp_ch=\"on\"\n\t\t\t\t\t\t\t\tdata-xy=\"x:20px;y:636px;\"\n\t\t\t\t\t\t\t\tdata-text=\"s:36;l:22;a:inherit;\"\n\t\t\t\t\t\t\t\tdata-dim=\"w:100%;\"\n\t\t\t\t\t\t\t\tdata-frame_0=\"tp:600;\"\n\t\t\t\t\t\t\t\tdata-frame_1=\"tp:600;st:0;\"\n\t\t\t\t\t\t\t\tdata-frame_999=\"o:0;tp:600;st:w;sR:2700;\"\n\t\t\t\t\t\t\t\tstyle=\"z-index:6;font-family:'Open Sans';\"\n\t\t\t\t\t\t\t>l\u2019ing. Laura Pilia, per SARTEC, \n\t\t\t\t\t\t\t<\/rs-layer><!--\n-->\t\t\t\t\t\t<\/rs-slide>\n\t\t\t\t\t\t<rs-slide style=\"position: absolute;\" data-key=\"rs-1313\" data-title=\"Slide\" data-thumb=\"\/\/www.sarlux.saras.it\/wp-content\/uploads\/2018\/09\/RINA-evidenza-129-DPS_5156.jpg\" data-anim=\"adpr:false;\">\n\t\t\t\t\t\t\t<img decoding=\"async\" src=\"\/\/www.sarlux.saras.it\/wp-content\/plugins\/revslider\/public\/assets\/assets\/dummy.png\" alt=\"\" title=\"Gli studenti dell\u2019istituto Giua \u201ca scuola\u201d di sostenibilit\u00e0\" class=\"rev-slidebg tp-rs-img rs-lazyload\" data-lazyload=\"\/\/www.sarlux.saras.it\/wp-content\/uploads\/2018\/09\/RINA-evidenza-129-DPS_5156.jpg\" data-no-retina>\n<!--\n\t\t\t\t\t\t\t--><rs-layer\n\t\t\t\t\t\t\t\tid=\"slider-106-slide-1313-layer-1\" \n\t\t\t\t\t\t\t\tclass=\"tp-shape tp-shapewrapper\"\n\t\t\t\t\t\t\t\tdata-type=\"shape\"\n\t\t\t\t\t\t\t\tdata-rsp_ch=\"on\"\n\t\t\t\t\t\t\t\tdata-xy=\"y:606px;\"\n\t\t\t\t\t\t\t\tdata-text=\"fw:100;a:inherit;\"\n\t\t\t\t\t\t\t\tdata-dim=\"w:100%;h:94px;\"\n\t\t\t\t\t\t\t\tdata-frame_0=\"tp:600;\"\n\t\t\t\t\t\t\t\tdata-frame_1=\"tp:600;st:0;\"\n\t\t\t\t\t\t\t\tdata-frame_999=\"o:0;tp:600;st:w;sR:2700;\"\n\t\t\t\t\t\t\t\tstyle=\"z-index:5;background-color:rgba(0,122,255,0.5);\"\n\t\t\t\t\t\t\t> \n\t\t\t\t\t\t\t<\/rs-layer><!--\n\n\t\t\t\t\t\t\t--><rs-layer\n\t\t\t\t\t\t\t\tid=\"slider-106-slide-1313-layer-2\" \n\t\t\t\t\t\t\t\tdata-type=\"text\"\n\t\t\t\t\t\t\t\tdata-color=\"#ffffff\"\n\t\t\t\t\t\t\t\tdata-rsp_ch=\"on\"\n\t\t\t\t\t\t\t\tdata-xy=\"x:20px;y:636px;\"\n\t\t\t\t\t\t\t\tdata-text=\"s:36;l:22;a:inherit;\"\n\t\t\t\t\t\t\t\tdata-dim=\"w:100%;\"\n\t\t\t\t\t\t\t\tdata-frame_0=\"tp:600;\"\n\t\t\t\t\t\t\t\tdata-frame_1=\"tp:600;st:0;\"\n\t\t\t\t\t\t\t\tdata-frame_999=\"o:0;tp:600;st:w;sR:2700;\"\n\t\t\t\t\t\t\t\tstyle=\"z-index:6;font-family:'Open Sans';\"\n\t\t\t\t\t\t\t>l\u2019ing. Elisabetta Fois, per HOP US EST, \n\t\t\t\t\t\t\t<\/rs-layer><!--\n-->\t\t\t\t\t\t<\/rs-slide>\n\t\t\t\t\t\t<rs-slide style=\"position: absolute;\" data-key=\"rs-1314\" data-title=\"Slide\" data-thumb=\"\/\/www.sarlux.saras.it\/wp-content\/uploads\/revslider\/07-PCTO-Buccari-Sarlux-Saras-Sarroch.jpg\" data-anim=\"adpr:false;\">\n\t\t\t\t\t\t\t<img decoding=\"async\" src=\"\/\/www.sarlux.saras.it\/wp-content\/plugins\/revslider\/public\/assets\/assets\/dummy.png\" alt=\"\" title=\"Gli studenti dell\u2019istituto Giua \u201ca scuola\u201d di sostenibilit\u00e0\" class=\"rev-slidebg tp-rs-img rs-lazyload\" data-lazyload=\"\/\/www.sarlux.saras.it\/wp-content\/uploads\/revslider\/07-PCTO-Buccari-Sarlux-Saras-Sarroch.jpg\" data-no-retina>\n<!--\n\t\t\t\t\t\t\t--><rs-layer\n\t\t\t\t\t\t\t\tid=\"slider-106-slide-1314-layer-1\" \n\t\t\t\t\t\t\t\tclass=\"tp-shape tp-shapewrapper\"\n\t\t\t\t\t\t\t\tdata-type=\"shape\"\n\t\t\t\t\t\t\t\tdata-rsp_ch=\"on\"\n\t\t\t\t\t\t\t\tdata-xy=\"y:606px;\"\n\t\t\t\t\t\t\t\tdata-text=\"fw:100;a:inherit;\"\n\t\t\t\t\t\t\t\tdata-dim=\"w:100%;h:94px;\"\n\t\t\t\t\t\t\t\tdata-frame_0=\"tp:600;\"\n\t\t\t\t\t\t\t\tdata-frame_1=\"tp:600;st:0;\"\n\t\t\t\t\t\t\t\tdata-frame_999=\"o:0;tp:600;st:w;sR:2700;\"\n\t\t\t\t\t\t\t\tstyle=\"z-index:5;background-color:rgba(0,122,255,0.5);\"\n\t\t\t\t\t\t\t> \n\t\t\t\t\t\t\t<\/rs-layer><!--\n\n\t\t\t\t\t\t\t--><rs-layer\n\t\t\t\t\t\t\t\tid=\"slider-106-slide-1314-layer-2\" \n\t\t\t\t\t\t\t\tdata-type=\"text\"\n\t\t\t\t\t\t\t\tdata-color=\"#ffffff\"\n\t\t\t\t\t\t\t\tdata-rsp_ch=\"on\"\n\t\t\t\t\t\t\t\tdata-xy=\"x:20px;y:636px;\"\n\t\t\t\t\t\t\t\tdata-text=\"s:36;l:22;a:inherit;\"\n\t\t\t\t\t\t\t\tdata-dim=\"w:100%;\"\n\t\t\t\t\t\t\t\tdata-frame_0=\"tp:600;\"\n\t\t\t\t\t\t\t\tdata-frame_1=\"tp:600;st:0;\"\n\t\t\t\t\t\t\t\tdata-frame_999=\"o:0;tp:600;st:w;sR:2700;\"\n\t\t\t\t\t\t\t\tstyle=\"z-index:6;font-family:'Open Sans';\"\n\t\t\t\t\t\t\t>il prof. Massimiliano Grosso, per AIDIC,  \n\t\t\t\t\t\t\t<\/rs-layer><!--\n-->\t\t\t\t\t\t<\/rs-slide>\n\t\t\t\t\t<\/rs-slides>\n\t\t\t\t<\/rs-module>\n\t\t\t\t<script>\n\t\t\t\t\tsetREVStartSize({c: 'rev_slider_106_1',rl:[1240,1024,778,480],el:[],gw:[990],gh:[450],type:'standard',justify:'',layout:'fullwidth',mh:\"0\"});if (window.RS_MODULES!==undefined && window.RS_MODULES.modules!==undefined && window.RS_MODULES.modules[\"revslider1061\"]!==undefined) {window.RS_MODULES.modules[\"revslider1061\"].once = false;window.revapi106 = undefined;if (window.RS_MODULES.checkMinimal!==undefined) window.RS_MODULES.checkMinimal()}\n\t\t\t\t<\/script>\n\t\t\t<\/rs-module-wrap>\n\t\t\t<!-- END REVOLUTION SLIDER -->\n[vc_empty_space height=&#8221;16px&#8221;][\/vc_column][\/vc_row][vc_row][vc_column][vc_icon icon_fontawesome=&#8221;fas fa-cog&#8221; size=&#8221;sm&#8221; align=&#8221;center&#8221;][\/vc_column][\/vc_row][vc_row bg_type=&#8221;grad&#8221; bg_grad=&#8221;background: -webkit-gradient(linear, left top, left bottom, color-stop(0%, #F5F5F5), color-stop(33%, #FFFFFF), color-stop(66%, #FFFFFF), color-stop(100%, #F5F5F5));background: -moz-linear-gradient(left,#F5F5F5 0%,#FFFFFF 33%,#FFFFFF 66%,#F5F5F5 100%);background: -webkit-linear-gradient(left,#F5F5F5 0%,#FFFFFF 33%,#FFFFFF 66%,#F5F5F5 100%);background: -o-linear-gradient(left,#F5F5F5 0%,#FFFFFF 33%,#FFFFFF 66%,#F5F5F5 100%);background: -ms-linear-gradient(left,#F5F5F5 0%,#FFFFFF 33%,#FFFFFF 66%,#F5F5F5 100%);background: linear-gradient(left,#F5F5F5 0%,#FFFFFF 33%,#FFFFFF 66%,#F5F5F5 100%);&#8221; css=&#8221;.vc_custom_1610992623708{margin-right: 50px !important;margin-left: 50px !important;border-radius: 2px !important;}&#8221;][vc_column width=&#8221;1\/12&#8243;][vc_column_text css=&#8221;.vc_custom_1607529586719{margin-right: 0px !important;border-right-width: 0px !important;padding-right: 0px !important;}&#8221;]<\/p>\n<h1 style=\"text-align: right;\"><span style=\"font-family: symbol; font-size: 96px;\">\u201c<\/span><\/h1>\n<p>[\/vc_column_text][\/vc_column][vc_column width=&#8221;10\/12&#8243; css=&#8221;.vc_custom_1607529781794{margin-top: 0px !important;margin-right: 0px !important;margin-left: 0px !important;padding-top: 0px !important;padding-right: 0px !important;padding-left: 0px !important;}&#8221;][vc_empty_space height=&#8221;8px&#8221;][vc_column_text]<em>La giornata in Saras \u00e8 quella che mi ha interessato maggiormente perch\u00e9 pi\u00f9 vicina al mio campo di studio.<br \/>\n<\/em>Giulia<\/p>\n<p><em>Il PCTO con Saras \u00e8 stato sicuramente utile perch\u00e9 ho avuto la possibilit\u00e0 di toccare con mano una realt\u00e0 lavorativa inerente il mio corso di studi.<br \/>\n<\/em>Luca<\/p>\n<p><em>Avrei apprezzato un progetto con pi\u00f9 pratica &#8230;equilibrandolo con la parte teorica<br \/>\n<\/em>Fabiano[\/vc_column_text][\/vc_column][vc_column width=&#8221;1\/12&#8243;][vc_column_text css=&#8221;.vc_custom_1607529611061{margin-left: 0px !important;padding-left: 0px !important;}&#8221;]<\/p>\n<h1 style=\"text-align: left;\"><span style=\"font-family: symbol; font-size: 96px;\">\u201d<\/span><\/h1>\n<p>[\/vc_column_text][\/vc_column][\/vc_row][vc_row][vc_column][vc_icon icon_fontawesome=&#8221;fas fa-cog&#8221; size=&#8221;sm&#8221; align=&#8221;center&#8221;][vc_empty_space height=&#8221;8px&#8221;][\/vc_column][\/vc_row][vc_row][vc_column][vc_empty_space height=&#8221;8px&#8221;][vc_column_text]Coerente con la tradizione di essere parte integrante e riferimento nella comunit\u00e0<strong>\u00a0attraverso le societ\u00e0 del Gruppo, Saras ha condiviso con gli studenti la propria realt\u00e0 aziendale<\/strong> e trasmesso il messaggio che si pu\u00f2 <strong>creare valore a lungo termine<\/strong> agendo in modo responsabile e con il miglioramento continuo delle proprie prestazioni.[\/vc_column_text][\/vc_column][\/vc_row][vc_row][vc_column][vc_empty_space height=&#8221;16px&#8221;][\/vc_column][\/vc_row][vc_row][vc_column][vc_empty_space height=&#8221;16px&#8221;][vc_single_image image=&#8221;544218&#8243; img_size=&#8221;full&#8221; alignment=&#8221;center&#8221;][vc_empty_space height=&#8221;16px&#8221;][vc_column_text]Il Gruppo Saras \u00e8 uno dei principali operatori europei nella raffinazione del petrolio ed \u00e8 attivo anche nel settore della produzione di energia elettrica. Direttamente e attraverso le proprie controllate, il Gruppo vende e distribuisce prodotti petroliferi nei mercati nazionali e internazionali. Inoltre, il Gruppo produce e vende energia elettrica attraverso le controllate Sarlux Srl (impianto IGCC) e Sardeolica Srl (parco eolico). Il Gruppo offre poi servizi di ingegneria industriale per il settore petrolifero, dell\u2019energia e dell\u2019ambiente attraverso la controllata Sartec Srl.[\/vc_column_text][vc_empty_space][\/vc_column][\/vc_row]<\/p>\n<\/div>","protected":false},"excerpt":{"rendered":"<p>Ci piace condividere le nostre conoscenze e le nostre abilit\u00e0 per creare un ponte tra il mondo della scuola e della formazione universitaria e il mondo del lavoro per favorire le persone nella definizione delle proprie aspirazioni professionali.<\/p>\n","protected":false},"author":36,"featured_media":544701,"comment_status":"closed","ping_status":"open","sticky":false,"template":"","format":"standard","meta":{"_acf_changed":false,"inline_featured_image":false,"footnotes":""},"categories":[26,17],"tags":[438,138,471,35,97,29,105,53,71,132,126,114],"class_list":["post-544703","post","type-post","status-publish","format-standard","has-post-thumbnail","hentry","category-home-it","category-news","tag-comunita","tag-cultura","tag-diritto-allo-studio","tag-educazione","tag-gruppo-saras","tag-impegno-sociale","tag-sardegna","tag-sarlux","tag-sarroch","tag-scuola","tag-sviluppo","tag-territorio"],"acf":[],"yoast_head":"<!-- This site is optimized with the Yoast SEO plugin v27.3 - https:\/\/yoast.com\/product\/yoast-seo-wordpress\/ -->\n<title>Gli studenti dell\u2019istituto Giua \u201ca scuola\u201d di sostenibilit\u00e0 - Sarlux Saras | Refining &amp; Power<\/title>\n<meta name=\"description\" content=\"Ci piace condividere le nostre conoscenze e le nostre abilit\u00e0 per creare un ponte tra il mondo della scuola e della formazione universitaria e il mondo del lavoro per favorire le persone nella definizione delle proprie aspirazioni professionali.\" \/>\n<meta name=\"robots\" content=\"index, follow, max-snippet:-1, max-image-preview:large, max-video-preview:-1\" \/>\n<link rel=\"canonical\" href=\"https:\/\/www.sarlux.saras.it\/it\/gli-studenti-dellistituto-giua-a-scuola-di-sostenibilita\/\" \/>\n<meta property=\"og:locale\" content=\"it_IT\" \/>\n<meta property=\"og:type\" content=\"article\" \/>\n<meta property=\"og:title\" content=\"Gli studenti dell\u2019istituto Giua \u201ca scuola\u201d di sostenibilit\u00e0 - Sarlux Saras | Refining &amp; Power\" \/>\n<meta property=\"og:description\" content=\"Ci piace condividere le nostre conoscenze e le nostre abilit\u00e0 per creare un ponte tra il mondo della scuola e della formazione universitaria e il mondo del lavoro per favorire le persone nella definizione delle proprie aspirazioni professionali.\" \/>\n<meta property=\"og:url\" content=\"https:\/\/www.sarlux.saras.it\/it\/gli-studenti-dellistituto-giua-a-scuola-di-sostenibilita\/\" \/>\n<meta property=\"og:site_name\" content=\"Sarlux Saras | Refining &amp; Power\" \/>\n<meta property=\"article:published_time\" content=\"2022-12-23T09:17:29+00:00\" \/>\n<meta property=\"article:modified_time\" content=\"2023-04-12T09:52:57+00:00\" \/>\n<meta property=\"og:image\" content=\"https:\/\/www.sarlux.saras.it\/wp-content\/uploads\/2022\/12\/Saras-raffineria-Sarlux-PCTO-Giua.jpg\" \/>\n\t<meta property=\"og:image:width\" content=\"990\" \/>\n\t<meta property=\"og:image:height\" content=\"450\" \/>\n\t<meta property=\"og:image:type\" content=\"image\/jpeg\" \/>\n<meta name=\"author\" content=\"Alberto Soi\" \/>\n<meta name=\"twitter:card\" content=\"summary_large_image\" \/>\n<meta name=\"twitter:image\" content=\"https:\/\/www.sarlux.saras.it\/wp-content\/uploads\/2022\/12\/Saras-raffineria-Sarlux-PCTO-Giua.jpg\" \/>\n<meta name=\"twitter:label1\" content=\"Scritto da\" \/>\n\t<meta name=\"twitter:data1\" content=\"Alberto Soi\" \/>\n\t<meta name=\"twitter:label2\" content=\"Tempo di lettura stimato\" \/>\n\t<meta name=\"twitter:data2\" content=\"4 minuti\" \/>\n<script type=\"application\/ld+json\" class=\"yoast-schema-graph\">{\"@context\":\"https:\\\/\\\/schema.org\",\"@graph\":[{\"@type\":\"Article\",\"@id\":\"https:\\\/\\\/www.sarlux.saras.it\\\/it\\\/gli-studenti-dellistituto-giua-a-scuola-di-sostenibilita\\\/#article\",\"isPartOf\":{\"@id\":\"https:\\\/\\\/www.sarlux.saras.it\\\/it\\\/gli-studenti-dellistituto-giua-a-scuola-di-sostenibilita\\\/\"},\"author\":{\"name\":\"Alberto Soi\",\"@id\":\"https:\\\/\\\/www.sarlux.saras.it\\\/it\\\/#\\\/schema\\\/person\\\/f369fc2d7dbcc34d69a0975e8fe360af\"},\"headline\":\"Gli studenti dell\u2019istituto Giua \u201ca scuola\u201d di sostenibilit\u00e0\",\"datePublished\":\"2022-12-23T09:17:29+00:00\",\"dateModified\":\"2023-04-12T09:52:57+00:00\",\"mainEntityOfPage\":{\"@id\":\"https:\\\/\\\/www.sarlux.saras.it\\\/it\\\/gli-studenti-dellistituto-giua-a-scuola-di-sostenibilita\\\/\"},\"wordCount\":993,\"publisher\":{\"@id\":\"https:\\\/\\\/www.sarlux.saras.it\\\/it\\\/#organization\"},\"image\":{\"@id\":\"https:\\\/\\\/www.sarlux.saras.it\\\/it\\\/gli-studenti-dellistituto-giua-a-scuola-di-sostenibilita\\\/#primaryimage\"},\"thumbnailUrl\":\"https:\\\/\\\/www.sarlux.saras.it\\\/wp-content\\\/uploads\\\/2022\\\/12\\\/Saras-raffineria-Sarlux-PCTO-Giua.jpg\",\"keywords\":[\"comunit\u00e0\",\"cultura\",\"diritto allo studio\",\"Educazione\",\"Gruppo Saras\",\"Impegno sociale\",\"sardegna\",\"Sarlux\",\"Sarroch\",\"scuola\",\"sviluppo\",\"territorio\"],\"articleSection\":[\"home\",\"News\"],\"inLanguage\":\"it-IT\"},{\"@type\":\"WebPage\",\"@id\":\"https:\\\/\\\/www.sarlux.saras.it\\\/it\\\/gli-studenti-dellistituto-giua-a-scuola-di-sostenibilita\\\/\",\"url\":\"https:\\\/\\\/www.sarlux.saras.it\\\/it\\\/gli-studenti-dellistituto-giua-a-scuola-di-sostenibilita\\\/\",\"name\":\"Gli studenti dell\u2019istituto Giua \u201ca scuola\u201d di sostenibilit\u00e0 - Sarlux Saras | Refining & Power\",\"isPartOf\":{\"@id\":\"https:\\\/\\\/www.sarlux.saras.it\\\/it\\\/#website\"},\"primaryImageOfPage\":{\"@id\":\"https:\\\/\\\/www.sarlux.saras.it\\\/it\\\/gli-studenti-dellistituto-giua-a-scuola-di-sostenibilita\\\/#primaryimage\"},\"image\":{\"@id\":\"https:\\\/\\\/www.sarlux.saras.it\\\/it\\\/gli-studenti-dellistituto-giua-a-scuola-di-sostenibilita\\\/#primaryimage\"},\"thumbnailUrl\":\"https:\\\/\\\/www.sarlux.saras.it\\\/wp-content\\\/uploads\\\/2022\\\/12\\\/Saras-raffineria-Sarlux-PCTO-Giua.jpg\",\"datePublished\":\"2022-12-23T09:17:29+00:00\",\"dateModified\":\"2023-04-12T09:52:57+00:00\",\"description\":\"Ci piace condividere le nostre conoscenze e le nostre abilit\u00e0 per creare un ponte tra il mondo della scuola e della formazione universitaria e il mondo del lavoro per favorire le persone nella definizione delle proprie aspirazioni professionali.\",\"breadcrumb\":{\"@id\":\"https:\\\/\\\/www.sarlux.saras.it\\\/it\\\/gli-studenti-dellistituto-giua-a-scuola-di-sostenibilita\\\/#breadcrumb\"},\"inLanguage\":\"it-IT\",\"potentialAction\":[{\"@type\":\"ReadAction\",\"target\":[\"https:\\\/\\\/www.sarlux.saras.it\\\/it\\\/gli-studenti-dellistituto-giua-a-scuola-di-sostenibilita\\\/\"]}]},{\"@type\":\"ImageObject\",\"inLanguage\":\"it-IT\",\"@id\":\"https:\\\/\\\/www.sarlux.saras.it\\\/it\\\/gli-studenti-dellistituto-giua-a-scuola-di-sostenibilita\\\/#primaryimage\",\"url\":\"https:\\\/\\\/www.sarlux.saras.it\\\/wp-content\\\/uploads\\\/2022\\\/12\\\/Saras-raffineria-Sarlux-PCTO-Giua.jpg\",\"contentUrl\":\"https:\\\/\\\/www.sarlux.saras.it\\\/wp-content\\\/uploads\\\/2022\\\/12\\\/Saras-raffineria-Sarlux-PCTO-Giua.jpg\",\"width\":990,\"height\":450},{\"@type\":\"BreadcrumbList\",\"@id\":\"https:\\\/\\\/www.sarlux.saras.it\\\/it\\\/gli-studenti-dellistituto-giua-a-scuola-di-sostenibilita\\\/#breadcrumb\",\"itemListElement\":[{\"@type\":\"ListItem\",\"position\":1,\"name\":\"Home\",\"item\":\"https:\\\/\\\/www.sarlux.saras.it\\\/it\\\/\"},{\"@type\":\"ListItem\",\"position\":2,\"name\":\"Gli studenti dell\u2019istituto Giua \u201ca scuola\u201d di sostenibilit\u00e0\"}]},{\"@type\":\"WebSite\",\"@id\":\"https:\\\/\\\/www.sarlux.saras.it\\\/it\\\/#website\",\"url\":\"https:\\\/\\\/www.sarlux.saras.it\\\/it\\\/\",\"name\":\"Sarlux\",\"description\":\"\",\"publisher\":{\"@id\":\"https:\\\/\\\/www.sarlux.saras.it\\\/it\\\/#organization\"},\"potentialAction\":[{\"@type\":\"SearchAction\",\"target\":{\"@type\":\"EntryPoint\",\"urlTemplate\":\"https:\\\/\\\/www.sarlux.saras.it\\\/it\\\/?s={search_term_string}\"},\"query-input\":{\"@type\":\"PropertyValueSpecification\",\"valueRequired\":true,\"valueName\":\"search_term_string\"}}],\"inLanguage\":\"it-IT\"},{\"@type\":\"Organization\",\"@id\":\"https:\\\/\\\/www.sarlux.saras.it\\\/it\\\/#organization\",\"name\":\"Sarlux\",\"url\":\"https:\\\/\\\/www.sarlux.saras.it\\\/it\\\/\",\"logo\":{\"@type\":\"ImageObject\",\"inLanguage\":\"it-IT\",\"@id\":\"https:\\\/\\\/www.sarlux.saras.it\\\/it\\\/#\\\/schema\\\/logo\\\/image\\\/\",\"url\":\"https:\\\/\\\/www.sarlux.saras.it\\\/wp-content\\\/uploads\\\/2017\\\/12\\\/logo-pc-1.png\",\"contentUrl\":\"https:\\\/\\\/www.sarlux.saras.it\\\/wp-content\\\/uploads\\\/2017\\\/12\\\/logo-pc-1.png\",\"width\":184,\"height\":86,\"caption\":\"Sarlux\"},\"image\":{\"@id\":\"https:\\\/\\\/www.sarlux.saras.it\\\/it\\\/#\\\/schema\\\/logo\\\/image\\\/\"}},{\"@type\":\"Person\",\"@id\":\"https:\\\/\\\/www.sarlux.saras.it\\\/it\\\/#\\\/schema\\\/person\\\/f369fc2d7dbcc34d69a0975e8fe360af\",\"name\":\"Alberto Soi\",\"image\":{\"@type\":\"ImageObject\",\"inLanguage\":\"it-IT\",\"@id\":\"https:\\\/\\\/secure.gravatar.com\\\/avatar\\\/cc70035cae62a8d1e88cc2ac9d8e48bd174728dd9c5b3730ca1cbcb3eee8991b?s=96&d=mm&r=g\",\"url\":\"https:\\\/\\\/secure.gravatar.com\\\/avatar\\\/cc70035cae62a8d1e88cc2ac9d8e48bd174728dd9c5b3730ca1cbcb3eee8991b?s=96&d=mm&r=g\",\"contentUrl\":\"https:\\\/\\\/secure.gravatar.com\\\/avatar\\\/cc70035cae62a8d1e88cc2ac9d8e48bd174728dd9c5b3730ca1cbcb3eee8991b?s=96&d=mm&r=g\",\"caption\":\"Alberto Soi\"},\"url\":\"\"}]}<\/script>\n<!-- \/ Yoast SEO plugin. -->","yoast_head_json":{"title":"Gli studenti dell\u2019istituto Giua \u201ca scuola\u201d di sostenibilit\u00e0 - Sarlux Saras | Refining & Power","description":"Ci piace condividere le nostre conoscenze e le nostre abilit\u00e0 per creare un ponte tra il mondo della scuola e della formazione universitaria e il mondo del lavoro per favorire le persone nella definizione delle proprie aspirazioni professionali.","robots":{"index":"index","follow":"follow","max-snippet":"max-snippet:-1","max-image-preview":"max-image-preview:large","max-video-preview":"max-video-preview:-1"},"canonical":"https:\/\/www.sarlux.saras.it\/it\/gli-studenti-dellistituto-giua-a-scuola-di-sostenibilita\/","og_locale":"it_IT","og_type":"article","og_title":"Gli studenti dell\u2019istituto Giua \u201ca scuola\u201d di sostenibilit\u00e0 - Sarlux Saras | Refining & Power","og_description":"Ci piace condividere le nostre conoscenze e le nostre abilit\u00e0 per creare un ponte tra il mondo della scuola e della formazione universitaria e il mondo del lavoro per favorire le persone nella definizione delle proprie aspirazioni professionali.","og_url":"https:\/\/www.sarlux.saras.it\/it\/gli-studenti-dellistituto-giua-a-scuola-di-sostenibilita\/","og_site_name":"Sarlux Saras | Refining & Power","article_published_time":"2022-12-23T09:17:29+00:00","article_modified_time":"2023-04-12T09:52:57+00:00","og_image":[{"width":990,"height":450,"url":"https:\/\/www.sarlux.saras.it\/wp-content\/uploads\/2022\/12\/Saras-raffineria-Sarlux-PCTO-Giua.jpg","type":"image\/jpeg"}],"author":"Alberto Soi","twitter_card":"summary_large_image","twitter_image":"https:\/\/www.sarlux.saras.it\/wp-content\/uploads\/2022\/12\/Saras-raffineria-Sarlux-PCTO-Giua.jpg","twitter_misc":{"Scritto da":"Alberto Soi","Tempo di lettura stimato":"4 minuti"},"schema":{"@context":"https:\/\/schema.org","@graph":[{"@type":"Article","@id":"https:\/\/www.sarlux.saras.it\/it\/gli-studenti-dellistituto-giua-a-scuola-di-sostenibilita\/#article","isPartOf":{"@id":"https:\/\/www.sarlux.saras.it\/it\/gli-studenti-dellistituto-giua-a-scuola-di-sostenibilita\/"},"author":{"name":"Alberto Soi","@id":"https:\/\/www.sarlux.saras.it\/it\/#\/schema\/person\/f369fc2d7dbcc34d69a0975e8fe360af"},"headline":"Gli studenti dell\u2019istituto Giua \u201ca scuola\u201d di sostenibilit\u00e0","datePublished":"2022-12-23T09:17:29+00:00","dateModified":"2023-04-12T09:52:57+00:00","mainEntityOfPage":{"@id":"https:\/\/www.sarlux.saras.it\/it\/gli-studenti-dellistituto-giua-a-scuola-di-sostenibilita\/"},"wordCount":993,"publisher":{"@id":"https:\/\/www.sarlux.saras.it\/it\/#organization"},"image":{"@id":"https:\/\/www.sarlux.saras.it\/it\/gli-studenti-dellistituto-giua-a-scuola-di-sostenibilita\/#primaryimage"},"thumbnailUrl":"https:\/\/www.sarlux.saras.it\/wp-content\/uploads\/2022\/12\/Saras-raffineria-Sarlux-PCTO-Giua.jpg","keywords":["comunit\u00e0","cultura","diritto allo studio","Educazione","Gruppo Saras","Impegno sociale","sardegna","Sarlux","Sarroch","scuola","sviluppo","territorio"],"articleSection":["home","News"],"inLanguage":"it-IT"},{"@type":"WebPage","@id":"https:\/\/www.sarlux.saras.it\/it\/gli-studenti-dellistituto-giua-a-scuola-di-sostenibilita\/","url":"https:\/\/www.sarlux.saras.it\/it\/gli-studenti-dellistituto-giua-a-scuola-di-sostenibilita\/","name":"Gli studenti dell\u2019istituto Giua \u201ca scuola\u201d di sostenibilit\u00e0 - Sarlux Saras | Refining & Power","isPartOf":{"@id":"https:\/\/www.sarlux.saras.it\/it\/#website"},"primaryImageOfPage":{"@id":"https:\/\/www.sarlux.saras.it\/it\/gli-studenti-dellistituto-giua-a-scuola-di-sostenibilita\/#primaryimage"},"image":{"@id":"https:\/\/www.sarlux.saras.it\/it\/gli-studenti-dellistituto-giua-a-scuola-di-sostenibilita\/#primaryimage"},"thumbnailUrl":"https:\/\/www.sarlux.saras.it\/wp-content\/uploads\/2022\/12\/Saras-raffineria-Sarlux-PCTO-Giua.jpg","datePublished":"2022-12-23T09:17:29+00:00","dateModified":"2023-04-12T09:52:57+00:00","description":"Ci piace condividere le nostre conoscenze e le nostre abilit\u00e0 per creare un ponte tra il mondo della scuola e della formazione universitaria e il mondo del lavoro per favorire le persone nella definizione delle proprie aspirazioni professionali.","breadcrumb":{"@id":"https:\/\/www.sarlux.saras.it\/it\/gli-studenti-dellistituto-giua-a-scuola-di-sostenibilita\/#breadcrumb"},"inLanguage":"it-IT","potentialAction":[{"@type":"ReadAction","target":["https:\/\/www.sarlux.saras.it\/it\/gli-studenti-dellistituto-giua-a-scuola-di-sostenibilita\/"]}]},{"@type":"ImageObject","inLanguage":"it-IT","@id":"https:\/\/www.sarlux.saras.it\/it\/gli-studenti-dellistituto-giua-a-scuola-di-sostenibilita\/#primaryimage","url":"https:\/\/www.sarlux.saras.it\/wp-content\/uploads\/2022\/12\/Saras-raffineria-Sarlux-PCTO-Giua.jpg","contentUrl":"https:\/\/www.sarlux.saras.it\/wp-content\/uploads\/2022\/12\/Saras-raffineria-Sarlux-PCTO-Giua.jpg","width":990,"height":450},{"@type":"BreadcrumbList","@id":"https:\/\/www.sarlux.saras.it\/it\/gli-studenti-dellistituto-giua-a-scuola-di-sostenibilita\/#breadcrumb","itemListElement":[{"@type":"ListItem","position":1,"name":"Home","item":"https:\/\/www.sarlux.saras.it\/it\/"},{"@type":"ListItem","position":2,"name":"Gli studenti dell\u2019istituto Giua \u201ca scuola\u201d di sostenibilit\u00e0"}]},{"@type":"WebSite","@id":"https:\/\/www.sarlux.saras.it\/it\/#website","url":"https:\/\/www.sarlux.saras.it\/it\/","name":"Sarlux","description":"","publisher":{"@id":"https:\/\/www.sarlux.saras.it\/it\/#organization"},"potentialAction":[{"@type":"SearchAction","target":{"@type":"EntryPoint","urlTemplate":"https:\/\/www.sarlux.saras.it\/it\/?s={search_term_string}"},"query-input":{"@type":"PropertyValueSpecification","valueRequired":true,"valueName":"search_term_string"}}],"inLanguage":"it-IT"},{"@type":"Organization","@id":"https:\/\/www.sarlux.saras.it\/it\/#organization","name":"Sarlux","url":"https:\/\/www.sarlux.saras.it\/it\/","logo":{"@type":"ImageObject","inLanguage":"it-IT","@id":"https:\/\/www.sarlux.saras.it\/it\/#\/schema\/logo\/image\/","url":"https:\/\/www.sarlux.saras.it\/wp-content\/uploads\/2017\/12\/logo-pc-1.png","contentUrl":"https:\/\/www.sarlux.saras.it\/wp-content\/uploads\/2017\/12\/logo-pc-1.png","width":184,"height":86,"caption":"Sarlux"},"image":{"@id":"https:\/\/www.sarlux.saras.it\/it\/#\/schema\/logo\/image\/"}},{"@type":"Person","@id":"https:\/\/www.sarlux.saras.it\/it\/#\/schema\/person\/f369fc2d7dbcc34d69a0975e8fe360af","name":"Alberto Soi","image":{"@type":"ImageObject","inLanguage":"it-IT","@id":"https:\/\/secure.gravatar.com\/avatar\/cc70035cae62a8d1e88cc2ac9d8e48bd174728dd9c5b3730ca1cbcb3eee8991b?s=96&d=mm&r=g","url":"https:\/\/secure.gravatar.com\/avatar\/cc70035cae62a8d1e88cc2ac9d8e48bd174728dd9c5b3730ca1cbcb3eee8991b?s=96&d=mm&r=g","contentUrl":"https:\/\/secure.gravatar.com\/avatar\/cc70035cae62a8d1e88cc2ac9d8e48bd174728dd9c5b3730ca1cbcb3eee8991b?s=96&d=mm&r=g","caption":"Alberto Soi"},"url":""}]}},"_links":{"self":[{"href":"https:\/\/www.sarlux.saras.it\/it\/wp-json\/wp\/v2\/posts\/544703","targetHints":{"allow":["GET"]}}],"collection":[{"href":"https:\/\/www.sarlux.saras.it\/it\/wp-json\/wp\/v2\/posts"}],"about":[{"href":"https:\/\/www.sarlux.saras.it\/it\/wp-json\/wp\/v2\/types\/post"}],"author":[{"embeddable":true,"href":"https:\/\/www.sarlux.saras.it\/it\/wp-json\/wp\/v2\/users\/36"}],"replies":[{"embeddable":true,"href":"https:\/\/www.sarlux.saras.it\/it\/wp-json\/wp\/v2\/comments?post=544703"}],"version-history":[{"count":7,"href":"https:\/\/www.sarlux.saras.it\/it\/wp-json\/wp\/v2\/posts\/544703\/revisions"}],"predecessor-version":[{"id":544712,"href":"https:\/\/www.sarlux.saras.it\/it\/wp-json\/wp\/v2\/posts\/544703\/revisions\/544712"}],"wp:featuredmedia":[{"embeddable":true,"href":"https:\/\/www.sarlux.saras.it\/it\/wp-json\/wp\/v2\/media\/544701"}],"wp:attachment":[{"href":"https:\/\/www.sarlux.saras.it\/it\/wp-json\/wp\/v2\/media?parent=544703"}],"wp:term":[{"taxonomy":"category","embeddable":true,"href":"https:\/\/www.sarlux.saras.it\/it\/wp-json\/wp\/v2\/categories?post=544703"},{"taxonomy":"post_tag","embeddable":true,"href":"https:\/\/www.sarlux.saras.it\/it\/wp-json\/wp\/v2\/tags?post=544703"}],"curies":[{"name":"wp","href":"https:\/\/api.w.org\/{rel}","templated":true}]}}