{"id":544827,"date":"2023-03-14T07:49:55","date_gmt":"2023-03-14T07:49:55","guid":{"rendered":"https:\/\/www.sarlux.saras.it\/?p=544827"},"modified":"2023-03-15T11:03:44","modified_gmt":"2023-03-15T11:03:44","slug":"environmental-social-and-governance-sarlux-e-la-transizione-inclusiva","status":"publish","type":"post","link":"https:\/\/www.sarlux.saras.it\/it\/environmental-social-and-governance-sarlux-e-la-transizione-inclusiva\/","title":{"rendered":"Environmental, Social and Governance. Sarlux e la transizione inclusiva"},"content":{"rendered":"<div class=\"wpb-content-wrapper\"><p>[vc_row][vc_column][vc_column_text]I giorni scorsi si \u00e8 svolto a Cagliari, presso la sede di Confindustria Sardegna Meridionale, il seminario <strong><em>Gli indicatori ESG per la sostenibilit\u00e0 e la competitivit\u00e0 delle imprese.<\/em><\/strong><\/p>\n<p>L&#8217;evento fa parte di un Piano Territoriale di\u00a0 pi\u00f9 ampio respiro, proposto da Confindustria Meridionale a<strong>\u00a0istituzioni, enti, associazioni e imprese<\/strong>, che prevede una serie di\u00a0<strong>azioni congiunte per lo sviluppo del territorio<\/strong>.<\/p>\n<p>Due giornate di lavori, rivolte agli imprenditori e ai dirigenti delle Imprese che operano presso il sito industriale di Sarroch,\u00a0che hanno fornito <strong>indicazioni e strumenti<\/strong> utili per l\u2019autovalutazione dei livelli di sostenibilit\u00e0\u00a0del sistema,\u00a0in linea con quanto richiesto dalle dinamiche di mercato, dalle grandi committenze e dal sistema bancario.[\/vc_column_text][vc_empty_space height=&#8221;16px&#8221;][\/vc_column][\/vc_row][vc_row full_width=&#8221;stretch_row&#8221;][vc_column width=&#8221;1\/2&#8243;][vc_single_image image=&#8221;544830&#8243; img_size=&#8221;full&#8221;][\/vc_column][vc_column width=&#8221;1\/2&#8243;][vc_single_image image=&#8221;544834&#8243; img_size=&#8221;full&#8221;][\/vc_column][\/vc_row][vc_row][vc_column][vc_column_text]Per il<strong> Gruppo Saras,<\/strong> in chiusura della prima giornata, Walter Cocco, Head of Industrial Operations Sarlux, ha illustrato ai presenti l\u2019esperienza sui<strong> temi ESG<\/strong>:\u00a0 \u201c<em>Saras si \u00e8 data una Politica di Sostenibilit\u00e0 che, partendo da un\u2019analisi dei propri processi, ha delineato le strategie, gli impegni e lo sviluppo verso le tematiche ESG.\u00a0 Il Bilancio di Sostenibilit\u00e0 \u00e8 lo strumento che consuntiva e rendiconta le azioni realizzate dal Gruppo per le strategie di sviluppo sostenibile<\/em>.\u201d (<a href=\"https:\/\/www.sarlux.saras.it\/it\/sviluppo-sostenibile\/\"><span style=\"color: #9900ff;\">link<\/span><\/a>)<\/p>\n<p>In questa direzione \u2013\u00a0 ha spiegato Walter Cocco \u2013\u00a0 procede il <strong>Programma Energia Sostenibile per una Transizione Inclusiva (<a href=\"https:\/\/www.sarlux.saras.it\/it\/esti\/\" target=\"_blank\" rel=\"noopener\">ESTI<\/a>) <\/strong>che, avviato circa un anno e mezzo fa, sviluppa diversi progetti in un\u2019ottica di una sempre maggiore sostenibilit\u00e0, di un continuo efficientamento e <strong>sinergia con il territorio<\/strong>\u00a0in una prospettiva\u00a0<strong>Environment, Social, Governance (ESG).\u00a0<\/strong>L\u2019obiettivo \u00e8 quello di \u00a0partecipare attivamente allo sviluppo di un modello industriale sostenibile, innovativo e inclusivo<strong> insieme agli altri soggetti del sistema territoriale. <\/strong>(<a href=\"https:\/\/www.sarlux.saras.it\/it\/esti\/\"><span style=\"color: #9900ff;\">link<\/span><\/a>)[\/vc_column_text][vc_empty_space height=&#8221;16px&#8221;][\/vc_column][\/vc_row][vc_row full_width=&#8221;stretch_row&#8221;][vc_column width=&#8221;1\/2&#8243;][vc_single_image image=&#8221;544832&#8243; img_size=&#8221;full&#8221;][\/vc_column][vc_column width=&#8221;1\/2&#8243;][vc_single_image image=&#8221;544828&#8243; img_size=&#8221;full&#8221;][\/vc_column][\/vc_row][vc_row][vc_column][vc_column_text]Caratterizzata da un nutrito numero di partecipanti, la seconda giornata, dedicata al laboratorio formativo<strong> &#8220;Le competenze per l&#8217;impresa sostenibile&#8221;<\/strong>, ha costituito un momento intenso e produttivo con le aziende impegnate nel fare della sostenibilit\u00e0 un vantaggio competitivo.[\/vc_column_text][vc_empty_space height=&#8221;16px&#8221;][\/vc_column][\/vc_row][vc_row full_width=&#8221;stretch_row_content&#8221; bg_type=&#8221;grad&#8221; bg_grad=&#8221;background: -webkit-gradient(linear, left top, left bottom, color-stop(0%, #F5F5F5), color-stop(33%, #FFFFFF), color-stop(66%, #FFFFFF), color-stop(100%, #F5F5F5));background: -moz-linear-gradient(left,#F5F5F5 0%,#FFFFFF 33%,#FFFFFF 66%,#F5F5F5 100%);background: -webkit-linear-gradient(left,#F5F5F5 0%,#FFFFFF 33%,#FFFFFF 66%,#F5F5F5 100%);background: -o-linear-gradient(left,#F5F5F5 0%,#FFFFFF 33%,#FFFFFF 66%,#F5F5F5 100%);background: -ms-linear-gradient(left,#F5F5F5 0%,#FFFFFF 33%,#FFFFFF 66%,#F5F5F5 100%);background: linear-gradient(left,#F5F5F5 0%,#FFFFFF 33%,#FFFFFF 66%,#F5F5F5 100%);&#8221; css=&#8221;.vc_custom_1678099599777{margin-right: 50px !important;margin-left: 50px !important;}&#8221;][vc_column width=&#8221;1\/6&#8243;][vc_empty_space height=&#8221;8px&#8221;][vc_column_text css=&#8221;.vc_custom_1607529586719{margin-right: 0px !important;border-right-width: 0px !important;padding-right: 0px !important;}&#8221;]<\/p>\n<h1 style=\"text-align: right;\"><span style=\"font-family: symbol; font-size: 96px;\">\u201c<\/span><\/h1>\n<p>[\/vc_column_text][\/vc_column][vc_column width=&#8221;2\/3&#8243; css=&#8221;.vc_custom_1607529781794{margin-top: 0px !important;margin-right: 0px !important;margin-left: 0px !important;padding-top: 0px !important;padding-right: 0px !important;padding-left: 0px !important;}&#8221;][vc_empty_space height=&#8221;8px&#8221;][vc_column_text]<\/p>\n<h5><em>Le due giornate ESG sono un&#8217;ulteriore tappa di un percorso innovativo che riguarda tutta la filiera industriale, <\/em><em>il nostro maggiore player rappresenta un esempio che porta avanti uno sviluppo sinergico e armonico con tutto il territorio.<\/em><\/h5>\n<p><strong>Marco Santoru<\/strong>, <em>Direttore di Confindustria Sardegna Meridionale<\/em>[\/vc_column_text][vc_empty_space height=&#8221;8px&#8221;][\/vc_column][vc_column width=&#8221;1\/6&#8243;][vc_empty_space height=&#8221;8px&#8221;][vc_column_text css=&#8221;.vc_custom_1607529611061{margin-left: 0px !important;padding-left: 0px !important;}&#8221;]<\/p>\n<h1 style=\"text-align: left;\"><span style=\"font-family: symbol; font-size: 96px;\">\u201d<\/span><\/h1>\n<p>[\/vc_column_text][\/vc_column][\/vc_row][vc_row full_width=&#8221;stretch_row_content&#8221; bg_type=&#8221;grad&#8221; bg_grad=&#8221;background: -webkit-gradient(linear, left top, left bottom, color-stop(0%, #F5F5F5), color-stop(33%, #FFFFFF), color-stop(66%, #FFFFFF), color-stop(100%, #F5F5F5));background: -moz-linear-gradient(left,#F5F5F5 0%,#FFFFFF 33%,#FFFFFF 66%,#F5F5F5 100%);background: -webkit-linear-gradient(left,#F5F5F5 0%,#FFFFFF 33%,#FFFFFF 66%,#F5F5F5 100%);background: -o-linear-gradient(left,#F5F5F5 0%,#FFFFFF 33%,#FFFFFF 66%,#F5F5F5 100%);background: -ms-linear-gradient(left,#F5F5F5 0%,#FFFFFF 33%,#FFFFFF 66%,#F5F5F5 100%);background: linear-gradient(left,#F5F5F5 0%,#FFFFFF 33%,#FFFFFF 66%,#F5F5F5 100%);&#8221; css=&#8221;.vc_custom_1678099599777{margin-right: 50px !important;margin-left: 50px !important;}&#8221;][vc_column width=&#8221;1\/6&#8243;][vc_empty_space height=&#8221;8px&#8221;][vc_column_text css=&#8221;.vc_custom_1607529586719{margin-right: 0px !important;border-right-width: 0px !important;padding-right: 0px !important;}&#8221;]<\/p>\n<h1 style=\"text-align: right;\"><span style=\"font-family: symbol; font-size: 96px;\">\u201c<\/span><\/h1>\n<p>[\/vc_column_text][\/vc_column][vc_column width=&#8221;2\/3&#8243; css=&#8221;.vc_custom_1607529781794{margin-top: 0px !important;margin-right: 0px !important;margin-left: 0px !important;padding-top: 0px !important;padding-right: 0px !important;padding-left: 0px !important;}&#8221;][vc_empty_space height=&#8221;8px&#8221;][vc_column_text]<\/p>\n<h5><em>La transizione energetica migliora la transizione economica, i clienti chiedono sostenibilit\u00e0, gli investitori guardano prodotti sostenibili, gli azionisti sono per ESG.<\/em><\/h5>\n<p><strong>Marcello Mereu<\/strong>, <em>Direttore Filiale Impresa Cagliari della Direzione regionale Intesa Sanpaolo<\/em>[\/vc_column_text][vc_empty_space height=&#8221;8px&#8221;][\/vc_column][vc_column width=&#8221;1\/6&#8243;][vc_empty_space height=&#8221;8px&#8221;][vc_column_text css=&#8221;.vc_custom_1607529611061{margin-left: 0px !important;padding-left: 0px !important;}&#8221;]<\/p>\n<h1 style=\"text-align: left;\"><span style=\"font-family: symbol; font-size: 96px;\">\u201d<\/span><\/h1>\n<p>[\/vc_column_text][\/vc_column][\/vc_row][vc_row full_width=&#8221;stretch_row_content&#8221; bg_type=&#8221;grad&#8221; bg_grad=&#8221;background: -webkit-gradient(linear, left top, left bottom, color-stop(0%, #F5F5F5), color-stop(33%, #FFFFFF), color-stop(66%, #FFFFFF), color-stop(100%, #F5F5F5));background: -moz-linear-gradient(left,#F5F5F5 0%,#FFFFFF 33%,#FFFFFF 66%,#F5F5F5 100%);background: -webkit-linear-gradient(left,#F5F5F5 0%,#FFFFFF 33%,#FFFFFF 66%,#F5F5F5 100%);background: -o-linear-gradient(left,#F5F5F5 0%,#FFFFFF 33%,#FFFFFF 66%,#F5F5F5 100%);background: -ms-linear-gradient(left,#F5F5F5 0%,#FFFFFF 33%,#FFFFFF 66%,#F5F5F5 100%);background: linear-gradient(left,#F5F5F5 0%,#FFFFFF 33%,#FFFFFF 66%,#F5F5F5 100%);&#8221; css=&#8221;.vc_custom_1678099599777{margin-right: 50px !important;margin-left: 50px !important;}&#8221;][vc_column width=&#8221;1\/6&#8243;][vc_empty_space height=&#8221;8px&#8221;][vc_column_text css=&#8221;.vc_custom_1607529586719{margin-right: 0px !important;border-right-width: 0px !important;padding-right: 0px !important;}&#8221;]<\/p>\n<h1 style=\"text-align: right;\"><span style=\"font-family: symbol; font-size: 96px;\">\u201c<\/span><\/h1>\n<p>[\/vc_column_text][\/vc_column][vc_column width=&#8221;2\/3&#8243; css=&#8221;.vc_custom_1607529781794{margin-top: 0px !important;margin-right: 0px !important;margin-left: 0px !important;padding-top: 0px !important;padding-right: 0px !important;padding-left: 0px !important;}&#8221;][vc_empty_space height=&#8221;8px&#8221;][vc_column_text]<\/p>\n<h5><em>Ottimo approccio ESG sono le attivit\u00e0 Saras nel coinvolgere il territorio per fare sistema, organizzando con Confindustria Sardegna Meridionale la filiera con una condivisa gestione ESG che rafforza le imprese coinvolte e consolida l&#8217;azienda sui mercati. Complimenti Saras<\/em>.<\/h5>\n<p><strong>Giovanni Soffietti,<\/strong> <em>Consigliere Incaricato per il Credito Confindustria Sardegna Meridionale e Amministratore Delegato Soffietti Assicurazioni<\/em>[\/vc_column_text][vc_empty_space height=&#8221;8px&#8221;][\/vc_column][vc_column width=&#8221;1\/6&#8243;][vc_empty_space height=&#8221;8px&#8221;][vc_column_text css=&#8221;.vc_custom_1607529611061{margin-left: 0px !important;padding-left: 0px !important;}&#8221;]<\/p>\n<h1 style=\"text-align: left;\"><span style=\"font-family: symbol; font-size: 96px;\">\u201d<\/span><\/h1>\n<p>[\/vc_column_text][\/vc_column][\/vc_row][vc_row][vc_column][vc_empty_space height=&#8221;8px&#8221;][vc_single_image image=&#8221;543242&#8243; img_size=&#8221;full&#8221; alignment=&#8221;center&#8221;][vc_empty_space height=&#8221;8px&#8221;][\/vc_column][\/vc_row][vc_row][vc_column][vc_column_text]<strong>La Strategia di Sostenibilit\u00e0 del Gruppo Saras \u00e8 coerente e allineata con i \u201cSustainable Development Goals\u201d (SDGs)<\/strong>, ovvero gli Obiettivi di Sviluppo Sostenibile, lanciati dalle Nazioni Unite nel 2015. Essa formalizza le strategie, gli obiettivi, i modelli di comportamento e gli impegni dell\u2019azienda, tesi al miglioramento delle proprie performance di Sostenibilit\u00e0, alla gestione ottimale delle <strong>tematiche ESG (Environmental, Social and Governance) in cui l\u2019azienda \u00e8 coinvolta e alla creazione di valore condiviso con i propri Stakeholder<\/strong>.[\/vc_column_text][vc_empty_space height=&#8221;16px&#8221;][\/vc_column][\/vc_row][vc_row full_width=&#8221;stretch_row&#8221;][vc_column][vc_empty_space height=&#8221;16px&#8221;][vc_single_image image=&#8221;543240&#8243; img_size=&#8221;full&#8221;][vc_empty_space height=&#8221;16px&#8221;][\/vc_column][\/vc_row][vc_row][vc_column][vc_column_text]<\/p>\n<h5 style=\"text-align: center;\"><strong>Operare nel rispetto dell\u2019ambiente<br \/>\n<\/strong><strong>\u00e8 essenziale per la nostra produttivit\u00e0, competitivit\u00e0 sui mercati e sostenibilit\u00e0 di lungo periodo.<\/strong><\/h5>\n<p>[\/vc_column_text][vc_empty_space height=&#8221;36px&#8221;][\/vc_column][\/vc_row][vc_row][vc_column][vc_icon icon_fontawesome=&#8221;fa fa-cog&#8221; size=&#8221;sm&#8221; align=&#8221;center&#8221;][vc_empty_space height=&#8221;16px&#8221;][vc_column_text]<span style=\"font-size: 16px;\">Il Gruppo Saras \u00e8 uno dei principali operatori europei nella raffinazione del petrolio ed \u00e8 attivo anche nel settore della produzione di energia elettrica. Direttamente e attraverso le proprie controllate, il Gruppo vende e distribuisce prodotti petroliferi nei mercati nazionali e internazionali. Inoltre, il Gruppo produce e vende energia elettrica attraverso le controllate Sarlux Srl (impianto IGCC) e Sardeolica Srl (parco eolico). Il Gruppo offre poi servizi di ingegneria industriale per il settore petrolifero, dell\u2019energia e dell\u2019ambiente attraverso la controllata Sartec Srl.<\/span>[\/vc_column_text][vc_empty_space][\/vc_column][\/vc_row][vc_row][vc_column][vc_empty_space][vc_icon icon_fontawesome=&#8221;fa fa-cog&#8221; size=&#8221;sm&#8221; align=&#8221;center&#8221;][\/vc_column][\/vc_row]<\/p>\n<\/div>","protected":false},"excerpt":{"rendered":"<p>Operare nel rispetto dell\u2019ambiente \u00e8 essenziale per la nostra produttivit\u00e0, competitivit\u00e0 sui mercati e sostenibilit\u00e0 di lungo periodo.<\/p>\n","protected":false},"author":36,"featured_media":544836,"comment_status":"closed","ping_status":"open","sticky":false,"template":"","format":"standard","meta":{"_acf_changed":false,"inline_featured_image":false,"footnotes":""},"categories":[26,17],"tags":[38,374,438,138,458,319,316,97,82,53,71,114],"class_list":["post-544827","post","type-post","status-publish","format-standard","has-post-thumbnail","hentry","category-home-it","category-news","tag-ambiente","tag-cagliari","tag-comunita","tag-cultura","tag-decarbonizzazione","tag-energia-eolica","tag-energie-rinnovabili","tag-gruppo-saras","tag-innovazione","tag-sarlux","tag-sarroch","tag-territorio"],"acf":[],"yoast_head":"<!-- This site is optimized with the Yoast SEO plugin v27.3 - https:\/\/yoast.com\/product\/yoast-seo-wordpress\/ -->\n<title>Environmental, Social and Governance. Sarlux e la transizione inclusiva<\/title>\n<meta name=\"description\" content=\"Operare nel rispetto dell\u2019ambiente \u00e8 essenziale per la nostra produttivit\u00e0, competitivit\u00e0 sui mercati e sostenibilit\u00e0 di lungo periodo.\" \/>\n<meta name=\"robots\" content=\"index, follow, max-snippet:-1, max-image-preview:large, max-video-preview:-1\" \/>\n<link rel=\"canonical\" href=\"https:\/\/www.sarlux.saras.it\/it\/environmental-social-and-governance-sarlux-e-la-transizione-inclusiva\/\" \/>\n<meta property=\"og:locale\" content=\"it_IT\" \/>\n<meta property=\"og:type\" content=\"article\" \/>\n<meta property=\"og:title\" content=\"Environmental, Social and Governance. Sarlux e la transizione inclusiva\" \/>\n<meta property=\"og:description\" content=\"Operare nel rispetto dell\u2019ambiente \u00e8 essenziale per la nostra produttivit\u00e0, competitivit\u00e0 sui mercati e sostenibilit\u00e0 di lungo periodo.\" \/>\n<meta property=\"og:url\" content=\"https:\/\/www.sarlux.saras.it\/it\/environmental-social-and-governance-sarlux-e-la-transizione-inclusiva\/\" \/>\n<meta property=\"og:site_name\" content=\"Sarlux Saras | Refining &amp; Power\" \/>\n<meta property=\"article:published_time\" content=\"2023-03-14T07:49:55+00:00\" \/>\n<meta property=\"article:modified_time\" content=\"2023-03-15T11:03:44+00:00\" \/>\n<meta property=\"og:image\" content=\"https:\/\/www.sarlux.saras.it\/wp-content\/uploads\/2023\/03\/sviluppo-sostenibile-Saras-Sarlux-ESG-Sarroch-raffineria-123.jpg\" \/>\n\t<meta property=\"og:image:width\" content=\"990\" \/>\n\t<meta property=\"og:image:height\" content=\"450\" \/>\n\t<meta property=\"og:image:type\" content=\"image\/jpeg\" \/>\n<meta name=\"author\" content=\"Alberto Soi\" \/>\n<meta name=\"twitter:card\" content=\"summary_large_image\" \/>\n<meta name=\"twitter:image\" content=\"https:\/\/www.sarlux.saras.it\/wp-content\/uploads\/2023\/03\/sviluppo-sostenibile-Saras-Sarlux-ESG-Sarroch-raffineria-123.jpg\" \/>\n<meta name=\"twitter:label1\" content=\"Scritto da\" \/>\n\t<meta name=\"twitter:data1\" content=\"Alberto Soi\" \/>\n\t<meta name=\"twitter:label2\" content=\"Tempo di lettura stimato\" \/>\n\t<meta name=\"twitter:data2\" content=\"5 minuti\" \/>\n<script type=\"application\/ld+json\" class=\"yoast-schema-graph\">{\"@context\":\"https:\\\/\\\/schema.org\",\"@graph\":[{\"@type\":\"Article\",\"@id\":\"https:\\\/\\\/www.sarlux.saras.it\\\/it\\\/environmental-social-and-governance-sarlux-e-la-transizione-inclusiva\\\/#article\",\"isPartOf\":{\"@id\":\"https:\\\/\\\/www.sarlux.saras.it\\\/it\\\/environmental-social-and-governance-sarlux-e-la-transizione-inclusiva\\\/\"},\"author\":{\"name\":\"Alberto Soi\",\"@id\":\"https:\\\/\\\/www.sarlux.saras.it\\\/it\\\/#\\\/schema\\\/person\\\/f369fc2d7dbcc34d69a0975e8fe360af\"},\"headline\":\"Environmental, Social and Governance. Sarlux e la transizione inclusiva\",\"datePublished\":\"2023-03-14T07:49:55+00:00\",\"dateModified\":\"2023-03-15T11:03:44+00:00\",\"mainEntityOfPage\":{\"@id\":\"https:\\\/\\\/www.sarlux.saras.it\\\/it\\\/environmental-social-and-governance-sarlux-e-la-transizione-inclusiva\\\/\"},\"wordCount\":1456,\"publisher\":{\"@id\":\"https:\\\/\\\/www.sarlux.saras.it\\\/it\\\/#organization\"},\"image\":{\"@id\":\"https:\\\/\\\/www.sarlux.saras.it\\\/it\\\/environmental-social-and-governance-sarlux-e-la-transizione-inclusiva\\\/#primaryimage\"},\"thumbnailUrl\":\"https:\\\/\\\/www.sarlux.saras.it\\\/wp-content\\\/uploads\\\/2023\\\/03\\\/sviluppo-sostenibile-Saras-Sarlux-ESG-Sarroch-raffineria-123.jpg\",\"keywords\":[\"Ambiente\",\"Cagliari\",\"comunit\u00e0\",\"cultura\",\"decarbonizzazione\",\"energia eolica\",\"energie rinnovabili\",\"Gruppo Saras\",\"Innovazione\",\"Sarlux\",\"Sarroch\",\"territorio\"],\"articleSection\":[\"home\",\"News\"],\"inLanguage\":\"it-IT\"},{\"@type\":\"WebPage\",\"@id\":\"https:\\\/\\\/www.sarlux.saras.it\\\/it\\\/environmental-social-and-governance-sarlux-e-la-transizione-inclusiva\\\/\",\"url\":\"https:\\\/\\\/www.sarlux.saras.it\\\/it\\\/environmental-social-and-governance-sarlux-e-la-transizione-inclusiva\\\/\",\"name\":\"Environmental, Social and Governance. Sarlux e la transizione inclusiva\",\"isPartOf\":{\"@id\":\"https:\\\/\\\/www.sarlux.saras.it\\\/it\\\/#website\"},\"primaryImageOfPage\":{\"@id\":\"https:\\\/\\\/www.sarlux.saras.it\\\/it\\\/environmental-social-and-governance-sarlux-e-la-transizione-inclusiva\\\/#primaryimage\"},\"image\":{\"@id\":\"https:\\\/\\\/www.sarlux.saras.it\\\/it\\\/environmental-social-and-governance-sarlux-e-la-transizione-inclusiva\\\/#primaryimage\"},\"thumbnailUrl\":\"https:\\\/\\\/www.sarlux.saras.it\\\/wp-content\\\/uploads\\\/2023\\\/03\\\/sviluppo-sostenibile-Saras-Sarlux-ESG-Sarroch-raffineria-123.jpg\",\"datePublished\":\"2023-03-14T07:49:55+00:00\",\"dateModified\":\"2023-03-15T11:03:44+00:00\",\"description\":\"Operare nel rispetto dell\u2019ambiente \u00e8 essenziale per la nostra produttivit\u00e0, competitivit\u00e0 sui mercati e sostenibilit\u00e0 di lungo periodo.\",\"breadcrumb\":{\"@id\":\"https:\\\/\\\/www.sarlux.saras.it\\\/it\\\/environmental-social-and-governance-sarlux-e-la-transizione-inclusiva\\\/#breadcrumb\"},\"inLanguage\":\"it-IT\",\"potentialAction\":[{\"@type\":\"ReadAction\",\"target\":[\"https:\\\/\\\/www.sarlux.saras.it\\\/it\\\/environmental-social-and-governance-sarlux-e-la-transizione-inclusiva\\\/\"]}]},{\"@type\":\"ImageObject\",\"inLanguage\":\"it-IT\",\"@id\":\"https:\\\/\\\/www.sarlux.saras.it\\\/it\\\/environmental-social-and-governance-sarlux-e-la-transizione-inclusiva\\\/#primaryimage\",\"url\":\"https:\\\/\\\/www.sarlux.saras.it\\\/wp-content\\\/uploads\\\/2023\\\/03\\\/sviluppo-sostenibile-Saras-Sarlux-ESG-Sarroch-raffineria-123.jpg\",\"contentUrl\":\"https:\\\/\\\/www.sarlux.saras.it\\\/wp-content\\\/uploads\\\/2023\\\/03\\\/sviluppo-sostenibile-Saras-Sarlux-ESG-Sarroch-raffineria-123.jpg\",\"width\":990,\"height\":450,\"caption\":\"Sarroch (Cagliari), 16-07-2018. Sarlux- Gruppo Saras. Vista degli impianti.\"},{\"@type\":\"BreadcrumbList\",\"@id\":\"https:\\\/\\\/www.sarlux.saras.it\\\/it\\\/environmental-social-and-governance-sarlux-e-la-transizione-inclusiva\\\/#breadcrumb\",\"itemListElement\":[{\"@type\":\"ListItem\",\"position\":1,\"name\":\"Home\",\"item\":\"https:\\\/\\\/www.sarlux.saras.it\\\/it\\\/\"},{\"@type\":\"ListItem\",\"position\":2,\"name\":\"Environmental, Social and Governance. Sarlux e la transizione inclusiva\"}]},{\"@type\":\"WebSite\",\"@id\":\"https:\\\/\\\/www.sarlux.saras.it\\\/it\\\/#website\",\"url\":\"https:\\\/\\\/www.sarlux.saras.it\\\/it\\\/\",\"name\":\"Sarlux\",\"description\":\"\",\"publisher\":{\"@id\":\"https:\\\/\\\/www.sarlux.saras.it\\\/it\\\/#organization\"},\"potentialAction\":[{\"@type\":\"SearchAction\",\"target\":{\"@type\":\"EntryPoint\",\"urlTemplate\":\"https:\\\/\\\/www.sarlux.saras.it\\\/it\\\/?s={search_term_string}\"},\"query-input\":{\"@type\":\"PropertyValueSpecification\",\"valueRequired\":true,\"valueName\":\"search_term_string\"}}],\"inLanguage\":\"it-IT\"},{\"@type\":\"Organization\",\"@id\":\"https:\\\/\\\/www.sarlux.saras.it\\\/it\\\/#organization\",\"name\":\"Sarlux\",\"url\":\"https:\\\/\\\/www.sarlux.saras.it\\\/it\\\/\",\"logo\":{\"@type\":\"ImageObject\",\"inLanguage\":\"it-IT\",\"@id\":\"https:\\\/\\\/www.sarlux.saras.it\\\/it\\\/#\\\/schema\\\/logo\\\/image\\\/\",\"url\":\"https:\\\/\\\/www.sarlux.saras.it\\\/wp-content\\\/uploads\\\/2017\\\/12\\\/logo-pc-1.png\",\"contentUrl\":\"https:\\\/\\\/www.sarlux.saras.it\\\/wp-content\\\/uploads\\\/2017\\\/12\\\/logo-pc-1.png\",\"width\":184,\"height\":86,\"caption\":\"Sarlux\"},\"image\":{\"@id\":\"https:\\\/\\\/www.sarlux.saras.it\\\/it\\\/#\\\/schema\\\/logo\\\/image\\\/\"}},{\"@type\":\"Person\",\"@id\":\"https:\\\/\\\/www.sarlux.saras.it\\\/it\\\/#\\\/schema\\\/person\\\/f369fc2d7dbcc34d69a0975e8fe360af\",\"name\":\"Alberto Soi\",\"image\":{\"@type\":\"ImageObject\",\"inLanguage\":\"it-IT\",\"@id\":\"https:\\\/\\\/secure.gravatar.com\\\/avatar\\\/cc70035cae62a8d1e88cc2ac9d8e48bd174728dd9c5b3730ca1cbcb3eee8991b?s=96&d=mm&r=g\",\"url\":\"https:\\\/\\\/secure.gravatar.com\\\/avatar\\\/cc70035cae62a8d1e88cc2ac9d8e48bd174728dd9c5b3730ca1cbcb3eee8991b?s=96&d=mm&r=g\",\"contentUrl\":\"https:\\\/\\\/secure.gravatar.com\\\/avatar\\\/cc70035cae62a8d1e88cc2ac9d8e48bd174728dd9c5b3730ca1cbcb3eee8991b?s=96&d=mm&r=g\",\"caption\":\"Alberto Soi\"},\"url\":\"\"}]}<\/script>\n<!-- \/ Yoast SEO plugin. -->","yoast_head_json":{"title":"Environmental, Social and Governance. Sarlux e la transizione inclusiva","description":"Operare nel rispetto dell\u2019ambiente \u00e8 essenziale per la nostra produttivit\u00e0, competitivit\u00e0 sui mercati e sostenibilit\u00e0 di lungo periodo.","robots":{"index":"index","follow":"follow","max-snippet":"max-snippet:-1","max-image-preview":"max-image-preview:large","max-video-preview":"max-video-preview:-1"},"canonical":"https:\/\/www.sarlux.saras.it\/it\/environmental-social-and-governance-sarlux-e-la-transizione-inclusiva\/","og_locale":"it_IT","og_type":"article","og_title":"Environmental, Social and Governance. Sarlux e la transizione inclusiva","og_description":"Operare nel rispetto dell\u2019ambiente \u00e8 essenziale per la nostra produttivit\u00e0, competitivit\u00e0 sui mercati e sostenibilit\u00e0 di lungo periodo.","og_url":"https:\/\/www.sarlux.saras.it\/it\/environmental-social-and-governance-sarlux-e-la-transizione-inclusiva\/","og_site_name":"Sarlux Saras | Refining & Power","article_published_time":"2023-03-14T07:49:55+00:00","article_modified_time":"2023-03-15T11:03:44+00:00","og_image":[{"width":990,"height":450,"url":"https:\/\/www.sarlux.saras.it\/wp-content\/uploads\/2023\/03\/sviluppo-sostenibile-Saras-Sarlux-ESG-Sarroch-raffineria-123.jpg","type":"image\/jpeg"}],"author":"Alberto Soi","twitter_card":"summary_large_image","twitter_image":"https:\/\/www.sarlux.saras.it\/wp-content\/uploads\/2023\/03\/sviluppo-sostenibile-Saras-Sarlux-ESG-Sarroch-raffineria-123.jpg","twitter_misc":{"Scritto da":"Alberto Soi","Tempo di lettura stimato":"5 minuti"},"schema":{"@context":"https:\/\/schema.org","@graph":[{"@type":"Article","@id":"https:\/\/www.sarlux.saras.it\/it\/environmental-social-and-governance-sarlux-e-la-transizione-inclusiva\/#article","isPartOf":{"@id":"https:\/\/www.sarlux.saras.it\/it\/environmental-social-and-governance-sarlux-e-la-transizione-inclusiva\/"},"author":{"name":"Alberto Soi","@id":"https:\/\/www.sarlux.saras.it\/it\/#\/schema\/person\/f369fc2d7dbcc34d69a0975e8fe360af"},"headline":"Environmental, Social and Governance. Sarlux e la transizione inclusiva","datePublished":"2023-03-14T07:49:55+00:00","dateModified":"2023-03-15T11:03:44+00:00","mainEntityOfPage":{"@id":"https:\/\/www.sarlux.saras.it\/it\/environmental-social-and-governance-sarlux-e-la-transizione-inclusiva\/"},"wordCount":1456,"publisher":{"@id":"https:\/\/www.sarlux.saras.it\/it\/#organization"},"image":{"@id":"https:\/\/www.sarlux.saras.it\/it\/environmental-social-and-governance-sarlux-e-la-transizione-inclusiva\/#primaryimage"},"thumbnailUrl":"https:\/\/www.sarlux.saras.it\/wp-content\/uploads\/2023\/03\/sviluppo-sostenibile-Saras-Sarlux-ESG-Sarroch-raffineria-123.jpg","keywords":["Ambiente","Cagliari","comunit\u00e0","cultura","decarbonizzazione","energia eolica","energie rinnovabili","Gruppo Saras","Innovazione","Sarlux","Sarroch","territorio"],"articleSection":["home","News"],"inLanguage":"it-IT"},{"@type":"WebPage","@id":"https:\/\/www.sarlux.saras.it\/it\/environmental-social-and-governance-sarlux-e-la-transizione-inclusiva\/","url":"https:\/\/www.sarlux.saras.it\/it\/environmental-social-and-governance-sarlux-e-la-transizione-inclusiva\/","name":"Environmental, Social and Governance. Sarlux e la transizione inclusiva","isPartOf":{"@id":"https:\/\/www.sarlux.saras.it\/it\/#website"},"primaryImageOfPage":{"@id":"https:\/\/www.sarlux.saras.it\/it\/environmental-social-and-governance-sarlux-e-la-transizione-inclusiva\/#primaryimage"},"image":{"@id":"https:\/\/www.sarlux.saras.it\/it\/environmental-social-and-governance-sarlux-e-la-transizione-inclusiva\/#primaryimage"},"thumbnailUrl":"https:\/\/www.sarlux.saras.it\/wp-content\/uploads\/2023\/03\/sviluppo-sostenibile-Saras-Sarlux-ESG-Sarroch-raffineria-123.jpg","datePublished":"2023-03-14T07:49:55+00:00","dateModified":"2023-03-15T11:03:44+00:00","description":"Operare nel rispetto dell\u2019ambiente \u00e8 essenziale per la nostra produttivit\u00e0, competitivit\u00e0 sui mercati e sostenibilit\u00e0 di lungo periodo.","breadcrumb":{"@id":"https:\/\/www.sarlux.saras.it\/it\/environmental-social-and-governance-sarlux-e-la-transizione-inclusiva\/#breadcrumb"},"inLanguage":"it-IT","potentialAction":[{"@type":"ReadAction","target":["https:\/\/www.sarlux.saras.it\/it\/environmental-social-and-governance-sarlux-e-la-transizione-inclusiva\/"]}]},{"@type":"ImageObject","inLanguage":"it-IT","@id":"https:\/\/www.sarlux.saras.it\/it\/environmental-social-and-governance-sarlux-e-la-transizione-inclusiva\/#primaryimage","url":"https:\/\/www.sarlux.saras.it\/wp-content\/uploads\/2023\/03\/sviluppo-sostenibile-Saras-Sarlux-ESG-Sarroch-raffineria-123.jpg","contentUrl":"https:\/\/www.sarlux.saras.it\/wp-content\/uploads\/2023\/03\/sviluppo-sostenibile-Saras-Sarlux-ESG-Sarroch-raffineria-123.jpg","width":990,"height":450,"caption":"Sarroch (Cagliari), 16-07-2018. Sarlux- Gruppo Saras. Vista degli impianti."},{"@type":"BreadcrumbList","@id":"https:\/\/www.sarlux.saras.it\/it\/environmental-social-and-governance-sarlux-e-la-transizione-inclusiva\/#breadcrumb","itemListElement":[{"@type":"ListItem","position":1,"name":"Home","item":"https:\/\/www.sarlux.saras.it\/it\/"},{"@type":"ListItem","position":2,"name":"Environmental, Social and Governance. Sarlux e la transizione inclusiva"}]},{"@type":"WebSite","@id":"https:\/\/www.sarlux.saras.it\/it\/#website","url":"https:\/\/www.sarlux.saras.it\/it\/","name":"Sarlux","description":"","publisher":{"@id":"https:\/\/www.sarlux.saras.it\/it\/#organization"},"potentialAction":[{"@type":"SearchAction","target":{"@type":"EntryPoint","urlTemplate":"https:\/\/www.sarlux.saras.it\/it\/?s={search_term_string}"},"query-input":{"@type":"PropertyValueSpecification","valueRequired":true,"valueName":"search_term_string"}}],"inLanguage":"it-IT"},{"@type":"Organization","@id":"https:\/\/www.sarlux.saras.it\/it\/#organization","name":"Sarlux","url":"https:\/\/www.sarlux.saras.it\/it\/","logo":{"@type":"ImageObject","inLanguage":"it-IT","@id":"https:\/\/www.sarlux.saras.it\/it\/#\/schema\/logo\/image\/","url":"https:\/\/www.sarlux.saras.it\/wp-content\/uploads\/2017\/12\/logo-pc-1.png","contentUrl":"https:\/\/www.sarlux.saras.it\/wp-content\/uploads\/2017\/12\/logo-pc-1.png","width":184,"height":86,"caption":"Sarlux"},"image":{"@id":"https:\/\/www.sarlux.saras.it\/it\/#\/schema\/logo\/image\/"}},{"@type":"Person","@id":"https:\/\/www.sarlux.saras.it\/it\/#\/schema\/person\/f369fc2d7dbcc34d69a0975e8fe360af","name":"Alberto Soi","image":{"@type":"ImageObject","inLanguage":"it-IT","@id":"https:\/\/secure.gravatar.com\/avatar\/cc70035cae62a8d1e88cc2ac9d8e48bd174728dd9c5b3730ca1cbcb3eee8991b?s=96&d=mm&r=g","url":"https:\/\/secure.gravatar.com\/avatar\/cc70035cae62a8d1e88cc2ac9d8e48bd174728dd9c5b3730ca1cbcb3eee8991b?s=96&d=mm&r=g","contentUrl":"https:\/\/secure.gravatar.com\/avatar\/cc70035cae62a8d1e88cc2ac9d8e48bd174728dd9c5b3730ca1cbcb3eee8991b?s=96&d=mm&r=g","caption":"Alberto Soi"},"url":""}]}},"_links":{"self":[{"href":"https:\/\/www.sarlux.saras.it\/it\/wp-json\/wp\/v2\/posts\/544827","targetHints":{"allow":["GET"]}}],"collection":[{"href":"https:\/\/www.sarlux.saras.it\/it\/wp-json\/wp\/v2\/posts"}],"about":[{"href":"https:\/\/www.sarlux.saras.it\/it\/wp-json\/wp\/v2\/types\/post"}],"author":[{"embeddable":true,"href":"https:\/\/www.sarlux.saras.it\/it\/wp-json\/wp\/v2\/users\/36"}],"replies":[{"embeddable":true,"href":"https:\/\/www.sarlux.saras.it\/it\/wp-json\/wp\/v2\/comments?post=544827"}],"version-history":[{"count":6,"href":"https:\/\/www.sarlux.saras.it\/it\/wp-json\/wp\/v2\/posts\/544827\/revisions"}],"predecessor-version":[{"id":545393,"href":"https:\/\/www.sarlux.saras.it\/it\/wp-json\/wp\/v2\/posts\/544827\/revisions\/545393"}],"wp:featuredmedia":[{"embeddable":true,"href":"https:\/\/www.sarlux.saras.it\/it\/wp-json\/wp\/v2\/media\/544836"}],"wp:attachment":[{"href":"https:\/\/www.sarlux.saras.it\/it\/wp-json\/wp\/v2\/media?parent=544827"}],"wp:term":[{"taxonomy":"category","embeddable":true,"href":"https:\/\/www.sarlux.saras.it\/it\/wp-json\/wp\/v2\/categories?post=544827"},{"taxonomy":"post_tag","embeddable":true,"href":"https:\/\/www.sarlux.saras.it\/it\/wp-json\/wp\/v2\/tags?post=544827"}],"curies":[{"name":"wp","href":"https:\/\/api.w.org\/{rel}","templated":true}]}}