{"id":545055,"date":"2023-04-18T10:23:16","date_gmt":"2023-04-18T10:23:16","guid":{"rendered":"https:\/\/www.sarlux.saras.it\/?p=545055"},"modified":"2023-04-18T10:23:16","modified_gmt":"2023-04-18T10:23:16","slug":"a-lezione-di-cyber-security-e-information-and-communications-technology","status":"publish","type":"post","link":"https:\/\/www.sarlux.saras.it\/it\/a-lezione-di-cyber-security-e-information-and-communications-technology\/","title":{"rendered":"A lezione di Cyber Security e Information and Communications Technology"},"content":{"rendered":"<div class=\"wpb-content-wrapper\"><p>[vc_row][vc_column][vc_column_text]Le iniziative\u00a0del\u00a0<strong>Gruppo Saras\u00a0<\/strong>rivolte agli\u00a0<strong>studenti<\/strong> si arricchiscono nel 2023 di nuovi contenuti in linea con le ultime esigenze del mondo delle imprese: in quest\u2019ottica, gli allievi degli Istituti di Istruzione Superiore Tecnico Commerciale e Geometri <em>Enrico Fermi<\/em>\u00a0di Thiesi e\u00a0<em>Don Gavino Pes<\/em> di Tempio hanno partecipato al progetto PCTO \u201c<em>Cyber Security e Information and Communications Technology<\/em>\u201d.<\/p>\n<p>L\u2019obiettivo di<strong>\u00a0\u2018diffondere conoscenza\u2019<\/strong> per valorizzare il capitale intellettuale si \u00e8 sviluppato attraverso focus di argomenti attualissimi verso cui gli studenti si sono mostrati interessati e motivati.<br \/>\nInoltre, ha particolarmente soddisfatto i giovani allievi la possibilit\u00e0 di poter avere un confronto diretto con realt\u00e0 produttive, cos\u00ec da integrare le competenze teoriche previste dai piani di studi.[\/vc_column_text][\/vc_column][\/vc_row][vc_row][vc_column][vc_empty_space height=&#8221;16px&#8221;][vc_column_text]<\/p>\n<h4><strong>Argomenti e attivit\u00e0<\/strong><\/h4>\n<p>[\/vc_column_text][vc_empty_space height=&#8221;8px&#8221;][\/vc_column][\/vc_row][vc_row][vc_column width=&#8221;1\/2&#8243;][vc_column_text]La digitalizzazione dei processi, che punta all\u2019aumento del grado di affidabilit\u00e0 e sviluppo degli stessi, \u00a0\u00e8 un fronte su cui il Gruppo \u00e8 pioniere.<\/p>\n<p>Il PCTO<strong> \u201cCyber Security e Information and Communications Technology\u201d<\/strong> della durata di 15 ore si \u00e8 svolto \u00a0in aula e in visita presso la raffineria<strong> Sarlux<\/strong>,, e ha coinvolto circa 50 studenti delle V classi.<\/p>\n<p>I <strong>Percorsi per le Competenze Trasversali e l\u2019Orientamento<\/strong> (PCTO) sono stati pensati per avvicinare il mondo della scuola e il sistema delle imprese, attraverso l\u2019orientamento, l\u2019assistenza e la facilitazione, creando esperienze formative pi\u00f9 specifiche rispetto a quelle scolastiche e fornendo agli studenti l&#8217;opportunit\u00e0 di acquisire conoscenze specifiche sul mondo del lavoro.<\/p>\n<p>La squadra <strong>ICT del Gruppo<\/strong> ha descritto esperienze concrete\u00a0 in fatto di Tecnologie Informatiche e Sicurezza Digitale\u00a0 completando il campo delle conoscenze didattiche degli studenti.[\/vc_column_text][\/vc_column][vc_column width=&#8221;1\/2&#8243;]\n\t\t\t<!-- START PCTO Thiesi Tempio REVOLUTION SLIDER 6.6.14 --><p class=\"rs-p-wp-fix\"><\/p>\n\t\t\t<rs-module-wrap id=\"rev_slider_110_1_wrapper\" data-source=\"gallery\" style=\"visibility:hidden;background:transparent;padding:0;margin:0px auto;margin-top:0;margin-bottom:0;\">\n\t\t\t\t<rs-module id=\"rev_slider_110_1\" style=\"\" data-version=\"6.6.14\">\n\t\t\t\t\t<rs-slides style=\"overflow: hidden; position: absolute;\">\n\t\t\t\t\t\t<rs-slide style=\"position: absolute;\" data-key=\"rs-1332\" data-title=\"Slide\" data-thumb=\"\/\/www.sarlux.saras.it\/wp-content\/uploads\/revslider\/01-PCTO-Thiesi-Tempio-ICT-cybersecurity-Saras-Sarlux-raffineria.jpeg\" data-anim=\"adpr:false;\">\n\t\t\t\t\t\t\t<img decoding=\"async\" src=\"\/\/www.sarlux.saras.it\/wp-content\/plugins\/revslider\/public\/assets\/assets\/dummy.png\" alt=\"\" title=\"A lezione di Cyber Security e Information and Communications Technology\" class=\"rev-slidebg tp-rs-img rs-lazyload\" data-lazyload=\"\/\/www.sarlux.saras.it\/wp-content\/uploads\/revslider\/01-PCTO-Thiesi-Tempio-ICT-cybersecurity-Saras-Sarlux-raffineria.jpeg\" data-no-retina>\n<!--\n\t\t\t\t\t\t\t--><rs-layer\n\t\t\t\t\t\t\t\tid=\"slider-110-slide-1332-layer-1\" \n\t\t\t\t\t\t\t\tclass=\"tp-shape tp-shapewrapper\"\n\t\t\t\t\t\t\t\tdata-type=\"shape\"\n\t\t\t\t\t\t\t\tdata-rsp_ch=\"on\"\n\t\t\t\t\t\t\t\tdata-xy=\"y:606px;\"\n\t\t\t\t\t\t\t\tdata-text=\"fw:100;a:inherit;\"\n\t\t\t\t\t\t\t\tdata-dim=\"w:100%;h:94px;\"\n\t\t\t\t\t\t\t\tdata-frame_0=\"tp:600;\"\n\t\t\t\t\t\t\t\tdata-frame_1=\"tp:600;st:0;\"\n\t\t\t\t\t\t\t\tdata-frame_999=\"o:0;tp:600;st:w;sR:2700;\"\n\t\t\t\t\t\t\t\tstyle=\"z-index:5;background-color:rgba(0,122,255,0.5);\"\n\t\t\t\t\t\t\t> \n\t\t\t\t\t\t\t<\/rs-layer><!--\n\n\t\t\t\t\t\t\t--><rs-layer\n\t\t\t\t\t\t\t\tid=\"slider-110-slide-1332-layer-2\" \n\t\t\t\t\t\t\t\tdata-type=\"text\"\n\t\t\t\t\t\t\t\tdata-color=\"#ffffff\"\n\t\t\t\t\t\t\t\tdata-rsp_ch=\"on\"\n\t\t\t\t\t\t\t\tdata-xy=\"x:20px;y:636px;\"\n\t\t\t\t\t\t\t\tdata-text=\"s:36;l:22;a:inherit;\"\n\t\t\t\t\t\t\t\tdata-dim=\"w:100%;\"\n\t\t\t\t\t\t\t\tdata-frame_0=\"tp:600;\"\n\t\t\t\t\t\t\t\tdata-frame_1=\"tp:600;st:0;\"\n\t\t\t\t\t\t\t\tdata-frame_999=\"o:0;tp:600;st:w;sR:2700;\"\n\t\t\t\t\t\t\t\tstyle=\"z-index:6;font-family:'Open Sans';\"\n\t\t\t\t\t\t\t>l\u2019ing. Elisabetta Fois, per HOP US EST, \n\t\t\t\t\t\t\t<\/rs-layer><!--\n-->\t\t\t\t\t\t<\/rs-slide>\n\t\t\t\t\t\t<rs-slide style=\"position: absolute;\" data-key=\"rs-1333\" data-title=\"Slide\" data-thumb=\"\/\/www.sarlux.saras.it\/wp-content\/uploads\/revslider\/02-PCTO-Thiesi-Tempio-ICT-cybersecurity-Saras-Sarlux-raffineria.jpeg\" data-anim=\"adpr:false;\">\n\t\t\t\t\t\t\t<img decoding=\"async\" src=\"\/\/www.sarlux.saras.it\/wp-content\/plugins\/revslider\/public\/assets\/assets\/dummy.png\" alt=\"\" title=\"A lezione di Cyber Security e Information and Communications Technology\" class=\"rev-slidebg tp-rs-img rs-lazyload\" data-lazyload=\"\/\/www.sarlux.saras.it\/wp-content\/uploads\/revslider\/02-PCTO-Thiesi-Tempio-ICT-cybersecurity-Saras-Sarlux-raffineria.jpeg\" data-no-retina>\n<!--\n\t\t\t\t\t\t\t--><rs-layer\n\t\t\t\t\t\t\t\tid=\"slider-110-slide-1333-layer-1\" \n\t\t\t\t\t\t\t\tclass=\"tp-shape tp-shapewrapper\"\n\t\t\t\t\t\t\t\tdata-type=\"shape\"\n\t\t\t\t\t\t\t\tdata-rsp_ch=\"on\"\n\t\t\t\t\t\t\t\tdata-xy=\"y:606px;\"\n\t\t\t\t\t\t\t\tdata-text=\"fw:100;a:inherit;\"\n\t\t\t\t\t\t\t\tdata-dim=\"w:100%;h:94px;\"\n\t\t\t\t\t\t\t\tdata-frame_0=\"tp:600;\"\n\t\t\t\t\t\t\t\tdata-frame_1=\"tp:600;st:0;\"\n\t\t\t\t\t\t\t\tdata-frame_999=\"o:0;tp:600;st:w;sR:2700;\"\n\t\t\t\t\t\t\t\tstyle=\"z-index:5;background-color:rgba(0,122,255,0.5);\"\n\t\t\t\t\t\t\t> \n\t\t\t\t\t\t\t<\/rs-layer><!--\n\n\t\t\t\t\t\t\t--><rs-layer\n\t\t\t\t\t\t\t\tid=\"slider-110-slide-1333-layer-2\" \n\t\t\t\t\t\t\t\tdata-type=\"text\"\n\t\t\t\t\t\t\t\tdata-color=\"#ffffff\"\n\t\t\t\t\t\t\t\tdata-rsp_ch=\"on\"\n\t\t\t\t\t\t\t\tdata-xy=\"x:20px;y:636px;\"\n\t\t\t\t\t\t\t\tdata-text=\"s:36;l:22;a:inherit;\"\n\t\t\t\t\t\t\t\tdata-dim=\"w:100%;\"\n\t\t\t\t\t\t\t\tdata-frame_0=\"tp:600;\"\n\t\t\t\t\t\t\t\tdata-frame_1=\"tp:600;st:0;\"\n\t\t\t\t\t\t\t\tdata-frame_999=\"o:0;tp:600;st:w;sR:2700;\"\n\t\t\t\t\t\t\t\tstyle=\"z-index:6;font-family:'Open Sans';\"\n\t\t\t\t\t\t\t>ha premiato Laura Piras \n\t\t\t\t\t\t\t<\/rs-layer><!--\n-->\t\t\t\t\t\t<\/rs-slide>\n\t\t\t\t\t\t<rs-slide style=\"position: absolute;\" data-key=\"rs-1334\" data-title=\"Slide\" data-thumb=\"\/\/www.sarlux.saras.it\/wp-content\/uploads\/revslider\/03-PCTO-Thiesi-Tempio-ICT-cybersecurity-Saras-Sarlux-raffineria.jpeg\" data-anim=\"adpr:false;\">\n\t\t\t\t\t\t\t<img decoding=\"async\" src=\"\/\/www.sarlux.saras.it\/wp-content\/plugins\/revslider\/public\/assets\/assets\/dummy.png\" alt=\"\" title=\"A lezione di Cyber Security e Information and Communications Technology\" class=\"rev-slidebg tp-rs-img rs-lazyload\" data-lazyload=\"\/\/www.sarlux.saras.it\/wp-content\/uploads\/revslider\/03-PCTO-Thiesi-Tempio-ICT-cybersecurity-Saras-Sarlux-raffineria.jpeg\" data-no-retina>\n<!--\n\t\t\t\t\t\t\t--><rs-layer\n\t\t\t\t\t\t\t\tid=\"slider-110-slide-1334-layer-1\" \n\t\t\t\t\t\t\t\tclass=\"tp-shape tp-shapewrapper\"\n\t\t\t\t\t\t\t\tdata-type=\"shape\"\n\t\t\t\t\t\t\t\tdata-rsp_ch=\"on\"\n\t\t\t\t\t\t\t\tdata-xy=\"y:606px;\"\n\t\t\t\t\t\t\t\tdata-text=\"fw:100;a:inherit;\"\n\t\t\t\t\t\t\t\tdata-dim=\"w:100%;h:94px;\"\n\t\t\t\t\t\t\t\tdata-frame_0=\"tp:600;\"\n\t\t\t\t\t\t\t\tdata-frame_1=\"tp:600;st:0;\"\n\t\t\t\t\t\t\t\tdata-frame_999=\"o:0;tp:600;st:w;sR:2700;\"\n\t\t\t\t\t\t\t\tstyle=\"z-index:5;background-color:rgba(0,122,255,0.5);\"\n\t\t\t\t\t\t\t> \n\t\t\t\t\t\t\t<\/rs-layer><!--\n\n\t\t\t\t\t\t\t--><rs-layer\n\t\t\t\t\t\t\t\tid=\"slider-110-slide-1334-layer-2\" \n\t\t\t\t\t\t\t\tdata-type=\"text\"\n\t\t\t\t\t\t\t\tdata-color=\"#ffffff\"\n\t\t\t\t\t\t\t\tdata-rsp_ch=\"on\"\n\t\t\t\t\t\t\t\tdata-xy=\"x:20px;y:636px;\"\n\t\t\t\t\t\t\t\tdata-text=\"s:36;l:22;a:inherit;\"\n\t\t\t\t\t\t\t\tdata-dim=\"w:100%;\"\n\t\t\t\t\t\t\t\tdata-frame_0=\"tp:600;\"\n\t\t\t\t\t\t\t\tdata-frame_1=\"tp:600;st:0;\"\n\t\t\t\t\t\t\t\tdata-frame_999=\"o:0;tp:600;st:w;sR:2700;\"\n\t\t\t\t\t\t\t\tstyle=\"z-index:6;font-family:'Open Sans';\"\n\t\t\t\t\t\t\t>ha premiato Laura Piras \n\t\t\t\t\t\t\t<\/rs-layer><!--\n-->\t\t\t\t\t\t<\/rs-slide>\n\t\t\t\t\t\t<rs-slide style=\"position: absolute;\" data-key=\"rs-1335\" data-title=\"Slide\" data-thumb=\"\/\/www.sarlux.saras.it\/wp-content\/uploads\/revslider\/04-PCTO-Thiesi-Tempio-ICT-cybersecurity-Saras-Sarlux-raffineria.jpeg\" data-anim=\"adpr:false;\">\n\t\t\t\t\t\t\t<img decoding=\"async\" src=\"\/\/www.sarlux.saras.it\/wp-content\/plugins\/revslider\/public\/assets\/assets\/dummy.png\" alt=\"\" title=\"A lezione di Cyber Security e Information and Communications Technology\" class=\"rev-slidebg tp-rs-img rs-lazyload\" data-lazyload=\"\/\/www.sarlux.saras.it\/wp-content\/uploads\/revslider\/04-PCTO-Thiesi-Tempio-ICT-cybersecurity-Saras-Sarlux-raffineria.jpeg\" data-no-retina>\n<!--\n\t\t\t\t\t\t\t--><rs-layer\n\t\t\t\t\t\t\t\tid=\"slider-110-slide-1335-layer-1\" \n\t\t\t\t\t\t\t\tclass=\"tp-shape tp-shapewrapper\"\n\t\t\t\t\t\t\t\tdata-type=\"shape\"\n\t\t\t\t\t\t\t\tdata-rsp_ch=\"on\"\n\t\t\t\t\t\t\t\tdata-xy=\"y:606px;\"\n\t\t\t\t\t\t\t\tdata-text=\"fw:100;a:inherit;\"\n\t\t\t\t\t\t\t\tdata-dim=\"w:100%;h:94px;\"\n\t\t\t\t\t\t\t\tdata-frame_0=\"tp:600;\"\n\t\t\t\t\t\t\t\tdata-frame_1=\"tp:600;st:0;\"\n\t\t\t\t\t\t\t\tdata-frame_999=\"o:0;tp:600;st:w;sR:2700;\"\n\t\t\t\t\t\t\t\tstyle=\"z-index:5;background-color:rgba(0,122,255,0.5);\"\n\t\t\t\t\t\t\t> \n\t\t\t\t\t\t\t<\/rs-layer><!--\n\n\t\t\t\t\t\t\t--><rs-layer\n\t\t\t\t\t\t\t\tid=\"slider-110-slide-1335-layer-2\" \n\t\t\t\t\t\t\t\tdata-type=\"text\"\n\t\t\t\t\t\t\t\tdata-color=\"#ffffff\"\n\t\t\t\t\t\t\t\tdata-rsp_ch=\"on\"\n\t\t\t\t\t\t\t\tdata-xy=\"x:20px;y:636px;\"\n\t\t\t\t\t\t\t\tdata-text=\"s:36;l:22;a:inherit;\"\n\t\t\t\t\t\t\t\tdata-dim=\"w:100%;\"\n\t\t\t\t\t\t\t\tdata-frame_0=\"tp:600;\"\n\t\t\t\t\t\t\t\tdata-frame_1=\"tp:600;st:0;\"\n\t\t\t\t\t\t\t\tdata-frame_999=\"o:0;tp:600;st:w;sR:2700;\"\n\t\t\t\t\t\t\t\tstyle=\"z-index:6;font-family:'Open Sans';\"\n\t\t\t\t\t\t\t>ha premiato Elisa Pibiri \n\t\t\t\t\t\t\t<\/rs-layer><!--\n-->\t\t\t\t\t\t<\/rs-slide>\n\t\t\t\t\t\t<rs-slide style=\"position: absolute;\" data-key=\"rs-1336\" data-title=\"Slide\" data-thumb=\"\/\/www.sarlux.saras.it\/wp-content\/uploads\/revslider\/05-PCTO-Thiesi-Tempio-ICT-cybersecurity-Saras-Sarlux-raffineria.jpeg\" data-anim=\"adpr:false;\">\n\t\t\t\t\t\t\t<img decoding=\"async\" src=\"\/\/www.sarlux.saras.it\/wp-content\/plugins\/revslider\/public\/assets\/assets\/dummy.png\" alt=\"\" title=\"A lezione di Cyber Security e Information and Communications Technology\" class=\"rev-slidebg tp-rs-img rs-lazyload\" data-lazyload=\"\/\/www.sarlux.saras.it\/wp-content\/uploads\/revslider\/05-PCTO-Thiesi-Tempio-ICT-cybersecurity-Saras-Sarlux-raffineria.jpeg\" data-no-retina>\n<!--\n\t\t\t\t\t\t\t--><rs-layer\n\t\t\t\t\t\t\t\tid=\"slider-110-slide-1336-layer-1\" \n\t\t\t\t\t\t\t\tclass=\"tp-shape tp-shapewrapper\"\n\t\t\t\t\t\t\t\tdata-type=\"shape\"\n\t\t\t\t\t\t\t\tdata-rsp_ch=\"on\"\n\t\t\t\t\t\t\t\tdata-xy=\"y:606px;\"\n\t\t\t\t\t\t\t\tdata-text=\"fw:100;a:inherit;\"\n\t\t\t\t\t\t\t\tdata-dim=\"w:100%;h:94px;\"\n\t\t\t\t\t\t\t\tdata-frame_0=\"tp:600;\"\n\t\t\t\t\t\t\t\tdata-frame_1=\"tp:600;st:0;\"\n\t\t\t\t\t\t\t\tdata-frame_999=\"o:0;tp:600;st:w;sR:2700;\"\n\t\t\t\t\t\t\t\tstyle=\"z-index:5;background-color:rgba(0,122,255,0.5);\"\n\t\t\t\t\t\t\t> \n\t\t\t\t\t\t\t<\/rs-layer><!--\n\n\t\t\t\t\t\t\t--><rs-layer\n\t\t\t\t\t\t\t\tid=\"slider-110-slide-1336-layer-2\" \n\t\t\t\t\t\t\t\tdata-type=\"text\"\n\t\t\t\t\t\t\t\tdata-color=\"#ffffff\"\n\t\t\t\t\t\t\t\tdata-rsp_ch=\"on\"\n\t\t\t\t\t\t\t\tdata-xy=\"x:20px;y:636px;\"\n\t\t\t\t\t\t\t\tdata-text=\"s:36;l:22;a:inherit;\"\n\t\t\t\t\t\t\t\tdata-dim=\"w:100%;\"\n\t\t\t\t\t\t\t\tdata-frame_0=\"tp:600;\"\n\t\t\t\t\t\t\t\tdata-frame_1=\"tp:600;st:0;\"\n\t\t\t\t\t\t\t\tdata-frame_999=\"o:0;tp:600;st:w;sR:2700;\"\n\t\t\t\t\t\t\t\tstyle=\"z-index:6;font-family:'Open Sans';\"\n\t\t\t\t\t\t\t>l\u2019ing. Laura Pilia, per SARTEC, \n\t\t\t\t\t\t\t<\/rs-layer><!--\n-->\t\t\t\t\t\t<\/rs-slide>\n\t\t\t\t\t\t<rs-slide style=\"position: absolute;\" data-key=\"rs-1337\" data-title=\"Slide\" data-thumb=\"\/\/www.sarlux.saras.it\/wp-content\/uploads\/revslider\/06-PCTO-Thiesi-Tempio-ICT-cybersecurity-Saras-Sarlux-raffineria.jpeg\" data-anim=\"adpr:false;\">\n\t\t\t\t\t\t\t<img decoding=\"async\" src=\"\/\/www.sarlux.saras.it\/wp-content\/plugins\/revslider\/public\/assets\/assets\/dummy.png\" alt=\"\" title=\"A lezione di Cyber Security e Information and Communications Technology\" class=\"rev-slidebg tp-rs-img rs-lazyload\" data-lazyload=\"\/\/www.sarlux.saras.it\/wp-content\/uploads\/revslider\/06-PCTO-Thiesi-Tempio-ICT-cybersecurity-Saras-Sarlux-raffineria.jpeg\" data-no-retina>\n<!---->\t\t\t\t\t\t<\/rs-slide>\n\t\t\t\t\t\t<rs-slide style=\"position: absolute;\" data-key=\"rs-1338\" data-title=\"Slide\" data-thumb=\"\/\/www.sarlux.saras.it\/wp-content\/uploads\/revslider\/07-PCTO-Thiesi-Tempio-ICT-cybersecurity-Saras-Sarlux-raffineria.jpeg\" data-anim=\"adpr:false;\">\n\t\t\t\t\t\t\t<img decoding=\"async\" src=\"\/\/www.sarlux.saras.it\/wp-content\/plugins\/revslider\/public\/assets\/assets\/dummy.png\" alt=\"\" title=\"A lezione di Cyber Security e Information and Communications Technology\" class=\"rev-slidebg tp-rs-img rs-lazyload\" data-lazyload=\"\/\/www.sarlux.saras.it\/wp-content\/uploads\/revslider\/07-PCTO-Thiesi-Tempio-ICT-cybersecurity-Saras-Sarlux-raffineria.jpeg\" data-no-retina>\n<!---->\t\t\t\t\t\t<\/rs-slide>\n\t\t\t\t\t\t<rs-slide style=\"position: absolute;\" data-key=\"rs-1339\" data-title=\"Slide\" data-thumb=\"\/\/www.sarlux.saras.it\/wp-content\/uploads\/revslider\/08-PCTO-Thiesi-Tempio-ICT-cybersecurity-Saras-Sarlux-raffineria.jpg\" data-anim=\"adpr:false;\">\n\t\t\t\t\t\t\t<img decoding=\"async\" src=\"\/\/www.sarlux.saras.it\/wp-content\/plugins\/revslider\/public\/assets\/assets\/dummy.png\" alt=\"\" title=\"A lezione di Cyber Security e Information and Communications Technology\" class=\"rev-slidebg tp-rs-img rs-lazyload\" data-lazyload=\"\/\/www.sarlux.saras.it\/wp-content\/uploads\/revslider\/08-PCTO-Thiesi-Tempio-ICT-cybersecurity-Saras-Sarlux-raffineria.jpg\" data-no-retina>\n<!---->\t\t\t\t\t\t<\/rs-slide>\n\t\t\t\t\t\t<rs-slide style=\"position: absolute;\" data-key=\"rs-1340\" data-title=\"Slide\" data-thumb=\"\/\/www.sarlux.saras.it\/wp-content\/uploads\/revslider\/09-PCTO-Thiesi-Tempio-ICT-cybersecurity-Saras-Sarlux-raffineria.jpeg\" data-anim=\"adpr:false;\">\n\t\t\t\t\t\t\t<img decoding=\"async\" src=\"\/\/www.sarlux.saras.it\/wp-content\/plugins\/revslider\/public\/assets\/assets\/dummy.png\" alt=\"\" title=\"A lezione di Cyber Security e Information and Communications Technology\" class=\"rev-slidebg tp-rs-img rs-lazyload\" data-lazyload=\"\/\/www.sarlux.saras.it\/wp-content\/uploads\/revslider\/09-PCTO-Thiesi-Tempio-ICT-cybersecurity-Saras-Sarlux-raffineria.jpeg\" data-no-retina>\n<!---->\t\t\t\t\t\t<\/rs-slide>\n\t\t\t\t\t<\/rs-slides>\n\t\t\t\t<\/rs-module>\n\t\t\t\t<script>\n\t\t\t\t\tsetREVStartSize({c: 'rev_slider_110_1',rl:[1240,1024,778,480],el:[],gw:[990],gh:[450],type:'standard',justify:'',layout:'fullwidth',mh:\"0\"});if (window.RS_MODULES!==undefined && window.RS_MODULES.modules!==undefined && window.RS_MODULES.modules[\"revslider1101\"]!==undefined) {window.RS_MODULES.modules[\"revslider1101\"].once = false;window.revapi110 = undefined;if (window.RS_MODULES.checkMinimal!==undefined) window.RS_MODULES.checkMinimal()}\n\t\t\t\t<\/script>\n\t\t\t<\/rs-module-wrap>\n\t\t\t<!-- END REVOLUTION SLIDER -->\n[\/vc_column][\/vc_row][vc_row][vc_column][vc_empty_space height=&#8221;16px&#8221;][\/vc_column][\/vc_row][vc_row][vc_column][vc_empty_space height=&#8221;16px&#8221;][vc_column_text]<\/p>\n<h4><strong>ICT Management e Cyber Security<\/strong><\/h4>\n<p>[\/vc_column_text][vc_empty_space height=&#8221;8px&#8221;][\/vc_column][\/vc_row][vc_row][vc_column width=&#8221;1\/2&#8243;][vc_column_text]L\u2019<strong>ICT Management<\/strong>\u00a0collega tutte le societ\u00e0 e le sedi del Gruppo ai sistemi ospitati sia nel \u00a0cloud che nel suo Data center, sviluppa e gestisce soluzioni \u00a0applicative per le esigenze aziendali progettando e dimensionando le architetture e le infrastrutture e supporta, con il workplace management, l\u2019ambiente di lavoro ibrido.<\/p>\n<p>I processi produttivi, la gestione degli impianti, delle spedizioni e della manutenzione, i monitoraggi ambientali vengono ottimizzati anche attraverso lo sviluppo di RPA (Robotic Process Automation) e, attraverso il cloud computing, vengono condivisi in maniera interattiva perfino sui tablet in dotazione ai tecnici che operano negli impianti.[\/vc_column_text][\/vc_column][vc_column width=&#8221;1\/2&#8243;]\n\t\t\t<!-- START ICT Sarlux REVOLUTION SLIDER 6.6.14 --><p class=\"rs-p-wp-fix\"><\/p>\n\t\t\t<rs-module-wrap id=\"rev_slider_109_2_wrapper\" data-source=\"gallery\" style=\"visibility:hidden;background:transparent;padding:0;margin:0px auto;margin-top:0;margin-bottom:0;\">\n\t\t\t\t<rs-module id=\"rev_slider_109_2\" style=\"\" data-version=\"6.6.14\">\n\t\t\t\t\t<rs-slides style=\"overflow: hidden; position: absolute;\">\n\t\t\t\t\t\t<rs-slide style=\"position: absolute;\" data-key=\"rs-1326\" data-title=\"Slide\" data-thumb=\"\/\/www.sarlux.saras.it\/wp-content\/uploads\/revslider\/03-cyber-security-ICT-Saras-raffineria-Sarlux-Sarroch.jpg\" data-anim=\"adpr:false;\">\n\t\t\t\t\t\t\t<img decoding=\"async\" src=\"\/\/www.sarlux.saras.it\/wp-content\/plugins\/revslider\/public\/assets\/assets\/dummy.png\" alt=\"\" title=\"A lezione di Cyber Security e Information and Communications Technology\" class=\"rev-slidebg tp-rs-img rs-lazyload\" data-lazyload=\"\/\/www.sarlux.saras.it\/wp-content\/uploads\/revslider\/03-cyber-security-ICT-Saras-raffineria-Sarlux-Sarroch.jpg\" data-no-retina>\n<!--\n\t\t\t\t\t\t\t--><rs-layer\n\t\t\t\t\t\t\t\tid=\"slider-109-slide-1326-layer-1\" \n\t\t\t\t\t\t\t\tclass=\"tp-shape tp-shapewrapper\"\n\t\t\t\t\t\t\t\tdata-type=\"shape\"\n\t\t\t\t\t\t\t\tdata-rsp_ch=\"on\"\n\t\t\t\t\t\t\t\tdata-xy=\"y:606px;\"\n\t\t\t\t\t\t\t\tdata-text=\"fw:100;a:inherit;\"\n\t\t\t\t\t\t\t\tdata-dim=\"w:100%;h:94px;\"\n\t\t\t\t\t\t\t\tdata-frame_0=\"tp:600;\"\n\t\t\t\t\t\t\t\tdata-frame_1=\"tp:600;st:0;\"\n\t\t\t\t\t\t\t\tdata-frame_999=\"o:0;tp:600;st:w;sR:2700;\"\n\t\t\t\t\t\t\t\tstyle=\"z-index:5;background-color:rgba(0,122,255,0.5);\"\n\t\t\t\t\t\t\t> \n\t\t\t\t\t\t\t<\/rs-layer><!--\n\n\t\t\t\t\t\t\t--><rs-layer\n\t\t\t\t\t\t\t\tid=\"slider-109-slide-1326-layer-2\" \n\t\t\t\t\t\t\t\tdata-type=\"text\"\n\t\t\t\t\t\t\t\tdata-color=\"#ffffff\"\n\t\t\t\t\t\t\t\tdata-rsp_ch=\"on\"\n\t\t\t\t\t\t\t\tdata-xy=\"x:20px;y:636px;\"\n\t\t\t\t\t\t\t\tdata-text=\"s:36;l:22;a:inherit;\"\n\t\t\t\t\t\t\t\tdata-dim=\"w:100%;\"\n\t\t\t\t\t\t\t\tdata-frame_0=\"tp:600;\"\n\t\t\t\t\t\t\t\tdata-frame_1=\"tp:600;st:0;\"\n\t\t\t\t\t\t\t\tdata-frame_999=\"o:0;tp:600;st:w;sR:2700;\"\n\t\t\t\t\t\t\t\tstyle=\"z-index:6;font-family:'Open Sans';\"\n\t\t\t\t\t\t\t>ha premiato Laura Piras \n\t\t\t\t\t\t\t<\/rs-layer><!--\n-->\t\t\t\t\t\t<\/rs-slide>\n\t\t\t\t\t\t<rs-slide style=\"position: absolute;\" data-key=\"rs-1327\" data-title=\"Slide\" data-thumb=\"\/\/www.sarlux.saras.it\/wp-content\/uploads\/revslider\/11-cyber-security-ICT-Saras-raffineria-Sarlux-Sarroch.jpg\" data-anim=\"adpr:false;\">\n\t\t\t\t\t\t\t<img decoding=\"async\" src=\"\/\/www.sarlux.saras.it\/wp-content\/plugins\/revslider\/public\/assets\/assets\/dummy.png\" alt=\"\" title=\"A lezione di Cyber Security e Information and Communications Technology\" class=\"rev-slidebg tp-rs-img rs-lazyload\" data-lazyload=\"\/\/www.sarlux.saras.it\/wp-content\/uploads\/revslider\/11-cyber-security-ICT-Saras-raffineria-Sarlux-Sarroch.jpg\" data-no-retina>\n<!--\n\t\t\t\t\t\t\t--><rs-layer\n\t\t\t\t\t\t\t\tid=\"slider-109-slide-1327-layer-1\" \n\t\t\t\t\t\t\t\tclass=\"tp-shape tp-shapewrapper\"\n\t\t\t\t\t\t\t\tdata-type=\"shape\"\n\t\t\t\t\t\t\t\tdata-rsp_ch=\"on\"\n\t\t\t\t\t\t\t\tdata-xy=\"y:606px;\"\n\t\t\t\t\t\t\t\tdata-text=\"fw:100;a:inherit;\"\n\t\t\t\t\t\t\t\tdata-dim=\"w:100%;h:94px;\"\n\t\t\t\t\t\t\t\tdata-frame_0=\"tp:600;\"\n\t\t\t\t\t\t\t\tdata-frame_1=\"tp:600;st:0;\"\n\t\t\t\t\t\t\t\tdata-frame_999=\"o:0;tp:600;st:w;sR:2700;\"\n\t\t\t\t\t\t\t\tstyle=\"z-index:5;background-color:rgba(0,122,255,0.5);\"\n\t\t\t\t\t\t\t> \n\t\t\t\t\t\t\t<\/rs-layer><!--\n\n\t\t\t\t\t\t\t--><rs-layer\n\t\t\t\t\t\t\t\tid=\"slider-109-slide-1327-layer-2\" \n\t\t\t\t\t\t\t\tdata-type=\"text\"\n\t\t\t\t\t\t\t\tdata-color=\"#ffffff\"\n\t\t\t\t\t\t\t\tdata-rsp_ch=\"on\"\n\t\t\t\t\t\t\t\tdata-xy=\"x:20px;y:636px;\"\n\t\t\t\t\t\t\t\tdata-text=\"s:36;l:22;a:inherit;\"\n\t\t\t\t\t\t\t\tdata-dim=\"w:100%;\"\n\t\t\t\t\t\t\t\tdata-frame_0=\"tp:600;\"\n\t\t\t\t\t\t\t\tdata-frame_1=\"tp:600;st:0;\"\n\t\t\t\t\t\t\t\tdata-frame_999=\"o:0;tp:600;st:w;sR:2700;\"\n\t\t\t\t\t\t\t\tstyle=\"z-index:6;font-family:'Open Sans';\"\n\t\t\t\t\t\t\t>ha premiato Laura Piras \n\t\t\t\t\t\t\t<\/rs-layer><!--\n-->\t\t\t\t\t\t<\/rs-slide>\n\t\t\t\t\t\t<rs-slide style=\"position: absolute;\" data-key=\"rs-1328\" data-title=\"Slide\" data-thumb=\"\/\/www.sarlux.saras.it\/wp-content\/uploads\/revslider\/05-cyber-security-ICT-Saras-raffineria-Sarlux-Sarroch.jpg\" data-anim=\"adpr:false;\">\n\t\t\t\t\t\t\t<img decoding=\"async\" src=\"\/\/www.sarlux.saras.it\/wp-content\/plugins\/revslider\/public\/assets\/assets\/dummy.png\" alt=\"\" title=\"A lezione di Cyber Security e Information and Communications Technology\" class=\"rev-slidebg tp-rs-img rs-lazyload\" data-lazyload=\"\/\/www.sarlux.saras.it\/wp-content\/uploads\/revslider\/05-cyber-security-ICT-Saras-raffineria-Sarlux-Sarroch.jpg\" data-no-retina>\n<!--\n\t\t\t\t\t\t\t--><rs-layer\n\t\t\t\t\t\t\t\tid=\"slider-109-slide-1328-layer-1\" \n\t\t\t\t\t\t\t\tclass=\"tp-shape tp-shapewrapper\"\n\t\t\t\t\t\t\t\tdata-type=\"shape\"\n\t\t\t\t\t\t\t\tdata-rsp_ch=\"on\"\n\t\t\t\t\t\t\t\tdata-xy=\"y:606px;\"\n\t\t\t\t\t\t\t\tdata-text=\"fw:100;a:inherit;\"\n\t\t\t\t\t\t\t\tdata-dim=\"w:100%;h:94px;\"\n\t\t\t\t\t\t\t\tdata-frame_0=\"tp:600;\"\n\t\t\t\t\t\t\t\tdata-frame_1=\"tp:600;st:0;\"\n\t\t\t\t\t\t\t\tdata-frame_999=\"o:0;tp:600;st:w;sR:2700;\"\n\t\t\t\t\t\t\t\tstyle=\"z-index:5;background-color:rgba(0,122,255,0.5);\"\n\t\t\t\t\t\t\t> \n\t\t\t\t\t\t\t<\/rs-layer><!--\n\n\t\t\t\t\t\t\t--><rs-layer\n\t\t\t\t\t\t\t\tid=\"slider-109-slide-1328-layer-2\" \n\t\t\t\t\t\t\t\tdata-type=\"text\"\n\t\t\t\t\t\t\t\tdata-color=\"#ffffff\"\n\t\t\t\t\t\t\t\tdata-rsp_ch=\"on\"\n\t\t\t\t\t\t\t\tdata-xy=\"x:20px;y:636px;\"\n\t\t\t\t\t\t\t\tdata-text=\"s:36;l:22;a:inherit;\"\n\t\t\t\t\t\t\t\tdata-dim=\"w:100%;\"\n\t\t\t\t\t\t\t\tdata-frame_0=\"tp:600;\"\n\t\t\t\t\t\t\t\tdata-frame_1=\"tp:600;st:0;\"\n\t\t\t\t\t\t\t\tdata-frame_999=\"o:0;tp:600;st:w;sR:2700;\"\n\t\t\t\t\t\t\t\tstyle=\"z-index:6;font-family:'Open Sans';\"\n\t\t\t\t\t\t\t>ha premiato Elisa Pibiri \n\t\t\t\t\t\t\t<\/rs-layer><!--\n-->\t\t\t\t\t\t<\/rs-slide>\n\t\t\t\t\t\t<rs-slide style=\"position: absolute;\" data-key=\"rs-1329\" data-title=\"Slide\" data-thumb=\"\/\/www.sarlux.saras.it\/wp-content\/uploads\/revslider\/08-cyber-security-ICT-Saras-raffineria-Sarlux-Sarroch.jpg\" data-anim=\"adpr:false;\">\n\t\t\t\t\t\t\t<img decoding=\"async\" src=\"\/\/www.sarlux.saras.it\/wp-content\/plugins\/revslider\/public\/assets\/assets\/dummy.png\" alt=\"\" title=\"A lezione di Cyber Security e Information and Communications Technology\" class=\"rev-slidebg tp-rs-img rs-lazyload\" data-lazyload=\"\/\/www.sarlux.saras.it\/wp-content\/uploads\/revslider\/08-cyber-security-ICT-Saras-raffineria-Sarlux-Sarroch.jpg\" data-no-retina>\n<!---->\t\t\t\t\t\t<\/rs-slide>\n\t\t\t\t\t\t<rs-slide style=\"position: absolute;\" data-key=\"rs-1330\" data-title=\"Slide\" data-thumb=\"\/\/www.sarlux.saras.it\/wp-content\/uploads\/revslider\/09-cyber-security-ICT-Saras-raffineria-Sarlux-Sarroch.jpg\" data-anim=\"adpr:false;\">\n\t\t\t\t\t\t\t<img decoding=\"async\" src=\"\/\/www.sarlux.saras.it\/wp-content\/plugins\/revslider\/public\/assets\/assets\/dummy.png\" alt=\"\" title=\"A lezione di Cyber Security e Information and Communications Technology\" class=\"rev-slidebg tp-rs-img rs-lazyload\" data-lazyload=\"\/\/www.sarlux.saras.it\/wp-content\/uploads\/revslider\/09-cyber-security-ICT-Saras-raffineria-Sarlux-Sarroch.jpg\" data-no-retina>\n<!---->\t\t\t\t\t\t<\/rs-slide>\n\t\t\t\t\t\t<rs-slide style=\"position: absolute;\" data-key=\"rs-1331\" data-title=\"Slide\" data-thumb=\"\/\/www.sarlux.saras.it\/wp-content\/uploads\/revslider\/10-cyber-security-ICT-Saras-raffineria-Sarlux-Sarroch.jpg\" data-anim=\"adpr:false;\">\n\t\t\t\t\t\t\t<img decoding=\"async\" src=\"\/\/www.sarlux.saras.it\/wp-content\/plugins\/revslider\/public\/assets\/assets\/dummy.png\" alt=\"\" title=\"A lezione di Cyber Security e Information and Communications Technology\" class=\"rev-slidebg tp-rs-img rs-lazyload\" data-lazyload=\"\/\/www.sarlux.saras.it\/wp-content\/uploads\/revslider\/10-cyber-security-ICT-Saras-raffineria-Sarlux-Sarroch.jpg\" data-no-retina>\n<!---->\t\t\t\t\t\t<\/rs-slide>\n\t\t\t\t\t<\/rs-slides>\n\t\t\t\t<\/rs-module>\n\t\t\t\t<script>\n\t\t\t\t\tsetREVStartSize({c: 'rev_slider_109_2',rl:[1240,1024,778,480],el:[],gw:[990],gh:[450],type:'standard',justify:'',layout:'fullwidth',mh:\"0\"});if (window.RS_MODULES!==undefined && window.RS_MODULES.modules!==undefined && window.RS_MODULES.modules[\"revslider1092\"]!==undefined) {window.RS_MODULES.modules[\"revslider1092\"].once = false;window.revapi109 = undefined;if (window.RS_MODULES.checkMinimal!==undefined) window.RS_MODULES.checkMinimal()}\n\t\t\t\t<\/script>\n\t\t\t<\/rs-module-wrap>\n\t\t\t<!-- END REVOLUTION SLIDER -->\n[\/vc_column][\/vc_row][vc_row][vc_column][vc_empty_space height=&#8221;8px&#8221;][\/vc_column][\/vc_row][vc_row][vc_column width=&#8221;1\/2&#8243;][vc_empty_space height=&#8221;8px&#8221;][vc_column_text]<strong>La Cyber Security del Gruppo <\/strong>ha introdotto tecnologie per la protezione degli accessi remoti alla rete aziendale, dei servizi nel Cloud, dei portali esposti su Internet e degli accessi amministrativi. Oltre che la protezione dei server e dei pc, Saras ha esteso queste garanzie anche al mondo degli smartphone e dei tablet.<\/p>\n<p>Nel contesto della prevenzione e protezione dei suoi sistemi ICT e di sistemi di controllo industriale, strategici nella tutela del business,\u00a0 l\u2019azienda si \u00e8 dotata di un presidio operativo specialistico, costituito dal Security Operation Center (SOC), attivo 24 ore su 24 a tutela del patrimonio dei dati aziendale.[\/vc_column_text][\/vc_column][vc_column width=&#8221;1\/2&#8243;][vc_single_image image=&#8221;545088&#8243; img_size=&#8221;full&#8221;][\/vc_column][\/vc_row][vc_row][vc_column][vc_empty_space height=&#8221;16px&#8221;][\/vc_column][\/vc_row][vc_row full_width=&#8221;stretch_row&#8221; bg_type=&#8221;grad&#8221; bg_grad=&#8221;background: -webkit-gradient(linear, left top, left bottom, color-stop(0%, #F5F5F5), color-stop(33%, #FFFFFF), color-stop(66%, #FFFFFF), color-stop(100%, #F5F5F5));background: -moz-linear-gradient(left,#F5F5F5 0%,#FFFFFF 33%,#FFFFFF 66%,#F5F5F5 100%);background: -webkit-linear-gradient(left,#F5F5F5 0%,#FFFFFF 33%,#FFFFFF 66%,#F5F5F5 100%);background: -o-linear-gradient(left,#F5F5F5 0%,#FFFFFF 33%,#FFFFFF 66%,#F5F5F5 100%);background: -ms-linear-gradient(left,#F5F5F5 0%,#FFFFFF 33%,#FFFFFF 66%,#F5F5F5 100%);background: linear-gradient(left,#F5F5F5 0%,#FFFFFF 33%,#FFFFFF 66%,#F5F5F5 100%);&#8221; css=&#8221;.vc_custom_1681738174578{border-radius: 2px !important;}&#8221;][vc_column][vc_empty_space height=&#8221;8px&#8221;][vc_column_text css=&#8221;.vc_custom_1681739823862{margin-bottom: 50px !important;}&#8221;]<b>Alcuni commenti degli studenti<\/b>[\/vc_column_text][vc_column_text css=&#8221;.vc_custom_1681739845301{margin-top: 50px !important;margin-bottom: -30px !important;}&#8221;]<\/p>\n<h1 style=\"text-align: left;\"><span style=\"font-family: symbol; font-size: 96px;\">\u201c<\/span><\/h1>\n<p>[\/vc_column_text][vc_column_text css=&#8221;.vc_custom_1681738463194{margin-top: -50px !important;}&#8221;]<\/p>\n<p style=\"text-align: left;\"><em>Ho trovato in azienda un ambiente molto accogliente. Non ho avuto difficolt\u00e0 a seguire il percorso di formazione che ci \u00e8 stato proposto e che ci ha permesso di calare nella realt\u00e0 contenuti appresi in classe. Bella anche l&#8217;esperienza del pranzo nella mensa aziendale.<br \/>\n<\/em>Alessandro<\/p>\n<p><em>Durante la visita aziendale in Saras ho avuto modo di comprendere meglio quanto studiato a scuola sugli aspetti strutturali e gestionali delle imprese industriali.<br \/>\n<\/em>Ilaria<\/p>\n<p><em>Ritengo che la visita alla Sarlux sia stata molto utile per comprendere l&#8217;importanza del lavoro in team per realizzare attivit\u00e0 comunicative con riferimento a differenti contesti.<br \/>\n<\/em>Giusy<\/p>\n<p><em>Attivit\u00e0 molto interessante anche se limitata ad una sola mattinata. Di sicuro ho capito quanto sia importante un corretto utilizzo delle informazioni per gestire correttamente l&#8217;impresa e orientare le sue scelte.<br \/>\n<\/em>Andrea<\/p>\n<p><em>Molto interessante la parte dedicata agli obiettivi e strumenti della Cyber Security nonch\u00e9 alla spiegazione di come l&#8217;azienda cerca di minimizzare la vulnerabilit\u00e0 dei propri sistemi.<br \/>\n<\/em>Jacopo[\/vc_column_text][vc_column_text css=&#8221;.vc_custom_1681738556589{margin-top: 30px !important;}&#8221;]<\/p>\n<h1 style=\"text-align: left;\"><span style=\"font-family: symbol; font-size: 96px;\">\u201d<\/span><\/h1>\n<p>[\/vc_column_text][\/vc_column][\/vc_row][vc_row][vc_column][vc_column_text][\/vc_column_text][vc_empty_space height=&#8221;16px&#8221;][\/vc_column][\/vc_row][vc_row][vc_column][vc_column_text]<strong>Riteniamo che l\u2019innovazione tecnologica sia una delle pi\u00f9 importanti leve strategiche per continuare a rivestire un ruolo da protagonisti nel panorama energetico del Paese e rimanere competitivi nel contesto internazionale.<\/strong>[\/vc_column_text][vc_empty_space height=&#8221;16px&#8221;][\/vc_column][\/vc_row][vc_row][vc_column][vc_empty_space height=&#8221;16px&#8221;][\/vc_column][\/vc_row][vc_row][vc_column][vc_icon icon_fontawesome=&#8221;fa fa-cog&#8221; size=&#8221;sm&#8221; align=&#8221;center&#8221;][vc_empty_space height=&#8221;16px&#8221;][vc_column_text]<span style=\"font-size: 16px;\">Il Gruppo Saras \u00e8 uno dei principali operatori europei nella raffinazione del petrolio ed \u00e8 attivo anche nel settore della produzione di energia elettrica. Direttamente e attraverso le proprie controllate, il Gruppo vende e distribuisce prodotti petroliferi nei mercati nazionali e internazionali. Inoltre, il Gruppo produce e vende energia elettrica attraverso le controllate Sarlux Srl (impianto IGCC) e Sardeolica Srl (parco eolico). Il Gruppo offre poi servizi di ingegneria industriale per il settore petrolifero, dell\u2019energia e dell\u2019ambiente attraverso la controllata Sartec Srl.<\/span>[\/vc_column_text][vc_empty_space][\/vc_column][\/vc_row][vc_row][vc_column][vc_empty_space][vc_icon icon_fontawesome=&#8221;fa fa-cog&#8221; size=&#8221;sm&#8221; align=&#8221;center&#8221;][\/vc_column][\/vc_row]<\/p>\n<\/div>","protected":false},"excerpt":{"rendered":"<p>Le iniziative\u00a0del\u00a0Gruppo Saras\u00a0rivolte agli\u00a0studenti si arricchiscono nel 2023 di nuovi contenuti in linea con le ultime esigenze del mondo delle imprese<\/p>\n","protected":false},"author":36,"featured_media":545058,"comment_status":"closed","ping_status":"open","sticky":false,"template":"","format":"standard","meta":{"_acf_changed":false,"inline_featured_image":false,"footnotes":""},"categories":[26,17],"tags":[44,410,35,135,97,29,47,82,50,105,53,71,132],"class_list":["post-545055","post","type-post","status-publish","format-standard","has-post-thumbnail","hentry","category-home-it","category-news","tag-digitalsaras","tag-big-data","tag-educazione","tag-formazione","tag-gruppo-saras","tag-impegno-sociale","tag-industria-4-0","tag-innovazione","tag-saras","tag-sardegna","tag-sarlux","tag-sarroch","tag-scuola"],"acf":[],"yoast_head":"<!-- This site is optimized with the Yoast SEO plugin v27.3 - https:\/\/yoast.com\/product\/yoast-seo-wordpress\/ -->\n<title>A lezione di Cyber Security e Information and Communications Technology - Sarlux Saras | Refining &amp; Power<\/title>\n<meta name=\"description\" content=\"Le iniziative\u00a0del\u00a0Gruppo Saras\u00a0rivolte agli\u00a0studenti si arricchiscono nel 2023 di nuovi contenuti in linea con le ultime esigenze del mondo delle imprese\" \/>\n<meta name=\"robots\" content=\"index, follow, max-snippet:-1, max-image-preview:large, max-video-preview:-1\" \/>\n<link rel=\"canonical\" href=\"https:\/\/www.sarlux.saras.it\/it\/a-lezione-di-cyber-security-e-information-and-communications-technology\/\" \/>\n<meta property=\"og:locale\" content=\"it_IT\" \/>\n<meta property=\"og:type\" content=\"article\" \/>\n<meta property=\"og:title\" content=\"A lezione di Cyber Security e Information and Communications Technology - Sarlux Saras | Refining &amp; Power\" \/>\n<meta property=\"og:description\" content=\"Le iniziative\u00a0del\u00a0Gruppo Saras\u00a0rivolte agli\u00a0studenti si arricchiscono nel 2023 di nuovi contenuti in linea con le ultime esigenze del mondo delle imprese\" \/>\n<meta property=\"og:url\" content=\"https:\/\/www.sarlux.saras.it\/it\/a-lezione-di-cyber-security-e-information-and-communications-technology\/\" \/>\n<meta property=\"og:site_name\" content=\"Sarlux Saras | Refining &amp; Power\" \/>\n<meta property=\"article:published_time\" content=\"2023-04-18T10:23:16+00:00\" \/>\n<meta property=\"og:image\" content=\"https:\/\/www.sarlux.saras.it\/wp-content\/uploads\/revslider\/03-cyber-security-ICT-Saras-raffineria-Sarlux-Sarroch.jpg\" \/>\n\t<meta property=\"og:image:width\" content=\"990\" \/>\n\t<meta property=\"og:image:height\" content=\"450\" \/>\n\t<meta property=\"og:image:type\" content=\"image\/jpeg\" \/>\n<meta name=\"author\" content=\"Alberto Soi\" \/>\n<meta name=\"twitter:card\" content=\"summary_large_image\" \/>\n<meta name=\"twitter:image\" content=\"https:\/\/www.sarlux.saras.it\/wp-content\/uploads\/revslider\/03-cyber-security-ICT-Saras-raffineria-Sarlux-Sarroch.jpg\" \/>\n<meta name=\"twitter:label1\" content=\"Scritto da\" \/>\n\t<meta name=\"twitter:data1\" content=\"Alberto Soi\" \/>\n<script type=\"application\/ld+json\" class=\"yoast-schema-graph\">{\"@context\":\"https:\\\/\\\/schema.org\",\"@graph\":[{\"@type\":\"Article\",\"@id\":\"https:\\\/\\\/www.sarlux.saras.it\\\/it\\\/a-lezione-di-cyber-security-e-information-and-communications-technology\\\/#article\",\"isPartOf\":{\"@id\":\"https:\\\/\\\/www.sarlux.saras.it\\\/it\\\/a-lezione-di-cyber-security-e-information-and-communications-technology\\\/\"},\"author\":{\"name\":\"Alberto Soi\",\"@id\":\"https:\\\/\\\/www.sarlux.saras.it\\\/it\\\/#\\\/schema\\\/person\\\/f369fc2d7dbcc34d69a0975e8fe360af\"},\"headline\":\"A lezione di Cyber Security e Information and Communications Technology\",\"datePublished\":\"2023-04-18T10:23:16+00:00\",\"mainEntityOfPage\":{\"@id\":\"https:\\\/\\\/www.sarlux.saras.it\\\/it\\\/a-lezione-di-cyber-security-e-information-and-communications-technology\\\/\"},\"wordCount\":1176,\"publisher\":{\"@id\":\"https:\\\/\\\/www.sarlux.saras.it\\\/it\\\/#organization\"},\"image\":{\"@id\":\"https:\\\/\\\/www.sarlux.saras.it\\\/it\\\/a-lezione-di-cyber-security-e-information-and-communications-technology\\\/#primaryimage\"},\"thumbnailUrl\":\"https:\\\/\\\/www.sarlux.saras.it\\\/wp-content\\\/uploads\\\/revslider\\\/03-cyber-security-ICT-Saras-raffineria-Sarlux-Sarroch.jpg\",\"keywords\":[\"#digitalsaras\",\"big data\",\"Educazione\",\"formazione\",\"Gruppo Saras\",\"Impegno sociale\",\"industria 4.0\",\"Innovazione\",\"Saras\",\"sardegna\",\"Sarlux\",\"Sarroch\",\"scuola\"],\"articleSection\":[\"home\",\"News\"],\"inLanguage\":\"it-IT\"},{\"@type\":\"WebPage\",\"@id\":\"https:\\\/\\\/www.sarlux.saras.it\\\/it\\\/a-lezione-di-cyber-security-e-information-and-communications-technology\\\/\",\"url\":\"https:\\\/\\\/www.sarlux.saras.it\\\/it\\\/a-lezione-di-cyber-security-e-information-and-communications-technology\\\/\",\"name\":\"A lezione di Cyber Security e Information and Communications Technology - Sarlux Saras | Refining & Power\",\"isPartOf\":{\"@id\":\"https:\\\/\\\/www.sarlux.saras.it\\\/it\\\/#website\"},\"primaryImageOfPage\":{\"@id\":\"https:\\\/\\\/www.sarlux.saras.it\\\/it\\\/a-lezione-di-cyber-security-e-information-and-communications-technology\\\/#primaryimage\"},\"image\":{\"@id\":\"https:\\\/\\\/www.sarlux.saras.it\\\/it\\\/a-lezione-di-cyber-security-e-information-and-communications-technology\\\/#primaryimage\"},\"thumbnailUrl\":\"https:\\\/\\\/www.sarlux.saras.it\\\/wp-content\\\/uploads\\\/revslider\\\/03-cyber-security-ICT-Saras-raffineria-Sarlux-Sarroch.jpg\",\"datePublished\":\"2023-04-18T10:23:16+00:00\",\"description\":\"Le iniziative\u00a0del\u00a0Gruppo Saras\u00a0rivolte agli\u00a0studenti si arricchiscono nel 2023 di nuovi contenuti in linea con le ultime esigenze del mondo delle imprese\",\"breadcrumb\":{\"@id\":\"https:\\\/\\\/www.sarlux.saras.it\\\/it\\\/a-lezione-di-cyber-security-e-information-and-communications-technology\\\/#breadcrumb\"},\"inLanguage\":\"it-IT\",\"potentialAction\":[{\"@type\":\"ReadAction\",\"target\":[\"https:\\\/\\\/www.sarlux.saras.it\\\/it\\\/a-lezione-di-cyber-security-e-information-and-communications-technology\\\/\"]}]},{\"@type\":\"ImageObject\",\"inLanguage\":\"it-IT\",\"@id\":\"https:\\\/\\\/www.sarlux.saras.it\\\/it\\\/a-lezione-di-cyber-security-e-information-and-communications-technology\\\/#primaryimage\",\"url\":\"https:\\\/\\\/www.sarlux.saras.it\\\/wp-content\\\/uploads\\\/revslider\\\/03-cyber-security-ICT-Saras-raffineria-Sarlux-Sarroch.jpg\",\"contentUrl\":\"https:\\\/\\\/www.sarlux.saras.it\\\/wp-content\\\/uploads\\\/revslider\\\/03-cyber-security-ICT-Saras-raffineria-Sarlux-Sarroch.jpg\",\"width\":990,\"height\":450},{\"@type\":\"BreadcrumbList\",\"@id\":\"https:\\\/\\\/www.sarlux.saras.it\\\/it\\\/a-lezione-di-cyber-security-e-information-and-communications-technology\\\/#breadcrumb\",\"itemListElement\":[{\"@type\":\"ListItem\",\"position\":1,\"name\":\"Home\",\"item\":\"https:\\\/\\\/www.sarlux.saras.it\\\/it\\\/\"},{\"@type\":\"ListItem\",\"position\":2,\"name\":\"A lezione di Cyber Security e Information and Communications Technology\"}]},{\"@type\":\"WebSite\",\"@id\":\"https:\\\/\\\/www.sarlux.saras.it\\\/it\\\/#website\",\"url\":\"https:\\\/\\\/www.sarlux.saras.it\\\/it\\\/\",\"name\":\"Sarlux\",\"description\":\"\",\"publisher\":{\"@id\":\"https:\\\/\\\/www.sarlux.saras.it\\\/it\\\/#organization\"},\"potentialAction\":[{\"@type\":\"SearchAction\",\"target\":{\"@type\":\"EntryPoint\",\"urlTemplate\":\"https:\\\/\\\/www.sarlux.saras.it\\\/it\\\/?s={search_term_string}\"},\"query-input\":{\"@type\":\"PropertyValueSpecification\",\"valueRequired\":true,\"valueName\":\"search_term_string\"}}],\"inLanguage\":\"it-IT\"},{\"@type\":\"Organization\",\"@id\":\"https:\\\/\\\/www.sarlux.saras.it\\\/it\\\/#organization\",\"name\":\"Sarlux\",\"url\":\"https:\\\/\\\/www.sarlux.saras.it\\\/it\\\/\",\"logo\":{\"@type\":\"ImageObject\",\"inLanguage\":\"it-IT\",\"@id\":\"https:\\\/\\\/www.sarlux.saras.it\\\/it\\\/#\\\/schema\\\/logo\\\/image\\\/\",\"url\":\"https:\\\/\\\/www.sarlux.saras.it\\\/wp-content\\\/uploads\\\/2017\\\/12\\\/logo-pc-1.png\",\"contentUrl\":\"https:\\\/\\\/www.sarlux.saras.it\\\/wp-content\\\/uploads\\\/2017\\\/12\\\/logo-pc-1.png\",\"width\":184,\"height\":86,\"caption\":\"Sarlux\"},\"image\":{\"@id\":\"https:\\\/\\\/www.sarlux.saras.it\\\/it\\\/#\\\/schema\\\/logo\\\/image\\\/\"}},{\"@type\":\"Person\",\"@id\":\"https:\\\/\\\/www.sarlux.saras.it\\\/it\\\/#\\\/schema\\\/person\\\/f369fc2d7dbcc34d69a0975e8fe360af\",\"name\":\"Alberto Soi\",\"image\":{\"@type\":\"ImageObject\",\"inLanguage\":\"it-IT\",\"@id\":\"https:\\\/\\\/secure.gravatar.com\\\/avatar\\\/cc70035cae62a8d1e88cc2ac9d8e48bd174728dd9c5b3730ca1cbcb3eee8991b?s=96&d=mm&r=g\",\"url\":\"https:\\\/\\\/secure.gravatar.com\\\/avatar\\\/cc70035cae62a8d1e88cc2ac9d8e48bd174728dd9c5b3730ca1cbcb3eee8991b?s=96&d=mm&r=g\",\"contentUrl\":\"https:\\\/\\\/secure.gravatar.com\\\/avatar\\\/cc70035cae62a8d1e88cc2ac9d8e48bd174728dd9c5b3730ca1cbcb3eee8991b?s=96&d=mm&r=g\",\"caption\":\"Alberto Soi\"},\"url\":\"\"}]}<\/script>\n<!-- \/ Yoast SEO plugin. -->","yoast_head_json":{"title":"A lezione di Cyber Security e Information and Communications Technology - Sarlux Saras | Refining & Power","description":"Le iniziative\u00a0del\u00a0Gruppo Saras\u00a0rivolte agli\u00a0studenti si arricchiscono nel 2023 di nuovi contenuti in linea con le ultime esigenze del mondo delle imprese","robots":{"index":"index","follow":"follow","max-snippet":"max-snippet:-1","max-image-preview":"max-image-preview:large","max-video-preview":"max-video-preview:-1"},"canonical":"https:\/\/www.sarlux.saras.it\/it\/a-lezione-di-cyber-security-e-information-and-communications-technology\/","og_locale":"it_IT","og_type":"article","og_title":"A lezione di Cyber Security e Information and Communications Technology - Sarlux Saras | Refining & Power","og_description":"Le iniziative\u00a0del\u00a0Gruppo Saras\u00a0rivolte agli\u00a0studenti si arricchiscono nel 2023 di nuovi contenuti in linea con le ultime esigenze del mondo delle imprese","og_url":"https:\/\/www.sarlux.saras.it\/it\/a-lezione-di-cyber-security-e-information-and-communications-technology\/","og_site_name":"Sarlux Saras | Refining & Power","article_published_time":"2023-04-18T10:23:16+00:00","og_image":[{"width":990,"height":450,"url":"https:\/\/www.sarlux.saras.it\/wp-content\/uploads\/revslider\/03-cyber-security-ICT-Saras-raffineria-Sarlux-Sarroch.jpg","type":"image\/jpeg"}],"author":"Alberto Soi","twitter_card":"summary_large_image","twitter_image":"https:\/\/www.sarlux.saras.it\/wp-content\/uploads\/revslider\/03-cyber-security-ICT-Saras-raffineria-Sarlux-Sarroch.jpg","twitter_misc":{"Scritto da":"Alberto Soi"},"schema":{"@context":"https:\/\/schema.org","@graph":[{"@type":"Article","@id":"https:\/\/www.sarlux.saras.it\/it\/a-lezione-di-cyber-security-e-information-and-communications-technology\/#article","isPartOf":{"@id":"https:\/\/www.sarlux.saras.it\/it\/a-lezione-di-cyber-security-e-information-and-communications-technology\/"},"author":{"name":"Alberto Soi","@id":"https:\/\/www.sarlux.saras.it\/it\/#\/schema\/person\/f369fc2d7dbcc34d69a0975e8fe360af"},"headline":"A lezione di Cyber Security e Information and Communications Technology","datePublished":"2023-04-18T10:23:16+00:00","mainEntityOfPage":{"@id":"https:\/\/www.sarlux.saras.it\/it\/a-lezione-di-cyber-security-e-information-and-communications-technology\/"},"wordCount":1176,"publisher":{"@id":"https:\/\/www.sarlux.saras.it\/it\/#organization"},"image":{"@id":"https:\/\/www.sarlux.saras.it\/it\/a-lezione-di-cyber-security-e-information-and-communications-technology\/#primaryimage"},"thumbnailUrl":"https:\/\/www.sarlux.saras.it\/wp-content\/uploads\/revslider\/03-cyber-security-ICT-Saras-raffineria-Sarlux-Sarroch.jpg","keywords":["#digitalsaras","big data","Educazione","formazione","Gruppo Saras","Impegno sociale","industria 4.0","Innovazione","Saras","sardegna","Sarlux","Sarroch","scuola"],"articleSection":["home","News"],"inLanguage":"it-IT"},{"@type":"WebPage","@id":"https:\/\/www.sarlux.saras.it\/it\/a-lezione-di-cyber-security-e-information-and-communications-technology\/","url":"https:\/\/www.sarlux.saras.it\/it\/a-lezione-di-cyber-security-e-information-and-communications-technology\/","name":"A lezione di Cyber Security e Information and Communications Technology - Sarlux Saras | Refining & Power","isPartOf":{"@id":"https:\/\/www.sarlux.saras.it\/it\/#website"},"primaryImageOfPage":{"@id":"https:\/\/www.sarlux.saras.it\/it\/a-lezione-di-cyber-security-e-information-and-communications-technology\/#primaryimage"},"image":{"@id":"https:\/\/www.sarlux.saras.it\/it\/a-lezione-di-cyber-security-e-information-and-communications-technology\/#primaryimage"},"thumbnailUrl":"https:\/\/www.sarlux.saras.it\/wp-content\/uploads\/revslider\/03-cyber-security-ICT-Saras-raffineria-Sarlux-Sarroch.jpg","datePublished":"2023-04-18T10:23:16+00:00","description":"Le iniziative\u00a0del\u00a0Gruppo Saras\u00a0rivolte agli\u00a0studenti si arricchiscono nel 2023 di nuovi contenuti in linea con le ultime esigenze del mondo delle imprese","breadcrumb":{"@id":"https:\/\/www.sarlux.saras.it\/it\/a-lezione-di-cyber-security-e-information-and-communications-technology\/#breadcrumb"},"inLanguage":"it-IT","potentialAction":[{"@type":"ReadAction","target":["https:\/\/www.sarlux.saras.it\/it\/a-lezione-di-cyber-security-e-information-and-communications-technology\/"]}]},{"@type":"ImageObject","inLanguage":"it-IT","@id":"https:\/\/www.sarlux.saras.it\/it\/a-lezione-di-cyber-security-e-information-and-communications-technology\/#primaryimage","url":"https:\/\/www.sarlux.saras.it\/wp-content\/uploads\/revslider\/03-cyber-security-ICT-Saras-raffineria-Sarlux-Sarroch.jpg","contentUrl":"https:\/\/www.sarlux.saras.it\/wp-content\/uploads\/revslider\/03-cyber-security-ICT-Saras-raffineria-Sarlux-Sarroch.jpg","width":990,"height":450},{"@type":"BreadcrumbList","@id":"https:\/\/www.sarlux.saras.it\/it\/a-lezione-di-cyber-security-e-information-and-communications-technology\/#breadcrumb","itemListElement":[{"@type":"ListItem","position":1,"name":"Home","item":"https:\/\/www.sarlux.saras.it\/it\/"},{"@type":"ListItem","position":2,"name":"A lezione di Cyber Security e Information and Communications Technology"}]},{"@type":"WebSite","@id":"https:\/\/www.sarlux.saras.it\/it\/#website","url":"https:\/\/www.sarlux.saras.it\/it\/","name":"Sarlux","description":"","publisher":{"@id":"https:\/\/www.sarlux.saras.it\/it\/#organization"},"potentialAction":[{"@type":"SearchAction","target":{"@type":"EntryPoint","urlTemplate":"https:\/\/www.sarlux.saras.it\/it\/?s={search_term_string}"},"query-input":{"@type":"PropertyValueSpecification","valueRequired":true,"valueName":"search_term_string"}}],"inLanguage":"it-IT"},{"@type":"Organization","@id":"https:\/\/www.sarlux.saras.it\/it\/#organization","name":"Sarlux","url":"https:\/\/www.sarlux.saras.it\/it\/","logo":{"@type":"ImageObject","inLanguage":"it-IT","@id":"https:\/\/www.sarlux.saras.it\/it\/#\/schema\/logo\/image\/","url":"https:\/\/www.sarlux.saras.it\/wp-content\/uploads\/2017\/12\/logo-pc-1.png","contentUrl":"https:\/\/www.sarlux.saras.it\/wp-content\/uploads\/2017\/12\/logo-pc-1.png","width":184,"height":86,"caption":"Sarlux"},"image":{"@id":"https:\/\/www.sarlux.saras.it\/it\/#\/schema\/logo\/image\/"}},{"@type":"Person","@id":"https:\/\/www.sarlux.saras.it\/it\/#\/schema\/person\/f369fc2d7dbcc34d69a0975e8fe360af","name":"Alberto Soi","image":{"@type":"ImageObject","inLanguage":"it-IT","@id":"https:\/\/secure.gravatar.com\/avatar\/cc70035cae62a8d1e88cc2ac9d8e48bd174728dd9c5b3730ca1cbcb3eee8991b?s=96&d=mm&r=g","url":"https:\/\/secure.gravatar.com\/avatar\/cc70035cae62a8d1e88cc2ac9d8e48bd174728dd9c5b3730ca1cbcb3eee8991b?s=96&d=mm&r=g","contentUrl":"https:\/\/secure.gravatar.com\/avatar\/cc70035cae62a8d1e88cc2ac9d8e48bd174728dd9c5b3730ca1cbcb3eee8991b?s=96&d=mm&r=g","caption":"Alberto Soi"},"url":""}]}},"_links":{"self":[{"href":"https:\/\/www.sarlux.saras.it\/it\/wp-json\/wp\/v2\/posts\/545055","targetHints":{"allow":["GET"]}}],"collection":[{"href":"https:\/\/www.sarlux.saras.it\/it\/wp-json\/wp\/v2\/posts"}],"about":[{"href":"https:\/\/www.sarlux.saras.it\/it\/wp-json\/wp\/v2\/types\/post"}],"author":[{"embeddable":true,"href":"https:\/\/www.sarlux.saras.it\/it\/wp-json\/wp\/v2\/users\/36"}],"replies":[{"embeddable":true,"href":"https:\/\/www.sarlux.saras.it\/it\/wp-json\/wp\/v2\/comments?post=545055"}],"version-history":[{"count":3,"href":"https:\/\/www.sarlux.saras.it\/it\/wp-json\/wp\/v2\/posts\/545055\/revisions"}],"predecessor-version":[{"id":545092,"href":"https:\/\/www.sarlux.saras.it\/it\/wp-json\/wp\/v2\/posts\/545055\/revisions\/545092"}],"wp:featuredmedia":[{"embeddable":true,"href":"https:\/\/www.sarlux.saras.it\/it\/wp-json\/wp\/v2\/media\/545058"}],"wp:attachment":[{"href":"https:\/\/www.sarlux.saras.it\/it\/wp-json\/wp\/v2\/media?parent=545055"}],"wp:term":[{"taxonomy":"category","embeddable":true,"href":"https:\/\/www.sarlux.saras.it\/it\/wp-json\/wp\/v2\/categories?post=545055"},{"taxonomy":"post_tag","embeddable":true,"href":"https:\/\/www.sarlux.saras.it\/it\/wp-json\/wp\/v2\/tags?post=545055"}],"curies":[{"name":"wp","href":"https:\/\/api.w.org\/{rel}","templated":true}]}}