{"id":545150,"date":"2023-06-23T08:46:03","date_gmt":"2023-06-23T08:46:03","guid":{"rendered":"https:\/\/www.sarlux.saras.it\/?p=545150"},"modified":"2023-07-26T09:31:54","modified_gmt":"2023-07-26T09:31:54","slug":"sinergie-e-innovazione-tecnologica","status":"publish","type":"post","link":"https:\/\/www.sarlux.saras.it\/it\/sinergie-e-innovazione-tecnologica\/","title":{"rendered":"Sinergie e innovazione tecnologica"},"content":{"rendered":"<div class=\"wpb-content-wrapper\"><p>[vc_row][vc_column][vc_column_text]L\u2019occasione per parlare di sinergia e innovazione \u00e8 stata la convention<strong> IRI\u00a0<\/strong>(<strong>Inspection, Robotics e Innovation<\/strong><strong>)<\/strong>\u00a0<strong>2023<\/strong>, organizzata dall\u2019<strong>A.I.MAN<\/strong>, l\u2019Associazione Nazionale Manutenzione, in collaborazione con\u00a0<strong>Sarlux<\/strong>\u00a0del gruppo Saras.<br \/>\nDue giorni di incontri, dibattiti e formazione con istituzioni, enti, Universit\u00e0, professionisti e imprese del settore per monitorare lo stato degli impianti industriali in ogni loro specifico comparto, per gestire al meglio le manutenzioni utilizzando l\u2019innovazione e la robotica e stringendo sinergie sul territorio nell\u2019ottica della competitivit\u00e0.[\/vc_column_text][vc_empty_space height=&#8221;8px&#8221;][\/vc_column][\/vc_row][vc_row][vc_column width=&#8221;1\/2&#8243;][vc_single_image image=&#8221;545154&#8243; img_size=&#8221;full&#8221; add_caption=&#8221;yes&#8221; el_class=&#8221;didascalia&#8221;][\/vc_column][vc_column width=&#8221;1\/2&#8243;][vc_single_image image=&#8221;545152&#8243; img_size=&#8221;full&#8221; add_caption=&#8221;yes&#8221; el_class=&#8221;didascalia&#8221;][\/vc_column][\/vc_row][vc_row][vc_column][vc_empty_space height=&#8221;8px&#8221;][vc_column_text]Sarlux ha curato la tavola rotonda <strong><em>Sinergie e innovazione tecnologica per la competitivit\u00e0 industriale<\/em><\/strong>, che, coinvolgendo rappresentanti di aziende e istituzioni, alla presenza del sindaco della Citt\u00e0 metropolitana di Cagliari, ha contribuito a indicare una direzione e offerto le proposte dei relatori.<\/p>\n<p>\u201c<em>Creare condizioni favorevoli allo sviluppo e al progresso industriale \u00e8 la nostra missione principale \u2013<\/em>\u00a0sostiene <strong>Barbara Porru<\/strong>, presidente del Cacip \u2013 <em>le imprese sono il cuore pulsante del consorzio<\/em>\u201d.<\/p>\n<p><strong>Paolo Moser<\/strong> evidenzia in che modo Anpal Servizi \u00e8 a tutela dell\u2019innovazione: \u201c<em>facendo s\u00ec che il mercato del lavoro sia sempre pi\u00f9 al passo coi tempi e flessibilmente riesca a adeguarsi alle richieste del territorio<\/em>\u201d.<\/p>\n<p>Per <strong>Andrea Porcu<\/strong>\u00a0vicedirettore Confindustria: \u201c<i>l\u2019innovazione pu\u00f2 essere intesa anche come sinonimo di cambiamento che si persegue agendo nell\u2019organizzazione e nelle persone, sperimentando e promuovendo nuovi modelli. Le imprese riescono a innovare anche quando sono parte integrante di un sistema territoriale dal quale possono derivare imprescindibili sinergie, e il distretto produttivo di Sarroch, se penso all\u2019ambito delle relazioni industriali e del lavoro, \u00e8 un caso emblematico\u201d.<\/i><\/p>\n<p>\u201c<em>Questi dispositivi<\/em> &#8211; dice <strong>Maria Francesca Milazzo<\/strong>, docente di Tecniche della prevenzione nell\u2019ambiente e nei luoghi di lavoro all\u2019Universit\u00e0 di Messina \u2013 <em>sono essenziali per migliorare gli standard di sicurezza delle ispezioni negli impianti industriali<\/em>\u201d.<\/p>\n<p><em>\u201cL&#8217;obiettivo delle innovazioni e della tecnologia \u00e8 anche culturale ed \u00e8 fondamentale per affrontare il periodo di transizione energetica ed ecologica<\/em> &#8211; evidenzia <strong>Walter Cocco<\/strong>, <strong>Head of Industrial Operations Sarlux<\/strong>\u00a0\u2013 <em>contiamo sull\u2019innovazione tecnologica per accelerare il nostro processo di decarbonizzazione\u201d<\/em>.[\/vc_column_text][vc_column_text]Gli organizzatori <strong>Giuseppe Atzeri, Laura Delogu e Marcello Pintus, <\/strong>ingegneri esperti del Servizio Reliability di Sarlux e manager A.I.MAN, spiegano il duplice obiettivo dell\u2019evento: \u201c<em>da un lato diffondere la cultura della manutenzione e della sicurezza e dall\u2019altro dare la possibilit\u00e0 a tutti di fare networking e creare sinergie, fondamentali per avere successo\u201d<\/em>.[\/vc_column_text][vc_empty_space][\/vc_column][\/vc_row][vc_row][vc_column width=&#8221;1\/2&#8243;][rev_slider_vc alias=&#8221;aiman&#8221;][\/vc_column][vc_column width=&#8221;1\/2&#8243;][vc_single_image image=&#8221;545160&#8243; img_size=&#8221;full&#8221; add_caption=&#8221;yes&#8221; el_class=&#8221;didascalia&#8221;][\/vc_column][\/vc_row][vc_row][vc_column][vc_empty_space][vc_column_text]\u00c8 emerso un punto di vista unanime sul valore altissimo delle collaborazioni nel settore tecnologico,\u00a0<strong>la sfida di Sarlux e delle imprese correlate \u00e8 lavorare ogni giorno per la creazione di valore<\/strong>\u00a0considerando l\u2019impegno costante, gli investimenti nell\u2019innovazione tecnologica e per l\u2019efficienza energetica, l\u2019aggiornamento continuo e la responsabilit\u00e0 verso il territorio come fondamentali per la stessa produttivit\u00e0 e competitivit\u00e0 dell\u2019azienda.<\/p>\n<p><strong>Sarlux e le industrie del territorio della Sardegna puntano tutte insieme verso l\u2019innovazione tecnologica e la sostenibilit\u00e0 per competere e affermarsi nei mercati nazionali e internazionali.<\/strong>[\/vc_column_text][vc_empty_space][\/vc_column][\/vc_row][vc_row disable_element=&#8221;yes&#8221;][vc_column][vc_icon icon_fontawesome=&#8221;fa fa-cog&#8221; size=&#8221;sm&#8221; align=&#8221;center&#8221;][vc_empty_space][\/vc_column][\/vc_row][vc_row full_width=&#8221;stretch_row&#8221; disable_element=&#8221;yes&#8221;][vc_column][vc_column_text css=&#8221;.vc_custom_1687431417052{margin-top: 50px !important;margin-bottom: -30px !important;}&#8221;]<\/p>\n<h1 style=\"text-align: left;\"><span style=\"font-family: symbol; font-size: 96px; color: #f5f5f5;\">\u201c<\/span><\/h1>\n<p>[\/vc_column_text][vc_row_inner css=&#8221;.vc_custom_1687430520046{margin-top: 0px !important;padding-top: 0px !important;}&#8221;][vc_column_inner width=&#8221;1\/4&#8243; css=&#8221;.vc_custom_1687430986483{margin-top: 0px !important;padding-top: 0px !important;}&#8221;][vc_single_image image=&#8221;545156&#8243; img_size=&#8221;full&#8221; add_caption=&#8221;yes&#8221; el_class=&#8221;didascalia&#8221; css=&#8221;.vc_custom_1687505922067{margin-top: 0px !important;padding-top: 0px !important;}&#8221;][\/vc_column_inner][vc_column_inner width=&#8221;3\/4&#8243;][vc_empty_space height=&#8221;8px&#8221;][vc_column_text]<em>\u201cSinergia, innovazione e competitivit\u00e0 sono le parole chiave<\/em> \u2013 <strong>ha sottolineato Carlo Guarrata, amministratore delegato di Sarlux <\/strong>\u2013, <em>il tema della sinergia \u00e8 importante: normalmente siamo abituati a parlarne in ambito sociale, ma nel settore tecnologico le collaborazioni hanno un valore altissimo\u201c<\/em>.<\/p>\n<p><a href=\"https:\/\/www.ansa.it\/sito\/videogallery\/italia\/2023\/06\/16\/guarrata-sinergia-innovazione-e-competitivita-le-parole-chiave_aad7de6f-9a35-4d23-98ec-6fd97b268fb8.html\" target=\"_blank\" rel=\"noopener\">Clic per vedere l\u2019intera intervista<\/a>[\/vc_column_text][\/vc_column_inner][\/vc_row_inner][vc_empty_space height=&#8221;16px&#8221;][vc_row_inner][vc_column_inner width=&#8221;1\/4&#8243;][vc_single_image image=&#8221;545158&#8243; img_size=&#8221;full&#8221; add_caption=&#8221;yes&#8221; el_class=&#8221;didascalia&#8221;][\/vc_column_inner][vc_column_inner width=&#8221;3\/4&#8243;][vc_empty_space height=&#8221;8px&#8221;][vc_column_text]<em>\u201cDiffondere la cultura della sicurezza si traduce, di fatto \u2013 <\/em><strong>precisa Walter Cocco, responsabile delle operazioni industriali Sarlux <\/strong>\u2013<em>,<\/em> <em>in un\u2019azione continua di ricerca, formazione e creazione di condizioni di lavoro finalizzate a ridurre progressivamente i casi di emergenza e di infortunio con l\u2019obiettivo di tendere a zero eventi incidentali\u201c<\/em>.<\/p>\n<p><a href=\"https:\/\/www.ansa.it\/sardegna\/videogallery\/2023\/06\/16\/sarlux-verso-una-transizione-inclusiva_60ae4afe-c1f7-4028-b988-967233e753b7.html\" target=\"_blank\" rel=\"noopener\">Clic per vedere l\u2019intera intervista<\/a>[\/vc_column_text][\/vc_column_inner][\/vc_row_inner][vc_column_text css=&#8221;.vc_custom_1687431461466{margin-top: 30px !important;}&#8221;]<\/p>\n<h1 style=\"text-align: left;\"><span style=\"font-family: symbol; font-size: 96px; color: #f5f5f5;\">\u201d<\/span><\/h1>\n<p>[\/vc_column_text][\/vc_column][\/vc_row][vc_row disable_element=&#8221;yes&#8221;][vc_column][vc_empty_space][vc_column_text]IRI 2023 \u00e8 nata col duplice l&#8217;obiettivo di diffondere la cultura della manutenzione e della sicurezza e di dare la possibilit\u00e0 a tutti di fare networking e creare sinergie, fondamentali per avere successo. I temi tecnologici sono stati protagonisti:<\/p>\n<ul>\n<li>presentazioni di nuove tecniche di CND (Controlli non distruttivi)<\/li>\n<li>gestione delle Ispezioni e software per la pianificazione delle ispezioni.<\/li>\n<li>nuove tecniche di Ispezione, controllo e monitoraggio dei siti industriali con droni e robot<\/li>\n<li>applicazioni particolari come le tecniche ispettive per strutture in calcestruzzo.<\/li>\n<\/ul>\n<p>[\/vc_column_text][vc_empty_space height=&#8221;16px&#8221;][\/vc_column][\/vc_row][vc_row][vc_column][vc_icon icon_fontawesome=&#8221;fa fa-cog&#8221; size=&#8221;sm&#8221; align=&#8221;center&#8221;][vc_empty_space height=&#8221;16px&#8221;][vc_column_text]ll Gruppo Saras, fondato da Angelo Moratti nel 1962 \u00e8 uno dei principali operatori europei nel settore dell&#8217;energia e raffinazione del petrolio. Tramite la Capogruppo Saras SpA e le controllate Saras Trading SA, basata a Ginevra, Saras Energia SAU, basata a Madrid, il Gruppo vende e distribuisce prodotti petroliferi sul mercato nazionale e internazionale. Il Gruppo \u00e8 inoltre attivo anche nel settore della produzione di energia elettrica attraverso le controllate Sarlux Srl (impianto IGCC) e Sardeolica Srl (parco eolico). Il Gruppo offre poi servizi di ingegneria industriale e di ricerca per il settore petrolifero, dell&#8217;energia e dell&#8217;ambiente attraverso la controllata Sartec Srl. Il Gruppo Saras conta circa 1.576 dipendenti e presenta ricavi pari a circa 15,8 miliardi di Euro al 31 dicembre 2022.[\/vc_column_text][vc_empty_space][\/vc_column][\/vc_row][vc_row][vc_column][vc_empty_space][vc_icon icon_fontawesome=&#8221;fa fa-cog&#8221; size=&#8221;sm&#8221; align=&#8221;center&#8221;][\/vc_column][\/vc_row][vc_row disable_element=&#8221;yes&#8221;][vc_column width=&#8221;3\/4&#8243;][vc_empty_space height=&#8221;8px&#8221;][vc_column_text]&#8221;<em>Sinergia, innovazione e competitivit\u00e0 sono le parole chiave<\/em> \u2013 <strong>ha sottolineato Carlo Guarrata, amministratore delegato di Sarlux <\/strong>\u2013, <em>il tema della sinergia \u00e8 importante: normalmente siamo abituati a parlarne in ambito sociale, ma nel settore tecnologico le collaborazioni hanno un valore altissimo. Qui oggi incontriamo degli operatori del settore che possono dare e prendere valore e creare una rete di tipo tecnico per cogliere spunti di miglioramento in direzioni nuove e tecnologicamente molto evolute<\/em>. <em>Le ricerche continue nel campo tecnologico e digitale puntano proprio a realizzare ed utilizzare strumenti che sostituiscano l&#8217;uomo nelle procedure pi\u00f9 a rischio<\/em> \u2013 chiarisce Guarrata \u2013 <em>l&#8217;aggiornamento della sicurezza \u00e8 un percorso che obbligatoriamente deve essere continuo<\/em>&#8220;.<\/p>\n<p><a href=\"https:\/\/www.ansa.it\/sito\/videogallery\/italia\/2023\/06\/16\/guarrata-sinergia-innovazione-e-competitivita-le-parole-chiave_aad7de6f-9a35-4d23-98ec-6fd97b268fb8.html\" target=\"_blank\" rel=\"noopener\">Clic per vedere l&#8217;intera intervista<\/a>[\/vc_column_text][\/vc_column][vc_column width=&#8221;1\/4&#8243;][vc_single_image image=&#8221;544637&#8243; img_size=&#8221;full&#8221; add_caption=&#8221;yes&#8221; el_class=&#8221;didascalia&#8221;][\/vc_column][\/vc_row][vc_row][vc_column][vc_empty_space height=&#8221;16px&#8221;][\/vc_column][\/vc_row]<\/p>\n<\/div>","protected":false},"excerpt":{"rendered":"<p>Sarlux e le industrie del territorio della Sardegna puntano tutte insieme sull\u2019innovazione tecnologica e la robotica per competere e affermarsi nei mercati internazionali<\/p>\n","protected":false},"author":36,"featured_media":545154,"comment_status":"closed","ping_status":"open","sticky":false,"template":"","format":"standard","meta":{"_acf_changed":false,"inline_featured_image":false,"footnotes":""},"categories":[26,17],"tags":[135,97,82,123,50,105,53,74,65],"class_list":["post-545150","post","type-post","status-publish","format-standard","has-post-thumbnail","hentry","category-home-it","category-news","tag-formazione","tag-gruppo-saras","tag-innovazione","tag-investimenti","tag-saras","tag-sardegna","tag-sarlux","tag-sicurezza","tag-universita"],"acf":[],"yoast_head":"<!-- This site is optimized with the Yoast SEO plugin v27.3 - https:\/\/yoast.com\/product\/yoast-seo-wordpress\/ -->\n<title>Sinergie e innovazione tecnologica - Sarlux Saras | Refining &amp; Power<\/title>\n<meta name=\"description\" content=\"Sarlux e le industrie del territorio della Sardegna puntano tutte insieme sull&#039;innovazione tecnologica e la robotica per competere e affermarsi nei mercati internazionali.\" \/>\n<meta name=\"robots\" content=\"index, follow, max-snippet:-1, max-image-preview:large, max-video-preview:-1\" \/>\n<link rel=\"canonical\" href=\"https:\/\/www.sarlux.saras.it\/it\/sinergie-e-innovazione-tecnologica\/\" \/>\n<meta property=\"og:locale\" content=\"it_IT\" \/>\n<meta property=\"og:type\" content=\"article\" \/>\n<meta property=\"og:title\" content=\"Sinergie e innovazione tecnologica - Sarlux Saras | Refining &amp; Power\" \/>\n<meta property=\"og:description\" content=\"Sarlux e le industrie del territorio della Sardegna puntano tutte insieme sull&#039;innovazione tecnologica e la robotica per competere e affermarsi nei mercati internazionali.\" \/>\n<meta property=\"og:url\" content=\"https:\/\/www.sarlux.saras.it\/it\/sinergie-e-innovazione-tecnologica\/\" \/>\n<meta property=\"og:site_name\" content=\"Sarlux Saras | Refining &amp; Power\" \/>\n<meta property=\"article:published_time\" content=\"2023-06-23T08:46:03+00:00\" \/>\n<meta property=\"article:modified_time\" content=\"2023-07-26T09:31:54+00:00\" \/>\n<meta property=\"og:image\" content=\"https:\/\/www.sarlux.saras.it\/wp-content\/uploads\/2023\/06\/Aiman-Sarlux-anteprima.jpg\" \/>\n\t<meta property=\"og:image:width\" content=\"990\" \/>\n\t<meta property=\"og:image:height\" content=\"450\" \/>\n\t<meta property=\"og:image:type\" content=\"image\/jpeg\" \/>\n<meta name=\"author\" content=\"Alberto Soi\" \/>\n<meta name=\"twitter:card\" content=\"summary_large_image\" \/>\n<meta name=\"twitter:label1\" content=\"Scritto da\" \/>\n\t<meta name=\"twitter:data1\" content=\"Alberto Soi\" \/>\n\t<meta name=\"twitter:label2\" content=\"Tempo di lettura stimato\" \/>\n\t<meta name=\"twitter:data2\" content=\"6 minuti\" \/>\n<script type=\"application\/ld+json\" class=\"yoast-schema-graph\">{\"@context\":\"https:\\\/\\\/schema.org\",\"@graph\":[{\"@type\":\"Article\",\"@id\":\"https:\\\/\\\/www.sarlux.saras.it\\\/it\\\/sinergie-e-innovazione-tecnologica\\\/#article\",\"isPartOf\":{\"@id\":\"https:\\\/\\\/www.sarlux.saras.it\\\/it\\\/sinergie-e-innovazione-tecnologica\\\/\"},\"author\":{\"name\":\"Alberto Soi\",\"@id\":\"https:\\\/\\\/www.sarlux.saras.it\\\/it\\\/#\\\/schema\\\/person\\\/f369fc2d7dbcc34d69a0975e8fe360af\"},\"headline\":\"Sinergie e innovazione tecnologica\",\"datePublished\":\"2023-06-23T08:46:03+00:00\",\"dateModified\":\"2023-07-26T09:31:54+00:00\",\"mainEntityOfPage\":{\"@id\":\"https:\\\/\\\/www.sarlux.saras.it\\\/it\\\/sinergie-e-innovazione-tecnologica\\\/\"},\"wordCount\":1344,\"publisher\":{\"@id\":\"https:\\\/\\\/www.sarlux.saras.it\\\/it\\\/#organization\"},\"image\":{\"@id\":\"https:\\\/\\\/www.sarlux.saras.it\\\/it\\\/sinergie-e-innovazione-tecnologica\\\/#primaryimage\"},\"thumbnailUrl\":\"https:\\\/\\\/www.sarlux.saras.it\\\/wp-content\\\/uploads\\\/2023\\\/06\\\/Aiman-Sarlux-anteprima.jpg\",\"keywords\":[\"formazione\",\"Gruppo Saras\",\"Innovazione\",\"investimenti\",\"Saras\",\"sardegna\",\"Sarlux\",\"Sicurezza\",\"Universit\u00e0\"],\"articleSection\":[\"home\",\"News\"],\"inLanguage\":\"it-IT\"},{\"@type\":\"WebPage\",\"@id\":\"https:\\\/\\\/www.sarlux.saras.it\\\/it\\\/sinergie-e-innovazione-tecnologica\\\/\",\"url\":\"https:\\\/\\\/www.sarlux.saras.it\\\/it\\\/sinergie-e-innovazione-tecnologica\\\/\",\"name\":\"Sinergie e innovazione tecnologica - Sarlux Saras | Refining & Power\",\"isPartOf\":{\"@id\":\"https:\\\/\\\/www.sarlux.saras.it\\\/it\\\/#website\"},\"primaryImageOfPage\":{\"@id\":\"https:\\\/\\\/www.sarlux.saras.it\\\/it\\\/sinergie-e-innovazione-tecnologica\\\/#primaryimage\"},\"image\":{\"@id\":\"https:\\\/\\\/www.sarlux.saras.it\\\/it\\\/sinergie-e-innovazione-tecnologica\\\/#primaryimage\"},\"thumbnailUrl\":\"https:\\\/\\\/www.sarlux.saras.it\\\/wp-content\\\/uploads\\\/2023\\\/06\\\/Aiman-Sarlux-anteprima.jpg\",\"datePublished\":\"2023-06-23T08:46:03+00:00\",\"dateModified\":\"2023-07-26T09:31:54+00:00\",\"description\":\"Sarlux e le industrie del territorio della Sardegna puntano tutte insieme sull'innovazione tecnologica e la robotica per competere e affermarsi nei mercati internazionali.\",\"breadcrumb\":{\"@id\":\"https:\\\/\\\/www.sarlux.saras.it\\\/it\\\/sinergie-e-innovazione-tecnologica\\\/#breadcrumb\"},\"inLanguage\":\"it-IT\",\"potentialAction\":[{\"@type\":\"ReadAction\",\"target\":[\"https:\\\/\\\/www.sarlux.saras.it\\\/it\\\/sinergie-e-innovazione-tecnologica\\\/\"]}]},{\"@type\":\"ImageObject\",\"inLanguage\":\"it-IT\",\"@id\":\"https:\\\/\\\/www.sarlux.saras.it\\\/it\\\/sinergie-e-innovazione-tecnologica\\\/#primaryimage\",\"url\":\"https:\\\/\\\/www.sarlux.saras.it\\\/wp-content\\\/uploads\\\/2023\\\/06\\\/Aiman-Sarlux-anteprima.jpg\",\"contentUrl\":\"https:\\\/\\\/www.sarlux.saras.it\\\/wp-content\\\/uploads\\\/2023\\\/06\\\/Aiman-Sarlux-anteprima.jpg\",\"width\":990,\"height\":450},{\"@type\":\"BreadcrumbList\",\"@id\":\"https:\\\/\\\/www.sarlux.saras.it\\\/it\\\/sinergie-e-innovazione-tecnologica\\\/#breadcrumb\",\"itemListElement\":[{\"@type\":\"ListItem\",\"position\":1,\"name\":\"Home\",\"item\":\"https:\\\/\\\/www.sarlux.saras.it\\\/it\\\/\"},{\"@type\":\"ListItem\",\"position\":2,\"name\":\"Sinergie e innovazione tecnologica\"}]},{\"@type\":\"WebSite\",\"@id\":\"https:\\\/\\\/www.sarlux.saras.it\\\/it\\\/#website\",\"url\":\"https:\\\/\\\/www.sarlux.saras.it\\\/it\\\/\",\"name\":\"Sarlux\",\"description\":\"\",\"publisher\":{\"@id\":\"https:\\\/\\\/www.sarlux.saras.it\\\/it\\\/#organization\"},\"potentialAction\":[{\"@type\":\"SearchAction\",\"target\":{\"@type\":\"EntryPoint\",\"urlTemplate\":\"https:\\\/\\\/www.sarlux.saras.it\\\/it\\\/?s={search_term_string}\"},\"query-input\":{\"@type\":\"PropertyValueSpecification\",\"valueRequired\":true,\"valueName\":\"search_term_string\"}}],\"inLanguage\":\"it-IT\"},{\"@type\":\"Organization\",\"@id\":\"https:\\\/\\\/www.sarlux.saras.it\\\/it\\\/#organization\",\"name\":\"Sarlux\",\"url\":\"https:\\\/\\\/www.sarlux.saras.it\\\/it\\\/\",\"logo\":{\"@type\":\"ImageObject\",\"inLanguage\":\"it-IT\",\"@id\":\"https:\\\/\\\/www.sarlux.saras.it\\\/it\\\/#\\\/schema\\\/logo\\\/image\\\/\",\"url\":\"https:\\\/\\\/www.sarlux.saras.it\\\/wp-content\\\/uploads\\\/2017\\\/12\\\/logo-pc-1.png\",\"contentUrl\":\"https:\\\/\\\/www.sarlux.saras.it\\\/wp-content\\\/uploads\\\/2017\\\/12\\\/logo-pc-1.png\",\"width\":184,\"height\":86,\"caption\":\"Sarlux\"},\"image\":{\"@id\":\"https:\\\/\\\/www.sarlux.saras.it\\\/it\\\/#\\\/schema\\\/logo\\\/image\\\/\"}},{\"@type\":\"Person\",\"@id\":\"https:\\\/\\\/www.sarlux.saras.it\\\/it\\\/#\\\/schema\\\/person\\\/f369fc2d7dbcc34d69a0975e8fe360af\",\"name\":\"Alberto Soi\",\"image\":{\"@type\":\"ImageObject\",\"inLanguage\":\"it-IT\",\"@id\":\"https:\\\/\\\/secure.gravatar.com\\\/avatar\\\/cc70035cae62a8d1e88cc2ac9d8e48bd174728dd9c5b3730ca1cbcb3eee8991b?s=96&d=mm&r=g\",\"url\":\"https:\\\/\\\/secure.gravatar.com\\\/avatar\\\/cc70035cae62a8d1e88cc2ac9d8e48bd174728dd9c5b3730ca1cbcb3eee8991b?s=96&d=mm&r=g\",\"contentUrl\":\"https:\\\/\\\/secure.gravatar.com\\\/avatar\\\/cc70035cae62a8d1e88cc2ac9d8e48bd174728dd9c5b3730ca1cbcb3eee8991b?s=96&d=mm&r=g\",\"caption\":\"Alberto Soi\"},\"url\":\"\"}]}<\/script>\n<!-- \/ Yoast SEO plugin. -->","yoast_head_json":{"title":"Sinergie e innovazione tecnologica - Sarlux Saras | Refining & Power","description":"Sarlux e le industrie del territorio della Sardegna puntano tutte insieme sull'innovazione tecnologica e la robotica per competere e affermarsi nei mercati internazionali.","robots":{"index":"index","follow":"follow","max-snippet":"max-snippet:-1","max-image-preview":"max-image-preview:large","max-video-preview":"max-video-preview:-1"},"canonical":"https:\/\/www.sarlux.saras.it\/it\/sinergie-e-innovazione-tecnologica\/","og_locale":"it_IT","og_type":"article","og_title":"Sinergie e innovazione tecnologica - Sarlux Saras | Refining & Power","og_description":"Sarlux e le industrie del territorio della Sardegna puntano tutte insieme sull'innovazione tecnologica e la robotica per competere e affermarsi nei mercati internazionali.","og_url":"https:\/\/www.sarlux.saras.it\/it\/sinergie-e-innovazione-tecnologica\/","og_site_name":"Sarlux Saras | Refining & Power","article_published_time":"2023-06-23T08:46:03+00:00","article_modified_time":"2023-07-26T09:31:54+00:00","og_image":[{"width":990,"height":450,"url":"https:\/\/www.sarlux.saras.it\/wp-content\/uploads\/2023\/06\/Aiman-Sarlux-anteprima.jpg","type":"image\/jpeg"}],"author":"Alberto Soi","twitter_card":"summary_large_image","twitter_misc":{"Scritto da":"Alberto Soi","Tempo di lettura stimato":"6 minuti"},"schema":{"@context":"https:\/\/schema.org","@graph":[{"@type":"Article","@id":"https:\/\/www.sarlux.saras.it\/it\/sinergie-e-innovazione-tecnologica\/#article","isPartOf":{"@id":"https:\/\/www.sarlux.saras.it\/it\/sinergie-e-innovazione-tecnologica\/"},"author":{"name":"Alberto Soi","@id":"https:\/\/www.sarlux.saras.it\/it\/#\/schema\/person\/f369fc2d7dbcc34d69a0975e8fe360af"},"headline":"Sinergie e innovazione tecnologica","datePublished":"2023-06-23T08:46:03+00:00","dateModified":"2023-07-26T09:31:54+00:00","mainEntityOfPage":{"@id":"https:\/\/www.sarlux.saras.it\/it\/sinergie-e-innovazione-tecnologica\/"},"wordCount":1344,"publisher":{"@id":"https:\/\/www.sarlux.saras.it\/it\/#organization"},"image":{"@id":"https:\/\/www.sarlux.saras.it\/it\/sinergie-e-innovazione-tecnologica\/#primaryimage"},"thumbnailUrl":"https:\/\/www.sarlux.saras.it\/wp-content\/uploads\/2023\/06\/Aiman-Sarlux-anteprima.jpg","keywords":["formazione","Gruppo Saras","Innovazione","investimenti","Saras","sardegna","Sarlux","Sicurezza","Universit\u00e0"],"articleSection":["home","News"],"inLanguage":"it-IT"},{"@type":"WebPage","@id":"https:\/\/www.sarlux.saras.it\/it\/sinergie-e-innovazione-tecnologica\/","url":"https:\/\/www.sarlux.saras.it\/it\/sinergie-e-innovazione-tecnologica\/","name":"Sinergie e innovazione tecnologica - Sarlux Saras | Refining & Power","isPartOf":{"@id":"https:\/\/www.sarlux.saras.it\/it\/#website"},"primaryImageOfPage":{"@id":"https:\/\/www.sarlux.saras.it\/it\/sinergie-e-innovazione-tecnologica\/#primaryimage"},"image":{"@id":"https:\/\/www.sarlux.saras.it\/it\/sinergie-e-innovazione-tecnologica\/#primaryimage"},"thumbnailUrl":"https:\/\/www.sarlux.saras.it\/wp-content\/uploads\/2023\/06\/Aiman-Sarlux-anteprima.jpg","datePublished":"2023-06-23T08:46:03+00:00","dateModified":"2023-07-26T09:31:54+00:00","description":"Sarlux e le industrie del territorio della Sardegna puntano tutte insieme sull'innovazione tecnologica e la robotica per competere e affermarsi nei mercati internazionali.","breadcrumb":{"@id":"https:\/\/www.sarlux.saras.it\/it\/sinergie-e-innovazione-tecnologica\/#breadcrumb"},"inLanguage":"it-IT","potentialAction":[{"@type":"ReadAction","target":["https:\/\/www.sarlux.saras.it\/it\/sinergie-e-innovazione-tecnologica\/"]}]},{"@type":"ImageObject","inLanguage":"it-IT","@id":"https:\/\/www.sarlux.saras.it\/it\/sinergie-e-innovazione-tecnologica\/#primaryimage","url":"https:\/\/www.sarlux.saras.it\/wp-content\/uploads\/2023\/06\/Aiman-Sarlux-anteprima.jpg","contentUrl":"https:\/\/www.sarlux.saras.it\/wp-content\/uploads\/2023\/06\/Aiman-Sarlux-anteprima.jpg","width":990,"height":450},{"@type":"BreadcrumbList","@id":"https:\/\/www.sarlux.saras.it\/it\/sinergie-e-innovazione-tecnologica\/#breadcrumb","itemListElement":[{"@type":"ListItem","position":1,"name":"Home","item":"https:\/\/www.sarlux.saras.it\/it\/"},{"@type":"ListItem","position":2,"name":"Sinergie e innovazione tecnologica"}]},{"@type":"WebSite","@id":"https:\/\/www.sarlux.saras.it\/it\/#website","url":"https:\/\/www.sarlux.saras.it\/it\/","name":"Sarlux","description":"","publisher":{"@id":"https:\/\/www.sarlux.saras.it\/it\/#organization"},"potentialAction":[{"@type":"SearchAction","target":{"@type":"EntryPoint","urlTemplate":"https:\/\/www.sarlux.saras.it\/it\/?s={search_term_string}"},"query-input":{"@type":"PropertyValueSpecification","valueRequired":true,"valueName":"search_term_string"}}],"inLanguage":"it-IT"},{"@type":"Organization","@id":"https:\/\/www.sarlux.saras.it\/it\/#organization","name":"Sarlux","url":"https:\/\/www.sarlux.saras.it\/it\/","logo":{"@type":"ImageObject","inLanguage":"it-IT","@id":"https:\/\/www.sarlux.saras.it\/it\/#\/schema\/logo\/image\/","url":"https:\/\/www.sarlux.saras.it\/wp-content\/uploads\/2017\/12\/logo-pc-1.png","contentUrl":"https:\/\/www.sarlux.saras.it\/wp-content\/uploads\/2017\/12\/logo-pc-1.png","width":184,"height":86,"caption":"Sarlux"},"image":{"@id":"https:\/\/www.sarlux.saras.it\/it\/#\/schema\/logo\/image\/"}},{"@type":"Person","@id":"https:\/\/www.sarlux.saras.it\/it\/#\/schema\/person\/f369fc2d7dbcc34d69a0975e8fe360af","name":"Alberto Soi","image":{"@type":"ImageObject","inLanguage":"it-IT","@id":"https:\/\/secure.gravatar.com\/avatar\/cc70035cae62a8d1e88cc2ac9d8e48bd174728dd9c5b3730ca1cbcb3eee8991b?s=96&d=mm&r=g","url":"https:\/\/secure.gravatar.com\/avatar\/cc70035cae62a8d1e88cc2ac9d8e48bd174728dd9c5b3730ca1cbcb3eee8991b?s=96&d=mm&r=g","contentUrl":"https:\/\/secure.gravatar.com\/avatar\/cc70035cae62a8d1e88cc2ac9d8e48bd174728dd9c5b3730ca1cbcb3eee8991b?s=96&d=mm&r=g","caption":"Alberto Soi"},"url":""}]}},"_links":{"self":[{"href":"https:\/\/www.sarlux.saras.it\/it\/wp-json\/wp\/v2\/posts\/545150","targetHints":{"allow":["GET"]}}],"collection":[{"href":"https:\/\/www.sarlux.saras.it\/it\/wp-json\/wp\/v2\/posts"}],"about":[{"href":"https:\/\/www.sarlux.saras.it\/it\/wp-json\/wp\/v2\/types\/post"}],"author":[{"embeddable":true,"href":"https:\/\/www.sarlux.saras.it\/it\/wp-json\/wp\/v2\/users\/36"}],"replies":[{"embeddable":true,"href":"https:\/\/www.sarlux.saras.it\/it\/wp-json\/wp\/v2\/comments?post=545150"}],"version-history":[{"count":18,"href":"https:\/\/www.sarlux.saras.it\/it\/wp-json\/wp\/v2\/posts\/545150\/revisions"}],"predecessor-version":[{"id":545614,"href":"https:\/\/www.sarlux.saras.it\/it\/wp-json\/wp\/v2\/posts\/545150\/revisions\/545614"}],"wp:featuredmedia":[{"embeddable":true,"href":"https:\/\/www.sarlux.saras.it\/it\/wp-json\/wp\/v2\/media\/545154"}],"wp:attachment":[{"href":"https:\/\/www.sarlux.saras.it\/it\/wp-json\/wp\/v2\/media?parent=545150"}],"wp:term":[{"taxonomy":"category","embeddable":true,"href":"https:\/\/www.sarlux.saras.it\/it\/wp-json\/wp\/v2\/categories?post=545150"},{"taxonomy":"post_tag","embeddable":true,"href":"https:\/\/www.sarlux.saras.it\/it\/wp-json\/wp\/v2\/tags?post=545150"}],"curies":[{"name":"wp","href":"https:\/\/api.w.org\/{rel}","templated":true}]}}