{"id":545822,"date":"2023-12-28T08:40:27","date_gmt":"2023-12-28T08:40:27","guid":{"rendered":"https:\/\/www.sarlux.saras.it\/?p=545822"},"modified":"2024-01-19T10:14:41","modified_gmt":"2024-01-19T10:14:41","slug":"condividere-conoscenza-un-anno-di-attivita","status":"publish","type":"post","link":"https:\/\/www.sarlux.saras.it\/it\/condividere-conoscenza-un-anno-di-attivita\/","title":{"rendered":"Condividere conoscenza: un anno di attivit\u00e0"},"content":{"rendered":"<div class=\"wpb-content-wrapper\"><p>[vc_row][vc_column][vc_column_text]<strong>Condividere le conoscenze e le competenze <\/strong>delle capacit\u00e0 professionali e manageriali\u00a0&#8211; sviluppate quotidianamente nell\u2019utilizzo di tecnologie complesse e innovative che consentono di operare in modo sostenibile &#8211; <strong>\u00e8 u<\/strong><strong>no degli impegni <\/strong>che il Gruppo Saras conferma ogni anno portando avanti molteplici <strong>progetti educational rivolti agli <\/strong><strong>studenti.<\/strong><\/p>\n<p>Dalle scuole primarie fino ad arrivare all\u2019universit\u00e0, mettiamo a disposizione progetti ed esperienza attraverso seminari, lezioni, workshop, borse di studio e visite in azienda.<\/p>\n<p>Nel 2023 abbiamo sviluppato insieme agli Istituti scolastici, all\u2019Universit\u00e0 e alle Istituzioni molteplici momenti formativi e di confronto che hanno coinvolto numerosi studenti di ogni ordine e grado.[\/vc_column_text][\/vc_column][\/vc_row][vc_row][vc_column][vc_empty_space height=&#8221;16px&#8221;][\/vc_column][\/vc_row][vc_row][vc_column width=&#8221;1\/2&#8243;][vc_column_text]A favore delle scuole<strong> Primarie e Secondarie<\/strong>, per<strong> contrastare l\u2019abbandono scolastico<\/strong>, abbiamo aggiornato con 200 libri la biblioteca scolastica dell\u2019Istituto comprensivo Sarroch e per la <strong>Secondaria di primo grado<\/strong> abbiamo donato i libri di testo a tutti gli studenti che la frequentano.<\/p>\n<p>Sempre per la Primaria di Sarroch abbiamo contribuito all\u2019organizzazione, insieme al Comune e alle associazioni territoriali, dell\u2019<strong>evento culturale FILARCHAIOS<\/strong> sull&#8217;archeologia e storia del territorio. Alla manifestazione, che si \u00e8 svolta durante il periodo estivo, hanno partecipato 80 giovani studenti.<\/p>\n<p>Le iniziative di maggior rilievo per le scuole <strong>Secondarie di secondo grado<\/strong> sono i PCTO e le visite didattiche ai siti della raffineria Sarlux, dei parchi eolici e fotovoltaici di Sardeolica.<br \/>\nAbbiamo coinvolto 10 istituti superiori e potuto dialogare con oltre 500 studenti delle classi 4 e 5 sulle pi\u00f9 attuali tematiche del mondo del lavoro.[\/vc_column_text][\/vc_column][vc_column width=&#8221;1\/2&#8243;]\n\t\t\t<!-- START conoscenza secondo grado REVOLUTION SLIDER 6.6.14 --><p class=\"rs-p-wp-fix\"><\/p>\n\t\t\t<rs-module-wrap id=\"rev_slider_115_1_wrapper\" data-source=\"gallery\" style=\"visibility:hidden;background:transparent;padding:0;margin:0px auto;margin-top:0;margin-bottom:0;\">\n\t\t\t\t<rs-module id=\"rev_slider_115_1\" style=\"\" data-version=\"6.6.14\">\n\t\t\t\t\t<rs-slides style=\"overflow: hidden; position: absolute;\">\n\t\t\t\t\t\t<rs-slide style=\"position: absolute;\" data-key=\"rs-1410\" data-title=\"Slide\" data-thumb=\"\/\/www.sarlux.saras.it\/wp-content\/uploads\/revslider\/conoscenza-secondo-grado\/didattica-Sarlux-Saras-Diffondere-conoscenza.jpg\" data-in=\"o:0;\" data-out=\"a:false;\">\n\t\t\t\t\t\t\t<img decoding=\"async\" src=\"\/\/www.sarlux.saras.it\/wp-content\/plugins\/revslider\/public\/assets\/assets\/dummy.png\" alt=\"\" title=\"didattica-Sarlux-Saras-Diffondere-conoscenza.jpg\" width=\"991\" height=\"451\" class=\"rev-slidebg tp-rs-img rs-lazyload\" data-lazyload=\"\/\/www.sarlux.saras.it\/wp-content\/uploads\/revslider\/conoscenza-secondo-grado\/didattica-Sarlux-Saras-Diffondere-conoscenza.jpg\" data-no-retina>\n<!---->\t\t\t\t\t\t<\/rs-slide>\n\t\t\t\t\t\t<rs-slide style=\"position: absolute;\" data-key=\"rs-1411\" data-title=\"Slide\" data-thumb=\"\/\/www.sarlux.saras.it\/wp-content\/uploads\/revslider\/conoscenza-secondo-grado\/02-didattica-Sarlux-Saras.jpeg\" data-in=\"o:0;\" data-out=\"a:false;\">\n\t\t\t\t\t\t\t<img decoding=\"async\" src=\"\/\/www.sarlux.saras.it\/wp-content\/plugins\/revslider\/public\/assets\/assets\/dummy.png\" alt=\"\" title=\"02-didattica-Sarlux-Saras.jpeg\" width=\"990\" height=\"450\" class=\"rev-slidebg tp-rs-img rs-lazyload\" data-lazyload=\"\/\/www.sarlux.saras.it\/wp-content\/uploads\/revslider\/conoscenza-secondo-grado\/02-didattica-Sarlux-Saras.jpeg\" data-no-retina>\n<!---->\t\t\t\t\t\t<\/rs-slide>\n\t\t\t\t\t\t<rs-slide style=\"position: absolute;\" data-key=\"rs-1412\" data-title=\"Slide\" data-thumb=\"\/\/www.sarlux.saras.it\/wp-content\/uploads\/revslider\/08-PCTO-Thiesi-Tempio-ICT-cybersecurity-Saras-Sarlux-raffineria.jpg\" data-in=\"o:0;\" data-out=\"a:false;\">\n\t\t\t\t\t\t\t<img decoding=\"async\" src=\"\/\/www.sarlux.saras.it\/wp-content\/plugins\/revslider\/public\/assets\/assets\/dummy.png\" alt=\"\" title=\"08-PCTO-Thiesi-Tempio-ICT-cybersecurity-Saras-Sarlux-raffineria.jpg\" width=\"990\" height=\"450\" class=\"rev-slidebg tp-rs-img rs-lazyload\" data-lazyload=\"\/\/www.sarlux.saras.it\/wp-content\/uploads\/revslider\/08-PCTO-Thiesi-Tempio-ICT-cybersecurity-Saras-Sarlux-raffineria.jpg\" data-no-retina>\n<!---->\t\t\t\t\t\t<\/rs-slide>\n\t\t\t\t\t\t<rs-slide style=\"position: absolute;\" data-key=\"rs-1413\" data-title=\"Slide\" data-thumb=\"\/\/www.sarlux.saras.it\/wp-content\/uploads\/revslider\/conoscenza-secondo-grado\/03A-didattica-Sarlux-Saras.jpg\" data-in=\"o:0;\" data-out=\"a:false;\">\n\t\t\t\t\t\t\t<img decoding=\"async\" src=\"\/\/www.sarlux.saras.it\/wp-content\/plugins\/revslider\/public\/assets\/assets\/dummy.png\" alt=\"\" title=\"03A-didattica-Sarlux-Saras.jpg\" width=\"990\" height=\"450\" class=\"rev-slidebg tp-rs-img rs-lazyload\" data-lazyload=\"\/\/www.sarlux.saras.it\/wp-content\/uploads\/revslider\/conoscenza-secondo-grado\/03A-didattica-Sarlux-Saras.jpg\" data-no-retina>\n<!---->\t\t\t\t\t\t<\/rs-slide>\n\t\t\t\t\t\t<rs-slide style=\"position: absolute;\" data-key=\"rs-1414\" data-title=\"Slide\" data-thumb=\"\/\/www.sarlux.saras.it\/wp-content\/uploads\/revslider\/conoscenza-secondo-grado\/04-didattica-Sarlux-Saras.jpg\" data-in=\"o:0;\" data-out=\"a:false;\">\n\t\t\t\t\t\t\t<img decoding=\"async\" src=\"\/\/www.sarlux.saras.it\/wp-content\/plugins\/revslider\/public\/assets\/assets\/dummy.png\" alt=\"\" title=\"04-didattica-Sarlux-Saras.jpg\" width=\"990\" height=\"450\" class=\"rev-slidebg tp-rs-img rs-lazyload\" data-lazyload=\"\/\/www.sarlux.saras.it\/wp-content\/uploads\/revslider\/conoscenza-secondo-grado\/04-didattica-Sarlux-Saras.jpg\" data-no-retina>\n<!---->\t\t\t\t\t\t<\/rs-slide>\n\t\t\t\t\t\t<rs-slide style=\"position: absolute;\" data-key=\"rs-1415\" data-title=\"Slide\" data-thumb=\"\/\/www.sarlux.saras.it\/wp-content\/uploads\/revslider\/conoscenza-secondo-grado\/PCTO-Giua-Sarlux-raffineria-Saras-raffineria.jpg\" data-in=\"o:0;\" data-out=\"a:false;\">\n\t\t\t\t\t\t\t<img decoding=\"async\" src=\"\/\/www.sarlux.saras.it\/wp-content\/plugins\/revslider\/public\/assets\/assets\/dummy.png\" alt=\"\" title=\"PCTO-Giua-Sarlux-raffineria-Saras-raffineria.jpg\" width=\"990\" height=\"450\" class=\"rev-slidebg tp-rs-img rs-lazyload\" data-lazyload=\"\/\/www.sarlux.saras.it\/wp-content\/uploads\/revslider\/conoscenza-secondo-grado\/PCTO-Giua-Sarlux-raffineria-Saras-raffineria.jpg\" data-no-retina>\n<!---->\t\t\t\t\t\t<\/rs-slide>\n\t\t\t\t\t\t<rs-slide style=\"position: absolute;\" data-key=\"rs-1416\" data-title=\"Slide\" data-thumb=\"\/\/www.sarlux.saras.it\/wp-content\/uploads\/revslider\/conoscenza-secondo-grado\/08-didattica-Sarlux-Saras.jpg\" data-in=\"o:0;\" data-out=\"a:false;\">\n\t\t\t\t\t\t\t<img decoding=\"async\" src=\"\/\/www.sarlux.saras.it\/wp-content\/plugins\/revslider\/public\/assets\/assets\/dummy.png\" alt=\"\" title=\"08-didattica-Sarlux-Saras.jpg\" width=\"990\" height=\"450\" class=\"rev-slidebg tp-rs-img rs-lazyload\" data-lazyload=\"\/\/www.sarlux.saras.it\/wp-content\/uploads\/revslider\/conoscenza-secondo-grado\/08-didattica-Sarlux-Saras.jpg\" data-no-retina>\n<!---->\t\t\t\t\t\t<\/rs-slide>\n\t\t\t\t\t\t<rs-slide style=\"position: absolute;\" data-key=\"rs-1417\" data-title=\"Slide\" data-thumb=\"\/\/www.sarlux.saras.it\/wp-content\/uploads\/revslider\/conoscenza-secondo-grado\/06B-didattica-Sarlux-Saras.jpg\" data-in=\"o:0;\" data-out=\"a:false;\">\n\t\t\t\t\t\t\t<img decoding=\"async\" src=\"\/\/www.sarlux.saras.it\/wp-content\/plugins\/revslider\/public\/assets\/assets\/dummy.png\" alt=\"\" title=\"06B-didattica-Sarlux-Saras.jpg\" width=\"749\" height=\"341\" class=\"rev-slidebg tp-rs-img rs-lazyload\" data-lazyload=\"\/\/www.sarlux.saras.it\/wp-content\/uploads\/revslider\/conoscenza-secondo-grado\/06B-didattica-Sarlux-Saras.jpg\" data-no-retina>\n<!---->\t\t\t\t\t\t<\/rs-slide>\n\t\t\t\t\t\t<rs-slide style=\"position: absolute;\" data-key=\"rs-1418\" data-title=\"Slide\" data-thumb=\"\/\/www.sarlux.saras.it\/wp-content\/uploads\/revslider\/conoscenza-secondo-grado\/05-didattica-Sarlux-Saras.jpg\" data-in=\"o:0;\" data-out=\"a:false;\">\n\t\t\t\t\t\t\t<img decoding=\"async\" src=\"\/\/www.sarlux.saras.it\/wp-content\/plugins\/revslider\/public\/assets\/assets\/dummy.png\" alt=\"\" title=\"05-didattica-Sarlux-Saras.jpg\" width=\"990\" height=\"450\" class=\"rev-slidebg tp-rs-img rs-lazyload\" data-lazyload=\"\/\/www.sarlux.saras.it\/wp-content\/uploads\/revslider\/conoscenza-secondo-grado\/05-didattica-Sarlux-Saras.jpg\" data-no-retina>\n<!---->\t\t\t\t\t\t<\/rs-slide>\n\t\t\t\t\t\t<rs-slide style=\"position: absolute;\" data-key=\"rs-1419\" data-title=\"Slide\" data-thumb=\"\/\/www.sarlux.saras.it\/wp-content\/uploads\/revslider\/conoscenza-secondo-grado\/07-didattica-Sarlux-Saras.jpg\" data-in=\"o:0;\" data-out=\"a:false;\">\n\t\t\t\t\t\t\t<img decoding=\"async\" src=\"\/\/www.sarlux.saras.it\/wp-content\/plugins\/revslider\/public\/assets\/assets\/dummy.png\" alt=\"\" title=\"07-didattica-Sarlux-Saras.jpg\" width=\"990\" height=\"450\" class=\"rev-slidebg tp-rs-img rs-lazyload\" data-lazyload=\"\/\/www.sarlux.saras.it\/wp-content\/uploads\/revslider\/conoscenza-secondo-grado\/07-didattica-Sarlux-Saras.jpg\" data-no-retina>\n<!---->\t\t\t\t\t\t<\/rs-slide>\n\t\t\t\t\t<\/rs-slides>\n\t\t\t\t<\/rs-module>\n\t\t\t\t<script>\n\t\t\t\t\tsetREVStartSize({c: 'rev_slider_115_1',rl:[1240,1024,778,480],el:[450],gw:[990],gh:[450],type:'standard',justify:'',layout:'fullwidth',mh:\"0\"});if (window.RS_MODULES!==undefined && window.RS_MODULES.modules!==undefined && window.RS_MODULES.modules[\"revslider1151\"]!==undefined) {window.RS_MODULES.modules[\"revslider1151\"].once = false;window.revapi115 = undefined;if (window.RS_MODULES.checkMinimal!==undefined) window.RS_MODULES.checkMinimal()}\n\t\t\t\t<\/script>\n\t\t\t<\/rs-module-wrap>\n\t\t\t<!-- END REVOLUTION SLIDER -->\n[\/vc_column][\/vc_row][vc_row][vc_column][vc_empty_space][\/vc_column][\/vc_row][vc_row bg_type=&#8221;grad&#8221; bg_grad=&#8221;background: -webkit-gradient(linear, left top, left bottom, color-stop(0%, #EDED9F), color-stop(20%, #FFFFFF), color-stop(100%, #EDED9F));background: -moz-linear-gradient(left,#EDED9F 0%,#FFFFFF 20%,#EDED9F 100%);background: -webkit-linear-gradient(left,#EDED9F 0%,#FFFFFF 20%,#EDED9F 100%);background: -o-linear-gradient(left,#EDED9F 0%,#FFFFFF 20%,#EDED9F 100%);background: -ms-linear-gradient(left,#EDED9F 0%,#FFFFFF 20%,#EDED9F 100%);background: linear-gradient(left,#EDED9F 0%,#FFFFFF 20%,#EDED9F 100%);&#8221;][vc_column width=&#8221;1\/6&#8243;][vc_column_text]<\/p>\n<h1><strong>\u2217<\/strong><\/h1>\n<p>SARAS<br \/>\nPER LE SECONDARIE<br \/>\nDI SECONDO GRADO<\/p>\n<h1><strong>\u2217<\/strong><\/h1>\n<p>[\/vc_column_text][\/vc_column][vc_column width=&#8221;5\/6&#8243;][vc_column_text]<strong>I progetti<\/strong><\/p>\n<ul>\n<li style=\"text-align: justify;\"><strong>PCTO <em>Information and Communications Technology e Cyber Security,<\/em><\/strong> della durata di 15 ore, ha coinvolto circa 50 studenti degli Istituti di Istruzione Superiore Tecnico Commerciale e Geometri Enrico Fermi di Thiesi e Don Gavino Pes di Tempio.<\/li>\n<li style=\"text-align: justify;\"><em><strong>Vettori energetici, biocarburanti, riduzione della carbon foot print<\/strong><\/em>, della durata di 5 ore, dedicato agli studenti di 10 classi dell\u2019Istituto di Istruzione Superiore Giua di Cagliari.<\/li>\n<li style=\"text-align: justify;\"><em><strong>Conoscere per innovare<\/strong><\/em> dedicato agli studenti universitari e delle scuole superiori, ha coinvolto il Dipartimento di Ingegneria Meccanica, Chimica e dei Materiali e gli Istituti di Istruzione Superiore Asproni-Fermi, Buccari-Marconi, Dionigi Scano e Michele Giua.<\/li>\n<li style=\"text-align: justify;\"><em><strong>Elettricit\u00e0,<\/strong><\/em> della durata di 16 ore in partnership con il Consorzio ESO Trasformatori, ha coinvolto circa 50 studenti di 4 classi del liceo scientifico Atzeni di Capoterra.<\/li>\n<\/ul>\n<p>[\/vc_column_text][vc_empty_space][\/vc_column][\/vc_row][vc_row][vc_column][vc_empty_space][\/vc_column][\/vc_row][vc_row][vc_column width=&#8221;1\/2&#8243;][vc_column_text]Con <strong>l\u2019Universit\u00e0<\/strong>, in un dialogo che continua da anni, e in particolar modo con il dipartimento di Ingegneria industriale abbiamo organizzato visite presso i nostri siti e corsi di approfondimento su temi specifici e relativi al corso di studi.<\/p>\n<p>L\u2019obiettivo di condividere conoscenza e valorizzare il capitale intellettuale si \u00e8 sviluppato sui temi della<strong> transizione energetica e sostenibilit\u00e0, sull\u2019efficientamento, sulla riduzione dell\u2019impronta carbonica, sui processi produttivi della raffinazione e IGCC, sull\u2019eolico e fotovoltaico, sull\u2019elettrolisi e idrogeno verde, sulla sicurezza del lavoro, sull\u2019ICT e cybersecurity.<\/strong><\/p>\n<p>Argomenti attualissimi verso i quali<strong>\u00a0tutti gli studenti si sono mostrati interessati e motivati<\/strong> ad acquisire nozioni e informazioni per integrare e ampliare le conoscenze previste dai loro piani di studi.[\/vc_column_text][\/vc_column][vc_column width=&#8221;1\/2&#8243;]\n\t\t\t<!-- START conoscenza universit\u00e0 REVOLUTION SLIDER 6.6.14 --><p class=\"rs-p-wp-fix\"><\/p>\n\t\t\t<rs-module-wrap id=\"rev_slider_116_2_wrapper\" data-source=\"gallery\" style=\"visibility:hidden;background:transparent;padding:0;margin:0px auto;margin-top:0;margin-bottom:0;\">\n\t\t\t\t<rs-module id=\"rev_slider_116_2\" style=\"\" data-version=\"6.6.14\">\n\t\t\t\t\t<rs-slides style=\"overflow: hidden; position: absolute;\">\n\t\t\t\t\t\t<rs-slide style=\"position: absolute;\" data-key=\"rs-1420\" data-title=\"Slide\" data-thumb=\"\/\/www.sarlux.saras.it\/wp-content\/uploads\/revslider\/conoscenza-universita\/11-didattica-Sarlux-Saras.jpg\" data-in=\"o:0;\" data-out=\"a:false;\">\n\t\t\t\t\t\t\t<img decoding=\"async\" src=\"\/\/www.sarlux.saras.it\/wp-content\/plugins\/revslider\/public\/assets\/assets\/dummy.png\" alt=\"\" title=\"11-didattica-Sarlux-Saras.jpg\" width=\"990\" height=\"450\" class=\"rev-slidebg tp-rs-img rs-lazyload\" data-lazyload=\"\/\/www.sarlux.saras.it\/wp-content\/uploads\/revslider\/conoscenza-universita\/11-didattica-Sarlux-Saras.jpg\" data-no-retina>\n<!---->\t\t\t\t\t\t<\/rs-slide>\n\t\t\t\t\t\t<rs-slide style=\"position: absolute;\" data-key=\"rs-1421\" data-title=\"Slide\" data-thumb=\"\/\/www.sarlux.saras.it\/wp-content\/uploads\/revslider\/conoscenza-universita\/03-didattica-Sarlux-Saras.jpg\" data-in=\"o:0;\" data-out=\"a:false;\">\n\t\t\t\t\t\t\t<img decoding=\"async\" src=\"\/\/www.sarlux.saras.it\/wp-content\/plugins\/revslider\/public\/assets\/assets\/dummy.png\" alt=\"\" title=\"03-didattica-Sarlux-Saras.jpg\" width=\"990\" height=\"450\" class=\"rev-slidebg tp-rs-img rs-lazyload\" data-lazyload=\"\/\/www.sarlux.saras.it\/wp-content\/uploads\/revslider\/conoscenza-universita\/03-didattica-Sarlux-Saras.jpg\" data-no-retina>\n<!---->\t\t\t\t\t\t<\/rs-slide>\n\t\t\t\t\t\t<rs-slide style=\"position: absolute;\" data-key=\"rs-1422\" data-title=\"Slide\" data-thumb=\"\/\/www.sarlux.saras.it\/wp-content\/uploads\/revslider\/Conoscere-per-innovare-Sarlux-Saras-06.jpg\" data-in=\"o:0;\" data-out=\"a:false;\">\n\t\t\t\t\t\t\t<img decoding=\"async\" src=\"\/\/www.sarlux.saras.it\/wp-content\/plugins\/revslider\/public\/assets\/assets\/dummy.png\" alt=\"\" title=\"Conoscere-per-innovare-Sarlux-Saras-06.jpg\" width=\"990\" height=\"450\" class=\"rev-slidebg tp-rs-img rs-lazyload\" data-lazyload=\"\/\/www.sarlux.saras.it\/wp-content\/uploads\/revslider\/Conoscere-per-innovare-Sarlux-Saras-06.jpg\" data-no-retina>\n<!---->\t\t\t\t\t\t<\/rs-slide>\n\t\t\t\t\t\t<rs-slide style=\"position: absolute;\" data-key=\"rs-1423\" data-title=\"Slide\" data-thumb=\"\/\/www.sarlux.saras.it\/wp-content\/uploads\/revslider\/conoscenza-universita\/10-didattica-Sarlux-Saras.jpg\" data-in=\"o:0;\" data-out=\"a:false;\">\n\t\t\t\t\t\t\t<img decoding=\"async\" src=\"\/\/www.sarlux.saras.it\/wp-content\/plugins\/revslider\/public\/assets\/assets\/dummy.png\" alt=\"\" title=\"10-didattica-Sarlux-Saras.jpg\" width=\"990\" height=\"450\" class=\"rev-slidebg tp-rs-img rs-lazyload\" data-lazyload=\"\/\/www.sarlux.saras.it\/wp-content\/uploads\/revslider\/conoscenza-universita\/10-didattica-Sarlux-Saras.jpg\" data-no-retina>\n<!---->\t\t\t\t\t\t<\/rs-slide>\n\t\t\t\t\t\t<rs-slide style=\"position: absolute;\" data-key=\"rs-1424\" data-title=\"Slide\" data-thumb=\"\/\/www.sarlux.saras.it\/wp-content\/uploads\/2022\/05\/Saras-Sardeolica-Buccari-Ulassai-Cagliari.jpg\" data-in=\"o:0;\" data-out=\"a:false;\">\n\t\t\t\t\t\t\t<img decoding=\"async\" src=\"\/\/www.sarlux.saras.it\/wp-content\/plugins\/revslider\/public\/assets\/assets\/dummy.png\" alt=\"\" title=\"Saras Sardeolica Buccari Ulassai Cagliari\" width=\"990\" height=\"450\" class=\"rev-slidebg tp-rs-img rs-lazyload\" data-lazyload=\"\/\/www.sarlux.saras.it\/wp-content\/uploads\/2022\/05\/Saras-Sardeolica-Buccari-Ulassai-Cagliari.jpg\" data-no-retina>\n<!---->\t\t\t\t\t\t<\/rs-slide>\n\t\t\t\t\t\t<rs-slide style=\"position: absolute;\" data-key=\"rs-1425\" data-title=\"Slide\" data-thumb=\"\/\/www.sarlux.saras.it\/wp-content\/uploads\/revslider\/conoscenza-universita\/01-didattica-Sarlux-Saras.jpg\" data-in=\"o:0;\" data-out=\"a:false;\">\n\t\t\t\t\t\t\t<img decoding=\"async\" src=\"\/\/www.sarlux.saras.it\/wp-content\/plugins\/revslider\/public\/assets\/assets\/dummy.png\" alt=\"\" title=\"01-didattica-Sarlux-Saras.jpg\" width=\"990\" height=\"450\" class=\"rev-slidebg tp-rs-img rs-lazyload\" data-lazyload=\"\/\/www.sarlux.saras.it\/wp-content\/uploads\/revslider\/conoscenza-universita\/01-didattica-Sarlux-Saras.jpg\" data-no-retina>\n<!---->\t\t\t\t\t\t<\/rs-slide>\n\t\t\t\t\t\t<rs-slide style=\"position: absolute;\" data-key=\"rs-1426\" data-title=\"Slide\" data-thumb=\"\/\/www.sarlux.saras.it\/wp-content\/uploads\/revslider\/Conoscere-per-innovare-Sarlux-Saras-12.jpg\" data-in=\"o:0;\" data-out=\"a:false;\">\n\t\t\t\t\t\t\t<img decoding=\"async\" src=\"\/\/www.sarlux.saras.it\/wp-content\/plugins\/revslider\/public\/assets\/assets\/dummy.png\" alt=\"\" title=\"Conoscere-per-innovare-Sarlux-Saras-12.jpg\" width=\"990\" height=\"450\" class=\"rev-slidebg tp-rs-img rs-lazyload\" data-lazyload=\"\/\/www.sarlux.saras.it\/wp-content\/uploads\/revslider\/Conoscere-per-innovare-Sarlux-Saras-12.jpg\" data-no-retina>\n<!---->\t\t\t\t\t\t<\/rs-slide>\n\t\t\t\t\t\t<rs-slide style=\"position: absolute;\" data-key=\"rs-1427\" data-title=\"Slide\" data-thumb=\"\/\/www.sarlux.saras.it\/wp-content\/uploads\/2022\/12\/Saras-raffineria-Sarlux-PCTO-Giua.jpg\" data-in=\"o:0;\" data-out=\"a:false;\">\n\t\t\t\t\t\t\t<img decoding=\"async\" src=\"\/\/www.sarlux.saras.it\/wp-content\/plugins\/revslider\/public\/assets\/assets\/dummy.png\" alt=\"\" title=\"Saras raffineria Sarlux PCTO Giua\" width=\"990\" height=\"450\" class=\"rev-slidebg tp-rs-img rs-lazyload\" data-lazyload=\"\/\/www.sarlux.saras.it\/wp-content\/uploads\/2022\/12\/Saras-raffineria-Sarlux-PCTO-Giua.jpg\" data-no-retina>\n<!---->\t\t\t\t\t\t<\/rs-slide>\n\t\t\t\t\t\t<rs-slide style=\"position: absolute;\" data-key=\"rs-1428\" data-title=\"Slide\" data-thumb=\"\/\/www.sarlux.saras.it\/wp-content\/uploads\/revslider\/conoscenza-universita\/09-didattica-Sarlux-Saras.jpg\" data-in=\"o:0;\" data-out=\"a:false;\">\n\t\t\t\t\t\t\t<img decoding=\"async\" src=\"\/\/www.sarlux.saras.it\/wp-content\/plugins\/revslider\/public\/assets\/assets\/dummy.png\" alt=\"\" title=\"09-didattica-Sarlux-Saras.jpg\" width=\"990\" height=\"450\" class=\"rev-slidebg tp-rs-img rs-lazyload\" data-lazyload=\"\/\/www.sarlux.saras.it\/wp-content\/uploads\/revslider\/conoscenza-universita\/09-didattica-Sarlux-Saras.jpg\" data-no-retina>\n<!---->\t\t\t\t\t\t<\/rs-slide>\n\t\t\t\t\t\t<rs-slide style=\"position: absolute;\" data-key=\"rs-1429\" data-title=\"Slide\" data-thumb=\"\/\/www.sarlux.saras.it\/wp-content\/uploads\/revslider\/Conoscere-per-innovare-Sarlux-Saras-18.jpg\" data-in=\"o:0;\" data-out=\"a:false;\">\n\t\t\t\t\t\t\t<img decoding=\"async\" src=\"\/\/www.sarlux.saras.it\/wp-content\/plugins\/revslider\/public\/assets\/assets\/dummy.png\" alt=\"\" title=\"Conoscere-per-innovare-Sarlux-Saras-18.jpg\" width=\"990\" height=\"450\" class=\"rev-slidebg tp-rs-img rs-lazyload\" data-lazyload=\"\/\/www.sarlux.saras.it\/wp-content\/uploads\/revslider\/Conoscere-per-innovare-Sarlux-Saras-18.jpg\" data-no-retina>\n<!---->\t\t\t\t\t\t<\/rs-slide>\n\t\t\t\t\t\t<rs-slide style=\"position: absolute;\" data-key=\"rs-1430\" data-title=\"Slide\" data-thumb=\"\/\/www.sarlux.saras.it\/wp-content\/uploads\/revslider\/Conoscere-per-innovare-Sarlux-Saras-14.jpg\" data-in=\"o:0;\" data-out=\"a:false;\">\n\t\t\t\t\t\t\t<img decoding=\"async\" src=\"\/\/www.sarlux.saras.it\/wp-content\/plugins\/revslider\/public\/assets\/assets\/dummy.png\" alt=\"\" title=\"Conoscere-per-innovare-Sarlux-Saras-14.jpg\" width=\"990\" height=\"450\" class=\"rev-slidebg tp-rs-img rs-lazyload\" data-lazyload=\"\/\/www.sarlux.saras.it\/wp-content\/uploads\/revslider\/Conoscere-per-innovare-Sarlux-Saras-14.jpg\" data-no-retina>\n<!---->\t\t\t\t\t\t<\/rs-slide>\n\t\t\t\t\t\t<rs-slide style=\"position: absolute;\" data-key=\"rs-1431\" data-title=\"Slide\" data-thumb=\"\/\/www.sarlux.saras.it\/wp-content\/uploads\/revslider\/conoscenza-universita\/12-didattica-Sarlux-Saras-scaled.jpg\" data-in=\"o:0;\" data-out=\"a:false;\">\n\t\t\t\t\t\t\t<img decoding=\"async\" src=\"\/\/www.sarlux.saras.it\/wp-content\/plugins\/revslider\/public\/assets\/assets\/dummy.png\" alt=\"\" title=\"12-didattica-Sarlux-Saras-scaled.jpg\" width=\"2560\" height=\"1163\" class=\"rev-slidebg tp-rs-img rs-lazyload\" data-lazyload=\"\/\/www.sarlux.saras.it\/wp-content\/uploads\/revslider\/conoscenza-universita\/12-didattica-Sarlux-Saras-scaled.jpg\" data-no-retina>\n<!---->\t\t\t\t\t\t<\/rs-slide>\n\t\t\t\t\t\t<rs-slide style=\"position: absolute;\" data-key=\"rs-1432\" data-title=\"Slide\" data-thumb=\"\/\/www.sarlux.saras.it\/wp-content\/uploads\/revslider\/conoscenza-secondo-grado\/didattica-Sarlux-Saras-Diffondere-conoscenza.jpg\" data-in=\"o:0;\" data-out=\"a:false;\">\n\t\t\t\t\t\t\t<img decoding=\"async\" src=\"\/\/www.sarlux.saras.it\/wp-content\/plugins\/revslider\/public\/assets\/assets\/dummy.png\" alt=\"\" title=\"didattica-Sarlux-Saras-Diffondere-conoscenza.jpg\" width=\"991\" height=\"451\" class=\"rev-slidebg tp-rs-img rs-lazyload\" data-lazyload=\"\/\/www.sarlux.saras.it\/wp-content\/uploads\/revslider\/conoscenza-secondo-grado\/didattica-Sarlux-Saras-Diffondere-conoscenza.jpg\" data-no-retina>\n<!---->\t\t\t\t\t\t<\/rs-slide>\n\t\t\t\t\t<\/rs-slides>\n\t\t\t\t<\/rs-module>\n\t\t\t\t<script>\n\t\t\t\t\tsetREVStartSize({c: 'rev_slider_116_2',rl:[1240,1024,778,480],el:[450],gw:[990],gh:[450],type:'standard',justify:'',layout:'fullwidth',mh:\"0\"});if (window.RS_MODULES!==undefined && window.RS_MODULES.modules!==undefined && window.RS_MODULES.modules[\"revslider1162\"]!==undefined) {window.RS_MODULES.modules[\"revslider1162\"].once = false;window.revapi116 = undefined;if (window.RS_MODULES.checkMinimal!==undefined) window.RS_MODULES.checkMinimal()}\n\t\t\t\t<\/script>\n\t\t\t<\/rs-module-wrap>\n\t\t\t<!-- END REVOLUTION SLIDER -->\n[\/vc_column][\/vc_row][vc_row][vc_column][vc_empty_space][\/vc_column][\/vc_row][vc_row bg_type=&#8221;grad&#8221; bg_grad=&#8221;background: -webkit-gradient(linear, left top, left bottom, color-stop(0%, #EDED9F), color-stop(20%, #FFFFFF), color-stop(100%, #EDED9F));background: -moz-linear-gradient(left,#EDED9F 0%,#FFFFFF 20%,#EDED9F 100%);background: -webkit-linear-gradient(left,#EDED9F 0%,#FFFFFF 20%,#EDED9F 100%);background: -o-linear-gradient(left,#EDED9F 0%,#FFFFFF 20%,#EDED9F 100%);background: -ms-linear-gradient(left,#EDED9F 0%,#FFFFFF 20%,#EDED9F 100%);background: linear-gradient(left,#EDED9F 0%,#FFFFFF 20%,#EDED9F 100%);&#8221;][vc_column width=&#8221;1\/6&#8243;][vc_column_text]<\/p>\n<h1><strong>\u2217<\/strong><\/h1>\n<p>SARAS<br \/>\nPER<br \/>\nL&#8217;UNIVERSIT\u00c0<\/p>\n<h1><strong>\u2217<\/strong><\/h1>\n<p>[\/vc_column_text][\/vc_column][vc_column width=&#8221;5\/6&#8243;][vc_column_text]<strong>Visite didattiche<\/strong><\/p>\n<ul>\n<li>Sarlux: 14 studenti del corso di Reattori tenuto dal professor Alberto Cincotti del Dipartimento di Ingegneria meccanica chimica e dei materiali.<\/li>\n<li>Sarlux: 7 docenti e 40 dottorandi in ingegneria meccanica e gestionale, provenienti da tutta Italia per il Ph.D. <strong><em>On the GO<\/em><\/strong> organizzato dall&#8217;Associazione Italiana Docenti Impianti industriali.<\/li>\n<li>Sardeolica: 15 studenti del corso Impianti di produzione dell&#8217;energia elettrica tenuto dal professor Emilio Ghiani, Dipartimento di Energia elettrica e elettronica.<\/li>\n<\/ul>\n<p><strong>Borse di studio<\/strong><br \/>\nIl Gruppo da alcuni anni eroga borse di studio per favorire la permanenza in Sardegna di giovani laureati alla triennale in Ingegneria Chimica che intendono conseguire anche la laurea magistrale all\u2019Universit\u00e0 di Cagliari.<br \/>\nIn partnership con l\u2019Associazione Italiana Di Ingegneria Chimica (AIDIC) ed Ecotec, quest\u2019anno sono state attribuite tre borse di studio agli studenti che hanno ottenuto i migliori risultati.[\/vc_column_text][vc_empty_space][\/vc_column][\/vc_row][vc_row][vc_column][vc_empty_space][\/vc_column][\/vc_row][vc_row][vc_column][vc_column_text]<\/p>\n<p style=\"text-align: center;\"><strong>Il Gruppo Saras continua il viaggio di trasformazione e innovazione tecnologica con l\u2019obiettivo di mantenere il proprio ruolo trainante nella comunit\u00e0 locale ed essere un punto di riferimento innovativo e sostenibile tra i fornitori di energia in ambito locale, nazionale e nel mercato globale.<\/strong><\/p>\n<p>[\/vc_column_text][\/vc_column][\/vc_row][vc_row][vc_column][vc_empty_space][\/vc_column][\/vc_row][vc_row][vc_column][vc_icon icon_fontawesome=&#8221;fa fa-cog&#8221; size=&#8221;sm&#8221; align=&#8221;center&#8221;][vc_empty_space height=&#8221;16px&#8221;][vc_column_text]ll Gruppo Saras, fondato da Angelo Moratti nel 1962, \u00e8 uno dei principali operatori europei nel settore dell\u2019energia e raffinazione del petrolio. Tramite la capogruppo Saras SpA e le controllate Saras Trading SA, basata a Ginevra, Saras Energia SAU, basata a Madrid, il Gruppo vende e distribuisce prodotti petroliferi sul mercato nazionale e internazionale. Il Gruppo \u00e8 inoltre attivo anche nel settore della produzione di energia elettrica attraverso le controllate Sarlux Srl (impianto IGCC) e Sardeolica Srl (parco eolico). Il Gruppo Saras conta circa 1.576 dipendenti e presenta ricavi pari a circa 15,8 miliardi di euro al 31 dicembre 2022.[\/vc_column_text][\/vc_column][\/vc_row][vc_row][vc_column][vc_empty_space][vc_icon icon_fontawesome=&#8221;fa fa-cog&#8221; size=&#8221;sm&#8221; align=&#8221;center&#8221;][\/vc_column][\/vc_row][vc_row][vc_column][vc_empty_space][vc_column_text css=&#8221;.vc_custom_1578919694927{border-bottom-width: 1px !important;padding-top: 0px !important;padding-bottom: 4px !important;border-bottom-color: #0056a6 !important;border-bottom-style: solid !important;}&#8221;]<\/p>\n<h4 style=\"text-align: left;\">Notizie correlate<\/h4>\n<p>[\/vc_column_text][vc_empty_space height=&#8221;8px&#8221;][\/vc_column][\/vc_row][vc_row][vc_column][vc_basic_grid post_type=&#8221;post&#8221; max_items=&#8221;3&#8243; item=&#8221;541661&#8243; grid_id=&#8221;vc_gid:1703752657840-347cea05-07e9-10&#8243; taxonomies=&#8221;35, 132&#8243;][\/vc_column][\/vc_row][vc_row][vc_column][vc_empty_space height=&#8221;16px&#8221;][\/vc_column][\/vc_row]<\/p>\n<\/div>","protected":false},"excerpt":{"rendered":"<p>Condividere le conoscenze e le competenze delle capacit\u00e0 professionali e manageriali \u00e8 uno degli impegni che il Gruppo Saras conferma ogni anno portando avanti molteplici progetti educational rivolti agli studenti.<\/p>\n","protected":false},"author":36,"featured_media":545792,"comment_status":"closed","ping_status":"open","sticky":false,"template":"","format":"standard","meta":{"_acf_changed":false,"inline_featured_image":false,"footnotes":""},"categories":[26,17],"tags":[62,374,489,138,471,35,135,29,32,105,53,132],"class_list":["post-545822","post","type-post","status-publish","format-standard","has-post-thumbnail","hentry","category-home-it","category-news","tag-borsa-studio","tag-cagliari","tag-capoterra","tag-cultura","tag-diritto-allo-studio","tag-educazione","tag-formazione","tag-impegno-sociale","tag-le-nostre-persone","tag-sardegna","tag-sarlux","tag-scuola"],"acf":[],"yoast_head":"<!-- This site is optimized with the Yoast SEO plugin v27.3 - https:\/\/yoast.com\/product\/yoast-seo-wordpress\/ -->\n<title>Condividere conoscenza: un anno di attivit\u00e0 - Sarlux Saras | Refining &amp; Power<\/title>\n<meta name=\"description\" content=\"Condividere le conoscenze e le competenze delle capacit\u00e0 professionali e manageriali \u00e8 uno degli impegni che il Gruppo Saras conferma ogni anno portando avanti molteplici progetti educational rivolti agli studenti.\" \/>\n<meta name=\"robots\" content=\"index, follow, max-snippet:-1, max-image-preview:large, max-video-preview:-1\" \/>\n<link rel=\"canonical\" href=\"https:\/\/www.sarlux.saras.it\/it\/condividere-conoscenza-un-anno-di-attivita\/\" \/>\n<meta property=\"og:locale\" content=\"it_IT\" \/>\n<meta property=\"og:type\" content=\"article\" \/>\n<meta property=\"og:title\" content=\"Condividere conoscenza: un anno di attivit\u00e0 - Sarlux Saras | Refining &amp; Power\" \/>\n<meta property=\"og:description\" content=\"Condividere le conoscenze e le competenze delle capacit\u00e0 professionali e manageriali \u00e8 uno degli impegni che il Gruppo Saras conferma ogni anno portando avanti molteplici progetti educational rivolti agli studenti.\" \/>\n<meta property=\"og:url\" content=\"https:\/\/www.sarlux.saras.it\/it\/condividere-conoscenza-un-anno-di-attivita\/\" \/>\n<meta property=\"og:site_name\" content=\"Sarlux Saras | Refining &amp; Power\" \/>\n<meta property=\"article:published_time\" content=\"2023-12-28T08:40:27+00:00\" \/>\n<meta property=\"article:modified_time\" content=\"2024-01-19T10:14:41+00:00\" \/>\n<meta property=\"og:image\" content=\"https:\/\/www.sarlux.saras.it\/wp-content\/uploads\/revslider\/conoscenza-secondo-grado\/didattica-Sarlux-Saras-Diffondere-conoscenza.jpg\" \/>\n\t<meta property=\"og:image:width\" content=\"991\" \/>\n\t<meta property=\"og:image:height\" content=\"451\" \/>\n\t<meta property=\"og:image:type\" content=\"image\/jpeg\" \/>\n<meta name=\"author\" content=\"Alberto Soi\" \/>\n<meta name=\"twitter:card\" content=\"summary_large_image\" \/>\n<meta name=\"twitter:image\" content=\"https:\/\/www.sarlux.saras.it\/wp-content\/uploads\/revslider\/conoscenza-secondo-grado\/didattica-Sarlux-Saras-Diffondere-conoscenza.jpg\" \/>\n<meta name=\"twitter:label1\" content=\"Scritto da\" \/>\n\t<meta name=\"twitter:data1\" content=\"Alberto Soi\" \/>\n\t<meta name=\"twitter:label2\" content=\"Tempo di lettura stimato\" \/>\n\t<meta name=\"twitter:data2\" content=\"5 minuti\" \/>\n<script type=\"application\/ld+json\" class=\"yoast-schema-graph\">{\"@context\":\"https:\\\/\\\/schema.org\",\"@graph\":[{\"@type\":\"Article\",\"@id\":\"https:\\\/\\\/www.sarlux.saras.it\\\/it\\\/condividere-conoscenza-un-anno-di-attivita\\\/#article\",\"isPartOf\":{\"@id\":\"https:\\\/\\\/www.sarlux.saras.it\\\/it\\\/condividere-conoscenza-un-anno-di-attivita\\\/\"},\"author\":{\"name\":\"Alberto Soi\",\"@id\":\"https:\\\/\\\/www.sarlux.saras.it\\\/it\\\/#\\\/schema\\\/person\\\/f369fc2d7dbcc34d69a0975e8fe360af\"},\"headline\":\"Condividere conoscenza: un anno di attivit\u00e0\",\"datePublished\":\"2023-12-28T08:40:27+00:00\",\"dateModified\":\"2024-01-19T10:14:41+00:00\",\"mainEntityOfPage\":{\"@id\":\"https:\\\/\\\/www.sarlux.saras.it\\\/it\\\/condividere-conoscenza-un-anno-di-attivita\\\/\"},\"wordCount\":1227,\"publisher\":{\"@id\":\"https:\\\/\\\/www.sarlux.saras.it\\\/it\\\/#organization\"},\"image\":{\"@id\":\"https:\\\/\\\/www.sarlux.saras.it\\\/it\\\/condividere-conoscenza-un-anno-di-attivita\\\/#primaryimage\"},\"thumbnailUrl\":\"https:\\\/\\\/www.sarlux.saras.it\\\/wp-content\\\/uploads\\\/revslider\\\/conoscenza-secondo-grado\\\/didattica-Sarlux-Saras-Diffondere-conoscenza.jpg\",\"keywords\":[\"Borsa studio\",\"Cagliari\",\"Capoterra\",\"cultura\",\"diritto allo studio\",\"Educazione\",\"formazione\",\"Impegno sociale\",\"Le nostre persone\",\"sardegna\",\"Sarlux\",\"scuola\"],\"articleSection\":[\"home\",\"News\"],\"inLanguage\":\"it-IT\"},{\"@type\":\"WebPage\",\"@id\":\"https:\\\/\\\/www.sarlux.saras.it\\\/it\\\/condividere-conoscenza-un-anno-di-attivita\\\/\",\"url\":\"https:\\\/\\\/www.sarlux.saras.it\\\/it\\\/condividere-conoscenza-un-anno-di-attivita\\\/\",\"name\":\"Condividere conoscenza: un anno di attivit\u00e0 - Sarlux Saras | Refining & Power\",\"isPartOf\":{\"@id\":\"https:\\\/\\\/www.sarlux.saras.it\\\/it\\\/#website\"},\"primaryImageOfPage\":{\"@id\":\"https:\\\/\\\/www.sarlux.saras.it\\\/it\\\/condividere-conoscenza-un-anno-di-attivita\\\/#primaryimage\"},\"image\":{\"@id\":\"https:\\\/\\\/www.sarlux.saras.it\\\/it\\\/condividere-conoscenza-un-anno-di-attivita\\\/#primaryimage\"},\"thumbnailUrl\":\"https:\\\/\\\/www.sarlux.saras.it\\\/wp-content\\\/uploads\\\/revslider\\\/conoscenza-secondo-grado\\\/didattica-Sarlux-Saras-Diffondere-conoscenza.jpg\",\"datePublished\":\"2023-12-28T08:40:27+00:00\",\"dateModified\":\"2024-01-19T10:14:41+00:00\",\"description\":\"Condividere le conoscenze e le competenze delle capacit\u00e0 professionali e manageriali \u00e8 uno degli impegni che il Gruppo Saras conferma ogni anno portando avanti molteplici progetti educational rivolti agli studenti.\",\"breadcrumb\":{\"@id\":\"https:\\\/\\\/www.sarlux.saras.it\\\/it\\\/condividere-conoscenza-un-anno-di-attivita\\\/#breadcrumb\"},\"inLanguage\":\"it-IT\",\"potentialAction\":[{\"@type\":\"ReadAction\",\"target\":[\"https:\\\/\\\/www.sarlux.saras.it\\\/it\\\/condividere-conoscenza-un-anno-di-attivita\\\/\"]}]},{\"@type\":\"ImageObject\",\"inLanguage\":\"it-IT\",\"@id\":\"https:\\\/\\\/www.sarlux.saras.it\\\/it\\\/condividere-conoscenza-un-anno-di-attivita\\\/#primaryimage\",\"url\":\"https:\\\/\\\/www.sarlux.saras.it\\\/wp-content\\\/uploads\\\/revslider\\\/conoscenza-secondo-grado\\\/didattica-Sarlux-Saras-Diffondere-conoscenza.jpg\",\"contentUrl\":\"https:\\\/\\\/www.sarlux.saras.it\\\/wp-content\\\/uploads\\\/revslider\\\/conoscenza-secondo-grado\\\/didattica-Sarlux-Saras-Diffondere-conoscenza.jpg\",\"width\":991,\"height\":451},{\"@type\":\"BreadcrumbList\",\"@id\":\"https:\\\/\\\/www.sarlux.saras.it\\\/it\\\/condividere-conoscenza-un-anno-di-attivita\\\/#breadcrumb\",\"itemListElement\":[{\"@type\":\"ListItem\",\"position\":1,\"name\":\"Home\",\"item\":\"https:\\\/\\\/www.sarlux.saras.it\\\/it\\\/\"},{\"@type\":\"ListItem\",\"position\":2,\"name\":\"Condividere conoscenza: un anno di attivit\u00e0\"}]},{\"@type\":\"WebSite\",\"@id\":\"https:\\\/\\\/www.sarlux.saras.it\\\/it\\\/#website\",\"url\":\"https:\\\/\\\/www.sarlux.saras.it\\\/it\\\/\",\"name\":\"Sarlux\",\"description\":\"\",\"publisher\":{\"@id\":\"https:\\\/\\\/www.sarlux.saras.it\\\/it\\\/#organization\"},\"potentialAction\":[{\"@type\":\"SearchAction\",\"target\":{\"@type\":\"EntryPoint\",\"urlTemplate\":\"https:\\\/\\\/www.sarlux.saras.it\\\/it\\\/?s={search_term_string}\"},\"query-input\":{\"@type\":\"PropertyValueSpecification\",\"valueRequired\":true,\"valueName\":\"search_term_string\"}}],\"inLanguage\":\"it-IT\"},{\"@type\":\"Organization\",\"@id\":\"https:\\\/\\\/www.sarlux.saras.it\\\/it\\\/#organization\",\"name\":\"Sarlux\",\"url\":\"https:\\\/\\\/www.sarlux.saras.it\\\/it\\\/\",\"logo\":{\"@type\":\"ImageObject\",\"inLanguage\":\"it-IT\",\"@id\":\"https:\\\/\\\/www.sarlux.saras.it\\\/it\\\/#\\\/schema\\\/logo\\\/image\\\/\",\"url\":\"https:\\\/\\\/www.sarlux.saras.it\\\/wp-content\\\/uploads\\\/2017\\\/12\\\/logo-pc-1.png\",\"contentUrl\":\"https:\\\/\\\/www.sarlux.saras.it\\\/wp-content\\\/uploads\\\/2017\\\/12\\\/logo-pc-1.png\",\"width\":184,\"height\":86,\"caption\":\"Sarlux\"},\"image\":{\"@id\":\"https:\\\/\\\/www.sarlux.saras.it\\\/it\\\/#\\\/schema\\\/logo\\\/image\\\/\"}},{\"@type\":\"Person\",\"@id\":\"https:\\\/\\\/www.sarlux.saras.it\\\/it\\\/#\\\/schema\\\/person\\\/f369fc2d7dbcc34d69a0975e8fe360af\",\"name\":\"Alberto Soi\",\"image\":{\"@type\":\"ImageObject\",\"inLanguage\":\"it-IT\",\"@id\":\"https:\\\/\\\/secure.gravatar.com\\\/avatar\\\/cc70035cae62a8d1e88cc2ac9d8e48bd174728dd9c5b3730ca1cbcb3eee8991b?s=96&d=mm&r=g\",\"url\":\"https:\\\/\\\/secure.gravatar.com\\\/avatar\\\/cc70035cae62a8d1e88cc2ac9d8e48bd174728dd9c5b3730ca1cbcb3eee8991b?s=96&d=mm&r=g\",\"contentUrl\":\"https:\\\/\\\/secure.gravatar.com\\\/avatar\\\/cc70035cae62a8d1e88cc2ac9d8e48bd174728dd9c5b3730ca1cbcb3eee8991b?s=96&d=mm&r=g\",\"caption\":\"Alberto Soi\"},\"url\":\"\"}]}<\/script>\n<!-- \/ Yoast SEO plugin. -->","yoast_head_json":{"title":"Condividere conoscenza: un anno di attivit\u00e0 - Sarlux Saras | Refining & Power","description":"Condividere le conoscenze e le competenze delle capacit\u00e0 professionali e manageriali \u00e8 uno degli impegni che il Gruppo Saras conferma ogni anno portando avanti molteplici progetti educational rivolti agli studenti.","robots":{"index":"index","follow":"follow","max-snippet":"max-snippet:-1","max-image-preview":"max-image-preview:large","max-video-preview":"max-video-preview:-1"},"canonical":"https:\/\/www.sarlux.saras.it\/it\/condividere-conoscenza-un-anno-di-attivita\/","og_locale":"it_IT","og_type":"article","og_title":"Condividere conoscenza: un anno di attivit\u00e0 - Sarlux Saras | Refining & Power","og_description":"Condividere le conoscenze e le competenze delle capacit\u00e0 professionali e manageriali \u00e8 uno degli impegni che il Gruppo Saras conferma ogni anno portando avanti molteplici progetti educational rivolti agli studenti.","og_url":"https:\/\/www.sarlux.saras.it\/it\/condividere-conoscenza-un-anno-di-attivita\/","og_site_name":"Sarlux Saras | Refining & Power","article_published_time":"2023-12-28T08:40:27+00:00","article_modified_time":"2024-01-19T10:14:41+00:00","og_image":[{"width":991,"height":451,"url":"https:\/\/www.sarlux.saras.it\/wp-content\/uploads\/revslider\/conoscenza-secondo-grado\/didattica-Sarlux-Saras-Diffondere-conoscenza.jpg","type":"image\/jpeg"}],"author":"Alberto Soi","twitter_card":"summary_large_image","twitter_image":"https:\/\/www.sarlux.saras.it\/wp-content\/uploads\/revslider\/conoscenza-secondo-grado\/didattica-Sarlux-Saras-Diffondere-conoscenza.jpg","twitter_misc":{"Scritto da":"Alberto Soi","Tempo di lettura stimato":"5 minuti"},"schema":{"@context":"https:\/\/schema.org","@graph":[{"@type":"Article","@id":"https:\/\/www.sarlux.saras.it\/it\/condividere-conoscenza-un-anno-di-attivita\/#article","isPartOf":{"@id":"https:\/\/www.sarlux.saras.it\/it\/condividere-conoscenza-un-anno-di-attivita\/"},"author":{"name":"Alberto Soi","@id":"https:\/\/www.sarlux.saras.it\/it\/#\/schema\/person\/f369fc2d7dbcc34d69a0975e8fe360af"},"headline":"Condividere conoscenza: un anno di attivit\u00e0","datePublished":"2023-12-28T08:40:27+00:00","dateModified":"2024-01-19T10:14:41+00:00","mainEntityOfPage":{"@id":"https:\/\/www.sarlux.saras.it\/it\/condividere-conoscenza-un-anno-di-attivita\/"},"wordCount":1227,"publisher":{"@id":"https:\/\/www.sarlux.saras.it\/it\/#organization"},"image":{"@id":"https:\/\/www.sarlux.saras.it\/it\/condividere-conoscenza-un-anno-di-attivita\/#primaryimage"},"thumbnailUrl":"https:\/\/www.sarlux.saras.it\/wp-content\/uploads\/revslider\/conoscenza-secondo-grado\/didattica-Sarlux-Saras-Diffondere-conoscenza.jpg","keywords":["Borsa studio","Cagliari","Capoterra","cultura","diritto allo studio","Educazione","formazione","Impegno sociale","Le nostre persone","sardegna","Sarlux","scuola"],"articleSection":["home","News"],"inLanguage":"it-IT"},{"@type":"WebPage","@id":"https:\/\/www.sarlux.saras.it\/it\/condividere-conoscenza-un-anno-di-attivita\/","url":"https:\/\/www.sarlux.saras.it\/it\/condividere-conoscenza-un-anno-di-attivita\/","name":"Condividere conoscenza: un anno di attivit\u00e0 - Sarlux Saras | Refining & Power","isPartOf":{"@id":"https:\/\/www.sarlux.saras.it\/it\/#website"},"primaryImageOfPage":{"@id":"https:\/\/www.sarlux.saras.it\/it\/condividere-conoscenza-un-anno-di-attivita\/#primaryimage"},"image":{"@id":"https:\/\/www.sarlux.saras.it\/it\/condividere-conoscenza-un-anno-di-attivita\/#primaryimage"},"thumbnailUrl":"https:\/\/www.sarlux.saras.it\/wp-content\/uploads\/revslider\/conoscenza-secondo-grado\/didattica-Sarlux-Saras-Diffondere-conoscenza.jpg","datePublished":"2023-12-28T08:40:27+00:00","dateModified":"2024-01-19T10:14:41+00:00","description":"Condividere le conoscenze e le competenze delle capacit\u00e0 professionali e manageriali \u00e8 uno degli impegni che il Gruppo Saras conferma ogni anno portando avanti molteplici progetti educational rivolti agli studenti.","breadcrumb":{"@id":"https:\/\/www.sarlux.saras.it\/it\/condividere-conoscenza-un-anno-di-attivita\/#breadcrumb"},"inLanguage":"it-IT","potentialAction":[{"@type":"ReadAction","target":["https:\/\/www.sarlux.saras.it\/it\/condividere-conoscenza-un-anno-di-attivita\/"]}]},{"@type":"ImageObject","inLanguage":"it-IT","@id":"https:\/\/www.sarlux.saras.it\/it\/condividere-conoscenza-un-anno-di-attivita\/#primaryimage","url":"https:\/\/www.sarlux.saras.it\/wp-content\/uploads\/revslider\/conoscenza-secondo-grado\/didattica-Sarlux-Saras-Diffondere-conoscenza.jpg","contentUrl":"https:\/\/www.sarlux.saras.it\/wp-content\/uploads\/revslider\/conoscenza-secondo-grado\/didattica-Sarlux-Saras-Diffondere-conoscenza.jpg","width":991,"height":451},{"@type":"BreadcrumbList","@id":"https:\/\/www.sarlux.saras.it\/it\/condividere-conoscenza-un-anno-di-attivita\/#breadcrumb","itemListElement":[{"@type":"ListItem","position":1,"name":"Home","item":"https:\/\/www.sarlux.saras.it\/it\/"},{"@type":"ListItem","position":2,"name":"Condividere conoscenza: un anno di attivit\u00e0"}]},{"@type":"WebSite","@id":"https:\/\/www.sarlux.saras.it\/it\/#website","url":"https:\/\/www.sarlux.saras.it\/it\/","name":"Sarlux","description":"","publisher":{"@id":"https:\/\/www.sarlux.saras.it\/it\/#organization"},"potentialAction":[{"@type":"SearchAction","target":{"@type":"EntryPoint","urlTemplate":"https:\/\/www.sarlux.saras.it\/it\/?s={search_term_string}"},"query-input":{"@type":"PropertyValueSpecification","valueRequired":true,"valueName":"search_term_string"}}],"inLanguage":"it-IT"},{"@type":"Organization","@id":"https:\/\/www.sarlux.saras.it\/it\/#organization","name":"Sarlux","url":"https:\/\/www.sarlux.saras.it\/it\/","logo":{"@type":"ImageObject","inLanguage":"it-IT","@id":"https:\/\/www.sarlux.saras.it\/it\/#\/schema\/logo\/image\/","url":"https:\/\/www.sarlux.saras.it\/wp-content\/uploads\/2017\/12\/logo-pc-1.png","contentUrl":"https:\/\/www.sarlux.saras.it\/wp-content\/uploads\/2017\/12\/logo-pc-1.png","width":184,"height":86,"caption":"Sarlux"},"image":{"@id":"https:\/\/www.sarlux.saras.it\/it\/#\/schema\/logo\/image\/"}},{"@type":"Person","@id":"https:\/\/www.sarlux.saras.it\/it\/#\/schema\/person\/f369fc2d7dbcc34d69a0975e8fe360af","name":"Alberto Soi","image":{"@type":"ImageObject","inLanguage":"it-IT","@id":"https:\/\/secure.gravatar.com\/avatar\/cc70035cae62a8d1e88cc2ac9d8e48bd174728dd9c5b3730ca1cbcb3eee8991b?s=96&d=mm&r=g","url":"https:\/\/secure.gravatar.com\/avatar\/cc70035cae62a8d1e88cc2ac9d8e48bd174728dd9c5b3730ca1cbcb3eee8991b?s=96&d=mm&r=g","contentUrl":"https:\/\/secure.gravatar.com\/avatar\/cc70035cae62a8d1e88cc2ac9d8e48bd174728dd9c5b3730ca1cbcb3eee8991b?s=96&d=mm&r=g","caption":"Alberto Soi"},"url":""}]}},"_links":{"self":[{"href":"https:\/\/www.sarlux.saras.it\/it\/wp-json\/wp\/v2\/posts\/545822","targetHints":{"allow":["GET"]}}],"collection":[{"href":"https:\/\/www.sarlux.saras.it\/it\/wp-json\/wp\/v2\/posts"}],"about":[{"href":"https:\/\/www.sarlux.saras.it\/it\/wp-json\/wp\/v2\/types\/post"}],"author":[{"embeddable":true,"href":"https:\/\/www.sarlux.saras.it\/it\/wp-json\/wp\/v2\/users\/36"}],"replies":[{"embeddable":true,"href":"https:\/\/www.sarlux.saras.it\/it\/wp-json\/wp\/v2\/comments?post=545822"}],"version-history":[{"count":7,"href":"https:\/\/www.sarlux.saras.it\/it\/wp-json\/wp\/v2\/posts\/545822\/revisions"}],"predecessor-version":[{"id":545859,"href":"https:\/\/www.sarlux.saras.it\/it\/wp-json\/wp\/v2\/posts\/545822\/revisions\/545859"}],"wp:featuredmedia":[{"embeddable":true,"href":"https:\/\/www.sarlux.saras.it\/it\/wp-json\/wp\/v2\/media\/545792"}],"wp:attachment":[{"href":"https:\/\/www.sarlux.saras.it\/it\/wp-json\/wp\/v2\/media?parent=545822"}],"wp:term":[{"taxonomy":"category","embeddable":true,"href":"https:\/\/www.sarlux.saras.it\/it\/wp-json\/wp\/v2\/categories?post=545822"},{"taxonomy":"post_tag","embeddable":true,"href":"https:\/\/www.sarlux.saras.it\/it\/wp-json\/wp\/v2\/tags?post=545822"}],"curies":[{"name":"wp","href":"https:\/\/api.w.org\/{rel}","templated":true}]}}