{"id":546099,"date":"2024-06-10T08:49:50","date_gmt":"2024-06-10T08:49:50","guid":{"rendered":"https:\/\/www.sarlux.saras.it\/?p=546099"},"modified":"2024-09-04T09:55:08","modified_gmt":"2024-09-04T09:55:08","slug":"sport-a-scuola","status":"publish","type":"post","link":"https:\/\/www.sarlux.saras.it\/it\/sport-a-scuola\/","title":{"rendered":"Sport a scuola"},"content":{"rendered":"<div class=\"wpb-content-wrapper\"><p>[vc_row][vc_column][vc_column_text]Sempre in campo per promuovere la cultura dello sport.<br \/>\nLealt\u00e0, rispetto, accoglienza, sicurezza sono valori che il Gruppo Saras condivide con il mondo dello sport e ne sostiene i valori educativi attraverso numerose sponsorizzazioni ad associazioni sportive sia dilettantistiche che professionistiche e iniziative culturali collegate.[\/vc_column_text][\/vc_column][\/vc_row][vc_row][vc_column][vc_column_text]I giorni scorsi si \u00e8 concluso il progetto <strong>Sport a scuola 2024<\/strong>, organizzato dall\u2019Amministrazione comunale di Sarroch in collaborazione con le associazioni sportive e sociali del territorio, l\u2019Istituto Comprensivo di Sarroch e Saras.[\/vc_column_text][vc_empty_space height=&#8221;16px&#8221;][\/vc_column][\/vc_row][vc_row][vc_column width=&#8221;1\/2&#8243;][vc_column_text]Obiettivo comune offrire la possibilit\u00e0 di acquisire nuove competenze motorie, sperimentare diverse discipline sportive e <strong>stimolare cos\u00ec la crescita sportiva e culturale dei giovani, favorendo l\u2019inclusione attraverso lo sport<\/strong>.<\/p>\n<p>Durante l\u2019evento allo Stadio Tiddia di Sarroch, circa 250 ragazze e ragazzi della Scuola Secondaria di 1\u00b0 grado e della Scuola Primaria dell\u2019Istituto Comprensivo, hanno avuto modo di cimentarsi in vari sport proposti dalle associazioni: dal calcio alla bici, dal tennis alla box, dalla pallavolo alle lezioni a terra di canoa e vela.[\/vc_column_text][vc_column_text]Alla manifestazione hanno aderito otto <strong>associazioni sportive <\/strong>rappresentanti di diverse discipline: per il calcio l\u2019ASD Giovent\u00f9 Sarroch, per il ciclismo l\u2019ASD Veloclub Sarroch, per il pugilato l\u2019Accademia Pugilistica Sarroch e la Santa Vittoria Boxe, per la pallavolo la Sarroch Polisportiva Volley 2005, per il tennis il Tennis Club Sarroch, per sport marini la SKS Scuola Kayak Sarroch, infine il Circolo Bocciofilo Sarroch ha dato il suo contributo per far conoscere l\u2019antico gioco delle bocce.<\/p>\n<p>Inoltre, hanno dato un importante contributo operativo: la A.Vo.S Sarroch con il presidio sanitario e la Diapason Music School per gli impianti audio e la musica di intrattenimento.[\/vc_column_text][\/vc_column][vc_column width=&#8221;1\/2&#8243;]\n\t\t\t<!-- START Sport a scuola Sarroch REVOLUTION SLIDER 6.6.14 --><p class=\"rs-p-wp-fix\"><\/p>\n\t\t\t<rs-module-wrap id=\"rev_slider_119_1_wrapper\" data-source=\"gallery\" style=\"visibility:hidden;background:transparent;padding:0;margin:0px auto;margin-top:0;margin-bottom:0;\">\n\t\t\t\t<rs-module id=\"rev_slider_119_1\" style=\"\" data-version=\"6.6.14\">\n\t\t\t\t\t<rs-slides style=\"overflow: hidden; position: absolute;\">\n\t\t\t\t\t\t<rs-slide style=\"position: absolute;\" data-key=\"rs-1457\" data-title=\"Slide\" data-thumb=\"\/\/www.sarlux.saras.it\/wp-content\/uploads\/revslider\/sport-a-scuola-sarroch\/sport-a-scuola-Saras-Sarlux-Sarroch-Cagliari-calcio-La-Padula.jpg\" data-in=\"o:0;\" data-out=\"a:false;\">\n\t\t\t\t\t\t\t<img decoding=\"async\" src=\"\/\/www.sarlux.saras.it\/wp-content\/plugins\/revslider\/public\/assets\/assets\/dummy.png\" alt=\"\" title=\"sport-a-scuola-Saras-Sarlux-Sarroch-Cagliari-calcio-La-Padula.jpg\" width=\"1200\" height=\"800\" class=\"rev-slidebg tp-rs-img rs-lazyload\" data-lazyload=\"\/\/www.sarlux.saras.it\/wp-content\/uploads\/revslider\/sport-a-scuola-sarroch\/sport-a-scuola-Saras-Sarlux-Sarroch-Cagliari-calcio-La-Padula.jpg\" data-no-retina>\n<!---->\t\t\t\t\t\t<\/rs-slide>\n\t\t\t\t\t\t<rs-slide style=\"position: absolute;\" data-key=\"rs-1458\" data-title=\"Slide\" data-thumb=\"\/\/www.sarlux.saras.it\/wp-content\/uploads\/revslider\/sport-a-scuola-sarroch\/sport-a-scuola-Saras-Sarlux-Sarroch-Volley.jpg\" data-in=\"o:0;\" data-out=\"a:false;\">\n\t\t\t\t\t\t\t<img decoding=\"async\" src=\"\/\/www.sarlux.saras.it\/wp-content\/plugins\/revslider\/public\/assets\/assets\/dummy.png\" alt=\"\" title=\"sport-a-scuola-Saras-Sarlux-Sarroch-Volley.jpg\" width=\"1200\" height=\"800\" class=\"rev-slidebg tp-rs-img rs-lazyload\" data-lazyload=\"\/\/www.sarlux.saras.it\/wp-content\/uploads\/revslider\/sport-a-scuola-sarroch\/sport-a-scuola-Saras-Sarlux-Sarroch-Volley.jpg\" data-no-retina>\n<!---->\t\t\t\t\t\t<\/rs-slide>\n\t\t\t\t\t\t<rs-slide style=\"position: absolute;\" data-key=\"rs-1459\" data-title=\"Slide\" data-thumb=\"\/\/www.sarlux.saras.it\/wp-content\/uploads\/revslider\/sport-a-scuola-sarroch\/sport-a-scuola-Saras-Sarlux-Sarroch-ciclismo.jpg\" data-in=\"o:0;\" data-out=\"a:false;\">\n\t\t\t\t\t\t\t<img decoding=\"async\" src=\"\/\/www.sarlux.saras.it\/wp-content\/plugins\/revslider\/public\/assets\/assets\/dummy.png\" alt=\"\" title=\"sport-a-scuola-Saras-Sarlux-Sarroch-ciclismo.jpg\" width=\"1200\" height=\"800\" class=\"rev-slidebg tp-rs-img rs-lazyload\" data-lazyload=\"\/\/www.sarlux.saras.it\/wp-content\/uploads\/revslider\/sport-a-scuola-sarroch\/sport-a-scuola-Saras-Sarlux-Sarroch-ciclismo.jpg\" data-no-retina>\n<!---->\t\t\t\t\t\t<\/rs-slide>\n\t\t\t\t\t\t<rs-slide style=\"position: absolute;\" data-key=\"rs-1460\" data-title=\"Slide\" data-thumb=\"\/\/www.sarlux.saras.it\/wp-content\/uploads\/revslider\/sport-a-scuola-sarroch\/sport-a-scuola-Saras-Sarlux-Sarroch-boxe.jpg\" data-in=\"o:0;\" data-out=\"a:false;\">\n\t\t\t\t\t\t\t<img decoding=\"async\" src=\"\/\/www.sarlux.saras.it\/wp-content\/plugins\/revslider\/public\/assets\/assets\/dummy.png\" alt=\"\" title=\"sport-a-scuola-Saras-Sarlux-Sarroch-boxe.jpg\" width=\"1200\" height=\"800\" class=\"rev-slidebg tp-rs-img rs-lazyload\" data-lazyload=\"\/\/www.sarlux.saras.it\/wp-content\/uploads\/revslider\/sport-a-scuola-sarroch\/sport-a-scuola-Saras-Sarlux-Sarroch-boxe.jpg\" data-no-retina>\n<!---->\t\t\t\t\t\t<\/rs-slide>\n\t\t\t\t\t\t<rs-slide style=\"position: absolute;\" data-key=\"rs-1461\" data-title=\"Slide\" data-thumb=\"\/\/www.sarlux.saras.it\/wp-content\/uploads\/revslider\/sport-a-scuola-sarroch\/sport-a-scuola-Saras-Sarlux-Sarroch-Istituto-Comprensivo.jpg\" data-in=\"o:0;\" data-out=\"a:false;\">\n\t\t\t\t\t\t\t<img decoding=\"async\" src=\"\/\/www.sarlux.saras.it\/wp-content\/plugins\/revslider\/public\/assets\/assets\/dummy.png\" alt=\"\" title=\"sport-a-scuola-Saras-Sarlux-Sarroch-Istituto-Comprensivo.jpg\" width=\"1200\" height=\"800\" class=\"rev-slidebg tp-rs-img rs-lazyload\" data-lazyload=\"\/\/www.sarlux.saras.it\/wp-content\/uploads\/revslider\/sport-a-scuola-sarroch\/sport-a-scuola-Saras-Sarlux-Sarroch-Istituto-Comprensivo.jpg\" data-no-retina>\n<!---->\t\t\t\t\t\t<\/rs-slide>\n\t\t\t\t\t<\/rs-slides>\n\t\t\t\t<\/rs-module>\n\t\t\t\t<script>\n\t\t\t\t\tsetREVStartSize({c: 'rev_slider_119_1',rl:[1240,1024,778,480],el:[800],gw:[1200],gh:[800],type:'standard',justify:'',layout:'fullwidth',mh:\"0\"});if (window.RS_MODULES!==undefined && window.RS_MODULES.modules!==undefined && window.RS_MODULES.modules[\"revslider1191\"]!==undefined) {window.RS_MODULES.modules[\"revslider1191\"].once = false;window.revapi119 = undefined;if (window.RS_MODULES.checkMinimal!==undefined) window.RS_MODULES.checkMinimal()}\n\t\t\t\t<\/script>\n\t\t\t<\/rs-module-wrap>\n\t\t\t<!-- END REVOLUTION SLIDER -->\n[\/vc_column][\/vc_row][vc_row][vc_column][vc_empty_space height=&#8221;16px&#8221;][\/vc_column][\/vc_row][vc_row][vc_column][vc_column_text]In occasione di questa giornata il Gruppo Saras, ha coinvolto <strong>l\u2019Academy del Cagliari Calcio<\/strong> che ha aderito con la presenza dell\u2019attaccante del Cagliari Calcio Andrea Petagna. Il calciatore ha partecipato attivamente ai giochi, suscitando grande entusiasmo tra gli studenti e, raccontando la sua esperienza, ha sottolineato l\u2019importanza della crescita culturale e sportiva.<\/p>\n<p>&nbsp;<\/p>\n<p>Solidariet\u00e0 in campo<\/p>\n<p>Alle gare sportive, l\u2019Istituto Comprensivo di Sarroch ha abbinato una raccolta fondi <strong>solidale<\/strong> per i bambini dell\u2019Africa, destinata all\u2019acquisto di kit salvavita cibo-terapeutici, adeguati a un trattamento di 8 settimane.[\/vc_column_text][\/vc_column][\/vc_row][vc_row][vc_column][vc_empty_space height=&#8221;16px&#8221;][\/vc_column][\/vc_row][vc_row bg_type=&#8221;grad&#8221; bg_grad=&#8221;background: -webkit-gradient(linear, left top, left bottom, color-stop(0%, #F5F5F5), color-stop(50%, #FFFFFF), color-stop(99%, #F5F5F5));background: -moz-linear-gradient(left,#F5F5F5 0%,#FFFFFF 50%,#F5F5F5 99%);background: -webkit-linear-gradient(left,#F5F5F5 0%,#FFFFFF 50%,#F5F5F5 99%);background: -o-linear-gradient(left,#F5F5F5 0%,#FFFFFF 50%,#F5F5F5 99%);background: -ms-linear-gradient(left,#F5F5F5 0%,#FFFFFF 50%,#F5F5F5 99%);background: linear-gradient(left,#F5F5F5 0%,#FFFFFF 50%,#F5F5F5 99%);&#8221;][vc_column][vc_icon icon_fontawesome=&#8221;fa fa-cog&#8221; size=&#8221;sm&#8221; align=&#8221;center&#8221;][vc_column_text]<\/p>\n<p style=\"text-align: center;\"><strong>Riportiamo alcuni feedback dei partecipanti all\u2019iniziativa<\/strong><\/p>\n<p>[\/vc_column_text][vc_separator color=&#8221;custom&#8221; border_width=&#8221;3&#8243; el_width=&#8221;60&#8243; accent_color=&#8221;#dd0000&#8243;][vc_column_text]<em>La giornata di sport e solidariet\u00e0 ha avuto un grande successo grazie all\u2019ottima sinergia di intervento tra la scuola, le societ\u00e0 sportive del territorio, l\u2019amministrazione comunale e la Saras. L\u2019iniziativa ha messo in evidenza come la scuola ha il ruolo fondamentale di educare gli studenti, non solo alle conoscenze, ma anche ai valori etici e civili dalla giustizia, la solidariet\u00e0, l\u2019empatia, la tolleranza, la responsabilit\u00e0, la sincerit\u00e0, la lealt\u00e0, la cooperazione. Pertanto, i docenti dell\u2019istituto comprensivo di Sarroch nel corso dell\u2019anno scolastico mettono in atto numerose iniziative di sensibilizzazione alle varie problematiche sociali con l\u2019intento di effettuare un intervento di Educazione alla solidariet\u00e0 nell\u2019ambito dell\u2019educazione civica.<\/em><\/p>\n<p style=\"text-align: center;\">Paolo Ligas, vicepreside dell\u2019Istituto comprensivo di Sarroch<\/p>\n<p>[\/vc_column_text][vc_separator color=&#8221;custom&#8221; border_width=&#8221;3&#8243; el_width=&#8221;60&#8243; accent_color=&#8221;#dd0000&#8243;][vc_column_text]<em>Non possiamo che essere positivamente colpite dalla manifestazione di ieri, perch\u00e9 vedere il viso sorridente e l&#8217;entusiasmo dei bambini \u00e8 il riscontro che ci fa capire quanto sia stato gradito. Anche se, per la mia classe in particolare, gli alunni hanno detto che l&#8217;esperienza pi\u00f9 bella della loro vita \u00e8 stata andare ad \u201cAsseminello&#8221; e poter vedere i giocatori del Cagliari. Per questo ringraziamo il supporto della Saras, che permette ai nostri alunni di vivere delle esperienze cos\u00ec belle.<\/em><\/p>\n<p style=\"text-align: center;\">Adelina Cancedda, referente della Scuola Primaria dell\u2019Istituto Comprensivo di Sarroch<\/p>\n<p>[\/vc_column_text][vc_separator color=&#8221;custom&#8221; border_width=&#8221;3&#8243; el_width=&#8221;60&#8243; accent_color=&#8221;#dd0000&#8243;][vc_column_text css=&#8221;&#8221;]<em>\u201cSport a Scuola\u201d\u00a0ha offerto ai ragazzi e alle ragazze<\/em> <em>l\u2019opportunit\u00e0 di sperimentare e di capire qual \u00e8 lo sport che pi\u00f9 li piace. Il progetto fa parte del programma elettorale e come amministrazione comunale, vogliamo proseguire su questa strada. Contiamo per il prossimo anno di anticipare i tempi e far partire il progetto fin dall&#8217;inizio dell\u2019anno. Vogliamo ringraziare l\u2019Istituto Comprensivo di Sarroch per aver accolto positivamente il progetto; le associazioni sportive del territorio per la partecipazione e la collaborazione; Saras Spa, Diapason Music School l e A.Vo.S Sarroch per il supporto.<\/em><\/p>\n<p style=\"text-align: center;\">Matteo Argiolas, consigliere con delega allo Sport del Comune di Sarroch<\/p>\n<p>[\/vc_column_text][vc_separator color=&#8221;custom&#8221; border_width=&#8221;3&#8243; el_width=&#8221;60&#8243; accent_color=&#8221;#dd0000&#8243;][vc_column_text css=&#8221;&#8221;]<em>Bellissima giornata di sport ieri a Sarroch, dove tutti i presenti dai pi\u00f9 piccoli ai pi\u00f9 grandi hanno potuto vivere lo sport a 360 gradi, il tutto deliziato dalla splendida sorpresa che Cagliari Academy e Saras hanno voluto regalare ai presenti con la presenza di Andrea Petagna&#8230; che dire, ancora una volta Cagliari Academy e Saras impeccabili e sempre in prima linea per lo sport giovanile.<\/em><\/p>\n<p style=\"text-align: center;\">Rocco Canepa, presidente dell\u2019ASD Gioventu Sarroch<\/p>\n<p>[\/vc_column_text][vc_separator color=&#8221;custom&#8221; border_width=&#8221;3&#8243; el_width=&#8221;60&#8243; accent_color=&#8221;#dd0000&#8243;][\/vc_column][\/vc_row][vc_row][vc_column][vc_icon icon_fontawesome=&#8221;fa fa-cog&#8221; size=&#8221;sm&#8221; align=&#8221;center&#8221;][vc_empty_space height=&#8221;16px&#8221;][vc_column_text]ll Gruppo Saras, fondato da Angelo Moratti nel 1962, \u00e8 uno dei principali operatori europei nel settore dell\u2019energia e raffinazione del petrolio. Tramite la capogruppo Saras SpA e le controllate Saras Trading SA, basata a Ginevra, Saras Energia SAU, basata a Madrid, il Gruppo vende e distribuisce prodotti petroliferi sul mercato nazionale e internazionale. Il Gruppo \u00e8 inoltre attivo anche nel settore della produzione di energia elettrica attraverso le controllate Sarlux Srl (impianto IGCC) e Sardeolica Srl (parco eolico). Il Gruppo Saras conta 1.591 dipendenti e presenta ricavi pari a circa 11,4 miliardi di Euro al 31 dicembre 2023.[\/vc_column_text][\/vc_column][\/vc_row][vc_row][vc_column][vc_empty_space][vc_icon icon_fontawesome=&#8221;fa fa-cog&#8221; size=&#8221;sm&#8221; align=&#8221;center&#8221;][\/vc_column][\/vc_row]<\/p>\n<\/div>","protected":false},"excerpt":{"rendered":"<p>Nei giorni scorsi si \u00e8 concluso il progetto Sport a scuola 2024, organizzato dall\u2019Amministrazione comunale di Sarroch in collaborazione con le associazioni sportive e sociali del territorio, l\u2019Istituto Comprensivo di Sarroch e Saras.<\/p>\n","protected":false},"author":36,"featured_media":546111,"comment_status":"closed","ping_status":"open","sticky":false,"template":"","format":"standard","meta":{"_acf_changed":false,"inline_featured_image":false,"footnotes":""},"categories":[26,17],"tags":[438,138,35,135,29,50,53,71,132,41,114],"class_list":["post-546099","post","type-post","status-publish","format-standard","has-post-thumbnail","hentry","category-home-it","category-news","tag-comunita","tag-cultura","tag-educazione","tag-formazione","tag-impegno-sociale","tag-saras","tag-sarlux","tag-sarroch","tag-scuola","tag-sport","tag-territorio"],"acf":[],"yoast_head":"<!-- This site is optimized with the Yoast SEO plugin v27.3 - https:\/\/yoast.com\/product\/yoast-seo-wordpress\/ -->\n<title>Sport a scuola - Sarlux Saras | Refining &amp; Power<\/title>\n<meta name=\"description\" content=\"Nei giorni scorsi si \u00e8 concluso il progetto Sport a scuola 2024, organizzato dall\u2019Amministrazione comunale di Sarroch in collaborazione con le associazioni sportive e sociali del territorio, l\u2019Istituto Comprensivo di Sarroch e Saras.\" \/>\n<meta name=\"robots\" content=\"index, follow, max-snippet:-1, max-image-preview:large, max-video-preview:-1\" \/>\n<link rel=\"canonical\" href=\"https:\/\/www.sarlux.saras.it\/it\/sport-a-scuola\/\" \/>\n<meta property=\"og:locale\" content=\"it_IT\" \/>\n<meta property=\"og:type\" content=\"article\" \/>\n<meta property=\"og:title\" content=\"Sport a scuola - Sarlux Saras | Refining &amp; Power\" \/>\n<meta property=\"og:description\" content=\"Nei giorni scorsi si \u00e8 concluso il progetto Sport a scuola 2024, organizzato dall\u2019Amministrazione comunale di Sarroch in collaborazione con le associazioni sportive e sociali del territorio, l\u2019Istituto Comprensivo di Sarroch e Saras.\" \/>\n<meta property=\"og:url\" content=\"https:\/\/www.sarlux.saras.it\/it\/sport-a-scuola\/\" \/>\n<meta property=\"og:site_name\" content=\"Sarlux Saras | Refining &amp; Power\" \/>\n<meta property=\"article:published_time\" content=\"2024-06-10T08:49:50+00:00\" \/>\n<meta property=\"article:modified_time\" content=\"2024-09-04T09:55:08+00:00\" \/>\n<meta property=\"og:image\" content=\"https:\/\/www.sarlux.saras.it\/wp-content\/uploads\/2024\/06\/sport-a-scuola-Saras-Sarlux-Sarroch-cover.jpg\" \/>\n\t<meta property=\"og:image:width\" content=\"990\" \/>\n\t<meta property=\"og:image:height\" content=\"450\" \/>\n\t<meta property=\"og:image:type\" content=\"image\/jpeg\" \/>\n<meta name=\"author\" content=\"Alberto Soi\" \/>\n<meta name=\"twitter:card\" content=\"summary_large_image\" \/>\n<meta name=\"twitter:label1\" content=\"Scritto da\" \/>\n\t<meta name=\"twitter:data1\" content=\"Alberto Soi\" \/>\n\t<meta name=\"twitter:label2\" content=\"Tempo di lettura stimato\" \/>\n\t<meta name=\"twitter:data2\" content=\"6 minuti\" \/>\n<script type=\"application\/ld+json\" class=\"yoast-schema-graph\">{\"@context\":\"https:\\\/\\\/schema.org\",\"@graph\":[{\"@type\":\"Article\",\"@id\":\"https:\\\/\\\/www.sarlux.saras.it\\\/it\\\/sport-a-scuola\\\/#article\",\"isPartOf\":{\"@id\":\"https:\\\/\\\/www.sarlux.saras.it\\\/it\\\/sport-a-scuola\\\/\"},\"author\":{\"name\":\"Alberto Soi\",\"@id\":\"https:\\\/\\\/www.sarlux.saras.it\\\/it\\\/#\\\/schema\\\/person\\\/f369fc2d7dbcc34d69a0975e8fe360af\"},\"headline\":\"Sport a scuola\",\"datePublished\":\"2024-06-10T08:49:50+00:00\",\"dateModified\":\"2024-09-04T09:55:08+00:00\",\"mainEntityOfPage\":{\"@id\":\"https:\\\/\\\/www.sarlux.saras.it\\\/it\\\/sport-a-scuola\\\/\"},\"wordCount\":1187,\"publisher\":{\"@id\":\"https:\\\/\\\/www.sarlux.saras.it\\\/it\\\/#organization\"},\"image\":{\"@id\":\"https:\\\/\\\/www.sarlux.saras.it\\\/it\\\/sport-a-scuola\\\/#primaryimage\"},\"thumbnailUrl\":\"https:\\\/\\\/www.sarlux.saras.it\\\/wp-content\\\/uploads\\\/2024\\\/06\\\/sport-a-scuola-Saras-Sarlux-Sarroch-cover.jpg\",\"keywords\":[\"comunit\u00e0\",\"cultura\",\"Educazione\",\"formazione\",\"Impegno sociale\",\"Saras\",\"Sarlux\",\"Sarroch\",\"scuola\",\"Sport\",\"territorio\"],\"articleSection\":[\"home\",\"News\"],\"inLanguage\":\"it-IT\"},{\"@type\":\"WebPage\",\"@id\":\"https:\\\/\\\/www.sarlux.saras.it\\\/it\\\/sport-a-scuola\\\/\",\"url\":\"https:\\\/\\\/www.sarlux.saras.it\\\/it\\\/sport-a-scuola\\\/\",\"name\":\"Sport a scuola - Sarlux Saras | Refining & Power\",\"isPartOf\":{\"@id\":\"https:\\\/\\\/www.sarlux.saras.it\\\/it\\\/#website\"},\"primaryImageOfPage\":{\"@id\":\"https:\\\/\\\/www.sarlux.saras.it\\\/it\\\/sport-a-scuola\\\/#primaryimage\"},\"image\":{\"@id\":\"https:\\\/\\\/www.sarlux.saras.it\\\/it\\\/sport-a-scuola\\\/#primaryimage\"},\"thumbnailUrl\":\"https:\\\/\\\/www.sarlux.saras.it\\\/wp-content\\\/uploads\\\/2024\\\/06\\\/sport-a-scuola-Saras-Sarlux-Sarroch-cover.jpg\",\"datePublished\":\"2024-06-10T08:49:50+00:00\",\"dateModified\":\"2024-09-04T09:55:08+00:00\",\"description\":\"Nei giorni scorsi si \u00e8 concluso il progetto Sport a scuola 2024, organizzato dall\u2019Amministrazione comunale di Sarroch in collaborazione con le associazioni sportive e sociali del territorio, l\u2019Istituto Comprensivo di Sarroch e Saras.\",\"breadcrumb\":{\"@id\":\"https:\\\/\\\/www.sarlux.saras.it\\\/it\\\/sport-a-scuola\\\/#breadcrumb\"},\"inLanguage\":\"it-IT\",\"potentialAction\":[{\"@type\":\"ReadAction\",\"target\":[\"https:\\\/\\\/www.sarlux.saras.it\\\/it\\\/sport-a-scuola\\\/\"]}]},{\"@type\":\"ImageObject\",\"inLanguage\":\"it-IT\",\"@id\":\"https:\\\/\\\/www.sarlux.saras.it\\\/it\\\/sport-a-scuola\\\/#primaryimage\",\"url\":\"https:\\\/\\\/www.sarlux.saras.it\\\/wp-content\\\/uploads\\\/2024\\\/06\\\/sport-a-scuola-Saras-Sarlux-Sarroch-cover.jpg\",\"contentUrl\":\"https:\\\/\\\/www.sarlux.saras.it\\\/wp-content\\\/uploads\\\/2024\\\/06\\\/sport-a-scuola-Saras-Sarlux-Sarroch-cover.jpg\",\"width\":990,\"height\":450},{\"@type\":\"BreadcrumbList\",\"@id\":\"https:\\\/\\\/www.sarlux.saras.it\\\/it\\\/sport-a-scuola\\\/#breadcrumb\",\"itemListElement\":[{\"@type\":\"ListItem\",\"position\":1,\"name\":\"Home\",\"item\":\"https:\\\/\\\/www.sarlux.saras.it\\\/it\\\/\"},{\"@type\":\"ListItem\",\"position\":2,\"name\":\"Sport a scuola\"}]},{\"@type\":\"WebSite\",\"@id\":\"https:\\\/\\\/www.sarlux.saras.it\\\/it\\\/#website\",\"url\":\"https:\\\/\\\/www.sarlux.saras.it\\\/it\\\/\",\"name\":\"Sarlux\",\"description\":\"\",\"publisher\":{\"@id\":\"https:\\\/\\\/www.sarlux.saras.it\\\/it\\\/#organization\"},\"potentialAction\":[{\"@type\":\"SearchAction\",\"target\":{\"@type\":\"EntryPoint\",\"urlTemplate\":\"https:\\\/\\\/www.sarlux.saras.it\\\/it\\\/?s={search_term_string}\"},\"query-input\":{\"@type\":\"PropertyValueSpecification\",\"valueRequired\":true,\"valueName\":\"search_term_string\"}}],\"inLanguage\":\"it-IT\"},{\"@type\":\"Organization\",\"@id\":\"https:\\\/\\\/www.sarlux.saras.it\\\/it\\\/#organization\",\"name\":\"Sarlux\",\"url\":\"https:\\\/\\\/www.sarlux.saras.it\\\/it\\\/\",\"logo\":{\"@type\":\"ImageObject\",\"inLanguage\":\"it-IT\",\"@id\":\"https:\\\/\\\/www.sarlux.saras.it\\\/it\\\/#\\\/schema\\\/logo\\\/image\\\/\",\"url\":\"https:\\\/\\\/www.sarlux.saras.it\\\/wp-content\\\/uploads\\\/2017\\\/12\\\/logo-pc-1.png\",\"contentUrl\":\"https:\\\/\\\/www.sarlux.saras.it\\\/wp-content\\\/uploads\\\/2017\\\/12\\\/logo-pc-1.png\",\"width\":184,\"height\":86,\"caption\":\"Sarlux\"},\"image\":{\"@id\":\"https:\\\/\\\/www.sarlux.saras.it\\\/it\\\/#\\\/schema\\\/logo\\\/image\\\/\"}},{\"@type\":\"Person\",\"@id\":\"https:\\\/\\\/www.sarlux.saras.it\\\/it\\\/#\\\/schema\\\/person\\\/f369fc2d7dbcc34d69a0975e8fe360af\",\"name\":\"Alberto Soi\",\"image\":{\"@type\":\"ImageObject\",\"inLanguage\":\"it-IT\",\"@id\":\"https:\\\/\\\/secure.gravatar.com\\\/avatar\\\/cc70035cae62a8d1e88cc2ac9d8e48bd174728dd9c5b3730ca1cbcb3eee8991b?s=96&d=mm&r=g\",\"url\":\"https:\\\/\\\/secure.gravatar.com\\\/avatar\\\/cc70035cae62a8d1e88cc2ac9d8e48bd174728dd9c5b3730ca1cbcb3eee8991b?s=96&d=mm&r=g\",\"contentUrl\":\"https:\\\/\\\/secure.gravatar.com\\\/avatar\\\/cc70035cae62a8d1e88cc2ac9d8e48bd174728dd9c5b3730ca1cbcb3eee8991b?s=96&d=mm&r=g\",\"caption\":\"Alberto Soi\"},\"url\":\"\"}]}<\/script>\n<!-- \/ Yoast SEO plugin. -->","yoast_head_json":{"title":"Sport a scuola - Sarlux Saras | Refining & Power","description":"Nei giorni scorsi si \u00e8 concluso il progetto Sport a scuola 2024, organizzato dall\u2019Amministrazione comunale di Sarroch in collaborazione con le associazioni sportive e sociali del territorio, l\u2019Istituto Comprensivo di Sarroch e Saras.","robots":{"index":"index","follow":"follow","max-snippet":"max-snippet:-1","max-image-preview":"max-image-preview:large","max-video-preview":"max-video-preview:-1"},"canonical":"https:\/\/www.sarlux.saras.it\/it\/sport-a-scuola\/","og_locale":"it_IT","og_type":"article","og_title":"Sport a scuola - Sarlux Saras | Refining & Power","og_description":"Nei giorni scorsi si \u00e8 concluso il progetto Sport a scuola 2024, organizzato dall\u2019Amministrazione comunale di Sarroch in collaborazione con le associazioni sportive e sociali del territorio, l\u2019Istituto Comprensivo di Sarroch e Saras.","og_url":"https:\/\/www.sarlux.saras.it\/it\/sport-a-scuola\/","og_site_name":"Sarlux Saras | Refining & Power","article_published_time":"2024-06-10T08:49:50+00:00","article_modified_time":"2024-09-04T09:55:08+00:00","og_image":[{"width":990,"height":450,"url":"https:\/\/www.sarlux.saras.it\/wp-content\/uploads\/2024\/06\/sport-a-scuola-Saras-Sarlux-Sarroch-cover.jpg","type":"image\/jpeg"}],"author":"Alberto Soi","twitter_card":"summary_large_image","twitter_misc":{"Scritto da":"Alberto Soi","Tempo di lettura stimato":"6 minuti"},"schema":{"@context":"https:\/\/schema.org","@graph":[{"@type":"Article","@id":"https:\/\/www.sarlux.saras.it\/it\/sport-a-scuola\/#article","isPartOf":{"@id":"https:\/\/www.sarlux.saras.it\/it\/sport-a-scuola\/"},"author":{"name":"Alberto Soi","@id":"https:\/\/www.sarlux.saras.it\/it\/#\/schema\/person\/f369fc2d7dbcc34d69a0975e8fe360af"},"headline":"Sport a scuola","datePublished":"2024-06-10T08:49:50+00:00","dateModified":"2024-09-04T09:55:08+00:00","mainEntityOfPage":{"@id":"https:\/\/www.sarlux.saras.it\/it\/sport-a-scuola\/"},"wordCount":1187,"publisher":{"@id":"https:\/\/www.sarlux.saras.it\/it\/#organization"},"image":{"@id":"https:\/\/www.sarlux.saras.it\/it\/sport-a-scuola\/#primaryimage"},"thumbnailUrl":"https:\/\/www.sarlux.saras.it\/wp-content\/uploads\/2024\/06\/sport-a-scuola-Saras-Sarlux-Sarroch-cover.jpg","keywords":["comunit\u00e0","cultura","Educazione","formazione","Impegno sociale","Saras","Sarlux","Sarroch","scuola","Sport","territorio"],"articleSection":["home","News"],"inLanguage":"it-IT"},{"@type":"WebPage","@id":"https:\/\/www.sarlux.saras.it\/it\/sport-a-scuola\/","url":"https:\/\/www.sarlux.saras.it\/it\/sport-a-scuola\/","name":"Sport a scuola - Sarlux Saras | Refining & Power","isPartOf":{"@id":"https:\/\/www.sarlux.saras.it\/it\/#website"},"primaryImageOfPage":{"@id":"https:\/\/www.sarlux.saras.it\/it\/sport-a-scuola\/#primaryimage"},"image":{"@id":"https:\/\/www.sarlux.saras.it\/it\/sport-a-scuola\/#primaryimage"},"thumbnailUrl":"https:\/\/www.sarlux.saras.it\/wp-content\/uploads\/2024\/06\/sport-a-scuola-Saras-Sarlux-Sarroch-cover.jpg","datePublished":"2024-06-10T08:49:50+00:00","dateModified":"2024-09-04T09:55:08+00:00","description":"Nei giorni scorsi si \u00e8 concluso il progetto Sport a scuola 2024, organizzato dall\u2019Amministrazione comunale di Sarroch in collaborazione con le associazioni sportive e sociali del territorio, l\u2019Istituto Comprensivo di Sarroch e Saras.","breadcrumb":{"@id":"https:\/\/www.sarlux.saras.it\/it\/sport-a-scuola\/#breadcrumb"},"inLanguage":"it-IT","potentialAction":[{"@type":"ReadAction","target":["https:\/\/www.sarlux.saras.it\/it\/sport-a-scuola\/"]}]},{"@type":"ImageObject","inLanguage":"it-IT","@id":"https:\/\/www.sarlux.saras.it\/it\/sport-a-scuola\/#primaryimage","url":"https:\/\/www.sarlux.saras.it\/wp-content\/uploads\/2024\/06\/sport-a-scuola-Saras-Sarlux-Sarroch-cover.jpg","contentUrl":"https:\/\/www.sarlux.saras.it\/wp-content\/uploads\/2024\/06\/sport-a-scuola-Saras-Sarlux-Sarroch-cover.jpg","width":990,"height":450},{"@type":"BreadcrumbList","@id":"https:\/\/www.sarlux.saras.it\/it\/sport-a-scuola\/#breadcrumb","itemListElement":[{"@type":"ListItem","position":1,"name":"Home","item":"https:\/\/www.sarlux.saras.it\/it\/"},{"@type":"ListItem","position":2,"name":"Sport a scuola"}]},{"@type":"WebSite","@id":"https:\/\/www.sarlux.saras.it\/it\/#website","url":"https:\/\/www.sarlux.saras.it\/it\/","name":"Sarlux","description":"","publisher":{"@id":"https:\/\/www.sarlux.saras.it\/it\/#organization"},"potentialAction":[{"@type":"SearchAction","target":{"@type":"EntryPoint","urlTemplate":"https:\/\/www.sarlux.saras.it\/it\/?s={search_term_string}"},"query-input":{"@type":"PropertyValueSpecification","valueRequired":true,"valueName":"search_term_string"}}],"inLanguage":"it-IT"},{"@type":"Organization","@id":"https:\/\/www.sarlux.saras.it\/it\/#organization","name":"Sarlux","url":"https:\/\/www.sarlux.saras.it\/it\/","logo":{"@type":"ImageObject","inLanguage":"it-IT","@id":"https:\/\/www.sarlux.saras.it\/it\/#\/schema\/logo\/image\/","url":"https:\/\/www.sarlux.saras.it\/wp-content\/uploads\/2017\/12\/logo-pc-1.png","contentUrl":"https:\/\/www.sarlux.saras.it\/wp-content\/uploads\/2017\/12\/logo-pc-1.png","width":184,"height":86,"caption":"Sarlux"},"image":{"@id":"https:\/\/www.sarlux.saras.it\/it\/#\/schema\/logo\/image\/"}},{"@type":"Person","@id":"https:\/\/www.sarlux.saras.it\/it\/#\/schema\/person\/f369fc2d7dbcc34d69a0975e8fe360af","name":"Alberto Soi","image":{"@type":"ImageObject","inLanguage":"it-IT","@id":"https:\/\/secure.gravatar.com\/avatar\/cc70035cae62a8d1e88cc2ac9d8e48bd174728dd9c5b3730ca1cbcb3eee8991b?s=96&d=mm&r=g","url":"https:\/\/secure.gravatar.com\/avatar\/cc70035cae62a8d1e88cc2ac9d8e48bd174728dd9c5b3730ca1cbcb3eee8991b?s=96&d=mm&r=g","contentUrl":"https:\/\/secure.gravatar.com\/avatar\/cc70035cae62a8d1e88cc2ac9d8e48bd174728dd9c5b3730ca1cbcb3eee8991b?s=96&d=mm&r=g","caption":"Alberto Soi"},"url":""}]}},"_links":{"self":[{"href":"https:\/\/www.sarlux.saras.it\/it\/wp-json\/wp\/v2\/posts\/546099","targetHints":{"allow":["GET"]}}],"collection":[{"href":"https:\/\/www.sarlux.saras.it\/it\/wp-json\/wp\/v2\/posts"}],"about":[{"href":"https:\/\/www.sarlux.saras.it\/it\/wp-json\/wp\/v2\/types\/post"}],"author":[{"embeddable":true,"href":"https:\/\/www.sarlux.saras.it\/it\/wp-json\/wp\/v2\/users\/36"}],"replies":[{"embeddable":true,"href":"https:\/\/www.sarlux.saras.it\/it\/wp-json\/wp\/v2\/comments?post=546099"}],"version-history":[{"count":6,"href":"https:\/\/www.sarlux.saras.it\/it\/wp-json\/wp\/v2\/posts\/546099\/revisions"}],"predecessor-version":[{"id":546339,"href":"https:\/\/www.sarlux.saras.it\/it\/wp-json\/wp\/v2\/posts\/546099\/revisions\/546339"}],"wp:featuredmedia":[{"embeddable":true,"href":"https:\/\/www.sarlux.saras.it\/it\/wp-json\/wp\/v2\/media\/546111"}],"wp:attachment":[{"href":"https:\/\/www.sarlux.saras.it\/it\/wp-json\/wp\/v2\/media?parent=546099"}],"wp:term":[{"taxonomy":"category","embeddable":true,"href":"https:\/\/www.sarlux.saras.it\/it\/wp-json\/wp\/v2\/categories?post=546099"},{"taxonomy":"post_tag","embeddable":true,"href":"https:\/\/www.sarlux.saras.it\/it\/wp-json\/wp\/v2\/tags?post=546099"}],"curies":[{"name":"wp","href":"https:\/\/api.w.org\/{rel}","templated":true}]}}