{"id":546200,"date":"2024-06-25T10:26:52","date_gmt":"2024-06-25T10:26:52","guid":{"rendered":"https:\/\/www.sarlux.saras.it\/?p=546200"},"modified":"2024-09-04T07:43:21","modified_gmt":"2024-09-04T07:43:21","slug":"saras-per-la-scuola","status":"publish","type":"post","link":"https:\/\/www.sarlux.saras.it\/it\/saras-per-la-scuola\/","title":{"rendered":"Saras per la scuola"},"content":{"rendered":"<div class=\"wpb-content-wrapper\"><p>[vc_row][vc_column][vc_column_text]<\/p>\n<h4><strong>Insieme per progettare il futuro<\/strong><\/h4>\n<p>Il diritto allo studio \u00e8 un valore che porta alla crescita culturale, allo sviluppo e al benessere, significa dare a tutti la possibilit\u00e0 di avere gli strumenti per la propria realizzazione. \u00c8 per questo che <strong>Saras crede ed \u00e8 impegnata in iniziative e progetti<\/strong> <strong>utili a sostenere i giovani<\/strong> e ha attivato diversi percorsi per venire incontro alle richieste della scuola e contribuire in modo efficace.[\/vc_column_text][vc_empty_space height=&#8221;16px&#8221;][\/vc_column][\/vc_row][vc_row][vc_column width=&#8221;1\/2&#8243;][vc_column_text css=&#8221;&#8221;]<strong>L\u2019aula biblioteca<\/strong><\/p>\n<p>Nel contesto delle attivit\u00e0 \u201cSaras per la Scuola\u201d, a partire dal 2023, ha preso piede il <em>progetto<\/em> <em>biblioteca<\/em> e in giugno, al termine di questo anno scolastico, \u00e8 stata inaugurata la nuova <strong><em>aula biblioteca<\/em><\/strong>, che l\u2019Istituto Comprensivo ha potuto realizzare attraverso il PNRR \u201cNext Generation Classroom\u201d e grazie ai libri donati dalla Saras. A partire dall\u2019anno accademico 2024\/2025 saranno pienamente operativi \u00a0i laboratori di lettura per tutti gli studenti dell&#8217;istituto.<\/p>\n<p>&nbsp;<\/p>\n<p><strong>I libri di testo<\/strong><\/p>\n<p>Per i <strong>120<\/strong> <strong>alunni,<\/strong> <strong>della scuola secondaria di primo grado dell\u2019Istituto Comprensivo <\/strong>di Sarroch e Villa San Pietro,<strong> Saras,<\/strong> come ogni anno, ha<strong> donato i libri di testo.<\/strong> Nel segno della sostenibilit\u00e0 e dell\u2019economia circolare, i libri vengono consegnati in comodato d\u2019uso e assegnati a fine anno agli studenti che verranno, tranne nei casi in cui si debbano adottare le nuove edizioni.[\/vc_column_text][\/vc_column][vc_column width=&#8221;1\/2&#8243;][vc_single_image image=&#8221;546201&#8243; img_size=&#8221;full&#8221; css=&#8221;&#8221;][\/vc_column][\/vc_row][vc_row][vc_column][vc_empty_space height=&#8221;16px&#8221;][vc_empty_space height=&#8221;16px&#8221;][\/vc_column][\/vc_row][vc_row][vc_column width=&#8221;1\/2&#8243;][vc_column_text]<\/p>\n<h4><strong>La festa di fine anno:<br \/>\ncompetizioni sportive e culturali\u00a0<\/strong><\/h4>\n<p>[\/vc_column_text][vc_empty_space height=&#8221;16px&#8221;][vc_column_text]Per chiudere l\u2019anno scolastico le<strong> scuole primarie<\/strong> <strong>dei comuni di Sarroch, Pula, Capoterra, Villa San Pietro e Domus de Maria <\/strong>con la collaborazione del <strong>Gruppo<\/strong> <strong>Saras, <\/strong>hanno organizzato i<strong> Giochi per l\u2019infanzia 2024 <\/strong>presso il campo sportivo di Pula.[\/vc_column_text][vc_column_text]Hanno partecipato all\u2019evento <strong>322 bambine e bambini<\/strong> che, suddivisi in squadre distinte da maglie di diversi vivaci colori, hanno vissuto una giornata all\u2019insegna di <strong>competizioni sportive<\/strong>\u00a0e di <strong>attivit\u00e0 didattiche<\/strong> orientate alla sensibilizzazione sui temi del riciclo e dell\u2019economia circolare.<\/p>\n<p>I giovani studenti hanno molto apprezzato le vivaci e allegre interazioni con <strong>Pully, la mascotte dell\u2019Academy del Cagliari calcio <\/strong>presente per tutta la durata dei Giochi.[\/vc_column_text][\/vc_column][vc_column width=&#8221;1\/2&#8243;]\n\t\t\t<!-- START Giochi infanzia REVOLUTION SLIDER 6.6.14 --><p class=\"rs-p-wp-fix\"><\/p>\n\t\t\t<rs-module-wrap id=\"rev_slider_121_1_wrapper\" data-source=\"gallery\" style=\"visibility:hidden;background:transparent;padding:0;margin:0px auto;margin-top:0;margin-bottom:0;\">\n\t\t\t\t<rs-module id=\"rev_slider_121_1\" style=\"\" data-version=\"6.6.14\">\n\t\t\t\t\t<rs-slides style=\"overflow: hidden; position: absolute;\">\n\t\t\t\t\t\t<rs-slide style=\"position: absolute;\" data-key=\"rs-1471\" data-title=\"Slide\" data-thumb=\"\/\/www.sarlux.saras.it\/wp-content\/uploads\/revslider\/giochi-infanzia\/03-Giochi-infanzia-2024-Saras-Sarlux-Sarroch-Pula-Villa-San-Pietro-Capoterra-Domus-de-Maria.jpg\" data-in=\"o:0;\" data-out=\"a:false;\">\n\t\t\t\t\t\t\t<img decoding=\"async\" src=\"\/\/www.sarlux.saras.it\/wp-content\/plugins\/revslider\/public\/assets\/assets\/dummy.png\" alt=\"\" title=\"03-Giochi-infanzia-2024-Saras-Sarlux-Sarroch-Pula-Villa-San-Pietro-Capoterra-Domus-de-Maria.jpg\" width=\"1200\" height=\"800\" class=\"rev-slidebg tp-rs-img rs-lazyload\" data-lazyload=\"\/\/www.sarlux.saras.it\/wp-content\/uploads\/revslider\/giochi-infanzia\/03-Giochi-infanzia-2024-Saras-Sarlux-Sarroch-Pula-Villa-San-Pietro-Capoterra-Domus-de-Maria.jpg\" data-no-retina>\n<!---->\t\t\t\t\t\t<\/rs-slide>\n\t\t\t\t\t\t<rs-slide style=\"position: absolute;\" data-key=\"rs-1472\" data-title=\"Slide\" data-thumb=\"\/\/www.sarlux.saras.it\/wp-content\/uploads\/revslider\/giochi-infanzia\/10-Giochi-infanzia-2024-Saras-Sarlux-Sarroch-Pula-Villa-San-Pietro-Capoterra-Domus-de-Maria.jpg\" data-in=\"o:0;\" data-out=\"a:false;\">\n\t\t\t\t\t\t\t<img decoding=\"async\" src=\"\/\/www.sarlux.saras.it\/wp-content\/plugins\/revslider\/public\/assets\/assets\/dummy.png\" alt=\"\" title=\"10-Giochi-infanzia-2024-Saras-Sarlux-Sarroch-Pula-Villa-San-Pietro-Capoterra-Domus-de-Maria.jpg\" width=\"1200\" height=\"800\" class=\"rev-slidebg tp-rs-img rs-lazyload\" data-lazyload=\"\/\/www.sarlux.saras.it\/wp-content\/uploads\/revslider\/giochi-infanzia\/10-Giochi-infanzia-2024-Saras-Sarlux-Sarroch-Pula-Villa-San-Pietro-Capoterra-Domus-de-Maria.jpg\" data-no-retina>\n<!---->\t\t\t\t\t\t<\/rs-slide>\n\t\t\t\t\t\t<rs-slide style=\"position: absolute;\" data-key=\"rs-1473\" data-title=\"Slide\" data-thumb=\"\/\/www.sarlux.saras.it\/wp-content\/uploads\/revslider\/giochi-infanzia\/02-Giochi-infanzia-2024-Saras-Sarlux-Sarroch-Pula-Villa-San-Pietro-Capoterra-Domus-de-Maria.jpg\" data-in=\"o:0;\" data-out=\"a:false;\">\n\t\t\t\t\t\t\t<img decoding=\"async\" src=\"\/\/www.sarlux.saras.it\/wp-content\/plugins\/revslider\/public\/assets\/assets\/dummy.png\" alt=\"\" title=\"02-Giochi-infanzia-2024-Saras-Sarlux-Sarroch-Pula-Villa-San-Pietro-Capoterra-Domus-de-Maria.jpg\" width=\"1200\" height=\"800\" class=\"rev-slidebg tp-rs-img rs-lazyload\" data-lazyload=\"\/\/www.sarlux.saras.it\/wp-content\/uploads\/revslider\/giochi-infanzia\/02-Giochi-infanzia-2024-Saras-Sarlux-Sarroch-Pula-Villa-San-Pietro-Capoterra-Domus-de-Maria.jpg\" data-no-retina>\n<!---->\t\t\t\t\t\t<\/rs-slide>\n\t\t\t\t\t\t<rs-slide style=\"position: absolute;\" data-key=\"rs-1474\" data-title=\"Slide\" data-thumb=\"\/\/www.sarlux.saras.it\/wp-content\/uploads\/revslider\/giochi-infanzia\/05-Giochi-infanzia-2024-Saras-Sarlux-Sarroch-Pula-Villa-San-Pietro-Capoterra-Domus-de-Maria.jpg\" data-in=\"o:0;\" data-out=\"a:false;\">\n\t\t\t\t\t\t\t<img decoding=\"async\" src=\"\/\/www.sarlux.saras.it\/wp-content\/plugins\/revslider\/public\/assets\/assets\/dummy.png\" alt=\"\" title=\"05-Giochi-infanzia-2024-Saras-Sarlux-Sarroch-Pula-Villa-San-Pietro-Capoterra-Domus-de-Maria.jpg\" width=\"1200\" height=\"800\" class=\"rev-slidebg tp-rs-img rs-lazyload\" data-lazyload=\"\/\/www.sarlux.saras.it\/wp-content\/uploads\/revslider\/giochi-infanzia\/05-Giochi-infanzia-2024-Saras-Sarlux-Sarroch-Pula-Villa-San-Pietro-Capoterra-Domus-de-Maria.jpg\" data-no-retina>\n<!---->\t\t\t\t\t\t<\/rs-slide>\n\t\t\t\t\t\t<rs-slide style=\"position: absolute;\" data-key=\"rs-1475\" data-title=\"Slide\" data-thumb=\"\/\/www.sarlux.saras.it\/wp-content\/uploads\/revslider\/giochi-infanzia\/07-Giochi-infanzia-2024-Saras-Sarlux-Sarroch-Pula-Villa-San-Pietro-Capoterra-Domus-de-Maria.jpg\" data-in=\"o:0;\" data-out=\"a:false;\">\n\t\t\t\t\t\t\t<img decoding=\"async\" src=\"\/\/www.sarlux.saras.it\/wp-content\/plugins\/revslider\/public\/assets\/assets\/dummy.png\" alt=\"\" title=\"07-Giochi-infanzia-2024-Saras-Sarlux-Sarroch-Pula-Villa-San-Pietro-Capoterra-Domus-de-Maria.jpg\" width=\"1200\" height=\"800\" class=\"rev-slidebg tp-rs-img rs-lazyload\" data-lazyload=\"\/\/www.sarlux.saras.it\/wp-content\/uploads\/revslider\/giochi-infanzia\/07-Giochi-infanzia-2024-Saras-Sarlux-Sarroch-Pula-Villa-San-Pietro-Capoterra-Domus-de-Maria.jpg\" data-no-retina>\n<!---->\t\t\t\t\t\t<\/rs-slide>\n\t\t\t\t\t\t<rs-slide style=\"position: absolute;\" data-key=\"rs-1476\" data-title=\"Slide\" data-thumb=\"\/\/www.sarlux.saras.it\/wp-content\/uploads\/revslider\/giochi-infanzia\/06-Giochi-infanzia-2024-Saras-Sarlux-Sarroch-Pula-Villa-San-Pietro-Capoterra-Domus-de-Maria.jpg\" data-in=\"o:0;\" data-out=\"a:false;\">\n\t\t\t\t\t\t\t<img decoding=\"async\" src=\"\/\/www.sarlux.saras.it\/wp-content\/plugins\/revslider\/public\/assets\/assets\/dummy.png\" alt=\"\" title=\"06-Giochi-infanzia-2024-Saras-Sarlux-Sarroch-Pula-Villa-San-Pietro-Capoterra-Domus-de-Maria.jpg\" width=\"1200\" height=\"800\" class=\"rev-slidebg tp-rs-img rs-lazyload\" data-lazyload=\"\/\/www.sarlux.saras.it\/wp-content\/uploads\/revslider\/giochi-infanzia\/06-Giochi-infanzia-2024-Saras-Sarlux-Sarroch-Pula-Villa-San-Pietro-Capoterra-Domus-de-Maria.jpg\" data-no-retina>\n<!---->\t\t\t\t\t\t<\/rs-slide>\n\t\t\t\t\t\t<rs-slide style=\"position: absolute;\" data-key=\"rs-1477\" data-title=\"Slide\" data-thumb=\"\/\/www.sarlux.saras.it\/wp-content\/uploads\/revslider\/giochi-infanzia\/07-Giochi-infanzia-2024-Saras-Sarlux-Sarroch-Pula-Villa-San-Pietro-Capoterra-Domus-de-Maria.jpg\" data-in=\"o:0;\" data-out=\"a:false;\">\n\t\t\t\t\t\t\t<img decoding=\"async\" src=\"\/\/www.sarlux.saras.it\/wp-content\/plugins\/revslider\/public\/assets\/assets\/dummy.png\" alt=\"\" title=\"07-Giochi-infanzia-2024-Saras-Sarlux-Sarroch-Pula-Villa-San-Pietro-Capoterra-Domus-de-Maria.jpg\" width=\"1200\" height=\"800\" class=\"rev-slidebg tp-rs-img rs-lazyload\" data-lazyload=\"\/\/www.sarlux.saras.it\/wp-content\/uploads\/revslider\/giochi-infanzia\/07-Giochi-infanzia-2024-Saras-Sarlux-Sarroch-Pula-Villa-San-Pietro-Capoterra-Domus-de-Maria.jpg\" data-no-retina>\n<!---->\t\t\t\t\t\t<\/rs-slide>\n\t\t\t\t\t\t<rs-slide style=\"position: absolute;\" data-key=\"rs-1478\" data-title=\"Slide\" data-thumb=\"\/\/www.sarlux.saras.it\/wp-content\/uploads\/revslider\/giochi-infanzia\/08-Giochi-infanzia-2024-Saras-Sarlux-Sarroch-Pula-Villa-San-Pietro-Capoterra-Domus-de-Maria.jpg\" data-in=\"o:0;\" data-out=\"a:false;\">\n\t\t\t\t\t\t\t<img decoding=\"async\" src=\"\/\/www.sarlux.saras.it\/wp-content\/plugins\/revslider\/public\/assets\/assets\/dummy.png\" alt=\"\" title=\"08-Giochi-infanzia-2024-Saras-Sarlux-Sarroch-Pula-Villa-San-Pietro-Capoterra-Domus-de-Maria.jpg\" width=\"1200\" height=\"800\" class=\"rev-slidebg tp-rs-img rs-lazyload\" data-lazyload=\"\/\/www.sarlux.saras.it\/wp-content\/uploads\/revslider\/giochi-infanzia\/08-Giochi-infanzia-2024-Saras-Sarlux-Sarroch-Pula-Villa-San-Pietro-Capoterra-Domus-de-Maria.jpg\" data-no-retina>\n<!---->\t\t\t\t\t\t<\/rs-slide>\n\t\t\t\t\t<\/rs-slides>\n\t\t\t\t<\/rs-module>\n\t\t\t\t<script>\n\t\t\t\t\tsetREVStartSize({c: 'rev_slider_121_1',rl:[1240,1024,778,480],el:[800],gw:[1200],gh:[800],type:'standard',justify:'',layout:'fullwidth',mh:\"0\"});if (window.RS_MODULES!==undefined && window.RS_MODULES.modules!==undefined && window.RS_MODULES.modules[\"revslider1211\"]!==undefined) {window.RS_MODULES.modules[\"revslider1211\"].once = false;window.revapi121 = undefined;if (window.RS_MODULES.checkMinimal!==undefined) window.RS_MODULES.checkMinimal()}\n\t\t\t\t<\/script>\n\t\t\t<\/rs-module-wrap>\n\t\t\t<!-- END REVOLUTION SLIDER -->\n[\/vc_column][\/vc_row][vc_row][vc_column][vc_empty_space height=&#8221;16px&#8221;][vc_empty_space height=&#8221;16px&#8221;][vc_icon icon_fontawesome=&#8221;fa fa-cog&#8221; size=&#8221;sm&#8221; align=&#8221;center&#8221;][\/vc_column][\/vc_row][vc_row bg_type=&#8221;grad&#8221; bg_grad=&#8221;background: -webkit-gradient(linear, left top, left bottom, color-stop(0%, #F5F5F5), color-stop(50%, #FFFFFF), color-stop(99%, #F5F5F5));background: -moz-linear-gradient(left,#F5F5F5 0%,#FFFFFF 50%,#F5F5F5 99%);background: -webkit-linear-gradient(left,#F5F5F5 0%,#FFFFFF 50%,#F5F5F5 99%);background: -o-linear-gradient(left,#F5F5F5 0%,#FFFFFF 50%,#F5F5F5 99%);background: -ms-linear-gradient(left,#F5F5F5 0%,#FFFFFF 50%,#F5F5F5 99%);background: linear-gradient(left,#F5F5F5 0%,#FFFFFF 50%,#F5F5F5 99%);&#8221;][vc_column][vc_separator color=&#8221;custom&#8221; el_width=&#8221;60&#8243; css=&#8221;&#8221; accent_color=&#8221;#dd0000&#8243;][vc_column_text]<em>Per noi il supporto di Sarlux in questo genere di iniziative \u00e8 fondamentale e soprattutto \u00e8 emblema del percorso che da tre anni a questa parte stiamo portando avanti insieme. Un percorso che ha l\u2019obiettivo di creare cultura, comunit\u00e0 e condivisione all\u2019interno del territorio. Avere un occhio di riguardo nei confronti dei pi\u00f9 piccoli \u00e8 in tal senso doveroso e necessario: siamo infatti fermamente convinti che il vero cambiamento cominci da loro. Con loro attraverso il gioco e la condivisione vogliamo lavorare per coltivare una nuova sensibilit\u00e0 culturale e ambientale che li faccia sentire parte integrante e attiva del luogo in cui vivono.<\/em><\/p>\n<p style=\"text-align: center;\">Rebecca Scano, Assessore alla cultura del Comune di Sarroch<\/p>\n<p>[\/vc_column_text][vc_separator color=&#8221;custom&#8221; el_width=&#8221;60&#8243; css=&#8221;.vc_custom_1719311275937{padding-bottom: 10px !important;}&#8221; accent_color=&#8221;#dd0000&#8243;][vc_column_text css=&#8221;&#8221;]<em>Specialmente in questo periodo in cui i nostri alunni passano tanto tempo a fissare degli \u201cschermi\u201d, una boccata di ossigeno si ha in attivit\u00e0 sportive o con la lettura di un bel libro. Nello sport ad osservare gli \u201cschemi\u201d di gioco, come quelli pi\u00f9 volte visti al palazzetto con le partite dei giocatori di pallavolo del Sarroch, nella lettura a viaggiare con la fantasia ed immergersi in storie meravigliose. L\u2019attivit\u00e0 sportiva, anche in forma di gioco e la lettura stimolano la mente ed il corpo ad essere migliori e renderci partecipi e vicini.<\/em><\/p>\n<p style=\"text-align: center;\">Adelina Cancedda, Insegnante della scuola primaria dell\u2019Istituto Comprensivo di Sarroch<\/p>\n<p>[\/vc_column_text][vc_separator color=&#8221;custom&#8221; el_width=&#8221;60&#8243; css=&#8221;.vc_custom_1719311289892{padding-bottom: 10px !important;}&#8221; accent_color=&#8221;#dd0000&#8243;][\/vc_column][\/vc_row][vc_row][vc_column][vc_icon icon_fontawesome=&#8221;fa fa-cog&#8221; size=&#8221;sm&#8221; align=&#8221;center&#8221;][vc_column_text]<strong>Il Gruppo supporta le scuole del territorio con iniziative che, ogni anno, coinvolgono studenti delle scuole di ogni ordine e grado<\/strong> con workshop e incontri dedicati per gli studenti universitari, seminari ed eventi speciali legati al mondo della didattica per gli studenti delle scuole superiori, organizzati anche in collaborazione con altre istituzioni culturali.[\/vc_column_text][vc_icon icon_fontawesome=&#8221;fa fa-cog&#8221; size=&#8221;sm&#8221; align=&#8221;center&#8221;][vc_empty_space height=&#8221;16px&#8221;][vc_column_text]ll Gruppo Saras, fondato da Angelo Moratti nel 1962, \u00e8 uno dei principali operatori europei nel settore dell\u2019energia e raffinazione del petrolio. Tramite la capogruppo Saras SpA e le controllate Saras Trading SA, basata a Ginevra, Saras Energia SAU, basata a Madrid, il Gruppo vende e distribuisce prodotti petroliferi sul mercato nazionale e internazionale. Il Gruppo \u00e8 inoltre attivo anche nel settore della produzione di energia elettrica attraverso le controllate Sarlux Srl (impianto IGCC) e Sardeolica Srl (parco eolico). Il Gruppo Saras conta 1.591 dipendenti e presenta ricavi pari a circa 11,4 miliardi di Euro al 31 dicembre 2023.[\/vc_column_text][\/vc_column][\/vc_row][vc_row][vc_column][vc_empty_space][vc_icon icon_fontawesome=&#8221;fa fa-cog&#8221; size=&#8221;sm&#8221; align=&#8221;center&#8221;][\/vc_column][\/vc_row][vc_row][vc_column][vc_empty_space height=&#8221;16px&#8221;][\/vc_column][\/vc_row]<\/p>\n<\/div>","protected":false},"excerpt":{"rendered":"<p>Il diritto allo studio \u00e8 un valore che porta alla crescita culturale, allo sviluppo e al benessere, \u00e8 per questo che Saras  ha attivato diversi percorsi per venire incontro alle richieste della scuola e contribuire in modo efficace.<\/p>\n","protected":false},"author":36,"featured_media":546203,"comment_status":"closed","ping_status":"open","sticky":false,"template":"","format":"standard","meta":{"_acf_changed":false,"inline_featured_image":false,"footnotes":""},"categories":[26,17],"tags":[62,374,536,537,489,438,138,471,35,135,29,132],"class_list":["post-546200","post","type-post","status-publish","format-standard","has-post-thumbnail","hentry","category-home-it","category-news","tag-borsa-studio","tag-cagliari","tag-cagliari-calcio","tag-cagliari-football-academy","tag-capoterra","tag-comunita","tag-cultura","tag-diritto-allo-studio","tag-educazione","tag-formazione","tag-impegno-sociale","tag-scuola"],"acf":[],"yoast_head":"<!-- This site is optimized with the Yoast SEO plugin v27.3 - https:\/\/yoast.com\/product\/yoast-seo-wordpress\/ -->\n<title>Saras per la scuola - Sarlux Saras | Refining &amp; Power<\/title>\n<meta name=\"description\" content=\"Il diritto allo studio \u00e8 un valore che porta alla crescita culturale, allo sviluppo e al benessere, \u00e8 per questo che Saras ha attivato diversi percorsi per venire incontro alle richieste della scuola e contribuire in modo efficace.\" \/>\n<meta name=\"robots\" content=\"index, follow, max-snippet:-1, max-image-preview:large, max-video-preview:-1\" \/>\n<link rel=\"canonical\" href=\"https:\/\/www.sarlux.saras.it\/it\/saras-per-la-scuola\/\" \/>\n<meta property=\"og:locale\" content=\"it_IT\" \/>\n<meta property=\"og:type\" content=\"article\" \/>\n<meta property=\"og:title\" content=\"Saras per la scuola - Sarlux Saras | Refining &amp; Power\" \/>\n<meta property=\"og:description\" content=\"Il diritto allo studio \u00e8 un valore che porta alla crescita culturale, allo sviluppo e al benessere, \u00e8 per questo che Saras ha attivato diversi percorsi per venire incontro alle richieste della scuola e contribuire in modo efficace.\" \/>\n<meta property=\"og:url\" content=\"https:\/\/www.sarlux.saras.it\/it\/saras-per-la-scuola\/\" \/>\n<meta property=\"og:site_name\" content=\"Sarlux Saras | Refining &amp; Power\" \/>\n<meta property=\"article:published_time\" content=\"2024-06-25T10:26:52+00:00\" \/>\n<meta property=\"article:modified_time\" content=\"2024-09-04T07:43:21+00:00\" \/>\n<meta property=\"og:image\" content=\"https:\/\/www.sarlux.saras.it\/wp-content\/uploads\/2024\/06\/cover-Saras-Sarlux-Sarroch-Pula-Villa-San-Pietro-Capoterra-Domus-de-Maria.jpg\" \/>\n\t<meta property=\"og:image:width\" content=\"990\" \/>\n\t<meta property=\"og:image:height\" content=\"450\" \/>\n\t<meta property=\"og:image:type\" content=\"image\/jpeg\" \/>\n<meta name=\"author\" content=\"Alberto Soi\" \/>\n<meta name=\"twitter:card\" content=\"summary_large_image\" \/>\n<meta name=\"twitter:label1\" content=\"Scritto da\" \/>\n\t<meta name=\"twitter:data1\" content=\"Alberto Soi\" \/>\n\t<meta name=\"twitter:label2\" content=\"Tempo di lettura stimato\" \/>\n\t<meta name=\"twitter:data2\" content=\"5 minuti\" \/>\n<script type=\"application\/ld+json\" class=\"yoast-schema-graph\">{\"@context\":\"https:\\\/\\\/schema.org\",\"@graph\":[{\"@type\":\"Article\",\"@id\":\"https:\\\/\\\/www.sarlux.saras.it\\\/it\\\/saras-per-la-scuola\\\/#article\",\"isPartOf\":{\"@id\":\"https:\\\/\\\/www.sarlux.saras.it\\\/it\\\/saras-per-la-scuola\\\/\"},\"author\":{\"name\":\"Alberto Soi\",\"@id\":\"https:\\\/\\\/www.sarlux.saras.it\\\/it\\\/#\\\/schema\\\/person\\\/f369fc2d7dbcc34d69a0975e8fe360af\"},\"headline\":\"Saras per la scuola\",\"datePublished\":\"2024-06-25T10:26:52+00:00\",\"dateModified\":\"2024-09-04T07:43:21+00:00\",\"mainEntityOfPage\":{\"@id\":\"https:\\\/\\\/www.sarlux.saras.it\\\/it\\\/saras-per-la-scuola\\\/\"},\"wordCount\":1043,\"publisher\":{\"@id\":\"https:\\\/\\\/www.sarlux.saras.it\\\/it\\\/#organization\"},\"image\":{\"@id\":\"https:\\\/\\\/www.sarlux.saras.it\\\/it\\\/saras-per-la-scuola\\\/#primaryimage\"},\"thumbnailUrl\":\"https:\\\/\\\/www.sarlux.saras.it\\\/wp-content\\\/uploads\\\/2024\\\/06\\\/cover-Saras-Sarlux-Sarroch-Pula-Villa-San-Pietro-Capoterra-Domus-de-Maria.jpg\",\"keywords\":[\"Borsa studio\",\"Cagliari\",\"Cagliari Calcio\",\"Cagliari football academy\",\"Capoterra\",\"comunit\u00e0\",\"cultura\",\"diritto allo studio\",\"Educazione\",\"formazione\",\"Impegno sociale\",\"scuola\"],\"articleSection\":[\"home\",\"News\"],\"inLanguage\":\"it-IT\"},{\"@type\":\"WebPage\",\"@id\":\"https:\\\/\\\/www.sarlux.saras.it\\\/it\\\/saras-per-la-scuola\\\/\",\"url\":\"https:\\\/\\\/www.sarlux.saras.it\\\/it\\\/saras-per-la-scuola\\\/\",\"name\":\"Saras per la scuola - Sarlux Saras | Refining & Power\",\"isPartOf\":{\"@id\":\"https:\\\/\\\/www.sarlux.saras.it\\\/it\\\/#website\"},\"primaryImageOfPage\":{\"@id\":\"https:\\\/\\\/www.sarlux.saras.it\\\/it\\\/saras-per-la-scuola\\\/#primaryimage\"},\"image\":{\"@id\":\"https:\\\/\\\/www.sarlux.saras.it\\\/it\\\/saras-per-la-scuola\\\/#primaryimage\"},\"thumbnailUrl\":\"https:\\\/\\\/www.sarlux.saras.it\\\/wp-content\\\/uploads\\\/2024\\\/06\\\/cover-Saras-Sarlux-Sarroch-Pula-Villa-San-Pietro-Capoterra-Domus-de-Maria.jpg\",\"datePublished\":\"2024-06-25T10:26:52+00:00\",\"dateModified\":\"2024-09-04T07:43:21+00:00\",\"description\":\"Il diritto allo studio \u00e8 un valore che porta alla crescita culturale, allo sviluppo e al benessere, \u00e8 per questo che Saras ha attivato diversi percorsi per venire incontro alle richieste della scuola e contribuire in modo efficace.\",\"breadcrumb\":{\"@id\":\"https:\\\/\\\/www.sarlux.saras.it\\\/it\\\/saras-per-la-scuola\\\/#breadcrumb\"},\"inLanguage\":\"it-IT\",\"potentialAction\":[{\"@type\":\"ReadAction\",\"target\":[\"https:\\\/\\\/www.sarlux.saras.it\\\/it\\\/saras-per-la-scuola\\\/\"]}]},{\"@type\":\"ImageObject\",\"inLanguage\":\"it-IT\",\"@id\":\"https:\\\/\\\/www.sarlux.saras.it\\\/it\\\/saras-per-la-scuola\\\/#primaryimage\",\"url\":\"https:\\\/\\\/www.sarlux.saras.it\\\/wp-content\\\/uploads\\\/2024\\\/06\\\/cover-Saras-Sarlux-Sarroch-Pula-Villa-San-Pietro-Capoterra-Domus-de-Maria.jpg\",\"contentUrl\":\"https:\\\/\\\/www.sarlux.saras.it\\\/wp-content\\\/uploads\\\/2024\\\/06\\\/cover-Saras-Sarlux-Sarroch-Pula-Villa-San-Pietro-Capoterra-Domus-de-Maria.jpg\",\"width\":990,\"height\":450},{\"@type\":\"BreadcrumbList\",\"@id\":\"https:\\\/\\\/www.sarlux.saras.it\\\/it\\\/saras-per-la-scuola\\\/#breadcrumb\",\"itemListElement\":[{\"@type\":\"ListItem\",\"position\":1,\"name\":\"Home\",\"item\":\"https:\\\/\\\/www.sarlux.saras.it\\\/it\\\/\"},{\"@type\":\"ListItem\",\"position\":2,\"name\":\"Saras per la scuola\"}]},{\"@type\":\"WebSite\",\"@id\":\"https:\\\/\\\/www.sarlux.saras.it\\\/it\\\/#website\",\"url\":\"https:\\\/\\\/www.sarlux.saras.it\\\/it\\\/\",\"name\":\"Sarlux\",\"description\":\"\",\"publisher\":{\"@id\":\"https:\\\/\\\/www.sarlux.saras.it\\\/it\\\/#organization\"},\"potentialAction\":[{\"@type\":\"SearchAction\",\"target\":{\"@type\":\"EntryPoint\",\"urlTemplate\":\"https:\\\/\\\/www.sarlux.saras.it\\\/it\\\/?s={search_term_string}\"},\"query-input\":{\"@type\":\"PropertyValueSpecification\",\"valueRequired\":true,\"valueName\":\"search_term_string\"}}],\"inLanguage\":\"it-IT\"},{\"@type\":\"Organization\",\"@id\":\"https:\\\/\\\/www.sarlux.saras.it\\\/it\\\/#organization\",\"name\":\"Sarlux\",\"url\":\"https:\\\/\\\/www.sarlux.saras.it\\\/it\\\/\",\"logo\":{\"@type\":\"ImageObject\",\"inLanguage\":\"it-IT\",\"@id\":\"https:\\\/\\\/www.sarlux.saras.it\\\/it\\\/#\\\/schema\\\/logo\\\/image\\\/\",\"url\":\"https:\\\/\\\/www.sarlux.saras.it\\\/wp-content\\\/uploads\\\/2017\\\/12\\\/logo-pc-1.png\",\"contentUrl\":\"https:\\\/\\\/www.sarlux.saras.it\\\/wp-content\\\/uploads\\\/2017\\\/12\\\/logo-pc-1.png\",\"width\":184,\"height\":86,\"caption\":\"Sarlux\"},\"image\":{\"@id\":\"https:\\\/\\\/www.sarlux.saras.it\\\/it\\\/#\\\/schema\\\/logo\\\/image\\\/\"}},{\"@type\":\"Person\",\"@id\":\"https:\\\/\\\/www.sarlux.saras.it\\\/it\\\/#\\\/schema\\\/person\\\/f369fc2d7dbcc34d69a0975e8fe360af\",\"name\":\"Alberto Soi\",\"image\":{\"@type\":\"ImageObject\",\"inLanguage\":\"it-IT\",\"@id\":\"https:\\\/\\\/secure.gravatar.com\\\/avatar\\\/cc70035cae62a8d1e88cc2ac9d8e48bd174728dd9c5b3730ca1cbcb3eee8991b?s=96&d=mm&r=g\",\"url\":\"https:\\\/\\\/secure.gravatar.com\\\/avatar\\\/cc70035cae62a8d1e88cc2ac9d8e48bd174728dd9c5b3730ca1cbcb3eee8991b?s=96&d=mm&r=g\",\"contentUrl\":\"https:\\\/\\\/secure.gravatar.com\\\/avatar\\\/cc70035cae62a8d1e88cc2ac9d8e48bd174728dd9c5b3730ca1cbcb3eee8991b?s=96&d=mm&r=g\",\"caption\":\"Alberto Soi\"},\"url\":\"\"}]}<\/script>\n<!-- \/ Yoast SEO plugin. -->","yoast_head_json":{"title":"Saras per la scuola - Sarlux Saras | Refining & Power","description":"Il diritto allo studio \u00e8 un valore che porta alla crescita culturale, allo sviluppo e al benessere, \u00e8 per questo che Saras ha attivato diversi percorsi per venire incontro alle richieste della scuola e contribuire in modo efficace.","robots":{"index":"index","follow":"follow","max-snippet":"max-snippet:-1","max-image-preview":"max-image-preview:large","max-video-preview":"max-video-preview:-1"},"canonical":"https:\/\/www.sarlux.saras.it\/it\/saras-per-la-scuola\/","og_locale":"it_IT","og_type":"article","og_title":"Saras per la scuola - Sarlux Saras | Refining & Power","og_description":"Il diritto allo studio \u00e8 un valore che porta alla crescita culturale, allo sviluppo e al benessere, \u00e8 per questo che Saras ha attivato diversi percorsi per venire incontro alle richieste della scuola e contribuire in modo efficace.","og_url":"https:\/\/www.sarlux.saras.it\/it\/saras-per-la-scuola\/","og_site_name":"Sarlux Saras | Refining & Power","article_published_time":"2024-06-25T10:26:52+00:00","article_modified_time":"2024-09-04T07:43:21+00:00","og_image":[{"width":990,"height":450,"url":"https:\/\/www.sarlux.saras.it\/wp-content\/uploads\/2024\/06\/cover-Saras-Sarlux-Sarroch-Pula-Villa-San-Pietro-Capoterra-Domus-de-Maria.jpg","type":"image\/jpeg"}],"author":"Alberto Soi","twitter_card":"summary_large_image","twitter_misc":{"Scritto da":"Alberto Soi","Tempo di lettura stimato":"5 minuti"},"schema":{"@context":"https:\/\/schema.org","@graph":[{"@type":"Article","@id":"https:\/\/www.sarlux.saras.it\/it\/saras-per-la-scuola\/#article","isPartOf":{"@id":"https:\/\/www.sarlux.saras.it\/it\/saras-per-la-scuola\/"},"author":{"name":"Alberto Soi","@id":"https:\/\/www.sarlux.saras.it\/it\/#\/schema\/person\/f369fc2d7dbcc34d69a0975e8fe360af"},"headline":"Saras per la scuola","datePublished":"2024-06-25T10:26:52+00:00","dateModified":"2024-09-04T07:43:21+00:00","mainEntityOfPage":{"@id":"https:\/\/www.sarlux.saras.it\/it\/saras-per-la-scuola\/"},"wordCount":1043,"publisher":{"@id":"https:\/\/www.sarlux.saras.it\/it\/#organization"},"image":{"@id":"https:\/\/www.sarlux.saras.it\/it\/saras-per-la-scuola\/#primaryimage"},"thumbnailUrl":"https:\/\/www.sarlux.saras.it\/wp-content\/uploads\/2024\/06\/cover-Saras-Sarlux-Sarroch-Pula-Villa-San-Pietro-Capoterra-Domus-de-Maria.jpg","keywords":["Borsa studio","Cagliari","Cagliari Calcio","Cagliari football academy","Capoterra","comunit\u00e0","cultura","diritto allo studio","Educazione","formazione","Impegno sociale","scuola"],"articleSection":["home","News"],"inLanguage":"it-IT"},{"@type":"WebPage","@id":"https:\/\/www.sarlux.saras.it\/it\/saras-per-la-scuola\/","url":"https:\/\/www.sarlux.saras.it\/it\/saras-per-la-scuola\/","name":"Saras per la scuola - Sarlux Saras | Refining & Power","isPartOf":{"@id":"https:\/\/www.sarlux.saras.it\/it\/#website"},"primaryImageOfPage":{"@id":"https:\/\/www.sarlux.saras.it\/it\/saras-per-la-scuola\/#primaryimage"},"image":{"@id":"https:\/\/www.sarlux.saras.it\/it\/saras-per-la-scuola\/#primaryimage"},"thumbnailUrl":"https:\/\/www.sarlux.saras.it\/wp-content\/uploads\/2024\/06\/cover-Saras-Sarlux-Sarroch-Pula-Villa-San-Pietro-Capoterra-Domus-de-Maria.jpg","datePublished":"2024-06-25T10:26:52+00:00","dateModified":"2024-09-04T07:43:21+00:00","description":"Il diritto allo studio \u00e8 un valore che porta alla crescita culturale, allo sviluppo e al benessere, \u00e8 per questo che Saras ha attivato diversi percorsi per venire incontro alle richieste della scuola e contribuire in modo efficace.","breadcrumb":{"@id":"https:\/\/www.sarlux.saras.it\/it\/saras-per-la-scuola\/#breadcrumb"},"inLanguage":"it-IT","potentialAction":[{"@type":"ReadAction","target":["https:\/\/www.sarlux.saras.it\/it\/saras-per-la-scuola\/"]}]},{"@type":"ImageObject","inLanguage":"it-IT","@id":"https:\/\/www.sarlux.saras.it\/it\/saras-per-la-scuola\/#primaryimage","url":"https:\/\/www.sarlux.saras.it\/wp-content\/uploads\/2024\/06\/cover-Saras-Sarlux-Sarroch-Pula-Villa-San-Pietro-Capoterra-Domus-de-Maria.jpg","contentUrl":"https:\/\/www.sarlux.saras.it\/wp-content\/uploads\/2024\/06\/cover-Saras-Sarlux-Sarroch-Pula-Villa-San-Pietro-Capoterra-Domus-de-Maria.jpg","width":990,"height":450},{"@type":"BreadcrumbList","@id":"https:\/\/www.sarlux.saras.it\/it\/saras-per-la-scuola\/#breadcrumb","itemListElement":[{"@type":"ListItem","position":1,"name":"Home","item":"https:\/\/www.sarlux.saras.it\/it\/"},{"@type":"ListItem","position":2,"name":"Saras per la scuola"}]},{"@type":"WebSite","@id":"https:\/\/www.sarlux.saras.it\/it\/#website","url":"https:\/\/www.sarlux.saras.it\/it\/","name":"Sarlux","description":"","publisher":{"@id":"https:\/\/www.sarlux.saras.it\/it\/#organization"},"potentialAction":[{"@type":"SearchAction","target":{"@type":"EntryPoint","urlTemplate":"https:\/\/www.sarlux.saras.it\/it\/?s={search_term_string}"},"query-input":{"@type":"PropertyValueSpecification","valueRequired":true,"valueName":"search_term_string"}}],"inLanguage":"it-IT"},{"@type":"Organization","@id":"https:\/\/www.sarlux.saras.it\/it\/#organization","name":"Sarlux","url":"https:\/\/www.sarlux.saras.it\/it\/","logo":{"@type":"ImageObject","inLanguage":"it-IT","@id":"https:\/\/www.sarlux.saras.it\/it\/#\/schema\/logo\/image\/","url":"https:\/\/www.sarlux.saras.it\/wp-content\/uploads\/2017\/12\/logo-pc-1.png","contentUrl":"https:\/\/www.sarlux.saras.it\/wp-content\/uploads\/2017\/12\/logo-pc-1.png","width":184,"height":86,"caption":"Sarlux"},"image":{"@id":"https:\/\/www.sarlux.saras.it\/it\/#\/schema\/logo\/image\/"}},{"@type":"Person","@id":"https:\/\/www.sarlux.saras.it\/it\/#\/schema\/person\/f369fc2d7dbcc34d69a0975e8fe360af","name":"Alberto Soi","image":{"@type":"ImageObject","inLanguage":"it-IT","@id":"https:\/\/secure.gravatar.com\/avatar\/cc70035cae62a8d1e88cc2ac9d8e48bd174728dd9c5b3730ca1cbcb3eee8991b?s=96&d=mm&r=g","url":"https:\/\/secure.gravatar.com\/avatar\/cc70035cae62a8d1e88cc2ac9d8e48bd174728dd9c5b3730ca1cbcb3eee8991b?s=96&d=mm&r=g","contentUrl":"https:\/\/secure.gravatar.com\/avatar\/cc70035cae62a8d1e88cc2ac9d8e48bd174728dd9c5b3730ca1cbcb3eee8991b?s=96&d=mm&r=g","caption":"Alberto Soi"},"url":""}]}},"_links":{"self":[{"href":"https:\/\/www.sarlux.saras.it\/it\/wp-json\/wp\/v2\/posts\/546200","targetHints":{"allow":["GET"]}}],"collection":[{"href":"https:\/\/www.sarlux.saras.it\/it\/wp-json\/wp\/v2\/posts"}],"about":[{"href":"https:\/\/www.sarlux.saras.it\/it\/wp-json\/wp\/v2\/types\/post"}],"author":[{"embeddable":true,"href":"https:\/\/www.sarlux.saras.it\/it\/wp-json\/wp\/v2\/users\/36"}],"replies":[{"embeddable":true,"href":"https:\/\/www.sarlux.saras.it\/it\/wp-json\/wp\/v2\/comments?post=546200"}],"version-history":[{"count":6,"href":"https:\/\/www.sarlux.saras.it\/it\/wp-json\/wp\/v2\/posts\/546200\/revisions"}],"predecessor-version":[{"id":546329,"href":"https:\/\/www.sarlux.saras.it\/it\/wp-json\/wp\/v2\/posts\/546200\/revisions\/546329"}],"wp:featuredmedia":[{"embeddable":true,"href":"https:\/\/www.sarlux.saras.it\/it\/wp-json\/wp\/v2\/media\/546203"}],"wp:attachment":[{"href":"https:\/\/www.sarlux.saras.it\/it\/wp-json\/wp\/v2\/media?parent=546200"}],"wp:term":[{"taxonomy":"category","embeddable":true,"href":"https:\/\/www.sarlux.saras.it\/it\/wp-json\/wp\/v2\/categories?post=546200"},{"taxonomy":"post_tag","embeddable":true,"href":"https:\/\/www.sarlux.saras.it\/it\/wp-json\/wp\/v2\/tags?post=546200"}],"curies":[{"name":"wp","href":"https:\/\/api.w.org\/{rel}","templated":true}]}}