{"id":546208,"date":"2024-06-25T10:42:09","date_gmt":"2024-06-25T10:42:09","guid":{"rendered":"https:\/\/www.sarlux.saras.it\/?p=546208"},"modified":"2024-06-25T13:27:12","modified_gmt":"2024-06-25T13:27:12","slug":"bilancio-di-sostenibilita-2023-del-gruppo-saras","status":"publish","type":"post","link":"https:\/\/www.sarlux.saras.it\/it\/bilancio-di-sostenibilita-2023-del-gruppo-saras\/","title":{"rendered":"Bilancio di Sostenibilit\u00e0 2023 del Gruppo Saras"},"content":{"rendered":"<div class=\"wpb-content-wrapper\"><p>[vc_row][vc_column][vc_column_text]<strong>Il Bilancio di Sostenibilit\u00e0 2023<\/strong>, giunto al settimo anno di pubblicazione, <strong>rappresenta il principale strumento per comunicare <\/strong>in modo chiaro e trasparente <strong>i valori e gli impegni del Gruppo per una condotta di business sempre pi\u00f9 responsabile e sostenibile <\/strong>e assolve all\u2019obbligo normativo del D.Lgs. 254\/2016 in attuazione delle Direttive UE.[\/vc_column_text][vc_empty_space height=&#8221;16px&#8221;][\/vc_column][\/vc_row][vc_row][vc_column width=&#8221;1\/2&#8243;][vc_single_image image=&#8221;546211&#8243; img_size=&#8221;full&#8221; onclick=&#8221;custom_link&#8221; img_link_target=&#8221;_blank&#8221; css=&#8221;&#8221; el_class=&#8221;didascalia&#8221; link=&#8221;https:\/\/www.sarlux.saras.it\/wp-content\/uploads\/2024\/06\/Bilancio-di-Sostenibilita-2023-Gruppo-Saras.pdf&#8221;][vc_column_text css=&#8221;&#8221;]<a href=\"https:\/\/www.sarlux.saras.it\/wp-content\/uploads\/2024\/06\/Bilancio-di-Sostenibilita-2023-Gruppo-Saras.pdf\" target=\"_blank\" rel=\"noopener\">Il <strong>Bilancio di Sostenibilit\u00e0 2023<\/strong> \u00e8 qui disponibile al download<\/a>[\/vc_column_text][\/vc_column][vc_column width=&#8221;1\/2&#8243;][vc_column_text]Come tutti gli anni, anche nel 2023 il punto di partenza della rendicontazione \u00e8 stata\u00a0<strong>l\u2019analisi degli impatti, reali e\/o potenziali, generati dall&#8217;attivit\u00e0 del Gruppo in ambito ESG<\/strong>, e la successiva determinazione di quali siano materiali.<\/p>\n<p><strong>In questo Bilancio, <\/strong>per la prima volta<strong>, Saras ha introdotto volontariamente anche una seconda prospettiva di materialit\u00e0, ovvero quella finanziaria<\/strong>, tesa a identificare i rischi e le opportunit\u00e0 in ambito economico, ambientale e sociale, a cui la societ\u00e0 \u00e8 esposta e che potrebbero causare impatti finanziari (in termini di costi, ricavi, accesso ai finanziamenti, ecc).[\/vc_column_text][vc_column_text]Questa novit\u00e0 consente a Saras di anticipare i futuri requisiti della nuova direttiva europea sull\u2019informativa di sostenibilit\u00e0, denominata CSRD (Corporate Sustainability Reporting Directive), che prevede, tra l&#8217;altro, anche l\u2019adozione di nuovi Standard di rendicontazione, denominati ESRS (European Sustainability Reporting Standards), in sostituzione degli Standard GRI (Global Reporting Initiative).<\/p>\n<p>In aggiunta alla rendicontazione dettagliata delle misure di gestione adottate dal Gruppo in relazione ai suddetti impatti, rischi e opportunit\u00e0 materiali,<strong> il Bilancio di Sostenibilit\u00e0 illustra<\/strong>, mediante numerosi KPI (Key Performance Indicators) definiti dagli standard internazionali,<strong> le performance conseguite dal Gruppo in ambito sociale, ambientale e di governance.<\/strong>[\/vc_column_text][vc_empty_space height=&#8221;16px&#8221;][\/vc_column][\/vc_row][vc_row][vc_column][vc_empty_space height=&#8221;16px&#8221;][vc_column_text]<strong>Il Bilancio di Sostenibilit\u00e0 descrive la strategia del Gruppo, <\/strong><strong>tesa a mantenere la continuit\u00e0 operativa del sito, in maniera sempre sicura, efficiente e affidabile e, parallelamente a sviluppare le fonti rinnovabili e a predisporre l&#8217;azienda a cogliere le opportunit\u00e0 derivanti dalla transizione energetica.<\/strong>[\/vc_column_text][vc_empty_space height=&#8221;16px&#8221;][\/vc_column][\/vc_row][vc_row][vc_column][vc_empty_space height=&#8221;16px&#8221;][vc_single_image image=&#8221;543244&#8243; img_size=&#8221;50&#215;50&#8243; alignment=&#8221;center&#8221;][vc_separator color=&#8221;custom&#8221; el_width=&#8221;80&#8243; accent_color=&#8221;#0070b8&#8243;][vc_empty_space height=&#8221;16px&#8221;][vc_column_text]<\/p>\n<p style=\"text-align: left;\">Le copertine delle precedenti edizioni del Bilancio di Sostenibilit\u00e0<\/p>\n<p>[\/vc_column_text][vc_row_inner css=&#8221;.vc_custom_1688116597835{margin-top: 0px !important;padding-top: 0px !important;}&#8221;][vc_column_inner width=&#8221;1\/6&#8243; css=&#8221;.vc_custom_1688116616090{margin-top: 0px !important;padding-top: 0px !important;}&#8221;][vc_single_image image=&#8221;545345&#8243; img_size=&#8221;full&#8221; alignment=&#8221;center&#8221; css=&#8221;.vc_custom_1719311832621{margin-top: 0px !important;padding-top: 0px !important;}&#8221; el_class=&#8221;didascalia&#8221;][\/vc_column_inner][vc_column_inner width=&#8221;1\/6&#8243;][vc_single_image image=&#8221;545347&#8243; img_size=&#8221;full&#8221; alignment=&#8221;center&#8221; css=&#8221;&#8221;][\/vc_column_inner][vc_column_inner width=&#8221;1\/6&#8243;][vc_single_image image=&#8221;545349&#8243; img_size=&#8221;full&#8221; alignment=&#8221;center&#8221; css=&#8221;&#8221;][\/vc_column_inner][vc_column_inner width=&#8221;1\/6&#8243;][vc_single_image image=&#8221;545351&#8243; img_size=&#8221;full&#8221; alignment=&#8221;center&#8221; css=&#8221;&#8221;][\/vc_column_inner][vc_column_inner width=&#8221;1\/6&#8243;][vc_single_image image=&#8221;545353&#8243; img_size=&#8221;full&#8221; alignment=&#8221;center&#8221; css=&#8221;&#8221;][\/vc_column_inner][vc_column_inner width=&#8221;1\/6&#8243;][vc_single_image image=&#8221;546213&#8243; img_size=&#8221;full&#8221; alignment=&#8221;center&#8221; css=&#8221;&#8221;][\/vc_column_inner][\/vc_row_inner][vc_empty_space height=&#8221;16px&#8221;][\/vc_column][\/vc_row][vc_row][vc_column][vc_icon icon_fontawesome=&#8221;fa fa-cog&#8221; size=&#8221;sm&#8221; align=&#8221;center&#8221;][vc_empty_space height=&#8221;16px&#8221;][vc_column_text]ll Gruppo Saras, fondato da Angelo Moratti nel 1962, \u00e8 uno dei principali operatori europei nel settore dell\u2019energia e raffinazione del petrolio. Tramite la capogruppo Saras SpA e le controllate Saras Trading SA, basata a Ginevra, Saras Energia SAU, basata a Madrid, il Gruppo vende e distribuisce prodotti petroliferi sul mercato nazionale e internazionale. Il Gruppo \u00e8 inoltre attivo anche nel settore della produzione di energia elettrica attraverso le controllate Sarlux Srl (impianto IGCC) e Sardeolica Srl (parco eolico). Il Gruppo Saras conta 1.591 dipendenti e presenta ricavi pari a circa 11,4 miliardi di Euro al 31 dicembre 2023.[\/vc_column_text][vc_empty_space][\/vc_column][\/vc_row][vc_row][vc_column][vc_empty_space][vc_icon icon_fontawesome=&#8221;fa fa-cog&#8221; size=&#8221;sm&#8221; align=&#8221;center&#8221;][\/vc_column][\/vc_row][vc_row][vc_column][vc_empty_space height=&#8221;16px&#8221;][\/vc_column][\/vc_row]<\/p>\n<\/div>","protected":false},"excerpt":{"rendered":"<p>Saras illustra in maniera trasparente la propria strategia di sostenibilit\u00e0, fondata sul costante impegno ambientale, sociale e di governance, con la pubblicazione annuale del Bilancio di Sostenibilit\u00e0 di Gruppo.<\/p>\n","protected":false},"author":36,"featured_media":546215,"comment_status":"closed","ping_status":"open","sticky":false,"template":"","format":"standard","meta":{"_acf_changed":false,"inline_featured_image":false,"footnotes":""},"categories":[26,17],"tags":[38,438,458,316,97,29,47,82,108,519,50,105,53,111,516],"class_list":["post-546208","post","type-post","status-publish","format-standard","has-post-thumbnail","hentry","category-home-it","category-news","tag-ambiente","tag-comunita","tag-decarbonizzazione","tag-energie-rinnovabili","tag-gruppo-saras","tag-impegno-sociale","tag-industria-4-0","tag-innovazione","tag-raffineria","tag-riduzione-emissioni","tag-saras","tag-sardegna","tag-sarlux","tag-sostenibilita","tag-transizione-energetica"],"acf":[],"yoast_head":"<!-- This site is optimized with the Yoast SEO plugin v27.3 - https:\/\/yoast.com\/product\/yoast-seo-wordpress\/ -->\n<title>Bilancio di Sostenibilit\u00e0 2023 del Gruppo Saras - Sarlux Saras | Refining &amp; Power<\/title>\n<meta name=\"description\" content=\"Saras illustra in maniera trasparente la propria strategia di sostenibilit\u00e0, fondata sul costante impegno ambientale, sociale e di governance, con la pubblicazione annuale del Bilancio di Sostenibilit\u00e0 di Gruppo.\" \/>\n<meta name=\"robots\" content=\"index, follow, max-snippet:-1, max-image-preview:large, max-video-preview:-1\" \/>\n<link rel=\"canonical\" href=\"https:\/\/www.sarlux.saras.it\/it\/bilancio-di-sostenibilita-2023-del-gruppo-saras\/\" \/>\n<meta property=\"og:locale\" content=\"it_IT\" \/>\n<meta property=\"og:type\" content=\"article\" \/>\n<meta property=\"og:title\" content=\"Bilancio di Sostenibilit\u00e0 2023 del Gruppo Saras - Sarlux Saras | Refining &amp; Power\" \/>\n<meta property=\"og:description\" content=\"Saras illustra in maniera trasparente la propria strategia di sostenibilit\u00e0, fondata sul costante impegno ambientale, sociale e di governance, con la pubblicazione annuale del Bilancio di Sostenibilit\u00e0 di Gruppo.\" \/>\n<meta property=\"og:url\" content=\"https:\/\/www.sarlux.saras.it\/it\/bilancio-di-sostenibilita-2023-del-gruppo-saras\/\" \/>\n<meta property=\"og:site_name\" content=\"Sarlux Saras | Refining &amp; Power\" \/>\n<meta property=\"article:published_time\" content=\"2024-06-25T10:42:09+00:00\" \/>\n<meta property=\"article:modified_time\" content=\"2024-06-25T13:27:12+00:00\" \/>\n<meta property=\"og:image\" content=\"https:\/\/www.sarlux.saras.it\/wp-content\/uploads\/2024\/06\/evidenza-Saras-Bilancio-di-Sostenibilita-2023.jpg\" \/>\n\t<meta property=\"og:image:width\" content=\"992\" \/>\n\t<meta property=\"og:image:height\" content=\"452\" \/>\n\t<meta property=\"og:image:type\" content=\"image\/jpeg\" \/>\n<meta name=\"author\" content=\"Alberto Soi\" \/>\n<meta name=\"twitter:card\" content=\"summary_large_image\" \/>\n<meta name=\"twitter:label1\" content=\"Scritto da\" \/>\n\t<meta name=\"twitter:data1\" content=\"Alberto Soi\" \/>\n\t<meta name=\"twitter:label2\" content=\"Tempo di lettura stimato\" \/>\n\t<meta name=\"twitter:data2\" content=\"3 minuti\" \/>\n<script type=\"application\/ld+json\" class=\"yoast-schema-graph\">{\"@context\":\"https:\\\/\\\/schema.org\",\"@graph\":[{\"@type\":\"Article\",\"@id\":\"https:\\\/\\\/www.sarlux.saras.it\\\/it\\\/bilancio-di-sostenibilita-2023-del-gruppo-saras\\\/#article\",\"isPartOf\":{\"@id\":\"https:\\\/\\\/www.sarlux.saras.it\\\/it\\\/bilancio-di-sostenibilita-2023-del-gruppo-saras\\\/\"},\"author\":{\"name\":\"Alberto Soi\",\"@id\":\"https:\\\/\\\/www.sarlux.saras.it\\\/it\\\/#\\\/schema\\\/person\\\/f369fc2d7dbcc34d69a0975e8fe360af\"},\"headline\":\"Bilancio di Sostenibilit\u00e0 2023 del Gruppo Saras\",\"datePublished\":\"2024-06-25T10:42:09+00:00\",\"dateModified\":\"2024-06-25T13:27:12+00:00\",\"mainEntityOfPage\":{\"@id\":\"https:\\\/\\\/www.sarlux.saras.it\\\/it\\\/bilancio-di-sostenibilita-2023-del-gruppo-saras\\\/\"},\"wordCount\":758,\"publisher\":{\"@id\":\"https:\\\/\\\/www.sarlux.saras.it\\\/it\\\/#organization\"},\"image\":{\"@id\":\"https:\\\/\\\/www.sarlux.saras.it\\\/it\\\/bilancio-di-sostenibilita-2023-del-gruppo-saras\\\/#primaryimage\"},\"thumbnailUrl\":\"https:\\\/\\\/www.sarlux.saras.it\\\/wp-content\\\/uploads\\\/2024\\\/06\\\/evidenza-Saras-Bilancio-di-Sostenibilita-2023.jpg\",\"keywords\":[\"Ambiente\",\"comunit\u00e0\",\"decarbonizzazione\",\"energie rinnovabili\",\"Gruppo Saras\",\"Impegno sociale\",\"industria 4.0\",\"Innovazione\",\"raffineria\",\"riduzione emissioni\",\"Saras\",\"sardegna\",\"Sarlux\",\"sostenibilit\u00e0\",\"transizione energetica\"],\"articleSection\":[\"home\",\"News\"],\"inLanguage\":\"it-IT\"},{\"@type\":\"WebPage\",\"@id\":\"https:\\\/\\\/www.sarlux.saras.it\\\/it\\\/bilancio-di-sostenibilita-2023-del-gruppo-saras\\\/\",\"url\":\"https:\\\/\\\/www.sarlux.saras.it\\\/it\\\/bilancio-di-sostenibilita-2023-del-gruppo-saras\\\/\",\"name\":\"Bilancio di Sostenibilit\u00e0 2023 del Gruppo Saras - Sarlux Saras | Refining & Power\",\"isPartOf\":{\"@id\":\"https:\\\/\\\/www.sarlux.saras.it\\\/it\\\/#website\"},\"primaryImageOfPage\":{\"@id\":\"https:\\\/\\\/www.sarlux.saras.it\\\/it\\\/bilancio-di-sostenibilita-2023-del-gruppo-saras\\\/#primaryimage\"},\"image\":{\"@id\":\"https:\\\/\\\/www.sarlux.saras.it\\\/it\\\/bilancio-di-sostenibilita-2023-del-gruppo-saras\\\/#primaryimage\"},\"thumbnailUrl\":\"https:\\\/\\\/www.sarlux.saras.it\\\/wp-content\\\/uploads\\\/2024\\\/06\\\/evidenza-Saras-Bilancio-di-Sostenibilita-2023.jpg\",\"datePublished\":\"2024-06-25T10:42:09+00:00\",\"dateModified\":\"2024-06-25T13:27:12+00:00\",\"description\":\"Saras illustra in maniera trasparente la propria strategia di sostenibilit\u00e0, fondata sul costante impegno ambientale, sociale e di governance, con la pubblicazione annuale del Bilancio di Sostenibilit\u00e0 di Gruppo.\",\"breadcrumb\":{\"@id\":\"https:\\\/\\\/www.sarlux.saras.it\\\/it\\\/bilancio-di-sostenibilita-2023-del-gruppo-saras\\\/#breadcrumb\"},\"inLanguage\":\"it-IT\",\"potentialAction\":[{\"@type\":\"ReadAction\",\"target\":[\"https:\\\/\\\/www.sarlux.saras.it\\\/it\\\/bilancio-di-sostenibilita-2023-del-gruppo-saras\\\/\"]}]},{\"@type\":\"ImageObject\",\"inLanguage\":\"it-IT\",\"@id\":\"https:\\\/\\\/www.sarlux.saras.it\\\/it\\\/bilancio-di-sostenibilita-2023-del-gruppo-saras\\\/#primaryimage\",\"url\":\"https:\\\/\\\/www.sarlux.saras.it\\\/wp-content\\\/uploads\\\/2024\\\/06\\\/evidenza-Saras-Bilancio-di-Sostenibilita-2023.jpg\",\"contentUrl\":\"https:\\\/\\\/www.sarlux.saras.it\\\/wp-content\\\/uploads\\\/2024\\\/06\\\/evidenza-Saras-Bilancio-di-Sostenibilita-2023.jpg\",\"width\":992,\"height\":452},{\"@type\":\"BreadcrumbList\",\"@id\":\"https:\\\/\\\/www.sarlux.saras.it\\\/it\\\/bilancio-di-sostenibilita-2023-del-gruppo-saras\\\/#breadcrumb\",\"itemListElement\":[{\"@type\":\"ListItem\",\"position\":1,\"name\":\"Home\",\"item\":\"https:\\\/\\\/www.sarlux.saras.it\\\/it\\\/\"},{\"@type\":\"ListItem\",\"position\":2,\"name\":\"Bilancio di Sostenibilit\u00e0 2023 del Gruppo Saras\"}]},{\"@type\":\"WebSite\",\"@id\":\"https:\\\/\\\/www.sarlux.saras.it\\\/it\\\/#website\",\"url\":\"https:\\\/\\\/www.sarlux.saras.it\\\/it\\\/\",\"name\":\"Sarlux\",\"description\":\"\",\"publisher\":{\"@id\":\"https:\\\/\\\/www.sarlux.saras.it\\\/it\\\/#organization\"},\"potentialAction\":[{\"@type\":\"SearchAction\",\"target\":{\"@type\":\"EntryPoint\",\"urlTemplate\":\"https:\\\/\\\/www.sarlux.saras.it\\\/it\\\/?s={search_term_string}\"},\"query-input\":{\"@type\":\"PropertyValueSpecification\",\"valueRequired\":true,\"valueName\":\"search_term_string\"}}],\"inLanguage\":\"it-IT\"},{\"@type\":\"Organization\",\"@id\":\"https:\\\/\\\/www.sarlux.saras.it\\\/it\\\/#organization\",\"name\":\"Sarlux\",\"url\":\"https:\\\/\\\/www.sarlux.saras.it\\\/it\\\/\",\"logo\":{\"@type\":\"ImageObject\",\"inLanguage\":\"it-IT\",\"@id\":\"https:\\\/\\\/www.sarlux.saras.it\\\/it\\\/#\\\/schema\\\/logo\\\/image\\\/\",\"url\":\"https:\\\/\\\/www.sarlux.saras.it\\\/wp-content\\\/uploads\\\/2017\\\/12\\\/logo-pc-1.png\",\"contentUrl\":\"https:\\\/\\\/www.sarlux.saras.it\\\/wp-content\\\/uploads\\\/2017\\\/12\\\/logo-pc-1.png\",\"width\":184,\"height\":86,\"caption\":\"Sarlux\"},\"image\":{\"@id\":\"https:\\\/\\\/www.sarlux.saras.it\\\/it\\\/#\\\/schema\\\/logo\\\/image\\\/\"}},{\"@type\":\"Person\",\"@id\":\"https:\\\/\\\/www.sarlux.saras.it\\\/it\\\/#\\\/schema\\\/person\\\/f369fc2d7dbcc34d69a0975e8fe360af\",\"name\":\"Alberto Soi\",\"image\":{\"@type\":\"ImageObject\",\"inLanguage\":\"it-IT\",\"@id\":\"https:\\\/\\\/secure.gravatar.com\\\/avatar\\\/cc70035cae62a8d1e88cc2ac9d8e48bd174728dd9c5b3730ca1cbcb3eee8991b?s=96&d=mm&r=g\",\"url\":\"https:\\\/\\\/secure.gravatar.com\\\/avatar\\\/cc70035cae62a8d1e88cc2ac9d8e48bd174728dd9c5b3730ca1cbcb3eee8991b?s=96&d=mm&r=g\",\"contentUrl\":\"https:\\\/\\\/secure.gravatar.com\\\/avatar\\\/cc70035cae62a8d1e88cc2ac9d8e48bd174728dd9c5b3730ca1cbcb3eee8991b?s=96&d=mm&r=g\",\"caption\":\"Alberto Soi\"},\"url\":\"\"}]}<\/script>\n<!-- \/ Yoast SEO plugin. -->","yoast_head_json":{"title":"Bilancio di Sostenibilit\u00e0 2023 del Gruppo Saras - Sarlux Saras | Refining & Power","description":"Saras illustra in maniera trasparente la propria strategia di sostenibilit\u00e0, fondata sul costante impegno ambientale, sociale e di governance, con la pubblicazione annuale del Bilancio di Sostenibilit\u00e0 di Gruppo.","robots":{"index":"index","follow":"follow","max-snippet":"max-snippet:-1","max-image-preview":"max-image-preview:large","max-video-preview":"max-video-preview:-1"},"canonical":"https:\/\/www.sarlux.saras.it\/it\/bilancio-di-sostenibilita-2023-del-gruppo-saras\/","og_locale":"it_IT","og_type":"article","og_title":"Bilancio di Sostenibilit\u00e0 2023 del Gruppo Saras - Sarlux Saras | Refining & Power","og_description":"Saras illustra in maniera trasparente la propria strategia di sostenibilit\u00e0, fondata sul costante impegno ambientale, sociale e di governance, con la pubblicazione annuale del Bilancio di Sostenibilit\u00e0 di Gruppo.","og_url":"https:\/\/www.sarlux.saras.it\/it\/bilancio-di-sostenibilita-2023-del-gruppo-saras\/","og_site_name":"Sarlux Saras | Refining & Power","article_published_time":"2024-06-25T10:42:09+00:00","article_modified_time":"2024-06-25T13:27:12+00:00","og_image":[{"width":992,"height":452,"url":"https:\/\/www.sarlux.saras.it\/wp-content\/uploads\/2024\/06\/evidenza-Saras-Bilancio-di-Sostenibilita-2023.jpg","type":"image\/jpeg"}],"author":"Alberto Soi","twitter_card":"summary_large_image","twitter_misc":{"Scritto da":"Alberto Soi","Tempo di lettura stimato":"3 minuti"},"schema":{"@context":"https:\/\/schema.org","@graph":[{"@type":"Article","@id":"https:\/\/www.sarlux.saras.it\/it\/bilancio-di-sostenibilita-2023-del-gruppo-saras\/#article","isPartOf":{"@id":"https:\/\/www.sarlux.saras.it\/it\/bilancio-di-sostenibilita-2023-del-gruppo-saras\/"},"author":{"name":"Alberto Soi","@id":"https:\/\/www.sarlux.saras.it\/it\/#\/schema\/person\/f369fc2d7dbcc34d69a0975e8fe360af"},"headline":"Bilancio di Sostenibilit\u00e0 2023 del Gruppo Saras","datePublished":"2024-06-25T10:42:09+00:00","dateModified":"2024-06-25T13:27:12+00:00","mainEntityOfPage":{"@id":"https:\/\/www.sarlux.saras.it\/it\/bilancio-di-sostenibilita-2023-del-gruppo-saras\/"},"wordCount":758,"publisher":{"@id":"https:\/\/www.sarlux.saras.it\/it\/#organization"},"image":{"@id":"https:\/\/www.sarlux.saras.it\/it\/bilancio-di-sostenibilita-2023-del-gruppo-saras\/#primaryimage"},"thumbnailUrl":"https:\/\/www.sarlux.saras.it\/wp-content\/uploads\/2024\/06\/evidenza-Saras-Bilancio-di-Sostenibilita-2023.jpg","keywords":["Ambiente","comunit\u00e0","decarbonizzazione","energie rinnovabili","Gruppo Saras","Impegno sociale","industria 4.0","Innovazione","raffineria","riduzione emissioni","Saras","sardegna","Sarlux","sostenibilit\u00e0","transizione energetica"],"articleSection":["home","News"],"inLanguage":"it-IT"},{"@type":"WebPage","@id":"https:\/\/www.sarlux.saras.it\/it\/bilancio-di-sostenibilita-2023-del-gruppo-saras\/","url":"https:\/\/www.sarlux.saras.it\/it\/bilancio-di-sostenibilita-2023-del-gruppo-saras\/","name":"Bilancio di Sostenibilit\u00e0 2023 del Gruppo Saras - Sarlux Saras | Refining & Power","isPartOf":{"@id":"https:\/\/www.sarlux.saras.it\/it\/#website"},"primaryImageOfPage":{"@id":"https:\/\/www.sarlux.saras.it\/it\/bilancio-di-sostenibilita-2023-del-gruppo-saras\/#primaryimage"},"image":{"@id":"https:\/\/www.sarlux.saras.it\/it\/bilancio-di-sostenibilita-2023-del-gruppo-saras\/#primaryimage"},"thumbnailUrl":"https:\/\/www.sarlux.saras.it\/wp-content\/uploads\/2024\/06\/evidenza-Saras-Bilancio-di-Sostenibilita-2023.jpg","datePublished":"2024-06-25T10:42:09+00:00","dateModified":"2024-06-25T13:27:12+00:00","description":"Saras illustra in maniera trasparente la propria strategia di sostenibilit\u00e0, fondata sul costante impegno ambientale, sociale e di governance, con la pubblicazione annuale del Bilancio di Sostenibilit\u00e0 di Gruppo.","breadcrumb":{"@id":"https:\/\/www.sarlux.saras.it\/it\/bilancio-di-sostenibilita-2023-del-gruppo-saras\/#breadcrumb"},"inLanguage":"it-IT","potentialAction":[{"@type":"ReadAction","target":["https:\/\/www.sarlux.saras.it\/it\/bilancio-di-sostenibilita-2023-del-gruppo-saras\/"]}]},{"@type":"ImageObject","inLanguage":"it-IT","@id":"https:\/\/www.sarlux.saras.it\/it\/bilancio-di-sostenibilita-2023-del-gruppo-saras\/#primaryimage","url":"https:\/\/www.sarlux.saras.it\/wp-content\/uploads\/2024\/06\/evidenza-Saras-Bilancio-di-Sostenibilita-2023.jpg","contentUrl":"https:\/\/www.sarlux.saras.it\/wp-content\/uploads\/2024\/06\/evidenza-Saras-Bilancio-di-Sostenibilita-2023.jpg","width":992,"height":452},{"@type":"BreadcrumbList","@id":"https:\/\/www.sarlux.saras.it\/it\/bilancio-di-sostenibilita-2023-del-gruppo-saras\/#breadcrumb","itemListElement":[{"@type":"ListItem","position":1,"name":"Home","item":"https:\/\/www.sarlux.saras.it\/it\/"},{"@type":"ListItem","position":2,"name":"Bilancio di Sostenibilit\u00e0 2023 del Gruppo Saras"}]},{"@type":"WebSite","@id":"https:\/\/www.sarlux.saras.it\/it\/#website","url":"https:\/\/www.sarlux.saras.it\/it\/","name":"Sarlux","description":"","publisher":{"@id":"https:\/\/www.sarlux.saras.it\/it\/#organization"},"potentialAction":[{"@type":"SearchAction","target":{"@type":"EntryPoint","urlTemplate":"https:\/\/www.sarlux.saras.it\/it\/?s={search_term_string}"},"query-input":{"@type":"PropertyValueSpecification","valueRequired":true,"valueName":"search_term_string"}}],"inLanguage":"it-IT"},{"@type":"Organization","@id":"https:\/\/www.sarlux.saras.it\/it\/#organization","name":"Sarlux","url":"https:\/\/www.sarlux.saras.it\/it\/","logo":{"@type":"ImageObject","inLanguage":"it-IT","@id":"https:\/\/www.sarlux.saras.it\/it\/#\/schema\/logo\/image\/","url":"https:\/\/www.sarlux.saras.it\/wp-content\/uploads\/2017\/12\/logo-pc-1.png","contentUrl":"https:\/\/www.sarlux.saras.it\/wp-content\/uploads\/2017\/12\/logo-pc-1.png","width":184,"height":86,"caption":"Sarlux"},"image":{"@id":"https:\/\/www.sarlux.saras.it\/it\/#\/schema\/logo\/image\/"}},{"@type":"Person","@id":"https:\/\/www.sarlux.saras.it\/it\/#\/schema\/person\/f369fc2d7dbcc34d69a0975e8fe360af","name":"Alberto Soi","image":{"@type":"ImageObject","inLanguage":"it-IT","@id":"https:\/\/secure.gravatar.com\/avatar\/cc70035cae62a8d1e88cc2ac9d8e48bd174728dd9c5b3730ca1cbcb3eee8991b?s=96&d=mm&r=g","url":"https:\/\/secure.gravatar.com\/avatar\/cc70035cae62a8d1e88cc2ac9d8e48bd174728dd9c5b3730ca1cbcb3eee8991b?s=96&d=mm&r=g","contentUrl":"https:\/\/secure.gravatar.com\/avatar\/cc70035cae62a8d1e88cc2ac9d8e48bd174728dd9c5b3730ca1cbcb3eee8991b?s=96&d=mm&r=g","caption":"Alberto Soi"},"url":""}]}},"_links":{"self":[{"href":"https:\/\/www.sarlux.saras.it\/it\/wp-json\/wp\/v2\/posts\/546208","targetHints":{"allow":["GET"]}}],"collection":[{"href":"https:\/\/www.sarlux.saras.it\/it\/wp-json\/wp\/v2\/posts"}],"about":[{"href":"https:\/\/www.sarlux.saras.it\/it\/wp-json\/wp\/v2\/types\/post"}],"author":[{"embeddable":true,"href":"https:\/\/www.sarlux.saras.it\/it\/wp-json\/wp\/v2\/users\/36"}],"replies":[{"embeddable":true,"href":"https:\/\/www.sarlux.saras.it\/it\/wp-json\/wp\/v2\/comments?post=546208"}],"version-history":[{"count":2,"href":"https:\/\/www.sarlux.saras.it\/it\/wp-json\/wp\/v2\/posts\/546208\/revisions"}],"predecessor-version":[{"id":546218,"href":"https:\/\/www.sarlux.saras.it\/it\/wp-json\/wp\/v2\/posts\/546208\/revisions\/546218"}],"wp:featuredmedia":[{"embeddable":true,"href":"https:\/\/www.sarlux.saras.it\/it\/wp-json\/wp\/v2\/media\/546215"}],"wp:attachment":[{"href":"https:\/\/www.sarlux.saras.it\/it\/wp-json\/wp\/v2\/media?parent=546208"}],"wp:term":[{"taxonomy":"category","embeddable":true,"href":"https:\/\/www.sarlux.saras.it\/it\/wp-json\/wp\/v2\/categories?post=546208"},{"taxonomy":"post_tag","embeddable":true,"href":"https:\/\/www.sarlux.saras.it\/it\/wp-json\/wp\/v2\/tags?post=546208"}],"curies":[{"name":"wp","href":"https:\/\/api.w.org\/{rel}","templated":true}]}}