{"id":546230,"date":"2024-06-28T09:07:20","date_gmt":"2024-06-28T09:07:20","guid":{"rendered":"https:\/\/www.sarlux.saras.it\/?p=546230"},"modified":"2024-09-03T13:47:27","modified_gmt":"2024-09-03T13:47:27","slug":"innovazione-per-la-sostenibilita","status":"publish","type":"post","link":"https:\/\/www.sarlux.saras.it\/it\/innovazione-per-la-sostenibilita\/","title":{"rendered":"Innovazione per la sostenibilit\u00e0"},"content":{"rendered":"<div class=\"wpb-content-wrapper\"><p>[vc_row][vc_column][vc_column_text]<strong>Saras ha dato il suo contributo culturale, tecnico e organizzativo ad AMEST 2024<\/strong>, il 6\u00b0 workshop internazionale IFAC su ingegneria, servizi e tecnologia di manutenzione avanzata e gestione del ciclo di vita degli asset per sistemi sostenibili e resilienti.[\/vc_column_text][vc_empty_space height=&#8221;16px&#8221;][\/vc_column][\/vc_row][vc_row][vc_column width=&#8221;2\/3&#8243;]\n\t\t\t<!-- START AMEST2024 REVOLUTION SLIDER 6.6.14 --><p class=\"rs-p-wp-fix\"><\/p>\n\t\t\t<rs-module-wrap id=\"rev_slider_122_1_wrapper\" data-source=\"gallery\" style=\"visibility:hidden;background:transparent;padding:0;margin:0px auto;margin-top:0;margin-bottom:0;\">\n\t\t\t\t<rs-module id=\"rev_slider_122_1\" style=\"\" data-version=\"6.6.14\">\n\t\t\t\t\t<rs-slides style=\"overflow: hidden; position: absolute;\">\n\t\t\t\t\t\t<rs-slide style=\"position: absolute;\" data-key=\"rs-1479\" data-title=\"Slide\" data-thumb=\"\/\/www.sarlux.saras.it\/wp-content\/uploads\/revslider\/AMEST2024\/006-AMEST2024-Saras-Sarlux.jpg\" data-in=\"o:0;\" data-out=\"a:false;\">\n\t\t\t\t\t\t\t<img decoding=\"async\" src=\"\/\/www.sarlux.saras.it\/wp-content\/plugins\/revslider\/public\/assets\/assets\/dummy.png\" alt=\"\" title=\"006-AMEST2024-Saras-Sarlux.jpg\" width=\"1200\" height=\"800\" class=\"rev-slidebg tp-rs-img rs-lazyload\" data-lazyload=\"\/\/www.sarlux.saras.it\/wp-content\/uploads\/revslider\/AMEST2024\/006-AMEST2024-Saras-Sarlux.jpg\" data-no-retina>\n<!---->\t\t\t\t\t\t<\/rs-slide>\n\t\t\t\t\t\t<rs-slide style=\"position: absolute;\" data-key=\"rs-1480\" data-title=\"Slide\" data-thumb=\"\/\/www.sarlux.saras.it\/wp-content\/uploads\/revslider\/AMEST2024\/004-AMEST2024-Saras-Sarlux.jpg\" data-in=\"o:0;\" data-out=\"a:false;\">\n\t\t\t\t\t\t\t<img decoding=\"async\" src=\"\/\/www.sarlux.saras.it\/wp-content\/plugins\/revslider\/public\/assets\/assets\/dummy.png\" alt=\"\" title=\"004-AMEST2024-Saras-Sarlux.jpg\" width=\"1200\" height=\"800\" class=\"rev-slidebg tp-rs-img rs-lazyload\" data-lazyload=\"\/\/www.sarlux.saras.it\/wp-content\/uploads\/revslider\/AMEST2024\/004-AMEST2024-Saras-Sarlux.jpg\" data-no-retina>\n<!---->\t\t\t\t\t\t<\/rs-slide>\n\t\t\t\t\t\t<rs-slide style=\"position: absolute;\" data-key=\"rs-1481\" data-title=\"Slide\" data-thumb=\"\/\/www.sarlux.saras.it\/wp-content\/uploads\/revslider\/AMEST2024\/003-Cozza-AMEST2024-Saras-Sarlux.jpg\" data-in=\"o:0;\" data-out=\"a:false;\">\n\t\t\t\t\t\t\t<img decoding=\"async\" src=\"\/\/www.sarlux.saras.it\/wp-content\/plugins\/revslider\/public\/assets\/assets\/dummy.png\" alt=\"\" title=\"003-Cozza-AMEST2024-Saras-Sarlux.jpg\" width=\"1200\" height=\"800\" class=\"rev-slidebg tp-rs-img rs-lazyload\" data-lazyload=\"\/\/www.sarlux.saras.it\/wp-content\/uploads\/revslider\/AMEST2024\/003-Cozza-AMEST2024-Saras-Sarlux.jpg\" data-no-retina>\n<!---->\t\t\t\t\t\t<\/rs-slide>\n\t\t\t\t\t\t<rs-slide style=\"position: absolute;\" data-key=\"rs-1482\" data-title=\"Slide\" data-thumb=\"\/\/www.sarlux.saras.it\/wp-content\/uploads\/revslider\/AMEST2024\/002-Ferrero-AMEST2024-Saras-Sarlux.jpg\" data-in=\"o:0;\" data-out=\"a:false;\">\n\t\t\t\t\t\t\t<img decoding=\"async\" src=\"\/\/www.sarlux.saras.it\/wp-content\/plugins\/revslider\/public\/assets\/assets\/dummy.png\" alt=\"\" title=\"002-Ferrero-AMEST2024-Saras-Sarlux.jpg\" width=\"1200\" height=\"800\" class=\"rev-slidebg tp-rs-img rs-lazyload\" data-lazyload=\"\/\/www.sarlux.saras.it\/wp-content\/uploads\/revslider\/AMEST2024\/002-Ferrero-AMEST2024-Saras-Sarlux.jpg\" data-no-retina>\n<!---->\t\t\t\t\t\t<\/rs-slide>\n\t\t\t\t\t\t<rs-slide style=\"position: absolute;\" data-key=\"rs-1483\" data-title=\"Slide\" data-thumb=\"\/\/www.sarlux.saras.it\/wp-content\/uploads\/revslider\/AMEST2024\/005-AMEST2024-Saras-Sarlux.jpg\" data-in=\"o:0;\" data-out=\"a:false;\">\n\t\t\t\t\t\t\t<img decoding=\"async\" src=\"\/\/www.sarlux.saras.it\/wp-content\/plugins\/revslider\/public\/assets\/assets\/dummy.png\" alt=\"\" title=\"005-AMEST2024-Saras-Sarlux.jpg\" width=\"1200\" height=\"800\" class=\"rev-slidebg tp-rs-img rs-lazyload\" data-lazyload=\"\/\/www.sarlux.saras.it\/wp-content\/uploads\/revslider\/AMEST2024\/005-AMEST2024-Saras-Sarlux.jpg\" data-no-retina>\n<!---->\t\t\t\t\t\t<\/rs-slide>\n\t\t\t\t\t<\/rs-slides>\n\t\t\t\t<\/rs-module>\n\t\t\t\t<script>\n\t\t\t\t\tsetREVStartSize({c: 'rev_slider_122_1',rl:[1240,1024,778,480],el:[800],gw:[1200],gh:[800],type:'standard',justify:'',layout:'fullwidth',mh:\"0\"});if (window.RS_MODULES!==undefined && window.RS_MODULES.modules!==undefined && window.RS_MODULES.modules[\"revslider1221\"]!==undefined) {window.RS_MODULES.modules[\"revslider1221\"].once = false;window.revapi122 = undefined;if (window.RS_MODULES.checkMinimal!==undefined) window.RS_MODULES.checkMinimal()}\n\t\t\t\t<\/script>\n\t\t\t<\/rs-module-wrap>\n\t\t\t<!-- END REVOLUTION SLIDER -->\n[\/vc_column][vc_column width=&#8221;1\/3&#8243;][vc_empty_space height=&#8221;16px&#8221;][vc_column_text]Il workshop ha riunito <strong>esperti internazionali di oltre 40 istituti universitari di tutto il mondo<\/strong> e <strong>tecnici di industrie all\u2019avanguardia<\/strong> nell\u2019applicazione di prospettive nuove ed emergenti che hanno presentato e discusso gli ultimi progressi nella manutenzione e nella gestione del ciclo di vita degli asset per la transizione verso un&#8217;industria sostenibile, incentrata sull&#8217;uomo e resiliente, in linea con gli obiettivi dell\u2019Industria 5.0.<\/p>\n<p>Lo stabilimento<strong> Sarlux<\/strong> ha ospitato <strong>una nutrita delegazione internazionale<\/strong> dei partecipanti ad AMEST 2024 che hanno potuto <strong>conoscere e apprezzare gli asset produttivi del Gruppo Saras<\/strong> <strong>e il percorso di trasformazione digitale<\/strong> che Saras sta attuando da tempo per soddisfare i requisiti sempre pi\u00f9 pressanti di sostenibilit\u00e0 e le opportunit\u00e0 offerte dalle tecnologie dell\u2019Industria 5.0.[\/vc_column_text][vc_empty_space height=&#8221;16px&#8221;][\/vc_column][\/vc_row][vc_row][vc_column][vc_empty_space height=&#8221;16px&#8221;][vc_empty_space height=&#8221;16px&#8221;][vc_column_text css=&#8221;&#8221;]<\/p>\n<p style=\"text-align: center;\"><strong>Per poter operare in modo sostenibile Saras utilizza tecnologie sofisticate, tecniche innovative,<br \/>\nprocessi efficienti e conoscenze\/competenze avanzate.<\/strong><\/p>\n<p>[\/vc_column_text][vc_empty_space height=&#8221;16px&#8221;][\/vc_column][\/vc_row][vc_row][vc_column][vc_icon icon_fontawesome=&#8221;fa fa-cog&#8221; size=&#8221;sm&#8221; align=&#8221;center&#8221;][vc_empty_space height=&#8221;16px&#8221;][vc_column_text]ll Gruppo Saras, fondato da Angelo Moratti nel 1962, \u00e8 uno dei principali operatori europei nel settore dell\u2019energia e raffinazione del petrolio. Tramite la capogruppo Saras SpA e le controllate Saras Trading SA, basata a Ginevra, Saras Energia SAU, basata a Madrid, il Gruppo vende e distribuisce prodotti petroliferi sul mercato nazionale e internazionale. Il Gruppo \u00e8 inoltre attivo anche nel settore della produzione di energia elettrica attraverso le controllate Sarlux Srl (impianto IGCC) e Sardeolica Srl (parco eolico). Il Gruppo Saras conta 1.591 dipendenti e presenta ricavi pari a circa 11,4 miliardi di Euro al 31 dicembre 2023.[\/vc_column_text][vc_empty_space][\/vc_column][\/vc_row][vc_row][vc_column][vc_empty_space][vc_icon icon_fontawesome=&#8221;fa fa-cog&#8221; size=&#8221;sm&#8221; align=&#8221;center&#8221;][\/vc_column][\/vc_row][vc_row][vc_column][vc_empty_space height=&#8221;16px&#8221;][\/vc_column][\/vc_row]<\/p>\n<\/div>","protected":false},"excerpt":{"rendered":"<p>Il contributo di Saras ad AMEST 2024, il 6\u00b0 workshop internazionale IFAC<\/p>\n","protected":false},"author":36,"featured_media":546231,"comment_status":"closed","ping_status":"open","sticky":false,"template":"","format":"standard","meta":{"_acf_changed":false,"inline_featured_image":false,"footnotes":""},"categories":[26,17],"tags":[44,410,138,316,135,97,141,47,82,32,108,50,105,53,71,111],"class_list":["post-546230","post","type-post","status-publish","format-standard","has-post-thumbnail","hentry","category-home-it","category-news","tag-digitalsaras","tag-big-data","tag-cultura","tag-energie-rinnovabili","tag-formazione","tag-gruppo-saras","tag-impresa","tag-industria-4-0","tag-innovazione","tag-le-nostre-persone","tag-raffineria","tag-saras","tag-sardegna","tag-sarlux","tag-sarroch","tag-sostenibilita"],"acf":[],"yoast_head":"<!-- This site is optimized with the Yoast SEO plugin v27.3 - https:\/\/yoast.com\/product\/yoast-seo-wordpress\/ -->\n<title>Innovazione per la sostenibilit\u00e0 - Sarlux Saras | Refining &amp; Power<\/title>\n<meta name=\"description\" content=\"Il contributo di Saras ad AMEST 2024, il 6\u00b0 workshop internazionale IFAC\" \/>\n<meta name=\"robots\" content=\"index, follow, max-snippet:-1, max-image-preview:large, max-video-preview:-1\" \/>\n<link rel=\"canonical\" href=\"https:\/\/www.sarlux.saras.it\/it\/innovazione-per-la-sostenibilita\/\" \/>\n<meta property=\"og:locale\" content=\"it_IT\" \/>\n<meta property=\"og:type\" content=\"article\" \/>\n<meta property=\"og:title\" content=\"Innovazione per la sostenibilit\u00e0 - Sarlux Saras | Refining &amp; Power\" \/>\n<meta property=\"og:description\" content=\"Il contributo di Saras ad AMEST 2024, il 6\u00b0 workshop internazionale IFAC\" \/>\n<meta property=\"og:url\" content=\"https:\/\/www.sarlux.saras.it\/it\/innovazione-per-la-sostenibilita\/\" \/>\n<meta property=\"og:site_name\" content=\"Sarlux Saras | Refining &amp; Power\" \/>\n<meta property=\"article:published_time\" content=\"2024-06-28T09:07:20+00:00\" \/>\n<meta property=\"article:modified_time\" content=\"2024-09-03T13:47:27+00:00\" \/>\n<meta property=\"og:image\" content=\"https:\/\/www.sarlux.saras.it\/wp-content\/uploads\/2024\/06\/006-cover-AMEST2024-Saras-Sarlux.jpg\" \/>\n\t<meta property=\"og:image:width\" content=\"990\" \/>\n\t<meta property=\"og:image:height\" content=\"450\" \/>\n\t<meta property=\"og:image:type\" content=\"image\/jpeg\" \/>\n<meta name=\"author\" content=\"Alberto Soi\" \/>\n<meta name=\"twitter:card\" content=\"summary_large_image\" \/>\n<meta name=\"twitter:label1\" content=\"Scritto da\" \/>\n\t<meta name=\"twitter:data1\" content=\"Alberto Soi\" \/>\n\t<meta name=\"twitter:label2\" content=\"Tempo di lettura stimato\" \/>\n\t<meta name=\"twitter:data2\" content=\"2 minuti\" \/>\n<script type=\"application\/ld+json\" class=\"yoast-schema-graph\">{\"@context\":\"https:\\\/\\\/schema.org\",\"@graph\":[{\"@type\":\"Article\",\"@id\":\"https:\\\/\\\/www.sarlux.saras.it\\\/it\\\/innovazione-per-la-sostenibilita\\\/#article\",\"isPartOf\":{\"@id\":\"https:\\\/\\\/www.sarlux.saras.it\\\/it\\\/innovazione-per-la-sostenibilita\\\/\"},\"author\":{\"name\":\"Alberto Soi\",\"@id\":\"https:\\\/\\\/www.sarlux.saras.it\\\/it\\\/#\\\/schema\\\/person\\\/f369fc2d7dbcc34d69a0975e8fe360af\"},\"headline\":\"Innovazione per la sostenibilit\u00e0\",\"datePublished\":\"2024-06-28T09:07:20+00:00\",\"dateModified\":\"2024-09-03T13:47:27+00:00\",\"mainEntityOfPage\":{\"@id\":\"https:\\\/\\\/www.sarlux.saras.it\\\/it\\\/innovazione-per-la-sostenibilita\\\/\"},\"wordCount\":420,\"publisher\":{\"@id\":\"https:\\\/\\\/www.sarlux.saras.it\\\/it\\\/#organization\"},\"image\":{\"@id\":\"https:\\\/\\\/www.sarlux.saras.it\\\/it\\\/innovazione-per-la-sostenibilita\\\/#primaryimage\"},\"thumbnailUrl\":\"https:\\\/\\\/www.sarlux.saras.it\\\/wp-content\\\/uploads\\\/2024\\\/06\\\/006-cover-AMEST2024-Saras-Sarlux.jpg\",\"keywords\":[\"#digitalsaras\",\"big data\",\"cultura\",\"energie rinnovabili\",\"formazione\",\"Gruppo Saras\",\"impresa\",\"industria 4.0\",\"Innovazione\",\"Le nostre persone\",\"raffineria\",\"Saras\",\"sardegna\",\"Sarlux\",\"Sarroch\",\"sostenibilit\u00e0\"],\"articleSection\":[\"home\",\"News\"],\"inLanguage\":\"it-IT\"},{\"@type\":\"WebPage\",\"@id\":\"https:\\\/\\\/www.sarlux.saras.it\\\/it\\\/innovazione-per-la-sostenibilita\\\/\",\"url\":\"https:\\\/\\\/www.sarlux.saras.it\\\/it\\\/innovazione-per-la-sostenibilita\\\/\",\"name\":\"Innovazione per la sostenibilit\u00e0 - Sarlux Saras | Refining & Power\",\"isPartOf\":{\"@id\":\"https:\\\/\\\/www.sarlux.saras.it\\\/it\\\/#website\"},\"primaryImageOfPage\":{\"@id\":\"https:\\\/\\\/www.sarlux.saras.it\\\/it\\\/innovazione-per-la-sostenibilita\\\/#primaryimage\"},\"image\":{\"@id\":\"https:\\\/\\\/www.sarlux.saras.it\\\/it\\\/innovazione-per-la-sostenibilita\\\/#primaryimage\"},\"thumbnailUrl\":\"https:\\\/\\\/www.sarlux.saras.it\\\/wp-content\\\/uploads\\\/2024\\\/06\\\/006-cover-AMEST2024-Saras-Sarlux.jpg\",\"datePublished\":\"2024-06-28T09:07:20+00:00\",\"dateModified\":\"2024-09-03T13:47:27+00:00\",\"description\":\"Il contributo di Saras ad AMEST 2024, il 6\u00b0 workshop internazionale IFAC\",\"breadcrumb\":{\"@id\":\"https:\\\/\\\/www.sarlux.saras.it\\\/it\\\/innovazione-per-la-sostenibilita\\\/#breadcrumb\"},\"inLanguage\":\"it-IT\",\"potentialAction\":[{\"@type\":\"ReadAction\",\"target\":[\"https:\\\/\\\/www.sarlux.saras.it\\\/it\\\/innovazione-per-la-sostenibilita\\\/\"]}]},{\"@type\":\"ImageObject\",\"inLanguage\":\"it-IT\",\"@id\":\"https:\\\/\\\/www.sarlux.saras.it\\\/it\\\/innovazione-per-la-sostenibilita\\\/#primaryimage\",\"url\":\"https:\\\/\\\/www.sarlux.saras.it\\\/wp-content\\\/uploads\\\/2024\\\/06\\\/006-cover-AMEST2024-Saras-Sarlux.jpg\",\"contentUrl\":\"https:\\\/\\\/www.sarlux.saras.it\\\/wp-content\\\/uploads\\\/2024\\\/06\\\/006-cover-AMEST2024-Saras-Sarlux.jpg\",\"width\":990,\"height\":450},{\"@type\":\"BreadcrumbList\",\"@id\":\"https:\\\/\\\/www.sarlux.saras.it\\\/it\\\/innovazione-per-la-sostenibilita\\\/#breadcrumb\",\"itemListElement\":[{\"@type\":\"ListItem\",\"position\":1,\"name\":\"Home\",\"item\":\"https:\\\/\\\/www.sarlux.saras.it\\\/it\\\/\"},{\"@type\":\"ListItem\",\"position\":2,\"name\":\"Innovazione per la sostenibilit\u00e0\"}]},{\"@type\":\"WebSite\",\"@id\":\"https:\\\/\\\/www.sarlux.saras.it\\\/it\\\/#website\",\"url\":\"https:\\\/\\\/www.sarlux.saras.it\\\/it\\\/\",\"name\":\"Sarlux\",\"description\":\"\",\"publisher\":{\"@id\":\"https:\\\/\\\/www.sarlux.saras.it\\\/it\\\/#organization\"},\"potentialAction\":[{\"@type\":\"SearchAction\",\"target\":{\"@type\":\"EntryPoint\",\"urlTemplate\":\"https:\\\/\\\/www.sarlux.saras.it\\\/it\\\/?s={search_term_string}\"},\"query-input\":{\"@type\":\"PropertyValueSpecification\",\"valueRequired\":true,\"valueName\":\"search_term_string\"}}],\"inLanguage\":\"it-IT\"},{\"@type\":\"Organization\",\"@id\":\"https:\\\/\\\/www.sarlux.saras.it\\\/it\\\/#organization\",\"name\":\"Sarlux\",\"url\":\"https:\\\/\\\/www.sarlux.saras.it\\\/it\\\/\",\"logo\":{\"@type\":\"ImageObject\",\"inLanguage\":\"it-IT\",\"@id\":\"https:\\\/\\\/www.sarlux.saras.it\\\/it\\\/#\\\/schema\\\/logo\\\/image\\\/\",\"url\":\"https:\\\/\\\/www.sarlux.saras.it\\\/wp-content\\\/uploads\\\/2017\\\/12\\\/logo-pc-1.png\",\"contentUrl\":\"https:\\\/\\\/www.sarlux.saras.it\\\/wp-content\\\/uploads\\\/2017\\\/12\\\/logo-pc-1.png\",\"width\":184,\"height\":86,\"caption\":\"Sarlux\"},\"image\":{\"@id\":\"https:\\\/\\\/www.sarlux.saras.it\\\/it\\\/#\\\/schema\\\/logo\\\/image\\\/\"}},{\"@type\":\"Person\",\"@id\":\"https:\\\/\\\/www.sarlux.saras.it\\\/it\\\/#\\\/schema\\\/person\\\/f369fc2d7dbcc34d69a0975e8fe360af\",\"name\":\"Alberto Soi\",\"image\":{\"@type\":\"ImageObject\",\"inLanguage\":\"it-IT\",\"@id\":\"https:\\\/\\\/secure.gravatar.com\\\/avatar\\\/cc70035cae62a8d1e88cc2ac9d8e48bd174728dd9c5b3730ca1cbcb3eee8991b?s=96&d=mm&r=g\",\"url\":\"https:\\\/\\\/secure.gravatar.com\\\/avatar\\\/cc70035cae62a8d1e88cc2ac9d8e48bd174728dd9c5b3730ca1cbcb3eee8991b?s=96&d=mm&r=g\",\"contentUrl\":\"https:\\\/\\\/secure.gravatar.com\\\/avatar\\\/cc70035cae62a8d1e88cc2ac9d8e48bd174728dd9c5b3730ca1cbcb3eee8991b?s=96&d=mm&r=g\",\"caption\":\"Alberto Soi\"},\"url\":\"\"}]}<\/script>\n<!-- \/ Yoast SEO plugin. -->","yoast_head_json":{"title":"Innovazione per la sostenibilit\u00e0 - Sarlux Saras | Refining & Power","description":"Il contributo di Saras ad AMEST 2024, il 6\u00b0 workshop internazionale IFAC","robots":{"index":"index","follow":"follow","max-snippet":"max-snippet:-1","max-image-preview":"max-image-preview:large","max-video-preview":"max-video-preview:-1"},"canonical":"https:\/\/www.sarlux.saras.it\/it\/innovazione-per-la-sostenibilita\/","og_locale":"it_IT","og_type":"article","og_title":"Innovazione per la sostenibilit\u00e0 - Sarlux Saras | Refining & Power","og_description":"Il contributo di Saras ad AMEST 2024, il 6\u00b0 workshop internazionale IFAC","og_url":"https:\/\/www.sarlux.saras.it\/it\/innovazione-per-la-sostenibilita\/","og_site_name":"Sarlux Saras | Refining & Power","article_published_time":"2024-06-28T09:07:20+00:00","article_modified_time":"2024-09-03T13:47:27+00:00","og_image":[{"width":990,"height":450,"url":"https:\/\/www.sarlux.saras.it\/wp-content\/uploads\/2024\/06\/006-cover-AMEST2024-Saras-Sarlux.jpg","type":"image\/jpeg"}],"author":"Alberto Soi","twitter_card":"summary_large_image","twitter_misc":{"Scritto da":"Alberto Soi","Tempo di lettura stimato":"2 minuti"},"schema":{"@context":"https:\/\/schema.org","@graph":[{"@type":"Article","@id":"https:\/\/www.sarlux.saras.it\/it\/innovazione-per-la-sostenibilita\/#article","isPartOf":{"@id":"https:\/\/www.sarlux.saras.it\/it\/innovazione-per-la-sostenibilita\/"},"author":{"name":"Alberto Soi","@id":"https:\/\/www.sarlux.saras.it\/it\/#\/schema\/person\/f369fc2d7dbcc34d69a0975e8fe360af"},"headline":"Innovazione per la sostenibilit\u00e0","datePublished":"2024-06-28T09:07:20+00:00","dateModified":"2024-09-03T13:47:27+00:00","mainEntityOfPage":{"@id":"https:\/\/www.sarlux.saras.it\/it\/innovazione-per-la-sostenibilita\/"},"wordCount":420,"publisher":{"@id":"https:\/\/www.sarlux.saras.it\/it\/#organization"},"image":{"@id":"https:\/\/www.sarlux.saras.it\/it\/innovazione-per-la-sostenibilita\/#primaryimage"},"thumbnailUrl":"https:\/\/www.sarlux.saras.it\/wp-content\/uploads\/2024\/06\/006-cover-AMEST2024-Saras-Sarlux.jpg","keywords":["#digitalsaras","big data","cultura","energie rinnovabili","formazione","Gruppo Saras","impresa","industria 4.0","Innovazione","Le nostre persone","raffineria","Saras","sardegna","Sarlux","Sarroch","sostenibilit\u00e0"],"articleSection":["home","News"],"inLanguage":"it-IT"},{"@type":"WebPage","@id":"https:\/\/www.sarlux.saras.it\/it\/innovazione-per-la-sostenibilita\/","url":"https:\/\/www.sarlux.saras.it\/it\/innovazione-per-la-sostenibilita\/","name":"Innovazione per la sostenibilit\u00e0 - Sarlux Saras | Refining & Power","isPartOf":{"@id":"https:\/\/www.sarlux.saras.it\/it\/#website"},"primaryImageOfPage":{"@id":"https:\/\/www.sarlux.saras.it\/it\/innovazione-per-la-sostenibilita\/#primaryimage"},"image":{"@id":"https:\/\/www.sarlux.saras.it\/it\/innovazione-per-la-sostenibilita\/#primaryimage"},"thumbnailUrl":"https:\/\/www.sarlux.saras.it\/wp-content\/uploads\/2024\/06\/006-cover-AMEST2024-Saras-Sarlux.jpg","datePublished":"2024-06-28T09:07:20+00:00","dateModified":"2024-09-03T13:47:27+00:00","description":"Il contributo di Saras ad AMEST 2024, il 6\u00b0 workshop internazionale IFAC","breadcrumb":{"@id":"https:\/\/www.sarlux.saras.it\/it\/innovazione-per-la-sostenibilita\/#breadcrumb"},"inLanguage":"it-IT","potentialAction":[{"@type":"ReadAction","target":["https:\/\/www.sarlux.saras.it\/it\/innovazione-per-la-sostenibilita\/"]}]},{"@type":"ImageObject","inLanguage":"it-IT","@id":"https:\/\/www.sarlux.saras.it\/it\/innovazione-per-la-sostenibilita\/#primaryimage","url":"https:\/\/www.sarlux.saras.it\/wp-content\/uploads\/2024\/06\/006-cover-AMEST2024-Saras-Sarlux.jpg","contentUrl":"https:\/\/www.sarlux.saras.it\/wp-content\/uploads\/2024\/06\/006-cover-AMEST2024-Saras-Sarlux.jpg","width":990,"height":450},{"@type":"BreadcrumbList","@id":"https:\/\/www.sarlux.saras.it\/it\/innovazione-per-la-sostenibilita\/#breadcrumb","itemListElement":[{"@type":"ListItem","position":1,"name":"Home","item":"https:\/\/www.sarlux.saras.it\/it\/"},{"@type":"ListItem","position":2,"name":"Innovazione per la sostenibilit\u00e0"}]},{"@type":"WebSite","@id":"https:\/\/www.sarlux.saras.it\/it\/#website","url":"https:\/\/www.sarlux.saras.it\/it\/","name":"Sarlux","description":"","publisher":{"@id":"https:\/\/www.sarlux.saras.it\/it\/#organization"},"potentialAction":[{"@type":"SearchAction","target":{"@type":"EntryPoint","urlTemplate":"https:\/\/www.sarlux.saras.it\/it\/?s={search_term_string}"},"query-input":{"@type":"PropertyValueSpecification","valueRequired":true,"valueName":"search_term_string"}}],"inLanguage":"it-IT"},{"@type":"Organization","@id":"https:\/\/www.sarlux.saras.it\/it\/#organization","name":"Sarlux","url":"https:\/\/www.sarlux.saras.it\/it\/","logo":{"@type":"ImageObject","inLanguage":"it-IT","@id":"https:\/\/www.sarlux.saras.it\/it\/#\/schema\/logo\/image\/","url":"https:\/\/www.sarlux.saras.it\/wp-content\/uploads\/2017\/12\/logo-pc-1.png","contentUrl":"https:\/\/www.sarlux.saras.it\/wp-content\/uploads\/2017\/12\/logo-pc-1.png","width":184,"height":86,"caption":"Sarlux"},"image":{"@id":"https:\/\/www.sarlux.saras.it\/it\/#\/schema\/logo\/image\/"}},{"@type":"Person","@id":"https:\/\/www.sarlux.saras.it\/it\/#\/schema\/person\/f369fc2d7dbcc34d69a0975e8fe360af","name":"Alberto Soi","image":{"@type":"ImageObject","inLanguage":"it-IT","@id":"https:\/\/secure.gravatar.com\/avatar\/cc70035cae62a8d1e88cc2ac9d8e48bd174728dd9c5b3730ca1cbcb3eee8991b?s=96&d=mm&r=g","url":"https:\/\/secure.gravatar.com\/avatar\/cc70035cae62a8d1e88cc2ac9d8e48bd174728dd9c5b3730ca1cbcb3eee8991b?s=96&d=mm&r=g","contentUrl":"https:\/\/secure.gravatar.com\/avatar\/cc70035cae62a8d1e88cc2ac9d8e48bd174728dd9c5b3730ca1cbcb3eee8991b?s=96&d=mm&r=g","caption":"Alberto Soi"},"url":""}]}},"_links":{"self":[{"href":"https:\/\/www.sarlux.saras.it\/it\/wp-json\/wp\/v2\/posts\/546230","targetHints":{"allow":["GET"]}}],"collection":[{"href":"https:\/\/www.sarlux.saras.it\/it\/wp-json\/wp\/v2\/posts"}],"about":[{"href":"https:\/\/www.sarlux.saras.it\/it\/wp-json\/wp\/v2\/types\/post"}],"author":[{"embeddable":true,"href":"https:\/\/www.sarlux.saras.it\/it\/wp-json\/wp\/v2\/users\/36"}],"replies":[{"embeddable":true,"href":"https:\/\/www.sarlux.saras.it\/it\/wp-json\/wp\/v2\/comments?post=546230"}],"version-history":[{"count":7,"href":"https:\/\/www.sarlux.saras.it\/it\/wp-json\/wp\/v2\/posts\/546230\/revisions"}],"predecessor-version":[{"id":546307,"href":"https:\/\/www.sarlux.saras.it\/it\/wp-json\/wp\/v2\/posts\/546230\/revisions\/546307"}],"wp:featuredmedia":[{"embeddable":true,"href":"https:\/\/www.sarlux.saras.it\/it\/wp-json\/wp\/v2\/media\/546231"}],"wp:attachment":[{"href":"https:\/\/www.sarlux.saras.it\/it\/wp-json\/wp\/v2\/media?parent=546230"}],"wp:term":[{"taxonomy":"category","embeddable":true,"href":"https:\/\/www.sarlux.saras.it\/it\/wp-json\/wp\/v2\/categories?post=546230"},{"taxonomy":"post_tag","embeddable":true,"href":"https:\/\/www.sarlux.saras.it\/it\/wp-json\/wp\/v2\/tags?post=546230"}],"curies":[{"name":"wp","href":"https:\/\/api.w.org\/{rel}","templated":true}]}}