{"id":546269,"date":"2024-08-05T14:26:31","date_gmt":"2024-08-05T14:26:31","guid":{"rendered":"https:\/\/www.sarlux.saras.it\/?p=546269"},"modified":"2024-08-05T14:36:47","modified_gmt":"2024-08-05T14:36:47","slug":"dichiarazione-ambientale-sarlux-2024","status":"publish","type":"post","link":"https:\/\/www.sarlux.saras.it\/it\/dichiarazione-ambientale-sarlux-2024\/","title":{"rendered":"Dichiarazione Ambientale Sarlux 2024"},"content":{"rendered":"<div class=\"wpb-content-wrapper\"><p>[vc_row][vc_column][vc_column_text]L\u2019attivit\u00e0 del <strong>Gruppo Saras<\/strong> si caratterizza da sempre per una <strong>forte attenzione alla sostenibilit\u00e0<\/strong>, attraverso iniziative e investimenti mirati a limitare le emissioni e a <strong>incrementare l\u2019efficienza energetica<\/strong> della raffineria di Sarroch con l\u2019obiettivo di <strong>contribuire a traguardare gli obiettivi europei di decarbonizzazione<\/strong>.<\/p>\n<p><strong>Dal 2008 Sarlux aderisce volontariamente al sistema comunitario di eco-gestione e audit EMAS<\/strong> e dal 2009 il Gruppo pubblica annualmente la <strong>Dichiarazione Ambientale<\/strong>.<\/p>\n<p><strong>La conformit\u00e0 dei dati ambientali con le norme dei regolamenti EMAS \u00e8, prima della pubblicazione, certificata dal Lloyd\u2019s Register Quality Assurance e approvata dal Ministero dell\u2019Ambiente.<\/strong>[\/vc_column_text][\/vc_column][\/vc_row][vc_row][vc_column][vc_empty_space height=&#8221;16px&#8221;][\/vc_column][\/vc_row][vc_row][vc_column width=&#8221;1\/2&#8243;][vc_single_image image=&#8221;546266&#8243; img_size=&#8221;full&#8221; onclick=&#8221;custom_link&#8221; img_link_target=&#8221;_blank&#8221; css=&#8221;&#8221; link=&#8221;https:\/\/www.sarlux.saras.it\/it\/sviluppo-sostenibile\/dichiarazione-ambientale-edizione-2024\/&#8221;][\/vc_column][vc_column width=&#8221;1\/2&#8243;][vc_column_text]<strong>La Dichiarazione Ambientale 2024<\/strong> <strong>certifica tutte le energie che la raffineria Sarlux dedica alla creazione di valore sostenibile <\/strong>con l\u2019applicazione di tecnologie avanzate che consentono di massimizzare la performance di raffinazione garantendo al contempo sostenibilit\u00e0 e rispetto dell\u2019ambiente.<\/p>\n<p>Il documento rappresenta uno dei principali strumenti di <strong>dialogo continuativo con stakeholders<\/strong> interni ed esterni all\u2019azienda, e ha l\u2019obiettivo di stabilire un rapporto trasparente in particolare con la popolazione, le autorit\u00e0 locali e con i lavoratori, parte attiva della corretta gestione delle attivit\u00e0 svolte.<\/p>\n<p>Una comunicazione cos\u00ec completa favorisce la consapevolezza di tutte le misure di sicurezza, di tutela della salute e dell&#8217;ambiente che rendono il sito industriale di Sarroch <strong>una fonte di ricchezza, per la comunit\u00e0 della quale \u00e8 parte integrante<\/strong>.[\/vc_column_text][\/vc_column][\/vc_row][vc_row][vc_column][vc_empty_space][vc_column_text css=&#8221;&#8221;]<\/p>\n<h6 style=\"text-align: center;\"><a href=\"https:\/\/www.sarlux.saras.it\/it\/sviluppo-sostenibile\/dichiarazione-ambientale-edizione-2024\/\" target=\"_blank\" rel=\"noopener\">Leggete qui la <em>Dichiarazione Ambientale Sarlux 2024<\/em><\/a><\/h6>\n<p>[\/vc_column_text][vc_single_image image=&#8221;543244&#8243; img_size=&#8221;50&#215;50&#8243; alignment=&#8221;center&#8221;][vc_empty_space height=&#8221;16px&#8221;][vc_column_text]<\/p>\n<p style=\"text-align: center;\"><em>Operare nel rispetto dell\u2019ambiente \u00e8 essenziale per la sostenibilit\u00e0 di lungo periodo, oltre che per la produttivit\u00e0 e la competitivit\u00e0 sui mercati.<br \/>\nPertanto, il Gruppo svolge la propria attivit\u00e0 minimizzando l\u2019impronta ambientale e considerando, nello sviluppo dei propri progetti, la salvaguardia degli ecosistemi e della biodiversit\u00e0.<\/em><\/p>\n<p>[\/vc_column_text][vc_column_text][\/vc_column_text][vc_empty_space height=&#8221;8px&#8221;][\/vc_column][\/vc_row][vc_row][vc_column][vc_icon icon_fontawesome=&#8221;fa fa-cog&#8221; size=&#8221;sm&#8221; align=&#8221;center&#8221;][vc_empty_space height=&#8221;16px&#8221;][vc_column_text]<\/p>\n<div class=\"wpb_text_column wpb_content_element \">\n<div class=\"wpb_wrapper\">\n<p>ll Gruppo Saras, fondato da Angelo Moratti nel 1962, \u00e8 uno dei principali operatori europei nel settore dell\u2019energia e raffinazione del petrolio. Tramite la capogruppo Saras SpA e le controllate Saras Trading SA, basata a Ginevra, Saras Energia SAU, basata a Madrid, il Gruppo vende e distribuisce prodotti petroliferi sul mercato nazionale e internazionale. Il Gruppo \u00e8 inoltre attivo anche nel settore della produzione di energia elettrica attraverso le controllate Sarlux Srl (impianto IGCC) e Sardeolica Srl (parco eolico). Il Gruppo Saras conta 1.591 dipendenti e presenta ricavi pari a circa 11,4 miliardi di Euro al 31 dicembre 2023.<\/p>\n<\/div>\n<\/div>\n<p>[\/vc_column_text][vc_empty_space][\/vc_column][\/vc_row]<\/p>\n<\/div>","protected":false},"excerpt":{"rendered":"<p>La Dichiarazione Ambientale 2024 certifica tutte le forze che Sarlux dedica alla creazione di valore sostenibile<\/p>\n","protected":false},"author":36,"featured_media":546264,"comment_status":"closed","ping_status":"open","sticky":false,"template":"","format":"standard","meta":{"_acf_changed":false,"inline_featured_image":false,"footnotes":""},"categories":[26,17],"tags":[38,438,458,316,97,29,82,32,108,105,53,71,114,516],"class_list":["post-546269","post","type-post","status-publish","format-standard","has-post-thumbnail","hentry","category-home-it","category-news","tag-ambiente","tag-comunita","tag-decarbonizzazione","tag-energie-rinnovabili","tag-gruppo-saras","tag-impegno-sociale","tag-innovazione","tag-le-nostre-persone","tag-raffineria","tag-sardegna","tag-sarlux","tag-sarroch","tag-territorio","tag-transizione-energetica"],"acf":[],"yoast_head":"<!-- This site is optimized with the Yoast SEO plugin v27.3 - https:\/\/yoast.com\/product\/yoast-seo-wordpress\/ -->\n<title>Dichiarazione Ambientale Sarlux 2024 - Sarlux Saras | Refining &amp; Power<\/title>\n<meta name=\"description\" content=\"La Dichiarazione Ambientale 2024 certifica tutte le forze che Sarlux dedica alla creazione di valore sostenibile\" \/>\n<meta name=\"robots\" content=\"index, follow, max-snippet:-1, max-image-preview:large, max-video-preview:-1\" \/>\n<link rel=\"canonical\" href=\"https:\/\/www.sarlux.saras.it\/it\/dichiarazione-ambientale-sarlux-2024\/\" \/>\n<meta property=\"og:locale\" content=\"it_IT\" \/>\n<meta property=\"og:type\" content=\"article\" \/>\n<meta property=\"og:title\" content=\"Dichiarazione Ambientale Sarlux 2024 - Sarlux Saras | Refining &amp; Power\" \/>\n<meta property=\"og:description\" content=\"La Dichiarazione Ambientale 2024 certifica tutte le forze che Sarlux dedica alla creazione di valore sostenibile\" \/>\n<meta property=\"og:url\" content=\"https:\/\/www.sarlux.saras.it\/it\/dichiarazione-ambientale-sarlux-2024\/\" \/>\n<meta property=\"og:site_name\" content=\"Sarlux Saras | Refining &amp; Power\" \/>\n<meta property=\"article:published_time\" content=\"2024-08-05T14:26:31+00:00\" \/>\n<meta property=\"article:modified_time\" content=\"2024-08-05T14:36:47+00:00\" \/>\n<meta property=\"og:image\" content=\"https:\/\/www.sarlux.saras.it\/wp-content\/uploads\/2024\/08\/Sarlux-Dichiarazione-Ambientale-2024-Saras-anteprima.jpg\" \/>\n\t<meta property=\"og:image:width\" content=\"990\" \/>\n\t<meta property=\"og:image:height\" content=\"450\" \/>\n\t<meta property=\"og:image:type\" content=\"image\/jpeg\" \/>\n<meta name=\"author\" content=\"Alberto Soi\" \/>\n<meta name=\"twitter:card\" content=\"summary_large_image\" \/>\n<meta name=\"twitter:label1\" content=\"Scritto da\" \/>\n\t<meta name=\"twitter:data1\" content=\"Alberto Soi\" \/>\n\t<meta name=\"twitter:label2\" content=\"Tempo di lettura stimato\" \/>\n\t<meta name=\"twitter:data2\" content=\"3 minuti\" \/>\n<script type=\"application\/ld+json\" class=\"yoast-schema-graph\">{\"@context\":\"https:\\\/\\\/schema.org\",\"@graph\":[{\"@type\":\"Article\",\"@id\":\"https:\\\/\\\/www.sarlux.saras.it\\\/it\\\/dichiarazione-ambientale-sarlux-2024\\\/#article\",\"isPartOf\":{\"@id\":\"https:\\\/\\\/www.sarlux.saras.it\\\/it\\\/dichiarazione-ambientale-sarlux-2024\\\/\"},\"author\":{\"name\":\"Alberto Soi\",\"@id\":\"https:\\\/\\\/www.sarlux.saras.it\\\/it\\\/#\\\/schema\\\/person\\\/f369fc2d7dbcc34d69a0975e8fe360af\"},\"headline\":\"Dichiarazione Ambientale Sarlux 2024\",\"datePublished\":\"2024-08-05T14:26:31+00:00\",\"dateModified\":\"2024-08-05T14:36:47+00:00\",\"mainEntityOfPage\":{\"@id\":\"https:\\\/\\\/www.sarlux.saras.it\\\/it\\\/dichiarazione-ambientale-sarlux-2024\\\/\"},\"wordCount\":517,\"publisher\":{\"@id\":\"https:\\\/\\\/www.sarlux.saras.it\\\/it\\\/#organization\"},\"image\":{\"@id\":\"https:\\\/\\\/www.sarlux.saras.it\\\/it\\\/dichiarazione-ambientale-sarlux-2024\\\/#primaryimage\"},\"thumbnailUrl\":\"https:\\\/\\\/www.sarlux.saras.it\\\/wp-content\\\/uploads\\\/2024\\\/08\\\/Sarlux-Dichiarazione-Ambientale-2024-Saras-anteprima.jpg\",\"keywords\":[\"Ambiente\",\"comunit\u00e0\",\"decarbonizzazione\",\"energie rinnovabili\",\"Gruppo Saras\",\"Impegno sociale\",\"Innovazione\",\"Le nostre persone\",\"raffineria\",\"sardegna\",\"Sarlux\",\"Sarroch\",\"territorio\",\"transizione energetica\"],\"articleSection\":[\"home\",\"News\"],\"inLanguage\":\"it-IT\"},{\"@type\":\"WebPage\",\"@id\":\"https:\\\/\\\/www.sarlux.saras.it\\\/it\\\/dichiarazione-ambientale-sarlux-2024\\\/\",\"url\":\"https:\\\/\\\/www.sarlux.saras.it\\\/it\\\/dichiarazione-ambientale-sarlux-2024\\\/\",\"name\":\"Dichiarazione Ambientale Sarlux 2024 - Sarlux Saras | Refining & Power\",\"isPartOf\":{\"@id\":\"https:\\\/\\\/www.sarlux.saras.it\\\/it\\\/#website\"},\"primaryImageOfPage\":{\"@id\":\"https:\\\/\\\/www.sarlux.saras.it\\\/it\\\/dichiarazione-ambientale-sarlux-2024\\\/#primaryimage\"},\"image\":{\"@id\":\"https:\\\/\\\/www.sarlux.saras.it\\\/it\\\/dichiarazione-ambientale-sarlux-2024\\\/#primaryimage\"},\"thumbnailUrl\":\"https:\\\/\\\/www.sarlux.saras.it\\\/wp-content\\\/uploads\\\/2024\\\/08\\\/Sarlux-Dichiarazione-Ambientale-2024-Saras-anteprima.jpg\",\"datePublished\":\"2024-08-05T14:26:31+00:00\",\"dateModified\":\"2024-08-05T14:36:47+00:00\",\"description\":\"La Dichiarazione Ambientale 2024 certifica tutte le forze che Sarlux dedica alla creazione di valore sostenibile\",\"breadcrumb\":{\"@id\":\"https:\\\/\\\/www.sarlux.saras.it\\\/it\\\/dichiarazione-ambientale-sarlux-2024\\\/#breadcrumb\"},\"inLanguage\":\"it-IT\",\"potentialAction\":[{\"@type\":\"ReadAction\",\"target\":[\"https:\\\/\\\/www.sarlux.saras.it\\\/it\\\/dichiarazione-ambientale-sarlux-2024\\\/\"]}]},{\"@type\":\"ImageObject\",\"inLanguage\":\"it-IT\",\"@id\":\"https:\\\/\\\/www.sarlux.saras.it\\\/it\\\/dichiarazione-ambientale-sarlux-2024\\\/#primaryimage\",\"url\":\"https:\\\/\\\/www.sarlux.saras.it\\\/wp-content\\\/uploads\\\/2024\\\/08\\\/Sarlux-Dichiarazione-Ambientale-2024-Saras-anteprima.jpg\",\"contentUrl\":\"https:\\\/\\\/www.sarlux.saras.it\\\/wp-content\\\/uploads\\\/2024\\\/08\\\/Sarlux-Dichiarazione-Ambientale-2024-Saras-anteprima.jpg\",\"width\":990,\"height\":450},{\"@type\":\"BreadcrumbList\",\"@id\":\"https:\\\/\\\/www.sarlux.saras.it\\\/it\\\/dichiarazione-ambientale-sarlux-2024\\\/#breadcrumb\",\"itemListElement\":[{\"@type\":\"ListItem\",\"position\":1,\"name\":\"Home\",\"item\":\"https:\\\/\\\/www.sarlux.saras.it\\\/it\\\/\"},{\"@type\":\"ListItem\",\"position\":2,\"name\":\"Dichiarazione Ambientale Sarlux 2024\"}]},{\"@type\":\"WebSite\",\"@id\":\"https:\\\/\\\/www.sarlux.saras.it\\\/it\\\/#website\",\"url\":\"https:\\\/\\\/www.sarlux.saras.it\\\/it\\\/\",\"name\":\"Sarlux\",\"description\":\"\",\"publisher\":{\"@id\":\"https:\\\/\\\/www.sarlux.saras.it\\\/it\\\/#organization\"},\"potentialAction\":[{\"@type\":\"SearchAction\",\"target\":{\"@type\":\"EntryPoint\",\"urlTemplate\":\"https:\\\/\\\/www.sarlux.saras.it\\\/it\\\/?s={search_term_string}\"},\"query-input\":{\"@type\":\"PropertyValueSpecification\",\"valueRequired\":true,\"valueName\":\"search_term_string\"}}],\"inLanguage\":\"it-IT\"},{\"@type\":\"Organization\",\"@id\":\"https:\\\/\\\/www.sarlux.saras.it\\\/it\\\/#organization\",\"name\":\"Sarlux\",\"url\":\"https:\\\/\\\/www.sarlux.saras.it\\\/it\\\/\",\"logo\":{\"@type\":\"ImageObject\",\"inLanguage\":\"it-IT\",\"@id\":\"https:\\\/\\\/www.sarlux.saras.it\\\/it\\\/#\\\/schema\\\/logo\\\/image\\\/\",\"url\":\"https:\\\/\\\/www.sarlux.saras.it\\\/wp-content\\\/uploads\\\/2017\\\/12\\\/logo-pc-1.png\",\"contentUrl\":\"https:\\\/\\\/www.sarlux.saras.it\\\/wp-content\\\/uploads\\\/2017\\\/12\\\/logo-pc-1.png\",\"width\":184,\"height\":86,\"caption\":\"Sarlux\"},\"image\":{\"@id\":\"https:\\\/\\\/www.sarlux.saras.it\\\/it\\\/#\\\/schema\\\/logo\\\/image\\\/\"}},{\"@type\":\"Person\",\"@id\":\"https:\\\/\\\/www.sarlux.saras.it\\\/it\\\/#\\\/schema\\\/person\\\/f369fc2d7dbcc34d69a0975e8fe360af\",\"name\":\"Alberto Soi\",\"image\":{\"@type\":\"ImageObject\",\"inLanguage\":\"it-IT\",\"@id\":\"https:\\\/\\\/secure.gravatar.com\\\/avatar\\\/cc70035cae62a8d1e88cc2ac9d8e48bd174728dd9c5b3730ca1cbcb3eee8991b?s=96&d=mm&r=g\",\"url\":\"https:\\\/\\\/secure.gravatar.com\\\/avatar\\\/cc70035cae62a8d1e88cc2ac9d8e48bd174728dd9c5b3730ca1cbcb3eee8991b?s=96&d=mm&r=g\",\"contentUrl\":\"https:\\\/\\\/secure.gravatar.com\\\/avatar\\\/cc70035cae62a8d1e88cc2ac9d8e48bd174728dd9c5b3730ca1cbcb3eee8991b?s=96&d=mm&r=g\",\"caption\":\"Alberto Soi\"},\"url\":\"\"}]}<\/script>\n<!-- \/ Yoast SEO plugin. -->","yoast_head_json":{"title":"Dichiarazione Ambientale Sarlux 2024 - Sarlux Saras | Refining & Power","description":"La Dichiarazione Ambientale 2024 certifica tutte le forze che Sarlux dedica alla creazione di valore sostenibile","robots":{"index":"index","follow":"follow","max-snippet":"max-snippet:-1","max-image-preview":"max-image-preview:large","max-video-preview":"max-video-preview:-1"},"canonical":"https:\/\/www.sarlux.saras.it\/it\/dichiarazione-ambientale-sarlux-2024\/","og_locale":"it_IT","og_type":"article","og_title":"Dichiarazione Ambientale Sarlux 2024 - Sarlux Saras | Refining & Power","og_description":"La Dichiarazione Ambientale 2024 certifica tutte le forze che Sarlux dedica alla creazione di valore sostenibile","og_url":"https:\/\/www.sarlux.saras.it\/it\/dichiarazione-ambientale-sarlux-2024\/","og_site_name":"Sarlux Saras | Refining & Power","article_published_time":"2024-08-05T14:26:31+00:00","article_modified_time":"2024-08-05T14:36:47+00:00","og_image":[{"width":990,"height":450,"url":"https:\/\/www.sarlux.saras.it\/wp-content\/uploads\/2024\/08\/Sarlux-Dichiarazione-Ambientale-2024-Saras-anteprima.jpg","type":"image\/jpeg"}],"author":"Alberto Soi","twitter_card":"summary_large_image","twitter_misc":{"Scritto da":"Alberto Soi","Tempo di lettura stimato":"3 minuti"},"schema":{"@context":"https:\/\/schema.org","@graph":[{"@type":"Article","@id":"https:\/\/www.sarlux.saras.it\/it\/dichiarazione-ambientale-sarlux-2024\/#article","isPartOf":{"@id":"https:\/\/www.sarlux.saras.it\/it\/dichiarazione-ambientale-sarlux-2024\/"},"author":{"name":"Alberto Soi","@id":"https:\/\/www.sarlux.saras.it\/it\/#\/schema\/person\/f369fc2d7dbcc34d69a0975e8fe360af"},"headline":"Dichiarazione Ambientale Sarlux 2024","datePublished":"2024-08-05T14:26:31+00:00","dateModified":"2024-08-05T14:36:47+00:00","mainEntityOfPage":{"@id":"https:\/\/www.sarlux.saras.it\/it\/dichiarazione-ambientale-sarlux-2024\/"},"wordCount":517,"publisher":{"@id":"https:\/\/www.sarlux.saras.it\/it\/#organization"},"image":{"@id":"https:\/\/www.sarlux.saras.it\/it\/dichiarazione-ambientale-sarlux-2024\/#primaryimage"},"thumbnailUrl":"https:\/\/www.sarlux.saras.it\/wp-content\/uploads\/2024\/08\/Sarlux-Dichiarazione-Ambientale-2024-Saras-anteprima.jpg","keywords":["Ambiente","comunit\u00e0","decarbonizzazione","energie rinnovabili","Gruppo Saras","Impegno sociale","Innovazione","Le nostre persone","raffineria","sardegna","Sarlux","Sarroch","territorio","transizione energetica"],"articleSection":["home","News"],"inLanguage":"it-IT"},{"@type":"WebPage","@id":"https:\/\/www.sarlux.saras.it\/it\/dichiarazione-ambientale-sarlux-2024\/","url":"https:\/\/www.sarlux.saras.it\/it\/dichiarazione-ambientale-sarlux-2024\/","name":"Dichiarazione Ambientale Sarlux 2024 - Sarlux Saras | Refining & Power","isPartOf":{"@id":"https:\/\/www.sarlux.saras.it\/it\/#website"},"primaryImageOfPage":{"@id":"https:\/\/www.sarlux.saras.it\/it\/dichiarazione-ambientale-sarlux-2024\/#primaryimage"},"image":{"@id":"https:\/\/www.sarlux.saras.it\/it\/dichiarazione-ambientale-sarlux-2024\/#primaryimage"},"thumbnailUrl":"https:\/\/www.sarlux.saras.it\/wp-content\/uploads\/2024\/08\/Sarlux-Dichiarazione-Ambientale-2024-Saras-anteprima.jpg","datePublished":"2024-08-05T14:26:31+00:00","dateModified":"2024-08-05T14:36:47+00:00","description":"La Dichiarazione Ambientale 2024 certifica tutte le forze che Sarlux dedica alla creazione di valore sostenibile","breadcrumb":{"@id":"https:\/\/www.sarlux.saras.it\/it\/dichiarazione-ambientale-sarlux-2024\/#breadcrumb"},"inLanguage":"it-IT","potentialAction":[{"@type":"ReadAction","target":["https:\/\/www.sarlux.saras.it\/it\/dichiarazione-ambientale-sarlux-2024\/"]}]},{"@type":"ImageObject","inLanguage":"it-IT","@id":"https:\/\/www.sarlux.saras.it\/it\/dichiarazione-ambientale-sarlux-2024\/#primaryimage","url":"https:\/\/www.sarlux.saras.it\/wp-content\/uploads\/2024\/08\/Sarlux-Dichiarazione-Ambientale-2024-Saras-anteprima.jpg","contentUrl":"https:\/\/www.sarlux.saras.it\/wp-content\/uploads\/2024\/08\/Sarlux-Dichiarazione-Ambientale-2024-Saras-anteprima.jpg","width":990,"height":450},{"@type":"BreadcrumbList","@id":"https:\/\/www.sarlux.saras.it\/it\/dichiarazione-ambientale-sarlux-2024\/#breadcrumb","itemListElement":[{"@type":"ListItem","position":1,"name":"Home","item":"https:\/\/www.sarlux.saras.it\/it\/"},{"@type":"ListItem","position":2,"name":"Dichiarazione Ambientale Sarlux 2024"}]},{"@type":"WebSite","@id":"https:\/\/www.sarlux.saras.it\/it\/#website","url":"https:\/\/www.sarlux.saras.it\/it\/","name":"Sarlux","description":"","publisher":{"@id":"https:\/\/www.sarlux.saras.it\/it\/#organization"},"potentialAction":[{"@type":"SearchAction","target":{"@type":"EntryPoint","urlTemplate":"https:\/\/www.sarlux.saras.it\/it\/?s={search_term_string}"},"query-input":{"@type":"PropertyValueSpecification","valueRequired":true,"valueName":"search_term_string"}}],"inLanguage":"it-IT"},{"@type":"Organization","@id":"https:\/\/www.sarlux.saras.it\/it\/#organization","name":"Sarlux","url":"https:\/\/www.sarlux.saras.it\/it\/","logo":{"@type":"ImageObject","inLanguage":"it-IT","@id":"https:\/\/www.sarlux.saras.it\/it\/#\/schema\/logo\/image\/","url":"https:\/\/www.sarlux.saras.it\/wp-content\/uploads\/2017\/12\/logo-pc-1.png","contentUrl":"https:\/\/www.sarlux.saras.it\/wp-content\/uploads\/2017\/12\/logo-pc-1.png","width":184,"height":86,"caption":"Sarlux"},"image":{"@id":"https:\/\/www.sarlux.saras.it\/it\/#\/schema\/logo\/image\/"}},{"@type":"Person","@id":"https:\/\/www.sarlux.saras.it\/it\/#\/schema\/person\/f369fc2d7dbcc34d69a0975e8fe360af","name":"Alberto Soi","image":{"@type":"ImageObject","inLanguage":"it-IT","@id":"https:\/\/secure.gravatar.com\/avatar\/cc70035cae62a8d1e88cc2ac9d8e48bd174728dd9c5b3730ca1cbcb3eee8991b?s=96&d=mm&r=g","url":"https:\/\/secure.gravatar.com\/avatar\/cc70035cae62a8d1e88cc2ac9d8e48bd174728dd9c5b3730ca1cbcb3eee8991b?s=96&d=mm&r=g","contentUrl":"https:\/\/secure.gravatar.com\/avatar\/cc70035cae62a8d1e88cc2ac9d8e48bd174728dd9c5b3730ca1cbcb3eee8991b?s=96&d=mm&r=g","caption":"Alberto Soi"},"url":""}]}},"_links":{"self":[{"href":"https:\/\/www.sarlux.saras.it\/it\/wp-json\/wp\/v2\/posts\/546269","targetHints":{"allow":["GET"]}}],"collection":[{"href":"https:\/\/www.sarlux.saras.it\/it\/wp-json\/wp\/v2\/posts"}],"about":[{"href":"https:\/\/www.sarlux.saras.it\/it\/wp-json\/wp\/v2\/types\/post"}],"author":[{"embeddable":true,"href":"https:\/\/www.sarlux.saras.it\/it\/wp-json\/wp\/v2\/users\/36"}],"replies":[{"embeddable":true,"href":"https:\/\/www.sarlux.saras.it\/it\/wp-json\/wp\/v2\/comments?post=546269"}],"version-history":[{"count":4,"href":"https:\/\/www.sarlux.saras.it\/it\/wp-json\/wp\/v2\/posts\/546269\/revisions"}],"predecessor-version":[{"id":546273,"href":"https:\/\/www.sarlux.saras.it\/it\/wp-json\/wp\/v2\/posts\/546269\/revisions\/546273"}],"wp:featuredmedia":[{"embeddable":true,"href":"https:\/\/www.sarlux.saras.it\/it\/wp-json\/wp\/v2\/media\/546264"}],"wp:attachment":[{"href":"https:\/\/www.sarlux.saras.it\/it\/wp-json\/wp\/v2\/media?parent=546269"}],"wp:term":[{"taxonomy":"category","embeddable":true,"href":"https:\/\/www.sarlux.saras.it\/it\/wp-json\/wp\/v2\/categories?post=546269"},{"taxonomy":"post_tag","embeddable":true,"href":"https:\/\/www.sarlux.saras.it\/it\/wp-json\/wp\/v2\/tags?post=546269"}],"curies":[{"name":"wp","href":"https:\/\/api.w.org\/{rel}","templated":true}]}}