{"id":546810,"date":"2025-04-01T08:28:48","date_gmt":"2025-04-01T08:28:48","guid":{"rendered":"https:\/\/www.sarlux.saras.it\/?p=546810"},"modified":"2025-07-23T10:42:29","modified_gmt":"2025-07-23T10:42:29","slug":"studenti-in-azione","status":"publish","type":"post","link":"https:\/\/www.sarlux.saras.it\/it\/studenti-in-azione\/","title":{"rendered":"Studenti in azione"},"content":{"rendered":"<div class=\"wpb-content-wrapper\"><p>[vc_row][vc_column][vc_column_text css=&#8221;&#8221;]<\/p>\n<p style=\"font-weight: 400;\"><strong>Studenti in azione: quando la scuola incontra il mondo del lavoro<\/strong><\/p>\n<p style=\"font-weight: 400;\">Per il 2025, i nostri progetti con le scuole coinvolgeranno gli istituti superiori di tutta la regione, offrendo agli studenti esperienze formative uniche e stimolanti. Durante il mese di marzo,\u00a0<strong>gli allievi dell\u2019Istituto Tecnologico CAT Leonardo da Vinci di Lanusei e dell\u2019Istituto Tecnico Zappa Pitagora di Seui<\/strong>\u00a0hanno intrapreso un percorso educativo che ha unito teoria e pratica, trasformando la scuola in un ponte verso il mondo produttivo.<\/p>\n<p>[\/vc_column_text][vc_empty_space height=&#8221;16px&#8221;][\/vc_column][\/vc_row][vc_row][vc_column width=&#8221;1\/2&#8243;][vc_single_image image=&#8221;546813&#8243; img_size=&#8221;full&#8221; add_caption=&#8221;yes&#8221; css=&#8221;&#8221;][\/vc_column][vc_column width=&#8221;1\/2&#8243;][vc_single_image image=&#8221;546811&#8243; img_size=&#8221;full&#8221; add_caption=&#8221;yes&#8221; css=&#8221;&#8221;][\/vc_column][\/vc_row][vc_row][vc_column][vc_empty_space height=&#8221;16px&#8221;][\/vc_column][\/vc_row][vc_row][vc_column][vc_column_text css=&#8221;&#8221;]<\/p>\n<p style=\"font-weight: 400;\">Dopo aver esplorato il Parco eolico di Ulassai per scoprire le energie rinnovabili, i ragazzi hanno visitato la raffineria Sarlux, dove tecnici e manager di Saras hanno tenuto interessanti conversazioni. Durante l\u2019incontro si \u00e8 parlato di produzione di energia elettrica, di risparmio idrico attraverso riciclo e desalinizzazione, di argomenti e tecnologie innovative come la cybersecurity.<\/p>\n<p style=\"font-weight: 400;\">Riteniamo che agire sia alla base di ogni trasformazione. \u00c8 con questo spirito che proponiamo attivit\u00e0 didattiche che possano \u201calimentare\u201d il futuro dei giovani.\u00a0<strong>Produrre energia sostenibile \u00e8 il nostro mestiere, essere promotori di \u201cenergia sociale\u201d \u00e8 la nostra responsabilit\u00e0 verso le comunit\u00e0 che ci ospitano<\/strong>. Condividiamo conoscenza e stimoliamo la curiosit\u00e0 degli studenti, per ispirarli a costruire un futuro di successo, carico di energia professionale e intellettuale.<\/p>\n<p>[\/vc_column_text][\/vc_column][\/vc_row][vc_row][vc_column][vc_icon icon_fontawesome=&#8221;fa fa-cog&#8221; size=&#8221;sm&#8221; align=&#8221;center&#8221;][vc_empty_space height=&#8221;16px&#8221;][\/vc_column][\/vc_row][vc_row full_width=&#8221;stretch_row&#8221; css=&#8221;.vc_custom_1743097055272{background-color: #F5F5F5 !important;}&#8221;][vc_column][vc_column_text css=&#8221;&#8221;]<\/p>\n<p style=\"font-weight: 400;\">Gli studenti hanno detto:<\/p>\n<p style=\"font-weight: 400;\"><em>\u00c8 stata una visita interessante, anche per il metodo di apprendimento diverso dal solito. Mi hanno stupito le molte informazioni di cui non ero a conoscenza su questa industria<br \/>\n<\/em>Alessandro<\/p>\n<p style=\"font-weight: 400;\"><em>Una mattinata molto interessante, mi ha fatto imparare nozioni nuove con argomenti non solo inerenti il mio percorso di studi e che sono riuscite ad attirare la mia attenzione<\/em><br \/>\nMarco<\/p>\n<p style=\"font-weight: 400;\"><em>Una splendida giornata passata alla Saras, un\u2019esperienza molto formativa che, se possibile, ripeterei volentieri. Argomenti complessi ma le spiegazioni molto chiare, da parte di tecnici gentili e attenti a qualsiasi nostra domanda. Grazie<\/em><br \/>\nGiacomo<\/p>\n<p>[\/vc_column_text][vc_empty_space height=&#8221;8px&#8221;][\/vc_column][\/vc_row][vc_row][vc_column][vc_icon icon_fontawesome=&#8221;fa fa-cog&#8221; size=&#8221;sm&#8221; align=&#8221;center&#8221;][vc_column_text css=&#8221;&#8221;]Siamo orgogliosi di queste attivit\u00e0 e siamo convinti che il dialogo costante con il territorio favorisca lo sviluppo sociale, economico e culturale della comunit\u00e0.[\/vc_column_text][vc_empty_space height=&#8221;16px&#8221;][\/vc_column][\/vc_row][vc_row full_width=&#8221;stretch_row&#8221; bg_type=&#8221;bg_color&#8221;][vc_column][vc_single_image image=&#8221;534688&#8243; img_size=&#8221;full&#8221; alignment=&#8221;center&#8221;][vc_empty_space][\/vc_column][\/vc_row]<\/p>\n<\/div>","protected":false},"excerpt":{"rendered":"<p>Durante il mese di marzo, gli allievi dell\u2019Istituto Tecnologico CAT Leonardo da Vinci di Lanusei e dell\u2019Istituto Tecnico Zappa Pitagora di Seui hanno intrapreso un percorso educativo che ha unito teoria e pratica, trasformando la scuola in un ponte verso il mondo produttivo.<\/p>\n","protected":false},"author":36,"featured_media":546813,"comment_status":"closed","ping_status":"open","sticky":false,"template":"","format":"standard","meta":{"_acf_changed":false,"inline_featured_image":false,"footnotes":""},"categories":[26,17],"tags":[438,138,471,35,135,29,554,552,553,50,322,53,71,555,325],"class_list":["post-546810","post","type-post","status-publish","format-standard","has-post-thumbnail","hentry","category-home-it","category-news","tag-comunita","tag-cultura","tag-diritto-allo-studio","tag-educazione","tag-formazione","tag-impegno-sociale","tag-istituto-tecnico-zappa-pitagora","tag-istituto-tecnologico-cat-leonardo-da-vinci","tag-lanusei","tag-saras","tag-sardeolica","tag-sarlux","tag-sarroch","tag-seui","tag-ulassai"],"acf":[],"yoast_head":"<!-- This site is optimized with the Yoast SEO plugin v27.3 - https:\/\/yoast.com\/product\/yoast-seo-wordpress\/ -->\n<title>Studenti in azione - Sarlux Saras | Refining &amp; Power<\/title>\n<meta name=\"description\" content=\"Durante il mese di marzo, gli allievi dell\u2019Istituto Tecnologico CAT Leonardo da Vinci di Lanusei e dell\u2019Istituto Tecnico Zappa Pitagora di Seui hanno intrapreso un percorso educativo che ha unito teoria e pratica, trasformando la scuola in un ponte verso il mondo produttivo.\" \/>\n<meta name=\"robots\" content=\"index, follow, max-snippet:-1, max-image-preview:large, max-video-preview:-1\" \/>\n<link rel=\"canonical\" href=\"https:\/\/www.sarlux.saras.it\/it\/studenti-in-azione\/\" \/>\n<meta property=\"og:locale\" content=\"it_IT\" \/>\n<meta property=\"og:type\" content=\"article\" \/>\n<meta property=\"og:title\" content=\"Studenti in azione - Sarlux Saras | Refining &amp; Power\" \/>\n<meta property=\"og:description\" content=\"Durante il mese di marzo, gli allievi dell\u2019Istituto Tecnologico CAT Leonardo da Vinci di Lanusei e dell\u2019Istituto Tecnico Zappa Pitagora di Seui hanno intrapreso un percorso educativo che ha unito teoria e pratica, trasformando la scuola in un ponte verso il mondo produttivo.\" \/>\n<meta property=\"og:url\" content=\"https:\/\/www.sarlux.saras.it\/it\/studenti-in-azione\/\" \/>\n<meta property=\"og:site_name\" content=\"Sarlux Saras | Refining &amp; Power\" \/>\n<meta property=\"article:published_time\" content=\"2025-04-01T08:28:48+00:00\" \/>\n<meta property=\"article:modified_time\" content=\"2025-07-23T10:42:29+00:00\" \/>\n<meta property=\"og:image\" content=\"https:\/\/www.sarlux.saras.it\/wp-content\/uploads\/2025\/04\/Saras-Sarlux-ITC-da-Vinci-Lanusei.jpg\" \/>\n\t<meta property=\"og:image:width\" content=\"990\" \/>\n\t<meta property=\"og:image:height\" content=\"450\" \/>\n\t<meta property=\"og:image:type\" content=\"image\/jpeg\" \/>\n<meta name=\"author\" content=\"Alberto Soi\" \/>\n<meta name=\"twitter:card\" content=\"summary_large_image\" \/>\n<meta name=\"twitter:label1\" content=\"Scritto da\" \/>\n\t<meta name=\"twitter:data1\" content=\"Alberto Soi\" \/>\n\t<meta name=\"twitter:label2\" content=\"Tempo di lettura stimato\" \/>\n\t<meta name=\"twitter:data2\" content=\"3 minuti\" \/>\n<script type=\"application\/ld+json\" class=\"yoast-schema-graph\">{\"@context\":\"https:\\\/\\\/schema.org\",\"@graph\":[{\"@type\":\"Article\",\"@id\":\"https:\\\/\\\/www.sarlux.saras.it\\\/it\\\/studenti-in-azione\\\/#article\",\"isPartOf\":{\"@id\":\"https:\\\/\\\/www.sarlux.saras.it\\\/it\\\/studenti-in-azione\\\/\"},\"author\":{\"name\":\"Alberto Soi\",\"@id\":\"https:\\\/\\\/www.sarlux.saras.it\\\/it\\\/#\\\/schema\\\/person\\\/f369fc2d7dbcc34d69a0975e8fe360af\"},\"headline\":\"Studenti in azione\",\"datePublished\":\"2025-04-01T08:28:48+00:00\",\"dateModified\":\"2025-07-23T10:42:29+00:00\",\"mainEntityOfPage\":{\"@id\":\"https:\\\/\\\/www.sarlux.saras.it\\\/it\\\/studenti-in-azione\\\/\"},\"wordCount\":522,\"publisher\":{\"@id\":\"https:\\\/\\\/www.sarlux.saras.it\\\/it\\\/#organization\"},\"image\":{\"@id\":\"https:\\\/\\\/www.sarlux.saras.it\\\/it\\\/studenti-in-azione\\\/#primaryimage\"},\"thumbnailUrl\":\"https:\\\/\\\/www.sarlux.saras.it\\\/wp-content\\\/uploads\\\/2025\\\/04\\\/Saras-Sarlux-ITC-da-Vinci-Lanusei.jpg\",\"keywords\":[\"comunit\u00e0\",\"cultura\",\"diritto allo studio\",\"Educazione\",\"formazione\",\"Impegno sociale\",\"Istituto Tecnico Zappa Pitagora\",\"Istituto Tecnologico CAT Leonardo da Vinci\",\"Lanusei\",\"Saras\",\"Sardeolica\",\"Sarlux\",\"Sarroch\",\"Seui\",\"Ulassai\"],\"articleSection\":[\"home\",\"News\"],\"inLanguage\":\"it-IT\"},{\"@type\":\"WebPage\",\"@id\":\"https:\\\/\\\/www.sarlux.saras.it\\\/it\\\/studenti-in-azione\\\/\",\"url\":\"https:\\\/\\\/www.sarlux.saras.it\\\/it\\\/studenti-in-azione\\\/\",\"name\":\"Studenti in azione - Sarlux Saras | Refining & Power\",\"isPartOf\":{\"@id\":\"https:\\\/\\\/www.sarlux.saras.it\\\/it\\\/#website\"},\"primaryImageOfPage\":{\"@id\":\"https:\\\/\\\/www.sarlux.saras.it\\\/it\\\/studenti-in-azione\\\/#primaryimage\"},\"image\":{\"@id\":\"https:\\\/\\\/www.sarlux.saras.it\\\/it\\\/studenti-in-azione\\\/#primaryimage\"},\"thumbnailUrl\":\"https:\\\/\\\/www.sarlux.saras.it\\\/wp-content\\\/uploads\\\/2025\\\/04\\\/Saras-Sarlux-ITC-da-Vinci-Lanusei.jpg\",\"datePublished\":\"2025-04-01T08:28:48+00:00\",\"dateModified\":\"2025-07-23T10:42:29+00:00\",\"description\":\"Durante il mese di marzo, gli allievi dell\u2019Istituto Tecnologico CAT Leonardo da Vinci di Lanusei e dell\u2019Istituto Tecnico Zappa Pitagora di Seui hanno intrapreso un percorso educativo che ha unito teoria e pratica, trasformando la scuola in un ponte verso il mondo produttivo.\",\"breadcrumb\":{\"@id\":\"https:\\\/\\\/www.sarlux.saras.it\\\/it\\\/studenti-in-azione\\\/#breadcrumb\"},\"inLanguage\":\"it-IT\",\"potentialAction\":[{\"@type\":\"ReadAction\",\"target\":[\"https:\\\/\\\/www.sarlux.saras.it\\\/it\\\/studenti-in-azione\\\/\"]}]},{\"@type\":\"ImageObject\",\"inLanguage\":\"it-IT\",\"@id\":\"https:\\\/\\\/www.sarlux.saras.it\\\/it\\\/studenti-in-azione\\\/#primaryimage\",\"url\":\"https:\\\/\\\/www.sarlux.saras.it\\\/wp-content\\\/uploads\\\/2025\\\/04\\\/Saras-Sarlux-ITC-da-Vinci-Lanusei.jpg\",\"contentUrl\":\"https:\\\/\\\/www.sarlux.saras.it\\\/wp-content\\\/uploads\\\/2025\\\/04\\\/Saras-Sarlux-ITC-da-Vinci-Lanusei.jpg\",\"width\":990,\"height\":450,\"caption\":\"Gli studenti dell\u2019Istituto Tecnologico CAT Leonardo da Vinci di Lanusei durante la lezione sulla Cybersecurity in Sarlux\"},{\"@type\":\"BreadcrumbList\",\"@id\":\"https:\\\/\\\/www.sarlux.saras.it\\\/it\\\/studenti-in-azione\\\/#breadcrumb\",\"itemListElement\":[{\"@type\":\"ListItem\",\"position\":1,\"name\":\"Home\",\"item\":\"https:\\\/\\\/www.sarlux.saras.it\\\/it\\\/\"},{\"@type\":\"ListItem\",\"position\":2,\"name\":\"Studenti in azione\"}]},{\"@type\":\"WebSite\",\"@id\":\"https:\\\/\\\/www.sarlux.saras.it\\\/it\\\/#website\",\"url\":\"https:\\\/\\\/www.sarlux.saras.it\\\/it\\\/\",\"name\":\"Sarlux\",\"description\":\"\",\"publisher\":{\"@id\":\"https:\\\/\\\/www.sarlux.saras.it\\\/it\\\/#organization\"},\"potentialAction\":[{\"@type\":\"SearchAction\",\"target\":{\"@type\":\"EntryPoint\",\"urlTemplate\":\"https:\\\/\\\/www.sarlux.saras.it\\\/it\\\/?s={search_term_string}\"},\"query-input\":{\"@type\":\"PropertyValueSpecification\",\"valueRequired\":true,\"valueName\":\"search_term_string\"}}],\"inLanguage\":\"it-IT\"},{\"@type\":\"Organization\",\"@id\":\"https:\\\/\\\/www.sarlux.saras.it\\\/it\\\/#organization\",\"name\":\"Sarlux\",\"url\":\"https:\\\/\\\/www.sarlux.saras.it\\\/it\\\/\",\"logo\":{\"@type\":\"ImageObject\",\"inLanguage\":\"it-IT\",\"@id\":\"https:\\\/\\\/www.sarlux.saras.it\\\/it\\\/#\\\/schema\\\/logo\\\/image\\\/\",\"url\":\"https:\\\/\\\/www.sarlux.saras.it\\\/wp-content\\\/uploads\\\/2017\\\/12\\\/logo-pc-1.png\",\"contentUrl\":\"https:\\\/\\\/www.sarlux.saras.it\\\/wp-content\\\/uploads\\\/2017\\\/12\\\/logo-pc-1.png\",\"width\":184,\"height\":86,\"caption\":\"Sarlux\"},\"image\":{\"@id\":\"https:\\\/\\\/www.sarlux.saras.it\\\/it\\\/#\\\/schema\\\/logo\\\/image\\\/\"}},{\"@type\":\"Person\",\"@id\":\"https:\\\/\\\/www.sarlux.saras.it\\\/it\\\/#\\\/schema\\\/person\\\/f369fc2d7dbcc34d69a0975e8fe360af\",\"name\":\"Alberto Soi\",\"image\":{\"@type\":\"ImageObject\",\"inLanguage\":\"it-IT\",\"@id\":\"https:\\\/\\\/secure.gravatar.com\\\/avatar\\\/cc70035cae62a8d1e88cc2ac9d8e48bd174728dd9c5b3730ca1cbcb3eee8991b?s=96&d=mm&r=g\",\"url\":\"https:\\\/\\\/secure.gravatar.com\\\/avatar\\\/cc70035cae62a8d1e88cc2ac9d8e48bd174728dd9c5b3730ca1cbcb3eee8991b?s=96&d=mm&r=g\",\"contentUrl\":\"https:\\\/\\\/secure.gravatar.com\\\/avatar\\\/cc70035cae62a8d1e88cc2ac9d8e48bd174728dd9c5b3730ca1cbcb3eee8991b?s=96&d=mm&r=g\",\"caption\":\"Alberto Soi\"},\"url\":\"\"}]}<\/script>\n<!-- \/ Yoast SEO plugin. -->","yoast_head_json":{"title":"Studenti in azione - Sarlux Saras | Refining & Power","description":"Durante il mese di marzo, gli allievi dell\u2019Istituto Tecnologico CAT Leonardo da Vinci di Lanusei e dell\u2019Istituto Tecnico Zappa Pitagora di Seui hanno intrapreso un percorso educativo che ha unito teoria e pratica, trasformando la scuola in un ponte verso il mondo produttivo.","robots":{"index":"index","follow":"follow","max-snippet":"max-snippet:-1","max-image-preview":"max-image-preview:large","max-video-preview":"max-video-preview:-1"},"canonical":"https:\/\/www.sarlux.saras.it\/it\/studenti-in-azione\/","og_locale":"it_IT","og_type":"article","og_title":"Studenti in azione - Sarlux Saras | Refining & Power","og_description":"Durante il mese di marzo, gli allievi dell\u2019Istituto Tecnologico CAT Leonardo da Vinci di Lanusei e dell\u2019Istituto Tecnico Zappa Pitagora di Seui hanno intrapreso un percorso educativo che ha unito teoria e pratica, trasformando la scuola in un ponte verso il mondo produttivo.","og_url":"https:\/\/www.sarlux.saras.it\/it\/studenti-in-azione\/","og_site_name":"Sarlux Saras | Refining & Power","article_published_time":"2025-04-01T08:28:48+00:00","article_modified_time":"2025-07-23T10:42:29+00:00","og_image":[{"width":990,"height":450,"url":"https:\/\/www.sarlux.saras.it\/wp-content\/uploads\/2025\/04\/Saras-Sarlux-ITC-da-Vinci-Lanusei.jpg","type":"image\/jpeg"}],"author":"Alberto Soi","twitter_card":"summary_large_image","twitter_misc":{"Scritto da":"Alberto Soi","Tempo di lettura stimato":"3 minuti"},"schema":{"@context":"https:\/\/schema.org","@graph":[{"@type":"Article","@id":"https:\/\/www.sarlux.saras.it\/it\/studenti-in-azione\/#article","isPartOf":{"@id":"https:\/\/www.sarlux.saras.it\/it\/studenti-in-azione\/"},"author":{"name":"Alberto Soi","@id":"https:\/\/www.sarlux.saras.it\/it\/#\/schema\/person\/f369fc2d7dbcc34d69a0975e8fe360af"},"headline":"Studenti in azione","datePublished":"2025-04-01T08:28:48+00:00","dateModified":"2025-07-23T10:42:29+00:00","mainEntityOfPage":{"@id":"https:\/\/www.sarlux.saras.it\/it\/studenti-in-azione\/"},"wordCount":522,"publisher":{"@id":"https:\/\/www.sarlux.saras.it\/it\/#organization"},"image":{"@id":"https:\/\/www.sarlux.saras.it\/it\/studenti-in-azione\/#primaryimage"},"thumbnailUrl":"https:\/\/www.sarlux.saras.it\/wp-content\/uploads\/2025\/04\/Saras-Sarlux-ITC-da-Vinci-Lanusei.jpg","keywords":["comunit\u00e0","cultura","diritto allo studio","Educazione","formazione","Impegno sociale","Istituto Tecnico Zappa Pitagora","Istituto Tecnologico CAT Leonardo da Vinci","Lanusei","Saras","Sardeolica","Sarlux","Sarroch","Seui","Ulassai"],"articleSection":["home","News"],"inLanguage":"it-IT"},{"@type":"WebPage","@id":"https:\/\/www.sarlux.saras.it\/it\/studenti-in-azione\/","url":"https:\/\/www.sarlux.saras.it\/it\/studenti-in-azione\/","name":"Studenti in azione - Sarlux Saras | Refining & Power","isPartOf":{"@id":"https:\/\/www.sarlux.saras.it\/it\/#website"},"primaryImageOfPage":{"@id":"https:\/\/www.sarlux.saras.it\/it\/studenti-in-azione\/#primaryimage"},"image":{"@id":"https:\/\/www.sarlux.saras.it\/it\/studenti-in-azione\/#primaryimage"},"thumbnailUrl":"https:\/\/www.sarlux.saras.it\/wp-content\/uploads\/2025\/04\/Saras-Sarlux-ITC-da-Vinci-Lanusei.jpg","datePublished":"2025-04-01T08:28:48+00:00","dateModified":"2025-07-23T10:42:29+00:00","description":"Durante il mese di marzo, gli allievi dell\u2019Istituto Tecnologico CAT Leonardo da Vinci di Lanusei e dell\u2019Istituto Tecnico Zappa Pitagora di Seui hanno intrapreso un percorso educativo che ha unito teoria e pratica, trasformando la scuola in un ponte verso il mondo produttivo.","breadcrumb":{"@id":"https:\/\/www.sarlux.saras.it\/it\/studenti-in-azione\/#breadcrumb"},"inLanguage":"it-IT","potentialAction":[{"@type":"ReadAction","target":["https:\/\/www.sarlux.saras.it\/it\/studenti-in-azione\/"]}]},{"@type":"ImageObject","inLanguage":"it-IT","@id":"https:\/\/www.sarlux.saras.it\/it\/studenti-in-azione\/#primaryimage","url":"https:\/\/www.sarlux.saras.it\/wp-content\/uploads\/2025\/04\/Saras-Sarlux-ITC-da-Vinci-Lanusei.jpg","contentUrl":"https:\/\/www.sarlux.saras.it\/wp-content\/uploads\/2025\/04\/Saras-Sarlux-ITC-da-Vinci-Lanusei.jpg","width":990,"height":450,"caption":"Gli studenti dell\u2019Istituto Tecnologico CAT Leonardo da Vinci di Lanusei durante la lezione sulla Cybersecurity in Sarlux"},{"@type":"BreadcrumbList","@id":"https:\/\/www.sarlux.saras.it\/it\/studenti-in-azione\/#breadcrumb","itemListElement":[{"@type":"ListItem","position":1,"name":"Home","item":"https:\/\/www.sarlux.saras.it\/it\/"},{"@type":"ListItem","position":2,"name":"Studenti in azione"}]},{"@type":"WebSite","@id":"https:\/\/www.sarlux.saras.it\/it\/#website","url":"https:\/\/www.sarlux.saras.it\/it\/","name":"Sarlux","description":"","publisher":{"@id":"https:\/\/www.sarlux.saras.it\/it\/#organization"},"potentialAction":[{"@type":"SearchAction","target":{"@type":"EntryPoint","urlTemplate":"https:\/\/www.sarlux.saras.it\/it\/?s={search_term_string}"},"query-input":{"@type":"PropertyValueSpecification","valueRequired":true,"valueName":"search_term_string"}}],"inLanguage":"it-IT"},{"@type":"Organization","@id":"https:\/\/www.sarlux.saras.it\/it\/#organization","name":"Sarlux","url":"https:\/\/www.sarlux.saras.it\/it\/","logo":{"@type":"ImageObject","inLanguage":"it-IT","@id":"https:\/\/www.sarlux.saras.it\/it\/#\/schema\/logo\/image\/","url":"https:\/\/www.sarlux.saras.it\/wp-content\/uploads\/2017\/12\/logo-pc-1.png","contentUrl":"https:\/\/www.sarlux.saras.it\/wp-content\/uploads\/2017\/12\/logo-pc-1.png","width":184,"height":86,"caption":"Sarlux"},"image":{"@id":"https:\/\/www.sarlux.saras.it\/it\/#\/schema\/logo\/image\/"}},{"@type":"Person","@id":"https:\/\/www.sarlux.saras.it\/it\/#\/schema\/person\/f369fc2d7dbcc34d69a0975e8fe360af","name":"Alberto Soi","image":{"@type":"ImageObject","inLanguage":"it-IT","@id":"https:\/\/secure.gravatar.com\/avatar\/cc70035cae62a8d1e88cc2ac9d8e48bd174728dd9c5b3730ca1cbcb3eee8991b?s=96&d=mm&r=g","url":"https:\/\/secure.gravatar.com\/avatar\/cc70035cae62a8d1e88cc2ac9d8e48bd174728dd9c5b3730ca1cbcb3eee8991b?s=96&d=mm&r=g","contentUrl":"https:\/\/secure.gravatar.com\/avatar\/cc70035cae62a8d1e88cc2ac9d8e48bd174728dd9c5b3730ca1cbcb3eee8991b?s=96&d=mm&r=g","caption":"Alberto Soi"},"url":""}]}},"_links":{"self":[{"href":"https:\/\/www.sarlux.saras.it\/it\/wp-json\/wp\/v2\/posts\/546810","targetHints":{"allow":["GET"]}}],"collection":[{"href":"https:\/\/www.sarlux.saras.it\/it\/wp-json\/wp\/v2\/posts"}],"about":[{"href":"https:\/\/www.sarlux.saras.it\/it\/wp-json\/wp\/v2\/types\/post"}],"author":[{"embeddable":true,"href":"https:\/\/www.sarlux.saras.it\/it\/wp-json\/wp\/v2\/users\/36"}],"replies":[{"embeddable":true,"href":"https:\/\/www.sarlux.saras.it\/it\/wp-json\/wp\/v2\/comments?post=546810"}],"version-history":[{"count":4,"href":"https:\/\/www.sarlux.saras.it\/it\/wp-json\/wp\/v2\/posts\/546810\/revisions"}],"predecessor-version":[{"id":547188,"href":"https:\/\/www.sarlux.saras.it\/it\/wp-json\/wp\/v2\/posts\/546810\/revisions\/547188"}],"wp:featuredmedia":[{"embeddable":true,"href":"https:\/\/www.sarlux.saras.it\/it\/wp-json\/wp\/v2\/media\/546813"}],"wp:attachment":[{"href":"https:\/\/www.sarlux.saras.it\/it\/wp-json\/wp\/v2\/media?parent=546810"}],"wp:term":[{"taxonomy":"category","embeddable":true,"href":"https:\/\/www.sarlux.saras.it\/it\/wp-json\/wp\/v2\/categories?post=546810"},{"taxonomy":"post_tag","embeddable":true,"href":"https:\/\/www.sarlux.saras.it\/it\/wp-json\/wp\/v2\/tags?post=546810"}],"curies":[{"name":"wp","href":"https:\/\/api.w.org\/{rel}","templated":true}]}}