{"id":546848,"date":"2025-05-23T09:53:48","date_gmt":"2025-05-23T09:53:48","guid":{"rendered":"https:\/\/www.sarlux.saras.it\/?p=546848"},"modified":"2025-07-23T10:25:36","modified_gmt":"2025-07-23T10:25:36","slug":"scoprire-imparare-crescere","status":"publish","type":"post","link":"https:\/\/www.sarlux.saras.it\/it\/scoprire-imparare-crescere\/","title":{"rendered":"Scoprire, imparare, crescere"},"content":{"rendered":"<div class=\"wpb-content-wrapper\"><p>[vc_row][vc_column][vc_column_text css=&#8221;&#8221;]<\/p>\n<p style=\"font-weight: 400;\">Quando scuola e impresa si incontrano, nascono nuove opportunit\u00e0.<\/p>\n<p style=\"font-weight: 400;\">Il dialogo tra scuola e mondo del lavoro si rafforza grazie ai programmi PCTO (Percorsi per le Competenze Trasversali e l&#8217;Orientamento) organizzati da <strong>Saras<\/strong> assieme ad alcuni istituti superiori della Sardegna. Per noi, il PCTO non \u00e8 solo un progetto, ma un impegno per il futuro. Riteniamo che ogni studente abbia talento, energia e idee da coltivare. Offrire loro gli strumenti giusti \u00e8 il primo passo per costruire una generazione di professionisti consapevoli, motivati e pronti a fare la differenza.<\/p>\n<p style=\"font-weight: 400;\">Durante il mese di maggio, <strong>abbiamo accolto 100 studenti di tre istituti superiori di Cagliari,<\/strong> offrendo l\u2019opportunit\u00e0 di conoscere da vicino una complessa realt\u00e0 produttiva. Non si \u00e8 trattato solo di osservare, ma di <strong>dialogare con i nostri esperti e confrontarsi con le sfide reali del mondo del lavoro<\/strong>.<\/p>\n<p>Per tutti gli studenti, il programma \u00e8 iniziato con un\u2019introduzione generale presso le sedi dei rispettivi istituti. A seguire, hanno visitato la raffineria Sarlux, dove ogni scuola ha avuto la sua lezione dedicata, in linea con la propria specializzazione, grazie alla guida attenta dei manager della societ\u00e0.[\/vc_column_text][vc_empty_space height=&#8221;16px&#8221;][\/vc_column][\/vc_row][vc_row][vc_column width=&#8221;1\/2&#8243;]\n\t\t\t<!-- START PCTO maggio 2025 REVOLUTION SLIDER 6.6.14 --><p class=\"rs-p-wp-fix\"><\/p>\n\t\t\t<rs-module-wrap id=\"rev_slider_135_1_wrapper\" data-source=\"gallery\" style=\"visibility:hidden;background:transparent;padding:0;margin:0px auto;margin-top:0;margin-bottom:0;\">\n\t\t\t\t<rs-module id=\"rev_slider_135_1\" style=\"\" data-version=\"6.6.14\">\n\t\t\t\t\t<rs-slides style=\"overflow: hidden; position: absolute;\">\n\t\t\t\t\t\t<rs-slide style=\"position: absolute;\" data-key=\"rs-1563\" data-title=\"Slide\" data-thumb=\"\/\/www.sarlux.saras.it\/wp-content\/uploads\/revslider\/PCTO-maggio-2025\/PCTO-Saras-Sarlux-Liceo-Alberti.jpg\" data-in=\"o:0;\" data-out=\"a:false;\">\n\t\t\t\t\t\t\t<img decoding=\"async\" src=\"\/\/www.sarlux.saras.it\/wp-content\/plugins\/revslider\/public\/assets\/assets\/dummy.png\" alt=\"\" title=\"PCTO-Saras-Sarlux-Liceo-Alberti.jpg\" width=\"800\" height=\"450\" class=\"rev-slidebg tp-rs-img rs-lazyload\" data-lazyload=\"\/\/www.sarlux.saras.it\/wp-content\/uploads\/revslider\/PCTO-maggio-2025\/PCTO-Saras-Sarlux-Liceo-Alberti.jpg\" data-no-retina>\n<!---->\t\t\t\t\t\t<\/rs-slide>\n\t\t\t\t\t\t<rs-slide style=\"position: absolute;\" data-key=\"rs-1564\" data-title=\"Slide\" data-thumb=\"\/\/www.sarlux.saras.it\/wp-content\/uploads\/revslider\/PCTO-maggio-2025\/PCTO-Saras-Sarlux-Liceo-Marconi-Mecacci.jpg\" data-in=\"o:0;\" data-out=\"a:false;\">\n\t\t\t\t\t\t\t<img decoding=\"async\" src=\"\/\/www.sarlux.saras.it\/wp-content\/plugins\/revslider\/public\/assets\/assets\/dummy.png\" alt=\"\" title=\"PCTO-Saras-Sarlux-Liceo-Marconi-Mecacci.jpg\" width=\"800\" height=\"450\" class=\"rev-slidebg tp-rs-img rs-lazyload\" data-lazyload=\"\/\/www.sarlux.saras.it\/wp-content\/uploads\/revslider\/PCTO-maggio-2025\/PCTO-Saras-Sarlux-Liceo-Marconi-Mecacci.jpg\" data-no-retina>\n<!---->\t\t\t\t\t\t<\/rs-slide>\n\t\t\t\t\t\t<rs-slide style=\"position: absolute;\" data-key=\"rs-1565\" data-title=\"Slide\" data-thumb=\"\/\/www.sarlux.saras.it\/wp-content\/uploads\/revslider\/PCTO-maggio-2025\/PCTO-Saras-Sarlux-Liceo-Marconi.jpg\" data-in=\"o:0;\" data-out=\"a:false;\">\n\t\t\t\t\t\t\t<img decoding=\"async\" src=\"\/\/www.sarlux.saras.it\/wp-content\/plugins\/revslider\/public\/assets\/assets\/dummy.png\" alt=\"\" title=\"PCTO-Saras-Sarlux-Liceo-Marconi.jpg\" width=\"800\" height=\"450\" class=\"rev-slidebg tp-rs-img rs-lazyload\" data-lazyload=\"\/\/www.sarlux.saras.it\/wp-content\/uploads\/revslider\/PCTO-maggio-2025\/PCTO-Saras-Sarlux-Liceo-Marconi.jpg\" data-no-retina>\n<!---->\t\t\t\t\t\t<\/rs-slide>\n\t\t\t\t\t\t<rs-slide style=\"position: absolute;\" data-key=\"rs-1566\" data-title=\"Slide\" data-thumb=\"\/\/www.sarlux.saras.it\/wp-content\/uploads\/revslider\/PCTO-maggio-2025\/PCTO-Saras-Sarlux-Liceo-Martini.jpg\" data-in=\"o:0;\" data-out=\"a:false;\">\n\t\t\t\t\t\t\t<img decoding=\"async\" src=\"\/\/www.sarlux.saras.it\/wp-content\/plugins\/revslider\/public\/assets\/assets\/dummy.png\" alt=\"\" title=\"PCTO-Saras-Sarlux-Liceo-Martini.jpg\" width=\"800\" height=\"450\" class=\"rev-slidebg tp-rs-img rs-lazyload\" data-lazyload=\"\/\/www.sarlux.saras.it\/wp-content\/uploads\/revslider\/PCTO-maggio-2025\/PCTO-Saras-Sarlux-Liceo-Martini.jpg\" data-no-retina>\n<!---->\t\t\t\t\t\t<\/rs-slide>\n\t\t\t\t\t\t<rs-slide style=\"position: absolute;\" data-key=\"rs-1567\" data-title=\"Slide\" data-thumb=\"\/\/www.sarlux.saras.it\/wp-content\/uploads\/revslider\/PCTO-maggio-2025\/PCTO-Saras-Sarlux-Liceo-Martini-Manca.jpg\" data-in=\"o:0;\" data-out=\"a:false;\">\n\t\t\t\t\t\t\t<img decoding=\"async\" src=\"\/\/www.sarlux.saras.it\/wp-content\/plugins\/revslider\/public\/assets\/assets\/dummy.png\" alt=\"\" title=\"PCTO-Saras-Sarlux-Liceo-Martini-Manca.jpg\" width=\"800\" height=\"450\" class=\"rev-slidebg tp-rs-img rs-lazyload\" data-lazyload=\"\/\/www.sarlux.saras.it\/wp-content\/uploads\/revslider\/PCTO-maggio-2025\/PCTO-Saras-Sarlux-Liceo-Martini-Manca.jpg\" data-no-retina>\n<!---->\t\t\t\t\t\t<\/rs-slide>\n\t\t\t\t\t\t<rs-slide style=\"position: absolute;\" data-key=\"rs-1568\" data-title=\"Slide\" data-thumb=\"\/\/www.sarlux.saras.it\/wp-content\/uploads\/revslider\/PCTO-maggio-2025\/ALBERTI-PCTO-Saras-Sarlux-16.jpg\" data-in=\"o:0;\" data-out=\"a:false;\">\n\t\t\t\t\t\t\t<img decoding=\"async\" src=\"\/\/www.sarlux.saras.it\/wp-content\/plugins\/revslider\/public\/assets\/assets\/dummy.png\" alt=\"\" title=\"ALBERTI-PCTO-Saras-Sarlux-16.jpg\" width=\"800\" height=\"450\" class=\"rev-slidebg tp-rs-img rs-lazyload\" data-lazyload=\"\/\/www.sarlux.saras.it\/wp-content\/uploads\/revslider\/PCTO-maggio-2025\/ALBERTI-PCTO-Saras-Sarlux-16.jpg\" data-no-retina>\n<!---->\t\t\t\t\t\t<\/rs-slide>\n\t\t\t\t\t\t<rs-slide style=\"position: absolute;\" data-key=\"rs-1569\" data-title=\"Slide\" data-thumb=\"\/\/www.sarlux.saras.it\/wp-content\/uploads\/revslider\/PCTO-maggio-2025\/ALBERTI-PCTO-Saras-Sarlux-01.jpg\" data-in=\"o:0;\" data-out=\"a:false;\">\n\t\t\t\t\t\t\t<img decoding=\"async\" src=\"\/\/www.sarlux.saras.it\/wp-content\/plugins\/revslider\/public\/assets\/assets\/dummy.png\" alt=\"\" title=\"ALBERTI-PCTO-Saras-Sarlux-01.jpg\" width=\"800\" height=\"450\" class=\"rev-slidebg tp-rs-img rs-lazyload\" data-lazyload=\"\/\/www.sarlux.saras.it\/wp-content\/uploads\/revslider\/PCTO-maggio-2025\/ALBERTI-PCTO-Saras-Sarlux-01.jpg\" data-no-retina>\n<!---->\t\t\t\t\t\t<\/rs-slide>\n\t\t\t\t\t\t<rs-slide style=\"position: absolute;\" data-key=\"rs-1570\" data-title=\"Slide\" data-thumb=\"\/\/www.sarlux.saras.it\/wp-content\/uploads\/revslider\/PCTO-maggio-2025\/ALBERTI-PCTO-Saras-Sarlux-46.jpg\" data-in=\"o:0;\" data-out=\"a:false;\">\n\t\t\t\t\t\t\t<img decoding=\"async\" src=\"\/\/www.sarlux.saras.it\/wp-content\/plugins\/revslider\/public\/assets\/assets\/dummy.png\" alt=\"\" title=\"ALBERTI-PCTO-Saras-Sarlux-46.jpg\" width=\"800\" height=\"450\" class=\"rev-slidebg tp-rs-img rs-lazyload\" data-lazyload=\"\/\/www.sarlux.saras.it\/wp-content\/uploads\/revslider\/PCTO-maggio-2025\/ALBERTI-PCTO-Saras-Sarlux-46.jpg\" data-no-retina>\n<!---->\t\t\t\t\t\t<\/rs-slide>\n\t\t\t\t\t\t<rs-slide style=\"position: absolute;\" data-key=\"rs-1571\" data-title=\"Slide\" data-thumb=\"\/\/www.sarlux.saras.it\/wp-content\/uploads\/revslider\/PCTO-maggio-2025\/ALBERTI-PCTO-Saras-Sarlux-48.jpg\" data-in=\"o:0;\" data-out=\"a:false;\">\n\t\t\t\t\t\t\t<img decoding=\"async\" src=\"\/\/www.sarlux.saras.it\/wp-content\/plugins\/revslider\/public\/assets\/assets\/dummy.png\" alt=\"\" title=\"ALBERTI-PCTO-Saras-Sarlux-48.jpg\" width=\"800\" height=\"450\" class=\"rev-slidebg tp-rs-img rs-lazyload\" data-lazyload=\"\/\/www.sarlux.saras.it\/wp-content\/uploads\/revslider\/PCTO-maggio-2025\/ALBERTI-PCTO-Saras-Sarlux-48.jpg\" data-no-retina>\n<!---->\t\t\t\t\t\t<\/rs-slide>\n\t\t\t\t\t\t<rs-slide style=\"position: absolute;\" data-key=\"rs-1572\" data-title=\"Slide\" data-thumb=\"\/\/www.sarlux.saras.it\/wp-content\/uploads\/revslider\/PCTO-maggio-2025\/PCTO-Saras-Sarlux-Liceo-Martini-Mecacci.jpg\" data-in=\"o:0;\" data-out=\"a:false;\">\n\t\t\t\t\t\t\t<img decoding=\"async\" src=\"\/\/www.sarlux.saras.it\/wp-content\/plugins\/revslider\/public\/assets\/assets\/dummy.png\" alt=\"\" title=\"PCTO-Saras-Sarlux-Liceo-Martini-Mecacci.jpg\" width=\"800\" height=\"450\" class=\"rev-slidebg tp-rs-img rs-lazyload\" data-lazyload=\"\/\/www.sarlux.saras.it\/wp-content\/uploads\/revslider\/PCTO-maggio-2025\/PCTO-Saras-Sarlux-Liceo-Martini-Mecacci.jpg\" data-no-retina>\n<!---->\t\t\t\t\t\t<\/rs-slide>\n\t\t\t\t\t<\/rs-slides>\n\t\t\t\t<\/rs-module>\n\t\t\t\t<script>\n\t\t\t\t\tsetREVStartSize({c: 'rev_slider_135_1',rl:[1240,1024,778,480],el:[450],gw:[800],gh:[450],type:'standard',justify:'',layout:'fullwidth',mh:\"0\"});if (window.RS_MODULES!==undefined && window.RS_MODULES.modules!==undefined && window.RS_MODULES.modules[\"revslider1351\"]!==undefined) {window.RS_MODULES.modules[\"revslider1351\"].once = false;window.revapi135 = undefined;if (window.RS_MODULES.checkMinimal!==undefined) window.RS_MODULES.checkMinimal()}\n\t\t\t\t<\/script>\n\t\t\t<\/rs-module-wrap>\n\t\t\t<!-- END REVOLUTION SLIDER -->\n[\/vc_column][vc_column width=&#8221;1\/2&#8243;][vc_column_text css=&#8221;&#8221;]<\/p>\n<p class=\"p1\"><b>Liceo Scientifico Statale <\/b><em><b>Leon Battista Alberti<br \/>\n<\/b><\/em>Gli studenti hanno approfondito i temi della raffinazione, della produzione di energia elettrica, del ciclo dell\u2019acqua e hanno appreso le basi della cybersecurity.<\/p>\n<p>[\/vc_column_text][vc_column_text css=&#8221;&#8221;]<\/p>\n<p class=\"LC20lb MBeuO DKV0Md\"><strong>Istituto Istruzione Superiore <em>Buccari-Marconi<br \/>\n<\/em><\/strong>Dopo una sessione dedicata ai processi di raffineria focalizzati sulla produzione elettrica IGCC, si sono approfonditi i temi relativi ai processi manutentivi e alle tecnologie di affidabilit\u00e0.<\/p>\n<p>[\/vc_column_text][vc_column_text css=&#8221;&#8221;]<\/p>\n<p class=\"text-white font-weight-normal h4\"><strong>Istituto Tecnico Economico <em><span class=\"d-line d-xl-block\">Pietro Martini<br \/>\n<\/span><\/em><\/strong>Un viaggio nel cuore della produzione industriale: i processi di raffineria, i bio carburanti e gli e-fuels, la cybersecurity e un approfondimento sulla rete elettrica, il mercato e la formazione del prezzo.<\/p>\n<p>[\/vc_column_text][\/vc_column][\/vc_row][vc_row][vc_column][vc_empty_space height=&#8221;16px&#8221;][\/vc_column][\/vc_row][vc_row][vc_column][vc_icon icon_fontawesome=&#8221;fa fa-cog&#8221; size=&#8221;sm&#8221; align=&#8221;center&#8221;][vc_empty_space height=&#8221;16px&#8221;][\/vc_column][\/vc_row][vc_row full_width=&#8221;stretch_row&#8221; css=&#8221;.vc_custom_1743097055272{background-color: #F5F5F5 !important;}&#8221;][vc_column][vc_column_text css=&#8221;&#8221;]<\/p>\n<p style=\"font-weight: 400;\">Alcuni interessanti feedback di studenti e insegnanti:<\/p>\n<p style=\"font-weight: 400;\">&#8220;<em>Siamo stati a visitare la Saras con la scuola e mi sono trovata molto bene per quanto riguarda le spiegazioni e il coinvolgimento.<\/em>&#8221;<br \/>\nLiliana<\/p>\n<p style=\"font-weight: 400;\">\u201c<em>\u00c8 stato tutto molto interessante e ho imparato un sacco di cose nuove. Voto: 10!<\/em>\u201d<br \/>\nLorenzo<\/p>\n<p style=\"font-weight: 400;\">&#8220;<em>Questa esperienza ci ha permesso di capire cosa significa essere parte di un team, affrontare problemi e trovare soluzioni insieme.<\/em>\u201d<br \/>\nMarta<\/p>\n<p style=\"font-weight: 400;\">\u201c<em>Molto coinvolgente e interessante, pur utilizzando un linguaggio specifico e nonostante la complessit\u00e0 della terminologia le spiegazioni sono state chiare e pi\u00f9 che comprensibili.<\/em>\u201d<br \/>\nBeatrice<\/p>\n<p>[\/vc_column_text][vc_empty_space height=&#8221;8px&#8221;][\/vc_column][\/vc_row][vc_row][vc_column][vc_icon icon_fontawesome=&#8221;fa fa-cog&#8221; size=&#8221;sm&#8221; align=&#8221;center&#8221;][vc_column_text css=&#8221;&#8221;]<\/p>\n<p style=\"font-weight: 400;\">Crediamo fermamente nell&#8217;importanza di creare un ponte tra scuola e lavoro. Investire nel futuro significa accompagnare i giovani nel loro percorso di crescita, contribuire alla loro formazione offrendo strumenti concreti per affrontare le sfide del domani.<\/p>\n<p>[\/vc_column_text][vc_empty_space height=&#8221;16px&#8221;][\/vc_column][\/vc_row][vc_row full_width=&#8221;stretch_row&#8221; bg_type=&#8221;bg_color&#8221;][vc_column][vc_single_image image=&#8221;534688&#8243; img_size=&#8221;full&#8221; alignment=&#8221;center&#8221;][vc_empty_space][\/vc_column][\/vc_row]<\/p>\n<\/div>","protected":false},"excerpt":{"rendered":"<p>Durante il mese di maggio, abbiamo accolto 100 studenti di tre istituti superiori di Cagliari, offrendo l\u2019opportunit\u00e0 di conoscere da vicino una complessa realt\u00e0 produttiva.<\/p>\n","protected":false},"author":36,"featured_media":546871,"comment_status":"closed","ping_status":"open","sticky":false,"template":"","format":"standard","meta":{"_acf_changed":false,"inline_featured_image":false,"footnotes":""},"categories":[26,17],"tags":[374,438,138,471,35,316,135,29,50,105,53,132,126,114],"class_list":["post-546848","post","type-post","status-publish","format-standard","has-post-thumbnail","hentry","category-home-it","category-news","tag-cagliari","tag-comunita","tag-cultura","tag-diritto-allo-studio","tag-educazione","tag-energie-rinnovabili","tag-formazione","tag-impegno-sociale","tag-saras","tag-sardegna","tag-sarlux","tag-scuola","tag-sviluppo","tag-territorio"],"acf":[],"yoast_head":"<!-- This site is optimized with the Yoast SEO plugin v27.3 - https:\/\/yoast.com\/product\/yoast-seo-wordpress\/ -->\n<title>Scoprire, imparare, crescere - Sarlux Saras | Refining &amp; Power<\/title>\n<meta name=\"description\" content=\"Durante il mese di maggio, abbiamo accolto 100 studenti di tre istituti superiori di Cagliari, offrendo l\u2019opportunit\u00e0 di conoscere da vicino una complessa realt\u00e0 produttiva.\" \/>\n<meta name=\"robots\" content=\"index, follow, max-snippet:-1, max-image-preview:large, max-video-preview:-1\" \/>\n<link rel=\"canonical\" href=\"https:\/\/www.sarlux.saras.it\/it\/scoprire-imparare-crescere\/\" \/>\n<meta property=\"og:locale\" content=\"it_IT\" \/>\n<meta property=\"og:type\" content=\"article\" \/>\n<meta property=\"og:title\" content=\"Scoprire, imparare, crescere - Sarlux Saras | Refining &amp; Power\" \/>\n<meta property=\"og:description\" content=\"Durante il mese di maggio, abbiamo accolto 100 studenti di tre istituti superiori di Cagliari, offrendo l\u2019opportunit\u00e0 di conoscere da vicino una complessa realt\u00e0 produttiva.\" \/>\n<meta property=\"og:url\" content=\"https:\/\/www.sarlux.saras.it\/it\/scoprire-imparare-crescere\/\" \/>\n<meta property=\"og:site_name\" content=\"Sarlux Saras | Refining &amp; Power\" \/>\n<meta property=\"article:published_time\" content=\"2025-05-23T09:53:48+00:00\" \/>\n<meta property=\"article:modified_time\" content=\"2025-07-23T10:25:36+00:00\" \/>\n<meta property=\"og:image\" content=\"https:\/\/www.sarlux.saras.it\/wp-content\/uploads\/2025\/05\/cover-PCTO-Saras-Sarlux-Liceo-Alberti.jpg\" \/>\n\t<meta property=\"og:image:width\" content=\"900\" \/>\n\t<meta property=\"og:image:height\" content=\"450\" \/>\n\t<meta property=\"og:image:type\" content=\"image\/jpeg\" \/>\n<meta name=\"author\" content=\"Alberto Soi\" \/>\n<meta name=\"twitter:card\" content=\"summary_large_image\" \/>\n<meta name=\"twitter:image\" content=\"https:\/\/www.sarlux.saras.it\/wp-content\/uploads\/2025\/05\/cover-PCTO-Saras-Sarlux-Liceo-Alberti.jpg\" \/>\n<meta name=\"twitter:label1\" content=\"Scritto da\" \/>\n\t<meta name=\"twitter:data1\" content=\"Alberto Soi\" \/>\n\t<meta name=\"twitter:label2\" content=\"Tempo di lettura stimato\" \/>\n\t<meta name=\"twitter:data2\" content=\"3 minuti\" \/>\n<script type=\"application\/ld+json\" class=\"yoast-schema-graph\">{\"@context\":\"https:\\\/\\\/schema.org\",\"@graph\":[{\"@type\":\"Article\",\"@id\":\"https:\\\/\\\/www.sarlux.saras.it\\\/it\\\/scoprire-imparare-crescere\\\/#article\",\"isPartOf\":{\"@id\":\"https:\\\/\\\/www.sarlux.saras.it\\\/it\\\/scoprire-imparare-crescere\\\/\"},\"author\":{\"name\":\"Alberto Soi\",\"@id\":\"https:\\\/\\\/www.sarlux.saras.it\\\/it\\\/#\\\/schema\\\/person\\\/f369fc2d7dbcc34d69a0975e8fe360af\"},\"headline\":\"Scoprire, imparare, crescere\",\"datePublished\":\"2025-05-23T09:53:48+00:00\",\"dateModified\":\"2025-07-23T10:25:36+00:00\",\"mainEntityOfPage\":{\"@id\":\"https:\\\/\\\/www.sarlux.saras.it\\\/it\\\/scoprire-imparare-crescere\\\/\"},\"wordCount\":598,\"publisher\":{\"@id\":\"https:\\\/\\\/www.sarlux.saras.it\\\/it\\\/#organization\"},\"image\":{\"@id\":\"https:\\\/\\\/www.sarlux.saras.it\\\/it\\\/scoprire-imparare-crescere\\\/#primaryimage\"},\"thumbnailUrl\":\"https:\\\/\\\/www.sarlux.saras.it\\\/wp-content\\\/uploads\\\/2025\\\/05\\\/cover-PCTO-Saras-Sarlux-Liceo-Alberti.jpg\",\"keywords\":[\"Cagliari\",\"comunit\u00e0\",\"cultura\",\"diritto allo studio\",\"Educazione\",\"energie rinnovabili\",\"formazione\",\"Impegno sociale\",\"Saras\",\"sardegna\",\"Sarlux\",\"scuola\",\"sviluppo\",\"territorio\"],\"articleSection\":[\"home\",\"News\"],\"inLanguage\":\"it-IT\"},{\"@type\":\"WebPage\",\"@id\":\"https:\\\/\\\/www.sarlux.saras.it\\\/it\\\/scoprire-imparare-crescere\\\/\",\"url\":\"https:\\\/\\\/www.sarlux.saras.it\\\/it\\\/scoprire-imparare-crescere\\\/\",\"name\":\"Scoprire, imparare, crescere - Sarlux Saras | Refining & Power\",\"isPartOf\":{\"@id\":\"https:\\\/\\\/www.sarlux.saras.it\\\/it\\\/#website\"},\"primaryImageOfPage\":{\"@id\":\"https:\\\/\\\/www.sarlux.saras.it\\\/it\\\/scoprire-imparare-crescere\\\/#primaryimage\"},\"image\":{\"@id\":\"https:\\\/\\\/www.sarlux.saras.it\\\/it\\\/scoprire-imparare-crescere\\\/#primaryimage\"},\"thumbnailUrl\":\"https:\\\/\\\/www.sarlux.saras.it\\\/wp-content\\\/uploads\\\/2025\\\/05\\\/cover-PCTO-Saras-Sarlux-Liceo-Alberti.jpg\",\"datePublished\":\"2025-05-23T09:53:48+00:00\",\"dateModified\":\"2025-07-23T10:25:36+00:00\",\"description\":\"Durante il mese di maggio, abbiamo accolto 100 studenti di tre istituti superiori di Cagliari, offrendo l\u2019opportunit\u00e0 di conoscere da vicino una complessa realt\u00e0 produttiva.\",\"breadcrumb\":{\"@id\":\"https:\\\/\\\/www.sarlux.saras.it\\\/it\\\/scoprire-imparare-crescere\\\/#breadcrumb\"},\"inLanguage\":\"it-IT\",\"potentialAction\":[{\"@type\":\"ReadAction\",\"target\":[\"https:\\\/\\\/www.sarlux.saras.it\\\/it\\\/scoprire-imparare-crescere\\\/\"]}]},{\"@type\":\"ImageObject\",\"inLanguage\":\"it-IT\",\"@id\":\"https:\\\/\\\/www.sarlux.saras.it\\\/it\\\/scoprire-imparare-crescere\\\/#primaryimage\",\"url\":\"https:\\\/\\\/www.sarlux.saras.it\\\/wp-content\\\/uploads\\\/2025\\\/05\\\/cover-PCTO-Saras-Sarlux-Liceo-Alberti.jpg\",\"contentUrl\":\"https:\\\/\\\/www.sarlux.saras.it\\\/wp-content\\\/uploads\\\/2025\\\/05\\\/cover-PCTO-Saras-Sarlux-Liceo-Alberti.jpg\",\"width\":900,\"height\":450},{\"@type\":\"BreadcrumbList\",\"@id\":\"https:\\\/\\\/www.sarlux.saras.it\\\/it\\\/scoprire-imparare-crescere\\\/#breadcrumb\",\"itemListElement\":[{\"@type\":\"ListItem\",\"position\":1,\"name\":\"Home\",\"item\":\"https:\\\/\\\/www.sarlux.saras.it\\\/it\\\/\"},{\"@type\":\"ListItem\",\"position\":2,\"name\":\"Scoprire, imparare, crescere\"}]},{\"@type\":\"WebSite\",\"@id\":\"https:\\\/\\\/www.sarlux.saras.it\\\/it\\\/#website\",\"url\":\"https:\\\/\\\/www.sarlux.saras.it\\\/it\\\/\",\"name\":\"Sarlux\",\"description\":\"\",\"publisher\":{\"@id\":\"https:\\\/\\\/www.sarlux.saras.it\\\/it\\\/#organization\"},\"potentialAction\":[{\"@type\":\"SearchAction\",\"target\":{\"@type\":\"EntryPoint\",\"urlTemplate\":\"https:\\\/\\\/www.sarlux.saras.it\\\/it\\\/?s={search_term_string}\"},\"query-input\":{\"@type\":\"PropertyValueSpecification\",\"valueRequired\":true,\"valueName\":\"search_term_string\"}}],\"inLanguage\":\"it-IT\"},{\"@type\":\"Organization\",\"@id\":\"https:\\\/\\\/www.sarlux.saras.it\\\/it\\\/#organization\",\"name\":\"Sarlux\",\"url\":\"https:\\\/\\\/www.sarlux.saras.it\\\/it\\\/\",\"logo\":{\"@type\":\"ImageObject\",\"inLanguage\":\"it-IT\",\"@id\":\"https:\\\/\\\/www.sarlux.saras.it\\\/it\\\/#\\\/schema\\\/logo\\\/image\\\/\",\"url\":\"https:\\\/\\\/www.sarlux.saras.it\\\/wp-content\\\/uploads\\\/2017\\\/12\\\/logo-pc-1.png\",\"contentUrl\":\"https:\\\/\\\/www.sarlux.saras.it\\\/wp-content\\\/uploads\\\/2017\\\/12\\\/logo-pc-1.png\",\"width\":184,\"height\":86,\"caption\":\"Sarlux\"},\"image\":{\"@id\":\"https:\\\/\\\/www.sarlux.saras.it\\\/it\\\/#\\\/schema\\\/logo\\\/image\\\/\"}},{\"@type\":\"Person\",\"@id\":\"https:\\\/\\\/www.sarlux.saras.it\\\/it\\\/#\\\/schema\\\/person\\\/f369fc2d7dbcc34d69a0975e8fe360af\",\"name\":\"Alberto Soi\",\"image\":{\"@type\":\"ImageObject\",\"inLanguage\":\"it-IT\",\"@id\":\"https:\\\/\\\/secure.gravatar.com\\\/avatar\\\/cc70035cae62a8d1e88cc2ac9d8e48bd174728dd9c5b3730ca1cbcb3eee8991b?s=96&d=mm&r=g\",\"url\":\"https:\\\/\\\/secure.gravatar.com\\\/avatar\\\/cc70035cae62a8d1e88cc2ac9d8e48bd174728dd9c5b3730ca1cbcb3eee8991b?s=96&d=mm&r=g\",\"contentUrl\":\"https:\\\/\\\/secure.gravatar.com\\\/avatar\\\/cc70035cae62a8d1e88cc2ac9d8e48bd174728dd9c5b3730ca1cbcb3eee8991b?s=96&d=mm&r=g\",\"caption\":\"Alberto Soi\"},\"url\":\"\"}]}<\/script>\n<!-- \/ Yoast SEO plugin. -->","yoast_head_json":{"title":"Scoprire, imparare, crescere - Sarlux Saras | Refining & Power","description":"Durante il mese di maggio, abbiamo accolto 100 studenti di tre istituti superiori di Cagliari, offrendo l\u2019opportunit\u00e0 di conoscere da vicino una complessa realt\u00e0 produttiva.","robots":{"index":"index","follow":"follow","max-snippet":"max-snippet:-1","max-image-preview":"max-image-preview:large","max-video-preview":"max-video-preview:-1"},"canonical":"https:\/\/www.sarlux.saras.it\/it\/scoprire-imparare-crescere\/","og_locale":"it_IT","og_type":"article","og_title":"Scoprire, imparare, crescere - Sarlux Saras | Refining & Power","og_description":"Durante il mese di maggio, abbiamo accolto 100 studenti di tre istituti superiori di Cagliari, offrendo l\u2019opportunit\u00e0 di conoscere da vicino una complessa realt\u00e0 produttiva.","og_url":"https:\/\/www.sarlux.saras.it\/it\/scoprire-imparare-crescere\/","og_site_name":"Sarlux Saras | Refining & Power","article_published_time":"2025-05-23T09:53:48+00:00","article_modified_time":"2025-07-23T10:25:36+00:00","og_image":[{"width":900,"height":450,"url":"https:\/\/www.sarlux.saras.it\/wp-content\/uploads\/2025\/05\/cover-PCTO-Saras-Sarlux-Liceo-Alberti.jpg","type":"image\/jpeg"}],"author":"Alberto Soi","twitter_card":"summary_large_image","twitter_image":"https:\/\/www.sarlux.saras.it\/wp-content\/uploads\/2025\/05\/cover-PCTO-Saras-Sarlux-Liceo-Alberti.jpg","twitter_misc":{"Scritto da":"Alberto Soi","Tempo di lettura stimato":"3 minuti"},"schema":{"@context":"https:\/\/schema.org","@graph":[{"@type":"Article","@id":"https:\/\/www.sarlux.saras.it\/it\/scoprire-imparare-crescere\/#article","isPartOf":{"@id":"https:\/\/www.sarlux.saras.it\/it\/scoprire-imparare-crescere\/"},"author":{"name":"Alberto Soi","@id":"https:\/\/www.sarlux.saras.it\/it\/#\/schema\/person\/f369fc2d7dbcc34d69a0975e8fe360af"},"headline":"Scoprire, imparare, crescere","datePublished":"2025-05-23T09:53:48+00:00","dateModified":"2025-07-23T10:25:36+00:00","mainEntityOfPage":{"@id":"https:\/\/www.sarlux.saras.it\/it\/scoprire-imparare-crescere\/"},"wordCount":598,"publisher":{"@id":"https:\/\/www.sarlux.saras.it\/it\/#organization"},"image":{"@id":"https:\/\/www.sarlux.saras.it\/it\/scoprire-imparare-crescere\/#primaryimage"},"thumbnailUrl":"https:\/\/www.sarlux.saras.it\/wp-content\/uploads\/2025\/05\/cover-PCTO-Saras-Sarlux-Liceo-Alberti.jpg","keywords":["Cagliari","comunit\u00e0","cultura","diritto allo studio","Educazione","energie rinnovabili","formazione","Impegno sociale","Saras","sardegna","Sarlux","scuola","sviluppo","territorio"],"articleSection":["home","News"],"inLanguage":"it-IT"},{"@type":"WebPage","@id":"https:\/\/www.sarlux.saras.it\/it\/scoprire-imparare-crescere\/","url":"https:\/\/www.sarlux.saras.it\/it\/scoprire-imparare-crescere\/","name":"Scoprire, imparare, crescere - Sarlux Saras | Refining & Power","isPartOf":{"@id":"https:\/\/www.sarlux.saras.it\/it\/#website"},"primaryImageOfPage":{"@id":"https:\/\/www.sarlux.saras.it\/it\/scoprire-imparare-crescere\/#primaryimage"},"image":{"@id":"https:\/\/www.sarlux.saras.it\/it\/scoprire-imparare-crescere\/#primaryimage"},"thumbnailUrl":"https:\/\/www.sarlux.saras.it\/wp-content\/uploads\/2025\/05\/cover-PCTO-Saras-Sarlux-Liceo-Alberti.jpg","datePublished":"2025-05-23T09:53:48+00:00","dateModified":"2025-07-23T10:25:36+00:00","description":"Durante il mese di maggio, abbiamo accolto 100 studenti di tre istituti superiori di Cagliari, offrendo l\u2019opportunit\u00e0 di conoscere da vicino una complessa realt\u00e0 produttiva.","breadcrumb":{"@id":"https:\/\/www.sarlux.saras.it\/it\/scoprire-imparare-crescere\/#breadcrumb"},"inLanguage":"it-IT","potentialAction":[{"@type":"ReadAction","target":["https:\/\/www.sarlux.saras.it\/it\/scoprire-imparare-crescere\/"]}]},{"@type":"ImageObject","inLanguage":"it-IT","@id":"https:\/\/www.sarlux.saras.it\/it\/scoprire-imparare-crescere\/#primaryimage","url":"https:\/\/www.sarlux.saras.it\/wp-content\/uploads\/2025\/05\/cover-PCTO-Saras-Sarlux-Liceo-Alberti.jpg","contentUrl":"https:\/\/www.sarlux.saras.it\/wp-content\/uploads\/2025\/05\/cover-PCTO-Saras-Sarlux-Liceo-Alberti.jpg","width":900,"height":450},{"@type":"BreadcrumbList","@id":"https:\/\/www.sarlux.saras.it\/it\/scoprire-imparare-crescere\/#breadcrumb","itemListElement":[{"@type":"ListItem","position":1,"name":"Home","item":"https:\/\/www.sarlux.saras.it\/it\/"},{"@type":"ListItem","position":2,"name":"Scoprire, imparare, crescere"}]},{"@type":"WebSite","@id":"https:\/\/www.sarlux.saras.it\/it\/#website","url":"https:\/\/www.sarlux.saras.it\/it\/","name":"Sarlux","description":"","publisher":{"@id":"https:\/\/www.sarlux.saras.it\/it\/#organization"},"potentialAction":[{"@type":"SearchAction","target":{"@type":"EntryPoint","urlTemplate":"https:\/\/www.sarlux.saras.it\/it\/?s={search_term_string}"},"query-input":{"@type":"PropertyValueSpecification","valueRequired":true,"valueName":"search_term_string"}}],"inLanguage":"it-IT"},{"@type":"Organization","@id":"https:\/\/www.sarlux.saras.it\/it\/#organization","name":"Sarlux","url":"https:\/\/www.sarlux.saras.it\/it\/","logo":{"@type":"ImageObject","inLanguage":"it-IT","@id":"https:\/\/www.sarlux.saras.it\/it\/#\/schema\/logo\/image\/","url":"https:\/\/www.sarlux.saras.it\/wp-content\/uploads\/2017\/12\/logo-pc-1.png","contentUrl":"https:\/\/www.sarlux.saras.it\/wp-content\/uploads\/2017\/12\/logo-pc-1.png","width":184,"height":86,"caption":"Sarlux"},"image":{"@id":"https:\/\/www.sarlux.saras.it\/it\/#\/schema\/logo\/image\/"}},{"@type":"Person","@id":"https:\/\/www.sarlux.saras.it\/it\/#\/schema\/person\/f369fc2d7dbcc34d69a0975e8fe360af","name":"Alberto Soi","image":{"@type":"ImageObject","inLanguage":"it-IT","@id":"https:\/\/secure.gravatar.com\/avatar\/cc70035cae62a8d1e88cc2ac9d8e48bd174728dd9c5b3730ca1cbcb3eee8991b?s=96&d=mm&r=g","url":"https:\/\/secure.gravatar.com\/avatar\/cc70035cae62a8d1e88cc2ac9d8e48bd174728dd9c5b3730ca1cbcb3eee8991b?s=96&d=mm&r=g","contentUrl":"https:\/\/secure.gravatar.com\/avatar\/cc70035cae62a8d1e88cc2ac9d8e48bd174728dd9c5b3730ca1cbcb3eee8991b?s=96&d=mm&r=g","caption":"Alberto Soi"},"url":""}]}},"_links":{"self":[{"href":"https:\/\/www.sarlux.saras.it\/it\/wp-json\/wp\/v2\/posts\/546848","targetHints":{"allow":["GET"]}}],"collection":[{"href":"https:\/\/www.sarlux.saras.it\/it\/wp-json\/wp\/v2\/posts"}],"about":[{"href":"https:\/\/www.sarlux.saras.it\/it\/wp-json\/wp\/v2\/types\/post"}],"author":[{"embeddable":true,"href":"https:\/\/www.sarlux.saras.it\/it\/wp-json\/wp\/v2\/users\/36"}],"replies":[{"embeddable":true,"href":"https:\/\/www.sarlux.saras.it\/it\/wp-json\/wp\/v2\/comments?post=546848"}],"version-history":[{"count":3,"href":"https:\/\/www.sarlux.saras.it\/it\/wp-json\/wp\/v2\/posts\/546848\/revisions"}],"predecessor-version":[{"id":546875,"href":"https:\/\/www.sarlux.saras.it\/it\/wp-json\/wp\/v2\/posts\/546848\/revisions\/546875"}],"wp:featuredmedia":[{"embeddable":true,"href":"https:\/\/www.sarlux.saras.it\/it\/wp-json\/wp\/v2\/media\/546871"}],"wp:attachment":[{"href":"https:\/\/www.sarlux.saras.it\/it\/wp-json\/wp\/v2\/media?parent=546848"}],"wp:term":[{"taxonomy":"category","embeddable":true,"href":"https:\/\/www.sarlux.saras.it\/it\/wp-json\/wp\/v2\/categories?post=546848"},{"taxonomy":"post_tag","embeddable":true,"href":"https:\/\/www.sarlux.saras.it\/it\/wp-json\/wp\/v2\/tags?post=546848"}],"curies":[{"name":"wp","href":"https:\/\/api.w.org\/{rel}","templated":true}]}}