{"id":546960,"date":"2025-06-05T10:20:57","date_gmt":"2025-06-05T10:20:57","guid":{"rendered":"https:\/\/www.sarlux.saras.it\/?p=546960"},"modified":"2025-07-23T10:24:05","modified_gmt":"2025-07-23T10:24:05","slug":"universita-e-impresa-insieme-per-costruire-il-futuro","status":"publish","type":"post","link":"https:\/\/www.sarlux.saras.it\/it\/universita-e-impresa-insieme-per-costruire-il-futuro\/","title":{"rendered":"Universit\u00e0 e impresa: insieme per costruire il futuro"},"content":{"rendered":"<div class=\"wpb-content-wrapper\"><p>[vc_row][vc_column][vc_column_text css=&#8221;&#8221;]<\/p>\n<p style=\"font-weight: 400;\">Nel primo semestre dell\u2019anno, <strong>SARAS ha rafforzato il proprio impegno nella crescita professionale degli studenti universitari, <\/strong>partecipando a tre importanti incontri con il mondo accademico. Un\u2019occasione concreta per dialogare con studenti e docenti, condividere esperienze e mostrare come le competenze universitarie si trasformano in valore industriale.<\/p>\n<p>[\/vc_column_text][vc_empty_space height=&#8221;16px&#8221;][\/vc_column][\/vc_row][vc_row][vc_column width=&#8221;1\/2&#8243;]\n\t\t\t<!-- START UniCa 2025 REVOLUTION SLIDER 6.6.14 --><p class=\"rs-p-wp-fix\"><\/p>\n\t\t\t<rs-module-wrap id=\"rev_slider_140_1_wrapper\" data-source=\"gallery\" style=\"visibility:hidden;background:transparent;padding:0;margin:0px auto;margin-top:0;margin-bottom:0;\">\n\t\t\t\t<rs-module id=\"rev_slider_140_1\" style=\"\" data-version=\"6.6.14\">\n\t\t\t\t\t<rs-slides style=\"overflow: hidden; position: absolute;\">\n\t\t\t\t\t\t<rs-slide style=\"position: absolute;\" data-key=\"rs-1662\" data-title=\"Slide\" data-thumb=\"\/\/www.sarlux.saras.it\/wp-content\/uploads\/2025\/07\/11-Saras-Sarlux-UniCA-2025.jpg\" data-in=\"o:0;\" data-out=\"a:false;\">\n\t\t\t\t\t\t\t<img decoding=\"async\" src=\"\/\/www.sarlux.saras.it\/wp-content\/plugins\/revslider\/public\/assets\/assets\/dummy.png\" alt=\"\" title=\"11 Saras Sarlux UniCA 2025\" width=\"800\" height=\"500\" class=\"rev-slidebg tp-rs-img rs-lazyload\" data-lazyload=\"\/\/www.sarlux.saras.it\/wp-content\/uploads\/2025\/07\/11-Saras-Sarlux-UniCA-2025.jpg\" data-no-retina>\n<!---->\t\t\t\t\t\t<\/rs-slide>\n\t\t\t\t\t\t<rs-slide style=\"position: absolute;\" data-key=\"rs-1643\" data-title=\"Slide\" data-thumb=\"\/\/www.sarlux.saras.it\/wp-content\/uploads\/revslider\/UniCa-2025\/07-Saras-Sarlux-UniCA-2025.jpg\" data-in=\"o:0;\" data-out=\"a:false;\">\n\t\t\t\t\t\t\t<img decoding=\"async\" src=\"\/\/www.sarlux.saras.it\/wp-content\/plugins\/revslider\/public\/assets\/assets\/dummy.png\" alt=\"\" title=\"07-Saras-Sarlux-UniCA-2025.jpg\" width=\"800\" height=\"500\" class=\"rev-slidebg tp-rs-img rs-lazyload\" data-lazyload=\"\/\/www.sarlux.saras.it\/wp-content\/uploads\/revslider\/UniCa-2025\/07-Saras-Sarlux-UniCA-2025.jpg\" data-no-retina>\n<!---->\t\t\t\t\t\t<\/rs-slide>\n\t\t\t\t\t\t<rs-slide style=\"position: absolute;\" data-key=\"rs-1644\" data-title=\"Slide\" data-thumb=\"\/\/www.sarlux.saras.it\/wp-content\/uploads\/revslider\/UniCa-2025\/08-Saras-Sarlux-UniCA-2025.jpg\" data-in=\"o:0;\" data-out=\"a:false;\">\n\t\t\t\t\t\t\t<img decoding=\"async\" src=\"\/\/www.sarlux.saras.it\/wp-content\/plugins\/revslider\/public\/assets\/assets\/dummy.png\" alt=\"\" title=\"08-Saras-Sarlux-UniCA-2025.jpg\" width=\"800\" height=\"500\" class=\"rev-slidebg tp-rs-img rs-lazyload\" data-lazyload=\"\/\/www.sarlux.saras.it\/wp-content\/uploads\/revslider\/UniCa-2025\/08-Saras-Sarlux-UniCA-2025.jpg\" data-no-retina>\n<!---->\t\t\t\t\t\t<\/rs-slide>\n\t\t\t\t\t\t<rs-slide style=\"position: absolute;\" data-key=\"rs-1645\" data-title=\"Slide\" data-thumb=\"\/\/www.sarlux.saras.it\/wp-content\/uploads\/revslider\/UniCa-2025\/09-Saras-Sarlux-UniCA-2025.jpg\" data-in=\"o:0;\" data-out=\"a:false;\">\n\t\t\t\t\t\t\t<img decoding=\"async\" src=\"\/\/www.sarlux.saras.it\/wp-content\/plugins\/revslider\/public\/assets\/assets\/dummy.png\" alt=\"\" title=\"09-Saras-Sarlux-UniCA-2025.jpg\" width=\"800\" height=\"500\" class=\"rev-slidebg tp-rs-img rs-lazyload\" data-lazyload=\"\/\/www.sarlux.saras.it\/wp-content\/uploads\/revslider\/UniCa-2025\/09-Saras-Sarlux-UniCA-2025.jpg\" data-no-retina>\n<!---->\t\t\t\t\t\t<\/rs-slide>\n\t\t\t\t\t\t<rs-slide style=\"position: absolute;\" data-key=\"rs-1646\" data-title=\"Slide\" data-thumb=\"\/\/www.sarlux.saras.it\/wp-content\/uploads\/revslider\/UniCa-2025\/10-Saras-Sarlux-UniCA-2025.jpg\" data-in=\"o:0;\" data-out=\"a:false;\">\n\t\t\t\t\t\t\t<img decoding=\"async\" src=\"\/\/www.sarlux.saras.it\/wp-content\/plugins\/revslider\/public\/assets\/assets\/dummy.png\" alt=\"\" title=\"10-Saras-Sarlux-UniCA-2025.jpg\" width=\"800\" height=\"500\" class=\"rev-slidebg tp-rs-img rs-lazyload\" data-lazyload=\"\/\/www.sarlux.saras.it\/wp-content\/uploads\/revslider\/UniCa-2025\/10-Saras-Sarlux-UniCA-2025.jpg\" data-no-retina>\n<!---->\t\t\t\t\t\t<\/rs-slide>\n\t\t\t\t\t\t<rs-slide style=\"position: absolute;\" data-key=\"rs-1637\" data-title=\"Slide\" data-thumb=\"\/\/www.sarlux.saras.it\/wp-content\/uploads\/revslider\/UniCa-2025\/01-Saras-Sarlux-UniCA-2025.jpg\" data-in=\"o:0;\" data-out=\"a:false;\">\n\t\t\t\t\t\t\t<img decoding=\"async\" src=\"\/\/www.sarlux.saras.it\/wp-content\/plugins\/revslider\/public\/assets\/assets\/dummy.png\" alt=\"\" title=\"01-Saras-Sarlux-UniCA-2025.jpg\" width=\"800\" height=\"500\" class=\"rev-slidebg tp-rs-img rs-lazyload\" data-lazyload=\"\/\/www.sarlux.saras.it\/wp-content\/uploads\/revslider\/UniCa-2025\/01-Saras-Sarlux-UniCA-2025.jpg\" data-no-retina>\n<!---->\t\t\t\t\t\t<\/rs-slide>\n\t\t\t\t\t\t<rs-slide style=\"position: absolute;\" data-key=\"rs-1638\" data-title=\"Slide\" data-thumb=\"\/\/www.sarlux.saras.it\/wp-content\/uploads\/revslider\/UniCa-2025\/02-Saras-Sarlux-UniCA-2025.jpg\" data-in=\"o:0;\" data-out=\"a:false;\">\n\t\t\t\t\t\t\t<img decoding=\"async\" src=\"\/\/www.sarlux.saras.it\/wp-content\/plugins\/revslider\/public\/assets\/assets\/dummy.png\" alt=\"\" title=\"02-Saras-Sarlux-UniCA-2025.jpg\" width=\"800\" height=\"500\" class=\"rev-slidebg tp-rs-img rs-lazyload\" data-lazyload=\"\/\/www.sarlux.saras.it\/wp-content\/uploads\/revslider\/UniCa-2025\/02-Saras-Sarlux-UniCA-2025.jpg\" data-no-retina>\n<!---->\t\t\t\t\t\t<\/rs-slide>\n\t\t\t\t\t\t<rs-slide style=\"position: absolute;\" data-key=\"rs-1639\" data-title=\"Slide\" data-thumb=\"\/\/www.sarlux.saras.it\/wp-content\/uploads\/revslider\/UniCa-2025\/03-Saras-Sarlux-UniCA-2025.jpg\" data-in=\"o:0;\" data-out=\"a:false;\">\n\t\t\t\t\t\t\t<img decoding=\"async\" src=\"\/\/www.sarlux.saras.it\/wp-content\/plugins\/revslider\/public\/assets\/assets\/dummy.png\" alt=\"\" title=\"03-Saras-Sarlux-UniCA-2025.jpg\" width=\"800\" height=\"500\" class=\"rev-slidebg tp-rs-img rs-lazyload\" data-lazyload=\"\/\/www.sarlux.saras.it\/wp-content\/uploads\/revslider\/UniCa-2025\/03-Saras-Sarlux-UniCA-2025.jpg\" data-no-retina>\n<!---->\t\t\t\t\t\t<\/rs-slide>\n\t\t\t\t\t\t<rs-slide style=\"position: absolute;\" data-key=\"rs-1640\" data-title=\"Slide\" data-thumb=\"\/\/www.sarlux.saras.it\/wp-content\/uploads\/revslider\/UniCa-2025\/04-Saras-Sarlux-UniCA-2025.jpg\" data-in=\"o:0;\" data-out=\"a:false;\">\n\t\t\t\t\t\t\t<img decoding=\"async\" src=\"\/\/www.sarlux.saras.it\/wp-content\/plugins\/revslider\/public\/assets\/assets\/dummy.png\" alt=\"\" title=\"04-Saras-Sarlux-UniCA-2025.jpg\" width=\"800\" height=\"500\" class=\"rev-slidebg tp-rs-img rs-lazyload\" data-lazyload=\"\/\/www.sarlux.saras.it\/wp-content\/uploads\/revslider\/UniCa-2025\/04-Saras-Sarlux-UniCA-2025.jpg\" data-no-retina>\n<!---->\t\t\t\t\t\t<\/rs-slide>\n\t\t\t\t\t\t<rs-slide style=\"position: absolute;\" data-key=\"rs-1641\" data-title=\"Slide\" data-thumb=\"\/\/www.sarlux.saras.it\/wp-content\/uploads\/revslider\/UniCa-2025\/05-Saras-Sarlux-UniCA-2025.jpg\" data-in=\"o:0;\" data-out=\"a:false;\">\n\t\t\t\t\t\t\t<img decoding=\"async\" src=\"\/\/www.sarlux.saras.it\/wp-content\/plugins\/revslider\/public\/assets\/assets\/dummy.png\" alt=\"\" title=\"05-Saras-Sarlux-UniCA-2025.jpg\" width=\"800\" height=\"500\" class=\"rev-slidebg tp-rs-img rs-lazyload\" data-lazyload=\"\/\/www.sarlux.saras.it\/wp-content\/uploads\/revslider\/UniCa-2025\/05-Saras-Sarlux-UniCA-2025.jpg\" data-no-retina>\n<!---->\t\t\t\t\t\t<\/rs-slide>\n\t\t\t\t\t\t<rs-slide style=\"position: absolute;\" data-key=\"rs-1642\" data-title=\"Slide\" data-thumb=\"\/\/www.sarlux.saras.it\/wp-content\/uploads\/revslider\/UniCa-2025\/06-Saras-Sarlux-UniCA-2025.jpg\" data-in=\"o:0;\" data-out=\"a:false;\">\n\t\t\t\t\t\t\t<img decoding=\"async\" src=\"\/\/www.sarlux.saras.it\/wp-content\/plugins\/revslider\/public\/assets\/assets\/dummy.png\" alt=\"\" title=\"06-Saras-Sarlux-UniCA-2025.jpg\" width=\"800\" height=\"500\" class=\"rev-slidebg tp-rs-img rs-lazyload\" data-lazyload=\"\/\/www.sarlux.saras.it\/wp-content\/uploads\/revslider\/UniCa-2025\/06-Saras-Sarlux-UniCA-2025.jpg\" data-no-retina>\n<!---->\t\t\t\t\t\t<\/rs-slide>\n\t\t\t\t\t\t<rs-slide style=\"position: absolute;\" data-key=\"rs-1647\" data-title=\"Slide\" data-thumb=\"\/\/www.sarlux.saras.it\/wp-content\/uploads\/revslider\/UniCa-2025\/11-Saras-Sarlux-UniCA-2025.jpg\" data-in=\"o:0;\" data-out=\"a:false;\">\n\t\t\t\t\t\t\t<img decoding=\"async\" src=\"\/\/www.sarlux.saras.it\/wp-content\/plugins\/revslider\/public\/assets\/assets\/dummy.png\" alt=\"\" title=\"11-Saras-Sarlux-UniCA-2025.jpg\" width=\"800\" height=\"500\" class=\"rev-slidebg tp-rs-img rs-lazyload\" data-lazyload=\"\/\/www.sarlux.saras.it\/wp-content\/uploads\/revslider\/UniCa-2025\/11-Saras-Sarlux-UniCA-2025.jpg\" data-no-retina>\n<!---->\t\t\t\t\t\t<\/rs-slide>\n\t\t\t\t\t\t<rs-slide style=\"position: absolute;\" data-key=\"rs-1648\" data-title=\"Slide\" data-thumb=\"\/\/www.sarlux.saras.it\/wp-content\/uploads\/revslider\/UniCa-2025\/12-Saras-Sarlux-UniCA-2025.jpg\" data-in=\"o:0;\" data-out=\"a:false;\">\n\t\t\t\t\t\t\t<img decoding=\"async\" src=\"\/\/www.sarlux.saras.it\/wp-content\/plugins\/revslider\/public\/assets\/assets\/dummy.png\" alt=\"\" title=\"12-Saras-Sarlux-UniCA-2025.jpg\" width=\"800\" height=\"500\" class=\"rev-slidebg tp-rs-img rs-lazyload\" data-lazyload=\"\/\/www.sarlux.saras.it\/wp-content\/uploads\/revslider\/UniCa-2025\/12-Saras-Sarlux-UniCA-2025.jpg\" data-no-retina>\n<!---->\t\t\t\t\t\t<\/rs-slide>\n\t\t\t\t\t\t<rs-slide style=\"position: absolute;\" data-key=\"rs-1649\" data-title=\"Slide\" data-thumb=\"\/\/www.sarlux.saras.it\/wp-content\/uploads\/revslider\/UniCa-2025\/13-Saras-Sarlux-UniCA-2025.jpg\" data-in=\"o:0;\" data-out=\"a:false;\">\n\t\t\t\t\t\t\t<img decoding=\"async\" src=\"\/\/www.sarlux.saras.it\/wp-content\/plugins\/revslider\/public\/assets\/assets\/dummy.png\" alt=\"\" title=\"13-Saras-Sarlux-UniCA-2025.jpg\" width=\"800\" height=\"500\" class=\"rev-slidebg tp-rs-img rs-lazyload\" data-lazyload=\"\/\/www.sarlux.saras.it\/wp-content\/uploads\/revslider\/UniCa-2025\/13-Saras-Sarlux-UniCA-2025.jpg\" data-no-retina>\n<!---->\t\t\t\t\t\t<\/rs-slide>\n\t\t\t\t\t\t<rs-slide style=\"position: absolute;\" data-key=\"rs-1650\" data-title=\"Slide\" data-thumb=\"\/\/www.sarlux.saras.it\/wp-content\/uploads\/revslider\/UniCa-2025\/14-Saras-Sarlux-UniCA-2025.jpg\" data-in=\"o:0;\" data-out=\"a:false;\">\n\t\t\t\t\t\t\t<img decoding=\"async\" src=\"\/\/www.sarlux.saras.it\/wp-content\/plugins\/revslider\/public\/assets\/assets\/dummy.png\" alt=\"\" title=\"14-Saras-Sarlux-UniCA-2025.jpg\" width=\"800\" height=\"500\" class=\"rev-slidebg tp-rs-img rs-lazyload\" data-lazyload=\"\/\/www.sarlux.saras.it\/wp-content\/uploads\/revslider\/UniCa-2025\/14-Saras-Sarlux-UniCA-2025.jpg\" data-no-retina>\n<!---->\t\t\t\t\t\t<\/rs-slide>\n\t\t\t\t\t<\/rs-slides>\n\t\t\t\t<\/rs-module>\n\t\t\t\t<script>\n\t\t\t\t\tsetREVStartSize({c: 'rev_slider_140_1',rl:[1240,1024,778,480],el:[500],gw:[800],gh:[500],type:'standard',justify:'',layout:'fullwidth',mh:\"0\"});if (window.RS_MODULES!==undefined && window.RS_MODULES.modules!==undefined && window.RS_MODULES.modules[\"revslider1401\"]!==undefined) {window.RS_MODULES.modules[\"revslider1401\"].once = false;window.revapi140 = undefined;if (window.RS_MODULES.checkMinimal!==undefined) window.RS_MODULES.checkMinimal()}\n\t\t\t\t<\/script>\n\t\t\t<\/rs-module-wrap>\n\t\t\t<!-- END REVOLUTION SLIDER -->\n[\/vc_column][vc_column width=&#8221;1\/2&#8243;][vc_column_text css=&#8221;&#8221;]<\/p>\n<p style=\"font-weight: 400;\"><strong>Ingegneria Meccanica: strategie di manutenzione e nuove tecnologie<\/strong><\/p>\n<p style=\"font-weight: 400;\">Con il corso magistrale di Ingegneria Meccanica, due giornate sono state dedicate alla manutenzione degli impianti.<br \/>\nDurante la prima sessione, i nostri esperti di <em>Reliability &amp; Inspection<\/em>\u00a0e\u00a0<em>Reliability Technology<\/em> hanno approfondito argomenti come l\u2019organizzazione delle fermate impianto e le tecniche predittive per garantire efficienza e sicurezza.<\/p>\n<p style=\"font-weight: 400;\">Il secondo appuntamento dello stesso dipartimento, ha portato gli studenti nel mondo delle ispezioni e dei controlli non distruttivi, con focus sulla metodologia <em>Risk Based Inspection (RBI)<\/em>\u00a0e l\u2019utilizzo di tecnologie avanzate come droni e robotica.<\/p>\n<p style=\"font-weight: 400;\"><strong>Ingegneria Chimica: tra controllo di processo e applicazioni industriali<\/strong><\/p>\n<p style=\"font-weight: 400;\">Il secondo evento ha coinvolto gli studenti di\u00a0<em>Advanced Systems of Process Control<\/em> del <span data-olk-copy-source=\"MessageBody\">Dipartimento di Ingegneria Meccanica, Chimica e dei Materiali, <\/span>in un seminario tecnico, dove i nostri professionisti hanno presentato casi reali e soluzioni innovative, mettendo in luce la complessit\u00e0 e le opportunit\u00e0 dell\u2019industria di processo.<\/p>\n<p>[\/vc_column_text][\/vc_column][\/vc_row][vc_row][vc_column][vc_empty_space height=&#8221;16px&#8221;][vc_column_text css=&#8221;&#8221;]<\/p>\n<p style=\"font-weight: 400;\"><strong>Dal sapere accademico all\u2019industria: una testimonianza concreta<\/strong><\/p>\n<p style=\"font-weight: 400;\">Il terzo incontro \u00e8 stato pensato dal dipartimento di Ingegneria Chimica\u00a0 per mostrare agli studenti come la formazione accademica possa tradursi in competenze operative, presentando il ruolo dell\u2019ingegnere chimico in ambito industriale: dalle sfide quotidiane alle prospettive di carriera.<\/p>\n<p>[\/vc_column_text][vc_empty_space height=&#8221;16px&#8221;][vc_column_text css=&#8221;&#8221;][\/vc_column_text][\/vc_column][\/vc_row][vc_row][vc_column][vc_empty_space height=&#8221;16px&#8221;][\/vc_column][\/vc_row][vc_row][vc_column][vc_icon icon_fontawesome=&#8221;fa fa-cog&#8221; size=&#8221;sm&#8221; align=&#8221;center&#8221;][vc_empty_space height=&#8221;16px&#8221;][\/vc_column][\/vc_row][vc_row full_width=&#8221;stretch_row&#8221; css=&#8221;.vc_custom_1743097055272{background-color: #F5F5F5 !important;}&#8221;][vc_column][vc_column_text css=&#8221;&#8221;]<\/p>\n<p style=\"font-weight: 400;\">Alcuni interessanti feedback degli studenti:<\/p>\n<p style=\"font-weight: 400;\">&#8220;<em>Ho trovato la lezione molto interessante perch\u00e9 \u00e8 stato trattato nel dettaglio il tema della manutenzione in ambito industriale non soltanto fornendo un quadro sulle strategie usate oggi ma dando anche spunti sui possibili sviluppi futuri in termini di metodi, strumentazioni e competenze richieste.<br \/>\n<\/em><i>Ho apprezzato molto l&#8217;interazione che gli Ingegneri della Sarlux (Saras) hanno avuto con noi studenti e il loro incoraggiamento a non smettere mai di imparare e informarci, anche su settori che a primo impatto possono sembrare non direttamente collegati al percorso di studi.<\/i>&#8221;<br \/>\nRiccardo<\/p>\n<p style=\"font-weight: 400;\">\u201c<i>\u00c8 stato un incontro molto interessante, mi ha aiutato a capire quanto fosse enorme la raffineria e a quantificare quanti asset siano presenti al suo interno; sottolineando anche i vari costi e quali tecniche di manutenzione venivano appunto effettuate.<\/i>\u201d<br \/>\nAngelo<\/p>\n<p style=\"font-weight: 400;\">&#8220;<i>La lezione \u00e8 stata interessante. Un&#8217;ottima occasione per avvicinarsi concretamente al mondo del lavoro.<\/i>\u201d<br \/>\nFilippo<\/p>\n<p style=\"font-weight: 400;\">\u201c<i>La lezione \u00e8 stata piuttosto interessante anche perch\u00e9 ci hanno fatto conoscere problematiche e tempistiche di manutenzione che probabilmente non trover\u00f2 mai sui libri (come il fatto di dover prenotare le gru uniche al mondo tanto prima). Per\u00f2 se vogliono che rimanga tempo per domande e altre curiosit\u00e0 forse dovrebbero fare una presentazione pi\u00f9 concisa, in ogni caso molto interessante.<\/i>\u201d<br \/>\nDario<\/p>\n<p>[\/vc_column_text][vc_empty_space height=&#8221;8px&#8221;][\/vc_column][\/vc_row][vc_row][vc_column][vc_icon icon_fontawesome=&#8221;fa fa-cog&#8221; size=&#8221;sm&#8221; align=&#8221;center&#8221;][vc_column_text css=&#8221;&#8221;]<\/p>\n<p style=\"font-weight: 400;\"><strong>Condividere sapere, costruire futuro<\/strong><\/p>\n<p style=\"font-weight: 400;\">Questi momenti di confronto rappresentano per SARAS un investimento nella formazione di una nuova generazione di professionisti, capaci di affrontare con consapevolezza e visione le sfide dell\u2019innovazione.<\/p>\n<p>[\/vc_column_text][vc_empty_space height=&#8221;16px&#8221;][\/vc_column][\/vc_row][vc_row full_width=&#8221;stretch_row&#8221; bg_type=&#8221;bg_color&#8221;][vc_column][vc_single_image image=&#8221;534688&#8243; img_size=&#8221;full&#8221; alignment=&#8221;center&#8221;][vc_empty_space][\/vc_column][\/vc_row]<\/p>\n<\/div>","protected":false},"excerpt":{"rendered":"<p>Nel primo semestre dell\u2019anno, SARAS ha rafforzato il proprio impegno nella formazione, partecipando a tre importanti incontri con il mondo accademico.<\/p>\n","protected":false},"author":36,"featured_media":546965,"comment_status":"closed","ping_status":"open","sticky":false,"template":"","format":"standard","meta":{"_acf_changed":false,"inline_featured_image":false,"footnotes":""},"categories":[26,17],"tags":[374,438,138,471,35,29,47,82,120,32,108,50,105,53,126,65],"class_list":["post-546960","post","type-post","status-publish","format-standard","has-post-thumbnail","hentry","category-home-it","category-news","tag-cagliari","tag-comunita","tag-cultura","tag-diritto-allo-studio","tag-educazione","tag-impegno-sociale","tag-industria-4-0","tag-innovazione","tag-lavoro","tag-le-nostre-persone","tag-raffineria","tag-saras","tag-sardegna","tag-sarlux","tag-sviluppo","tag-universita"],"acf":[],"yoast_head":"<!-- This site is optimized with the Yoast SEO plugin v27.3 - https:\/\/yoast.com\/product\/yoast-seo-wordpress\/ -->\n<title>Universit\u00e0 e impresa: insieme per costruire il futuro - Sarlux Saras | Refining &amp; Power<\/title>\n<meta name=\"description\" content=\"Nel primo semestre dell\u2019anno, SARAS ha rafforzato il proprio impegno nella formazione, partecipando a tre importanti incontri con il mondo accademico.\" \/>\n<meta name=\"robots\" content=\"index, follow, max-snippet:-1, max-image-preview:large, max-video-preview:-1\" \/>\n<link rel=\"canonical\" href=\"https:\/\/www.sarlux.saras.it\/it\/universita-e-impresa-insieme-per-costruire-il-futuro\/\" \/>\n<meta property=\"og:locale\" content=\"it_IT\" \/>\n<meta property=\"og:type\" content=\"article\" \/>\n<meta property=\"og:title\" content=\"Universit\u00e0 e impresa: insieme per costruire il futuro - Sarlux Saras | Refining &amp; Power\" \/>\n<meta property=\"og:description\" content=\"Nel primo semestre dell\u2019anno, SARAS ha rafforzato il proprio impegno nella formazione, partecipando a tre importanti incontri con il mondo accademico.\" \/>\n<meta property=\"og:url\" content=\"https:\/\/www.sarlux.saras.it\/it\/universita-e-impresa-insieme-per-costruire-il-futuro\/\" \/>\n<meta property=\"og:site_name\" content=\"Sarlux Saras | Refining &amp; Power\" \/>\n<meta property=\"article:published_time\" content=\"2025-06-05T10:20:57+00:00\" \/>\n<meta property=\"article:modified_time\" content=\"2025-07-23T10:24:05+00:00\" \/>\n<meta property=\"og:image\" content=\"https:\/\/www.sarlux.saras.it\/wp-content\/uploads\/2025\/06\/00-palazzo-scienze-UNICA-Sarlux-Saras.jpg\" \/>\n\t<meta property=\"og:image:width\" content=\"900\" \/>\n\t<meta property=\"og:image:height\" content=\"450\" \/>\n\t<meta property=\"og:image:type\" content=\"image\/jpeg\" \/>\n<meta name=\"author\" content=\"Alberto Soi\" \/>\n<meta name=\"twitter:card\" content=\"summary_large_image\" \/>\n<meta name=\"twitter:label1\" content=\"Scritto da\" \/>\n\t<meta name=\"twitter:data1\" content=\"Alberto Soi\" \/>\n\t<meta name=\"twitter:label2\" content=\"Tempo di lettura stimato\" \/>\n\t<meta name=\"twitter:data2\" content=\"4 minuti\" \/>\n<script type=\"application\/ld+json\" class=\"yoast-schema-graph\">{\"@context\":\"https:\\\/\\\/schema.org\",\"@graph\":[{\"@type\":\"Article\",\"@id\":\"https:\\\/\\\/www.sarlux.saras.it\\\/it\\\/universita-e-impresa-insieme-per-costruire-il-futuro\\\/#article\",\"isPartOf\":{\"@id\":\"https:\\\/\\\/www.sarlux.saras.it\\\/it\\\/universita-e-impresa-insieme-per-costruire-il-futuro\\\/\"},\"author\":{\"name\":\"Alberto Soi\",\"@id\":\"https:\\\/\\\/www.sarlux.saras.it\\\/it\\\/#\\\/schema\\\/person\\\/f369fc2d7dbcc34d69a0975e8fe360af\"},\"headline\":\"Universit\u00e0 e impresa: insieme per costruire il futuro\",\"datePublished\":\"2025-06-05T10:20:57+00:00\",\"dateModified\":\"2025-07-23T10:24:05+00:00\",\"mainEntityOfPage\":{\"@id\":\"https:\\\/\\\/www.sarlux.saras.it\\\/it\\\/universita-e-impresa-insieme-per-costruire-il-futuro\\\/\"},\"wordCount\":696,\"publisher\":{\"@id\":\"https:\\\/\\\/www.sarlux.saras.it\\\/it\\\/#organization\"},\"image\":{\"@id\":\"https:\\\/\\\/www.sarlux.saras.it\\\/it\\\/universita-e-impresa-insieme-per-costruire-il-futuro\\\/#primaryimage\"},\"thumbnailUrl\":\"https:\\\/\\\/www.sarlux.saras.it\\\/wp-content\\\/uploads\\\/2025\\\/06\\\/00-palazzo-scienze-UNICA-Sarlux-Saras.jpg\",\"keywords\":[\"Cagliari\",\"comunit\u00e0\",\"cultura\",\"diritto allo studio\",\"Educazione\",\"Impegno sociale\",\"industria 4.0\",\"Innovazione\",\"lavoro\",\"Le nostre persone\",\"raffineria\",\"Saras\",\"sardegna\",\"Sarlux\",\"sviluppo\",\"Universit\u00e0\"],\"articleSection\":[\"home\",\"News\"],\"inLanguage\":\"it-IT\"},{\"@type\":\"WebPage\",\"@id\":\"https:\\\/\\\/www.sarlux.saras.it\\\/it\\\/universita-e-impresa-insieme-per-costruire-il-futuro\\\/\",\"url\":\"https:\\\/\\\/www.sarlux.saras.it\\\/it\\\/universita-e-impresa-insieme-per-costruire-il-futuro\\\/\",\"name\":\"Universit\u00e0 e impresa: insieme per costruire il futuro - Sarlux Saras | Refining & Power\",\"isPartOf\":{\"@id\":\"https:\\\/\\\/www.sarlux.saras.it\\\/it\\\/#website\"},\"primaryImageOfPage\":{\"@id\":\"https:\\\/\\\/www.sarlux.saras.it\\\/it\\\/universita-e-impresa-insieme-per-costruire-il-futuro\\\/#primaryimage\"},\"image\":{\"@id\":\"https:\\\/\\\/www.sarlux.saras.it\\\/it\\\/universita-e-impresa-insieme-per-costruire-il-futuro\\\/#primaryimage\"},\"thumbnailUrl\":\"https:\\\/\\\/www.sarlux.saras.it\\\/wp-content\\\/uploads\\\/2025\\\/06\\\/00-palazzo-scienze-UNICA-Sarlux-Saras.jpg\",\"datePublished\":\"2025-06-05T10:20:57+00:00\",\"dateModified\":\"2025-07-23T10:24:05+00:00\",\"description\":\"Nel primo semestre dell\u2019anno, SARAS ha rafforzato il proprio impegno nella formazione, partecipando a tre importanti incontri con il mondo accademico.\",\"breadcrumb\":{\"@id\":\"https:\\\/\\\/www.sarlux.saras.it\\\/it\\\/universita-e-impresa-insieme-per-costruire-il-futuro\\\/#breadcrumb\"},\"inLanguage\":\"it-IT\",\"potentialAction\":[{\"@type\":\"ReadAction\",\"target\":[\"https:\\\/\\\/www.sarlux.saras.it\\\/it\\\/universita-e-impresa-insieme-per-costruire-il-futuro\\\/\"]}]},{\"@type\":\"ImageObject\",\"inLanguage\":\"it-IT\",\"@id\":\"https:\\\/\\\/www.sarlux.saras.it\\\/it\\\/universita-e-impresa-insieme-per-costruire-il-futuro\\\/#primaryimage\",\"url\":\"https:\\\/\\\/www.sarlux.saras.it\\\/wp-content\\\/uploads\\\/2025\\\/06\\\/00-palazzo-scienze-UNICA-Sarlux-Saras.jpg\",\"contentUrl\":\"https:\\\/\\\/www.sarlux.saras.it\\\/wp-content\\\/uploads\\\/2025\\\/06\\\/00-palazzo-scienze-UNICA-Sarlux-Saras.jpg\",\"width\":900,\"height\":450},{\"@type\":\"BreadcrumbList\",\"@id\":\"https:\\\/\\\/www.sarlux.saras.it\\\/it\\\/universita-e-impresa-insieme-per-costruire-il-futuro\\\/#breadcrumb\",\"itemListElement\":[{\"@type\":\"ListItem\",\"position\":1,\"name\":\"Home\",\"item\":\"https:\\\/\\\/www.sarlux.saras.it\\\/it\\\/\"},{\"@type\":\"ListItem\",\"position\":2,\"name\":\"Universit\u00e0 e impresa: insieme per costruire il futuro\"}]},{\"@type\":\"WebSite\",\"@id\":\"https:\\\/\\\/www.sarlux.saras.it\\\/it\\\/#website\",\"url\":\"https:\\\/\\\/www.sarlux.saras.it\\\/it\\\/\",\"name\":\"Sarlux\",\"description\":\"\",\"publisher\":{\"@id\":\"https:\\\/\\\/www.sarlux.saras.it\\\/it\\\/#organization\"},\"potentialAction\":[{\"@type\":\"SearchAction\",\"target\":{\"@type\":\"EntryPoint\",\"urlTemplate\":\"https:\\\/\\\/www.sarlux.saras.it\\\/it\\\/?s={search_term_string}\"},\"query-input\":{\"@type\":\"PropertyValueSpecification\",\"valueRequired\":true,\"valueName\":\"search_term_string\"}}],\"inLanguage\":\"it-IT\"},{\"@type\":\"Organization\",\"@id\":\"https:\\\/\\\/www.sarlux.saras.it\\\/it\\\/#organization\",\"name\":\"Sarlux\",\"url\":\"https:\\\/\\\/www.sarlux.saras.it\\\/it\\\/\",\"logo\":{\"@type\":\"ImageObject\",\"inLanguage\":\"it-IT\",\"@id\":\"https:\\\/\\\/www.sarlux.saras.it\\\/it\\\/#\\\/schema\\\/logo\\\/image\\\/\",\"url\":\"https:\\\/\\\/www.sarlux.saras.it\\\/wp-content\\\/uploads\\\/2017\\\/12\\\/logo-pc-1.png\",\"contentUrl\":\"https:\\\/\\\/www.sarlux.saras.it\\\/wp-content\\\/uploads\\\/2017\\\/12\\\/logo-pc-1.png\",\"width\":184,\"height\":86,\"caption\":\"Sarlux\"},\"image\":{\"@id\":\"https:\\\/\\\/www.sarlux.saras.it\\\/it\\\/#\\\/schema\\\/logo\\\/image\\\/\"}},{\"@type\":\"Person\",\"@id\":\"https:\\\/\\\/www.sarlux.saras.it\\\/it\\\/#\\\/schema\\\/person\\\/f369fc2d7dbcc34d69a0975e8fe360af\",\"name\":\"Alberto Soi\",\"image\":{\"@type\":\"ImageObject\",\"inLanguage\":\"it-IT\",\"@id\":\"https:\\\/\\\/secure.gravatar.com\\\/avatar\\\/cc70035cae62a8d1e88cc2ac9d8e48bd174728dd9c5b3730ca1cbcb3eee8991b?s=96&d=mm&r=g\",\"url\":\"https:\\\/\\\/secure.gravatar.com\\\/avatar\\\/cc70035cae62a8d1e88cc2ac9d8e48bd174728dd9c5b3730ca1cbcb3eee8991b?s=96&d=mm&r=g\",\"contentUrl\":\"https:\\\/\\\/secure.gravatar.com\\\/avatar\\\/cc70035cae62a8d1e88cc2ac9d8e48bd174728dd9c5b3730ca1cbcb3eee8991b?s=96&d=mm&r=g\",\"caption\":\"Alberto Soi\"},\"url\":\"\"}]}<\/script>\n<!-- \/ Yoast SEO plugin. -->","yoast_head_json":{"title":"Universit\u00e0 e impresa: insieme per costruire il futuro - Sarlux Saras | Refining & Power","description":"Nel primo semestre dell\u2019anno, SARAS ha rafforzato il proprio impegno nella formazione, partecipando a tre importanti incontri con il mondo accademico.","robots":{"index":"index","follow":"follow","max-snippet":"max-snippet:-1","max-image-preview":"max-image-preview:large","max-video-preview":"max-video-preview:-1"},"canonical":"https:\/\/www.sarlux.saras.it\/it\/universita-e-impresa-insieme-per-costruire-il-futuro\/","og_locale":"it_IT","og_type":"article","og_title":"Universit\u00e0 e impresa: insieme per costruire il futuro - Sarlux Saras | Refining & Power","og_description":"Nel primo semestre dell\u2019anno, SARAS ha rafforzato il proprio impegno nella formazione, partecipando a tre importanti incontri con il mondo accademico.","og_url":"https:\/\/www.sarlux.saras.it\/it\/universita-e-impresa-insieme-per-costruire-il-futuro\/","og_site_name":"Sarlux Saras | Refining & Power","article_published_time":"2025-06-05T10:20:57+00:00","article_modified_time":"2025-07-23T10:24:05+00:00","og_image":[{"width":900,"height":450,"url":"https:\/\/www.sarlux.saras.it\/wp-content\/uploads\/2025\/06\/00-palazzo-scienze-UNICA-Sarlux-Saras.jpg","type":"image\/jpeg"}],"author":"Alberto Soi","twitter_card":"summary_large_image","twitter_misc":{"Scritto da":"Alberto Soi","Tempo di lettura stimato":"4 minuti"},"schema":{"@context":"https:\/\/schema.org","@graph":[{"@type":"Article","@id":"https:\/\/www.sarlux.saras.it\/it\/universita-e-impresa-insieme-per-costruire-il-futuro\/#article","isPartOf":{"@id":"https:\/\/www.sarlux.saras.it\/it\/universita-e-impresa-insieme-per-costruire-il-futuro\/"},"author":{"name":"Alberto Soi","@id":"https:\/\/www.sarlux.saras.it\/it\/#\/schema\/person\/f369fc2d7dbcc34d69a0975e8fe360af"},"headline":"Universit\u00e0 e impresa: insieme per costruire il futuro","datePublished":"2025-06-05T10:20:57+00:00","dateModified":"2025-07-23T10:24:05+00:00","mainEntityOfPage":{"@id":"https:\/\/www.sarlux.saras.it\/it\/universita-e-impresa-insieme-per-costruire-il-futuro\/"},"wordCount":696,"publisher":{"@id":"https:\/\/www.sarlux.saras.it\/it\/#organization"},"image":{"@id":"https:\/\/www.sarlux.saras.it\/it\/universita-e-impresa-insieme-per-costruire-il-futuro\/#primaryimage"},"thumbnailUrl":"https:\/\/www.sarlux.saras.it\/wp-content\/uploads\/2025\/06\/00-palazzo-scienze-UNICA-Sarlux-Saras.jpg","keywords":["Cagliari","comunit\u00e0","cultura","diritto allo studio","Educazione","Impegno sociale","industria 4.0","Innovazione","lavoro","Le nostre persone","raffineria","Saras","sardegna","Sarlux","sviluppo","Universit\u00e0"],"articleSection":["home","News"],"inLanguage":"it-IT"},{"@type":"WebPage","@id":"https:\/\/www.sarlux.saras.it\/it\/universita-e-impresa-insieme-per-costruire-il-futuro\/","url":"https:\/\/www.sarlux.saras.it\/it\/universita-e-impresa-insieme-per-costruire-il-futuro\/","name":"Universit\u00e0 e impresa: insieme per costruire il futuro - Sarlux Saras | Refining & Power","isPartOf":{"@id":"https:\/\/www.sarlux.saras.it\/it\/#website"},"primaryImageOfPage":{"@id":"https:\/\/www.sarlux.saras.it\/it\/universita-e-impresa-insieme-per-costruire-il-futuro\/#primaryimage"},"image":{"@id":"https:\/\/www.sarlux.saras.it\/it\/universita-e-impresa-insieme-per-costruire-il-futuro\/#primaryimage"},"thumbnailUrl":"https:\/\/www.sarlux.saras.it\/wp-content\/uploads\/2025\/06\/00-palazzo-scienze-UNICA-Sarlux-Saras.jpg","datePublished":"2025-06-05T10:20:57+00:00","dateModified":"2025-07-23T10:24:05+00:00","description":"Nel primo semestre dell\u2019anno, SARAS ha rafforzato il proprio impegno nella formazione, partecipando a tre importanti incontri con il mondo accademico.","breadcrumb":{"@id":"https:\/\/www.sarlux.saras.it\/it\/universita-e-impresa-insieme-per-costruire-il-futuro\/#breadcrumb"},"inLanguage":"it-IT","potentialAction":[{"@type":"ReadAction","target":["https:\/\/www.sarlux.saras.it\/it\/universita-e-impresa-insieme-per-costruire-il-futuro\/"]}]},{"@type":"ImageObject","inLanguage":"it-IT","@id":"https:\/\/www.sarlux.saras.it\/it\/universita-e-impresa-insieme-per-costruire-il-futuro\/#primaryimage","url":"https:\/\/www.sarlux.saras.it\/wp-content\/uploads\/2025\/06\/00-palazzo-scienze-UNICA-Sarlux-Saras.jpg","contentUrl":"https:\/\/www.sarlux.saras.it\/wp-content\/uploads\/2025\/06\/00-palazzo-scienze-UNICA-Sarlux-Saras.jpg","width":900,"height":450},{"@type":"BreadcrumbList","@id":"https:\/\/www.sarlux.saras.it\/it\/universita-e-impresa-insieme-per-costruire-il-futuro\/#breadcrumb","itemListElement":[{"@type":"ListItem","position":1,"name":"Home","item":"https:\/\/www.sarlux.saras.it\/it\/"},{"@type":"ListItem","position":2,"name":"Universit\u00e0 e impresa: insieme per costruire il futuro"}]},{"@type":"WebSite","@id":"https:\/\/www.sarlux.saras.it\/it\/#website","url":"https:\/\/www.sarlux.saras.it\/it\/","name":"Sarlux","description":"","publisher":{"@id":"https:\/\/www.sarlux.saras.it\/it\/#organization"},"potentialAction":[{"@type":"SearchAction","target":{"@type":"EntryPoint","urlTemplate":"https:\/\/www.sarlux.saras.it\/it\/?s={search_term_string}"},"query-input":{"@type":"PropertyValueSpecification","valueRequired":true,"valueName":"search_term_string"}}],"inLanguage":"it-IT"},{"@type":"Organization","@id":"https:\/\/www.sarlux.saras.it\/it\/#organization","name":"Sarlux","url":"https:\/\/www.sarlux.saras.it\/it\/","logo":{"@type":"ImageObject","inLanguage":"it-IT","@id":"https:\/\/www.sarlux.saras.it\/it\/#\/schema\/logo\/image\/","url":"https:\/\/www.sarlux.saras.it\/wp-content\/uploads\/2017\/12\/logo-pc-1.png","contentUrl":"https:\/\/www.sarlux.saras.it\/wp-content\/uploads\/2017\/12\/logo-pc-1.png","width":184,"height":86,"caption":"Sarlux"},"image":{"@id":"https:\/\/www.sarlux.saras.it\/it\/#\/schema\/logo\/image\/"}},{"@type":"Person","@id":"https:\/\/www.sarlux.saras.it\/it\/#\/schema\/person\/f369fc2d7dbcc34d69a0975e8fe360af","name":"Alberto Soi","image":{"@type":"ImageObject","inLanguage":"it-IT","@id":"https:\/\/secure.gravatar.com\/avatar\/cc70035cae62a8d1e88cc2ac9d8e48bd174728dd9c5b3730ca1cbcb3eee8991b?s=96&d=mm&r=g","url":"https:\/\/secure.gravatar.com\/avatar\/cc70035cae62a8d1e88cc2ac9d8e48bd174728dd9c5b3730ca1cbcb3eee8991b?s=96&d=mm&r=g","contentUrl":"https:\/\/secure.gravatar.com\/avatar\/cc70035cae62a8d1e88cc2ac9d8e48bd174728dd9c5b3730ca1cbcb3eee8991b?s=96&d=mm&r=g","caption":"Alberto Soi"},"url":""}]}},"_links":{"self":[{"href":"https:\/\/www.sarlux.saras.it\/it\/wp-json\/wp\/v2\/posts\/546960","targetHints":{"allow":["GET"]}}],"collection":[{"href":"https:\/\/www.sarlux.saras.it\/it\/wp-json\/wp\/v2\/posts"}],"about":[{"href":"https:\/\/www.sarlux.saras.it\/it\/wp-json\/wp\/v2\/types\/post"}],"author":[{"embeddable":true,"href":"https:\/\/www.sarlux.saras.it\/it\/wp-json\/wp\/v2\/users\/36"}],"replies":[{"embeddable":true,"href":"https:\/\/www.sarlux.saras.it\/it\/wp-json\/wp\/v2\/comments?post=546960"}],"version-history":[{"count":4,"href":"https:\/\/www.sarlux.saras.it\/it\/wp-json\/wp\/v2\/posts\/546960\/revisions"}],"predecessor-version":[{"id":546968,"href":"https:\/\/www.sarlux.saras.it\/it\/wp-json\/wp\/v2\/posts\/546960\/revisions\/546968"}],"wp:featuredmedia":[{"embeddable":true,"href":"https:\/\/www.sarlux.saras.it\/it\/wp-json\/wp\/v2\/media\/546965"}],"wp:attachment":[{"href":"https:\/\/www.sarlux.saras.it\/it\/wp-json\/wp\/v2\/media?parent=546960"}],"wp:term":[{"taxonomy":"category","embeddable":true,"href":"https:\/\/www.sarlux.saras.it\/it\/wp-json\/wp\/v2\/categories?post=546960"},{"taxonomy":"post_tag","embeddable":true,"href":"https:\/\/www.sarlux.saras.it\/it\/wp-json\/wp\/v2\/tags?post=546960"}],"curies":[{"name":"wp","href":"https:\/\/api.w.org\/{rel}","templated":true}]}}