{"id":547581,"date":"2026-03-12T12:15:38","date_gmt":"2026-03-12T12:15:38","guid":{"rendered":"https:\/\/www.sarlux.saras.it\/?p=547581"},"modified":"2026-03-12T12:16:56","modified_gmt":"2026-03-12T12:16:56","slug":"saras-rinnova-il-sostegno-alla-cagliari-football-academy","status":"publish","type":"post","link":"https:\/\/www.sarlux.saras.it\/it\/saras-rinnova-il-sostegno-alla-cagliari-football-academy\/","title":{"rendered":"Saras rinnova il sostegno alla crescita dei giovani con la Cagliari Football Academy"},"content":{"rendered":"<div class=\"wpb-content-wrapper\"><p>[vc_row][vc_column][vc_column_text css=&#8221;&#8221;]Saras rinnova per la stagione sportiva 2026\/2027 la partnership con la Cagliari Football Academy, confermando il proprio sostegno come premium sponsor a un progetto che negli anni ha accompagnato la crescita di migliaia di giovani atleti. Il rinnovo rafforza un <strong>percorso condiviso che valorizza il ruolo dello sport come strumento educativo e come spazio di sviluppo per le nuove generazioni.<\/strong>[\/vc_column_text][vc_empty_space height=&#8221;16px&#8221;][\/vc_column][\/vc_row][vc_row][vc_column width=&#8221;1\/2&#8243;][vc_single_image image=&#8221;546885&#8243; img_size=&#8221;full&#8221; css=&#8221;&#8221;][\/vc_column][vc_column width=&#8221;1\/2&#8243;][vc_column_text css=&#8221;&#8221;]La Cagliari Football Academy, gestita e coordinata dal Cagliari Calcio, rappresenta oggi una rete strutturata che riunisce 40 scuole calcio tra Sardegna e territorio nazionale. \u00c8 un contesto in cui il gioco diventa occasione di apprendimento e in cui cooperazione, impegno e formazione si intrecciano per costruire un modello riconosciuto per qualit\u00e0 e impatto. Ogni anno oltre 5.000 bambini tra i 6 e i 12 anni partecipano alle attivit\u00e0 dell\u2019Academy, trovando un ambiente che sostiene la loro crescita tecnica e personale. Per molti \u00e8 un primo passo verso il settore giovanile rossobl\u00f9; <strong>per tutti \u00e8 un percorso che trasmette valori come lealt\u00e0, spirito di squadra, altruismo e perseveranza<\/strong>.[\/vc_column_text][vc_column_text css=&#8221;&#8221;]<\/p>\n<div class=\"elementToProof\">\n<p>Il rinnovo dell\u2019accordo consente di proseguire un insieme di attivit\u00e0 che contribuiscono alla solidit\u00e0 del progetto: <strong>programmi di formazione tecnica per allenatori e staff<\/strong> delle societ\u00e0 affiliate, <strong>percorsi di aggiornamento metodologico per le scuole calcio<\/strong> della rete, iniziative di promozione sportiva sul territorio e <strong>attivit\u00e0 educative che accompagnano i giovani nel loro cammino di crescita<\/strong>. A queste si aggiungono momenti di incontro con il mondo professionistico, pensati per offrire ai ragazzi occasioni di confronto diretto e di partecipazione attiva.<\/div>\n<p>[\/vc_column_text][vc_empty_space height=&#8221;16px&#8221;][\/vc_column][\/vc_row][vc_row][vc_column][vc_empty_space height=&#8221;16px&#8221;][\/vc_column][\/vc_row][vc_row][vc_column][vc_icon icon_fontawesome=&#8221;fa fa-cog&#8221; size=&#8221;sm&#8221; align=&#8221;center&#8221;][vc_column_text css=&#8221;&#8221;]Con questa partnership, Saras continua a investire in un progetto che unisce sport, educazione e responsabilit\u00e0 sociale, contribuendo alla crescita delle comunit\u00e0 locali e al futuro delle nuove generazioni. <strong>Un impegno che guarda lontano e che riconosce nello sport un alleato prezioso per costruire percorsi di sviluppo inclusivi, sani e orientati al talento<\/strong>.[\/vc_column_text][vc_empty_space height=&#8221;16px&#8221;][\/vc_column][\/vc_row][vc_row full_width=&#8221;stretch_row&#8221; bg_type=&#8221;bg_color&#8221;][vc_column][vc_single_image image=&#8221;534688&#8243; img_size=&#8221;full&#8221; alignment=&#8221;center&#8221; css=&#8221;&#8221;][vc_empty_space][\/vc_column][\/vc_row]<\/p>\n<\/div>","protected":false},"excerpt":{"rendered":"<p>Saras conferma il proprio sostegno come premium sponsor a un progetto che negli anni ha accompagnato la crescita di migliaia di giovani atleti. <\/p>\n","protected":false},"author":36,"featured_media":547582,"comment_status":"closed","ping_status":"open","sticky":false,"template":"","format":"standard","meta":{"_acf_changed":false,"inline_featured_image":false,"footnotes":""},"categories":[26,17],"tags":[374,536,438,35,29,50,105,53,71,41],"class_list":["post-547581","post","type-post","status-publish","format-standard","has-post-thumbnail","hentry","category-home-it","category-news","tag-cagliari","tag-cagliari-calcio","tag-comunita","tag-educazione","tag-impegno-sociale","tag-saras","tag-sardegna","tag-sarlux","tag-sarroch","tag-sport"],"acf":[],"yoast_head":"<!-- This site is optimized with the Yoast SEO plugin v27.3 - https:\/\/yoast.com\/product\/yoast-seo-wordpress\/ -->\n<title>Saras rinnova il sostegno alla crescita dei giovani con la Cagliari Football Academy - Sarlux Saras | Refining &amp; Power<\/title>\n<meta name=\"description\" content=\"Saras conferma il proprio sostegno come premium sponsor a un progetto che negli anni ha accompagnato la crescita di migliaia di giovani atleti.\" \/>\n<meta name=\"robots\" content=\"index, follow, max-snippet:-1, max-image-preview:large, max-video-preview:-1\" \/>\n<link rel=\"canonical\" href=\"https:\/\/www.sarlux.saras.it\/it\/saras-rinnova-il-sostegno-alla-cagliari-football-academy\/\" \/>\n<meta property=\"og:locale\" content=\"it_IT\" \/>\n<meta property=\"og:type\" content=\"article\" \/>\n<meta property=\"og:title\" content=\"Saras rinnova il sostegno alla crescita dei giovani con la Cagliari Football Academy - Sarlux Saras | Refining &amp; Power\" \/>\n<meta property=\"og:description\" content=\"Saras conferma il proprio sostegno come premium sponsor a un progetto che negli anni ha accompagnato la crescita di migliaia di giovani atleti.\" \/>\n<meta property=\"og:url\" content=\"https:\/\/www.sarlux.saras.it\/it\/saras-rinnova-il-sostegno-alla-cagliari-football-academy\/\" \/>\n<meta property=\"og:site_name\" content=\"Sarlux Saras | Refining &amp; Power\" \/>\n<meta property=\"article:published_time\" content=\"2026-03-12T12:15:38+00:00\" \/>\n<meta property=\"article:modified_time\" content=\"2026-03-12T12:16:56+00:00\" \/>\n<meta property=\"og:image\" content=\"https:\/\/www.sarlux.saras.it\/wp-content\/uploads\/2026\/03\/Saras-Academy-Cagliari-calcio-2026-02-cover.jpg\" \/>\n\t<meta property=\"og:image:width\" content=\"990\" \/>\n\t<meta property=\"og:image:height\" content=\"450\" \/>\n\t<meta property=\"og:image:type\" content=\"image\/jpeg\" \/>\n<meta name=\"author\" content=\"Alberto Soi\" \/>\n<meta name=\"twitter:card\" content=\"summary_large_image\" \/>\n<meta name=\"twitter:label1\" content=\"Scritto da\" \/>\n\t<meta name=\"twitter:data1\" content=\"Alberto Soi\" \/>\n\t<meta name=\"twitter:label2\" content=\"Tempo di lettura stimato\" \/>\n\t<meta name=\"twitter:data2\" content=\"3 minuti\" \/>\n<script type=\"application\/ld+json\" class=\"yoast-schema-graph\">{\"@context\":\"https:\\\/\\\/schema.org\",\"@graph\":[{\"@type\":\"Article\",\"@id\":\"https:\\\/\\\/www.sarlux.saras.it\\\/it\\\/saras-rinnova-il-sostegno-alla-cagliari-football-academy\\\/#article\",\"isPartOf\":{\"@id\":\"https:\\\/\\\/www.sarlux.saras.it\\\/it\\\/saras-rinnova-il-sostegno-alla-cagliari-football-academy\\\/\"},\"author\":{\"name\":\"Alberto Soi\",\"@id\":\"https:\\\/\\\/www.sarlux.saras.it\\\/it\\\/#\\\/schema\\\/person\\\/f369fc2d7dbcc34d69a0975e8fe360af\"},\"headline\":\"Saras rinnova il sostegno alla crescita dei giovani con la Cagliari Football Academy\",\"datePublished\":\"2026-03-12T12:15:38+00:00\",\"dateModified\":\"2026-03-12T12:16:56+00:00\",\"mainEntityOfPage\":{\"@id\":\"https:\\\/\\\/www.sarlux.saras.it\\\/it\\\/saras-rinnova-il-sostegno-alla-cagliari-football-academy\\\/\"},\"wordCount\":440,\"publisher\":{\"@id\":\"https:\\\/\\\/www.sarlux.saras.it\\\/it\\\/#organization\"},\"image\":{\"@id\":\"https:\\\/\\\/www.sarlux.saras.it\\\/it\\\/saras-rinnova-il-sostegno-alla-cagliari-football-academy\\\/#primaryimage\"},\"thumbnailUrl\":\"https:\\\/\\\/www.sarlux.saras.it\\\/wp-content\\\/uploads\\\/2026\\\/03\\\/Saras-Academy-Cagliari-calcio-2026-02-cover.jpg\",\"keywords\":[\"Cagliari\",\"Cagliari Calcio\",\"comunit\u00e0\",\"Educazione\",\"Impegno sociale\",\"Saras\",\"sardegna\",\"Sarlux\",\"Sarroch\",\"Sport\"],\"articleSection\":[\"home\",\"News\"],\"inLanguage\":\"it-IT\"},{\"@type\":\"WebPage\",\"@id\":\"https:\\\/\\\/www.sarlux.saras.it\\\/it\\\/saras-rinnova-il-sostegno-alla-cagliari-football-academy\\\/\",\"url\":\"https:\\\/\\\/www.sarlux.saras.it\\\/it\\\/saras-rinnova-il-sostegno-alla-cagliari-football-academy\\\/\",\"name\":\"Saras rinnova il sostegno alla crescita dei giovani con la Cagliari Football Academy - Sarlux Saras | Refining & Power\",\"isPartOf\":{\"@id\":\"https:\\\/\\\/www.sarlux.saras.it\\\/it\\\/#website\"},\"primaryImageOfPage\":{\"@id\":\"https:\\\/\\\/www.sarlux.saras.it\\\/it\\\/saras-rinnova-il-sostegno-alla-cagliari-football-academy\\\/#primaryimage\"},\"image\":{\"@id\":\"https:\\\/\\\/www.sarlux.saras.it\\\/it\\\/saras-rinnova-il-sostegno-alla-cagliari-football-academy\\\/#primaryimage\"},\"thumbnailUrl\":\"https:\\\/\\\/www.sarlux.saras.it\\\/wp-content\\\/uploads\\\/2026\\\/03\\\/Saras-Academy-Cagliari-calcio-2026-02-cover.jpg\",\"datePublished\":\"2026-03-12T12:15:38+00:00\",\"dateModified\":\"2026-03-12T12:16:56+00:00\",\"description\":\"Saras conferma il proprio sostegno come premium sponsor a un progetto che negli anni ha accompagnato la crescita di migliaia di giovani atleti.\",\"breadcrumb\":{\"@id\":\"https:\\\/\\\/www.sarlux.saras.it\\\/it\\\/saras-rinnova-il-sostegno-alla-cagliari-football-academy\\\/#breadcrumb\"},\"inLanguage\":\"it-IT\",\"potentialAction\":[{\"@type\":\"ReadAction\",\"target\":[\"https:\\\/\\\/www.sarlux.saras.it\\\/it\\\/saras-rinnova-il-sostegno-alla-cagliari-football-academy\\\/\"]}]},{\"@type\":\"ImageObject\",\"inLanguage\":\"it-IT\",\"@id\":\"https:\\\/\\\/www.sarlux.saras.it\\\/it\\\/saras-rinnova-il-sostegno-alla-cagliari-football-academy\\\/#primaryimage\",\"url\":\"https:\\\/\\\/www.sarlux.saras.it\\\/wp-content\\\/uploads\\\/2026\\\/03\\\/Saras-Academy-Cagliari-calcio-2026-02-cover.jpg\",\"contentUrl\":\"https:\\\/\\\/www.sarlux.saras.it\\\/wp-content\\\/uploads\\\/2026\\\/03\\\/Saras-Academy-Cagliari-calcio-2026-02-cover.jpg\",\"width\":990,\"height\":450},{\"@type\":\"BreadcrumbList\",\"@id\":\"https:\\\/\\\/www.sarlux.saras.it\\\/it\\\/saras-rinnova-il-sostegno-alla-cagliari-football-academy\\\/#breadcrumb\",\"itemListElement\":[{\"@type\":\"ListItem\",\"position\":1,\"name\":\"Home\",\"item\":\"https:\\\/\\\/www.sarlux.saras.it\\\/it\\\/\"},{\"@type\":\"ListItem\",\"position\":2,\"name\":\"Saras rinnova il sostegno alla crescita dei giovani con la Cagliari Football Academy\"}]},{\"@type\":\"WebSite\",\"@id\":\"https:\\\/\\\/www.sarlux.saras.it\\\/it\\\/#website\",\"url\":\"https:\\\/\\\/www.sarlux.saras.it\\\/it\\\/\",\"name\":\"Sarlux\",\"description\":\"\",\"publisher\":{\"@id\":\"https:\\\/\\\/www.sarlux.saras.it\\\/it\\\/#organization\"},\"potentialAction\":[{\"@type\":\"SearchAction\",\"target\":{\"@type\":\"EntryPoint\",\"urlTemplate\":\"https:\\\/\\\/www.sarlux.saras.it\\\/it\\\/?s={search_term_string}\"},\"query-input\":{\"@type\":\"PropertyValueSpecification\",\"valueRequired\":true,\"valueName\":\"search_term_string\"}}],\"inLanguage\":\"it-IT\"},{\"@type\":\"Organization\",\"@id\":\"https:\\\/\\\/www.sarlux.saras.it\\\/it\\\/#organization\",\"name\":\"Sarlux\",\"url\":\"https:\\\/\\\/www.sarlux.saras.it\\\/it\\\/\",\"logo\":{\"@type\":\"ImageObject\",\"inLanguage\":\"it-IT\",\"@id\":\"https:\\\/\\\/www.sarlux.saras.it\\\/it\\\/#\\\/schema\\\/logo\\\/image\\\/\",\"url\":\"https:\\\/\\\/www.sarlux.saras.it\\\/wp-content\\\/uploads\\\/2017\\\/12\\\/logo-pc-1.png\",\"contentUrl\":\"https:\\\/\\\/www.sarlux.saras.it\\\/wp-content\\\/uploads\\\/2017\\\/12\\\/logo-pc-1.png\",\"width\":184,\"height\":86,\"caption\":\"Sarlux\"},\"image\":{\"@id\":\"https:\\\/\\\/www.sarlux.saras.it\\\/it\\\/#\\\/schema\\\/logo\\\/image\\\/\"}},{\"@type\":\"Person\",\"@id\":\"https:\\\/\\\/www.sarlux.saras.it\\\/it\\\/#\\\/schema\\\/person\\\/f369fc2d7dbcc34d69a0975e8fe360af\",\"name\":\"Alberto Soi\",\"image\":{\"@type\":\"ImageObject\",\"inLanguage\":\"it-IT\",\"@id\":\"https:\\\/\\\/secure.gravatar.com\\\/avatar\\\/cc70035cae62a8d1e88cc2ac9d8e48bd174728dd9c5b3730ca1cbcb3eee8991b?s=96&d=mm&r=g\",\"url\":\"https:\\\/\\\/secure.gravatar.com\\\/avatar\\\/cc70035cae62a8d1e88cc2ac9d8e48bd174728dd9c5b3730ca1cbcb3eee8991b?s=96&d=mm&r=g\",\"contentUrl\":\"https:\\\/\\\/secure.gravatar.com\\\/avatar\\\/cc70035cae62a8d1e88cc2ac9d8e48bd174728dd9c5b3730ca1cbcb3eee8991b?s=96&d=mm&r=g\",\"caption\":\"Alberto Soi\"},\"url\":\"\"}]}<\/script>\n<!-- \/ Yoast SEO plugin. -->","yoast_head_json":{"title":"Saras rinnova il sostegno alla crescita dei giovani con la Cagliari Football Academy - Sarlux Saras | Refining & Power","description":"Saras conferma il proprio sostegno come premium sponsor a un progetto che negli anni ha accompagnato la crescita di migliaia di giovani atleti.","robots":{"index":"index","follow":"follow","max-snippet":"max-snippet:-1","max-image-preview":"max-image-preview:large","max-video-preview":"max-video-preview:-1"},"canonical":"https:\/\/www.sarlux.saras.it\/it\/saras-rinnova-il-sostegno-alla-cagliari-football-academy\/","og_locale":"it_IT","og_type":"article","og_title":"Saras rinnova il sostegno alla crescita dei giovani con la Cagliari Football Academy - Sarlux Saras | Refining & Power","og_description":"Saras conferma il proprio sostegno come premium sponsor a un progetto che negli anni ha accompagnato la crescita di migliaia di giovani atleti.","og_url":"https:\/\/www.sarlux.saras.it\/it\/saras-rinnova-il-sostegno-alla-cagliari-football-academy\/","og_site_name":"Sarlux Saras | Refining & Power","article_published_time":"2026-03-12T12:15:38+00:00","article_modified_time":"2026-03-12T12:16:56+00:00","og_image":[{"width":990,"height":450,"url":"https:\/\/www.sarlux.saras.it\/wp-content\/uploads\/2026\/03\/Saras-Academy-Cagliari-calcio-2026-02-cover.jpg","type":"image\/jpeg"}],"author":"Alberto Soi","twitter_card":"summary_large_image","twitter_misc":{"Scritto da":"Alberto Soi","Tempo di lettura stimato":"3 minuti"},"schema":{"@context":"https:\/\/schema.org","@graph":[{"@type":"Article","@id":"https:\/\/www.sarlux.saras.it\/it\/saras-rinnova-il-sostegno-alla-cagliari-football-academy\/#article","isPartOf":{"@id":"https:\/\/www.sarlux.saras.it\/it\/saras-rinnova-il-sostegno-alla-cagliari-football-academy\/"},"author":{"name":"Alberto Soi","@id":"https:\/\/www.sarlux.saras.it\/it\/#\/schema\/person\/f369fc2d7dbcc34d69a0975e8fe360af"},"headline":"Saras rinnova il sostegno alla crescita dei giovani con la Cagliari Football Academy","datePublished":"2026-03-12T12:15:38+00:00","dateModified":"2026-03-12T12:16:56+00:00","mainEntityOfPage":{"@id":"https:\/\/www.sarlux.saras.it\/it\/saras-rinnova-il-sostegno-alla-cagliari-football-academy\/"},"wordCount":440,"publisher":{"@id":"https:\/\/www.sarlux.saras.it\/it\/#organization"},"image":{"@id":"https:\/\/www.sarlux.saras.it\/it\/saras-rinnova-il-sostegno-alla-cagliari-football-academy\/#primaryimage"},"thumbnailUrl":"https:\/\/www.sarlux.saras.it\/wp-content\/uploads\/2026\/03\/Saras-Academy-Cagliari-calcio-2026-02-cover.jpg","keywords":["Cagliari","Cagliari Calcio","comunit\u00e0","Educazione","Impegno sociale","Saras","sardegna","Sarlux","Sarroch","Sport"],"articleSection":["home","News"],"inLanguage":"it-IT"},{"@type":"WebPage","@id":"https:\/\/www.sarlux.saras.it\/it\/saras-rinnova-il-sostegno-alla-cagliari-football-academy\/","url":"https:\/\/www.sarlux.saras.it\/it\/saras-rinnova-il-sostegno-alla-cagliari-football-academy\/","name":"Saras rinnova il sostegno alla crescita dei giovani con la Cagliari Football Academy - Sarlux Saras | Refining & Power","isPartOf":{"@id":"https:\/\/www.sarlux.saras.it\/it\/#website"},"primaryImageOfPage":{"@id":"https:\/\/www.sarlux.saras.it\/it\/saras-rinnova-il-sostegno-alla-cagliari-football-academy\/#primaryimage"},"image":{"@id":"https:\/\/www.sarlux.saras.it\/it\/saras-rinnova-il-sostegno-alla-cagliari-football-academy\/#primaryimage"},"thumbnailUrl":"https:\/\/www.sarlux.saras.it\/wp-content\/uploads\/2026\/03\/Saras-Academy-Cagliari-calcio-2026-02-cover.jpg","datePublished":"2026-03-12T12:15:38+00:00","dateModified":"2026-03-12T12:16:56+00:00","description":"Saras conferma il proprio sostegno come premium sponsor a un progetto che negli anni ha accompagnato la crescita di migliaia di giovani atleti.","breadcrumb":{"@id":"https:\/\/www.sarlux.saras.it\/it\/saras-rinnova-il-sostegno-alla-cagliari-football-academy\/#breadcrumb"},"inLanguage":"it-IT","potentialAction":[{"@type":"ReadAction","target":["https:\/\/www.sarlux.saras.it\/it\/saras-rinnova-il-sostegno-alla-cagliari-football-academy\/"]}]},{"@type":"ImageObject","inLanguage":"it-IT","@id":"https:\/\/www.sarlux.saras.it\/it\/saras-rinnova-il-sostegno-alla-cagliari-football-academy\/#primaryimage","url":"https:\/\/www.sarlux.saras.it\/wp-content\/uploads\/2026\/03\/Saras-Academy-Cagliari-calcio-2026-02-cover.jpg","contentUrl":"https:\/\/www.sarlux.saras.it\/wp-content\/uploads\/2026\/03\/Saras-Academy-Cagliari-calcio-2026-02-cover.jpg","width":990,"height":450},{"@type":"BreadcrumbList","@id":"https:\/\/www.sarlux.saras.it\/it\/saras-rinnova-il-sostegno-alla-cagliari-football-academy\/#breadcrumb","itemListElement":[{"@type":"ListItem","position":1,"name":"Home","item":"https:\/\/www.sarlux.saras.it\/it\/"},{"@type":"ListItem","position":2,"name":"Saras rinnova il sostegno alla crescita dei giovani con la Cagliari Football Academy"}]},{"@type":"WebSite","@id":"https:\/\/www.sarlux.saras.it\/it\/#website","url":"https:\/\/www.sarlux.saras.it\/it\/","name":"Sarlux","description":"","publisher":{"@id":"https:\/\/www.sarlux.saras.it\/it\/#organization"},"potentialAction":[{"@type":"SearchAction","target":{"@type":"EntryPoint","urlTemplate":"https:\/\/www.sarlux.saras.it\/it\/?s={search_term_string}"},"query-input":{"@type":"PropertyValueSpecification","valueRequired":true,"valueName":"search_term_string"}}],"inLanguage":"it-IT"},{"@type":"Organization","@id":"https:\/\/www.sarlux.saras.it\/it\/#organization","name":"Sarlux","url":"https:\/\/www.sarlux.saras.it\/it\/","logo":{"@type":"ImageObject","inLanguage":"it-IT","@id":"https:\/\/www.sarlux.saras.it\/it\/#\/schema\/logo\/image\/","url":"https:\/\/www.sarlux.saras.it\/wp-content\/uploads\/2017\/12\/logo-pc-1.png","contentUrl":"https:\/\/www.sarlux.saras.it\/wp-content\/uploads\/2017\/12\/logo-pc-1.png","width":184,"height":86,"caption":"Sarlux"},"image":{"@id":"https:\/\/www.sarlux.saras.it\/it\/#\/schema\/logo\/image\/"}},{"@type":"Person","@id":"https:\/\/www.sarlux.saras.it\/it\/#\/schema\/person\/f369fc2d7dbcc34d69a0975e8fe360af","name":"Alberto Soi","image":{"@type":"ImageObject","inLanguage":"it-IT","@id":"https:\/\/secure.gravatar.com\/avatar\/cc70035cae62a8d1e88cc2ac9d8e48bd174728dd9c5b3730ca1cbcb3eee8991b?s=96&d=mm&r=g","url":"https:\/\/secure.gravatar.com\/avatar\/cc70035cae62a8d1e88cc2ac9d8e48bd174728dd9c5b3730ca1cbcb3eee8991b?s=96&d=mm&r=g","contentUrl":"https:\/\/secure.gravatar.com\/avatar\/cc70035cae62a8d1e88cc2ac9d8e48bd174728dd9c5b3730ca1cbcb3eee8991b?s=96&d=mm&r=g","caption":"Alberto Soi"},"url":""}]}},"_links":{"self":[{"href":"https:\/\/www.sarlux.saras.it\/it\/wp-json\/wp\/v2\/posts\/547581","targetHints":{"allow":["GET"]}}],"collection":[{"href":"https:\/\/www.sarlux.saras.it\/it\/wp-json\/wp\/v2\/posts"}],"about":[{"href":"https:\/\/www.sarlux.saras.it\/it\/wp-json\/wp\/v2\/types\/post"}],"author":[{"embeddable":true,"href":"https:\/\/www.sarlux.saras.it\/it\/wp-json\/wp\/v2\/users\/36"}],"replies":[{"embeddable":true,"href":"https:\/\/www.sarlux.saras.it\/it\/wp-json\/wp\/v2\/comments?post=547581"}],"version-history":[{"count":2,"href":"https:\/\/www.sarlux.saras.it\/it\/wp-json\/wp\/v2\/posts\/547581\/revisions"}],"predecessor-version":[{"id":547585,"href":"https:\/\/www.sarlux.saras.it\/it\/wp-json\/wp\/v2\/posts\/547581\/revisions\/547585"}],"wp:featuredmedia":[{"embeddable":true,"href":"https:\/\/www.sarlux.saras.it\/it\/wp-json\/wp\/v2\/media\/547582"}],"wp:attachment":[{"href":"https:\/\/www.sarlux.saras.it\/it\/wp-json\/wp\/v2\/media?parent=547581"}],"wp:term":[{"taxonomy":"category","embeddable":true,"href":"https:\/\/www.sarlux.saras.it\/it\/wp-json\/wp\/v2\/categories?post=547581"},{"taxonomy":"post_tag","embeddable":true,"href":"https:\/\/www.sarlux.saras.it\/it\/wp-json\/wp\/v2\/tags?post=547581"}],"curies":[{"name":"wp","href":"https:\/\/api.w.org\/{rel}","templated":true}]}}